{"id":310052,"date":"2022-04-04T09:02:34","date_gmt":"2022-04-04T12:02:34","guid":{"rendered":"https:\/\/blogdofarnesio.com.br\/?p=310052"},"modified":"2022-04-01T17:27:34","modified_gmt":"2022-04-01T20:27:34","slug":"19-comunidades-na-zona-rural-de-petrolina-serao-atendidas-este-mes-pela-unidade-de-saude-movel","status":"publish","type":"post","link":"https:\/\/blogdofarnesio.com.br\/?p=310052","title":{"rendered":"19 comunidades na zona rural de Petrolina ser\u00e3o atendidas este m\u00eas pela unidade de sa\u00fade m\u00f3vel"},"content":{"rendered":"<p style=\"font-weight: 400;\">Em abril, a Unidade M\u00f3vel de Atendimento M\u00e9dico da Prefeitura de Petrolina vai atender 19 localidades na \u00e1rea rural do munic\u00edpio. Al\u00e9m de consultas, ser\u00e3o oferecidos servi\u00e7os de aferi\u00e7\u00e3o de press\u00e3o arterial, teste de glicemia, entrega de medicamentos, solicita\u00e7\u00e3o de exames e consultas especializadas, caso necess\u00e1rio.<\/p>\n<p style=\"font-weight: 400;\">O servi\u00e7o come\u00e7a a funcionar \u00e0s 8h e para ser atendido n\u00e3o \u00e9 preciso agendamento, basta comparecer at\u00e9 a unidade m\u00f3vel e apresentar documento com foto, cart\u00e3o SUS ou CPF. O objetivo \u00e9 garantir os servi\u00e7os de sa\u00fade \u00e0s comunidades que ficam nas \u00e1reas mais distantes da cidade e que n\u00e3o possuem Unidades B\u00e1sicas de Sa\u00fade.<\/p>\n<p style=\"font-weight: 400;\">CRONOGRAMA<\/p>\n<p style=\"font-weight: 400;\">Hoje, 04\/04 \u2013 Assentamento Federa\u00e7\u00e3o<\/p>\n<p style=\"font-weight: 400;\">05\/04 \u2013 Almas<\/p>\n<p style=\"font-weight: 400;\">06\/04 \u2013 Cacimba do Bonfim<\/p>\n<p style=\"font-weight: 400;\">07\/04 \u2013 Chapada do Alegre<\/p>\n<p style=\"font-weight: 400;\">08\/04 \u2013 Rio Verde<\/p>\n<p style=\"font-weight: 400;\">11\/04 \u2013 Barra Franca<\/p>\n<p style=\"font-weight: 400;\">12\/04 \u2013 Satisfeito I<\/p>\n<p style=\"font-weight: 400;\">13\/04 \u2013 Bara\u00fana<\/p>\n<p style=\"font-weight: 400;\">14\/04 \u2013 Km 45<\/p>\n<p style=\"font-weight: 400;\">18\/04 \u2013 S\u00edtio Rom\u00e3o<\/p>\n<p style=\"font-weight: 400;\">19\/04 \u2013 Crist\u00e1lia<\/p>\n<p style=\"font-weight: 400;\">20\/04 \u2013 Simpatia<\/p>\n<p style=\"font-weight: 400;\">22\/04 \u2013 Serrote Pelado<\/p>\n<p style=\"font-weight: 400;\">25\/04 \u2013 Bom Jardim<\/p>\n<p style=\"font-weight: 400;\">26\/04 \u2013 S\u00edtio Coelho<\/p>\n<p style=\"font-weight: 400;\">27\/04 \u2013 Assentamento Rio Pontal<\/p>\n<p style=\"font-weight: 400;\">28\/04 \u2013 S\u00edtio Mandacaru<\/p>\n<p style=\"font-weight: 400;\">29\/04 \u2013 \u00c1gua Viva II<\/p>\n<p style=\"font-weight: 400;\">Texto: Jaquelyne Costa<\/p>\n","protected":false},"excerpt":{"rendered":"<p>Em abril, a Unidade M\u00f3vel de Atendimento M\u00e9dico da Prefeitura de Petrolina vai atender 19 localidades na \u00e1rea rural do munic\u00edpio. Al\u00e9m de consultas, ser\u00e3o oferecidos servi\u00e7os de aferi\u00e7\u00e3o de press\u00e3o arterial, teste de glicemia, entrega de medicamentos, solicita\u00e7\u00e3o de exames e consultas especializadas, caso necess\u00e1rio. O servi\u00e7o come\u00e7a a funcionar \u00e0s 8h e para ser atendido n\u00e3o \u00e9 preciso agendamento, basta comparecer at\u00e9 a unidade m\u00f3vel e apresentar documento com foto, cart\u00e3o SUS ou CPF. O objetivo \u00e9 garantir os servi\u00e7os de sa\u00fade \u00e0s comunidades que ficam nas \u00e1reas mais distantes da cidade e que n\u00e3o possuem Unidades B\u00e1sicas de Sa\u00fade. CRONOGRAMA Hoje, 04\/04 \u2013 Assentamento Federa\u00e7\u00e3o 05\/04 \u2013 Almas 06\/04 \u2013 Cacimba do Bonfim 07\/04 \u2013 Chapada do&hellip; <\/p>\n","protected":false},"author":2,"featured_media":292650,"comment_status":"open","ping_status":"open","sticky":false,"template":"","format":"standard","meta":{"_acf_changed":false,"footnotes":""},"categories":[4],"tags":[],"class_list":["post-310052","post","type-post","status-publish","format-standard","has-post-thumbnail","hentry","category-saude"],"acf":[],"yoast_head":"<!-- This site is optimized with the Yoast SEO plugin v27.4 - https:\/\/yoast.com\/product\/yoast-seo-wordpress\/ -->\n<title>19 comunidades na zona rural de Petrolina ser\u00e3o atendidas este m\u00eas pela unidade de sa\u00fade m\u00f3vel - Blog do Farn\u00e9sio<\/title>\n<meta name=\"robots\" content=\"index, follow, max-snippet:-1, max-image-preview:large, max-video-preview:-1\" \/>\n<link rel=\"canonical\" href=\"https:\/\/blogdofarnesio.com.br\/?p=310052\" \/>\n<meta property=\"og:locale\" content=\"pt_BR\" \/>\n<meta property=\"og:type\" content=\"article\" \/>\n<meta property=\"og:title\" content=\"19 comunidades na zona rural de Petrolina ser\u00e3o atendidas este m\u00eas pela unidade de sa\u00fade m\u00f3vel - Blog do Farn\u00e9sio\" \/>\n<meta property=\"og:description\" content=\"Em abril, a Unidade M\u00f3vel de Atendimento M\u00e9dico da Prefeitura de Petrolina vai atender 19 localidades na \u00e1rea rural do munic\u00edpio. Al\u00e9m de consultas, ser\u00e3o oferecidos servi\u00e7os de aferi\u00e7\u00e3o de press\u00e3o arterial, teste de glicemia, entrega de medicamentos, solicita\u00e7\u00e3o de exames e consultas especializadas, caso necess\u00e1rio. O servi\u00e7o come\u00e7a a funcionar \u00e0s 8h e para ser atendido n\u00e3o \u00e9 preciso agendamento, basta comparecer at\u00e9 a unidade m\u00f3vel e apresentar documento com foto, cart\u00e3o SUS ou CPF. O objetivo \u00e9 garantir os servi\u00e7os de sa\u00fade \u00e0s comunidades que ficam nas \u00e1reas mais distantes da cidade e que n\u00e3o possuem Unidades B\u00e1sicas de Sa\u00fade. CRONOGRAMA Hoje, 04\/04 \u2013 Assentamento Federa\u00e7\u00e3o 05\/04 \u2013 Almas 06\/04 \u2013 Cacimba do Bonfim 07\/04 \u2013 Chapada do&hellip;\" \/>\n<meta property=\"og:url\" content=\"https:\/\/blogdofarnesio.com.br\/?p=310052\" \/>\n<meta property=\"og:site_name\" content=\"Blog do Farn\u00e9sio\" \/>\n<meta property=\"article:publisher\" content=\"https:\/\/www.facebook.com\/BlogQuerSaberPolitica\/\" \/>\n<meta property=\"article:author\" content=\"https:\/\/www.facebook.com\/?ref=tn_tnmn\" \/>\n<meta property=\"article:published_time\" content=\"2022-04-04T12:02:34+00:00\" \/>\n<meta property=\"og:image\" content=\"https:\/\/blogdofarnesio.com.br\/wp-content\/uploads\/2021\/08\/blogqsppet-unidade-movel-vacina-influenza.jpeg\" \/>\n\t<meta property=\"og:image:width\" content=\"640\" \/>\n\t<meta property=\"og:image:height\" content=\"360\" \/>\n\t<meta property=\"og:image:type\" content=\"image\/jpeg\" \/>\n<meta name=\"author\" content=\"Farn\u00e9sio\" \/>\n<meta name=\"twitter:card\" content=\"summary_large_image\" \/>\n<meta name=\"twitter:label1\" content=\"Escrito por\" \/>\n\t<meta name=\"twitter:data1\" content=\"Farn\u00e9sio\" \/>\n\t<meta name=\"twitter:label2\" content=\"Est. tempo de leitura\" \/>\n\t<meta name=\"twitter:data2\" content=\"1 minuto\" \/>\n<script type=\"application\/ld+json\" class=\"yoast-schema-graph\">{\"@context\":\"https:\\\/\\\/schema.org\",\"@graph\":[{\"@type\":\"Article\",\"@id\":\"https:\\\/\\\/blogdofarnesio.com.br\\\/?p=310052#article\",\"isPartOf\":{\"@id\":\"https:\\\/\\\/blogdofarnesio.com.br\\\/?p=310052\"},\"author\":{\"name\":\"Farn\u00e9sio\",\"@id\":\"https:\\\/\\\/blogdofarnesio.com.br\\\/#\\\/schema\\\/person\\\/bb9b23ae3ad0609ce8df7b6c9e76824d\"},\"headline\":\"19 comunidades na zona rural de Petrolina ser\u00e3o atendidas este m\u00eas pela unidade de sa\u00fade m\u00f3vel\",\"datePublished\":\"2022-04-04T12:02:34+00:00\",\"mainEntityOfPage\":{\"@id\":\"https:\\\/\\\/blogdofarnesio.com.br\\\/?p=310052\"},\"wordCount\":185,\"commentCount\":0,\"publisher\":{\"@id\":\"https:\\\/\\\/blogdofarnesio.com.br\\\/#organization\"},\"image\":{\"@id\":\"https:\\\/\\\/blogdofarnesio.com.br\\\/?p=310052#primaryimage\"},\"thumbnailUrl\":\"https:\\\/\\\/blogdofarnesio.com.br\\\/wp-content\\\/uploads\\\/2021\\\/08\\\/blogqsppet-unidade-movel-vacina-influenza.jpeg\",\"articleSection\":[\"Sa\u00fade\"],\"inLanguage\":\"pt-BR\",\"potentialAction\":[{\"@type\":\"CommentAction\",\"name\":\"Comment\",\"target\":[\"https:\\\/\\\/blogdofarnesio.com.br\\\/?p=310052#respond\"]}]},{\"@type\":\"WebPage\",\"@id\":\"https:\\\/\\\/blogdofarnesio.com.br\\\/?p=310052\",\"url\":\"https:\\\/\\\/blogdofarnesio.com.br\\\/?p=310052\",\"name\":\"19 comunidades na zona rural de Petrolina ser\u00e3o atendidas este m\u00eas pela unidade de sa\u00fade m\u00f3vel - Blog do Farn\u00e9sio\",\"isPartOf\":{\"@id\":\"https:\\\/\\\/blogdofarnesio.com.br\\\/#website\"},\"primaryImageOfPage\":{\"@id\":\"https:\\\/\\\/blogdofarnesio.com.br\\\/?p=310052#primaryimage\"},\"image\":{\"@id\":\"https:\\\/\\\/blogdofarnesio.com.br\\\/?p=310052#primaryimage\"},\"thumbnailUrl\":\"https:\\\/\\\/blogdofarnesio.com.br\\\/wp-content\\\/uploads\\\/2021\\\/08\\\/blogqsppet-unidade-movel-vacina-influenza.jpeg\",\"datePublished\":\"2022-04-04T12:02:34+00:00\",\"breadcrumb\":{\"@id\":\"https:\\\/\\\/blogdofarnesio.com.br\\\/?p=310052#breadcrumb\"},\"inLanguage\":\"pt-BR\",\"potentialAction\":[{\"@type\":\"ReadAction\",\"target\":[\"https:\\\/\\\/blogdofarnesio.com.br\\\/?p=310052\"]}]},{\"@type\":\"ImageObject\",\"inLanguage\":\"pt-BR\",\"@id\":\"https:\\\/\\\/blogdofarnesio.com.br\\\/?p=310052#primaryimage\",\"url\":\"https:\\\/\\\/blogdofarnesio.com.br\\\/wp-content\\\/uploads\\\/2021\\\/08\\\/blogqsppet-unidade-movel-vacina-influenza.jpeg\",\"contentUrl\":\"https:\\\/\\\/blogdofarnesio.com.br\\\/wp-content\\\/uploads\\\/2021\\\/08\\\/blogqsppet-unidade-movel-vacina-influenza.jpeg\",\"width\":640,\"height\":360},{\"@type\":\"BreadcrumbList\",\"@id\":\"https:\\\/\\\/blogdofarnesio.com.br\\\/?p=310052#breadcrumb\",\"itemListElement\":[{\"@type\":\"ListItem\",\"position\":1,\"name\":\"In\u00edcio\",\"item\":\"https:\\\/\\\/blogdofarnesio.com.br\\\/\"},{\"@type\":\"ListItem\",\"position\":2,\"name\":\"19 comunidades na zona rural de Petrolina ser\u00e3o atendidas este m\u00eas pela unidade de sa\u00fade m\u00f3vel\"}]},{\"@type\":\"WebSite\",\"@id\":\"https:\\\/\\\/blogdofarnesio.com.br\\\/#website\",\"url\":\"https:\\\/\\\/blogdofarnesio.com.br\\\/\",\"name\":\"Blog do Farn\u00e9sio\",\"description\":\"Quer Saber Pol\u00edtica?\",\"publisher\":{\"@id\":\"https:\\\/\\\/blogdofarnesio.com.br\\\/#organization\"},\"potentialAction\":[{\"@type\":\"SearchAction\",\"target\":{\"@type\":\"EntryPoint\",\"urlTemplate\":\"https:\\\/\\\/blogdofarnesio.com.br\\\/?s={search_term_string}\"},\"query-input\":{\"@type\":\"PropertyValueSpecification\",\"valueRequired\":true,\"valueName\":\"search_term_string\"}}],\"inLanguage\":\"pt-BR\"},{\"@type\":\"Organization\",\"@id\":\"https:\\\/\\\/blogdofarnesio.com.br\\\/#organization\",\"name\":\"Blog do Farn\u00e9sio\",\"url\":\"https:\\\/\\\/blogdofarnesio.com.br\\\/\",\"logo\":{\"@type\":\"ImageObject\",\"inLanguage\":\"pt-BR\",\"@id\":\"https:\\\/\\\/blogdofarnesio.com.br\\\/#\\\/schema\\\/logo\\\/image\\\/\",\"url\":\"https:\\\/\\\/blogdofarnesio.com.br\\\/wp-content\\\/uploads\\\/2026\\\/03\\\/cropped-logo_new-1.png\",\"contentUrl\":\"https:\\\/\\\/blogdofarnesio.com.br\\\/wp-content\\\/uploads\\\/2026\\\/03\\\/cropped-logo_new-1.png\",\"width\":881,\"height\":685,\"caption\":\"Blog do Farn\u00e9sio\"},\"image\":{\"@id\":\"https:\\\/\\\/blogdofarnesio.com.br\\\/#\\\/schema\\\/logo\\\/image\\\/\"},\"sameAs\":[\"https:\\\/\\\/www.facebook.com\\\/BlogQuerSaberPolitica\\\/\"]},{\"@type\":\"Person\",\"@id\":\"https:\\\/\\\/blogdofarnesio.com.br\\\/#\\\/schema\\\/person\\\/bb9b23ae3ad0609ce8df7b6c9e76824d\",\"name\":\"Farn\u00e9sio\",\"image\":{\"@type\":\"ImageObject\",\"inLanguage\":\"pt-BR\",\"@id\":\"https:\\\/\\\/secure.gravatar.com\\\/avatar\\\/986aa4c61ccdb66f8555bf88fc2a65609d00bcabd4d2d94377a727547345cbca?s=96&d=mm&r=g\",\"url\":\"https:\\\/\\\/secure.gravatar.com\\\/avatar\\\/986aa4c61ccdb66f8555bf88fc2a65609d00bcabd4d2d94377a727547345cbca?s=96&d=mm&r=g\",\"contentUrl\":\"https:\\\/\\\/secure.gravatar.com\\\/avatar\\\/986aa4c61ccdb66f8555bf88fc2a65609d00bcabd4d2d94377a727547345cbca?s=96&d=mm&r=g\",\"caption\":\"Farn\u00e9sio\"},\"description\":\"Radialista blogueiro, chegou a Petrolina\\\/Juazeiro em setembro de 1980, Farn\u00e9sio Silva \u00e9 de Arapiraca-Alagoas.\",\"sameAs\":[\"http:\\\/\\\/blogdofarnesio.com.br\",\"https:\\\/\\\/www.facebook.com\\\/?ref=tn_tnmn\",\"https:\\\/\\\/www.instagram.com\\\/?utm_source=pwa_homescreen\",\"https:\\\/\\\/youtube.com.br\\\/\"],\"url\":\"https:\\\/\\\/blogdofarnesio.com.br\\\/?author=2\"}]}<\/script>\n<!-- \/ Yoast SEO plugin. -->","yoast_head_json":{"title":"19 comunidades na zona rural de Petrolina ser\u00e3o atendidas este m\u00eas pela unidade de sa\u00fade m\u00f3vel - Blog do Farn\u00e9sio","robots":{"index":"index","follow":"follow","max-snippet":"max-snippet:-1","max-image-preview":"max-image-preview:large","max-video-preview":"max-video-preview:-1"},"canonical":"https:\/\/blogdofarnesio.com.br\/?p=310052","og_locale":"pt_BR","og_type":"article","og_title":"19 comunidades na zona rural de Petrolina ser\u00e3o atendidas este m\u00eas pela unidade de sa\u00fade m\u00f3vel - Blog do Farn\u00e9sio","og_description":"Em abril, a Unidade M\u00f3vel de Atendimento M\u00e9dico da Prefeitura de Petrolina vai atender 19 localidades na \u00e1rea rural do munic\u00edpio. Al\u00e9m de consultas, ser\u00e3o oferecidos servi\u00e7os de aferi\u00e7\u00e3o de press\u00e3o arterial, teste de glicemia, entrega de medicamentos, solicita\u00e7\u00e3o de exames e consultas especializadas, caso necess\u00e1rio. O servi\u00e7o come\u00e7a a funcionar \u00e0s 8h e para ser atendido n\u00e3o \u00e9 preciso agendamento, basta comparecer at\u00e9 a unidade m\u00f3vel e apresentar documento com foto, cart\u00e3o SUS ou CPF. O objetivo \u00e9 garantir os servi\u00e7os de sa\u00fade \u00e0s comunidades que ficam nas \u00e1reas mais distantes da cidade e que n\u00e3o possuem Unidades B\u00e1sicas de Sa\u00fade. CRONOGRAMA Hoje, 04\/04 \u2013 Assentamento Federa\u00e7\u00e3o 05\/04 \u2013 Almas 06\/04 \u2013 Cacimba do Bonfim 07\/04 \u2013 Chapada do&hellip;","og_url":"https:\/\/blogdofarnesio.com.br\/?p=310052","og_site_name":"Blog do Farn\u00e9sio","article_publisher":"https:\/\/www.facebook.com\/BlogQuerSaberPolitica\/","article_author":"https:\/\/www.facebook.com\/?ref=tn_tnmn","article_published_time":"2022-04-04T12:02:34+00:00","og_image":[{"width":640,"height":360,"url":"https:\/\/blogdofarnesio.com.br\/wp-content\/uploads\/2021\/08\/blogqsppet-unidade-movel-vacina-influenza.jpeg","type":"image\/jpeg"}],"author":"Farn\u00e9sio","twitter_card":"summary_large_image","twitter_misc":{"Escrito por":"Farn\u00e9sio","Est. tempo de leitura":"1 minuto"},"schema":{"@context":"https:\/\/schema.org","@graph":[{"@type":"Article","@id":"https:\/\/blogdofarnesio.com.br\/?p=310052#article","isPartOf":{"@id":"https:\/\/blogdofarnesio.com.br\/?p=310052"},"author":{"name":"Farn\u00e9sio","@id":"https:\/\/blogdofarnesio.com.br\/#\/schema\/person\/bb9b23ae3ad0609ce8df7b6c9e76824d"},"headline":"19 comunidades na zona rural de Petrolina ser\u00e3o atendidas este m\u00eas pela unidade de sa\u00fade m\u00f3vel","datePublished":"2022-04-04T12:02:34+00:00","mainEntityOfPage":{"@id":"https:\/\/blogdofarnesio.com.br\/?p=310052"},"wordCount":185,"commentCount":0,"publisher":{"@id":"https:\/\/blogdofarnesio.com.br\/#organization"},"image":{"@id":"https:\/\/blogdofarnesio.com.br\/?p=310052#primaryimage"},"thumbnailUrl":"https:\/\/blogdofarnesio.com.br\/wp-content\/uploads\/2021\/08\/blogqsppet-unidade-movel-vacina-influenza.jpeg","articleSection":["Sa\u00fade"],"inLanguage":"pt-BR","potentialAction":[{"@type":"CommentAction","name":"Comment","target":["https:\/\/blogdofarnesio.com.br\/?p=310052#respond"]}]},{"@type":"WebPage","@id":"https:\/\/blogdofarnesio.com.br\/?p=310052","url":"https:\/\/blogdofarnesio.com.br\/?p=310052","name":"19 comunidades na zona rural de Petrolina ser\u00e3o atendidas este m\u00eas pela unidade de sa\u00fade m\u00f3vel - Blog do Farn\u00e9sio","isPartOf":{"@id":"https:\/\/blogdofarnesio.com.br\/#website"},"primaryImageOfPage":{"@id":"https:\/\/blogdofarnesio.com.br\/?p=310052#primaryimage"},"image":{"@id":"https:\/\/blogdofarnesio.com.br\/?p=310052#primaryimage"},"thumbnailUrl":"https:\/\/blogdofarnesio.com.br\/wp-content\/uploads\/2021\/08\/blogqsppet-unidade-movel-vacina-influenza.jpeg","datePublished":"2022-04-04T12:02:34+00:00","breadcrumb":{"@id":"https:\/\/blogdofarnesio.com.br\/?p=310052#breadcrumb"},"inLanguage":"pt-BR","potentialAction":[{"@type":"ReadAction","target":["https:\/\/blogdofarnesio.com.br\/?p=310052"]}]},{"@type":"ImageObject","inLanguage":"pt-BR","@id":"https:\/\/blogdofarnesio.com.br\/?p=310052#primaryimage","url":"https:\/\/blogdofarnesio.com.br\/wp-content\/uploads\/2021\/08\/blogqsppet-unidade-movel-vacina-influenza.jpeg","contentUrl":"https:\/\/blogdofarnesio.com.br\/wp-content\/uploads\/2021\/08\/blogqsppet-unidade-movel-vacina-influenza.jpeg","width":640,"height":360},{"@type":"BreadcrumbList","@id":"https:\/\/blogdofarnesio.com.br\/?p=310052#breadcrumb","itemListElement":[{"@type":"ListItem","position":1,"name":"In\u00edcio","item":"https:\/\/blogdofarnesio.com.br\/"},{"@type":"ListItem","position":2,"name":"19 comunidades na zona rural de Petrolina ser\u00e3o atendidas este m\u00eas pela unidade de sa\u00fade m\u00f3vel"}]},{"@type":"WebSite","@id":"https:\/\/blogdofarnesio.com.br\/#website","url":"https:\/\/blogdofarnesio.com.br\/","name":"Blog do Farn\u00e9sio","description":"Quer Saber Pol\u00edtica?","publisher":{"@id":"https:\/\/blogdofarnesio.com.br\/#organization"},"potentialAction":[{"@type":"SearchAction","target":{"@type":"EntryPoint","urlTemplate":"https:\/\/blogdofarnesio.com.br\/?s={search_term_string}"},"query-input":{"@type":"PropertyValueSpecification","valueRequired":true,"valueName":"search_term_string"}}],"inLanguage":"pt-BR"},{"@type":"Organization","@id":"https:\/\/blogdofarnesio.com.br\/#organization","name":"Blog do Farn\u00e9sio","url":"https:\/\/blogdofarnesio.com.br\/","logo":{"@type":"ImageObject","inLanguage":"pt-BR","@id":"https:\/\/blogdofarnesio.com.br\/#\/schema\/logo\/image\/","url":"https:\/\/blogdofarnesio.com.br\/wp-content\/uploads\/2026\/03\/cropped-logo_new-1.png","contentUrl":"https:\/\/blogdofarnesio.com.br\/wp-content\/uploads\/2026\/03\/cropped-logo_new-1.png","width":881,"height":685,"caption":"Blog do Farn\u00e9sio"},"image":{"@id":"https:\/\/blogdofarnesio.com.br\/#\/schema\/logo\/image\/"},"sameAs":["https:\/\/www.facebook.com\/BlogQuerSaberPolitica\/"]},{"@type":"Person","@id":"https:\/\/blogdofarnesio.com.br\/#\/schema\/person\/bb9b23ae3ad0609ce8df7b6c9e76824d","name":"Farn\u00e9sio","image":{"@type":"ImageObject","inLanguage":"pt-BR","@id":"https:\/\/secure.gravatar.com\/avatar\/986aa4c61ccdb66f8555bf88fc2a65609d00bcabd4d2d94377a727547345cbca?s=96&d=mm&r=g","url":"https:\/\/secure.gravatar.com\/avatar\/986aa4c61ccdb66f8555bf88fc2a65609d00bcabd4d2d94377a727547345cbca?s=96&d=mm&r=g","contentUrl":"https:\/\/secure.gravatar.com\/avatar\/986aa4c61ccdb66f8555bf88fc2a65609d00bcabd4d2d94377a727547345cbca?s=96&d=mm&r=g","caption":"Farn\u00e9sio"},"description":"Radialista blogueiro, chegou a Petrolina\/Juazeiro em setembro de 1980, Farn\u00e9sio Silva \u00e9 de Arapiraca-Alagoas.","sameAs":["http:\/\/blogdofarnesio.com.br","https:\/\/www.facebook.com\/?ref=tn_tnmn","https:\/\/www.instagram.com\/?utm_source=pwa_homescreen","https:\/\/youtube.com.br\/"],"url":"https:\/\/blogdofarnesio.com.br\/?author=2"}]}},"_links":{"self":[{"href":"https:\/\/blogdofarnesio.com.br\/index.php?rest_route=\/wp\/v2\/posts\/310052","targetHints":{"allow":["GET"]}}],"collection":[{"href":"https:\/\/blogdofarnesio.com.br\/index.php?rest_route=\/wp\/v2\/posts"}],"about":[{"href":"https:\/\/blogdofarnesio.com.br\/index.php?rest_route=\/wp\/v2\/types\/post"}],"author":[{"embeddable":true,"href":"https:\/\/blogdofarnesio.com.br\/index.php?rest_route=\/wp\/v2\/users\/2"}],"replies":[{"embeddable":true,"href":"https:\/\/blogdofarnesio.com.br\/index.php?rest_route=%2Fwp%2Fv2%2Fcomments&post=310052"}],"version-history":[{"count":0,"href":"https:\/\/blogdofarnesio.com.br\/index.php?rest_route=\/wp\/v2\/posts\/310052\/revisions"}],"wp:featuredmedia":[{"embeddable":true,"href":"https:\/\/blogdofarnesio.com.br\/index.php?rest_route=\/wp\/v2\/media\/292650"}],"wp:attachment":[{"href":"https:\/\/blogdofarnesio.com.br\/index.php?rest_route=%2Fwp%2Fv2%2Fmedia&parent=310052"}],"wp:term":[{"taxonomy":"category","embeddable":true,"href":"https:\/\/blogdofarnesio.com.br\/index.php?rest_route=%2Fwp%2Fv2%2Fcategories&post=310052"},{"taxonomy":"post_tag","embeddable":true,"href":"https:\/\/blogdofarnesio.com.br\/index.php?rest_route=%2Fwp%2Fv2%2Ftags&post=310052"}],"curies":[{"name":"wp","href":"https:\/\/api.w.org\/{rel}","templated":true}]}}