{"id":310041,"date":"2022-04-04T08:42:05","date_gmt":"2022-04-04T11:42:05","guid":{"rendered":"https:\/\/blogdofarnesio.com.br\/?p=310041"},"modified":"2022-04-02T08:08:20","modified_gmt":"2022-04-02T11:08:20","slug":"cidade-de-ouricuri-sera-contemplada-com-campus-da-upe","status":"publish","type":"post","link":"https:\/\/blogdofarnesio.com.br\/2022\/04\/cidade-de-ouricuri-sera-contemplada-com-campus-da-upe\/","title":{"rendered":"Cidade de Ouricuri ser\u00e1 contemplada com campus da UPE"},"content":{"rendered":"<div class=\"entry-content clearfix\">\n<p>O Conselho Universit\u00e1rio (CONSUN) da UPE aprovou quinta-feira, 31, a implanta\u00e7\u00e3o de um campus da institui\u00e7\u00e3o em Ouricuri, no Sert\u00e3o do Araripe. Ter uma unidade da universidade estadual era um antigo sonho dos moradores da regi\u00e3o, que agora se torna realidade. O campus foi criado atrav\u00e9s da Resolu\u00e7\u00e3o CONSUN n\u00ba 07\/2022.<\/p>\n<p><img loading=\"lazy\" decoding=\"async\" class=\"aligncenter wp-image-310042 size-full\" src=\"https:\/\/blogdofarnesio.com.br\/wp-content\/uploads\/2022\/04\/UPEemOuricuri.jpg\" alt=\"\" width=\"530\" height=\"315\" srcset=\"https:\/\/blogdofarnesio.com.br\/wp-content\/uploads\/2022\/04\/UPEemOuricuri.jpg 530w, https:\/\/blogdofarnesio.com.br\/wp-content\/uploads\/2022\/04\/UPEemOuricuri-300x178.jpg 300w\" sizes=\"auto, (max-width: 530px) 100vw, 530px\" \/>Uma mensagem comemorativa foi publicada pelo prefeito Ricardo Ramos nas redes sociais na noite de ontem. \u201cHoje estou muito feliz, pois sei que esta conquista ir\u00e1 qualificar a vida do nosso povo, sobretudo da juventude estudantil. Fica aqui o meu abra\u00e7o a todos, na certeza que o futuro se faz no presente\u201d, escreveu.<\/p>\n<p>Segundo a Secretaria Estadual de Ci\u00eancia, Tecnologia e Inova\u00e7\u00e3o, a qual a UPE \u00e9 vinculada, o Campus Ouricuri receber\u00e1 investimentos de R$ 2,84 milh\u00f5es para sua instala\u00e7\u00e3o. Come\u00e7ar\u00e1 a funcionar com curso de Enfermagem, em regime integral, ofertando 30 vagas por ano.<\/p>\n<\/div>\n","protected":false},"excerpt":{"rendered":"<p>O Conselho Universit\u00e1rio (CONSUN) da UPE aprovou quinta-feira, 31, a implanta\u00e7\u00e3o de um campus da institui\u00e7\u00e3o em Ouricuri, no Sert\u00e3o do Araripe. Ter uma unidade da universidade estadual era um antigo sonho dos moradores da regi\u00e3o, que agora se torna realidade. O campus foi criado atrav\u00e9s da Resolu\u00e7\u00e3o CONSUN n\u00ba 07\/2022. Uma mensagem comemorativa foi publicada pelo prefeito Ricardo Ramos nas redes sociais na noite de ontem. \u201cHoje estou muito feliz, pois sei que esta conquista ir\u00e1 qualificar a vida do nosso povo, sobretudo da juventude estudantil. Fica aqui o meu abra\u00e7o a todos, na certeza que o futuro se faz no presente\u201d, escreveu. Segundo a Secretaria Estadual de Ci\u00eancia, Tecnologia e Inova\u00e7\u00e3o, a qual a UPE \u00e9 vinculada, o&hellip; <\/p>\n","protected":false},"author":2,"featured_media":145070,"comment_status":"open","ping_status":"open","sticky":false,"template":"","format":"standard","meta":{"_acf_changed":false,"footnotes":""},"categories":[27],"tags":[],"class_list":["post-310041","post","type-post","status-publish","format-standard","has-post-thumbnail","hentry","category-cidades"],"acf":[],"yoast_head":"<!-- This site is optimized with the Yoast SEO plugin v27.5 - https:\/\/yoast.com\/product\/yoast-seo-wordpress\/ -->\n<title>Cidade de Ouricuri ser\u00e1 contemplada com campus da UPE - Blog do Farn\u00e9sio<\/title>\n<meta name=\"robots\" content=\"index, follow, max-snippet:-1, max-image-preview:large, max-video-preview:-1\" \/>\n<link rel=\"canonical\" href=\"https:\/\/blogdofarnesio.com.br\/2022\/04\/cidade-de-ouricuri-sera-contemplada-com-campus-da-upe\/\" \/>\n<meta property=\"og:locale\" content=\"pt_BR\" \/>\n<meta property=\"og:type\" content=\"article\" \/>\n<meta property=\"og:title\" content=\"Cidade de Ouricuri ser\u00e1 contemplada com campus da UPE - Blog do Farn\u00e9sio\" \/>\n<meta property=\"og:description\" content=\"O Conselho Universit\u00e1rio (CONSUN) da UPE aprovou quinta-feira, 31, a implanta\u00e7\u00e3o de um campus da institui\u00e7\u00e3o em Ouricuri, no Sert\u00e3o do Araripe. Ter uma unidade da universidade estadual era um antigo sonho dos moradores da regi\u00e3o, que agora se torna realidade. O campus foi criado atrav\u00e9s da Resolu\u00e7\u00e3o CONSUN n\u00ba 07\/2022. Uma mensagem comemorativa foi publicada pelo prefeito Ricardo Ramos nas redes sociais na noite de ontem. \u201cHoje estou muito feliz, pois sei que esta conquista ir\u00e1 qualificar a vida do nosso povo, sobretudo da juventude estudantil. Fica aqui o meu abra\u00e7o a todos, na certeza que o futuro se faz no presente\u201d, escreveu. Segundo a Secretaria Estadual de Ci\u00eancia, Tecnologia e Inova\u00e7\u00e3o, a qual a UPE \u00e9 vinculada, o&hellip;\" \/>\n<meta property=\"og:url\" content=\"https:\/\/blogdofarnesio.com.br\/2022\/04\/cidade-de-ouricuri-sera-contemplada-com-campus-da-upe\/\" \/>\n<meta property=\"og:site_name\" content=\"Blog do Farn\u00e9sio\" \/>\n<meta property=\"article:publisher\" content=\"https:\/\/www.facebook.com\/BlogQuerSaberPolitica\/\" \/>\n<meta property=\"article:author\" content=\"https:\/\/www.facebook.com\/?ref=tn_tnmn\" \/>\n<meta property=\"article:published_time\" content=\"2022-04-04T11:42:05+00:00\" \/>\n<meta property=\"og:image\" content=\"https:\/\/blogdofarnesio.com.br\/wp-content\/uploads\/2016\/07\/blogqspOuricuri.jpg\" \/>\n\t<meta property=\"og:image:width\" content=\"601\" \/>\n\t<meta property=\"og:image:height\" content=\"244\" \/>\n\t<meta property=\"og:image:type\" content=\"image\/jpeg\" \/>\n<meta name=\"author\" content=\"Farn\u00e9sio\" \/>\n<meta name=\"twitter:card\" content=\"summary_large_image\" \/>\n<meta name=\"twitter:label1\" content=\"Escrito por\" \/>\n\t<meta name=\"twitter:data1\" content=\"Farn\u00e9sio\" \/>\n\t<meta name=\"twitter:label2\" content=\"Est. tempo de leitura\" \/>\n\t<meta name=\"twitter:data2\" content=\"2 minutos\" \/>\n<script type=\"application\/ld+json\" class=\"yoast-schema-graph\">{\"@context\":\"https:\\\/\\\/schema.org\",\"@graph\":[{\"@type\":\"Article\",\"@id\":\"https:\\\/\\\/blogdofarnesio.com.br\\\/2022\\\/04\\\/cidade-de-ouricuri-sera-contemplada-com-campus-da-upe\\\/#article\",\"isPartOf\":{\"@id\":\"https:\\\/\\\/blogdofarnesio.com.br\\\/2022\\\/04\\\/cidade-de-ouricuri-sera-contemplada-com-campus-da-upe\\\/\"},\"author\":{\"name\":\"Farn\u00e9sio\",\"@id\":\"https:\\\/\\\/blogdofarnesio.com.br\\\/#\\\/schema\\\/person\\\/bb9b23ae3ad0609ce8df7b6c9e76824d\"},\"headline\":\"Cidade de Ouricuri ser\u00e1 contemplada com campus da UPE\",\"datePublished\":\"2022-04-04T11:42:05+00:00\",\"mainEntityOfPage\":{\"@id\":\"https:\\\/\\\/blogdofarnesio.com.br\\\/2022\\\/04\\\/cidade-de-ouricuri-sera-contemplada-com-campus-da-upe\\\/\"},\"wordCount\":163,\"commentCount\":0,\"publisher\":{\"@id\":\"https:\\\/\\\/blogdofarnesio.com.br\\\/#organization\"},\"image\":{\"@id\":\"https:\\\/\\\/blogdofarnesio.com.br\\\/2022\\\/04\\\/cidade-de-ouricuri-sera-contemplada-com-campus-da-upe\\\/#primaryimage\"},\"thumbnailUrl\":\"https:\\\/\\\/blogdofarnesio.com.br\\\/wp-content\\\/uploads\\\/2016\\\/07\\\/blogqspOuricuri.jpg\",\"articleSection\":[\"Cidades\"],\"inLanguage\":\"pt-BR\",\"potentialAction\":[{\"@type\":\"CommentAction\",\"name\":\"Comment\",\"target\":[\"https:\\\/\\\/blogdofarnesio.com.br\\\/2022\\\/04\\\/cidade-de-ouricuri-sera-contemplada-com-campus-da-upe\\\/#respond\"]}]},{\"@type\":\"WebPage\",\"@id\":\"https:\\\/\\\/blogdofarnesio.com.br\\\/2022\\\/04\\\/cidade-de-ouricuri-sera-contemplada-com-campus-da-upe\\\/\",\"url\":\"https:\\\/\\\/blogdofarnesio.com.br\\\/2022\\\/04\\\/cidade-de-ouricuri-sera-contemplada-com-campus-da-upe\\\/\",\"name\":\"Cidade de Ouricuri ser\u00e1 contemplada com campus da UPE - Blog do Farn\u00e9sio\",\"isPartOf\":{\"@id\":\"https:\\\/\\\/blogdofarnesio.com.br\\\/#website\"},\"primaryImageOfPage\":{\"@id\":\"https:\\\/\\\/blogdofarnesio.com.br\\\/2022\\\/04\\\/cidade-de-ouricuri-sera-contemplada-com-campus-da-upe\\\/#primaryimage\"},\"image\":{\"@id\":\"https:\\\/\\\/blogdofarnesio.com.br\\\/2022\\\/04\\\/cidade-de-ouricuri-sera-contemplada-com-campus-da-upe\\\/#primaryimage\"},\"thumbnailUrl\":\"https:\\\/\\\/blogdofarnesio.com.br\\\/wp-content\\\/uploads\\\/2016\\\/07\\\/blogqspOuricuri.jpg\",\"datePublished\":\"2022-04-04T11:42:05+00:00\",\"breadcrumb\":{\"@id\":\"https:\\\/\\\/blogdofarnesio.com.br\\\/2022\\\/04\\\/cidade-de-ouricuri-sera-contemplada-com-campus-da-upe\\\/#breadcrumb\"},\"inLanguage\":\"pt-BR\",\"potentialAction\":[{\"@type\":\"ReadAction\",\"target\":[\"https:\\\/\\\/blogdofarnesio.com.br\\\/2022\\\/04\\\/cidade-de-ouricuri-sera-contemplada-com-campus-da-upe\\\/\"]}]},{\"@type\":\"ImageObject\",\"inLanguage\":\"pt-BR\",\"@id\":\"https:\\\/\\\/blogdofarnesio.com.br\\\/2022\\\/04\\\/cidade-de-ouricuri-sera-contemplada-com-campus-da-upe\\\/#primaryimage\",\"url\":\"https:\\\/\\\/blogdofarnesio.com.br\\\/wp-content\\\/uploads\\\/2016\\\/07\\\/blogqspOuricuri.jpg\",\"contentUrl\":\"https:\\\/\\\/blogdofarnesio.com.br\\\/wp-content\\\/uploads\\\/2016\\\/07\\\/blogqspOuricuri.jpg\",\"width\":601,\"height\":244},{\"@type\":\"BreadcrumbList\",\"@id\":\"https:\\\/\\\/blogdofarnesio.com.br\\\/2022\\\/04\\\/cidade-de-ouricuri-sera-contemplada-com-campus-da-upe\\\/#breadcrumb\",\"itemListElement\":[{\"@type\":\"ListItem\",\"position\":1,\"name\":\"In\u00edcio\",\"item\":\"https:\\\/\\\/blogdofarnesio.com.br\\\/\"},{\"@type\":\"ListItem\",\"position\":2,\"name\":\"Cidade de Ouricuri ser\u00e1 contemplada com campus da UPE\"}]},{\"@type\":\"WebSite\",\"@id\":\"https:\\\/\\\/blogdofarnesio.com.br\\\/#website\",\"url\":\"https:\\\/\\\/blogdofarnesio.com.br\\\/\",\"name\":\"Blog do Farn\u00e9sio\",\"description\":\"Quer Saber Pol\u00edtica?\",\"publisher\":{\"@id\":\"https:\\\/\\\/blogdofarnesio.com.br\\\/#organization\"},\"potentialAction\":[{\"@type\":\"SearchAction\",\"target\":{\"@type\":\"EntryPoint\",\"urlTemplate\":\"https:\\\/\\\/blogdofarnesio.com.br\\\/?s={search_term_string}\"},\"query-input\":{\"@type\":\"PropertyValueSpecification\",\"valueRequired\":true,\"valueName\":\"search_term_string\"}}],\"inLanguage\":\"pt-BR\"},{\"@type\":\"Organization\",\"@id\":\"https:\\\/\\\/blogdofarnesio.com.br\\\/#organization\",\"name\":\"Blog do Farn\u00e9sio\",\"url\":\"https:\\\/\\\/blogdofarnesio.com.br\\\/\",\"logo\":{\"@type\":\"ImageObject\",\"inLanguage\":\"pt-BR\",\"@id\":\"https:\\\/\\\/blogdofarnesio.com.br\\\/#\\\/schema\\\/logo\\\/image\\\/\",\"url\":\"https:\\\/\\\/blogdofarnesio.com.br\\\/wp-content\\\/uploads\\\/2026\\\/03\\\/cropped-logo_new-1.png\",\"contentUrl\":\"https:\\\/\\\/blogdofarnesio.com.br\\\/wp-content\\\/uploads\\\/2026\\\/03\\\/cropped-logo_new-1.png\",\"width\":881,\"height\":685,\"caption\":\"Blog do Farn\u00e9sio\"},\"image\":{\"@id\":\"https:\\\/\\\/blogdofarnesio.com.br\\\/#\\\/schema\\\/logo\\\/image\\\/\"},\"sameAs\":[\"https:\\\/\\\/www.facebook.com\\\/BlogQuerSaberPolitica\\\/\"]},{\"@type\":\"Person\",\"@id\":\"https:\\\/\\\/blogdofarnesio.com.br\\\/#\\\/schema\\\/person\\\/bb9b23ae3ad0609ce8df7b6c9e76824d\",\"name\":\"Farn\u00e9sio\",\"image\":{\"@type\":\"ImageObject\",\"inLanguage\":\"pt-BR\",\"@id\":\"https:\\\/\\\/secure.gravatar.com\\\/avatar\\\/986aa4c61ccdb66f8555bf88fc2a65609d00bcabd4d2d94377a727547345cbca?s=96&d=mm&r=g\",\"url\":\"https:\\\/\\\/secure.gravatar.com\\\/avatar\\\/986aa4c61ccdb66f8555bf88fc2a65609d00bcabd4d2d94377a727547345cbca?s=96&d=mm&r=g\",\"contentUrl\":\"https:\\\/\\\/secure.gravatar.com\\\/avatar\\\/986aa4c61ccdb66f8555bf88fc2a65609d00bcabd4d2d94377a727547345cbca?s=96&d=mm&r=g\",\"caption\":\"Farn\u00e9sio\"},\"description\":\"Radialista blogueiro, chegou a Petrolina\\\/Juazeiro em setembro de 1980, Farn\u00e9sio Silva \u00e9 de Arapiraca-Alagoas.\",\"sameAs\":[\"http:\\\/\\\/blogdofarnesio.com.br\",\"https:\\\/\\\/www.facebook.com\\\/?ref=tn_tnmn\",\"https:\\\/\\\/www.instagram.com\\\/?utm_source=pwa_homescreen\",\"https:\\\/\\\/youtube.com.br\\\/\"],\"url\":\"https:\\\/\\\/blogdofarnesio.com.br\\\/author\\\/farnesio-2\\\/\"}]}<\/script>\n<!-- \/ Yoast SEO plugin. -->","yoast_head_json":{"title":"Cidade de Ouricuri ser\u00e1 contemplada com campus da UPE - Blog do Farn\u00e9sio","robots":{"index":"index","follow":"follow","max-snippet":"max-snippet:-1","max-image-preview":"max-image-preview:large","max-video-preview":"max-video-preview:-1"},"canonical":"https:\/\/blogdofarnesio.com.br\/2022\/04\/cidade-de-ouricuri-sera-contemplada-com-campus-da-upe\/","og_locale":"pt_BR","og_type":"article","og_title":"Cidade de Ouricuri ser\u00e1 contemplada com campus da UPE - Blog do Farn\u00e9sio","og_description":"O Conselho Universit\u00e1rio (CONSUN) da UPE aprovou quinta-feira, 31, a implanta\u00e7\u00e3o de um campus da institui\u00e7\u00e3o em Ouricuri, no Sert\u00e3o do Araripe. Ter uma unidade da universidade estadual era um antigo sonho dos moradores da regi\u00e3o, que agora se torna realidade. O campus foi criado atrav\u00e9s da Resolu\u00e7\u00e3o CONSUN n\u00ba 07\/2022. Uma mensagem comemorativa foi publicada pelo prefeito Ricardo Ramos nas redes sociais na noite de ontem. \u201cHoje estou muito feliz, pois sei que esta conquista ir\u00e1 qualificar a vida do nosso povo, sobretudo da juventude estudantil. Fica aqui o meu abra\u00e7o a todos, na certeza que o futuro se faz no presente\u201d, escreveu. Segundo a Secretaria Estadual de Ci\u00eancia, Tecnologia e Inova\u00e7\u00e3o, a qual a UPE \u00e9 vinculada, o&hellip;","og_url":"https:\/\/blogdofarnesio.com.br\/2022\/04\/cidade-de-ouricuri-sera-contemplada-com-campus-da-upe\/","og_site_name":"Blog do Farn\u00e9sio","article_publisher":"https:\/\/www.facebook.com\/BlogQuerSaberPolitica\/","article_author":"https:\/\/www.facebook.com\/?ref=tn_tnmn","article_published_time":"2022-04-04T11:42:05+00:00","og_image":[{"width":601,"height":244,"url":"https:\/\/blogdofarnesio.com.br\/wp-content\/uploads\/2016\/07\/blogqspOuricuri.jpg","type":"image\/jpeg"}],"author":"Farn\u00e9sio","twitter_card":"summary_large_image","twitter_misc":{"Escrito por":"Farn\u00e9sio","Est. tempo de leitura":"2 minutos"},"schema":{"@context":"https:\/\/schema.org","@graph":[{"@type":"Article","@id":"https:\/\/blogdofarnesio.com.br\/2022\/04\/cidade-de-ouricuri-sera-contemplada-com-campus-da-upe\/#article","isPartOf":{"@id":"https:\/\/blogdofarnesio.com.br\/2022\/04\/cidade-de-ouricuri-sera-contemplada-com-campus-da-upe\/"},"author":{"name":"Farn\u00e9sio","@id":"https:\/\/blogdofarnesio.com.br\/#\/schema\/person\/bb9b23ae3ad0609ce8df7b6c9e76824d"},"headline":"Cidade de Ouricuri ser\u00e1 contemplada com campus da UPE","datePublished":"2022-04-04T11:42:05+00:00","mainEntityOfPage":{"@id":"https:\/\/blogdofarnesio.com.br\/2022\/04\/cidade-de-ouricuri-sera-contemplada-com-campus-da-upe\/"},"wordCount":163,"commentCount":0,"publisher":{"@id":"https:\/\/blogdofarnesio.com.br\/#organization"},"image":{"@id":"https:\/\/blogdofarnesio.com.br\/2022\/04\/cidade-de-ouricuri-sera-contemplada-com-campus-da-upe\/#primaryimage"},"thumbnailUrl":"https:\/\/blogdofarnesio.com.br\/wp-content\/uploads\/2016\/07\/blogqspOuricuri.jpg","articleSection":["Cidades"],"inLanguage":"pt-BR","potentialAction":[{"@type":"CommentAction","name":"Comment","target":["https:\/\/blogdofarnesio.com.br\/2022\/04\/cidade-de-ouricuri-sera-contemplada-com-campus-da-upe\/#respond"]}]},{"@type":"WebPage","@id":"https:\/\/blogdofarnesio.com.br\/2022\/04\/cidade-de-ouricuri-sera-contemplada-com-campus-da-upe\/","url":"https:\/\/blogdofarnesio.com.br\/2022\/04\/cidade-de-ouricuri-sera-contemplada-com-campus-da-upe\/","name":"Cidade de Ouricuri ser\u00e1 contemplada com campus da UPE - Blog do Farn\u00e9sio","isPartOf":{"@id":"https:\/\/blogdofarnesio.com.br\/#website"},"primaryImageOfPage":{"@id":"https:\/\/blogdofarnesio.com.br\/2022\/04\/cidade-de-ouricuri-sera-contemplada-com-campus-da-upe\/#primaryimage"},"image":{"@id":"https:\/\/blogdofarnesio.com.br\/2022\/04\/cidade-de-ouricuri-sera-contemplada-com-campus-da-upe\/#primaryimage"},"thumbnailUrl":"https:\/\/blogdofarnesio.com.br\/wp-content\/uploads\/2016\/07\/blogqspOuricuri.jpg","datePublished":"2022-04-04T11:42:05+00:00","breadcrumb":{"@id":"https:\/\/blogdofarnesio.com.br\/2022\/04\/cidade-de-ouricuri-sera-contemplada-com-campus-da-upe\/#breadcrumb"},"inLanguage":"pt-BR","potentialAction":[{"@type":"ReadAction","target":["https:\/\/blogdofarnesio.com.br\/2022\/04\/cidade-de-ouricuri-sera-contemplada-com-campus-da-upe\/"]}]},{"@type":"ImageObject","inLanguage":"pt-BR","@id":"https:\/\/blogdofarnesio.com.br\/2022\/04\/cidade-de-ouricuri-sera-contemplada-com-campus-da-upe\/#primaryimage","url":"https:\/\/blogdofarnesio.com.br\/wp-content\/uploads\/2016\/07\/blogqspOuricuri.jpg","contentUrl":"https:\/\/blogdofarnesio.com.br\/wp-content\/uploads\/2016\/07\/blogqspOuricuri.jpg","width":601,"height":244},{"@type":"BreadcrumbList","@id":"https:\/\/blogdofarnesio.com.br\/2022\/04\/cidade-de-ouricuri-sera-contemplada-com-campus-da-upe\/#breadcrumb","itemListElement":[{"@type":"ListItem","position":1,"name":"In\u00edcio","item":"https:\/\/blogdofarnesio.com.br\/"},{"@type":"ListItem","position":2,"name":"Cidade de Ouricuri ser\u00e1 contemplada com campus da UPE"}]},{"@type":"WebSite","@id":"https:\/\/blogdofarnesio.com.br\/#website","url":"https:\/\/blogdofarnesio.com.br\/","name":"Blog do Farn\u00e9sio","description":"Quer Saber Pol\u00edtica?","publisher":{"@id":"https:\/\/blogdofarnesio.com.br\/#organization"},"potentialAction":[{"@type":"SearchAction","target":{"@type":"EntryPoint","urlTemplate":"https:\/\/blogdofarnesio.com.br\/?s={search_term_string}"},"query-input":{"@type":"PropertyValueSpecification","valueRequired":true,"valueName":"search_term_string"}}],"inLanguage":"pt-BR"},{"@type":"Organization","@id":"https:\/\/blogdofarnesio.com.br\/#organization","name":"Blog do Farn\u00e9sio","url":"https:\/\/blogdofarnesio.com.br\/","logo":{"@type":"ImageObject","inLanguage":"pt-BR","@id":"https:\/\/blogdofarnesio.com.br\/#\/schema\/logo\/image\/","url":"https:\/\/blogdofarnesio.com.br\/wp-content\/uploads\/2026\/03\/cropped-logo_new-1.png","contentUrl":"https:\/\/blogdofarnesio.com.br\/wp-content\/uploads\/2026\/03\/cropped-logo_new-1.png","width":881,"height":685,"caption":"Blog do Farn\u00e9sio"},"image":{"@id":"https:\/\/blogdofarnesio.com.br\/#\/schema\/logo\/image\/"},"sameAs":["https:\/\/www.facebook.com\/BlogQuerSaberPolitica\/"]},{"@type":"Person","@id":"https:\/\/blogdofarnesio.com.br\/#\/schema\/person\/bb9b23ae3ad0609ce8df7b6c9e76824d","name":"Farn\u00e9sio","image":{"@type":"ImageObject","inLanguage":"pt-BR","@id":"https:\/\/secure.gravatar.com\/avatar\/986aa4c61ccdb66f8555bf88fc2a65609d00bcabd4d2d94377a727547345cbca?s=96&d=mm&r=g","url":"https:\/\/secure.gravatar.com\/avatar\/986aa4c61ccdb66f8555bf88fc2a65609d00bcabd4d2d94377a727547345cbca?s=96&d=mm&r=g","contentUrl":"https:\/\/secure.gravatar.com\/avatar\/986aa4c61ccdb66f8555bf88fc2a65609d00bcabd4d2d94377a727547345cbca?s=96&d=mm&r=g","caption":"Farn\u00e9sio"},"description":"Radialista blogueiro, chegou a Petrolina\/Juazeiro em setembro de 1980, Farn\u00e9sio Silva \u00e9 de Arapiraca-Alagoas.","sameAs":["http:\/\/blogdofarnesio.com.br","https:\/\/www.facebook.com\/?ref=tn_tnmn","https:\/\/www.instagram.com\/?utm_source=pwa_homescreen","https:\/\/youtube.com.br\/"],"url":"https:\/\/blogdofarnesio.com.br\/author\/farnesio-2\/"}]}},"_links":{"self":[{"href":"https:\/\/blogdofarnesio.com.br\/wp-json\/wp\/v2\/posts\/310041","targetHints":{"allow":["GET"]}}],"collection":[{"href":"https:\/\/blogdofarnesio.com.br\/wp-json\/wp\/v2\/posts"}],"about":[{"href":"https:\/\/blogdofarnesio.com.br\/wp-json\/wp\/v2\/types\/post"}],"author":[{"embeddable":true,"href":"https:\/\/blogdofarnesio.com.br\/wp-json\/wp\/v2\/users\/2"}],"replies":[{"embeddable":true,"href":"https:\/\/blogdofarnesio.com.br\/wp-json\/wp\/v2\/comments?post=310041"}],"version-history":[{"count":0,"href":"https:\/\/blogdofarnesio.com.br\/wp-json\/wp\/v2\/posts\/310041\/revisions"}],"wp:featuredmedia":[{"embeddable":true,"href":"https:\/\/blogdofarnesio.com.br\/wp-json\/wp\/v2\/media\/145070"}],"wp:attachment":[{"href":"https:\/\/blogdofarnesio.com.br\/wp-json\/wp\/v2\/media?parent=310041"}],"wp:term":[{"taxonomy":"category","embeddable":true,"href":"https:\/\/blogdofarnesio.com.br\/wp-json\/wp\/v2\/categories?post=310041"},{"taxonomy":"post_tag","embeddable":true,"href":"https:\/\/blogdofarnesio.com.br\/wp-json\/wp\/v2\/tags?post=310041"}],"curies":[{"name":"wp","href":"https:\/\/api.w.org\/{rel}","templated":true}]}}