{"id":309641,"date":"2022-03-28T12:01:53","date_gmt":"2022-03-28T15:01:53","guid":{"rendered":"https:\/\/blogdofarnesio.com.br\/?p=309641"},"modified":"2022-03-28T12:02:47","modified_gmt":"2022-03-28T15:02:47","slug":"para-jose-dirceu-rui-costa-e-o-nome-preferido-ao-ministerio-da-economia","status":"publish","type":"post","link":"https:\/\/blogdofarnesio.com.br\/?p=309641","title":{"rendered":"Para Jos\u00e9 Dirceu, Rui Costa \u00e9 o nome preferido ao Minist\u00e9rio da Economia"},"content":{"rendered":"<div class=\"box-title\"><\/div>\n<div class=\"box-body\" data-io-article-url=\"https:\/\/www.bahianoticias.com.br\/\">\n<div class=\"text-center\">\n<div class=\"box-img\">\n<div class=\"img-legenda\">BN &#8211; O ex-ministro da Casa Civil Jos\u00e9 Dirceu acredita que o governador da Bahia, Rui Costa teria a prefer\u00eancia para assumir o Minist\u00e9rio da Economia em caso de vit\u00f3ria de Lu\u00eds In\u00e1cio Lula Silva nas elei\u00e7\u00f5es de outubro.<\/div>\n<\/div>\n<\/div>\n<div class=\"text-descricao\">\n<p>Segundo a coluna de Malu Gaspar do jornal O Globo, \u00e9 quase certo que o chefe da pasta de um eventual governo Lula seria um pol\u00edtico. A publica\u00e7\u00e3o destaca que Rui \u00e9 tamb\u00e9m um nome lembrado pelo senador Jaques Wagner, e pelo deputado Jos\u00e9 Guimar\u00e3es, do Cear\u00e1, pelo ajuste fiscal que ele fez no governo baiano.<\/p>\n<p>Quando se pergunta se ele n\u00e3o preferia um economista ou um t\u00e9cnico, Dirceu responde com autoironia. Diz que os quadros do partido ou j\u00e1 est\u00e3o velhos ou s\u00e3o como ele, que enfrentam problemas com a Justi\u00e7a. Economistas da Unicamp n\u00e3o teriam espa\u00e7o num pr\u00f3ximo governo Lula, ele afirma. O ex-presidente n\u00e3o confia neles.\u00a0 Segundo Dirceu, um futuro mandato de Lula repartiria de novo o minist\u00e9rio da Economia entre Fazenda e Planejamento.<\/p>\n<p>No mais, Dirceu e seus colegas vem repetindo o que Lula defende em seus discursos p\u00fablicos: a revoga\u00e7\u00e3o de itens da reforma trabalhista (ressuscitando, por exemplo, o imposto sindical); a tributa\u00e7\u00e3o de\u00a0dividendos e de grandes fortunas; a retomada do controle de pre\u00e7os de combust\u00edveis praticado no governo Dilma; o investimento em constru\u00e7\u00e3o de refinarias.<\/p>\n<p>Segundo alguns dos participantes dessas conversas, a rea\u00e7\u00e3o \u00e0s propostas listadas por Dirceu varia conforme o interlocutor. Alguns saem apavorados \u2013 especialmente quanto \u00e0s reformas e \u00e0 Petrobras \u2013, enquanto outros apostam que nada disso ser\u00e1 implementado na pr\u00e1tica.<\/p>\n<p>&#8220;Sempre tem os que acreditam que se trata apenas de um discurso para a base&#8221;, diz um gestor que participou de mais de uma reuni\u00e3o com os emiss\u00e1rios de Lula. &#8220;Algumas pessoas colocaram na cabe\u00e7a que Lula ganhando, a bolsa sobe&#8221;.<\/p>\n<\/div>\n<\/div>\n","protected":false},"excerpt":{"rendered":"<p>BN &#8211; O ex-ministro da Casa Civil Jos\u00e9 Dirceu acredita que o governador da Bahia, Rui Costa teria a prefer\u00eancia para assumir o Minist\u00e9rio da Economia em caso de vit\u00f3ria de Lu\u00eds In\u00e1cio Lula Silva nas elei\u00e7\u00f5es de outubro. Segundo a coluna de Malu Gaspar do jornal O Globo, \u00e9 quase certo que o chefe da pasta de um eventual governo Lula seria um pol\u00edtico. A publica\u00e7\u00e3o destaca que Rui \u00e9 tamb\u00e9m um nome lembrado pelo senador Jaques Wagner, e pelo deputado Jos\u00e9 Guimar\u00e3es, do Cear\u00e1, pelo ajuste fiscal que ele fez no governo baiano. Quando se pergunta se ele n\u00e3o preferia um economista ou um t\u00e9cnico, Dirceu responde com autoironia. Diz que os quadros do partido ou j\u00e1 est\u00e3o&hellip; <\/p>\n","protected":false},"author":2,"featured_media":309642,"comment_status":"open","ping_status":"open","sticky":false,"template":"","format":"standard","meta":{"_acf_changed":false,"footnotes":""},"categories":[1],"tags":[],"class_list":["post-309641","post","type-post","status-publish","format-standard","has-post-thumbnail","hentry","category-politica"],"acf":[],"yoast_head":"<!-- This site is optimized with the Yoast SEO plugin v27.4 - https:\/\/yoast.com\/product\/yoast-seo-wordpress\/ -->\n<title>Para Jos\u00e9 Dirceu, Rui Costa \u00e9 o nome preferido ao Minist\u00e9rio da Economia - Blog do Farn\u00e9sio<\/title>\n<meta name=\"robots\" content=\"index, follow, max-snippet:-1, max-image-preview:large, max-video-preview:-1\" \/>\n<link rel=\"canonical\" href=\"https:\/\/blogdofarnesio.com.br\/?p=309641\" \/>\n<meta property=\"og:locale\" content=\"pt_BR\" \/>\n<meta property=\"og:type\" content=\"article\" \/>\n<meta property=\"og:title\" content=\"Para Jos\u00e9 Dirceu, Rui Costa \u00e9 o nome preferido ao Minist\u00e9rio da Economia - Blog do Farn\u00e9sio\" \/>\n<meta property=\"og:description\" content=\"BN &#8211; O ex-ministro da Casa Civil Jos\u00e9 Dirceu acredita que o governador da Bahia, Rui Costa teria a prefer\u00eancia para assumir o Minist\u00e9rio da Economia em caso de vit\u00f3ria de Lu\u00eds In\u00e1cio Lula Silva nas elei\u00e7\u00f5es de outubro. Segundo a coluna de Malu Gaspar do jornal O Globo, \u00e9 quase certo que o chefe da pasta de um eventual governo Lula seria um pol\u00edtico. A publica\u00e7\u00e3o destaca que Rui \u00e9 tamb\u00e9m um nome lembrado pelo senador Jaques Wagner, e pelo deputado Jos\u00e9 Guimar\u00e3es, do Cear\u00e1, pelo ajuste fiscal que ele fez no governo baiano. Quando se pergunta se ele n\u00e3o preferia um economista ou um t\u00e9cnico, Dirceu responde com autoironia. Diz que os quadros do partido ou j\u00e1 est\u00e3o&hellip;\" \/>\n<meta property=\"og:url\" content=\"https:\/\/blogdofarnesio.com.br\/?p=309641\" \/>\n<meta property=\"og:site_name\" content=\"Blog do Farn\u00e9sio\" \/>\n<meta property=\"article:publisher\" content=\"https:\/\/www.facebook.com\/BlogQuerSaberPolitica\/\" \/>\n<meta property=\"article:author\" content=\"https:\/\/www.facebook.com\/?ref=tn_tnmn\" \/>\n<meta property=\"article:published_time\" content=\"2022-03-28T15:01:53+00:00\" \/>\n<meta property=\"article:modified_time\" content=\"2022-03-28T15:02:47+00:00\" \/>\n<meta property=\"og:image\" content=\"https:\/\/blogdofarnesio.com.br\/wp-content\/uploads\/2022\/03\/blogqsprui-lula-rede-sociais.jpg\" \/>\n\t<meta property=\"og:image:width\" content=\"380\" \/>\n\t<meta property=\"og:image:height\" content=\"280\" \/>\n\t<meta property=\"og:image:type\" content=\"image\/jpeg\" \/>\n<meta name=\"author\" content=\"Farn\u00e9sio\" \/>\n<meta name=\"twitter:card\" content=\"summary_large_image\" \/>\n<meta name=\"twitter:label1\" content=\"Escrito por\" \/>\n\t<meta name=\"twitter:data1\" content=\"Farn\u00e9sio\" \/>\n\t<meta name=\"twitter:label2\" content=\"Est. tempo de leitura\" \/>\n\t<meta name=\"twitter:data2\" content=\"2 minutos\" \/>\n<script type=\"application\/ld+json\" class=\"yoast-schema-graph\">{\"@context\":\"https:\\\/\\\/schema.org\",\"@graph\":[{\"@type\":\"Article\",\"@id\":\"https:\\\/\\\/blogdofarnesio.com.br\\\/?p=309641#article\",\"isPartOf\":{\"@id\":\"https:\\\/\\\/blogdofarnesio.com.br\\\/?p=309641\"},\"author\":{\"name\":\"Farn\u00e9sio\",\"@id\":\"https:\\\/\\\/blogdofarnesio.com.br\\\/#\\\/schema\\\/person\\\/bb9b23ae3ad0609ce8df7b6c9e76824d\"},\"headline\":\"Para Jos\u00e9 Dirceu, Rui Costa \u00e9 o nome preferido ao Minist\u00e9rio da Economia\",\"datePublished\":\"2022-03-28T15:01:53+00:00\",\"dateModified\":\"2022-03-28T15:02:47+00:00\",\"mainEntityOfPage\":{\"@id\":\"https:\\\/\\\/blogdofarnesio.com.br\\\/?p=309641\"},\"wordCount\":340,\"commentCount\":0,\"publisher\":{\"@id\":\"https:\\\/\\\/blogdofarnesio.com.br\\\/#organization\"},\"image\":{\"@id\":\"https:\\\/\\\/blogdofarnesio.com.br\\\/?p=309641#primaryimage\"},\"thumbnailUrl\":\"https:\\\/\\\/blogdofarnesio.com.br\\\/wp-content\\\/uploads\\\/2022\\\/03\\\/blogqsprui-lula-rede-sociais.jpg\",\"articleSection\":[\"Pol\u00edtica\"],\"inLanguage\":\"pt-BR\",\"potentialAction\":[{\"@type\":\"CommentAction\",\"name\":\"Comment\",\"target\":[\"https:\\\/\\\/blogdofarnesio.com.br\\\/?p=309641#respond\"]}]},{\"@type\":\"WebPage\",\"@id\":\"https:\\\/\\\/blogdofarnesio.com.br\\\/?p=309641\",\"url\":\"https:\\\/\\\/blogdofarnesio.com.br\\\/?p=309641\",\"name\":\"Para Jos\u00e9 Dirceu, Rui Costa \u00e9 o nome preferido ao Minist\u00e9rio da Economia - Blog do Farn\u00e9sio\",\"isPartOf\":{\"@id\":\"https:\\\/\\\/blogdofarnesio.com.br\\\/#website\"},\"primaryImageOfPage\":{\"@id\":\"https:\\\/\\\/blogdofarnesio.com.br\\\/?p=309641#primaryimage\"},\"image\":{\"@id\":\"https:\\\/\\\/blogdofarnesio.com.br\\\/?p=309641#primaryimage\"},\"thumbnailUrl\":\"https:\\\/\\\/blogdofarnesio.com.br\\\/wp-content\\\/uploads\\\/2022\\\/03\\\/blogqsprui-lula-rede-sociais.jpg\",\"datePublished\":\"2022-03-28T15:01:53+00:00\",\"dateModified\":\"2022-03-28T15:02:47+00:00\",\"breadcrumb\":{\"@id\":\"https:\\\/\\\/blogdofarnesio.com.br\\\/?p=309641#breadcrumb\"},\"inLanguage\":\"pt-BR\",\"potentialAction\":[{\"@type\":\"ReadAction\",\"target\":[\"https:\\\/\\\/blogdofarnesio.com.br\\\/?p=309641\"]}]},{\"@type\":\"ImageObject\",\"inLanguage\":\"pt-BR\",\"@id\":\"https:\\\/\\\/blogdofarnesio.com.br\\\/?p=309641#primaryimage\",\"url\":\"https:\\\/\\\/blogdofarnesio.com.br\\\/wp-content\\\/uploads\\\/2022\\\/03\\\/blogqsprui-lula-rede-sociais.jpg\",\"contentUrl\":\"https:\\\/\\\/blogdofarnesio.com.br\\\/wp-content\\\/uploads\\\/2022\\\/03\\\/blogqsprui-lula-rede-sociais.jpg\",\"width\":380,\"height\":280},{\"@type\":\"BreadcrumbList\",\"@id\":\"https:\\\/\\\/blogdofarnesio.com.br\\\/?p=309641#breadcrumb\",\"itemListElement\":[{\"@type\":\"ListItem\",\"position\":1,\"name\":\"In\u00edcio\",\"item\":\"https:\\\/\\\/blogdofarnesio.com.br\\\/\"},{\"@type\":\"ListItem\",\"position\":2,\"name\":\"Para Jos\u00e9 Dirceu, Rui Costa \u00e9 o nome preferido ao Minist\u00e9rio da Economia\"}]},{\"@type\":\"WebSite\",\"@id\":\"https:\\\/\\\/blogdofarnesio.com.br\\\/#website\",\"url\":\"https:\\\/\\\/blogdofarnesio.com.br\\\/\",\"name\":\"Blog do Farn\u00e9sio\",\"description\":\"Quer Saber Pol\u00edtica?\",\"publisher\":{\"@id\":\"https:\\\/\\\/blogdofarnesio.com.br\\\/#organization\"},\"potentialAction\":[{\"@type\":\"SearchAction\",\"target\":{\"@type\":\"EntryPoint\",\"urlTemplate\":\"https:\\\/\\\/blogdofarnesio.com.br\\\/?s={search_term_string}\"},\"query-input\":{\"@type\":\"PropertyValueSpecification\",\"valueRequired\":true,\"valueName\":\"search_term_string\"}}],\"inLanguage\":\"pt-BR\"},{\"@type\":\"Organization\",\"@id\":\"https:\\\/\\\/blogdofarnesio.com.br\\\/#organization\",\"name\":\"Blog do Farn\u00e9sio\",\"url\":\"https:\\\/\\\/blogdofarnesio.com.br\\\/\",\"logo\":{\"@type\":\"ImageObject\",\"inLanguage\":\"pt-BR\",\"@id\":\"https:\\\/\\\/blogdofarnesio.com.br\\\/#\\\/schema\\\/logo\\\/image\\\/\",\"url\":\"https:\\\/\\\/blogdofarnesio.com.br\\\/wp-content\\\/uploads\\\/2026\\\/03\\\/cropped-logo_new-1.png\",\"contentUrl\":\"https:\\\/\\\/blogdofarnesio.com.br\\\/wp-content\\\/uploads\\\/2026\\\/03\\\/cropped-logo_new-1.png\",\"width\":881,\"height\":685,\"caption\":\"Blog do Farn\u00e9sio\"},\"image\":{\"@id\":\"https:\\\/\\\/blogdofarnesio.com.br\\\/#\\\/schema\\\/logo\\\/image\\\/\"},\"sameAs\":[\"https:\\\/\\\/www.facebook.com\\\/BlogQuerSaberPolitica\\\/\"]},{\"@type\":\"Person\",\"@id\":\"https:\\\/\\\/blogdofarnesio.com.br\\\/#\\\/schema\\\/person\\\/bb9b23ae3ad0609ce8df7b6c9e76824d\",\"name\":\"Farn\u00e9sio\",\"image\":{\"@type\":\"ImageObject\",\"inLanguage\":\"pt-BR\",\"@id\":\"https:\\\/\\\/secure.gravatar.com\\\/avatar\\\/986aa4c61ccdb66f8555bf88fc2a65609d00bcabd4d2d94377a727547345cbca?s=96&d=mm&r=g\",\"url\":\"https:\\\/\\\/secure.gravatar.com\\\/avatar\\\/986aa4c61ccdb66f8555bf88fc2a65609d00bcabd4d2d94377a727547345cbca?s=96&d=mm&r=g\",\"contentUrl\":\"https:\\\/\\\/secure.gravatar.com\\\/avatar\\\/986aa4c61ccdb66f8555bf88fc2a65609d00bcabd4d2d94377a727547345cbca?s=96&d=mm&r=g\",\"caption\":\"Farn\u00e9sio\"},\"description\":\"Radialista blogueiro, chegou a Petrolina\\\/Juazeiro em setembro de 1980, Farn\u00e9sio Silva \u00e9 de Arapiraca-Alagoas.\",\"sameAs\":[\"http:\\\/\\\/blogdofarnesio.com.br\",\"https:\\\/\\\/www.facebook.com\\\/?ref=tn_tnmn\",\"https:\\\/\\\/www.instagram.com\\\/?utm_source=pwa_homescreen\",\"https:\\\/\\\/youtube.com.br\\\/\"],\"url\":\"https:\\\/\\\/blogdofarnesio.com.br\\\/?author=2\"}]}<\/script>\n<!-- \/ Yoast SEO plugin. -->","yoast_head_json":{"title":"Para Jos\u00e9 Dirceu, Rui Costa \u00e9 o nome preferido ao Minist\u00e9rio da Economia - Blog do Farn\u00e9sio","robots":{"index":"index","follow":"follow","max-snippet":"max-snippet:-1","max-image-preview":"max-image-preview:large","max-video-preview":"max-video-preview:-1"},"canonical":"https:\/\/blogdofarnesio.com.br\/?p=309641","og_locale":"pt_BR","og_type":"article","og_title":"Para Jos\u00e9 Dirceu, Rui Costa \u00e9 o nome preferido ao Minist\u00e9rio da Economia - Blog do Farn\u00e9sio","og_description":"BN &#8211; O ex-ministro da Casa Civil Jos\u00e9 Dirceu acredita que o governador da Bahia, Rui Costa teria a prefer\u00eancia para assumir o Minist\u00e9rio da Economia em caso de vit\u00f3ria de Lu\u00eds In\u00e1cio Lula Silva nas elei\u00e7\u00f5es de outubro. Segundo a coluna de Malu Gaspar do jornal O Globo, \u00e9 quase certo que o chefe da pasta de um eventual governo Lula seria um pol\u00edtico. A publica\u00e7\u00e3o destaca que Rui \u00e9 tamb\u00e9m um nome lembrado pelo senador Jaques Wagner, e pelo deputado Jos\u00e9 Guimar\u00e3es, do Cear\u00e1, pelo ajuste fiscal que ele fez no governo baiano. Quando se pergunta se ele n\u00e3o preferia um economista ou um t\u00e9cnico, Dirceu responde com autoironia. Diz que os quadros do partido ou j\u00e1 est\u00e3o&hellip;","og_url":"https:\/\/blogdofarnesio.com.br\/?p=309641","og_site_name":"Blog do Farn\u00e9sio","article_publisher":"https:\/\/www.facebook.com\/BlogQuerSaberPolitica\/","article_author":"https:\/\/www.facebook.com\/?ref=tn_tnmn","article_published_time":"2022-03-28T15:01:53+00:00","article_modified_time":"2022-03-28T15:02:47+00:00","og_image":[{"width":380,"height":280,"url":"https:\/\/blogdofarnesio.com.br\/wp-content\/uploads\/2022\/03\/blogqsprui-lula-rede-sociais.jpg","type":"image\/jpeg"}],"author":"Farn\u00e9sio","twitter_card":"summary_large_image","twitter_misc":{"Escrito por":"Farn\u00e9sio","Est. tempo de leitura":"2 minutos"},"schema":{"@context":"https:\/\/schema.org","@graph":[{"@type":"Article","@id":"https:\/\/blogdofarnesio.com.br\/?p=309641#article","isPartOf":{"@id":"https:\/\/blogdofarnesio.com.br\/?p=309641"},"author":{"name":"Farn\u00e9sio","@id":"https:\/\/blogdofarnesio.com.br\/#\/schema\/person\/bb9b23ae3ad0609ce8df7b6c9e76824d"},"headline":"Para Jos\u00e9 Dirceu, Rui Costa \u00e9 o nome preferido ao Minist\u00e9rio da Economia","datePublished":"2022-03-28T15:01:53+00:00","dateModified":"2022-03-28T15:02:47+00:00","mainEntityOfPage":{"@id":"https:\/\/blogdofarnesio.com.br\/?p=309641"},"wordCount":340,"commentCount":0,"publisher":{"@id":"https:\/\/blogdofarnesio.com.br\/#organization"},"image":{"@id":"https:\/\/blogdofarnesio.com.br\/?p=309641#primaryimage"},"thumbnailUrl":"https:\/\/blogdofarnesio.com.br\/wp-content\/uploads\/2022\/03\/blogqsprui-lula-rede-sociais.jpg","articleSection":["Pol\u00edtica"],"inLanguage":"pt-BR","potentialAction":[{"@type":"CommentAction","name":"Comment","target":["https:\/\/blogdofarnesio.com.br\/?p=309641#respond"]}]},{"@type":"WebPage","@id":"https:\/\/blogdofarnesio.com.br\/?p=309641","url":"https:\/\/blogdofarnesio.com.br\/?p=309641","name":"Para Jos\u00e9 Dirceu, Rui Costa \u00e9 o nome preferido ao Minist\u00e9rio da Economia - Blog do Farn\u00e9sio","isPartOf":{"@id":"https:\/\/blogdofarnesio.com.br\/#website"},"primaryImageOfPage":{"@id":"https:\/\/blogdofarnesio.com.br\/?p=309641#primaryimage"},"image":{"@id":"https:\/\/blogdofarnesio.com.br\/?p=309641#primaryimage"},"thumbnailUrl":"https:\/\/blogdofarnesio.com.br\/wp-content\/uploads\/2022\/03\/blogqsprui-lula-rede-sociais.jpg","datePublished":"2022-03-28T15:01:53+00:00","dateModified":"2022-03-28T15:02:47+00:00","breadcrumb":{"@id":"https:\/\/blogdofarnesio.com.br\/?p=309641#breadcrumb"},"inLanguage":"pt-BR","potentialAction":[{"@type":"ReadAction","target":["https:\/\/blogdofarnesio.com.br\/?p=309641"]}]},{"@type":"ImageObject","inLanguage":"pt-BR","@id":"https:\/\/blogdofarnesio.com.br\/?p=309641#primaryimage","url":"https:\/\/blogdofarnesio.com.br\/wp-content\/uploads\/2022\/03\/blogqsprui-lula-rede-sociais.jpg","contentUrl":"https:\/\/blogdofarnesio.com.br\/wp-content\/uploads\/2022\/03\/blogqsprui-lula-rede-sociais.jpg","width":380,"height":280},{"@type":"BreadcrumbList","@id":"https:\/\/blogdofarnesio.com.br\/?p=309641#breadcrumb","itemListElement":[{"@type":"ListItem","position":1,"name":"In\u00edcio","item":"https:\/\/blogdofarnesio.com.br\/"},{"@type":"ListItem","position":2,"name":"Para Jos\u00e9 Dirceu, Rui Costa \u00e9 o nome preferido ao Minist\u00e9rio da Economia"}]},{"@type":"WebSite","@id":"https:\/\/blogdofarnesio.com.br\/#website","url":"https:\/\/blogdofarnesio.com.br\/","name":"Blog do Farn\u00e9sio","description":"Quer Saber Pol\u00edtica?","publisher":{"@id":"https:\/\/blogdofarnesio.com.br\/#organization"},"potentialAction":[{"@type":"SearchAction","target":{"@type":"EntryPoint","urlTemplate":"https:\/\/blogdofarnesio.com.br\/?s={search_term_string}"},"query-input":{"@type":"PropertyValueSpecification","valueRequired":true,"valueName":"search_term_string"}}],"inLanguage":"pt-BR"},{"@type":"Organization","@id":"https:\/\/blogdofarnesio.com.br\/#organization","name":"Blog do Farn\u00e9sio","url":"https:\/\/blogdofarnesio.com.br\/","logo":{"@type":"ImageObject","inLanguage":"pt-BR","@id":"https:\/\/blogdofarnesio.com.br\/#\/schema\/logo\/image\/","url":"https:\/\/blogdofarnesio.com.br\/wp-content\/uploads\/2026\/03\/cropped-logo_new-1.png","contentUrl":"https:\/\/blogdofarnesio.com.br\/wp-content\/uploads\/2026\/03\/cropped-logo_new-1.png","width":881,"height":685,"caption":"Blog do Farn\u00e9sio"},"image":{"@id":"https:\/\/blogdofarnesio.com.br\/#\/schema\/logo\/image\/"},"sameAs":["https:\/\/www.facebook.com\/BlogQuerSaberPolitica\/"]},{"@type":"Person","@id":"https:\/\/blogdofarnesio.com.br\/#\/schema\/person\/bb9b23ae3ad0609ce8df7b6c9e76824d","name":"Farn\u00e9sio","image":{"@type":"ImageObject","inLanguage":"pt-BR","@id":"https:\/\/secure.gravatar.com\/avatar\/986aa4c61ccdb66f8555bf88fc2a65609d00bcabd4d2d94377a727547345cbca?s=96&d=mm&r=g","url":"https:\/\/secure.gravatar.com\/avatar\/986aa4c61ccdb66f8555bf88fc2a65609d00bcabd4d2d94377a727547345cbca?s=96&d=mm&r=g","contentUrl":"https:\/\/secure.gravatar.com\/avatar\/986aa4c61ccdb66f8555bf88fc2a65609d00bcabd4d2d94377a727547345cbca?s=96&d=mm&r=g","caption":"Farn\u00e9sio"},"description":"Radialista blogueiro, chegou a Petrolina\/Juazeiro em setembro de 1980, Farn\u00e9sio Silva \u00e9 de Arapiraca-Alagoas.","sameAs":["http:\/\/blogdofarnesio.com.br","https:\/\/www.facebook.com\/?ref=tn_tnmn","https:\/\/www.instagram.com\/?utm_source=pwa_homescreen","https:\/\/youtube.com.br\/"],"url":"https:\/\/blogdofarnesio.com.br\/?author=2"}]}},"_links":{"self":[{"href":"https:\/\/blogdofarnesio.com.br\/index.php?rest_route=\/wp\/v2\/posts\/309641","targetHints":{"allow":["GET"]}}],"collection":[{"href":"https:\/\/blogdofarnesio.com.br\/index.php?rest_route=\/wp\/v2\/posts"}],"about":[{"href":"https:\/\/blogdofarnesio.com.br\/index.php?rest_route=\/wp\/v2\/types\/post"}],"author":[{"embeddable":true,"href":"https:\/\/blogdofarnesio.com.br\/index.php?rest_route=\/wp\/v2\/users\/2"}],"replies":[{"embeddable":true,"href":"https:\/\/blogdofarnesio.com.br\/index.php?rest_route=%2Fwp%2Fv2%2Fcomments&post=309641"}],"version-history":[{"count":0,"href":"https:\/\/blogdofarnesio.com.br\/index.php?rest_route=\/wp\/v2\/posts\/309641\/revisions"}],"wp:featuredmedia":[{"embeddable":true,"href":"https:\/\/blogdofarnesio.com.br\/index.php?rest_route=\/wp\/v2\/media\/309642"}],"wp:attachment":[{"href":"https:\/\/blogdofarnesio.com.br\/index.php?rest_route=%2Fwp%2Fv2%2Fmedia&parent=309641"}],"wp:term":[{"taxonomy":"category","embeddable":true,"href":"https:\/\/blogdofarnesio.com.br\/index.php?rest_route=%2Fwp%2Fv2%2Fcategories&post=309641"},{"taxonomy":"post_tag","embeddable":true,"href":"https:\/\/blogdofarnesio.com.br\/index.php?rest_route=%2Fwp%2Fv2%2Ftags&post=309641"}],"curies":[{"name":"wp","href":"https:\/\/api.w.org\/{rel}","templated":true}]}}