{"id":309633,"date":"2022-03-28T11:33:28","date_gmt":"2022-03-28T14:33:28","guid":{"rendered":"https:\/\/blogdofarnesio.com.br\/?p=309633"},"modified":"2022-03-28T08:40:38","modified_gmt":"2022-03-28T11:40:38","slug":"eleicoes-2022-ba-acm-neto-tinha-prometido-o-novo-mas-leao-envelheceu-chapa","status":"publish","type":"post","link":"https:\/\/blogdofarnesio.com.br\/?p=309633","title":{"rendered":"Elei\u00e7\u00f5es 2022 BA: ACM Neto tinha prometido o &#8216;novo&#8217;, mas Le\u00e3o envelheceu chapa"},"content":{"rendered":"<div class=\"box-post\">\n<div class=\"box-title\">\n<h2><\/h2>\n<p>por Fernando Duarte\/BN &#8211;<\/p>\n<\/div>\n<div class=\"box-body\" data-io-article-url=\"https:\/\/www.bahianoticias.com.br\/\">\n<div class=\"text-descricao\">\n<p>A poeira baixou, mas a repercuss\u00e3o da migra\u00e7\u00e3o do vice-governador, Jo\u00e3o Le\u00e3o (PP), para o grupo pol\u00edtico de ACM Neto ainda segue intensa. Dois pontos s\u00e3o cruciais nesse processo: o \u201cenvelhecimento\u201d da chapa e o fato do Progressistas chegar na chapa j\u00e1 em um dos principais postos dispon\u00edveis, a vaga de senador na corrida eleitoral. O ex-prefeito de Salvador mediu os pr\u00f3 e os contras e entendeu que o risco valia a pena. A conta, todavia, s\u00f3 chega nas urnas.<\/p>\n<p>Desde antes do lan\u00e7amento da pr\u00e9-candidatura, ACM Neto apostava no quesito juventude para se contrapor ao grupo pol\u00edtico do PT na Bahia. At\u00e9 ent\u00e3o, o nome governista era Jaques Wagner e o argumento do frescor servia tamb\u00e9m para criticar a falta de renova\u00e7\u00e3o da base aliada de Rui Costa. Por\u00e9m essa justificativa perdeu muita for\u00e7a depois que Jer\u00f4nimo Rodrigues foi pin\u00e7ado como candidato. Mais jovem &#8211; e n\u00e3o experimentado nas urnas -, o ainda secret\u00e1rio estadual de Educa\u00e7\u00e3o \u201cquebrou\u201d a base at\u00e9 ent\u00e3o constru\u00edda pelo advers\u00e1rio de que a renova\u00e7\u00e3o como imagem era necess\u00e1ria. Isso, claro, se ACM Neto n\u00e3o se reposicionar e colocar a pecha de \u201cvelho\u201d no PT, ao inv\u00e9s de apontar a figura que o representa.<\/p>\n<p>Soma-se a essa mudan\u00e7a de rota governista a migra\u00e7\u00e3o de um velho cacique local. Aos 76 anos, Jo\u00e3o Le\u00e3o \u00e9 t\u00e3o simb\u00f3lico sobre a pol\u00edtica de antigamente quanto Otto Alencar (PSD). Ambos resistem na cena h\u00e1 mais de 30 anos e ficam dif\u00edceis de serem vendidos como algo novo. N\u00e3o que tentem, inclusive. Le\u00e3o e Otto t\u00eam um lugar demarcado na hist\u00f3ria da Bahia e s\u00e3o respeitados por isso. Por\u00e9m \u00e9 contradit\u00f3rio n\u00e3o admitir que o vice-governador envelhece muito a perspectiva pregada at\u00e9 aqui por ACM Neto, de que ele era o \u201cnovo\u201d contra o \u201cvelho\u201d &#8211;\u00a0escondendo, nesse caso, a heran\u00e7a olig\u00e1rquica dele do antigo carlismo. A estrat\u00e9gia ent\u00e3o ter\u00e1 que ser readaptada, para n\u00e3o se tornar um tiro no pr\u00f3prio p\u00e9.<\/p>\n<p>Outro ponto a ser explorado por Rui e Jer\u00f4nimo \u00e9 o fato que o Progressistas entrou no \u00f4nibus sentando na janela. Ao migrar de grupo, o PP ganhou a prefer\u00eancia por escolher a cadeira e obrigou ACM Neto a realocar todo e qualquer aliado que pensou em ocupar a cadeira de senador na chapa. A lista inclui desde parceiros hist\u00f3ricos como PSDB e Republicamos, a alian\u00e7as rec\u00e9m-formadas como o PDT e at\u00e9 mesmo Marcelo Nilo (sem partido), primeiro a romper com o governo e com forte tend\u00eancia a ser escamoteado do grupo antes mesmo de se estabelecer. Isso sem contar o MDB, que j\u00e1 apresentava um pezinho no governo Rui Costa e pode usar essa falta de espa\u00e7o como desculpa perfeita.<\/p>\n<p>Para al\u00e9m de conter a euforia do entorno, que chegou a bradar o clima de j\u00e1 ganhou ap\u00f3s a confus\u00e3o na chapa governista, ACM Neto tem alguns desafios para manter a competitividade em alta para as urnas. A n\u00e3o nacionaliza\u00e7\u00e3o da disputa \u00e9 uma delas. As outras fazem parte da tarefa de casa.<\/p>\n<\/div>\n<\/div>\n<\/div>\n<div class=\"box-post\">\n<div class=\"box-title\">\n<div class=\"box-tools pull-right\"><\/div>\n<\/div>\n<\/div>\n","protected":false},"excerpt":{"rendered":"<p>por Fernando Duarte\/BN &#8211; A poeira baixou, mas a repercuss\u00e3o da migra\u00e7\u00e3o do vice-governador, Jo\u00e3o Le\u00e3o (PP), para o grupo pol\u00edtico de ACM Neto ainda segue intensa. Dois pontos s\u00e3o cruciais nesse processo: o \u201cenvelhecimento\u201d da chapa e o fato do Progressistas chegar na chapa j\u00e1 em um dos principais postos dispon\u00edveis, a vaga de senador na corrida eleitoral. O ex-prefeito de Salvador mediu os pr\u00f3 e os contras e entendeu que o risco valia a pena. A conta, todavia, s\u00f3 chega nas urnas. Desde antes do lan\u00e7amento da pr\u00e9-candidatura, ACM Neto apostava no quesito juventude para se contrapor ao grupo pol\u00edtico do PT na Bahia. At\u00e9 ent\u00e3o, o nome governista era Jaques Wagner e o argumento do frescor servia&hellip; <\/p>\n","protected":false},"author":2,"featured_media":309634,"comment_status":"open","ping_status":"open","sticky":false,"template":"","format":"standard","meta":{"_acf_changed":false,"footnotes":""},"categories":[30],"tags":[],"class_list":["post-309633","post","type-post","status-publish","format-standard","has-post-thumbnail","hentry","category-artigo"],"acf":[],"yoast_head":"<!-- This site is optimized with the Yoast SEO plugin v27.4 - https:\/\/yoast.com\/product\/yoast-seo-wordpress\/ -->\n<title>Elei\u00e7\u00f5es 2022 BA: ACM Neto tinha prometido o &#039;novo&#039;, mas Le\u00e3o envelheceu chapa - Blog do Farn\u00e9sio<\/title>\n<meta name=\"robots\" content=\"index, follow, max-snippet:-1, max-image-preview:large, max-video-preview:-1\" \/>\n<link rel=\"canonical\" href=\"https:\/\/blogdofarnesio.com.br\/?p=309633\" \/>\n<meta property=\"og:locale\" content=\"pt_BR\" \/>\n<meta property=\"og:type\" content=\"article\" \/>\n<meta property=\"og:title\" content=\"Elei\u00e7\u00f5es 2022 BA: ACM Neto tinha prometido o &#039;novo&#039;, mas Le\u00e3o envelheceu chapa - Blog do Farn\u00e9sio\" \/>\n<meta property=\"og:description\" content=\"por Fernando Duarte\/BN &#8211; A poeira baixou, mas a repercuss\u00e3o da migra\u00e7\u00e3o do vice-governador, Jo\u00e3o Le\u00e3o (PP), para o grupo pol\u00edtico de ACM Neto ainda segue intensa. Dois pontos s\u00e3o cruciais nesse processo: o \u201cenvelhecimento\u201d da chapa e o fato do Progressistas chegar na chapa j\u00e1 em um dos principais postos dispon\u00edveis, a vaga de senador na corrida eleitoral. O ex-prefeito de Salvador mediu os pr\u00f3 e os contras e entendeu que o risco valia a pena. A conta, todavia, s\u00f3 chega nas urnas. Desde antes do lan\u00e7amento da pr\u00e9-candidatura, ACM Neto apostava no quesito juventude para se contrapor ao grupo pol\u00edtico do PT na Bahia. At\u00e9 ent\u00e3o, o nome governista era Jaques Wagner e o argumento do frescor servia&hellip;\" \/>\n<meta property=\"og:url\" content=\"https:\/\/blogdofarnesio.com.br\/?p=309633\" \/>\n<meta property=\"og:site_name\" content=\"Blog do Farn\u00e9sio\" \/>\n<meta property=\"article:publisher\" content=\"https:\/\/www.facebook.com\/BlogQuerSaberPolitica\/\" \/>\n<meta property=\"article:author\" content=\"https:\/\/www.facebook.com\/?ref=tn_tnmn\" \/>\n<meta property=\"article:published_time\" content=\"2022-03-28T14:33:28+00:00\" \/>\n<meta property=\"og:image\" content=\"https:\/\/blogdofarnesio.com.br\/wp-content\/uploads\/2022\/03\/blogqspacm_DUARTE_5.jpg\" \/>\n\t<meta property=\"og:image:width\" content=\"380\" \/>\n\t<meta property=\"og:image:height\" content=\"280\" \/>\n\t<meta property=\"og:image:type\" content=\"image\/jpeg\" \/>\n<meta name=\"author\" content=\"Farn\u00e9sio\" \/>\n<meta name=\"twitter:card\" content=\"summary_large_image\" \/>\n<meta name=\"twitter:label1\" content=\"Escrito por\" \/>\n\t<meta name=\"twitter:data1\" content=\"Farn\u00e9sio\" \/>\n\t<meta name=\"twitter:label2\" content=\"Est. tempo de leitura\" \/>\n\t<meta name=\"twitter:data2\" content=\"3 minutos\" \/>\n<script type=\"application\/ld+json\" class=\"yoast-schema-graph\">{\"@context\":\"https:\\\/\\\/schema.org\",\"@graph\":[{\"@type\":\"Article\",\"@id\":\"https:\\\/\\\/blogdofarnesio.com.br\\\/?p=309633#article\",\"isPartOf\":{\"@id\":\"https:\\\/\\\/blogdofarnesio.com.br\\\/?p=309633\"},\"author\":{\"name\":\"Farn\u00e9sio\",\"@id\":\"https:\\\/\\\/blogdofarnesio.com.br\\\/#\\\/schema\\\/person\\\/bb9b23ae3ad0609ce8df7b6c9e76824d\"},\"headline\":\"Elei\u00e7\u00f5es 2022 BA: ACM Neto tinha prometido o &#8216;novo&#8217;, mas Le\u00e3o envelheceu chapa\",\"datePublished\":\"2022-03-28T14:33:28+00:00\",\"mainEntityOfPage\":{\"@id\":\"https:\\\/\\\/blogdofarnesio.com.br\\\/?p=309633\"},\"wordCount\":570,\"commentCount\":0,\"publisher\":{\"@id\":\"https:\\\/\\\/blogdofarnesio.com.br\\\/#organization\"},\"image\":{\"@id\":\"https:\\\/\\\/blogdofarnesio.com.br\\\/?p=309633#primaryimage\"},\"thumbnailUrl\":\"https:\\\/\\\/blogdofarnesio.com.br\\\/wp-content\\\/uploads\\\/2022\\\/03\\\/blogqspacm_DUARTE_5.jpg\",\"articleSection\":[\"Artigo\"],\"inLanguage\":\"pt-BR\",\"potentialAction\":[{\"@type\":\"CommentAction\",\"name\":\"Comment\",\"target\":[\"https:\\\/\\\/blogdofarnesio.com.br\\\/?p=309633#respond\"]}]},{\"@type\":\"WebPage\",\"@id\":\"https:\\\/\\\/blogdofarnesio.com.br\\\/?p=309633\",\"url\":\"https:\\\/\\\/blogdofarnesio.com.br\\\/?p=309633\",\"name\":\"Elei\u00e7\u00f5es 2022 BA: ACM Neto tinha prometido o 'novo', mas Le\u00e3o envelheceu chapa - Blog do Farn\u00e9sio\",\"isPartOf\":{\"@id\":\"https:\\\/\\\/blogdofarnesio.com.br\\\/#website\"},\"primaryImageOfPage\":{\"@id\":\"https:\\\/\\\/blogdofarnesio.com.br\\\/?p=309633#primaryimage\"},\"image\":{\"@id\":\"https:\\\/\\\/blogdofarnesio.com.br\\\/?p=309633#primaryimage\"},\"thumbnailUrl\":\"https:\\\/\\\/blogdofarnesio.com.br\\\/wp-content\\\/uploads\\\/2022\\\/03\\\/blogqspacm_DUARTE_5.jpg\",\"datePublished\":\"2022-03-28T14:33:28+00:00\",\"breadcrumb\":{\"@id\":\"https:\\\/\\\/blogdofarnesio.com.br\\\/?p=309633#breadcrumb\"},\"inLanguage\":\"pt-BR\",\"potentialAction\":[{\"@type\":\"ReadAction\",\"target\":[\"https:\\\/\\\/blogdofarnesio.com.br\\\/?p=309633\"]}]},{\"@type\":\"ImageObject\",\"inLanguage\":\"pt-BR\",\"@id\":\"https:\\\/\\\/blogdofarnesio.com.br\\\/?p=309633#primaryimage\",\"url\":\"https:\\\/\\\/blogdofarnesio.com.br\\\/wp-content\\\/uploads\\\/2022\\\/03\\\/blogqspacm_DUARTE_5.jpg\",\"contentUrl\":\"https:\\\/\\\/blogdofarnesio.com.br\\\/wp-content\\\/uploads\\\/2022\\\/03\\\/blogqspacm_DUARTE_5.jpg\",\"width\":380,\"height\":280},{\"@type\":\"BreadcrumbList\",\"@id\":\"https:\\\/\\\/blogdofarnesio.com.br\\\/?p=309633#breadcrumb\",\"itemListElement\":[{\"@type\":\"ListItem\",\"position\":1,\"name\":\"In\u00edcio\",\"item\":\"https:\\\/\\\/blogdofarnesio.com.br\\\/\"},{\"@type\":\"ListItem\",\"position\":2,\"name\":\"Elei\u00e7\u00f5es 2022 BA: ACM Neto tinha prometido o &#8216;novo&#8217;, mas Le\u00e3o envelheceu chapa\"}]},{\"@type\":\"WebSite\",\"@id\":\"https:\\\/\\\/blogdofarnesio.com.br\\\/#website\",\"url\":\"https:\\\/\\\/blogdofarnesio.com.br\\\/\",\"name\":\"Blog do Farn\u00e9sio\",\"description\":\"Quer Saber Pol\u00edtica?\",\"publisher\":{\"@id\":\"https:\\\/\\\/blogdofarnesio.com.br\\\/#organization\"},\"potentialAction\":[{\"@type\":\"SearchAction\",\"target\":{\"@type\":\"EntryPoint\",\"urlTemplate\":\"https:\\\/\\\/blogdofarnesio.com.br\\\/?s={search_term_string}\"},\"query-input\":{\"@type\":\"PropertyValueSpecification\",\"valueRequired\":true,\"valueName\":\"search_term_string\"}}],\"inLanguage\":\"pt-BR\"},{\"@type\":\"Organization\",\"@id\":\"https:\\\/\\\/blogdofarnesio.com.br\\\/#organization\",\"name\":\"Blog do Farn\u00e9sio\",\"url\":\"https:\\\/\\\/blogdofarnesio.com.br\\\/\",\"logo\":{\"@type\":\"ImageObject\",\"inLanguage\":\"pt-BR\",\"@id\":\"https:\\\/\\\/blogdofarnesio.com.br\\\/#\\\/schema\\\/logo\\\/image\\\/\",\"url\":\"https:\\\/\\\/blogdofarnesio.com.br\\\/wp-content\\\/uploads\\\/2026\\\/03\\\/cropped-logo_new-1.png\",\"contentUrl\":\"https:\\\/\\\/blogdofarnesio.com.br\\\/wp-content\\\/uploads\\\/2026\\\/03\\\/cropped-logo_new-1.png\",\"width\":881,\"height\":685,\"caption\":\"Blog do Farn\u00e9sio\"},\"image\":{\"@id\":\"https:\\\/\\\/blogdofarnesio.com.br\\\/#\\\/schema\\\/logo\\\/image\\\/\"},\"sameAs\":[\"https:\\\/\\\/www.facebook.com\\\/BlogQuerSaberPolitica\\\/\"]},{\"@type\":\"Person\",\"@id\":\"https:\\\/\\\/blogdofarnesio.com.br\\\/#\\\/schema\\\/person\\\/bb9b23ae3ad0609ce8df7b6c9e76824d\",\"name\":\"Farn\u00e9sio\",\"image\":{\"@type\":\"ImageObject\",\"inLanguage\":\"pt-BR\",\"@id\":\"https:\\\/\\\/secure.gravatar.com\\\/avatar\\\/986aa4c61ccdb66f8555bf88fc2a65609d00bcabd4d2d94377a727547345cbca?s=96&d=mm&r=g\",\"url\":\"https:\\\/\\\/secure.gravatar.com\\\/avatar\\\/986aa4c61ccdb66f8555bf88fc2a65609d00bcabd4d2d94377a727547345cbca?s=96&d=mm&r=g\",\"contentUrl\":\"https:\\\/\\\/secure.gravatar.com\\\/avatar\\\/986aa4c61ccdb66f8555bf88fc2a65609d00bcabd4d2d94377a727547345cbca?s=96&d=mm&r=g\",\"caption\":\"Farn\u00e9sio\"},\"description\":\"Radialista blogueiro, chegou a Petrolina\\\/Juazeiro em setembro de 1980, Farn\u00e9sio Silva \u00e9 de Arapiraca-Alagoas.\",\"sameAs\":[\"http:\\\/\\\/blogdofarnesio.com.br\",\"https:\\\/\\\/www.facebook.com\\\/?ref=tn_tnmn\",\"https:\\\/\\\/www.instagram.com\\\/?utm_source=pwa_homescreen\",\"https:\\\/\\\/youtube.com.br\\\/\"],\"url\":\"https:\\\/\\\/blogdofarnesio.com.br\\\/?author=2\"}]}<\/script>\n<!-- \/ Yoast SEO plugin. -->","yoast_head_json":{"title":"Elei\u00e7\u00f5es 2022 BA: ACM Neto tinha prometido o 'novo', mas Le\u00e3o envelheceu chapa - Blog do Farn\u00e9sio","robots":{"index":"index","follow":"follow","max-snippet":"max-snippet:-1","max-image-preview":"max-image-preview:large","max-video-preview":"max-video-preview:-1"},"canonical":"https:\/\/blogdofarnesio.com.br\/?p=309633","og_locale":"pt_BR","og_type":"article","og_title":"Elei\u00e7\u00f5es 2022 BA: ACM Neto tinha prometido o 'novo', mas Le\u00e3o envelheceu chapa - Blog do Farn\u00e9sio","og_description":"por Fernando Duarte\/BN &#8211; A poeira baixou, mas a repercuss\u00e3o da migra\u00e7\u00e3o do vice-governador, Jo\u00e3o Le\u00e3o (PP), para o grupo pol\u00edtico de ACM Neto ainda segue intensa. Dois pontos s\u00e3o cruciais nesse processo: o \u201cenvelhecimento\u201d da chapa e o fato do Progressistas chegar na chapa j\u00e1 em um dos principais postos dispon\u00edveis, a vaga de senador na corrida eleitoral. O ex-prefeito de Salvador mediu os pr\u00f3 e os contras e entendeu que o risco valia a pena. A conta, todavia, s\u00f3 chega nas urnas. Desde antes do lan\u00e7amento da pr\u00e9-candidatura, ACM Neto apostava no quesito juventude para se contrapor ao grupo pol\u00edtico do PT na Bahia. At\u00e9 ent\u00e3o, o nome governista era Jaques Wagner e o argumento do frescor servia&hellip;","og_url":"https:\/\/blogdofarnesio.com.br\/?p=309633","og_site_name":"Blog do Farn\u00e9sio","article_publisher":"https:\/\/www.facebook.com\/BlogQuerSaberPolitica\/","article_author":"https:\/\/www.facebook.com\/?ref=tn_tnmn","article_published_time":"2022-03-28T14:33:28+00:00","og_image":[{"width":380,"height":280,"url":"https:\/\/blogdofarnesio.com.br\/wp-content\/uploads\/2022\/03\/blogqspacm_DUARTE_5.jpg","type":"image\/jpeg"}],"author":"Farn\u00e9sio","twitter_card":"summary_large_image","twitter_misc":{"Escrito por":"Farn\u00e9sio","Est. tempo de leitura":"3 minutos"},"schema":{"@context":"https:\/\/schema.org","@graph":[{"@type":"Article","@id":"https:\/\/blogdofarnesio.com.br\/?p=309633#article","isPartOf":{"@id":"https:\/\/blogdofarnesio.com.br\/?p=309633"},"author":{"name":"Farn\u00e9sio","@id":"https:\/\/blogdofarnesio.com.br\/#\/schema\/person\/bb9b23ae3ad0609ce8df7b6c9e76824d"},"headline":"Elei\u00e7\u00f5es 2022 BA: ACM Neto tinha prometido o &#8216;novo&#8217;, mas Le\u00e3o envelheceu chapa","datePublished":"2022-03-28T14:33:28+00:00","mainEntityOfPage":{"@id":"https:\/\/blogdofarnesio.com.br\/?p=309633"},"wordCount":570,"commentCount":0,"publisher":{"@id":"https:\/\/blogdofarnesio.com.br\/#organization"},"image":{"@id":"https:\/\/blogdofarnesio.com.br\/?p=309633#primaryimage"},"thumbnailUrl":"https:\/\/blogdofarnesio.com.br\/wp-content\/uploads\/2022\/03\/blogqspacm_DUARTE_5.jpg","articleSection":["Artigo"],"inLanguage":"pt-BR","potentialAction":[{"@type":"CommentAction","name":"Comment","target":["https:\/\/blogdofarnesio.com.br\/?p=309633#respond"]}]},{"@type":"WebPage","@id":"https:\/\/blogdofarnesio.com.br\/?p=309633","url":"https:\/\/blogdofarnesio.com.br\/?p=309633","name":"Elei\u00e7\u00f5es 2022 BA: ACM Neto tinha prometido o 'novo', mas Le\u00e3o envelheceu chapa - Blog do Farn\u00e9sio","isPartOf":{"@id":"https:\/\/blogdofarnesio.com.br\/#website"},"primaryImageOfPage":{"@id":"https:\/\/blogdofarnesio.com.br\/?p=309633#primaryimage"},"image":{"@id":"https:\/\/blogdofarnesio.com.br\/?p=309633#primaryimage"},"thumbnailUrl":"https:\/\/blogdofarnesio.com.br\/wp-content\/uploads\/2022\/03\/blogqspacm_DUARTE_5.jpg","datePublished":"2022-03-28T14:33:28+00:00","breadcrumb":{"@id":"https:\/\/blogdofarnesio.com.br\/?p=309633#breadcrumb"},"inLanguage":"pt-BR","potentialAction":[{"@type":"ReadAction","target":["https:\/\/blogdofarnesio.com.br\/?p=309633"]}]},{"@type":"ImageObject","inLanguage":"pt-BR","@id":"https:\/\/blogdofarnesio.com.br\/?p=309633#primaryimage","url":"https:\/\/blogdofarnesio.com.br\/wp-content\/uploads\/2022\/03\/blogqspacm_DUARTE_5.jpg","contentUrl":"https:\/\/blogdofarnesio.com.br\/wp-content\/uploads\/2022\/03\/blogqspacm_DUARTE_5.jpg","width":380,"height":280},{"@type":"BreadcrumbList","@id":"https:\/\/blogdofarnesio.com.br\/?p=309633#breadcrumb","itemListElement":[{"@type":"ListItem","position":1,"name":"In\u00edcio","item":"https:\/\/blogdofarnesio.com.br\/"},{"@type":"ListItem","position":2,"name":"Elei\u00e7\u00f5es 2022 BA: ACM Neto tinha prometido o &#8216;novo&#8217;, mas Le\u00e3o envelheceu chapa"}]},{"@type":"WebSite","@id":"https:\/\/blogdofarnesio.com.br\/#website","url":"https:\/\/blogdofarnesio.com.br\/","name":"Blog do Farn\u00e9sio","description":"Quer Saber Pol\u00edtica?","publisher":{"@id":"https:\/\/blogdofarnesio.com.br\/#organization"},"potentialAction":[{"@type":"SearchAction","target":{"@type":"EntryPoint","urlTemplate":"https:\/\/blogdofarnesio.com.br\/?s={search_term_string}"},"query-input":{"@type":"PropertyValueSpecification","valueRequired":true,"valueName":"search_term_string"}}],"inLanguage":"pt-BR"},{"@type":"Organization","@id":"https:\/\/blogdofarnesio.com.br\/#organization","name":"Blog do Farn\u00e9sio","url":"https:\/\/blogdofarnesio.com.br\/","logo":{"@type":"ImageObject","inLanguage":"pt-BR","@id":"https:\/\/blogdofarnesio.com.br\/#\/schema\/logo\/image\/","url":"https:\/\/blogdofarnesio.com.br\/wp-content\/uploads\/2026\/03\/cropped-logo_new-1.png","contentUrl":"https:\/\/blogdofarnesio.com.br\/wp-content\/uploads\/2026\/03\/cropped-logo_new-1.png","width":881,"height":685,"caption":"Blog do Farn\u00e9sio"},"image":{"@id":"https:\/\/blogdofarnesio.com.br\/#\/schema\/logo\/image\/"},"sameAs":["https:\/\/www.facebook.com\/BlogQuerSaberPolitica\/"]},{"@type":"Person","@id":"https:\/\/blogdofarnesio.com.br\/#\/schema\/person\/bb9b23ae3ad0609ce8df7b6c9e76824d","name":"Farn\u00e9sio","image":{"@type":"ImageObject","inLanguage":"pt-BR","@id":"https:\/\/secure.gravatar.com\/avatar\/986aa4c61ccdb66f8555bf88fc2a65609d00bcabd4d2d94377a727547345cbca?s=96&d=mm&r=g","url":"https:\/\/secure.gravatar.com\/avatar\/986aa4c61ccdb66f8555bf88fc2a65609d00bcabd4d2d94377a727547345cbca?s=96&d=mm&r=g","contentUrl":"https:\/\/secure.gravatar.com\/avatar\/986aa4c61ccdb66f8555bf88fc2a65609d00bcabd4d2d94377a727547345cbca?s=96&d=mm&r=g","caption":"Farn\u00e9sio"},"description":"Radialista blogueiro, chegou a Petrolina\/Juazeiro em setembro de 1980, Farn\u00e9sio Silva \u00e9 de Arapiraca-Alagoas.","sameAs":["http:\/\/blogdofarnesio.com.br","https:\/\/www.facebook.com\/?ref=tn_tnmn","https:\/\/www.instagram.com\/?utm_source=pwa_homescreen","https:\/\/youtube.com.br\/"],"url":"https:\/\/blogdofarnesio.com.br\/?author=2"}]}},"_links":{"self":[{"href":"https:\/\/blogdofarnesio.com.br\/index.php?rest_route=\/wp\/v2\/posts\/309633","targetHints":{"allow":["GET"]}}],"collection":[{"href":"https:\/\/blogdofarnesio.com.br\/index.php?rest_route=\/wp\/v2\/posts"}],"about":[{"href":"https:\/\/blogdofarnesio.com.br\/index.php?rest_route=\/wp\/v2\/types\/post"}],"author":[{"embeddable":true,"href":"https:\/\/blogdofarnesio.com.br\/index.php?rest_route=\/wp\/v2\/users\/2"}],"replies":[{"embeddable":true,"href":"https:\/\/blogdofarnesio.com.br\/index.php?rest_route=%2Fwp%2Fv2%2Fcomments&post=309633"}],"version-history":[{"count":0,"href":"https:\/\/blogdofarnesio.com.br\/index.php?rest_route=\/wp\/v2\/posts\/309633\/revisions"}],"wp:featuredmedia":[{"embeddable":true,"href":"https:\/\/blogdofarnesio.com.br\/index.php?rest_route=\/wp\/v2\/media\/309634"}],"wp:attachment":[{"href":"https:\/\/blogdofarnesio.com.br\/index.php?rest_route=%2Fwp%2Fv2%2Fmedia&parent=309633"}],"wp:term":[{"taxonomy":"category","embeddable":true,"href":"https:\/\/blogdofarnesio.com.br\/index.php?rest_route=%2Fwp%2Fv2%2Fcategories&post=309633"},{"taxonomy":"post_tag","embeddable":true,"href":"https:\/\/blogdofarnesio.com.br\/index.php?rest_route=%2Fwp%2Fv2%2Ftags&post=309633"}],"curies":[{"name":"wp","href":"https:\/\/api.w.org\/{rel}","templated":true}]}}