{"id":309438,"date":"2022-03-24T17:37:30","date_gmt":"2022-03-24T20:37:30","guid":{"rendered":"https:\/\/blogdofarnesio.com.br\/?p=309438"},"modified":"2022-03-24T17:17:56","modified_gmt":"2022-03-24T20:17:56","slug":"em-comemoracao-ao-dia-mundial-da-agua-secretaria-de-saude-desenvolve-acoes-educativas-em-petrolina","status":"publish","type":"post","link":"https:\/\/blogdofarnesio.com.br\/?p=309438","title":{"rendered":"Em comemora\u00e7\u00e3o ao Dia Mundial da \u00c1gua, Secretaria de Sa\u00fade desenvolve a\u00e7\u00f5es educativas em Petrolina"},"content":{"rendered":"<p style=\"font-weight: 400;\">A Prefeitura de Petrolina, atrav\u00e9s da Secretaria de Sa\u00fade e da Ag\u00eancia Municipal de Meio Ambiente (AMMA), realizou nesta quinta-feira (24), uma palestra com os alunos da escola Poeta Carlos Drummond de Andrade. O objetivo foi alertar sobre a necessidade de preserva\u00e7\u00e3o da \u00e1gua e dos recurso para garantir a sobreviv\u00eancia de todos os ecossistemas do mundo. Essa a\u00e7\u00e3o ocorreu em comemora\u00e7\u00e3o ao dia Mundial da \u00c1gua celebrado no m\u00eas de mar\u00e7o.<\/p>\n<p style=\"font-weight: 400;\">Os alunos do 6\u00ba ao 3\u00ba ano tiveram uma manh\u00e3 bem diferente. O grupo participou de uma palestra com as equipes da Vigil\u00e2ncia em Sa\u00fade Ambiental e AMMA, onde foram repassadas informa\u00e7\u00f5es sobre a import\u00e2ncia da \u00e1gua, conscientiza\u00e7\u00e3o da data e sobre os meios de reutiliza\u00e7\u00e3o desse recurso. Tamb\u00e9m foram passadas orienta\u00e7\u00f5es de como evitar os problemas com doen\u00e7as relacionadas \u00e0 qualidade da \u00e1gua.<\/p>\n<p style=\"font-weight: 400;\">\u201cNos sabemos que vivemos em uma situa\u00e7\u00e3o preocupante, se medidas n\u00e3o forem tomadas, em um futuro pr\u00f3ximo podemos n\u00e3o ter \u00e1gua para consumo. Ent\u00e3o \u00e9 muito importante conversar com esses jovens e deixar uma reflex\u00e3o sobre esse tema, que \u00e9 um problema que deve ser resolvido por todos n\u00f3s\u201d, destaca a gerente de Vigil\u00e2ncia em Sa\u00fade Ambiental, Clarissa Santos.<\/p>\n<p style=\"font-weight: 400;\">Vale ressaltar que dia na quarta (30) e quinta-feira (31), os estudantes ir\u00e3o visitar a Companhia Pernambucana de Saneamento (Compesa) para entender como funciona o sistema de tratamento da \u00e1gua at\u00e9 chegar nas resid\u00eancias.<\/p>\n<p style=\"font-weight: 400;\">Texto: Jhulyenne Souza \u2013 Assessora de Comunica\u00e7\u00e3o da Secretaria de Sa\u00fade<\/p>\n","protected":false},"excerpt":{"rendered":"<p>A Prefeitura de Petrolina, atrav\u00e9s da Secretaria de Sa\u00fade e da Ag\u00eancia Municipal de Meio Ambiente (AMMA), realizou nesta quinta-feira (24), uma palestra com os alunos da escola Poeta Carlos Drummond de Andrade. O objetivo foi alertar sobre a necessidade de preserva\u00e7\u00e3o da \u00e1gua e dos recurso para garantir a sobreviv\u00eancia de todos os ecossistemas do mundo. Essa a\u00e7\u00e3o ocorreu em comemora\u00e7\u00e3o ao dia Mundial da \u00c1gua celebrado no m\u00eas de mar\u00e7o. Os alunos do 6\u00ba ao 3\u00ba ano tiveram uma manh\u00e3 bem diferente. O grupo participou de uma palestra com as equipes da Vigil\u00e2ncia em Sa\u00fade Ambiental e AMMA, onde foram repassadas informa\u00e7\u00f5es sobre a import\u00e2ncia da \u00e1gua, conscientiza\u00e7\u00e3o da data e sobre os meios de reutiliza\u00e7\u00e3o desse recurso.&hellip; <\/p>\n","protected":false},"author":2,"featured_media":309201,"comment_status":"open","ping_status":"open","sticky":false,"template":"","format":"standard","meta":{"_acf_changed":false,"footnotes":""},"categories":[56],"tags":[],"class_list":["post-309438","post","type-post","status-publish","format-standard","has-post-thumbnail","hentry","category-agua"],"acf":[],"yoast_head":"<!-- This site is optimized with the Yoast SEO plugin v27.4 - https:\/\/yoast.com\/product\/yoast-seo-wordpress\/ -->\n<title>Em comemora\u00e7\u00e3o ao Dia Mundial da \u00c1gua, Secretaria de Sa\u00fade desenvolve a\u00e7\u00f5es educativas em Petrolina - Blog do Farn\u00e9sio<\/title>\n<meta name=\"robots\" content=\"index, follow, max-snippet:-1, max-image-preview:large, max-video-preview:-1\" \/>\n<link rel=\"canonical\" href=\"https:\/\/blogdofarnesio.com.br\/?p=309438\" \/>\n<meta property=\"og:locale\" content=\"pt_BR\" \/>\n<meta property=\"og:type\" content=\"article\" \/>\n<meta property=\"og:title\" content=\"Em comemora\u00e7\u00e3o ao Dia Mundial da \u00c1gua, Secretaria de Sa\u00fade desenvolve a\u00e7\u00f5es educativas em Petrolina - Blog do Farn\u00e9sio\" \/>\n<meta property=\"og:description\" content=\"A Prefeitura de Petrolina, atrav\u00e9s da Secretaria de Sa\u00fade e da Ag\u00eancia Municipal de Meio Ambiente (AMMA), realizou nesta quinta-feira (24), uma palestra com os alunos da escola Poeta Carlos Drummond de Andrade. O objetivo foi alertar sobre a necessidade de preserva\u00e7\u00e3o da \u00e1gua e dos recurso para garantir a sobreviv\u00eancia de todos os ecossistemas do mundo. Essa a\u00e7\u00e3o ocorreu em comemora\u00e7\u00e3o ao dia Mundial da \u00c1gua celebrado no m\u00eas de mar\u00e7o. Os alunos do 6\u00ba ao 3\u00ba ano tiveram uma manh\u00e3 bem diferente. O grupo participou de uma palestra com as equipes da Vigil\u00e2ncia em Sa\u00fade Ambiental e AMMA, onde foram repassadas informa\u00e7\u00f5es sobre a import\u00e2ncia da \u00e1gua, conscientiza\u00e7\u00e3o da data e sobre os meios de reutiliza\u00e7\u00e3o desse recurso.&hellip;\" \/>\n<meta property=\"og:url\" content=\"https:\/\/blogdofarnesio.com.br\/?p=309438\" \/>\n<meta property=\"og:site_name\" content=\"Blog do Farn\u00e9sio\" \/>\n<meta property=\"article:publisher\" content=\"https:\/\/www.facebook.com\/BlogQuerSaberPolitica\/\" \/>\n<meta property=\"article:author\" content=\"https:\/\/www.facebook.com\/?ref=tn_tnmn\" \/>\n<meta property=\"article:published_time\" content=\"2022-03-24T20:37:30+00:00\" \/>\n<meta property=\"og:image\" content=\"https:\/\/blogdofarnesio.com.br\/wp-content\/uploads\/2022\/03\/blogqspdia-da-agua.jpg\" \/>\n\t<meta property=\"og:image:width\" content=\"707\" \/>\n\t<meta property=\"og:image:height\" content=\"361\" \/>\n\t<meta property=\"og:image:type\" content=\"image\/jpeg\" \/>\n<meta name=\"author\" content=\"Farn\u00e9sio\" \/>\n<meta name=\"twitter:card\" content=\"summary_large_image\" \/>\n<meta name=\"twitter:label1\" content=\"Escrito por\" \/>\n\t<meta name=\"twitter:data1\" content=\"Farn\u00e9sio\" \/>\n\t<meta name=\"twitter:label2\" content=\"Est. tempo de leitura\" \/>\n\t<meta name=\"twitter:data2\" content=\"2 minutos\" \/>\n<script type=\"application\/ld+json\" class=\"yoast-schema-graph\">{\"@context\":\"https:\\\/\\\/schema.org\",\"@graph\":[{\"@type\":\"Article\",\"@id\":\"https:\\\/\\\/blogdofarnesio.com.br\\\/?p=309438#article\",\"isPartOf\":{\"@id\":\"https:\\\/\\\/blogdofarnesio.com.br\\\/?p=309438\"},\"author\":{\"name\":\"Farn\u00e9sio\",\"@id\":\"https:\\\/\\\/blogdofarnesio.com.br\\\/#\\\/schema\\\/person\\\/bb9b23ae3ad0609ce8df7b6c9e76824d\"},\"headline\":\"Em comemora\u00e7\u00e3o ao Dia Mundial da \u00c1gua, Secretaria de Sa\u00fade desenvolve a\u00e7\u00f5es educativas em Petrolina\",\"datePublished\":\"2022-03-24T20:37:30+00:00\",\"mainEntityOfPage\":{\"@id\":\"https:\\\/\\\/blogdofarnesio.com.br\\\/?p=309438\"},\"wordCount\":280,\"commentCount\":0,\"publisher\":{\"@id\":\"https:\\\/\\\/blogdofarnesio.com.br\\\/#organization\"},\"image\":{\"@id\":\"https:\\\/\\\/blogdofarnesio.com.br\\\/?p=309438#primaryimage\"},\"thumbnailUrl\":\"https:\\\/\\\/blogdofarnesio.com.br\\\/wp-content\\\/uploads\\\/2022\\\/03\\\/blogqspdia-da-agua.jpg\",\"articleSection\":[\"\u00c1gua\"],\"inLanguage\":\"pt-BR\",\"potentialAction\":[{\"@type\":\"CommentAction\",\"name\":\"Comment\",\"target\":[\"https:\\\/\\\/blogdofarnesio.com.br\\\/?p=309438#respond\"]}]},{\"@type\":\"WebPage\",\"@id\":\"https:\\\/\\\/blogdofarnesio.com.br\\\/?p=309438\",\"url\":\"https:\\\/\\\/blogdofarnesio.com.br\\\/?p=309438\",\"name\":\"Em comemora\u00e7\u00e3o ao Dia Mundial da \u00c1gua, Secretaria de Sa\u00fade desenvolve a\u00e7\u00f5es educativas em Petrolina - Blog do Farn\u00e9sio\",\"isPartOf\":{\"@id\":\"https:\\\/\\\/blogdofarnesio.com.br\\\/#website\"},\"primaryImageOfPage\":{\"@id\":\"https:\\\/\\\/blogdofarnesio.com.br\\\/?p=309438#primaryimage\"},\"image\":{\"@id\":\"https:\\\/\\\/blogdofarnesio.com.br\\\/?p=309438#primaryimage\"},\"thumbnailUrl\":\"https:\\\/\\\/blogdofarnesio.com.br\\\/wp-content\\\/uploads\\\/2022\\\/03\\\/blogqspdia-da-agua.jpg\",\"datePublished\":\"2022-03-24T20:37:30+00:00\",\"breadcrumb\":{\"@id\":\"https:\\\/\\\/blogdofarnesio.com.br\\\/?p=309438#breadcrumb\"},\"inLanguage\":\"pt-BR\",\"potentialAction\":[{\"@type\":\"ReadAction\",\"target\":[\"https:\\\/\\\/blogdofarnesio.com.br\\\/?p=309438\"]}]},{\"@type\":\"ImageObject\",\"inLanguage\":\"pt-BR\",\"@id\":\"https:\\\/\\\/blogdofarnesio.com.br\\\/?p=309438#primaryimage\",\"url\":\"https:\\\/\\\/blogdofarnesio.com.br\\\/wp-content\\\/uploads\\\/2022\\\/03\\\/blogqspdia-da-agua.jpg\",\"contentUrl\":\"https:\\\/\\\/blogdofarnesio.com.br\\\/wp-content\\\/uploads\\\/2022\\\/03\\\/blogqspdia-da-agua.jpg\",\"width\":707,\"height\":361},{\"@type\":\"BreadcrumbList\",\"@id\":\"https:\\\/\\\/blogdofarnesio.com.br\\\/?p=309438#breadcrumb\",\"itemListElement\":[{\"@type\":\"ListItem\",\"position\":1,\"name\":\"In\u00edcio\",\"item\":\"https:\\\/\\\/blogdofarnesio.com.br\\\/\"},{\"@type\":\"ListItem\",\"position\":2,\"name\":\"Em comemora\u00e7\u00e3o ao Dia Mundial da \u00c1gua, Secretaria de Sa\u00fade desenvolve a\u00e7\u00f5es educativas em Petrolina\"}]},{\"@type\":\"WebSite\",\"@id\":\"https:\\\/\\\/blogdofarnesio.com.br\\\/#website\",\"url\":\"https:\\\/\\\/blogdofarnesio.com.br\\\/\",\"name\":\"Blog do Farn\u00e9sio\",\"description\":\"Quer Saber Pol\u00edtica?\",\"publisher\":{\"@id\":\"https:\\\/\\\/blogdofarnesio.com.br\\\/#organization\"},\"potentialAction\":[{\"@type\":\"SearchAction\",\"target\":{\"@type\":\"EntryPoint\",\"urlTemplate\":\"https:\\\/\\\/blogdofarnesio.com.br\\\/?s={search_term_string}\"},\"query-input\":{\"@type\":\"PropertyValueSpecification\",\"valueRequired\":true,\"valueName\":\"search_term_string\"}}],\"inLanguage\":\"pt-BR\"},{\"@type\":\"Organization\",\"@id\":\"https:\\\/\\\/blogdofarnesio.com.br\\\/#organization\",\"name\":\"Blog do Farn\u00e9sio\",\"url\":\"https:\\\/\\\/blogdofarnesio.com.br\\\/\",\"logo\":{\"@type\":\"ImageObject\",\"inLanguage\":\"pt-BR\",\"@id\":\"https:\\\/\\\/blogdofarnesio.com.br\\\/#\\\/schema\\\/logo\\\/image\\\/\",\"url\":\"https:\\\/\\\/blogdofarnesio.com.br\\\/wp-content\\\/uploads\\\/2026\\\/03\\\/cropped-logo_new-1.png\",\"contentUrl\":\"https:\\\/\\\/blogdofarnesio.com.br\\\/wp-content\\\/uploads\\\/2026\\\/03\\\/cropped-logo_new-1.png\",\"width\":881,\"height\":685,\"caption\":\"Blog do Farn\u00e9sio\"},\"image\":{\"@id\":\"https:\\\/\\\/blogdofarnesio.com.br\\\/#\\\/schema\\\/logo\\\/image\\\/\"},\"sameAs\":[\"https:\\\/\\\/www.facebook.com\\\/BlogQuerSaberPolitica\\\/\"]},{\"@type\":\"Person\",\"@id\":\"https:\\\/\\\/blogdofarnesio.com.br\\\/#\\\/schema\\\/person\\\/bb9b23ae3ad0609ce8df7b6c9e76824d\",\"name\":\"Farn\u00e9sio\",\"image\":{\"@type\":\"ImageObject\",\"inLanguage\":\"pt-BR\",\"@id\":\"https:\\\/\\\/secure.gravatar.com\\\/avatar\\\/986aa4c61ccdb66f8555bf88fc2a65609d00bcabd4d2d94377a727547345cbca?s=96&d=mm&r=g\",\"url\":\"https:\\\/\\\/secure.gravatar.com\\\/avatar\\\/986aa4c61ccdb66f8555bf88fc2a65609d00bcabd4d2d94377a727547345cbca?s=96&d=mm&r=g\",\"contentUrl\":\"https:\\\/\\\/secure.gravatar.com\\\/avatar\\\/986aa4c61ccdb66f8555bf88fc2a65609d00bcabd4d2d94377a727547345cbca?s=96&d=mm&r=g\",\"caption\":\"Farn\u00e9sio\"},\"description\":\"Radialista blogueiro, chegou a Petrolina\\\/Juazeiro em setembro de 1980, Farn\u00e9sio Silva \u00e9 de Arapiraca-Alagoas.\",\"sameAs\":[\"http:\\\/\\\/blogdofarnesio.com.br\",\"https:\\\/\\\/www.facebook.com\\\/?ref=tn_tnmn\",\"https:\\\/\\\/www.instagram.com\\\/?utm_source=pwa_homescreen\",\"https:\\\/\\\/youtube.com.br\\\/\"],\"url\":\"https:\\\/\\\/blogdofarnesio.com.br\\\/?author=2\"}]}<\/script>\n<!-- \/ Yoast SEO plugin. -->","yoast_head_json":{"title":"Em comemora\u00e7\u00e3o ao Dia Mundial da \u00c1gua, Secretaria de Sa\u00fade desenvolve a\u00e7\u00f5es educativas em Petrolina - Blog do Farn\u00e9sio","robots":{"index":"index","follow":"follow","max-snippet":"max-snippet:-1","max-image-preview":"max-image-preview:large","max-video-preview":"max-video-preview:-1"},"canonical":"https:\/\/blogdofarnesio.com.br\/?p=309438","og_locale":"pt_BR","og_type":"article","og_title":"Em comemora\u00e7\u00e3o ao Dia Mundial da \u00c1gua, Secretaria de Sa\u00fade desenvolve a\u00e7\u00f5es educativas em Petrolina - Blog do Farn\u00e9sio","og_description":"A Prefeitura de Petrolina, atrav\u00e9s da Secretaria de Sa\u00fade e da Ag\u00eancia Municipal de Meio Ambiente (AMMA), realizou nesta quinta-feira (24), uma palestra com os alunos da escola Poeta Carlos Drummond de Andrade. O objetivo foi alertar sobre a necessidade de preserva\u00e7\u00e3o da \u00e1gua e dos recurso para garantir a sobreviv\u00eancia de todos os ecossistemas do mundo. Essa a\u00e7\u00e3o ocorreu em comemora\u00e7\u00e3o ao dia Mundial da \u00c1gua celebrado no m\u00eas de mar\u00e7o. Os alunos do 6\u00ba ao 3\u00ba ano tiveram uma manh\u00e3 bem diferente. O grupo participou de uma palestra com as equipes da Vigil\u00e2ncia em Sa\u00fade Ambiental e AMMA, onde foram repassadas informa\u00e7\u00f5es sobre a import\u00e2ncia da \u00e1gua, conscientiza\u00e7\u00e3o da data e sobre os meios de reutiliza\u00e7\u00e3o desse recurso.&hellip;","og_url":"https:\/\/blogdofarnesio.com.br\/?p=309438","og_site_name":"Blog do Farn\u00e9sio","article_publisher":"https:\/\/www.facebook.com\/BlogQuerSaberPolitica\/","article_author":"https:\/\/www.facebook.com\/?ref=tn_tnmn","article_published_time":"2022-03-24T20:37:30+00:00","og_image":[{"width":707,"height":361,"url":"https:\/\/blogdofarnesio.com.br\/wp-content\/uploads\/2022\/03\/blogqspdia-da-agua.jpg","type":"image\/jpeg"}],"author":"Farn\u00e9sio","twitter_card":"summary_large_image","twitter_misc":{"Escrito por":"Farn\u00e9sio","Est. tempo de leitura":"2 minutos"},"schema":{"@context":"https:\/\/schema.org","@graph":[{"@type":"Article","@id":"https:\/\/blogdofarnesio.com.br\/?p=309438#article","isPartOf":{"@id":"https:\/\/blogdofarnesio.com.br\/?p=309438"},"author":{"name":"Farn\u00e9sio","@id":"https:\/\/blogdofarnesio.com.br\/#\/schema\/person\/bb9b23ae3ad0609ce8df7b6c9e76824d"},"headline":"Em comemora\u00e7\u00e3o ao Dia Mundial da \u00c1gua, Secretaria de Sa\u00fade desenvolve a\u00e7\u00f5es educativas em Petrolina","datePublished":"2022-03-24T20:37:30+00:00","mainEntityOfPage":{"@id":"https:\/\/blogdofarnesio.com.br\/?p=309438"},"wordCount":280,"commentCount":0,"publisher":{"@id":"https:\/\/blogdofarnesio.com.br\/#organization"},"image":{"@id":"https:\/\/blogdofarnesio.com.br\/?p=309438#primaryimage"},"thumbnailUrl":"https:\/\/blogdofarnesio.com.br\/wp-content\/uploads\/2022\/03\/blogqspdia-da-agua.jpg","articleSection":["\u00c1gua"],"inLanguage":"pt-BR","potentialAction":[{"@type":"CommentAction","name":"Comment","target":["https:\/\/blogdofarnesio.com.br\/?p=309438#respond"]}]},{"@type":"WebPage","@id":"https:\/\/blogdofarnesio.com.br\/?p=309438","url":"https:\/\/blogdofarnesio.com.br\/?p=309438","name":"Em comemora\u00e7\u00e3o ao Dia Mundial da \u00c1gua, Secretaria de Sa\u00fade desenvolve a\u00e7\u00f5es educativas em Petrolina - Blog do Farn\u00e9sio","isPartOf":{"@id":"https:\/\/blogdofarnesio.com.br\/#website"},"primaryImageOfPage":{"@id":"https:\/\/blogdofarnesio.com.br\/?p=309438#primaryimage"},"image":{"@id":"https:\/\/blogdofarnesio.com.br\/?p=309438#primaryimage"},"thumbnailUrl":"https:\/\/blogdofarnesio.com.br\/wp-content\/uploads\/2022\/03\/blogqspdia-da-agua.jpg","datePublished":"2022-03-24T20:37:30+00:00","breadcrumb":{"@id":"https:\/\/blogdofarnesio.com.br\/?p=309438#breadcrumb"},"inLanguage":"pt-BR","potentialAction":[{"@type":"ReadAction","target":["https:\/\/blogdofarnesio.com.br\/?p=309438"]}]},{"@type":"ImageObject","inLanguage":"pt-BR","@id":"https:\/\/blogdofarnesio.com.br\/?p=309438#primaryimage","url":"https:\/\/blogdofarnesio.com.br\/wp-content\/uploads\/2022\/03\/blogqspdia-da-agua.jpg","contentUrl":"https:\/\/blogdofarnesio.com.br\/wp-content\/uploads\/2022\/03\/blogqspdia-da-agua.jpg","width":707,"height":361},{"@type":"BreadcrumbList","@id":"https:\/\/blogdofarnesio.com.br\/?p=309438#breadcrumb","itemListElement":[{"@type":"ListItem","position":1,"name":"In\u00edcio","item":"https:\/\/blogdofarnesio.com.br\/"},{"@type":"ListItem","position":2,"name":"Em comemora\u00e7\u00e3o ao Dia Mundial da \u00c1gua, Secretaria de Sa\u00fade desenvolve a\u00e7\u00f5es educativas em Petrolina"}]},{"@type":"WebSite","@id":"https:\/\/blogdofarnesio.com.br\/#website","url":"https:\/\/blogdofarnesio.com.br\/","name":"Blog do Farn\u00e9sio","description":"Quer Saber Pol\u00edtica?","publisher":{"@id":"https:\/\/blogdofarnesio.com.br\/#organization"},"potentialAction":[{"@type":"SearchAction","target":{"@type":"EntryPoint","urlTemplate":"https:\/\/blogdofarnesio.com.br\/?s={search_term_string}"},"query-input":{"@type":"PropertyValueSpecification","valueRequired":true,"valueName":"search_term_string"}}],"inLanguage":"pt-BR"},{"@type":"Organization","@id":"https:\/\/blogdofarnesio.com.br\/#organization","name":"Blog do Farn\u00e9sio","url":"https:\/\/blogdofarnesio.com.br\/","logo":{"@type":"ImageObject","inLanguage":"pt-BR","@id":"https:\/\/blogdofarnesio.com.br\/#\/schema\/logo\/image\/","url":"https:\/\/blogdofarnesio.com.br\/wp-content\/uploads\/2026\/03\/cropped-logo_new-1.png","contentUrl":"https:\/\/blogdofarnesio.com.br\/wp-content\/uploads\/2026\/03\/cropped-logo_new-1.png","width":881,"height":685,"caption":"Blog do Farn\u00e9sio"},"image":{"@id":"https:\/\/blogdofarnesio.com.br\/#\/schema\/logo\/image\/"},"sameAs":["https:\/\/www.facebook.com\/BlogQuerSaberPolitica\/"]},{"@type":"Person","@id":"https:\/\/blogdofarnesio.com.br\/#\/schema\/person\/bb9b23ae3ad0609ce8df7b6c9e76824d","name":"Farn\u00e9sio","image":{"@type":"ImageObject","inLanguage":"pt-BR","@id":"https:\/\/secure.gravatar.com\/avatar\/986aa4c61ccdb66f8555bf88fc2a65609d00bcabd4d2d94377a727547345cbca?s=96&d=mm&r=g","url":"https:\/\/secure.gravatar.com\/avatar\/986aa4c61ccdb66f8555bf88fc2a65609d00bcabd4d2d94377a727547345cbca?s=96&d=mm&r=g","contentUrl":"https:\/\/secure.gravatar.com\/avatar\/986aa4c61ccdb66f8555bf88fc2a65609d00bcabd4d2d94377a727547345cbca?s=96&d=mm&r=g","caption":"Farn\u00e9sio"},"description":"Radialista blogueiro, chegou a Petrolina\/Juazeiro em setembro de 1980, Farn\u00e9sio Silva \u00e9 de Arapiraca-Alagoas.","sameAs":["http:\/\/blogdofarnesio.com.br","https:\/\/www.facebook.com\/?ref=tn_tnmn","https:\/\/www.instagram.com\/?utm_source=pwa_homescreen","https:\/\/youtube.com.br\/"],"url":"https:\/\/blogdofarnesio.com.br\/?author=2"}]}},"_links":{"self":[{"href":"https:\/\/blogdofarnesio.com.br\/index.php?rest_route=\/wp\/v2\/posts\/309438","targetHints":{"allow":["GET"]}}],"collection":[{"href":"https:\/\/blogdofarnesio.com.br\/index.php?rest_route=\/wp\/v2\/posts"}],"about":[{"href":"https:\/\/blogdofarnesio.com.br\/index.php?rest_route=\/wp\/v2\/types\/post"}],"author":[{"embeddable":true,"href":"https:\/\/blogdofarnesio.com.br\/index.php?rest_route=\/wp\/v2\/users\/2"}],"replies":[{"embeddable":true,"href":"https:\/\/blogdofarnesio.com.br\/index.php?rest_route=%2Fwp%2Fv2%2Fcomments&post=309438"}],"version-history":[{"count":0,"href":"https:\/\/blogdofarnesio.com.br\/index.php?rest_route=\/wp\/v2\/posts\/309438\/revisions"}],"wp:featuredmedia":[{"embeddable":true,"href":"https:\/\/blogdofarnesio.com.br\/index.php?rest_route=\/wp\/v2\/media\/309201"}],"wp:attachment":[{"href":"https:\/\/blogdofarnesio.com.br\/index.php?rest_route=%2Fwp%2Fv2%2Fmedia&parent=309438"}],"wp:term":[{"taxonomy":"category","embeddable":true,"href":"https:\/\/blogdofarnesio.com.br\/index.php?rest_route=%2Fwp%2Fv2%2Fcategories&post=309438"},{"taxonomy":"post_tag","embeddable":true,"href":"https:\/\/blogdofarnesio.com.br\/index.php?rest_route=%2Fwp%2Fv2%2Ftags&post=309438"}],"curies":[{"name":"wp","href":"https:\/\/api.w.org\/{rel}","templated":true}]}}