{"id":309200,"date":"2022-03-22T10:03:58","date_gmt":"2022-03-22T13:03:58","guid":{"rendered":"https:\/\/blogdofarnesio.com.br\/?p=309200"},"modified":"2022-03-22T09:20:55","modified_gmt":"2022-03-22T12:20:55","slug":"dia-mundial-da-agua","status":"publish","type":"post","link":"https:\/\/blogdofarnesio.com.br\/2022\/03\/dia-mundial-da-agua\/","title":{"rendered":"Dia Mundial da \u00c1gua"},"content":{"rendered":"<h1 class=\"article-title\"><span style=\"font-size: 16px;\">M\u00e1rcia Fernandes &#8211;\u00a0<\/span><\/h1>\n<p>O Dia Mundial da \u00c1gua, 22 de mar\u00e7o, destaca a import\u00e2ncia da \u00e1gua. Em 2022, o tema para essa comemora\u00e7\u00e3o \u00e9 \u00c1guas subterr\u00e2neas: tornando o invis\u00edvel vis\u00edvel. A data tem como objetivo conscientizar as pessoas acerca da necessidade de n\u00e3o desperdi\u00e7ar \u00e1gua, pois esse \u00e9 recurso indispens\u00e1vel na vida das pessoas e no equil\u00edbrio dos ecossistemas.<\/p>\n<p>Desde muito tempo, h\u00e1 conflitos causados pela escassez de \u00e1gua ou pela explora\u00e7\u00e3o indiscriminada desse recurso pelo homem.<\/p>\n<h2>Origem do Dia Mundial da \u00c1gua<\/h2>\n<p>O Dia Mundial da \u00c1gua foi comemorado pela primeira vez em 1993. A data foi institu\u00edda em 1992 na Confer\u00eancia das Na\u00e7\u00f5es Unidas sobre Meio Ambiente e Desenvolvimento realizada no Rio de Janeiro; por esse motivo, o evento ficou conhecido como Rio-92.<\/p>\n<p>Durante essa confer\u00eancia, no dia 22 de mar\u00e7o de 1992, foi divulgada a Declara\u00e7\u00e3o Universal dos Direitos da \u00c1gua, um importante documento que destaca a import\u00e2ncia da conserva\u00e7\u00e3o da \u00e1gua.<\/p>\n<p>A consci\u00eancia ambiental \u00e9 um dos temas relevantes apresentados na declara\u00e7\u00e3o. Al\u00e9m disso, ela aborda sobre a preserva\u00e7\u00e3o e prote\u00e7\u00e3o dos recursos h\u00eddricos do planeta.<\/p>\n<blockquote><p>\u201c<em>O equil\u00edbrio e o futuro de nosso planeta dependem da preserva\u00e7\u00e3o da \u00e1gua e de seus ciclos. Estes devem permanecer intactos e funcionando normalmente para garantir a continuidade da vida sobre a Terra. Este equil\u00edbrio depende em particular, da preserva\u00e7\u00e3o dos mares e oceanos, por onde os ciclos come\u00e7am<\/em>.\u201d (Artigo 4 da &#8220;Declara\u00e7\u00e3o Universal dos Direitos da \u00c1gua&#8221;)<\/p><\/blockquote>\n<h3>Declara\u00e7\u00e3o Universal dos Direitos da \u00c1gua<\/h3>\n<p>A Declara\u00e7\u00e3o Universal dos Direitos da \u00c1gua \u00e9 dividida em dez artigos, os quais destacam:<\/p>\n<ul>\n<li>Art. 1\u00ba: A \u00e1gua faz parte do patrim\u00f4nio do planeta.<\/li>\n<li>Art. 2\u00ba: A \u00e1gua \u00e9 a seiva do nosso planeta, ou seja, \u00e9 a condi\u00e7\u00e3o essencial de vida de todo ser vegetal, animal ou humano.<\/li>\n<li>Art. 3\u00ba: Os recursos naturais de transforma\u00e7\u00e3o da \u00e1gua em \u00e1gua pot\u00e1vel s\u00e3o lentos, fr\u00e1geis e muito limitados.<\/li>\n<li>Art. 4\u00ba: O equil\u00edbrio e o futuro do nosso planeta dependem da preserva\u00e7\u00e3o da \u00e1gua e de seus ciclos.<\/li>\n<li>Art. 5\u00ba: A \u00e1gua n\u00e3o \u00e9 somente uma heran\u00e7a dos nossos predecessores; ela \u00e9, sobretudo, um empr\u00e9stimo aos nossos sucessores.<\/li>\n<li>Art. 6\u00ba: A \u00e1gua n\u00e3o \u00e9 uma doa\u00e7\u00e3o gratuita da natureza; ela tem um valor econ\u00f4mico: precisa-se saber que ela \u00e9, algumas vezes, rara e dispendiosa e que pode muito bem escassear em qualquer regi\u00e3o do mundo.<\/li>\n<li>Art. 7\u00ba: A \u00e1gua n\u00e3o deve ser desperdi\u00e7ada, nem polu\u00edda, nem envenenada.<\/li>\n<li>Art. 8\u00ba: A utiliza\u00e7\u00e3o da \u00e1gua implica no respeito \u00e0 lei.<\/li>\n<li>Art. 9\u00ba: A gest\u00e3o da \u00e1gua imp\u00f5e um equil\u00edbrio entre os imperativos de sua prote\u00e7\u00e3o e as necessidades de ordem econ\u00f4mica, sanit\u00e1ria e social.<\/li>\n<li>Art. 10\u00ba: O planejamento da gest\u00e3o da \u00e1gua deve levar em conta a solidariedade e o consenso em raz\u00e3o de sua distribui\u00e7\u00e3o desigual sobre a Terra.<\/li>\n<\/ul>\n","protected":false},"excerpt":{"rendered":"<p>M\u00e1rcia Fernandes &#8211;\u00a0 O Dia Mundial da \u00c1gua, 22 de mar\u00e7o, destaca a import\u00e2ncia da \u00e1gua. Em 2022, o tema para essa comemora\u00e7\u00e3o \u00e9 \u00c1guas subterr\u00e2neas: tornando o invis\u00edvel vis\u00edvel. A data tem como objetivo conscientizar as pessoas acerca da necessidade de n\u00e3o desperdi\u00e7ar \u00e1gua, pois esse \u00e9 recurso indispens\u00e1vel na vida das pessoas e no equil\u00edbrio dos ecossistemas. Desde muito tempo, h\u00e1 conflitos causados pela escassez de \u00e1gua ou pela explora\u00e7\u00e3o indiscriminada desse recurso pelo homem. Origem do Dia Mundial da \u00c1gua O Dia Mundial da \u00c1gua foi comemorado pela primeira vez em 1993. A data foi institu\u00edda em 1992 na Confer\u00eancia das Na\u00e7\u00f5es Unidas sobre Meio Ambiente e Desenvolvimento realizada no Rio de Janeiro; por esse motivo, o&hellip; <\/p>\n","protected":false},"author":2,"featured_media":309201,"comment_status":"open","ping_status":"open","sticky":false,"template":"","format":"standard","meta":{"_acf_changed":false,"footnotes":""},"categories":[56],"tags":[],"class_list":["post-309200","post","type-post","status-publish","format-standard","has-post-thumbnail","hentry","category-agua"],"acf":[],"yoast_head":"<!-- This site is optimized with the Yoast SEO plugin v27.5 - https:\/\/yoast.com\/product\/yoast-seo-wordpress\/ -->\n<title>Dia Mundial da \u00c1gua - Blog do Farn\u00e9sio<\/title>\n<meta name=\"robots\" content=\"index, follow, max-snippet:-1, max-image-preview:large, max-video-preview:-1\" \/>\n<link rel=\"canonical\" href=\"https:\/\/blogdofarnesio.com.br\/2022\/03\/dia-mundial-da-agua\/\" \/>\n<meta property=\"og:locale\" content=\"pt_BR\" \/>\n<meta property=\"og:type\" content=\"article\" \/>\n<meta property=\"og:title\" content=\"Dia Mundial da \u00c1gua - Blog do Farn\u00e9sio\" \/>\n<meta property=\"og:description\" content=\"M\u00e1rcia Fernandes &#8211;\u00a0 O Dia Mundial da \u00c1gua, 22 de mar\u00e7o, destaca a import\u00e2ncia da \u00e1gua. Em 2022, o tema para essa comemora\u00e7\u00e3o \u00e9 \u00c1guas subterr\u00e2neas: tornando o invis\u00edvel vis\u00edvel. A data tem como objetivo conscientizar as pessoas acerca da necessidade de n\u00e3o desperdi\u00e7ar \u00e1gua, pois esse \u00e9 recurso indispens\u00e1vel na vida das pessoas e no equil\u00edbrio dos ecossistemas. Desde muito tempo, h\u00e1 conflitos causados pela escassez de \u00e1gua ou pela explora\u00e7\u00e3o indiscriminada desse recurso pelo homem. Origem do Dia Mundial da \u00c1gua O Dia Mundial da \u00c1gua foi comemorado pela primeira vez em 1993. A data foi institu\u00edda em 1992 na Confer\u00eancia das Na\u00e7\u00f5es Unidas sobre Meio Ambiente e Desenvolvimento realizada no Rio de Janeiro; por esse motivo, o&hellip;\" \/>\n<meta property=\"og:url\" content=\"https:\/\/blogdofarnesio.com.br\/2022\/03\/dia-mundial-da-agua\/\" \/>\n<meta property=\"og:site_name\" content=\"Blog do Farn\u00e9sio\" \/>\n<meta property=\"article:publisher\" content=\"https:\/\/www.facebook.com\/BlogQuerSaberPolitica\/\" \/>\n<meta property=\"article:author\" content=\"https:\/\/www.facebook.com\/?ref=tn_tnmn\" \/>\n<meta property=\"article:published_time\" content=\"2022-03-22T13:03:58+00:00\" \/>\n<meta property=\"og:image\" content=\"https:\/\/blogdofarnesio.com.br\/wp-content\/uploads\/2022\/03\/blogqspdia-da-agua.jpg\" \/>\n\t<meta property=\"og:image:width\" content=\"707\" \/>\n\t<meta property=\"og:image:height\" content=\"361\" \/>\n\t<meta property=\"og:image:type\" content=\"image\/jpeg\" \/>\n<meta name=\"author\" content=\"Farn\u00e9sio\" \/>\n<meta name=\"twitter:card\" content=\"summary_large_image\" \/>\n<meta name=\"twitter:label1\" content=\"Escrito por\" \/>\n\t<meta name=\"twitter:data1\" content=\"Farn\u00e9sio\" \/>\n\t<meta name=\"twitter:label2\" content=\"Est. tempo de leitura\" \/>\n\t<meta name=\"twitter:data2\" content=\"3 minutos\" \/>\n<script type=\"application\/ld+json\" class=\"yoast-schema-graph\">{\"@context\":\"https:\\\/\\\/schema.org\",\"@graph\":[{\"@type\":\"Article\",\"@id\":\"https:\\\/\\\/blogdofarnesio.com.br\\\/2022\\\/03\\\/dia-mundial-da-agua\\\/#article\",\"isPartOf\":{\"@id\":\"https:\\\/\\\/blogdofarnesio.com.br\\\/2022\\\/03\\\/dia-mundial-da-agua\\\/\"},\"author\":{\"name\":\"Farn\u00e9sio\",\"@id\":\"https:\\\/\\\/blogdofarnesio.com.br\\\/#\\\/schema\\\/person\\\/bb9b23ae3ad0609ce8df7b6c9e76824d\"},\"headline\":\"Dia Mundial da \u00c1gua\",\"datePublished\":\"2022-03-22T13:03:58+00:00\",\"mainEntityOfPage\":{\"@id\":\"https:\\\/\\\/blogdofarnesio.com.br\\\/2022\\\/03\\\/dia-mundial-da-agua\\\/\"},\"wordCount\":499,\"commentCount\":0,\"publisher\":{\"@id\":\"https:\\\/\\\/blogdofarnesio.com.br\\\/#organization\"},\"image\":{\"@id\":\"https:\\\/\\\/blogdofarnesio.com.br\\\/2022\\\/03\\\/dia-mundial-da-agua\\\/#primaryimage\"},\"thumbnailUrl\":\"https:\\\/\\\/blogdofarnesio.com.br\\\/wp-content\\\/uploads\\\/2022\\\/03\\\/blogqspdia-da-agua.jpg\",\"articleSection\":[\"\u00c1gua\"],\"inLanguage\":\"pt-BR\",\"potentialAction\":[{\"@type\":\"CommentAction\",\"name\":\"Comment\",\"target\":[\"https:\\\/\\\/blogdofarnesio.com.br\\\/2022\\\/03\\\/dia-mundial-da-agua\\\/#respond\"]}]},{\"@type\":\"WebPage\",\"@id\":\"https:\\\/\\\/blogdofarnesio.com.br\\\/2022\\\/03\\\/dia-mundial-da-agua\\\/\",\"url\":\"https:\\\/\\\/blogdofarnesio.com.br\\\/2022\\\/03\\\/dia-mundial-da-agua\\\/\",\"name\":\"Dia Mundial da \u00c1gua - Blog do Farn\u00e9sio\",\"isPartOf\":{\"@id\":\"https:\\\/\\\/blogdofarnesio.com.br\\\/#website\"},\"primaryImageOfPage\":{\"@id\":\"https:\\\/\\\/blogdofarnesio.com.br\\\/2022\\\/03\\\/dia-mundial-da-agua\\\/#primaryimage\"},\"image\":{\"@id\":\"https:\\\/\\\/blogdofarnesio.com.br\\\/2022\\\/03\\\/dia-mundial-da-agua\\\/#primaryimage\"},\"thumbnailUrl\":\"https:\\\/\\\/blogdofarnesio.com.br\\\/wp-content\\\/uploads\\\/2022\\\/03\\\/blogqspdia-da-agua.jpg\",\"datePublished\":\"2022-03-22T13:03:58+00:00\",\"breadcrumb\":{\"@id\":\"https:\\\/\\\/blogdofarnesio.com.br\\\/2022\\\/03\\\/dia-mundial-da-agua\\\/#breadcrumb\"},\"inLanguage\":\"pt-BR\",\"potentialAction\":[{\"@type\":\"ReadAction\",\"target\":[\"https:\\\/\\\/blogdofarnesio.com.br\\\/2022\\\/03\\\/dia-mundial-da-agua\\\/\"]}]},{\"@type\":\"ImageObject\",\"inLanguage\":\"pt-BR\",\"@id\":\"https:\\\/\\\/blogdofarnesio.com.br\\\/2022\\\/03\\\/dia-mundial-da-agua\\\/#primaryimage\",\"url\":\"https:\\\/\\\/blogdofarnesio.com.br\\\/wp-content\\\/uploads\\\/2022\\\/03\\\/blogqspdia-da-agua.jpg\",\"contentUrl\":\"https:\\\/\\\/blogdofarnesio.com.br\\\/wp-content\\\/uploads\\\/2022\\\/03\\\/blogqspdia-da-agua.jpg\",\"width\":707,\"height\":361},{\"@type\":\"BreadcrumbList\",\"@id\":\"https:\\\/\\\/blogdofarnesio.com.br\\\/2022\\\/03\\\/dia-mundial-da-agua\\\/#breadcrumb\",\"itemListElement\":[{\"@type\":\"ListItem\",\"position\":1,\"name\":\"In\u00edcio\",\"item\":\"https:\\\/\\\/blogdofarnesio.com.br\\\/\"},{\"@type\":\"ListItem\",\"position\":2,\"name\":\"Dia Mundial da \u00c1gua\"}]},{\"@type\":\"WebSite\",\"@id\":\"https:\\\/\\\/blogdofarnesio.com.br\\\/#website\",\"url\":\"https:\\\/\\\/blogdofarnesio.com.br\\\/\",\"name\":\"Blog do Farn\u00e9sio\",\"description\":\"Quer Saber Pol\u00edtica?\",\"publisher\":{\"@id\":\"https:\\\/\\\/blogdofarnesio.com.br\\\/#organization\"},\"potentialAction\":[{\"@type\":\"SearchAction\",\"target\":{\"@type\":\"EntryPoint\",\"urlTemplate\":\"https:\\\/\\\/blogdofarnesio.com.br\\\/?s={search_term_string}\"},\"query-input\":{\"@type\":\"PropertyValueSpecification\",\"valueRequired\":true,\"valueName\":\"search_term_string\"}}],\"inLanguage\":\"pt-BR\"},{\"@type\":\"Organization\",\"@id\":\"https:\\\/\\\/blogdofarnesio.com.br\\\/#organization\",\"name\":\"Blog do Farn\u00e9sio\",\"url\":\"https:\\\/\\\/blogdofarnesio.com.br\\\/\",\"logo\":{\"@type\":\"ImageObject\",\"inLanguage\":\"pt-BR\",\"@id\":\"https:\\\/\\\/blogdofarnesio.com.br\\\/#\\\/schema\\\/logo\\\/image\\\/\",\"url\":\"https:\\\/\\\/blogdofarnesio.com.br\\\/wp-content\\\/uploads\\\/2026\\\/03\\\/cropped-logo_new-1.png\",\"contentUrl\":\"https:\\\/\\\/blogdofarnesio.com.br\\\/wp-content\\\/uploads\\\/2026\\\/03\\\/cropped-logo_new-1.png\",\"width\":881,\"height\":685,\"caption\":\"Blog do Farn\u00e9sio\"},\"image\":{\"@id\":\"https:\\\/\\\/blogdofarnesio.com.br\\\/#\\\/schema\\\/logo\\\/image\\\/\"},\"sameAs\":[\"https:\\\/\\\/www.facebook.com\\\/BlogQuerSaberPolitica\\\/\"]},{\"@type\":\"Person\",\"@id\":\"https:\\\/\\\/blogdofarnesio.com.br\\\/#\\\/schema\\\/person\\\/bb9b23ae3ad0609ce8df7b6c9e76824d\",\"name\":\"Farn\u00e9sio\",\"image\":{\"@type\":\"ImageObject\",\"inLanguage\":\"pt-BR\",\"@id\":\"https:\\\/\\\/secure.gravatar.com\\\/avatar\\\/986aa4c61ccdb66f8555bf88fc2a65609d00bcabd4d2d94377a727547345cbca?s=96&d=mm&r=g\",\"url\":\"https:\\\/\\\/secure.gravatar.com\\\/avatar\\\/986aa4c61ccdb66f8555bf88fc2a65609d00bcabd4d2d94377a727547345cbca?s=96&d=mm&r=g\",\"contentUrl\":\"https:\\\/\\\/secure.gravatar.com\\\/avatar\\\/986aa4c61ccdb66f8555bf88fc2a65609d00bcabd4d2d94377a727547345cbca?s=96&d=mm&r=g\",\"caption\":\"Farn\u00e9sio\"},\"description\":\"Radialista blogueiro, chegou a Petrolina\\\/Juazeiro em setembro de 1980, Farn\u00e9sio Silva \u00e9 de Arapiraca-Alagoas.\",\"sameAs\":[\"http:\\\/\\\/blogdofarnesio.com.br\",\"https:\\\/\\\/www.facebook.com\\\/?ref=tn_tnmn\",\"https:\\\/\\\/www.instagram.com\\\/?utm_source=pwa_homescreen\",\"https:\\\/\\\/youtube.com.br\\\/\"],\"url\":\"https:\\\/\\\/blogdofarnesio.com.br\\\/author\\\/farnesio-2\\\/\"}]}<\/script>\n<!-- \/ Yoast SEO plugin. -->","yoast_head_json":{"title":"Dia Mundial da \u00c1gua - Blog do Farn\u00e9sio","robots":{"index":"index","follow":"follow","max-snippet":"max-snippet:-1","max-image-preview":"max-image-preview:large","max-video-preview":"max-video-preview:-1"},"canonical":"https:\/\/blogdofarnesio.com.br\/2022\/03\/dia-mundial-da-agua\/","og_locale":"pt_BR","og_type":"article","og_title":"Dia Mundial da \u00c1gua - Blog do Farn\u00e9sio","og_description":"M\u00e1rcia Fernandes &#8211;\u00a0 O Dia Mundial da \u00c1gua, 22 de mar\u00e7o, destaca a import\u00e2ncia da \u00e1gua. Em 2022, o tema para essa comemora\u00e7\u00e3o \u00e9 \u00c1guas subterr\u00e2neas: tornando o invis\u00edvel vis\u00edvel. A data tem como objetivo conscientizar as pessoas acerca da necessidade de n\u00e3o desperdi\u00e7ar \u00e1gua, pois esse \u00e9 recurso indispens\u00e1vel na vida das pessoas e no equil\u00edbrio dos ecossistemas. Desde muito tempo, h\u00e1 conflitos causados pela escassez de \u00e1gua ou pela explora\u00e7\u00e3o indiscriminada desse recurso pelo homem. Origem do Dia Mundial da \u00c1gua O Dia Mundial da \u00c1gua foi comemorado pela primeira vez em 1993. A data foi institu\u00edda em 1992 na Confer\u00eancia das Na\u00e7\u00f5es Unidas sobre Meio Ambiente e Desenvolvimento realizada no Rio de Janeiro; por esse motivo, o&hellip;","og_url":"https:\/\/blogdofarnesio.com.br\/2022\/03\/dia-mundial-da-agua\/","og_site_name":"Blog do Farn\u00e9sio","article_publisher":"https:\/\/www.facebook.com\/BlogQuerSaberPolitica\/","article_author":"https:\/\/www.facebook.com\/?ref=tn_tnmn","article_published_time":"2022-03-22T13:03:58+00:00","og_image":[{"width":707,"height":361,"url":"https:\/\/blogdofarnesio.com.br\/wp-content\/uploads\/2022\/03\/blogqspdia-da-agua.jpg","type":"image\/jpeg"}],"author":"Farn\u00e9sio","twitter_card":"summary_large_image","twitter_misc":{"Escrito por":"Farn\u00e9sio","Est. tempo de leitura":"3 minutos"},"schema":{"@context":"https:\/\/schema.org","@graph":[{"@type":"Article","@id":"https:\/\/blogdofarnesio.com.br\/2022\/03\/dia-mundial-da-agua\/#article","isPartOf":{"@id":"https:\/\/blogdofarnesio.com.br\/2022\/03\/dia-mundial-da-agua\/"},"author":{"name":"Farn\u00e9sio","@id":"https:\/\/blogdofarnesio.com.br\/#\/schema\/person\/bb9b23ae3ad0609ce8df7b6c9e76824d"},"headline":"Dia Mundial da \u00c1gua","datePublished":"2022-03-22T13:03:58+00:00","mainEntityOfPage":{"@id":"https:\/\/blogdofarnesio.com.br\/2022\/03\/dia-mundial-da-agua\/"},"wordCount":499,"commentCount":0,"publisher":{"@id":"https:\/\/blogdofarnesio.com.br\/#organization"},"image":{"@id":"https:\/\/blogdofarnesio.com.br\/2022\/03\/dia-mundial-da-agua\/#primaryimage"},"thumbnailUrl":"https:\/\/blogdofarnesio.com.br\/wp-content\/uploads\/2022\/03\/blogqspdia-da-agua.jpg","articleSection":["\u00c1gua"],"inLanguage":"pt-BR","potentialAction":[{"@type":"CommentAction","name":"Comment","target":["https:\/\/blogdofarnesio.com.br\/2022\/03\/dia-mundial-da-agua\/#respond"]}]},{"@type":"WebPage","@id":"https:\/\/blogdofarnesio.com.br\/2022\/03\/dia-mundial-da-agua\/","url":"https:\/\/blogdofarnesio.com.br\/2022\/03\/dia-mundial-da-agua\/","name":"Dia Mundial da \u00c1gua - Blog do Farn\u00e9sio","isPartOf":{"@id":"https:\/\/blogdofarnesio.com.br\/#website"},"primaryImageOfPage":{"@id":"https:\/\/blogdofarnesio.com.br\/2022\/03\/dia-mundial-da-agua\/#primaryimage"},"image":{"@id":"https:\/\/blogdofarnesio.com.br\/2022\/03\/dia-mundial-da-agua\/#primaryimage"},"thumbnailUrl":"https:\/\/blogdofarnesio.com.br\/wp-content\/uploads\/2022\/03\/blogqspdia-da-agua.jpg","datePublished":"2022-03-22T13:03:58+00:00","breadcrumb":{"@id":"https:\/\/blogdofarnesio.com.br\/2022\/03\/dia-mundial-da-agua\/#breadcrumb"},"inLanguage":"pt-BR","potentialAction":[{"@type":"ReadAction","target":["https:\/\/blogdofarnesio.com.br\/2022\/03\/dia-mundial-da-agua\/"]}]},{"@type":"ImageObject","inLanguage":"pt-BR","@id":"https:\/\/blogdofarnesio.com.br\/2022\/03\/dia-mundial-da-agua\/#primaryimage","url":"https:\/\/blogdofarnesio.com.br\/wp-content\/uploads\/2022\/03\/blogqspdia-da-agua.jpg","contentUrl":"https:\/\/blogdofarnesio.com.br\/wp-content\/uploads\/2022\/03\/blogqspdia-da-agua.jpg","width":707,"height":361},{"@type":"BreadcrumbList","@id":"https:\/\/blogdofarnesio.com.br\/2022\/03\/dia-mundial-da-agua\/#breadcrumb","itemListElement":[{"@type":"ListItem","position":1,"name":"In\u00edcio","item":"https:\/\/blogdofarnesio.com.br\/"},{"@type":"ListItem","position":2,"name":"Dia Mundial da \u00c1gua"}]},{"@type":"WebSite","@id":"https:\/\/blogdofarnesio.com.br\/#website","url":"https:\/\/blogdofarnesio.com.br\/","name":"Blog do Farn\u00e9sio","description":"Quer Saber Pol\u00edtica?","publisher":{"@id":"https:\/\/blogdofarnesio.com.br\/#organization"},"potentialAction":[{"@type":"SearchAction","target":{"@type":"EntryPoint","urlTemplate":"https:\/\/blogdofarnesio.com.br\/?s={search_term_string}"},"query-input":{"@type":"PropertyValueSpecification","valueRequired":true,"valueName":"search_term_string"}}],"inLanguage":"pt-BR"},{"@type":"Organization","@id":"https:\/\/blogdofarnesio.com.br\/#organization","name":"Blog do Farn\u00e9sio","url":"https:\/\/blogdofarnesio.com.br\/","logo":{"@type":"ImageObject","inLanguage":"pt-BR","@id":"https:\/\/blogdofarnesio.com.br\/#\/schema\/logo\/image\/","url":"https:\/\/blogdofarnesio.com.br\/wp-content\/uploads\/2026\/03\/cropped-logo_new-1.png","contentUrl":"https:\/\/blogdofarnesio.com.br\/wp-content\/uploads\/2026\/03\/cropped-logo_new-1.png","width":881,"height":685,"caption":"Blog do Farn\u00e9sio"},"image":{"@id":"https:\/\/blogdofarnesio.com.br\/#\/schema\/logo\/image\/"},"sameAs":["https:\/\/www.facebook.com\/BlogQuerSaberPolitica\/"]},{"@type":"Person","@id":"https:\/\/blogdofarnesio.com.br\/#\/schema\/person\/bb9b23ae3ad0609ce8df7b6c9e76824d","name":"Farn\u00e9sio","image":{"@type":"ImageObject","inLanguage":"pt-BR","@id":"https:\/\/secure.gravatar.com\/avatar\/986aa4c61ccdb66f8555bf88fc2a65609d00bcabd4d2d94377a727547345cbca?s=96&d=mm&r=g","url":"https:\/\/secure.gravatar.com\/avatar\/986aa4c61ccdb66f8555bf88fc2a65609d00bcabd4d2d94377a727547345cbca?s=96&d=mm&r=g","contentUrl":"https:\/\/secure.gravatar.com\/avatar\/986aa4c61ccdb66f8555bf88fc2a65609d00bcabd4d2d94377a727547345cbca?s=96&d=mm&r=g","caption":"Farn\u00e9sio"},"description":"Radialista blogueiro, chegou a Petrolina\/Juazeiro em setembro de 1980, Farn\u00e9sio Silva \u00e9 de Arapiraca-Alagoas.","sameAs":["http:\/\/blogdofarnesio.com.br","https:\/\/www.facebook.com\/?ref=tn_tnmn","https:\/\/www.instagram.com\/?utm_source=pwa_homescreen","https:\/\/youtube.com.br\/"],"url":"https:\/\/blogdofarnesio.com.br\/author\/farnesio-2\/"}]}},"_links":{"self":[{"href":"https:\/\/blogdofarnesio.com.br\/wp-json\/wp\/v2\/posts\/309200","targetHints":{"allow":["GET"]}}],"collection":[{"href":"https:\/\/blogdofarnesio.com.br\/wp-json\/wp\/v2\/posts"}],"about":[{"href":"https:\/\/blogdofarnesio.com.br\/wp-json\/wp\/v2\/types\/post"}],"author":[{"embeddable":true,"href":"https:\/\/blogdofarnesio.com.br\/wp-json\/wp\/v2\/users\/2"}],"replies":[{"embeddable":true,"href":"https:\/\/blogdofarnesio.com.br\/wp-json\/wp\/v2\/comments?post=309200"}],"version-history":[{"count":0,"href":"https:\/\/blogdofarnesio.com.br\/wp-json\/wp\/v2\/posts\/309200\/revisions"}],"wp:featuredmedia":[{"embeddable":true,"href":"https:\/\/blogdofarnesio.com.br\/wp-json\/wp\/v2\/media\/309201"}],"wp:attachment":[{"href":"https:\/\/blogdofarnesio.com.br\/wp-json\/wp\/v2\/media?parent=309200"}],"wp:term":[{"taxonomy":"category","embeddable":true,"href":"https:\/\/blogdofarnesio.com.br\/wp-json\/wp\/v2\/categories?post=309200"},{"taxonomy":"post_tag","embeddable":true,"href":"https:\/\/blogdofarnesio.com.br\/wp-json\/wp\/v2\/tags?post=309200"}],"curies":[{"name":"wp","href":"https:\/\/api.w.org\/{rel}","templated":true}]}}