{"id":309159,"date":"2022-03-22T10:23:28","date_gmt":"2022-03-22T13:23:28","guid":{"rendered":"https:\/\/blogdofarnesio.com.br\/?p=309159"},"modified":"2022-03-21T18:28:00","modified_gmt":"2022-03-21T21:28:00","slug":"volta-as-aulas-dos-alunos-da-educacao-infantil-de-juazeiro-teve-recepcao-calorosa-e-cuidados-com-a-saude","status":"publish","type":"post","link":"https:\/\/blogdofarnesio.com.br\/2022\/03\/volta-as-aulas-dos-alunos-da-educacao-infantil-de-juazeiro-teve-recepcao-calorosa-e-cuidados-com-a-saude\/","title":{"rendered":"Volta \u00e0s aulas dos alunos da educa\u00e7\u00e3o infantil de Juazeiro teve recep\u00e7\u00e3o calorosa e cuidados com a sa\u00fade"},"content":{"rendered":"<p style=\"font-weight: 400;\">Os estudantes das Escolas Municipais de Educa\u00e7\u00e3o Infantil (EMEI\u2019s) retornaram \u00e0s aulas presenciais nesta segunda-feira (21), em Juazeiro. Professores, coordenadores e gestores escolares se revezaram nas boas-vindas aos estudantes e aos seus pais e respons\u00e1veis.<\/p>\n<p style=\"font-weight: 400;\">De forma calorosa, a entrada dos estudantes nas escolas seguiu protocolos sanit\u00e1rios definidos pela Secretaria de Educa\u00e7\u00e3o e Juventude (Seduc) para garantir a seguran\u00e7a dos estudantes. As unidades escolares orientaram o distanciamento social e o uso correto das m\u00e1scaras, os alunos tiveram a temperatura verificada e as m\u00e3os higienizadas.<\/p>\n<p style=\"font-weight: 400;\">M\u00e3e de \u00c1gatha Yasmin Antunes da Silva, de apenas 2 anos, Aline da Silva Alves acompanhou a filha no primeiro dia de aula. \u201cEsse \u00e9 o primeiro aninho dela na escola, mas eu estou muito tranquila, porque a gente consegue perceber que ela ser\u00e1 bem cuidada. Est\u00e1 tudo certinho aqui, o uso da m\u00e1scara, \u00e1lcool em gel, equipe atenciosa\u201d, contou, sobre o in\u00edcio das aulas na EMEI N\u00e9lia de Souza Costa, no bairro Jo\u00e3o Paulo II.<\/p>\n<p style=\"font-weight: 400;\">J\u00e1 o supervisor de vendas, Washington Luiz Ara\u00fajo Filho, pai de Maria Julia Oliveira Ara\u00fajo, 5 anos, destacou a satisfa\u00e7\u00e3o da filha retornar \u00e0s aulas presenciais. \u201c\u00c9 gratificante ver minha filha retornar \u00e0 escola. Passamos dois anos muito complicados e agora vamos dar continuidade \u00e0s aulas\u201d, disse o pai da aluna, que estuda na EMEI Maria Julia Rodrigues Tanuri, no bairro Dom Tomaz.<\/p>\n<p style=\"font-weight: 400;\"><strong>Cronograma escalonado<\/strong><\/p>\n<p style=\"font-weight: 400;\">De 28 de mar\u00e7o a 1 de abril, acontece o retorno presencial das escolas de Ensino Fundamental e dos estudantes da Educa\u00e7\u00e3o de Jovens e Adultos (EJA), com exce\u00e7\u00e3o das escolas que est\u00e3o passando por reforma em sua infraestrutura para promover o bem-estar dos alunos e colaboradores.<\/p>\n<p style=\"font-weight: 400;\">Texto: Eneida Trindade \u2013 Ascom\/PMJ<\/p>\n<p style=\"font-weight: 400;\">Fotos: Luan Medrado<\/p>\n<p style=\"font-weight: 400;\">_<\/p>\n<p><span style=\"font-weight: 400;\">Fernanda Barros \u2013 Secret\u00e1ria de Comunica\u00e7\u00e3o da Prefeitura de Juazeiro<\/span><\/p>\n","protected":false},"excerpt":{"rendered":"<p>Os estudantes das Escolas Municipais de Educa\u00e7\u00e3o Infantil (EMEI\u2019s) retornaram \u00e0s aulas presenciais nesta segunda-feira (21), em Juazeiro. Professores, coordenadores e gestores escolares se revezaram nas boas-vindas aos estudantes e aos seus pais e respons\u00e1veis. De forma calorosa, a entrada dos estudantes nas escolas seguiu protocolos sanit\u00e1rios definidos pela Secretaria de Educa\u00e7\u00e3o e Juventude (Seduc) para garantir a seguran\u00e7a dos estudantes. As unidades escolares orientaram o distanciamento social e o uso correto das m\u00e1scaras, os alunos tiveram a temperatura verificada e as m\u00e3os higienizadas. M\u00e3e de \u00c1gatha Yasmin Antunes da Silva, de apenas 2 anos, Aline da Silva Alves acompanhou a filha no primeiro dia de aula. \u201cEsse \u00e9 o primeiro aninho dela na escola, mas eu estou muito tranquila,&hellip; <\/p>\n","protected":false},"author":2,"featured_media":309160,"comment_status":"open","ping_status":"open","sticky":false,"template":"","format":"standard","meta":{"_acf_changed":false,"footnotes":""},"categories":[6],"tags":[],"class_list":["post-309159","post","type-post","status-publish","format-standard","has-post-thumbnail","hentry","category-educacao"],"acf":[],"yoast_head":"<!-- This site is optimized with the Yoast SEO plugin v27.5 - https:\/\/yoast.com\/product\/yoast-seo-wordpress\/ -->\n<title>Volta \u00e0s aulas dos alunos da educa\u00e7\u00e3o infantil de Juazeiro teve recep\u00e7\u00e3o calorosa e cuidados com a sa\u00fade - Blog do Farn\u00e9sio<\/title>\n<meta name=\"robots\" content=\"index, follow, max-snippet:-1, max-image-preview:large, max-video-preview:-1\" \/>\n<link rel=\"canonical\" href=\"https:\/\/blogdofarnesio.com.br\/2022\/03\/volta-as-aulas-dos-alunos-da-educacao-infantil-de-juazeiro-teve-recepcao-calorosa-e-cuidados-com-a-saude\/\" \/>\n<meta property=\"og:locale\" content=\"pt_BR\" \/>\n<meta property=\"og:type\" content=\"article\" \/>\n<meta property=\"og:title\" content=\"Volta \u00e0s aulas dos alunos da educa\u00e7\u00e3o infantil de Juazeiro teve recep\u00e7\u00e3o calorosa e cuidados com a sa\u00fade - Blog do Farn\u00e9sio\" \/>\n<meta property=\"og:description\" content=\"Os estudantes das Escolas Municipais de Educa\u00e7\u00e3o Infantil (EMEI\u2019s) retornaram \u00e0s aulas presenciais nesta segunda-feira (21), em Juazeiro. Professores, coordenadores e gestores escolares se revezaram nas boas-vindas aos estudantes e aos seus pais e respons\u00e1veis. De forma calorosa, a entrada dos estudantes nas escolas seguiu protocolos sanit\u00e1rios definidos pela Secretaria de Educa\u00e7\u00e3o e Juventude (Seduc) para garantir a seguran\u00e7a dos estudantes. As unidades escolares orientaram o distanciamento social e o uso correto das m\u00e1scaras, os alunos tiveram a temperatura verificada e as m\u00e3os higienizadas. M\u00e3e de \u00c1gatha Yasmin Antunes da Silva, de apenas 2 anos, Aline da Silva Alves acompanhou a filha no primeiro dia de aula. \u201cEsse \u00e9 o primeiro aninho dela na escola, mas eu estou muito tranquila,&hellip;\" \/>\n<meta property=\"og:url\" content=\"https:\/\/blogdofarnesio.com.br\/2022\/03\/volta-as-aulas-dos-alunos-da-educacao-infantil-de-juazeiro-teve-recepcao-calorosa-e-cuidados-com-a-saude\/\" \/>\n<meta property=\"og:site_name\" content=\"Blog do Farn\u00e9sio\" \/>\n<meta property=\"article:publisher\" content=\"https:\/\/www.facebook.com\/BlogQuerSaberPolitica\/\" \/>\n<meta property=\"article:author\" content=\"https:\/\/www.facebook.com\/?ref=tn_tnmn\" \/>\n<meta property=\"article:published_time\" content=\"2022-03-22T13:23:28+00:00\" \/>\n<meta property=\"og:image\" content=\"https:\/\/blogdofarnesio.com.br\/wp-content\/uploads\/2022\/03\/blogqspjua-volta-as-aulas-EMEI-1.jpg\" \/>\n\t<meta property=\"og:image:width\" content=\"799\" \/>\n\t<meta property=\"og:image:height\" content=\"533\" \/>\n\t<meta property=\"og:image:type\" content=\"image\/jpeg\" \/>\n<meta name=\"author\" content=\"Farn\u00e9sio\" \/>\n<meta name=\"twitter:card\" content=\"summary_large_image\" \/>\n<meta name=\"twitter:label1\" content=\"Escrito por\" \/>\n\t<meta name=\"twitter:data1\" content=\"Farn\u00e9sio\" \/>\n\t<meta name=\"twitter:label2\" content=\"Est. tempo de leitura\" \/>\n\t<meta name=\"twitter:data2\" content=\"2 minutos\" \/>\n<script type=\"application\/ld+json\" class=\"yoast-schema-graph\">{\"@context\":\"https:\\\/\\\/schema.org\",\"@graph\":[{\"@type\":\"Article\",\"@id\":\"https:\\\/\\\/blogdofarnesio.com.br\\\/2022\\\/03\\\/volta-as-aulas-dos-alunos-da-educacao-infantil-de-juazeiro-teve-recepcao-calorosa-e-cuidados-com-a-saude\\\/#article\",\"isPartOf\":{\"@id\":\"https:\\\/\\\/blogdofarnesio.com.br\\\/2022\\\/03\\\/volta-as-aulas-dos-alunos-da-educacao-infantil-de-juazeiro-teve-recepcao-calorosa-e-cuidados-com-a-saude\\\/\"},\"author\":{\"name\":\"Farn\u00e9sio\",\"@id\":\"https:\\\/\\\/blogdofarnesio.com.br\\\/#\\\/schema\\\/person\\\/bb9b23ae3ad0609ce8df7b6c9e76824d\"},\"headline\":\"Volta \u00e0s aulas dos alunos da educa\u00e7\u00e3o infantil de Juazeiro teve recep\u00e7\u00e3o calorosa e cuidados com a sa\u00fade\",\"datePublished\":\"2022-03-22T13:23:28+00:00\",\"mainEntityOfPage\":{\"@id\":\"https:\\\/\\\/blogdofarnesio.com.br\\\/2022\\\/03\\\/volta-as-aulas-dos-alunos-da-educacao-infantil-de-juazeiro-teve-recepcao-calorosa-e-cuidados-com-a-saude\\\/\"},\"wordCount\":324,\"commentCount\":0,\"publisher\":{\"@id\":\"https:\\\/\\\/blogdofarnesio.com.br\\\/#organization\"},\"image\":{\"@id\":\"https:\\\/\\\/blogdofarnesio.com.br\\\/2022\\\/03\\\/volta-as-aulas-dos-alunos-da-educacao-infantil-de-juazeiro-teve-recepcao-calorosa-e-cuidados-com-a-saude\\\/#primaryimage\"},\"thumbnailUrl\":\"https:\\\/\\\/blogdofarnesio.com.br\\\/wp-content\\\/uploads\\\/2022\\\/03\\\/blogqspjua-volta-as-aulas-EMEI-1.jpg\",\"articleSection\":[\"Educa\u00e7\u00e3o\"],\"inLanguage\":\"pt-BR\",\"potentialAction\":[{\"@type\":\"CommentAction\",\"name\":\"Comment\",\"target\":[\"https:\\\/\\\/blogdofarnesio.com.br\\\/2022\\\/03\\\/volta-as-aulas-dos-alunos-da-educacao-infantil-de-juazeiro-teve-recepcao-calorosa-e-cuidados-com-a-saude\\\/#respond\"]}]},{\"@type\":\"WebPage\",\"@id\":\"https:\\\/\\\/blogdofarnesio.com.br\\\/2022\\\/03\\\/volta-as-aulas-dos-alunos-da-educacao-infantil-de-juazeiro-teve-recepcao-calorosa-e-cuidados-com-a-saude\\\/\",\"url\":\"https:\\\/\\\/blogdofarnesio.com.br\\\/2022\\\/03\\\/volta-as-aulas-dos-alunos-da-educacao-infantil-de-juazeiro-teve-recepcao-calorosa-e-cuidados-com-a-saude\\\/\",\"name\":\"Volta \u00e0s aulas dos alunos da educa\u00e7\u00e3o infantil de Juazeiro teve recep\u00e7\u00e3o calorosa e cuidados com a sa\u00fade - Blog do Farn\u00e9sio\",\"isPartOf\":{\"@id\":\"https:\\\/\\\/blogdofarnesio.com.br\\\/#website\"},\"primaryImageOfPage\":{\"@id\":\"https:\\\/\\\/blogdofarnesio.com.br\\\/2022\\\/03\\\/volta-as-aulas-dos-alunos-da-educacao-infantil-de-juazeiro-teve-recepcao-calorosa-e-cuidados-com-a-saude\\\/#primaryimage\"},\"image\":{\"@id\":\"https:\\\/\\\/blogdofarnesio.com.br\\\/2022\\\/03\\\/volta-as-aulas-dos-alunos-da-educacao-infantil-de-juazeiro-teve-recepcao-calorosa-e-cuidados-com-a-saude\\\/#primaryimage\"},\"thumbnailUrl\":\"https:\\\/\\\/blogdofarnesio.com.br\\\/wp-content\\\/uploads\\\/2022\\\/03\\\/blogqspjua-volta-as-aulas-EMEI-1.jpg\",\"datePublished\":\"2022-03-22T13:23:28+00:00\",\"breadcrumb\":{\"@id\":\"https:\\\/\\\/blogdofarnesio.com.br\\\/2022\\\/03\\\/volta-as-aulas-dos-alunos-da-educacao-infantil-de-juazeiro-teve-recepcao-calorosa-e-cuidados-com-a-saude\\\/#breadcrumb\"},\"inLanguage\":\"pt-BR\",\"potentialAction\":[{\"@type\":\"ReadAction\",\"target\":[\"https:\\\/\\\/blogdofarnesio.com.br\\\/2022\\\/03\\\/volta-as-aulas-dos-alunos-da-educacao-infantil-de-juazeiro-teve-recepcao-calorosa-e-cuidados-com-a-saude\\\/\"]}]},{\"@type\":\"ImageObject\",\"inLanguage\":\"pt-BR\",\"@id\":\"https:\\\/\\\/blogdofarnesio.com.br\\\/2022\\\/03\\\/volta-as-aulas-dos-alunos-da-educacao-infantil-de-juazeiro-teve-recepcao-calorosa-e-cuidados-com-a-saude\\\/#primaryimage\",\"url\":\"https:\\\/\\\/blogdofarnesio.com.br\\\/wp-content\\\/uploads\\\/2022\\\/03\\\/blogqspjua-volta-as-aulas-EMEI-1.jpg\",\"contentUrl\":\"https:\\\/\\\/blogdofarnesio.com.br\\\/wp-content\\\/uploads\\\/2022\\\/03\\\/blogqspjua-volta-as-aulas-EMEI-1.jpg\",\"width\":799,\"height\":533},{\"@type\":\"BreadcrumbList\",\"@id\":\"https:\\\/\\\/blogdofarnesio.com.br\\\/2022\\\/03\\\/volta-as-aulas-dos-alunos-da-educacao-infantil-de-juazeiro-teve-recepcao-calorosa-e-cuidados-com-a-saude\\\/#breadcrumb\",\"itemListElement\":[{\"@type\":\"ListItem\",\"position\":1,\"name\":\"In\u00edcio\",\"item\":\"https:\\\/\\\/blogdofarnesio.com.br\\\/\"},{\"@type\":\"ListItem\",\"position\":2,\"name\":\"Volta \u00e0s aulas dos alunos da educa\u00e7\u00e3o infantil de Juazeiro teve recep\u00e7\u00e3o calorosa e cuidados com a sa\u00fade\"}]},{\"@type\":\"WebSite\",\"@id\":\"https:\\\/\\\/blogdofarnesio.com.br\\\/#website\",\"url\":\"https:\\\/\\\/blogdofarnesio.com.br\\\/\",\"name\":\"Blog do Farn\u00e9sio\",\"description\":\"Quer Saber Pol\u00edtica?\",\"publisher\":{\"@id\":\"https:\\\/\\\/blogdofarnesio.com.br\\\/#organization\"},\"potentialAction\":[{\"@type\":\"SearchAction\",\"target\":{\"@type\":\"EntryPoint\",\"urlTemplate\":\"https:\\\/\\\/blogdofarnesio.com.br\\\/?s={search_term_string}\"},\"query-input\":{\"@type\":\"PropertyValueSpecification\",\"valueRequired\":true,\"valueName\":\"search_term_string\"}}],\"inLanguage\":\"pt-BR\"},{\"@type\":\"Organization\",\"@id\":\"https:\\\/\\\/blogdofarnesio.com.br\\\/#organization\",\"name\":\"Blog do Farn\u00e9sio\",\"url\":\"https:\\\/\\\/blogdofarnesio.com.br\\\/\",\"logo\":{\"@type\":\"ImageObject\",\"inLanguage\":\"pt-BR\",\"@id\":\"https:\\\/\\\/blogdofarnesio.com.br\\\/#\\\/schema\\\/logo\\\/image\\\/\",\"url\":\"https:\\\/\\\/blogdofarnesio.com.br\\\/wp-content\\\/uploads\\\/2026\\\/03\\\/cropped-logo_new-1.png\",\"contentUrl\":\"https:\\\/\\\/blogdofarnesio.com.br\\\/wp-content\\\/uploads\\\/2026\\\/03\\\/cropped-logo_new-1.png\",\"width\":881,\"height\":685,\"caption\":\"Blog do Farn\u00e9sio\"},\"image\":{\"@id\":\"https:\\\/\\\/blogdofarnesio.com.br\\\/#\\\/schema\\\/logo\\\/image\\\/\"},\"sameAs\":[\"https:\\\/\\\/www.facebook.com\\\/BlogQuerSaberPolitica\\\/\"]},{\"@type\":\"Person\",\"@id\":\"https:\\\/\\\/blogdofarnesio.com.br\\\/#\\\/schema\\\/person\\\/bb9b23ae3ad0609ce8df7b6c9e76824d\",\"name\":\"Farn\u00e9sio\",\"image\":{\"@type\":\"ImageObject\",\"inLanguage\":\"pt-BR\",\"@id\":\"https:\\\/\\\/secure.gravatar.com\\\/avatar\\\/986aa4c61ccdb66f8555bf88fc2a65609d00bcabd4d2d94377a727547345cbca?s=96&d=mm&r=g\",\"url\":\"https:\\\/\\\/secure.gravatar.com\\\/avatar\\\/986aa4c61ccdb66f8555bf88fc2a65609d00bcabd4d2d94377a727547345cbca?s=96&d=mm&r=g\",\"contentUrl\":\"https:\\\/\\\/secure.gravatar.com\\\/avatar\\\/986aa4c61ccdb66f8555bf88fc2a65609d00bcabd4d2d94377a727547345cbca?s=96&d=mm&r=g\",\"caption\":\"Farn\u00e9sio\"},\"description\":\"Radialista blogueiro, chegou a Petrolina\\\/Juazeiro em setembro de 1980, Farn\u00e9sio Silva \u00e9 de Arapiraca-Alagoas.\",\"sameAs\":[\"http:\\\/\\\/blogdofarnesio.com.br\",\"https:\\\/\\\/www.facebook.com\\\/?ref=tn_tnmn\",\"https:\\\/\\\/www.instagram.com\\\/?utm_source=pwa_homescreen\",\"https:\\\/\\\/youtube.com.br\\\/\"],\"url\":\"https:\\\/\\\/blogdofarnesio.com.br\\\/author\\\/farnesio-2\\\/\"}]}<\/script>\n<!-- \/ Yoast SEO plugin. -->","yoast_head_json":{"title":"Volta \u00e0s aulas dos alunos da educa\u00e7\u00e3o infantil de Juazeiro teve recep\u00e7\u00e3o calorosa e cuidados com a sa\u00fade - Blog do Farn\u00e9sio","robots":{"index":"index","follow":"follow","max-snippet":"max-snippet:-1","max-image-preview":"max-image-preview:large","max-video-preview":"max-video-preview:-1"},"canonical":"https:\/\/blogdofarnesio.com.br\/2022\/03\/volta-as-aulas-dos-alunos-da-educacao-infantil-de-juazeiro-teve-recepcao-calorosa-e-cuidados-com-a-saude\/","og_locale":"pt_BR","og_type":"article","og_title":"Volta \u00e0s aulas dos alunos da educa\u00e7\u00e3o infantil de Juazeiro teve recep\u00e7\u00e3o calorosa e cuidados com a sa\u00fade - Blog do Farn\u00e9sio","og_description":"Os estudantes das Escolas Municipais de Educa\u00e7\u00e3o Infantil (EMEI\u2019s) retornaram \u00e0s aulas presenciais nesta segunda-feira (21), em Juazeiro. Professores, coordenadores e gestores escolares se revezaram nas boas-vindas aos estudantes e aos seus pais e respons\u00e1veis. De forma calorosa, a entrada dos estudantes nas escolas seguiu protocolos sanit\u00e1rios definidos pela Secretaria de Educa\u00e7\u00e3o e Juventude (Seduc) para garantir a seguran\u00e7a dos estudantes. As unidades escolares orientaram o distanciamento social e o uso correto das m\u00e1scaras, os alunos tiveram a temperatura verificada e as m\u00e3os higienizadas. M\u00e3e de \u00c1gatha Yasmin Antunes da Silva, de apenas 2 anos, Aline da Silva Alves acompanhou a filha no primeiro dia de aula. \u201cEsse \u00e9 o primeiro aninho dela na escola, mas eu estou muito tranquila,&hellip;","og_url":"https:\/\/blogdofarnesio.com.br\/2022\/03\/volta-as-aulas-dos-alunos-da-educacao-infantil-de-juazeiro-teve-recepcao-calorosa-e-cuidados-com-a-saude\/","og_site_name":"Blog do Farn\u00e9sio","article_publisher":"https:\/\/www.facebook.com\/BlogQuerSaberPolitica\/","article_author":"https:\/\/www.facebook.com\/?ref=tn_tnmn","article_published_time":"2022-03-22T13:23:28+00:00","og_image":[{"width":799,"height":533,"url":"https:\/\/blogdofarnesio.com.br\/wp-content\/uploads\/2022\/03\/blogqspjua-volta-as-aulas-EMEI-1.jpg","type":"image\/jpeg"}],"author":"Farn\u00e9sio","twitter_card":"summary_large_image","twitter_misc":{"Escrito por":"Farn\u00e9sio","Est. tempo de leitura":"2 minutos"},"schema":{"@context":"https:\/\/schema.org","@graph":[{"@type":"Article","@id":"https:\/\/blogdofarnesio.com.br\/2022\/03\/volta-as-aulas-dos-alunos-da-educacao-infantil-de-juazeiro-teve-recepcao-calorosa-e-cuidados-com-a-saude\/#article","isPartOf":{"@id":"https:\/\/blogdofarnesio.com.br\/2022\/03\/volta-as-aulas-dos-alunos-da-educacao-infantil-de-juazeiro-teve-recepcao-calorosa-e-cuidados-com-a-saude\/"},"author":{"name":"Farn\u00e9sio","@id":"https:\/\/blogdofarnesio.com.br\/#\/schema\/person\/bb9b23ae3ad0609ce8df7b6c9e76824d"},"headline":"Volta \u00e0s aulas dos alunos da educa\u00e7\u00e3o infantil de Juazeiro teve recep\u00e7\u00e3o calorosa e cuidados com a sa\u00fade","datePublished":"2022-03-22T13:23:28+00:00","mainEntityOfPage":{"@id":"https:\/\/blogdofarnesio.com.br\/2022\/03\/volta-as-aulas-dos-alunos-da-educacao-infantil-de-juazeiro-teve-recepcao-calorosa-e-cuidados-com-a-saude\/"},"wordCount":324,"commentCount":0,"publisher":{"@id":"https:\/\/blogdofarnesio.com.br\/#organization"},"image":{"@id":"https:\/\/blogdofarnesio.com.br\/2022\/03\/volta-as-aulas-dos-alunos-da-educacao-infantil-de-juazeiro-teve-recepcao-calorosa-e-cuidados-com-a-saude\/#primaryimage"},"thumbnailUrl":"https:\/\/blogdofarnesio.com.br\/wp-content\/uploads\/2022\/03\/blogqspjua-volta-as-aulas-EMEI-1.jpg","articleSection":["Educa\u00e7\u00e3o"],"inLanguage":"pt-BR","potentialAction":[{"@type":"CommentAction","name":"Comment","target":["https:\/\/blogdofarnesio.com.br\/2022\/03\/volta-as-aulas-dos-alunos-da-educacao-infantil-de-juazeiro-teve-recepcao-calorosa-e-cuidados-com-a-saude\/#respond"]}]},{"@type":"WebPage","@id":"https:\/\/blogdofarnesio.com.br\/2022\/03\/volta-as-aulas-dos-alunos-da-educacao-infantil-de-juazeiro-teve-recepcao-calorosa-e-cuidados-com-a-saude\/","url":"https:\/\/blogdofarnesio.com.br\/2022\/03\/volta-as-aulas-dos-alunos-da-educacao-infantil-de-juazeiro-teve-recepcao-calorosa-e-cuidados-com-a-saude\/","name":"Volta \u00e0s aulas dos alunos da educa\u00e7\u00e3o infantil de Juazeiro teve recep\u00e7\u00e3o calorosa e cuidados com a sa\u00fade - Blog do Farn\u00e9sio","isPartOf":{"@id":"https:\/\/blogdofarnesio.com.br\/#website"},"primaryImageOfPage":{"@id":"https:\/\/blogdofarnesio.com.br\/2022\/03\/volta-as-aulas-dos-alunos-da-educacao-infantil-de-juazeiro-teve-recepcao-calorosa-e-cuidados-com-a-saude\/#primaryimage"},"image":{"@id":"https:\/\/blogdofarnesio.com.br\/2022\/03\/volta-as-aulas-dos-alunos-da-educacao-infantil-de-juazeiro-teve-recepcao-calorosa-e-cuidados-com-a-saude\/#primaryimage"},"thumbnailUrl":"https:\/\/blogdofarnesio.com.br\/wp-content\/uploads\/2022\/03\/blogqspjua-volta-as-aulas-EMEI-1.jpg","datePublished":"2022-03-22T13:23:28+00:00","breadcrumb":{"@id":"https:\/\/blogdofarnesio.com.br\/2022\/03\/volta-as-aulas-dos-alunos-da-educacao-infantil-de-juazeiro-teve-recepcao-calorosa-e-cuidados-com-a-saude\/#breadcrumb"},"inLanguage":"pt-BR","potentialAction":[{"@type":"ReadAction","target":["https:\/\/blogdofarnesio.com.br\/2022\/03\/volta-as-aulas-dos-alunos-da-educacao-infantil-de-juazeiro-teve-recepcao-calorosa-e-cuidados-com-a-saude\/"]}]},{"@type":"ImageObject","inLanguage":"pt-BR","@id":"https:\/\/blogdofarnesio.com.br\/2022\/03\/volta-as-aulas-dos-alunos-da-educacao-infantil-de-juazeiro-teve-recepcao-calorosa-e-cuidados-com-a-saude\/#primaryimage","url":"https:\/\/blogdofarnesio.com.br\/wp-content\/uploads\/2022\/03\/blogqspjua-volta-as-aulas-EMEI-1.jpg","contentUrl":"https:\/\/blogdofarnesio.com.br\/wp-content\/uploads\/2022\/03\/blogqspjua-volta-as-aulas-EMEI-1.jpg","width":799,"height":533},{"@type":"BreadcrumbList","@id":"https:\/\/blogdofarnesio.com.br\/2022\/03\/volta-as-aulas-dos-alunos-da-educacao-infantil-de-juazeiro-teve-recepcao-calorosa-e-cuidados-com-a-saude\/#breadcrumb","itemListElement":[{"@type":"ListItem","position":1,"name":"In\u00edcio","item":"https:\/\/blogdofarnesio.com.br\/"},{"@type":"ListItem","position":2,"name":"Volta \u00e0s aulas dos alunos da educa\u00e7\u00e3o infantil de Juazeiro teve recep\u00e7\u00e3o calorosa e cuidados com a sa\u00fade"}]},{"@type":"WebSite","@id":"https:\/\/blogdofarnesio.com.br\/#website","url":"https:\/\/blogdofarnesio.com.br\/","name":"Blog do Farn\u00e9sio","description":"Quer Saber Pol\u00edtica?","publisher":{"@id":"https:\/\/blogdofarnesio.com.br\/#organization"},"potentialAction":[{"@type":"SearchAction","target":{"@type":"EntryPoint","urlTemplate":"https:\/\/blogdofarnesio.com.br\/?s={search_term_string}"},"query-input":{"@type":"PropertyValueSpecification","valueRequired":true,"valueName":"search_term_string"}}],"inLanguage":"pt-BR"},{"@type":"Organization","@id":"https:\/\/blogdofarnesio.com.br\/#organization","name":"Blog do Farn\u00e9sio","url":"https:\/\/blogdofarnesio.com.br\/","logo":{"@type":"ImageObject","inLanguage":"pt-BR","@id":"https:\/\/blogdofarnesio.com.br\/#\/schema\/logo\/image\/","url":"https:\/\/blogdofarnesio.com.br\/wp-content\/uploads\/2026\/03\/cropped-logo_new-1.png","contentUrl":"https:\/\/blogdofarnesio.com.br\/wp-content\/uploads\/2026\/03\/cropped-logo_new-1.png","width":881,"height":685,"caption":"Blog do Farn\u00e9sio"},"image":{"@id":"https:\/\/blogdofarnesio.com.br\/#\/schema\/logo\/image\/"},"sameAs":["https:\/\/www.facebook.com\/BlogQuerSaberPolitica\/"]},{"@type":"Person","@id":"https:\/\/blogdofarnesio.com.br\/#\/schema\/person\/bb9b23ae3ad0609ce8df7b6c9e76824d","name":"Farn\u00e9sio","image":{"@type":"ImageObject","inLanguage":"pt-BR","@id":"https:\/\/secure.gravatar.com\/avatar\/986aa4c61ccdb66f8555bf88fc2a65609d00bcabd4d2d94377a727547345cbca?s=96&d=mm&r=g","url":"https:\/\/secure.gravatar.com\/avatar\/986aa4c61ccdb66f8555bf88fc2a65609d00bcabd4d2d94377a727547345cbca?s=96&d=mm&r=g","contentUrl":"https:\/\/secure.gravatar.com\/avatar\/986aa4c61ccdb66f8555bf88fc2a65609d00bcabd4d2d94377a727547345cbca?s=96&d=mm&r=g","caption":"Farn\u00e9sio"},"description":"Radialista blogueiro, chegou a Petrolina\/Juazeiro em setembro de 1980, Farn\u00e9sio Silva \u00e9 de Arapiraca-Alagoas.","sameAs":["http:\/\/blogdofarnesio.com.br","https:\/\/www.facebook.com\/?ref=tn_tnmn","https:\/\/www.instagram.com\/?utm_source=pwa_homescreen","https:\/\/youtube.com.br\/"],"url":"https:\/\/blogdofarnesio.com.br\/author\/farnesio-2\/"}]}},"_links":{"self":[{"href":"https:\/\/blogdofarnesio.com.br\/wp-json\/wp\/v2\/posts\/309159","targetHints":{"allow":["GET"]}}],"collection":[{"href":"https:\/\/blogdofarnesio.com.br\/wp-json\/wp\/v2\/posts"}],"about":[{"href":"https:\/\/blogdofarnesio.com.br\/wp-json\/wp\/v2\/types\/post"}],"author":[{"embeddable":true,"href":"https:\/\/blogdofarnesio.com.br\/wp-json\/wp\/v2\/users\/2"}],"replies":[{"embeddable":true,"href":"https:\/\/blogdofarnesio.com.br\/wp-json\/wp\/v2\/comments?post=309159"}],"version-history":[{"count":0,"href":"https:\/\/blogdofarnesio.com.br\/wp-json\/wp\/v2\/posts\/309159\/revisions"}],"wp:featuredmedia":[{"embeddable":true,"href":"https:\/\/blogdofarnesio.com.br\/wp-json\/wp\/v2\/media\/309160"}],"wp:attachment":[{"href":"https:\/\/blogdofarnesio.com.br\/wp-json\/wp\/v2\/media?parent=309159"}],"wp:term":[{"taxonomy":"category","embeddable":true,"href":"https:\/\/blogdofarnesio.com.br\/wp-json\/wp\/v2\/categories?post=309159"},{"taxonomy":"post_tag","embeddable":true,"href":"https:\/\/blogdofarnesio.com.br\/wp-json\/wp\/v2\/tags?post=309159"}],"curies":[{"name":"wp","href":"https:\/\/api.w.org\/{rel}","templated":true}]}}