{"id":309143,"date":"2022-03-22T09:43:34","date_gmt":"2022-03-22T12:43:34","guid":{"rendered":"https:\/\/blogdofarnesio.com.br\/?p=309143"},"modified":"2022-03-21T15:46:24","modified_gmt":"2022-03-21T18:46:24","slug":"petrolina-mais-de-1-130-imoveis-foram-vistoriados-no-dia-d-contra-o-aedes-aegypti","status":"publish","type":"post","link":"https:\/\/blogdofarnesio.com.br\/?p=309143","title":{"rendered":"Petrolina: Mais de 1.130 im\u00f3veis foram vistoriados no Dia D contra o Aedes aegypti"},"content":{"rendered":"<p style=\"font-weight: 400;\">No domingo (20), o munic\u00edpio desenvolveu a\u00e7\u00f5es de conscientiza\u00e7\u00e3o no Dia \u201cD\u201d de mobiliza\u00e7\u00e3o social contra o Aedes aegypti. A atividade contou com a participa\u00e7\u00e3o dos agentes de combate \u00e0s endemias da Prefeitura de Petrolina. Os profissionais vistoriaram mais de 1.130 im\u00f3veis, em 23 os agentes encontraram focos de prolifera\u00e7\u00e3o dos mosquitos, esses locais tiveram que ser tratados.<\/p>\n<p style=\"font-weight: 400;\">O objetivo da a\u00e7\u00e3o era incentivar a popula\u00e7\u00e3o a fazer, com regularidade, vistorias nas resid\u00eancias, buscando eliminar qualquer ac\u00famulo de \u00e1gua que possa se tornar criadouro para o mosquito.<\/p>\n<p style=\"font-weight: 400;\">Os agentes visitaram os bairros que, de acordo com o 2\u00ba \u00cdndice R\u00e1pido do Aedes aegypti (LIRAa), est\u00e3o com o maior \u00edndice de infesta\u00e7\u00e3o e risco de prolifera\u00e7\u00e3o do mosquito. As comunidades contempladas foram S\u00e3o Gon\u00e7alo, Gercino Coelho, Km2 e Vila Moc\u00f3.<\/p>\n<p style=\"font-weight: 400;\">Para a dona de casa Maria Josefa, essa a\u00e7\u00e3o foi muito importante para orientar os moradores. \u201cFoi muito bacana, \u00e0s vezes encontramos mosquitos e n\u00e3o sabemos identificar, e os agentes me explicaram como fazer isso, que \u00e9 evitando deixar \u00e1gua parada, fazendo vistorias nos quintais e orientando os meus vizinhos a fazer o mesmo\u201d, destaca.<\/p>\n<p style=\"font-weight: 400;\">A Secretaria de Sa\u00fade refor\u00e7a que os Agentes de Endemias continuam realizando suas atividades durante a semana, visitando as comunidades e orientando a popula\u00e7\u00e3o, mas ressalta que esse trabalho s\u00f3 pode ser efetivo com o apoio da popula\u00e7\u00e3o, j\u00e1 que cerca de 80% dos focos est\u00e3o dentro das resid\u00eancias.<\/p>\n<p style=\"font-weight: 400;\">Texto: Jhulyenne Souza \u2013 Assessora de Comunica\u00e7\u00e3o da Secretaria de Sa\u00fade<\/p>\n","protected":false},"excerpt":{"rendered":"<p>No domingo (20), o munic\u00edpio desenvolveu a\u00e7\u00f5es de conscientiza\u00e7\u00e3o no Dia \u201cD\u201d de mobiliza\u00e7\u00e3o social contra o Aedes aegypti. A atividade contou com a participa\u00e7\u00e3o dos agentes de combate \u00e0s endemias da Prefeitura de Petrolina. Os profissionais vistoriaram mais de 1.130 im\u00f3veis, em 23 os agentes encontraram focos de prolifera\u00e7\u00e3o dos mosquitos, esses locais tiveram que ser tratados. O objetivo da a\u00e7\u00e3o era incentivar a popula\u00e7\u00e3o a fazer, com regularidade, vistorias nas resid\u00eancias, buscando eliminar qualquer ac\u00famulo de \u00e1gua que possa se tornar criadouro para o mosquito. Os agentes visitaram os bairros que, de acordo com o 2\u00ba \u00cdndice R\u00e1pido do Aedes aegypti (LIRAa), est\u00e3o com o maior \u00edndice de infesta\u00e7\u00e3o e risco de prolifera\u00e7\u00e3o do mosquito. As comunidades contempladas&hellip; <\/p>\n","protected":false},"author":2,"featured_media":309144,"comment_status":"open","ping_status":"open","sticky":false,"template":"","format":"standard","meta":{"_acf_changed":false,"footnotes":""},"categories":[4],"tags":[],"class_list":["post-309143","post","type-post","status-publish","format-standard","has-post-thumbnail","hentry","category-saude"],"acf":[],"yoast_head":"<!-- This site is optimized with the Yoast SEO plugin v27.4 - https:\/\/yoast.com\/product\/yoast-seo-wordpress\/ -->\n<title>Petrolina: Mais de 1.130 im\u00f3veis foram vistoriados no Dia D contra o Aedes aegypti - Blog do Farn\u00e9sio<\/title>\n<meta name=\"robots\" content=\"index, follow, max-snippet:-1, max-image-preview:large, max-video-preview:-1\" \/>\n<link rel=\"canonical\" href=\"https:\/\/blogdofarnesio.com.br\/?p=309143\" \/>\n<meta property=\"og:locale\" content=\"pt_BR\" \/>\n<meta property=\"og:type\" content=\"article\" \/>\n<meta property=\"og:title\" content=\"Petrolina: Mais de 1.130 im\u00f3veis foram vistoriados no Dia D contra o Aedes aegypti - Blog do Farn\u00e9sio\" \/>\n<meta property=\"og:description\" content=\"No domingo (20), o munic\u00edpio desenvolveu a\u00e7\u00f5es de conscientiza\u00e7\u00e3o no Dia \u201cD\u201d de mobiliza\u00e7\u00e3o social contra o Aedes aegypti. A atividade contou com a participa\u00e7\u00e3o dos agentes de combate \u00e0s endemias da Prefeitura de Petrolina. Os profissionais vistoriaram mais de 1.130 im\u00f3veis, em 23 os agentes encontraram focos de prolifera\u00e7\u00e3o dos mosquitos, esses locais tiveram que ser tratados. O objetivo da a\u00e7\u00e3o era incentivar a popula\u00e7\u00e3o a fazer, com regularidade, vistorias nas resid\u00eancias, buscando eliminar qualquer ac\u00famulo de \u00e1gua que possa se tornar criadouro para o mosquito. Os agentes visitaram os bairros que, de acordo com o 2\u00ba \u00cdndice R\u00e1pido do Aedes aegypti (LIRAa), est\u00e3o com o maior \u00edndice de infesta\u00e7\u00e3o e risco de prolifera\u00e7\u00e3o do mosquito. As comunidades contempladas&hellip;\" \/>\n<meta property=\"og:url\" content=\"https:\/\/blogdofarnesio.com.br\/?p=309143\" \/>\n<meta property=\"og:site_name\" content=\"Blog do Farn\u00e9sio\" \/>\n<meta property=\"article:publisher\" content=\"https:\/\/www.facebook.com\/BlogQuerSaberPolitica\/\" \/>\n<meta property=\"article:author\" content=\"https:\/\/www.facebook.com\/?ref=tn_tnmn\" \/>\n<meta property=\"article:published_time\" content=\"2022-03-22T12:43:34+00:00\" \/>\n<meta property=\"og:image\" content=\"https:\/\/blogdofarnesio.com.br\/wp-content\/uploads\/2022\/03\/Mais-de-1.130-imoveis-foram-vistoriados-no-Dia-D-contra-o-Aedes-aegypti-1-e1647888191242.jpeg\" \/>\n\t<meta property=\"og:image:width\" content=\"600\" \/>\n\t<meta property=\"og:image:height\" content=\"400\" \/>\n\t<meta property=\"og:image:type\" content=\"image\/jpeg\" \/>\n<meta name=\"author\" content=\"Farn\u00e9sio\" \/>\n<meta name=\"twitter:card\" content=\"summary_large_image\" \/>\n<meta name=\"twitter:label1\" content=\"Escrito por\" \/>\n\t<meta name=\"twitter:data1\" content=\"Farn\u00e9sio\" \/>\n\t<meta name=\"twitter:label2\" content=\"Est. tempo de leitura\" \/>\n\t<meta name=\"twitter:data2\" content=\"1 minuto\" \/>\n<script type=\"application\/ld+json\" class=\"yoast-schema-graph\">{\"@context\":\"https:\\\/\\\/schema.org\",\"@graph\":[{\"@type\":\"Article\",\"@id\":\"https:\\\/\\\/blogdofarnesio.com.br\\\/?p=309143#article\",\"isPartOf\":{\"@id\":\"https:\\\/\\\/blogdofarnesio.com.br\\\/?p=309143\"},\"author\":{\"name\":\"Farn\u00e9sio\",\"@id\":\"https:\\\/\\\/blogdofarnesio.com.br\\\/#\\\/schema\\\/person\\\/bb9b23ae3ad0609ce8df7b6c9e76824d\"},\"headline\":\"Petrolina: Mais de 1.130 im\u00f3veis foram vistoriados no Dia D contra o Aedes aegypti\",\"datePublished\":\"2022-03-22T12:43:34+00:00\",\"mainEntityOfPage\":{\"@id\":\"https:\\\/\\\/blogdofarnesio.com.br\\\/?p=309143\"},\"wordCount\":278,\"commentCount\":0,\"publisher\":{\"@id\":\"https:\\\/\\\/blogdofarnesio.com.br\\\/#organization\"},\"image\":{\"@id\":\"https:\\\/\\\/blogdofarnesio.com.br\\\/?p=309143#primaryimage\"},\"thumbnailUrl\":\"https:\\\/\\\/blogdofarnesio.com.br\\\/wp-content\\\/uploads\\\/2022\\\/03\\\/Mais-de-1.130-imoveis-foram-vistoriados-no-Dia-D-contra-o-Aedes-aegypti-1-e1647888191242.jpeg\",\"articleSection\":[\"Sa\u00fade\"],\"inLanguage\":\"pt-BR\",\"potentialAction\":[{\"@type\":\"CommentAction\",\"name\":\"Comment\",\"target\":[\"https:\\\/\\\/blogdofarnesio.com.br\\\/?p=309143#respond\"]}]},{\"@type\":\"WebPage\",\"@id\":\"https:\\\/\\\/blogdofarnesio.com.br\\\/?p=309143\",\"url\":\"https:\\\/\\\/blogdofarnesio.com.br\\\/?p=309143\",\"name\":\"Petrolina: Mais de 1.130 im\u00f3veis foram vistoriados no Dia D contra o Aedes aegypti - Blog do Farn\u00e9sio\",\"isPartOf\":{\"@id\":\"https:\\\/\\\/blogdofarnesio.com.br\\\/#website\"},\"primaryImageOfPage\":{\"@id\":\"https:\\\/\\\/blogdofarnesio.com.br\\\/?p=309143#primaryimage\"},\"image\":{\"@id\":\"https:\\\/\\\/blogdofarnesio.com.br\\\/?p=309143#primaryimage\"},\"thumbnailUrl\":\"https:\\\/\\\/blogdofarnesio.com.br\\\/wp-content\\\/uploads\\\/2022\\\/03\\\/Mais-de-1.130-imoveis-foram-vistoriados-no-Dia-D-contra-o-Aedes-aegypti-1-e1647888191242.jpeg\",\"datePublished\":\"2022-03-22T12:43:34+00:00\",\"breadcrumb\":{\"@id\":\"https:\\\/\\\/blogdofarnesio.com.br\\\/?p=309143#breadcrumb\"},\"inLanguage\":\"pt-BR\",\"potentialAction\":[{\"@type\":\"ReadAction\",\"target\":[\"https:\\\/\\\/blogdofarnesio.com.br\\\/?p=309143\"]}]},{\"@type\":\"ImageObject\",\"inLanguage\":\"pt-BR\",\"@id\":\"https:\\\/\\\/blogdofarnesio.com.br\\\/?p=309143#primaryimage\",\"url\":\"https:\\\/\\\/blogdofarnesio.com.br\\\/wp-content\\\/uploads\\\/2022\\\/03\\\/Mais-de-1.130-imoveis-foram-vistoriados-no-Dia-D-contra-o-Aedes-aegypti-1-e1647888191242.jpeg\",\"contentUrl\":\"https:\\\/\\\/blogdofarnesio.com.br\\\/wp-content\\\/uploads\\\/2022\\\/03\\\/Mais-de-1.130-imoveis-foram-vistoriados-no-Dia-D-contra-o-Aedes-aegypti-1-e1647888191242.jpeg\",\"width\":600,\"height\":400},{\"@type\":\"BreadcrumbList\",\"@id\":\"https:\\\/\\\/blogdofarnesio.com.br\\\/?p=309143#breadcrumb\",\"itemListElement\":[{\"@type\":\"ListItem\",\"position\":1,\"name\":\"In\u00edcio\",\"item\":\"https:\\\/\\\/blogdofarnesio.com.br\\\/\"},{\"@type\":\"ListItem\",\"position\":2,\"name\":\"Petrolina: Mais de 1.130 im\u00f3veis foram vistoriados no Dia D contra o Aedes aegypti\"}]},{\"@type\":\"WebSite\",\"@id\":\"https:\\\/\\\/blogdofarnesio.com.br\\\/#website\",\"url\":\"https:\\\/\\\/blogdofarnesio.com.br\\\/\",\"name\":\"Blog do Farn\u00e9sio\",\"description\":\"Quer Saber Pol\u00edtica?\",\"publisher\":{\"@id\":\"https:\\\/\\\/blogdofarnesio.com.br\\\/#organization\"},\"potentialAction\":[{\"@type\":\"SearchAction\",\"target\":{\"@type\":\"EntryPoint\",\"urlTemplate\":\"https:\\\/\\\/blogdofarnesio.com.br\\\/?s={search_term_string}\"},\"query-input\":{\"@type\":\"PropertyValueSpecification\",\"valueRequired\":true,\"valueName\":\"search_term_string\"}}],\"inLanguage\":\"pt-BR\"},{\"@type\":\"Organization\",\"@id\":\"https:\\\/\\\/blogdofarnesio.com.br\\\/#organization\",\"name\":\"Blog do Farn\u00e9sio\",\"url\":\"https:\\\/\\\/blogdofarnesio.com.br\\\/\",\"logo\":{\"@type\":\"ImageObject\",\"inLanguage\":\"pt-BR\",\"@id\":\"https:\\\/\\\/blogdofarnesio.com.br\\\/#\\\/schema\\\/logo\\\/image\\\/\",\"url\":\"https:\\\/\\\/blogdofarnesio.com.br\\\/wp-content\\\/uploads\\\/2026\\\/03\\\/cropped-logo_new-1.png\",\"contentUrl\":\"https:\\\/\\\/blogdofarnesio.com.br\\\/wp-content\\\/uploads\\\/2026\\\/03\\\/cropped-logo_new-1.png\",\"width\":881,\"height\":685,\"caption\":\"Blog do Farn\u00e9sio\"},\"image\":{\"@id\":\"https:\\\/\\\/blogdofarnesio.com.br\\\/#\\\/schema\\\/logo\\\/image\\\/\"},\"sameAs\":[\"https:\\\/\\\/www.facebook.com\\\/BlogQuerSaberPolitica\\\/\"]},{\"@type\":\"Person\",\"@id\":\"https:\\\/\\\/blogdofarnesio.com.br\\\/#\\\/schema\\\/person\\\/bb9b23ae3ad0609ce8df7b6c9e76824d\",\"name\":\"Farn\u00e9sio\",\"image\":{\"@type\":\"ImageObject\",\"inLanguage\":\"pt-BR\",\"@id\":\"https:\\\/\\\/secure.gravatar.com\\\/avatar\\\/986aa4c61ccdb66f8555bf88fc2a65609d00bcabd4d2d94377a727547345cbca?s=96&d=mm&r=g\",\"url\":\"https:\\\/\\\/secure.gravatar.com\\\/avatar\\\/986aa4c61ccdb66f8555bf88fc2a65609d00bcabd4d2d94377a727547345cbca?s=96&d=mm&r=g\",\"contentUrl\":\"https:\\\/\\\/secure.gravatar.com\\\/avatar\\\/986aa4c61ccdb66f8555bf88fc2a65609d00bcabd4d2d94377a727547345cbca?s=96&d=mm&r=g\",\"caption\":\"Farn\u00e9sio\"},\"description\":\"Radialista blogueiro, chegou a Petrolina\\\/Juazeiro em setembro de 1980, Farn\u00e9sio Silva \u00e9 de Arapiraca-Alagoas.\",\"sameAs\":[\"http:\\\/\\\/blogdofarnesio.com.br\",\"https:\\\/\\\/www.facebook.com\\\/?ref=tn_tnmn\",\"https:\\\/\\\/www.instagram.com\\\/?utm_source=pwa_homescreen\",\"https:\\\/\\\/youtube.com.br\\\/\"],\"url\":\"https:\\\/\\\/blogdofarnesio.com.br\\\/?author=2\"}]}<\/script>\n<!-- \/ Yoast SEO plugin. -->","yoast_head_json":{"title":"Petrolina: Mais de 1.130 im\u00f3veis foram vistoriados no Dia D contra o Aedes aegypti - Blog do Farn\u00e9sio","robots":{"index":"index","follow":"follow","max-snippet":"max-snippet:-1","max-image-preview":"max-image-preview:large","max-video-preview":"max-video-preview:-1"},"canonical":"https:\/\/blogdofarnesio.com.br\/?p=309143","og_locale":"pt_BR","og_type":"article","og_title":"Petrolina: Mais de 1.130 im\u00f3veis foram vistoriados no Dia D contra o Aedes aegypti - Blog do Farn\u00e9sio","og_description":"No domingo (20), o munic\u00edpio desenvolveu a\u00e7\u00f5es de conscientiza\u00e7\u00e3o no Dia \u201cD\u201d de mobiliza\u00e7\u00e3o social contra o Aedes aegypti. A atividade contou com a participa\u00e7\u00e3o dos agentes de combate \u00e0s endemias da Prefeitura de Petrolina. Os profissionais vistoriaram mais de 1.130 im\u00f3veis, em 23 os agentes encontraram focos de prolifera\u00e7\u00e3o dos mosquitos, esses locais tiveram que ser tratados. O objetivo da a\u00e7\u00e3o era incentivar a popula\u00e7\u00e3o a fazer, com regularidade, vistorias nas resid\u00eancias, buscando eliminar qualquer ac\u00famulo de \u00e1gua que possa se tornar criadouro para o mosquito. Os agentes visitaram os bairros que, de acordo com o 2\u00ba \u00cdndice R\u00e1pido do Aedes aegypti (LIRAa), est\u00e3o com o maior \u00edndice de infesta\u00e7\u00e3o e risco de prolifera\u00e7\u00e3o do mosquito. As comunidades contempladas&hellip;","og_url":"https:\/\/blogdofarnesio.com.br\/?p=309143","og_site_name":"Blog do Farn\u00e9sio","article_publisher":"https:\/\/www.facebook.com\/BlogQuerSaberPolitica\/","article_author":"https:\/\/www.facebook.com\/?ref=tn_tnmn","article_published_time":"2022-03-22T12:43:34+00:00","og_image":[{"width":600,"height":400,"url":"https:\/\/blogdofarnesio.com.br\/wp-content\/uploads\/2022\/03\/Mais-de-1.130-imoveis-foram-vistoriados-no-Dia-D-contra-o-Aedes-aegypti-1-e1647888191242.jpeg","type":"image\/jpeg"}],"author":"Farn\u00e9sio","twitter_card":"summary_large_image","twitter_misc":{"Escrito por":"Farn\u00e9sio","Est. tempo de leitura":"1 minuto"},"schema":{"@context":"https:\/\/schema.org","@graph":[{"@type":"Article","@id":"https:\/\/blogdofarnesio.com.br\/?p=309143#article","isPartOf":{"@id":"https:\/\/blogdofarnesio.com.br\/?p=309143"},"author":{"name":"Farn\u00e9sio","@id":"https:\/\/blogdofarnesio.com.br\/#\/schema\/person\/bb9b23ae3ad0609ce8df7b6c9e76824d"},"headline":"Petrolina: Mais de 1.130 im\u00f3veis foram vistoriados no Dia D contra o Aedes aegypti","datePublished":"2022-03-22T12:43:34+00:00","mainEntityOfPage":{"@id":"https:\/\/blogdofarnesio.com.br\/?p=309143"},"wordCount":278,"commentCount":0,"publisher":{"@id":"https:\/\/blogdofarnesio.com.br\/#organization"},"image":{"@id":"https:\/\/blogdofarnesio.com.br\/?p=309143#primaryimage"},"thumbnailUrl":"https:\/\/blogdofarnesio.com.br\/wp-content\/uploads\/2022\/03\/Mais-de-1.130-imoveis-foram-vistoriados-no-Dia-D-contra-o-Aedes-aegypti-1-e1647888191242.jpeg","articleSection":["Sa\u00fade"],"inLanguage":"pt-BR","potentialAction":[{"@type":"CommentAction","name":"Comment","target":["https:\/\/blogdofarnesio.com.br\/?p=309143#respond"]}]},{"@type":"WebPage","@id":"https:\/\/blogdofarnesio.com.br\/?p=309143","url":"https:\/\/blogdofarnesio.com.br\/?p=309143","name":"Petrolina: Mais de 1.130 im\u00f3veis foram vistoriados no Dia D contra o Aedes aegypti - Blog do Farn\u00e9sio","isPartOf":{"@id":"https:\/\/blogdofarnesio.com.br\/#website"},"primaryImageOfPage":{"@id":"https:\/\/blogdofarnesio.com.br\/?p=309143#primaryimage"},"image":{"@id":"https:\/\/blogdofarnesio.com.br\/?p=309143#primaryimage"},"thumbnailUrl":"https:\/\/blogdofarnesio.com.br\/wp-content\/uploads\/2022\/03\/Mais-de-1.130-imoveis-foram-vistoriados-no-Dia-D-contra-o-Aedes-aegypti-1-e1647888191242.jpeg","datePublished":"2022-03-22T12:43:34+00:00","breadcrumb":{"@id":"https:\/\/blogdofarnesio.com.br\/?p=309143#breadcrumb"},"inLanguage":"pt-BR","potentialAction":[{"@type":"ReadAction","target":["https:\/\/blogdofarnesio.com.br\/?p=309143"]}]},{"@type":"ImageObject","inLanguage":"pt-BR","@id":"https:\/\/blogdofarnesio.com.br\/?p=309143#primaryimage","url":"https:\/\/blogdofarnesio.com.br\/wp-content\/uploads\/2022\/03\/Mais-de-1.130-imoveis-foram-vistoriados-no-Dia-D-contra-o-Aedes-aegypti-1-e1647888191242.jpeg","contentUrl":"https:\/\/blogdofarnesio.com.br\/wp-content\/uploads\/2022\/03\/Mais-de-1.130-imoveis-foram-vistoriados-no-Dia-D-contra-o-Aedes-aegypti-1-e1647888191242.jpeg","width":600,"height":400},{"@type":"BreadcrumbList","@id":"https:\/\/blogdofarnesio.com.br\/?p=309143#breadcrumb","itemListElement":[{"@type":"ListItem","position":1,"name":"In\u00edcio","item":"https:\/\/blogdofarnesio.com.br\/"},{"@type":"ListItem","position":2,"name":"Petrolina: Mais de 1.130 im\u00f3veis foram vistoriados no Dia D contra o Aedes aegypti"}]},{"@type":"WebSite","@id":"https:\/\/blogdofarnesio.com.br\/#website","url":"https:\/\/blogdofarnesio.com.br\/","name":"Blog do Farn\u00e9sio","description":"Quer Saber Pol\u00edtica?","publisher":{"@id":"https:\/\/blogdofarnesio.com.br\/#organization"},"potentialAction":[{"@type":"SearchAction","target":{"@type":"EntryPoint","urlTemplate":"https:\/\/blogdofarnesio.com.br\/?s={search_term_string}"},"query-input":{"@type":"PropertyValueSpecification","valueRequired":true,"valueName":"search_term_string"}}],"inLanguage":"pt-BR"},{"@type":"Organization","@id":"https:\/\/blogdofarnesio.com.br\/#organization","name":"Blog do Farn\u00e9sio","url":"https:\/\/blogdofarnesio.com.br\/","logo":{"@type":"ImageObject","inLanguage":"pt-BR","@id":"https:\/\/blogdofarnesio.com.br\/#\/schema\/logo\/image\/","url":"https:\/\/blogdofarnesio.com.br\/wp-content\/uploads\/2026\/03\/cropped-logo_new-1.png","contentUrl":"https:\/\/blogdofarnesio.com.br\/wp-content\/uploads\/2026\/03\/cropped-logo_new-1.png","width":881,"height":685,"caption":"Blog do Farn\u00e9sio"},"image":{"@id":"https:\/\/blogdofarnesio.com.br\/#\/schema\/logo\/image\/"},"sameAs":["https:\/\/www.facebook.com\/BlogQuerSaberPolitica\/"]},{"@type":"Person","@id":"https:\/\/blogdofarnesio.com.br\/#\/schema\/person\/bb9b23ae3ad0609ce8df7b6c9e76824d","name":"Farn\u00e9sio","image":{"@type":"ImageObject","inLanguage":"pt-BR","@id":"https:\/\/secure.gravatar.com\/avatar\/986aa4c61ccdb66f8555bf88fc2a65609d00bcabd4d2d94377a727547345cbca?s=96&d=mm&r=g","url":"https:\/\/secure.gravatar.com\/avatar\/986aa4c61ccdb66f8555bf88fc2a65609d00bcabd4d2d94377a727547345cbca?s=96&d=mm&r=g","contentUrl":"https:\/\/secure.gravatar.com\/avatar\/986aa4c61ccdb66f8555bf88fc2a65609d00bcabd4d2d94377a727547345cbca?s=96&d=mm&r=g","caption":"Farn\u00e9sio"},"description":"Radialista blogueiro, chegou a Petrolina\/Juazeiro em setembro de 1980, Farn\u00e9sio Silva \u00e9 de Arapiraca-Alagoas.","sameAs":["http:\/\/blogdofarnesio.com.br","https:\/\/www.facebook.com\/?ref=tn_tnmn","https:\/\/www.instagram.com\/?utm_source=pwa_homescreen","https:\/\/youtube.com.br\/"],"url":"https:\/\/blogdofarnesio.com.br\/?author=2"}]}},"_links":{"self":[{"href":"https:\/\/blogdofarnesio.com.br\/index.php?rest_route=\/wp\/v2\/posts\/309143","targetHints":{"allow":["GET"]}}],"collection":[{"href":"https:\/\/blogdofarnesio.com.br\/index.php?rest_route=\/wp\/v2\/posts"}],"about":[{"href":"https:\/\/blogdofarnesio.com.br\/index.php?rest_route=\/wp\/v2\/types\/post"}],"author":[{"embeddable":true,"href":"https:\/\/blogdofarnesio.com.br\/index.php?rest_route=\/wp\/v2\/users\/2"}],"replies":[{"embeddable":true,"href":"https:\/\/blogdofarnesio.com.br\/index.php?rest_route=%2Fwp%2Fv2%2Fcomments&post=309143"}],"version-history":[{"count":0,"href":"https:\/\/blogdofarnesio.com.br\/index.php?rest_route=\/wp\/v2\/posts\/309143\/revisions"}],"wp:featuredmedia":[{"embeddable":true,"href":"https:\/\/blogdofarnesio.com.br\/index.php?rest_route=\/wp\/v2\/media\/309144"}],"wp:attachment":[{"href":"https:\/\/blogdofarnesio.com.br\/index.php?rest_route=%2Fwp%2Fv2%2Fmedia&parent=309143"}],"wp:term":[{"taxonomy":"category","embeddable":true,"href":"https:\/\/blogdofarnesio.com.br\/index.php?rest_route=%2Fwp%2Fv2%2Fcategories&post=309143"},{"taxonomy":"post_tag","embeddable":true,"href":"https:\/\/blogdofarnesio.com.br\/index.php?rest_route=%2Fwp%2Fv2%2Ftags&post=309143"}],"curies":[{"name":"wp","href":"https:\/\/api.w.org\/{rel}","templated":true}]}}