{"id":309069,"date":"2022-03-21T08:03:27","date_gmt":"2022-03-21T11:03:27","guid":{"rendered":"https:\/\/blogdofarnesio.com.br\/?p=309069"},"modified":"2022-03-20T10:40:49","modified_gmt":"2022-03-20T13:40:49","slug":"eleicoes-2022-pe-ex-ministro-e-ex-governador-gustavo-krause-diz-que-raquel-lyra-e-o-futuro","status":"publish","type":"post","link":"https:\/\/blogdofarnesio.com.br\/?p=309069","title":{"rendered":"Elei\u00e7\u00f5es 2022 PE: Ex-ministro e ex-governador Gustavo Krause diz que Raquel Lyra \u00e9 o futuro"},"content":{"rendered":"<header class=\"entry-header\"><\/header>\n<div class=\"entry-content\">\n<p>\u201cRaquel \u00e9 o futuro, n\u00e3o \u00e9 uma simples promessa. Ela \u00e9 l\u00edder e est\u00e1 preparada para construir novos futuros. Representa a conjuga\u00e7\u00e3o do m\u00e9rito, da fibra, da resist\u00eancia e da capacidade da mulher\u201d, afirmou o ex-governador e ex-ministro Gustavo Krause ao refor\u00e7ar neste s\u00e1bado, 19, seu apoio \u00e0 prefeita de Caruaru e presidente do PSDB Pernambuco, Raquel Lyra.<\/p>\n<p>De acordo com publica\u00e7\u00e3o do Blog do Edmar Lyra, o ex-governador destaca que Raquel Lyra est\u00e1 sendo convocada pelos pernambucanos. \u201cPercebo a convoca\u00e7\u00e3o que est\u00e1 sendo feita pela popula\u00e7\u00e3o e por lideran\u00e7as das mais diversas \u00e1reas e tenho certeza que ela est\u00e1 pronta para cumprir mais um desafio\u201d, ressalta.<\/p>\n<p>Ao citar a trajet\u00f3ria profissional e pol\u00edtica da prefeita de Caruaru como sua aprova\u00e7\u00e3o por concursos na Pol\u00edcia Federal e Procuradoria Geral do estado, os mandatos de deputada estadual, a elei\u00e7\u00e3o para Prefeitura de Caruaru, sendo a primeira mulher a governar a cidade, Krause aponta para o protagonismo de Raquel, apesar de todos os desafios. \u201cEla tem uma trajet\u00f3ria no servi\u00e7o p\u00fablico e na pol\u00edtica marcada pela supera\u00e7\u00e3o, sem cair numa vis\u00e3o de confronto, mas sim de equil\u00edbrio, de uma igualdade que olha para as diferen\u00e7as\u201d, ressaltou.<\/p>\n<p>Para Krause, Raquel representa a luta de todas as mulheres por mais representatividade na pol\u00edtica. \u201cNunca \u00e9 demais recordar como se deu o processo da sua candidatura \u00e0 prefeita de Caruaru. Raquel teve esse direito negado pelo seu partido. Para ela nada foi f\u00e1cil. Ela conquistou sua lideran\u00e7a no espa\u00e7o p\u00fablico da pol\u00edtica, ultrapassando barreiras e obst\u00e1culos colocados em nome de preconceitos, superando cada um deles porque se preparou para isso em cada passo que ela deu na vida, sobretudo porque teve a fibra muito especial da qual \u00e9 feita a mulher\u201d, acrescentou.<\/p>\n<p>Gustavo Krause tamb\u00e9m defendeu a renova\u00e7\u00e3o na pol\u00edtica. \u201cA pol\u00edtica \u00e9 composta por um tecido social que se oligarquiza na medida que n\u00e3o h\u00e1 uma taxa de renova\u00e7\u00e3o. E os ventos da renova\u00e7\u00e3o est\u00e3o soprando em Pernambuco.\u00a0 A prefeita Raquel Lyra tem a virtude da modera\u00e7\u00e3o, da prud\u00eancia, mas tamb\u00e9m uma firmeza incr\u00edvel. Tem uma vis\u00e3o estrat\u00e9gica sem se descuidar da necessidade do povo que ela aprendeu fazendo pol\u00edtica como deputada e como prefeita. Ela n\u00e3o precisa recorrer \u00e0 \u201cteoria do andor\u201d. N\u00e3o precisa ser carregada. Essa \u00e9 a hora de Raquel\u201d, finalizou o ex-governador.<\/p>\n<\/div>\n","protected":false},"excerpt":{"rendered":"<p>\u201cRaquel \u00e9 o futuro, n\u00e3o \u00e9 uma simples promessa. Ela \u00e9 l\u00edder e est\u00e1 preparada para construir novos futuros. Representa a conjuga\u00e7\u00e3o do m\u00e9rito, da fibra, da resist\u00eancia e da capacidade da mulher\u201d, afirmou o ex-governador e ex-ministro Gustavo Krause ao refor\u00e7ar neste s\u00e1bado, 19, seu apoio \u00e0 prefeita de Caruaru e presidente do PSDB Pernambuco, Raquel Lyra. De acordo com publica\u00e7\u00e3o do Blog do Edmar Lyra, o ex-governador destaca que Raquel Lyra est\u00e1 sendo convocada pelos pernambucanos. \u201cPercebo a convoca\u00e7\u00e3o que est\u00e1 sendo feita pela popula\u00e7\u00e3o e por lideran\u00e7as das mais diversas \u00e1reas e tenho certeza que ela est\u00e1 pronta para cumprir mais um desafio\u201d, ressalta. Ao citar a trajet\u00f3ria profissional e pol\u00edtica da prefeita de Caruaru como sua&hellip; <\/p>\n","protected":false},"author":2,"featured_media":309070,"comment_status":"open","ping_status":"open","sticky":false,"template":"","format":"standard","meta":{"_acf_changed":false,"footnotes":""},"categories":[30],"tags":[],"class_list":["post-309069","post","type-post","status-publish","format-standard","has-post-thumbnail","hentry","category-artigo"],"acf":[],"yoast_head":"<!-- This site is optimized with the Yoast SEO plugin v27.4 - https:\/\/yoast.com\/product\/yoast-seo-wordpress\/ -->\n<title>Elei\u00e7\u00f5es 2022 PE: Ex-ministro e ex-governador Gustavo Krause diz que Raquel Lyra \u00e9 o futuro - Blog do Farn\u00e9sio<\/title>\n<meta name=\"robots\" content=\"index, follow, max-snippet:-1, max-image-preview:large, max-video-preview:-1\" \/>\n<link rel=\"canonical\" href=\"https:\/\/blogdofarnesio.com.br\/?p=309069\" \/>\n<meta property=\"og:locale\" content=\"pt_BR\" \/>\n<meta property=\"og:type\" content=\"article\" \/>\n<meta property=\"og:title\" content=\"Elei\u00e7\u00f5es 2022 PE: Ex-ministro e ex-governador Gustavo Krause diz que Raquel Lyra \u00e9 o futuro - Blog do Farn\u00e9sio\" \/>\n<meta property=\"og:description\" content=\"\u201cRaquel \u00e9 o futuro, n\u00e3o \u00e9 uma simples promessa. Ela \u00e9 l\u00edder e est\u00e1 preparada para construir novos futuros. Representa a conjuga\u00e7\u00e3o do m\u00e9rito, da fibra, da resist\u00eancia e da capacidade da mulher\u201d, afirmou o ex-governador e ex-ministro Gustavo Krause ao refor\u00e7ar neste s\u00e1bado, 19, seu apoio \u00e0 prefeita de Caruaru e presidente do PSDB Pernambuco, Raquel Lyra. De acordo com publica\u00e7\u00e3o do Blog do Edmar Lyra, o ex-governador destaca que Raquel Lyra est\u00e1 sendo convocada pelos pernambucanos. \u201cPercebo a convoca\u00e7\u00e3o que est\u00e1 sendo feita pela popula\u00e7\u00e3o e por lideran\u00e7as das mais diversas \u00e1reas e tenho certeza que ela est\u00e1 pronta para cumprir mais um desafio\u201d, ressalta. Ao citar a trajet\u00f3ria profissional e pol\u00edtica da prefeita de Caruaru como sua&hellip;\" \/>\n<meta property=\"og:url\" content=\"https:\/\/blogdofarnesio.com.br\/?p=309069\" \/>\n<meta property=\"og:site_name\" content=\"Blog do Farn\u00e9sio\" \/>\n<meta property=\"article:publisher\" content=\"https:\/\/www.facebook.com\/BlogQuerSaberPolitica\/\" \/>\n<meta property=\"article:author\" content=\"https:\/\/www.facebook.com\/?ref=tn_tnmn\" \/>\n<meta property=\"article:published_time\" content=\"2022-03-21T11:03:27+00:00\" \/>\n<meta property=\"og:image\" content=\"https:\/\/blogdofarnesio.com.br\/wp-content\/uploads\/2022\/03\/blogqspgustavo-krause.jpg\" \/>\n\t<meta property=\"og:image:width\" content=\"626\" \/>\n\t<meta property=\"og:image:height\" content=\"444\" \/>\n\t<meta property=\"og:image:type\" content=\"image\/jpeg\" \/>\n<meta name=\"author\" content=\"Farn\u00e9sio\" \/>\n<meta name=\"twitter:card\" content=\"summary_large_image\" \/>\n<meta name=\"twitter:label1\" content=\"Escrito por\" \/>\n\t<meta name=\"twitter:data1\" content=\"Farn\u00e9sio\" \/>\n\t<meta name=\"twitter:label2\" content=\"Est. tempo de leitura\" \/>\n\t<meta name=\"twitter:data2\" content=\"3 minutos\" \/>\n<script type=\"application\/ld+json\" class=\"yoast-schema-graph\">{\"@context\":\"https:\\\/\\\/schema.org\",\"@graph\":[{\"@type\":\"Article\",\"@id\":\"https:\\\/\\\/blogdofarnesio.com.br\\\/?p=309069#article\",\"isPartOf\":{\"@id\":\"https:\\\/\\\/blogdofarnesio.com.br\\\/?p=309069\"},\"author\":{\"name\":\"Farn\u00e9sio\",\"@id\":\"https:\\\/\\\/blogdofarnesio.com.br\\\/#\\\/schema\\\/person\\\/bb9b23ae3ad0609ce8df7b6c9e76824d\"},\"headline\":\"Elei\u00e7\u00f5es 2022 PE: Ex-ministro e ex-governador Gustavo Krause diz que Raquel Lyra \u00e9 o futuro\",\"datePublished\":\"2022-03-21T11:03:27+00:00\",\"mainEntityOfPage\":{\"@id\":\"https:\\\/\\\/blogdofarnesio.com.br\\\/?p=309069\"},\"wordCount\":433,\"commentCount\":0,\"publisher\":{\"@id\":\"https:\\\/\\\/blogdofarnesio.com.br\\\/#organization\"},\"image\":{\"@id\":\"https:\\\/\\\/blogdofarnesio.com.br\\\/?p=309069#primaryimage\"},\"thumbnailUrl\":\"https:\\\/\\\/blogdofarnesio.com.br\\\/wp-content\\\/uploads\\\/2022\\\/03\\\/blogqspgustavo-krause.jpg\",\"articleSection\":[\"Artigo\"],\"inLanguage\":\"pt-BR\",\"potentialAction\":[{\"@type\":\"CommentAction\",\"name\":\"Comment\",\"target\":[\"https:\\\/\\\/blogdofarnesio.com.br\\\/?p=309069#respond\"]}]},{\"@type\":\"WebPage\",\"@id\":\"https:\\\/\\\/blogdofarnesio.com.br\\\/?p=309069\",\"url\":\"https:\\\/\\\/blogdofarnesio.com.br\\\/?p=309069\",\"name\":\"Elei\u00e7\u00f5es 2022 PE: Ex-ministro e ex-governador Gustavo Krause diz que Raquel Lyra \u00e9 o futuro - Blog do Farn\u00e9sio\",\"isPartOf\":{\"@id\":\"https:\\\/\\\/blogdofarnesio.com.br\\\/#website\"},\"primaryImageOfPage\":{\"@id\":\"https:\\\/\\\/blogdofarnesio.com.br\\\/?p=309069#primaryimage\"},\"image\":{\"@id\":\"https:\\\/\\\/blogdofarnesio.com.br\\\/?p=309069#primaryimage\"},\"thumbnailUrl\":\"https:\\\/\\\/blogdofarnesio.com.br\\\/wp-content\\\/uploads\\\/2022\\\/03\\\/blogqspgustavo-krause.jpg\",\"datePublished\":\"2022-03-21T11:03:27+00:00\",\"breadcrumb\":{\"@id\":\"https:\\\/\\\/blogdofarnesio.com.br\\\/?p=309069#breadcrumb\"},\"inLanguage\":\"pt-BR\",\"potentialAction\":[{\"@type\":\"ReadAction\",\"target\":[\"https:\\\/\\\/blogdofarnesio.com.br\\\/?p=309069\"]}]},{\"@type\":\"ImageObject\",\"inLanguage\":\"pt-BR\",\"@id\":\"https:\\\/\\\/blogdofarnesio.com.br\\\/?p=309069#primaryimage\",\"url\":\"https:\\\/\\\/blogdofarnesio.com.br\\\/wp-content\\\/uploads\\\/2022\\\/03\\\/blogqspgustavo-krause.jpg\",\"contentUrl\":\"https:\\\/\\\/blogdofarnesio.com.br\\\/wp-content\\\/uploads\\\/2022\\\/03\\\/blogqspgustavo-krause.jpg\",\"width\":626,\"height\":444},{\"@type\":\"BreadcrumbList\",\"@id\":\"https:\\\/\\\/blogdofarnesio.com.br\\\/?p=309069#breadcrumb\",\"itemListElement\":[{\"@type\":\"ListItem\",\"position\":1,\"name\":\"In\u00edcio\",\"item\":\"https:\\\/\\\/blogdofarnesio.com.br\\\/\"},{\"@type\":\"ListItem\",\"position\":2,\"name\":\"Elei\u00e7\u00f5es 2022 PE: Ex-ministro e ex-governador Gustavo Krause diz que Raquel Lyra \u00e9 o futuro\"}]},{\"@type\":\"WebSite\",\"@id\":\"https:\\\/\\\/blogdofarnesio.com.br\\\/#website\",\"url\":\"https:\\\/\\\/blogdofarnesio.com.br\\\/\",\"name\":\"Blog do Farn\u00e9sio\",\"description\":\"Quer Saber Pol\u00edtica?\",\"publisher\":{\"@id\":\"https:\\\/\\\/blogdofarnesio.com.br\\\/#organization\"},\"potentialAction\":[{\"@type\":\"SearchAction\",\"target\":{\"@type\":\"EntryPoint\",\"urlTemplate\":\"https:\\\/\\\/blogdofarnesio.com.br\\\/?s={search_term_string}\"},\"query-input\":{\"@type\":\"PropertyValueSpecification\",\"valueRequired\":true,\"valueName\":\"search_term_string\"}}],\"inLanguage\":\"pt-BR\"},{\"@type\":\"Organization\",\"@id\":\"https:\\\/\\\/blogdofarnesio.com.br\\\/#organization\",\"name\":\"Blog do Farn\u00e9sio\",\"url\":\"https:\\\/\\\/blogdofarnesio.com.br\\\/\",\"logo\":{\"@type\":\"ImageObject\",\"inLanguage\":\"pt-BR\",\"@id\":\"https:\\\/\\\/blogdofarnesio.com.br\\\/#\\\/schema\\\/logo\\\/image\\\/\",\"url\":\"https:\\\/\\\/blogdofarnesio.com.br\\\/wp-content\\\/uploads\\\/2026\\\/03\\\/cropped-logo_new-1.png\",\"contentUrl\":\"https:\\\/\\\/blogdofarnesio.com.br\\\/wp-content\\\/uploads\\\/2026\\\/03\\\/cropped-logo_new-1.png\",\"width\":881,\"height\":685,\"caption\":\"Blog do Farn\u00e9sio\"},\"image\":{\"@id\":\"https:\\\/\\\/blogdofarnesio.com.br\\\/#\\\/schema\\\/logo\\\/image\\\/\"},\"sameAs\":[\"https:\\\/\\\/www.facebook.com\\\/BlogQuerSaberPolitica\\\/\"]},{\"@type\":\"Person\",\"@id\":\"https:\\\/\\\/blogdofarnesio.com.br\\\/#\\\/schema\\\/person\\\/bb9b23ae3ad0609ce8df7b6c9e76824d\",\"name\":\"Farn\u00e9sio\",\"image\":{\"@type\":\"ImageObject\",\"inLanguage\":\"pt-BR\",\"@id\":\"https:\\\/\\\/secure.gravatar.com\\\/avatar\\\/986aa4c61ccdb66f8555bf88fc2a65609d00bcabd4d2d94377a727547345cbca?s=96&d=mm&r=g\",\"url\":\"https:\\\/\\\/secure.gravatar.com\\\/avatar\\\/986aa4c61ccdb66f8555bf88fc2a65609d00bcabd4d2d94377a727547345cbca?s=96&d=mm&r=g\",\"contentUrl\":\"https:\\\/\\\/secure.gravatar.com\\\/avatar\\\/986aa4c61ccdb66f8555bf88fc2a65609d00bcabd4d2d94377a727547345cbca?s=96&d=mm&r=g\",\"caption\":\"Farn\u00e9sio\"},\"description\":\"Radialista blogueiro, chegou a Petrolina\\\/Juazeiro em setembro de 1980, Farn\u00e9sio Silva \u00e9 de Arapiraca-Alagoas.\",\"sameAs\":[\"http:\\\/\\\/blogdofarnesio.com.br\",\"https:\\\/\\\/www.facebook.com\\\/?ref=tn_tnmn\",\"https:\\\/\\\/www.instagram.com\\\/?utm_source=pwa_homescreen\",\"https:\\\/\\\/youtube.com.br\\\/\"],\"url\":\"https:\\\/\\\/blogdofarnesio.com.br\\\/?author=2\"}]}<\/script>\n<!-- \/ Yoast SEO plugin. -->","yoast_head_json":{"title":"Elei\u00e7\u00f5es 2022 PE: Ex-ministro e ex-governador Gustavo Krause diz que Raquel Lyra \u00e9 o futuro - Blog do Farn\u00e9sio","robots":{"index":"index","follow":"follow","max-snippet":"max-snippet:-1","max-image-preview":"max-image-preview:large","max-video-preview":"max-video-preview:-1"},"canonical":"https:\/\/blogdofarnesio.com.br\/?p=309069","og_locale":"pt_BR","og_type":"article","og_title":"Elei\u00e7\u00f5es 2022 PE: Ex-ministro e ex-governador Gustavo Krause diz que Raquel Lyra \u00e9 o futuro - Blog do Farn\u00e9sio","og_description":"\u201cRaquel \u00e9 o futuro, n\u00e3o \u00e9 uma simples promessa. Ela \u00e9 l\u00edder e est\u00e1 preparada para construir novos futuros. Representa a conjuga\u00e7\u00e3o do m\u00e9rito, da fibra, da resist\u00eancia e da capacidade da mulher\u201d, afirmou o ex-governador e ex-ministro Gustavo Krause ao refor\u00e7ar neste s\u00e1bado, 19, seu apoio \u00e0 prefeita de Caruaru e presidente do PSDB Pernambuco, Raquel Lyra. De acordo com publica\u00e7\u00e3o do Blog do Edmar Lyra, o ex-governador destaca que Raquel Lyra est\u00e1 sendo convocada pelos pernambucanos. \u201cPercebo a convoca\u00e7\u00e3o que est\u00e1 sendo feita pela popula\u00e7\u00e3o e por lideran\u00e7as das mais diversas \u00e1reas e tenho certeza que ela est\u00e1 pronta para cumprir mais um desafio\u201d, ressalta. Ao citar a trajet\u00f3ria profissional e pol\u00edtica da prefeita de Caruaru como sua&hellip;","og_url":"https:\/\/blogdofarnesio.com.br\/?p=309069","og_site_name":"Blog do Farn\u00e9sio","article_publisher":"https:\/\/www.facebook.com\/BlogQuerSaberPolitica\/","article_author":"https:\/\/www.facebook.com\/?ref=tn_tnmn","article_published_time":"2022-03-21T11:03:27+00:00","og_image":[{"width":626,"height":444,"url":"https:\/\/blogdofarnesio.com.br\/wp-content\/uploads\/2022\/03\/blogqspgustavo-krause.jpg","type":"image\/jpeg"}],"author":"Farn\u00e9sio","twitter_card":"summary_large_image","twitter_misc":{"Escrito por":"Farn\u00e9sio","Est. tempo de leitura":"3 minutos"},"schema":{"@context":"https:\/\/schema.org","@graph":[{"@type":"Article","@id":"https:\/\/blogdofarnesio.com.br\/?p=309069#article","isPartOf":{"@id":"https:\/\/blogdofarnesio.com.br\/?p=309069"},"author":{"name":"Farn\u00e9sio","@id":"https:\/\/blogdofarnesio.com.br\/#\/schema\/person\/bb9b23ae3ad0609ce8df7b6c9e76824d"},"headline":"Elei\u00e7\u00f5es 2022 PE: Ex-ministro e ex-governador Gustavo Krause diz que Raquel Lyra \u00e9 o futuro","datePublished":"2022-03-21T11:03:27+00:00","mainEntityOfPage":{"@id":"https:\/\/blogdofarnesio.com.br\/?p=309069"},"wordCount":433,"commentCount":0,"publisher":{"@id":"https:\/\/blogdofarnesio.com.br\/#organization"},"image":{"@id":"https:\/\/blogdofarnesio.com.br\/?p=309069#primaryimage"},"thumbnailUrl":"https:\/\/blogdofarnesio.com.br\/wp-content\/uploads\/2022\/03\/blogqspgustavo-krause.jpg","articleSection":["Artigo"],"inLanguage":"pt-BR","potentialAction":[{"@type":"CommentAction","name":"Comment","target":["https:\/\/blogdofarnesio.com.br\/?p=309069#respond"]}]},{"@type":"WebPage","@id":"https:\/\/blogdofarnesio.com.br\/?p=309069","url":"https:\/\/blogdofarnesio.com.br\/?p=309069","name":"Elei\u00e7\u00f5es 2022 PE: Ex-ministro e ex-governador Gustavo Krause diz que Raquel Lyra \u00e9 o futuro - Blog do Farn\u00e9sio","isPartOf":{"@id":"https:\/\/blogdofarnesio.com.br\/#website"},"primaryImageOfPage":{"@id":"https:\/\/blogdofarnesio.com.br\/?p=309069#primaryimage"},"image":{"@id":"https:\/\/blogdofarnesio.com.br\/?p=309069#primaryimage"},"thumbnailUrl":"https:\/\/blogdofarnesio.com.br\/wp-content\/uploads\/2022\/03\/blogqspgustavo-krause.jpg","datePublished":"2022-03-21T11:03:27+00:00","breadcrumb":{"@id":"https:\/\/blogdofarnesio.com.br\/?p=309069#breadcrumb"},"inLanguage":"pt-BR","potentialAction":[{"@type":"ReadAction","target":["https:\/\/blogdofarnesio.com.br\/?p=309069"]}]},{"@type":"ImageObject","inLanguage":"pt-BR","@id":"https:\/\/blogdofarnesio.com.br\/?p=309069#primaryimage","url":"https:\/\/blogdofarnesio.com.br\/wp-content\/uploads\/2022\/03\/blogqspgustavo-krause.jpg","contentUrl":"https:\/\/blogdofarnesio.com.br\/wp-content\/uploads\/2022\/03\/blogqspgustavo-krause.jpg","width":626,"height":444},{"@type":"BreadcrumbList","@id":"https:\/\/blogdofarnesio.com.br\/?p=309069#breadcrumb","itemListElement":[{"@type":"ListItem","position":1,"name":"In\u00edcio","item":"https:\/\/blogdofarnesio.com.br\/"},{"@type":"ListItem","position":2,"name":"Elei\u00e7\u00f5es 2022 PE: Ex-ministro e ex-governador Gustavo Krause diz que Raquel Lyra \u00e9 o futuro"}]},{"@type":"WebSite","@id":"https:\/\/blogdofarnesio.com.br\/#website","url":"https:\/\/blogdofarnesio.com.br\/","name":"Blog do Farn\u00e9sio","description":"Quer Saber Pol\u00edtica?","publisher":{"@id":"https:\/\/blogdofarnesio.com.br\/#organization"},"potentialAction":[{"@type":"SearchAction","target":{"@type":"EntryPoint","urlTemplate":"https:\/\/blogdofarnesio.com.br\/?s={search_term_string}"},"query-input":{"@type":"PropertyValueSpecification","valueRequired":true,"valueName":"search_term_string"}}],"inLanguage":"pt-BR"},{"@type":"Organization","@id":"https:\/\/blogdofarnesio.com.br\/#organization","name":"Blog do Farn\u00e9sio","url":"https:\/\/blogdofarnesio.com.br\/","logo":{"@type":"ImageObject","inLanguage":"pt-BR","@id":"https:\/\/blogdofarnesio.com.br\/#\/schema\/logo\/image\/","url":"https:\/\/blogdofarnesio.com.br\/wp-content\/uploads\/2026\/03\/cropped-logo_new-1.png","contentUrl":"https:\/\/blogdofarnesio.com.br\/wp-content\/uploads\/2026\/03\/cropped-logo_new-1.png","width":881,"height":685,"caption":"Blog do Farn\u00e9sio"},"image":{"@id":"https:\/\/blogdofarnesio.com.br\/#\/schema\/logo\/image\/"},"sameAs":["https:\/\/www.facebook.com\/BlogQuerSaberPolitica\/"]},{"@type":"Person","@id":"https:\/\/blogdofarnesio.com.br\/#\/schema\/person\/bb9b23ae3ad0609ce8df7b6c9e76824d","name":"Farn\u00e9sio","image":{"@type":"ImageObject","inLanguage":"pt-BR","@id":"https:\/\/secure.gravatar.com\/avatar\/986aa4c61ccdb66f8555bf88fc2a65609d00bcabd4d2d94377a727547345cbca?s=96&d=mm&r=g","url":"https:\/\/secure.gravatar.com\/avatar\/986aa4c61ccdb66f8555bf88fc2a65609d00bcabd4d2d94377a727547345cbca?s=96&d=mm&r=g","contentUrl":"https:\/\/secure.gravatar.com\/avatar\/986aa4c61ccdb66f8555bf88fc2a65609d00bcabd4d2d94377a727547345cbca?s=96&d=mm&r=g","caption":"Farn\u00e9sio"},"description":"Radialista blogueiro, chegou a Petrolina\/Juazeiro em setembro de 1980, Farn\u00e9sio Silva \u00e9 de Arapiraca-Alagoas.","sameAs":["http:\/\/blogdofarnesio.com.br","https:\/\/www.facebook.com\/?ref=tn_tnmn","https:\/\/www.instagram.com\/?utm_source=pwa_homescreen","https:\/\/youtube.com.br\/"],"url":"https:\/\/blogdofarnesio.com.br\/?author=2"}]}},"_links":{"self":[{"href":"https:\/\/blogdofarnesio.com.br\/index.php?rest_route=\/wp\/v2\/posts\/309069","targetHints":{"allow":["GET"]}}],"collection":[{"href":"https:\/\/blogdofarnesio.com.br\/index.php?rest_route=\/wp\/v2\/posts"}],"about":[{"href":"https:\/\/blogdofarnesio.com.br\/index.php?rest_route=\/wp\/v2\/types\/post"}],"author":[{"embeddable":true,"href":"https:\/\/blogdofarnesio.com.br\/index.php?rest_route=\/wp\/v2\/users\/2"}],"replies":[{"embeddable":true,"href":"https:\/\/blogdofarnesio.com.br\/index.php?rest_route=%2Fwp%2Fv2%2Fcomments&post=309069"}],"version-history":[{"count":0,"href":"https:\/\/blogdofarnesio.com.br\/index.php?rest_route=\/wp\/v2\/posts\/309069\/revisions"}],"wp:featuredmedia":[{"embeddable":true,"href":"https:\/\/blogdofarnesio.com.br\/index.php?rest_route=\/wp\/v2\/media\/309070"}],"wp:attachment":[{"href":"https:\/\/blogdofarnesio.com.br\/index.php?rest_route=%2Fwp%2Fv2%2Fmedia&parent=309069"}],"wp:term":[{"taxonomy":"category","embeddable":true,"href":"https:\/\/blogdofarnesio.com.br\/index.php?rest_route=%2Fwp%2Fv2%2Fcategories&post=309069"},{"taxonomy":"post_tag","embeddable":true,"href":"https:\/\/blogdofarnesio.com.br\/index.php?rest_route=%2Fwp%2Fv2%2Ftags&post=309069"}],"curies":[{"name":"wp","href":"https:\/\/api.w.org\/{rel}","templated":true}]}}