{"id":308340,"date":"2022-03-14T10:03:31","date_gmt":"2022-03-14T13:03:31","guid":{"rendered":"https:\/\/blogdofarnesio.com.br\/?p=308340"},"modified":"2022-03-13T18:56:41","modified_gmt":"2022-03-13T21:56:41","slug":"60-bairros-de-petrolina-terao-abastecimento-de-agua-suspenso-na-proximo-segunda-feira","status":"publish","type":"post","link":"https:\/\/blogdofarnesio.com.br\/?p=308340","title":{"rendered":"60 bairros de Petrolina estar\u00e3o com abastecimento de \u00e1gua suspenso nessa segunda feira. Confira se seu bairro esta na lista"},"content":{"rendered":"<p>A Compesa informa que est\u00e1 confirmada para esta segunda-feira (14), a partir das 20:30h, manuten\u00e7\u00e3o el\u00e9trica na Esta\u00e7\u00e3o Elevat\u00f3ria de \u00c1gua Tratada de Petrolina. Durante a interven\u00e7\u00e3o, o abastecimento ser\u00e1 suspenso temporariamente em alguns bairros da cidade.<\/p>\n<p>Os trabalhos t\u00eam previs\u00e3o de conclus\u00e3o \u00e0s 0h30 da madrugada da ter\u00e7a-feira (15), quando o sistema ser\u00e1 reativado e o abastecimento ser\u00e1 restabelecido gradativamente. Em caso de d\u00favidas, a popula\u00e7\u00e3o pode entrar em contato com a Compesa atrav\u00e9s do telefone 0800 081 0195.<\/p>\n<p>Abaixo a rela\u00e7\u00e3o dos bairros impactados:<\/p>\n<p>Loteamento Recife, Vila Marcela, Vila Eul\u00e1lia, Jos\u00e9 e Maria, Mandacaru, Terras do Sul, Santa Luzia, S\u00e3o Jorge, Vila D\u00e9bora, Loteamento Padre C\u00edcero, Dom Avelar, S\u00e3o Joaquim, Monsenhor Bernardino, Loteamento Santa B\u00e1rbara, Vivendas I e II, Buona Vita, Areia Branca, Dom Malan, Caminho do Sol, Maria Auxiliadora, Pedra Linda, Vale Dourado, Vila Esperan\u00e7a, Condom\u00ednio Mais Viver, Mais Viver Vinhedos, Centro, Jardim Amazonas, Alto do Cocar, Pedro Raimundo, Quati, Jardim S\u00e3o Paulo, Vila Eduardo, Vila dos Ing\u00e1s, Loteamento Nossa Senhora Rainha dos Anjos, Vitivin\u00edcola, Alto Cheiroso. S\u00e3o Jos\u00e9, Henrique Leite, Novo Horizonte, Jatob\u00e1, Carneiros, Cidade Universit\u00e1ria, Condom\u00ednio \u00c1gua Viva, Condom\u00ednio Portal das \u00c1guas, Vila das Imbiras, Vila Moc\u00f3, Gercino Coelho, Atr\u00e1s da Banca, Palhinhas, Parque Massangano, Km 2, Loteamento Arco-\u00edris, Jardim Maravilha, Ouro Preto, Alto Grande, Ant\u00f4nio Cassimiro, Vale do Grande Rio, Cohab IV, Cohab V e Distrito Industrial.<\/p>\n","protected":false},"excerpt":{"rendered":"<p>A Compesa informa que est\u00e1 confirmada para esta segunda-feira (14), a partir das 20:30h, manuten\u00e7\u00e3o el\u00e9trica na Esta\u00e7\u00e3o Elevat\u00f3ria de \u00c1gua Tratada de Petrolina. Durante a interven\u00e7\u00e3o, o abastecimento ser\u00e1 suspenso temporariamente em alguns bairros da cidade. Os trabalhos t\u00eam previs\u00e3o de conclus\u00e3o \u00e0s 0h30 da madrugada da ter\u00e7a-feira (15), quando o sistema ser\u00e1 reativado e o abastecimento ser\u00e1 restabelecido gradativamente. Em caso de d\u00favidas, a popula\u00e7\u00e3o pode entrar em contato com a Compesa atrav\u00e9s do telefone 0800 081 0195. Abaixo a rela\u00e7\u00e3o dos bairros impactados: Loteamento Recife, Vila Marcela, Vila Eul\u00e1lia, Jos\u00e9 e Maria, Mandacaru, Terras do Sul, Santa Luzia, S\u00e3o Jorge, Vila D\u00e9bora, Loteamento Padre C\u00edcero, Dom Avelar, S\u00e3o Joaquim, Monsenhor Bernardino, Loteamento Santa B\u00e1rbara, Vivendas I e&hellip; <\/p>\n","protected":false},"author":2,"featured_media":152370,"comment_status":"open","ping_status":"open","sticky":false,"template":"","format":"standard","meta":{"_acf_changed":false,"footnotes":""},"categories":[56],"tags":[],"class_list":["post-308340","post","type-post","status-publish","format-standard","has-post-thumbnail","hentry","category-agua"],"acf":[],"yoast_head":"<!-- This site is optimized with the Yoast SEO plugin v27.4 - https:\/\/yoast.com\/product\/yoast-seo-wordpress\/ -->\n<title>60 bairros de Petrolina estar\u00e3o com abastecimento de \u00e1gua suspenso nessa segunda feira. Confira se seu bairro esta na lista - Blog do Farn\u00e9sio<\/title>\n<meta name=\"robots\" content=\"index, follow, max-snippet:-1, max-image-preview:large, max-video-preview:-1\" \/>\n<link rel=\"canonical\" href=\"https:\/\/blogdofarnesio.com.br\/?p=308340\" \/>\n<meta property=\"og:locale\" content=\"pt_BR\" \/>\n<meta property=\"og:type\" content=\"article\" \/>\n<meta property=\"og:title\" content=\"60 bairros de Petrolina estar\u00e3o com abastecimento de \u00e1gua suspenso nessa segunda feira. Confira se seu bairro esta na lista - Blog do Farn\u00e9sio\" \/>\n<meta property=\"og:description\" content=\"A Compesa informa que est\u00e1 confirmada para esta segunda-feira (14), a partir das 20:30h, manuten\u00e7\u00e3o el\u00e9trica na Esta\u00e7\u00e3o Elevat\u00f3ria de \u00c1gua Tratada de Petrolina. Durante a interven\u00e7\u00e3o, o abastecimento ser\u00e1 suspenso temporariamente em alguns bairros da cidade. Os trabalhos t\u00eam previs\u00e3o de conclus\u00e3o \u00e0s 0h30 da madrugada da ter\u00e7a-feira (15), quando o sistema ser\u00e1 reativado e o abastecimento ser\u00e1 restabelecido gradativamente. Em caso de d\u00favidas, a popula\u00e7\u00e3o pode entrar em contato com a Compesa atrav\u00e9s do telefone 0800 081 0195. Abaixo a rela\u00e7\u00e3o dos bairros impactados: Loteamento Recife, Vila Marcela, Vila Eul\u00e1lia, Jos\u00e9 e Maria, Mandacaru, Terras do Sul, Santa Luzia, S\u00e3o Jorge, Vila D\u00e9bora, Loteamento Padre C\u00edcero, Dom Avelar, S\u00e3o Joaquim, Monsenhor Bernardino, Loteamento Santa B\u00e1rbara, Vivendas I e&hellip;\" \/>\n<meta property=\"og:url\" content=\"https:\/\/blogdofarnesio.com.br\/?p=308340\" \/>\n<meta property=\"og:site_name\" content=\"Blog do Farn\u00e9sio\" \/>\n<meta property=\"article:publisher\" content=\"https:\/\/www.facebook.com\/BlogQuerSaberPolitica\/\" \/>\n<meta property=\"article:author\" content=\"https:\/\/www.facebook.com\/?ref=tn_tnmn\" \/>\n<meta property=\"article:published_time\" content=\"2022-03-14T13:03:31+00:00\" \/>\n<meta property=\"og:image\" content=\"https:\/\/blogdofarnesio.com.br\/wp-content\/uploads\/2016\/12\/blogqspcompesasaae1.jpg\" \/>\n\t<meta property=\"og:image:width\" content=\"258\" \/>\n\t<meta property=\"og:image:height\" content=\"196\" \/>\n\t<meta property=\"og:image:type\" content=\"image\/jpeg\" \/>\n<meta name=\"author\" content=\"Farn\u00e9sio\" \/>\n<meta name=\"twitter:card\" content=\"summary_large_image\" \/>\n<meta name=\"twitter:label1\" content=\"Escrito por\" \/>\n\t<meta name=\"twitter:data1\" content=\"Farn\u00e9sio\" \/>\n\t<meta name=\"twitter:label2\" content=\"Est. tempo de leitura\" \/>\n\t<meta name=\"twitter:data2\" content=\"2 minutos\" \/>\n<script type=\"application\/ld+json\" class=\"yoast-schema-graph\">{\"@context\":\"https:\\\/\\\/schema.org\",\"@graph\":[{\"@type\":\"Article\",\"@id\":\"https:\\\/\\\/blogdofarnesio.com.br\\\/?p=308340#article\",\"isPartOf\":{\"@id\":\"https:\\\/\\\/blogdofarnesio.com.br\\\/?p=308340\"},\"author\":{\"name\":\"Farn\u00e9sio\",\"@id\":\"https:\\\/\\\/blogdofarnesio.com.br\\\/#\\\/schema\\\/person\\\/bb9b23ae3ad0609ce8df7b6c9e76824d\"},\"headline\":\"60 bairros de Petrolina estar\u00e3o com abastecimento de \u00e1gua suspenso nessa segunda feira. Confira se seu bairro esta na lista\",\"datePublished\":\"2022-03-14T13:03:31+00:00\",\"mainEntityOfPage\":{\"@id\":\"https:\\\/\\\/blogdofarnesio.com.br\\\/?p=308340\"},\"wordCount\":268,\"commentCount\":0,\"publisher\":{\"@id\":\"https:\\\/\\\/blogdofarnesio.com.br\\\/#organization\"},\"image\":{\"@id\":\"https:\\\/\\\/blogdofarnesio.com.br\\\/?p=308340#primaryimage\"},\"thumbnailUrl\":\"https:\\\/\\\/blogdofarnesio.com.br\\\/wp-content\\\/uploads\\\/2016\\\/12\\\/blogqspcompesasaae1.jpg\",\"articleSection\":[\"\u00c1gua\"],\"inLanguage\":\"pt-BR\",\"potentialAction\":[{\"@type\":\"CommentAction\",\"name\":\"Comment\",\"target\":[\"https:\\\/\\\/blogdofarnesio.com.br\\\/?p=308340#respond\"]}]},{\"@type\":\"WebPage\",\"@id\":\"https:\\\/\\\/blogdofarnesio.com.br\\\/?p=308340\",\"url\":\"https:\\\/\\\/blogdofarnesio.com.br\\\/?p=308340\",\"name\":\"60 bairros de Petrolina estar\u00e3o com abastecimento de \u00e1gua suspenso nessa segunda feira. Confira se seu bairro esta na lista - Blog do Farn\u00e9sio\",\"isPartOf\":{\"@id\":\"https:\\\/\\\/blogdofarnesio.com.br\\\/#website\"},\"primaryImageOfPage\":{\"@id\":\"https:\\\/\\\/blogdofarnesio.com.br\\\/?p=308340#primaryimage\"},\"image\":{\"@id\":\"https:\\\/\\\/blogdofarnesio.com.br\\\/?p=308340#primaryimage\"},\"thumbnailUrl\":\"https:\\\/\\\/blogdofarnesio.com.br\\\/wp-content\\\/uploads\\\/2016\\\/12\\\/blogqspcompesasaae1.jpg\",\"datePublished\":\"2022-03-14T13:03:31+00:00\",\"breadcrumb\":{\"@id\":\"https:\\\/\\\/blogdofarnesio.com.br\\\/?p=308340#breadcrumb\"},\"inLanguage\":\"pt-BR\",\"potentialAction\":[{\"@type\":\"ReadAction\",\"target\":[\"https:\\\/\\\/blogdofarnesio.com.br\\\/?p=308340\"]}]},{\"@type\":\"ImageObject\",\"inLanguage\":\"pt-BR\",\"@id\":\"https:\\\/\\\/blogdofarnesio.com.br\\\/?p=308340#primaryimage\",\"url\":\"https:\\\/\\\/blogdofarnesio.com.br\\\/wp-content\\\/uploads\\\/2016\\\/12\\\/blogqspcompesasaae1.jpg\",\"contentUrl\":\"https:\\\/\\\/blogdofarnesio.com.br\\\/wp-content\\\/uploads\\\/2016\\\/12\\\/blogqspcompesasaae1.jpg\",\"width\":258,\"height\":196},{\"@type\":\"BreadcrumbList\",\"@id\":\"https:\\\/\\\/blogdofarnesio.com.br\\\/?p=308340#breadcrumb\",\"itemListElement\":[{\"@type\":\"ListItem\",\"position\":1,\"name\":\"In\u00edcio\",\"item\":\"https:\\\/\\\/blogdofarnesio.com.br\\\/\"},{\"@type\":\"ListItem\",\"position\":2,\"name\":\"60 bairros de Petrolina estar\u00e3o com abastecimento de \u00e1gua suspenso nessa segunda feira. Confira se seu bairro esta na lista\"}]},{\"@type\":\"WebSite\",\"@id\":\"https:\\\/\\\/blogdofarnesio.com.br\\\/#website\",\"url\":\"https:\\\/\\\/blogdofarnesio.com.br\\\/\",\"name\":\"Blog do Farn\u00e9sio\",\"description\":\"Quer Saber Pol\u00edtica?\",\"publisher\":{\"@id\":\"https:\\\/\\\/blogdofarnesio.com.br\\\/#organization\"},\"potentialAction\":[{\"@type\":\"SearchAction\",\"target\":{\"@type\":\"EntryPoint\",\"urlTemplate\":\"https:\\\/\\\/blogdofarnesio.com.br\\\/?s={search_term_string}\"},\"query-input\":{\"@type\":\"PropertyValueSpecification\",\"valueRequired\":true,\"valueName\":\"search_term_string\"}}],\"inLanguage\":\"pt-BR\"},{\"@type\":\"Organization\",\"@id\":\"https:\\\/\\\/blogdofarnesio.com.br\\\/#organization\",\"name\":\"Blog do Farn\u00e9sio\",\"url\":\"https:\\\/\\\/blogdofarnesio.com.br\\\/\",\"logo\":{\"@type\":\"ImageObject\",\"inLanguage\":\"pt-BR\",\"@id\":\"https:\\\/\\\/blogdofarnesio.com.br\\\/#\\\/schema\\\/logo\\\/image\\\/\",\"url\":\"https:\\\/\\\/blogdofarnesio.com.br\\\/wp-content\\\/uploads\\\/2026\\\/03\\\/cropped-logo_new-1.png\",\"contentUrl\":\"https:\\\/\\\/blogdofarnesio.com.br\\\/wp-content\\\/uploads\\\/2026\\\/03\\\/cropped-logo_new-1.png\",\"width\":881,\"height\":685,\"caption\":\"Blog do Farn\u00e9sio\"},\"image\":{\"@id\":\"https:\\\/\\\/blogdofarnesio.com.br\\\/#\\\/schema\\\/logo\\\/image\\\/\"},\"sameAs\":[\"https:\\\/\\\/www.facebook.com\\\/BlogQuerSaberPolitica\\\/\"]},{\"@type\":\"Person\",\"@id\":\"https:\\\/\\\/blogdofarnesio.com.br\\\/#\\\/schema\\\/person\\\/bb9b23ae3ad0609ce8df7b6c9e76824d\",\"name\":\"Farn\u00e9sio\",\"image\":{\"@type\":\"ImageObject\",\"inLanguage\":\"pt-BR\",\"@id\":\"https:\\\/\\\/secure.gravatar.com\\\/avatar\\\/986aa4c61ccdb66f8555bf88fc2a65609d00bcabd4d2d94377a727547345cbca?s=96&d=mm&r=g\",\"url\":\"https:\\\/\\\/secure.gravatar.com\\\/avatar\\\/986aa4c61ccdb66f8555bf88fc2a65609d00bcabd4d2d94377a727547345cbca?s=96&d=mm&r=g\",\"contentUrl\":\"https:\\\/\\\/secure.gravatar.com\\\/avatar\\\/986aa4c61ccdb66f8555bf88fc2a65609d00bcabd4d2d94377a727547345cbca?s=96&d=mm&r=g\",\"caption\":\"Farn\u00e9sio\"},\"description\":\"Radialista blogueiro, chegou a Petrolina\\\/Juazeiro em setembro de 1980, Farn\u00e9sio Silva \u00e9 de Arapiraca-Alagoas.\",\"sameAs\":[\"http:\\\/\\\/blogdofarnesio.com.br\",\"https:\\\/\\\/www.facebook.com\\\/?ref=tn_tnmn\",\"https:\\\/\\\/www.instagram.com\\\/?utm_source=pwa_homescreen\",\"https:\\\/\\\/youtube.com.br\\\/\"],\"url\":\"https:\\\/\\\/blogdofarnesio.com.br\\\/?author=2\"}]}<\/script>\n<!-- \/ Yoast SEO plugin. -->","yoast_head_json":{"title":"60 bairros de Petrolina estar\u00e3o com abastecimento de \u00e1gua suspenso nessa segunda feira. Confira se seu bairro esta na lista - Blog do Farn\u00e9sio","robots":{"index":"index","follow":"follow","max-snippet":"max-snippet:-1","max-image-preview":"max-image-preview:large","max-video-preview":"max-video-preview:-1"},"canonical":"https:\/\/blogdofarnesio.com.br\/?p=308340","og_locale":"pt_BR","og_type":"article","og_title":"60 bairros de Petrolina estar\u00e3o com abastecimento de \u00e1gua suspenso nessa segunda feira. Confira se seu bairro esta na lista - Blog do Farn\u00e9sio","og_description":"A Compesa informa que est\u00e1 confirmada para esta segunda-feira (14), a partir das 20:30h, manuten\u00e7\u00e3o el\u00e9trica na Esta\u00e7\u00e3o Elevat\u00f3ria de \u00c1gua Tratada de Petrolina. Durante a interven\u00e7\u00e3o, o abastecimento ser\u00e1 suspenso temporariamente em alguns bairros da cidade. Os trabalhos t\u00eam previs\u00e3o de conclus\u00e3o \u00e0s 0h30 da madrugada da ter\u00e7a-feira (15), quando o sistema ser\u00e1 reativado e o abastecimento ser\u00e1 restabelecido gradativamente. Em caso de d\u00favidas, a popula\u00e7\u00e3o pode entrar em contato com a Compesa atrav\u00e9s do telefone 0800 081 0195. Abaixo a rela\u00e7\u00e3o dos bairros impactados: Loteamento Recife, Vila Marcela, Vila Eul\u00e1lia, Jos\u00e9 e Maria, Mandacaru, Terras do Sul, Santa Luzia, S\u00e3o Jorge, Vila D\u00e9bora, Loteamento Padre C\u00edcero, Dom Avelar, S\u00e3o Joaquim, Monsenhor Bernardino, Loteamento Santa B\u00e1rbara, Vivendas I e&hellip;","og_url":"https:\/\/blogdofarnesio.com.br\/?p=308340","og_site_name":"Blog do Farn\u00e9sio","article_publisher":"https:\/\/www.facebook.com\/BlogQuerSaberPolitica\/","article_author":"https:\/\/www.facebook.com\/?ref=tn_tnmn","article_published_time":"2022-03-14T13:03:31+00:00","og_image":[{"width":258,"height":196,"url":"https:\/\/blogdofarnesio.com.br\/wp-content\/uploads\/2016\/12\/blogqspcompesasaae1.jpg","type":"image\/jpeg"}],"author":"Farn\u00e9sio","twitter_card":"summary_large_image","twitter_misc":{"Escrito por":"Farn\u00e9sio","Est. tempo de leitura":"2 minutos"},"schema":{"@context":"https:\/\/schema.org","@graph":[{"@type":"Article","@id":"https:\/\/blogdofarnesio.com.br\/?p=308340#article","isPartOf":{"@id":"https:\/\/blogdofarnesio.com.br\/?p=308340"},"author":{"name":"Farn\u00e9sio","@id":"https:\/\/blogdofarnesio.com.br\/#\/schema\/person\/bb9b23ae3ad0609ce8df7b6c9e76824d"},"headline":"60 bairros de Petrolina estar\u00e3o com abastecimento de \u00e1gua suspenso nessa segunda feira. Confira se seu bairro esta na lista","datePublished":"2022-03-14T13:03:31+00:00","mainEntityOfPage":{"@id":"https:\/\/blogdofarnesio.com.br\/?p=308340"},"wordCount":268,"commentCount":0,"publisher":{"@id":"https:\/\/blogdofarnesio.com.br\/#organization"},"image":{"@id":"https:\/\/blogdofarnesio.com.br\/?p=308340#primaryimage"},"thumbnailUrl":"https:\/\/blogdofarnesio.com.br\/wp-content\/uploads\/2016\/12\/blogqspcompesasaae1.jpg","articleSection":["\u00c1gua"],"inLanguage":"pt-BR","potentialAction":[{"@type":"CommentAction","name":"Comment","target":["https:\/\/blogdofarnesio.com.br\/?p=308340#respond"]}]},{"@type":"WebPage","@id":"https:\/\/blogdofarnesio.com.br\/?p=308340","url":"https:\/\/blogdofarnesio.com.br\/?p=308340","name":"60 bairros de Petrolina estar\u00e3o com abastecimento de \u00e1gua suspenso nessa segunda feira. Confira se seu bairro esta na lista - Blog do Farn\u00e9sio","isPartOf":{"@id":"https:\/\/blogdofarnesio.com.br\/#website"},"primaryImageOfPage":{"@id":"https:\/\/blogdofarnesio.com.br\/?p=308340#primaryimage"},"image":{"@id":"https:\/\/blogdofarnesio.com.br\/?p=308340#primaryimage"},"thumbnailUrl":"https:\/\/blogdofarnesio.com.br\/wp-content\/uploads\/2016\/12\/blogqspcompesasaae1.jpg","datePublished":"2022-03-14T13:03:31+00:00","breadcrumb":{"@id":"https:\/\/blogdofarnesio.com.br\/?p=308340#breadcrumb"},"inLanguage":"pt-BR","potentialAction":[{"@type":"ReadAction","target":["https:\/\/blogdofarnesio.com.br\/?p=308340"]}]},{"@type":"ImageObject","inLanguage":"pt-BR","@id":"https:\/\/blogdofarnesio.com.br\/?p=308340#primaryimage","url":"https:\/\/blogdofarnesio.com.br\/wp-content\/uploads\/2016\/12\/blogqspcompesasaae1.jpg","contentUrl":"https:\/\/blogdofarnesio.com.br\/wp-content\/uploads\/2016\/12\/blogqspcompesasaae1.jpg","width":258,"height":196},{"@type":"BreadcrumbList","@id":"https:\/\/blogdofarnesio.com.br\/?p=308340#breadcrumb","itemListElement":[{"@type":"ListItem","position":1,"name":"In\u00edcio","item":"https:\/\/blogdofarnesio.com.br\/"},{"@type":"ListItem","position":2,"name":"60 bairros de Petrolina estar\u00e3o com abastecimento de \u00e1gua suspenso nessa segunda feira. Confira se seu bairro esta na lista"}]},{"@type":"WebSite","@id":"https:\/\/blogdofarnesio.com.br\/#website","url":"https:\/\/blogdofarnesio.com.br\/","name":"Blog do Farn\u00e9sio","description":"Quer Saber Pol\u00edtica?","publisher":{"@id":"https:\/\/blogdofarnesio.com.br\/#organization"},"potentialAction":[{"@type":"SearchAction","target":{"@type":"EntryPoint","urlTemplate":"https:\/\/blogdofarnesio.com.br\/?s={search_term_string}"},"query-input":{"@type":"PropertyValueSpecification","valueRequired":true,"valueName":"search_term_string"}}],"inLanguage":"pt-BR"},{"@type":"Organization","@id":"https:\/\/blogdofarnesio.com.br\/#organization","name":"Blog do Farn\u00e9sio","url":"https:\/\/blogdofarnesio.com.br\/","logo":{"@type":"ImageObject","inLanguage":"pt-BR","@id":"https:\/\/blogdofarnesio.com.br\/#\/schema\/logo\/image\/","url":"https:\/\/blogdofarnesio.com.br\/wp-content\/uploads\/2026\/03\/cropped-logo_new-1.png","contentUrl":"https:\/\/blogdofarnesio.com.br\/wp-content\/uploads\/2026\/03\/cropped-logo_new-1.png","width":881,"height":685,"caption":"Blog do Farn\u00e9sio"},"image":{"@id":"https:\/\/blogdofarnesio.com.br\/#\/schema\/logo\/image\/"},"sameAs":["https:\/\/www.facebook.com\/BlogQuerSaberPolitica\/"]},{"@type":"Person","@id":"https:\/\/blogdofarnesio.com.br\/#\/schema\/person\/bb9b23ae3ad0609ce8df7b6c9e76824d","name":"Farn\u00e9sio","image":{"@type":"ImageObject","inLanguage":"pt-BR","@id":"https:\/\/secure.gravatar.com\/avatar\/986aa4c61ccdb66f8555bf88fc2a65609d00bcabd4d2d94377a727547345cbca?s=96&d=mm&r=g","url":"https:\/\/secure.gravatar.com\/avatar\/986aa4c61ccdb66f8555bf88fc2a65609d00bcabd4d2d94377a727547345cbca?s=96&d=mm&r=g","contentUrl":"https:\/\/secure.gravatar.com\/avatar\/986aa4c61ccdb66f8555bf88fc2a65609d00bcabd4d2d94377a727547345cbca?s=96&d=mm&r=g","caption":"Farn\u00e9sio"},"description":"Radialista blogueiro, chegou a Petrolina\/Juazeiro em setembro de 1980, Farn\u00e9sio Silva \u00e9 de Arapiraca-Alagoas.","sameAs":["http:\/\/blogdofarnesio.com.br","https:\/\/www.facebook.com\/?ref=tn_tnmn","https:\/\/www.instagram.com\/?utm_source=pwa_homescreen","https:\/\/youtube.com.br\/"],"url":"https:\/\/blogdofarnesio.com.br\/?author=2"}]}},"_links":{"self":[{"href":"https:\/\/blogdofarnesio.com.br\/index.php?rest_route=\/wp\/v2\/posts\/308340","targetHints":{"allow":["GET"]}}],"collection":[{"href":"https:\/\/blogdofarnesio.com.br\/index.php?rest_route=\/wp\/v2\/posts"}],"about":[{"href":"https:\/\/blogdofarnesio.com.br\/index.php?rest_route=\/wp\/v2\/types\/post"}],"author":[{"embeddable":true,"href":"https:\/\/blogdofarnesio.com.br\/index.php?rest_route=\/wp\/v2\/users\/2"}],"replies":[{"embeddable":true,"href":"https:\/\/blogdofarnesio.com.br\/index.php?rest_route=%2Fwp%2Fv2%2Fcomments&post=308340"}],"version-history":[{"count":0,"href":"https:\/\/blogdofarnesio.com.br\/index.php?rest_route=\/wp\/v2\/posts\/308340\/revisions"}],"wp:featuredmedia":[{"embeddable":true,"href":"https:\/\/blogdofarnesio.com.br\/index.php?rest_route=\/wp\/v2\/media\/152370"}],"wp:attachment":[{"href":"https:\/\/blogdofarnesio.com.br\/index.php?rest_route=%2Fwp%2Fv2%2Fmedia&parent=308340"}],"wp:term":[{"taxonomy":"category","embeddable":true,"href":"https:\/\/blogdofarnesio.com.br\/index.php?rest_route=%2Fwp%2Fv2%2Fcategories&post=308340"},{"taxonomy":"post_tag","embeddable":true,"href":"https:\/\/blogdofarnesio.com.br\/index.php?rest_route=%2Fwp%2Fv2%2Ftags&post=308340"}],"curies":[{"name":"wp","href":"https:\/\/api.w.org\/{rel}","templated":true}]}}