{"id":308325,"date":"2022-03-14T09:43:26","date_gmt":"2022-03-14T12:43:26","guid":{"rendered":"https:\/\/blogdofarnesio.com.br\/?p=308325"},"modified":"2022-03-10T18:23:28","modified_gmt":"2022-03-10T21:23:28","slug":"matriculas-para-educacao-de-jovens-e-adultos-na-rede-municipal-de-juazeiro-encerram-nesta-segunda-feira","status":"publish","type":"post","link":"https:\/\/blogdofarnesio.com.br\/?p=308325","title":{"rendered":"Matr\u00edculas para Educa\u00e7\u00e3o de Jovens e Adultos na rede municipal de Juazeiro encerram nesta segunda-feira"},"content":{"rendered":"<div><\/div>\n<div>As matr\u00edculas para a Educa\u00e7\u00e3o de Jovens e Adultos (Eja) seguem at\u00e9 esta segunda-feira (14) e podem ser realizadas em uma das 24 escolas da rede municipal de ensino de Juazeiro que ofertam essa modalidade.<\/div>\n<div><\/div>\n<div>A Secretaria de Educa\u00e7\u00e3o e Juventude (Seduc) incentiva a realiza\u00e7\u00e3o das matr\u00edculas para pessoas acima de 15 anos, que ainda n\u00e3o conclu\u00edram o ensino regular. Os interessados devem procurar as escolas municipais portando os seguintes documentos: Hist\u00f3rico escolar, Comprovante de vacina\u00e7\u00e3o, RG, CPF, duas fotos 3X4, comprovante de resid\u00eancia e NIS (N\u00famero de Identifica\u00e7\u00e3o Social).<\/div>\n<div><b>\u00a0<\/b><\/div>\n<div><b>Eja<\/b><\/div>\n<div><\/div>\n<div>Visando proporcionar uma educa\u00e7\u00e3o de qualidade para todos, a Eja \u00e9 uma modalidade de ensino com o objetivo de complementar ou auxiliar aqueles que n\u00e3o tiveram a oportunidade de completar o ciclo de estudos regularmente.<\/div>\n<div><\/div>\n<div>Escolas<\/div>\n<div><\/div>\n<div>Sede<\/div>\n<div><\/div>\n<div>Escola Municipal An\u00e1lia Barbosa de Souza<\/div>\n<div><\/div>\n<div>Escola Municipal Argemiro Jos\u00e9 da Cruz<\/div>\n<div><\/div>\n<div>Escola Municipal Dom\u00a0 Avelar Brand\u00e3o Vilela<\/div>\n<div><\/div>\n<div>Escola Municipal Helena Celestino Magalh\u00e3es<\/div>\n<div><\/div>\n<div>Escola Municipal Joca de Souza Oliveira<\/div>\n<div><\/div>\n<div>Escola Municipal Judite Leal Costa<\/div>\n<div><\/div>\n<div>Escola Municipal Mandacaru<\/div>\n<div><\/div>\n<div>Escola Municipal Maria J\u00falia Rodrigues Tanuri<\/div>\n<div><\/div>\n<div>Escola Municipal Prof\u00aa Dinorah Albernaz Melo da Silva<\/div>\n<div><\/div>\n<div>Escola Municipal Prof\u00aa Guimar Lustosa Rodrigues<\/div>\n<div><\/div>\n<div>Escola Municipal Maria Franca Pires<\/div>\n<div><\/div>\n<div>Escola Municipal Teresinha Ferreira de Oliveira<\/div>\n<div><\/div>\n<div>Escola Municipal Pedro Raimundo Rodrigues Rego<\/div>\n<div><\/div>\n<div><\/div>\n<div><\/div>\n<div>Interior<\/div>\n<div><\/div>\n<div>Escola Municipal 02 de Julho<\/div>\n<div><\/div>\n<div>Escola Municipal 15 de Julho<\/div>\n<div><\/div>\n<div>Escola Municipal Antonio Francisco de Oliveira<\/div>\n<div><\/div>\n<div>Escola Municipal Bom Jesus \u2013 Bara\u00fana<\/div>\n<div><\/div>\n<div>Escola Municipal Celso Cavalcanti de Carvalho<\/div>\n<div><\/div>\n<div>Escola Municipal Jos\u00e9 Amorim<\/div>\n<div><\/div>\n<div>Escola Municipal de Pontal<\/div>\n<div><\/div>\n<div>Escola Municipal Iracy Nunes da Silva<\/div>\n<div><\/div>\n<div>Escola\u00a0 Municipal Raimundo Clementino de Souza<\/div>\n<div><\/div>\n<div>Escola Municipal Santa In\u00eas<\/div>\n<div><\/div>\n<div>Escola Municipal Santo Antonio<\/div>\n<div>\n<div dir=\"ltr\">\n<div dir=\"ltr\">&#8212;-<\/div>\n<div dir=\"ltr\">Texto: Gabriela Caboclo &#8211; Estagi\u00e1ria Ascom PMJ<\/div>\n<\/div>\n<\/div>\n","protected":false},"excerpt":{"rendered":"<p>As matr\u00edculas para a Educa\u00e7\u00e3o de Jovens e Adultos (Eja) seguem at\u00e9 esta segunda-feira (14) e podem ser realizadas em uma das 24 escolas da rede municipal de ensino de Juazeiro que ofertam essa modalidade. A Secretaria de Educa\u00e7\u00e3o e Juventude (Seduc) incentiva a realiza\u00e7\u00e3o das matr\u00edculas para pessoas acima de 15 anos, que ainda n\u00e3o conclu\u00edram o ensino regular. Os interessados devem procurar as escolas municipais portando os seguintes documentos: Hist\u00f3rico escolar, Comprovante de vacina\u00e7\u00e3o, RG, CPF, duas fotos 3X4, comprovante de resid\u00eancia e NIS (N\u00famero de Identifica\u00e7\u00e3o Social). \u00a0 Eja Visando proporcionar uma educa\u00e7\u00e3o de qualidade para todos, a Eja \u00e9 uma modalidade de ensino com o objetivo de complementar ou auxiliar aqueles que n\u00e3o tiveram a oportunidade&hellip; <\/p>\n","protected":false},"author":2,"featured_media":109191,"comment_status":"open","ping_status":"open","sticky":false,"template":"","format":"standard","meta":{"_acf_changed":false,"footnotes":""},"categories":[43],"tags":[],"class_list":["post-308325","post","type-post","status-publish","format-standard","has-post-thumbnail","hentry","category-sem-categoria"],"acf":[],"yoast_head":"<!-- This site is optimized with the Yoast SEO plugin v27.4 - https:\/\/yoast.com\/product\/yoast-seo-wordpress\/ -->\n<title>Matr\u00edculas para Educa\u00e7\u00e3o de Jovens e Adultos na rede municipal de Juazeiro encerram nesta segunda-feira - Blog do Farn\u00e9sio<\/title>\n<meta name=\"robots\" content=\"index, follow, max-snippet:-1, max-image-preview:large, max-video-preview:-1\" \/>\n<link rel=\"canonical\" href=\"https:\/\/blogdofarnesio.com.br\/?p=308325\" \/>\n<meta property=\"og:locale\" content=\"pt_BR\" \/>\n<meta property=\"og:type\" content=\"article\" \/>\n<meta property=\"og:title\" content=\"Matr\u00edculas para Educa\u00e7\u00e3o de Jovens e Adultos na rede municipal de Juazeiro encerram nesta segunda-feira - Blog do Farn\u00e9sio\" \/>\n<meta property=\"og:description\" content=\"As matr\u00edculas para a Educa\u00e7\u00e3o de Jovens e Adultos (Eja) seguem at\u00e9 esta segunda-feira (14) e podem ser realizadas em uma das 24 escolas da rede municipal de ensino de Juazeiro que ofertam essa modalidade. A Secretaria de Educa\u00e7\u00e3o e Juventude (Seduc) incentiva a realiza\u00e7\u00e3o das matr\u00edculas para pessoas acima de 15 anos, que ainda n\u00e3o conclu\u00edram o ensino regular. Os interessados devem procurar as escolas municipais portando os seguintes documentos: Hist\u00f3rico escolar, Comprovante de vacina\u00e7\u00e3o, RG, CPF, duas fotos 3X4, comprovante de resid\u00eancia e NIS (N\u00famero de Identifica\u00e7\u00e3o Social). \u00a0 Eja Visando proporcionar uma educa\u00e7\u00e3o de qualidade para todos, a Eja \u00e9 uma modalidade de ensino com o objetivo de complementar ou auxiliar aqueles que n\u00e3o tiveram a oportunidade&hellip;\" \/>\n<meta property=\"og:url\" content=\"https:\/\/blogdofarnesio.com.br\/?p=308325\" \/>\n<meta property=\"og:site_name\" content=\"Blog do Farn\u00e9sio\" \/>\n<meta property=\"article:publisher\" content=\"https:\/\/www.facebook.com\/BlogQuerSaberPolitica\/\" \/>\n<meta property=\"article:author\" content=\"https:\/\/www.facebook.com\/?ref=tn_tnmn\" \/>\n<meta property=\"article:published_time\" content=\"2022-03-14T12:43:26+00:00\" \/>\n<meta property=\"og:image\" content=\"https:\/\/blogdofarnesio.com.br\/wp-content\/uploads\/2014\/12\/BLOGQSP-EJA.jpg\" \/>\n\t<meta property=\"og:image:width\" content=\"317\" \/>\n\t<meta property=\"og:image:height\" content=\"135\" \/>\n\t<meta property=\"og:image:type\" content=\"image\/jpeg\" \/>\n<meta name=\"author\" content=\"Farn\u00e9sio\" \/>\n<meta name=\"twitter:card\" content=\"summary_large_image\" \/>\n<meta name=\"twitter:label1\" content=\"Escrito por\" \/>\n\t<meta name=\"twitter:data1\" content=\"Farn\u00e9sio\" \/>\n\t<meta name=\"twitter:label2\" content=\"Est. tempo de leitura\" \/>\n\t<meta name=\"twitter:data2\" content=\"1 minuto\" \/>\n<script type=\"application\/ld+json\" class=\"yoast-schema-graph\">{\"@context\":\"https:\\\/\\\/schema.org\",\"@graph\":[{\"@type\":\"Article\",\"@id\":\"https:\\\/\\\/blogdofarnesio.com.br\\\/?p=308325#article\",\"isPartOf\":{\"@id\":\"https:\\\/\\\/blogdofarnesio.com.br\\\/?p=308325\"},\"author\":{\"name\":\"Farn\u00e9sio\",\"@id\":\"https:\\\/\\\/blogdofarnesio.com.br\\\/#\\\/schema\\\/person\\\/bb9b23ae3ad0609ce8df7b6c9e76824d\"},\"headline\":\"Matr\u00edculas para Educa\u00e7\u00e3o de Jovens e Adultos na rede municipal de Juazeiro encerram nesta segunda-feira\",\"datePublished\":\"2022-03-14T12:43:26+00:00\",\"mainEntityOfPage\":{\"@id\":\"https:\\\/\\\/blogdofarnesio.com.br\\\/?p=308325\"},\"wordCount\":298,\"commentCount\":0,\"publisher\":{\"@id\":\"https:\\\/\\\/blogdofarnesio.com.br\\\/#organization\"},\"image\":{\"@id\":\"https:\\\/\\\/blogdofarnesio.com.br\\\/?p=308325#primaryimage\"},\"thumbnailUrl\":\"https:\\\/\\\/blogdofarnesio.com.br\\\/wp-content\\\/uploads\\\/2014\\\/12\\\/BLOGQSP-EJA.jpg\",\"inLanguage\":\"pt-BR\",\"potentialAction\":[{\"@type\":\"CommentAction\",\"name\":\"Comment\",\"target\":[\"https:\\\/\\\/blogdofarnesio.com.br\\\/?p=308325#respond\"]}]},{\"@type\":\"WebPage\",\"@id\":\"https:\\\/\\\/blogdofarnesio.com.br\\\/?p=308325\",\"url\":\"https:\\\/\\\/blogdofarnesio.com.br\\\/?p=308325\",\"name\":\"Matr\u00edculas para Educa\u00e7\u00e3o de Jovens e Adultos na rede municipal de Juazeiro encerram nesta segunda-feira - Blog do Farn\u00e9sio\",\"isPartOf\":{\"@id\":\"https:\\\/\\\/blogdofarnesio.com.br\\\/#website\"},\"primaryImageOfPage\":{\"@id\":\"https:\\\/\\\/blogdofarnesio.com.br\\\/?p=308325#primaryimage\"},\"image\":{\"@id\":\"https:\\\/\\\/blogdofarnesio.com.br\\\/?p=308325#primaryimage\"},\"thumbnailUrl\":\"https:\\\/\\\/blogdofarnesio.com.br\\\/wp-content\\\/uploads\\\/2014\\\/12\\\/BLOGQSP-EJA.jpg\",\"datePublished\":\"2022-03-14T12:43:26+00:00\",\"breadcrumb\":{\"@id\":\"https:\\\/\\\/blogdofarnesio.com.br\\\/?p=308325#breadcrumb\"},\"inLanguage\":\"pt-BR\",\"potentialAction\":[{\"@type\":\"ReadAction\",\"target\":[\"https:\\\/\\\/blogdofarnesio.com.br\\\/?p=308325\"]}]},{\"@type\":\"ImageObject\",\"inLanguage\":\"pt-BR\",\"@id\":\"https:\\\/\\\/blogdofarnesio.com.br\\\/?p=308325#primaryimage\",\"url\":\"https:\\\/\\\/blogdofarnesio.com.br\\\/wp-content\\\/uploads\\\/2014\\\/12\\\/BLOGQSP-EJA.jpg\",\"contentUrl\":\"https:\\\/\\\/blogdofarnesio.com.br\\\/wp-content\\\/uploads\\\/2014\\\/12\\\/BLOGQSP-EJA.jpg\",\"width\":317,\"height\":135},{\"@type\":\"BreadcrumbList\",\"@id\":\"https:\\\/\\\/blogdofarnesio.com.br\\\/?p=308325#breadcrumb\",\"itemListElement\":[{\"@type\":\"ListItem\",\"position\":1,\"name\":\"In\u00edcio\",\"item\":\"https:\\\/\\\/blogdofarnesio.com.br\\\/\"},{\"@type\":\"ListItem\",\"position\":2,\"name\":\"Matr\u00edculas para Educa\u00e7\u00e3o de Jovens e Adultos na rede municipal de Juazeiro encerram nesta segunda-feira\"}]},{\"@type\":\"WebSite\",\"@id\":\"https:\\\/\\\/blogdofarnesio.com.br\\\/#website\",\"url\":\"https:\\\/\\\/blogdofarnesio.com.br\\\/\",\"name\":\"Blog do Farn\u00e9sio\",\"description\":\"Quer Saber Pol\u00edtica?\",\"publisher\":{\"@id\":\"https:\\\/\\\/blogdofarnesio.com.br\\\/#organization\"},\"potentialAction\":[{\"@type\":\"SearchAction\",\"target\":{\"@type\":\"EntryPoint\",\"urlTemplate\":\"https:\\\/\\\/blogdofarnesio.com.br\\\/?s={search_term_string}\"},\"query-input\":{\"@type\":\"PropertyValueSpecification\",\"valueRequired\":true,\"valueName\":\"search_term_string\"}}],\"inLanguage\":\"pt-BR\"},{\"@type\":\"Organization\",\"@id\":\"https:\\\/\\\/blogdofarnesio.com.br\\\/#organization\",\"name\":\"Blog do Farn\u00e9sio\",\"url\":\"https:\\\/\\\/blogdofarnesio.com.br\\\/\",\"logo\":{\"@type\":\"ImageObject\",\"inLanguage\":\"pt-BR\",\"@id\":\"https:\\\/\\\/blogdofarnesio.com.br\\\/#\\\/schema\\\/logo\\\/image\\\/\",\"url\":\"https:\\\/\\\/blogdofarnesio.com.br\\\/wp-content\\\/uploads\\\/2026\\\/03\\\/cropped-logo_new-1.png\",\"contentUrl\":\"https:\\\/\\\/blogdofarnesio.com.br\\\/wp-content\\\/uploads\\\/2026\\\/03\\\/cropped-logo_new-1.png\",\"width\":881,\"height\":685,\"caption\":\"Blog do Farn\u00e9sio\"},\"image\":{\"@id\":\"https:\\\/\\\/blogdofarnesio.com.br\\\/#\\\/schema\\\/logo\\\/image\\\/\"},\"sameAs\":[\"https:\\\/\\\/www.facebook.com\\\/BlogQuerSaberPolitica\\\/\"]},{\"@type\":\"Person\",\"@id\":\"https:\\\/\\\/blogdofarnesio.com.br\\\/#\\\/schema\\\/person\\\/bb9b23ae3ad0609ce8df7b6c9e76824d\",\"name\":\"Farn\u00e9sio\",\"image\":{\"@type\":\"ImageObject\",\"inLanguage\":\"pt-BR\",\"@id\":\"https:\\\/\\\/secure.gravatar.com\\\/avatar\\\/986aa4c61ccdb66f8555bf88fc2a65609d00bcabd4d2d94377a727547345cbca?s=96&d=mm&r=g\",\"url\":\"https:\\\/\\\/secure.gravatar.com\\\/avatar\\\/986aa4c61ccdb66f8555bf88fc2a65609d00bcabd4d2d94377a727547345cbca?s=96&d=mm&r=g\",\"contentUrl\":\"https:\\\/\\\/secure.gravatar.com\\\/avatar\\\/986aa4c61ccdb66f8555bf88fc2a65609d00bcabd4d2d94377a727547345cbca?s=96&d=mm&r=g\",\"caption\":\"Farn\u00e9sio\"},\"description\":\"Radialista blogueiro, chegou a Petrolina\\\/Juazeiro em setembro de 1980, Farn\u00e9sio Silva \u00e9 de Arapiraca-Alagoas.\",\"sameAs\":[\"http:\\\/\\\/blogdofarnesio.com.br\",\"https:\\\/\\\/www.facebook.com\\\/?ref=tn_tnmn\",\"https:\\\/\\\/www.instagram.com\\\/?utm_source=pwa_homescreen\",\"https:\\\/\\\/youtube.com.br\\\/\"],\"url\":\"https:\\\/\\\/blogdofarnesio.com.br\\\/?author=2\"}]}<\/script>\n<!-- \/ Yoast SEO plugin. -->","yoast_head_json":{"title":"Matr\u00edculas para Educa\u00e7\u00e3o de Jovens e Adultos na rede municipal de Juazeiro encerram nesta segunda-feira - Blog do Farn\u00e9sio","robots":{"index":"index","follow":"follow","max-snippet":"max-snippet:-1","max-image-preview":"max-image-preview:large","max-video-preview":"max-video-preview:-1"},"canonical":"https:\/\/blogdofarnesio.com.br\/?p=308325","og_locale":"pt_BR","og_type":"article","og_title":"Matr\u00edculas para Educa\u00e7\u00e3o de Jovens e Adultos na rede municipal de Juazeiro encerram nesta segunda-feira - Blog do Farn\u00e9sio","og_description":"As matr\u00edculas para a Educa\u00e7\u00e3o de Jovens e Adultos (Eja) seguem at\u00e9 esta segunda-feira (14) e podem ser realizadas em uma das 24 escolas da rede municipal de ensino de Juazeiro que ofertam essa modalidade. A Secretaria de Educa\u00e7\u00e3o e Juventude (Seduc) incentiva a realiza\u00e7\u00e3o das matr\u00edculas para pessoas acima de 15 anos, que ainda n\u00e3o conclu\u00edram o ensino regular. Os interessados devem procurar as escolas municipais portando os seguintes documentos: Hist\u00f3rico escolar, Comprovante de vacina\u00e7\u00e3o, RG, CPF, duas fotos 3X4, comprovante de resid\u00eancia e NIS (N\u00famero de Identifica\u00e7\u00e3o Social). \u00a0 Eja Visando proporcionar uma educa\u00e7\u00e3o de qualidade para todos, a Eja \u00e9 uma modalidade de ensino com o objetivo de complementar ou auxiliar aqueles que n\u00e3o tiveram a oportunidade&hellip;","og_url":"https:\/\/blogdofarnesio.com.br\/?p=308325","og_site_name":"Blog do Farn\u00e9sio","article_publisher":"https:\/\/www.facebook.com\/BlogQuerSaberPolitica\/","article_author":"https:\/\/www.facebook.com\/?ref=tn_tnmn","article_published_time":"2022-03-14T12:43:26+00:00","og_image":[{"width":317,"height":135,"url":"https:\/\/blogdofarnesio.com.br\/wp-content\/uploads\/2014\/12\/BLOGQSP-EJA.jpg","type":"image\/jpeg"}],"author":"Farn\u00e9sio","twitter_card":"summary_large_image","twitter_misc":{"Escrito por":"Farn\u00e9sio","Est. tempo de leitura":"1 minuto"},"schema":{"@context":"https:\/\/schema.org","@graph":[{"@type":"Article","@id":"https:\/\/blogdofarnesio.com.br\/?p=308325#article","isPartOf":{"@id":"https:\/\/blogdofarnesio.com.br\/?p=308325"},"author":{"name":"Farn\u00e9sio","@id":"https:\/\/blogdofarnesio.com.br\/#\/schema\/person\/bb9b23ae3ad0609ce8df7b6c9e76824d"},"headline":"Matr\u00edculas para Educa\u00e7\u00e3o de Jovens e Adultos na rede municipal de Juazeiro encerram nesta segunda-feira","datePublished":"2022-03-14T12:43:26+00:00","mainEntityOfPage":{"@id":"https:\/\/blogdofarnesio.com.br\/?p=308325"},"wordCount":298,"commentCount":0,"publisher":{"@id":"https:\/\/blogdofarnesio.com.br\/#organization"},"image":{"@id":"https:\/\/blogdofarnesio.com.br\/?p=308325#primaryimage"},"thumbnailUrl":"https:\/\/blogdofarnesio.com.br\/wp-content\/uploads\/2014\/12\/BLOGQSP-EJA.jpg","inLanguage":"pt-BR","potentialAction":[{"@type":"CommentAction","name":"Comment","target":["https:\/\/blogdofarnesio.com.br\/?p=308325#respond"]}]},{"@type":"WebPage","@id":"https:\/\/blogdofarnesio.com.br\/?p=308325","url":"https:\/\/blogdofarnesio.com.br\/?p=308325","name":"Matr\u00edculas para Educa\u00e7\u00e3o de Jovens e Adultos na rede municipal de Juazeiro encerram nesta segunda-feira - Blog do Farn\u00e9sio","isPartOf":{"@id":"https:\/\/blogdofarnesio.com.br\/#website"},"primaryImageOfPage":{"@id":"https:\/\/blogdofarnesio.com.br\/?p=308325#primaryimage"},"image":{"@id":"https:\/\/blogdofarnesio.com.br\/?p=308325#primaryimage"},"thumbnailUrl":"https:\/\/blogdofarnesio.com.br\/wp-content\/uploads\/2014\/12\/BLOGQSP-EJA.jpg","datePublished":"2022-03-14T12:43:26+00:00","breadcrumb":{"@id":"https:\/\/blogdofarnesio.com.br\/?p=308325#breadcrumb"},"inLanguage":"pt-BR","potentialAction":[{"@type":"ReadAction","target":["https:\/\/blogdofarnesio.com.br\/?p=308325"]}]},{"@type":"ImageObject","inLanguage":"pt-BR","@id":"https:\/\/blogdofarnesio.com.br\/?p=308325#primaryimage","url":"https:\/\/blogdofarnesio.com.br\/wp-content\/uploads\/2014\/12\/BLOGQSP-EJA.jpg","contentUrl":"https:\/\/blogdofarnesio.com.br\/wp-content\/uploads\/2014\/12\/BLOGQSP-EJA.jpg","width":317,"height":135},{"@type":"BreadcrumbList","@id":"https:\/\/blogdofarnesio.com.br\/?p=308325#breadcrumb","itemListElement":[{"@type":"ListItem","position":1,"name":"In\u00edcio","item":"https:\/\/blogdofarnesio.com.br\/"},{"@type":"ListItem","position":2,"name":"Matr\u00edculas para Educa\u00e7\u00e3o de Jovens e Adultos na rede municipal de Juazeiro encerram nesta segunda-feira"}]},{"@type":"WebSite","@id":"https:\/\/blogdofarnesio.com.br\/#website","url":"https:\/\/blogdofarnesio.com.br\/","name":"Blog do Farn\u00e9sio","description":"Quer Saber Pol\u00edtica?","publisher":{"@id":"https:\/\/blogdofarnesio.com.br\/#organization"},"potentialAction":[{"@type":"SearchAction","target":{"@type":"EntryPoint","urlTemplate":"https:\/\/blogdofarnesio.com.br\/?s={search_term_string}"},"query-input":{"@type":"PropertyValueSpecification","valueRequired":true,"valueName":"search_term_string"}}],"inLanguage":"pt-BR"},{"@type":"Organization","@id":"https:\/\/blogdofarnesio.com.br\/#organization","name":"Blog do Farn\u00e9sio","url":"https:\/\/blogdofarnesio.com.br\/","logo":{"@type":"ImageObject","inLanguage":"pt-BR","@id":"https:\/\/blogdofarnesio.com.br\/#\/schema\/logo\/image\/","url":"https:\/\/blogdofarnesio.com.br\/wp-content\/uploads\/2026\/03\/cropped-logo_new-1.png","contentUrl":"https:\/\/blogdofarnesio.com.br\/wp-content\/uploads\/2026\/03\/cropped-logo_new-1.png","width":881,"height":685,"caption":"Blog do Farn\u00e9sio"},"image":{"@id":"https:\/\/blogdofarnesio.com.br\/#\/schema\/logo\/image\/"},"sameAs":["https:\/\/www.facebook.com\/BlogQuerSaberPolitica\/"]},{"@type":"Person","@id":"https:\/\/blogdofarnesio.com.br\/#\/schema\/person\/bb9b23ae3ad0609ce8df7b6c9e76824d","name":"Farn\u00e9sio","image":{"@type":"ImageObject","inLanguage":"pt-BR","@id":"https:\/\/secure.gravatar.com\/avatar\/986aa4c61ccdb66f8555bf88fc2a65609d00bcabd4d2d94377a727547345cbca?s=96&d=mm&r=g","url":"https:\/\/secure.gravatar.com\/avatar\/986aa4c61ccdb66f8555bf88fc2a65609d00bcabd4d2d94377a727547345cbca?s=96&d=mm&r=g","contentUrl":"https:\/\/secure.gravatar.com\/avatar\/986aa4c61ccdb66f8555bf88fc2a65609d00bcabd4d2d94377a727547345cbca?s=96&d=mm&r=g","caption":"Farn\u00e9sio"},"description":"Radialista blogueiro, chegou a Petrolina\/Juazeiro em setembro de 1980, Farn\u00e9sio Silva \u00e9 de Arapiraca-Alagoas.","sameAs":["http:\/\/blogdofarnesio.com.br","https:\/\/www.facebook.com\/?ref=tn_tnmn","https:\/\/www.instagram.com\/?utm_source=pwa_homescreen","https:\/\/youtube.com.br\/"],"url":"https:\/\/blogdofarnesio.com.br\/?author=2"}]}},"_links":{"self":[{"href":"https:\/\/blogdofarnesio.com.br\/index.php?rest_route=\/wp\/v2\/posts\/308325","targetHints":{"allow":["GET"]}}],"collection":[{"href":"https:\/\/blogdofarnesio.com.br\/index.php?rest_route=\/wp\/v2\/posts"}],"about":[{"href":"https:\/\/blogdofarnesio.com.br\/index.php?rest_route=\/wp\/v2\/types\/post"}],"author":[{"embeddable":true,"href":"https:\/\/blogdofarnesio.com.br\/index.php?rest_route=\/wp\/v2\/users\/2"}],"replies":[{"embeddable":true,"href":"https:\/\/blogdofarnesio.com.br\/index.php?rest_route=%2Fwp%2Fv2%2Fcomments&post=308325"}],"version-history":[{"count":0,"href":"https:\/\/blogdofarnesio.com.br\/index.php?rest_route=\/wp\/v2\/posts\/308325\/revisions"}],"wp:featuredmedia":[{"embeddable":true,"href":"https:\/\/blogdofarnesio.com.br\/index.php?rest_route=\/wp\/v2\/media\/109191"}],"wp:attachment":[{"href":"https:\/\/blogdofarnesio.com.br\/index.php?rest_route=%2Fwp%2Fv2%2Fmedia&parent=308325"}],"wp:term":[{"taxonomy":"category","embeddable":true,"href":"https:\/\/blogdofarnesio.com.br\/index.php?rest_route=%2Fwp%2Fv2%2Fcategories&post=308325"},{"taxonomy":"post_tag","embeddable":true,"href":"https:\/\/blogdofarnesio.com.br\/index.php?rest_route=%2Fwp%2Fv2%2Ftags&post=308325"}],"curies":[{"name":"wp","href":"https:\/\/api.w.org\/{rel}","templated":true}]}}