{"id":307672,"date":"2022-03-03T07:41:53","date_gmt":"2022-03-03T10:41:53","guid":{"rendered":"https:\/\/blogdofarnesio.com.br\/?p=307672"},"modified":"2022-03-02T17:50:16","modified_gmt":"2022-03-02T20:50:16","slug":"confira-a-programacao-da-vacinacao-contra-a-covid-19-desta-quinta-feira-em-juazeiro","status":"publish","type":"post","link":"https:\/\/blogdofarnesio.com.br\/2022\/03\/confira-a-programacao-da-vacinacao-contra-a-covid-19-desta-quinta-feira-em-juazeiro\/","title":{"rendered":"Confira a programa\u00e7\u00e3o da vacina\u00e7\u00e3o contra a Covid-19 desta quinta-feira em Juazeiro"},"content":{"rendered":"<p style=\"font-weight: 400;\">A Prefeitura de Juazeiro, atrav\u00e9s da Secretaria de Sa\u00fade (Sesau), segue com a vacina\u00e7\u00e3o contra a Covid-19. Confira o cronograma para esta quinta-feira (03):<\/p>\n<p style=\"font-weight: 400;\"><strong>Primeira dose- crian\u00e7as de 6 a 11 anos<\/strong><\/p>\n<p style=\"font-weight: 400;\">&#8211; CSU, das 8h30 \u00e0s 11h30;<\/p>\n<p style=\"font-weight: 400;\"><strong>Primeira dose- a partir de 5 anos<\/strong><\/p>\n<p style=\"font-weight: 400;\">&#8211; Shopping, das 10h \u00e0s 16h.<\/p>\n<p style=\"font-weight: 400;\">As crian\u00e7as precisam possuir CPF ou Cart\u00e3o SUS, documento oficial de identifica\u00e7\u00e3o e cart\u00e3o de vacina. Crian\u00e7as imunossuprimidas precisam estar com original e c\u00f3pia do laudo m\u00e9dico (a c\u00f3pia ficar\u00e1 retida). Adolescentes e adultos precisam levar CPF ou Cart\u00e3o SUS e RG.<\/p>\n<p style=\"font-weight: 400;\">Para a vacina\u00e7\u00e3o, a crian\u00e7a precisa estar acompanhada do pai ou m\u00e3e, n\u00e3o sendo obrigado, neste caso, levar o termo de autoriza\u00e7\u00e3o impresso e assinado. Por\u00e9m, caso a crian\u00e7a esteja na companhia de outro respons\u00e1vel, o pai ou m\u00e3e deve emitir por escrito uma autoriza\u00e7\u00e3o assinada. Adolescentes precisam estar acompanhados de pais ou respons\u00e1veis.<\/p>\n<p style=\"font-weight: 400;\"><strong>Segunda dose<\/strong><\/p>\n<p style=\"font-weight: 400;\">&#8211; Uneb, das 8h30 \u00e0s 14h (Janssen, Pfizer e Oxford);<\/p>\n<p style=\"font-weight: 400;\">&#8211; UBS Dom Thomaz e CSU (CoronaVac), das 8h30 \u00e0s 11h30;<\/p>\n<p style=\"font-weight: 400;\">&#8211; Shopping (CoronaVac), das 10h \u00e0s 16h<\/p>\n<p style=\"font-weight: 400;\"><strong>Dose de Refor\u00e7o e Quarta Dose de Imunossuprimidos<\/strong><\/p>\n<p style=\"font-weight: 400;\">-Uneb, das 8h30 \u00e0s 14h.<\/p>\n<p style=\"font-weight: 400;\">&#8211; UBS Dom Thomaz, das 8h30 \u00e0s 11h30;<\/p>\n<p style=\"font-weight: 400;\">\u00c9 preciso levar CPF ou Cart\u00e3o SUS, RG e cart\u00e3o de vacina. Imunossuprimidos precisam estar com original e c\u00f3pia do laudo m\u00e9dico (a c\u00f3pia ficar\u00e1 retida). A dose de refor\u00e7o \u00e9 destinada para pessoas a partir de 18 anos e que j\u00e1 tenham intervalo de 4 meses em rela\u00e7\u00e3o \u00e0 segunda dose. A quarta dose \u00e9 destinada para os imunossuprimidos, com 18 anos ou mais e que tenham intervalo de 4 meses em rela\u00e7\u00e3o \u00e0 terceira dose.<\/p>\n<p style=\"font-weight: 400;\">S\u00e3o considerados imunossuprimidos as pessoas com doen\u00e7as reum\u00e1ticas imunomediadas sist\u00eamicas em atividade e em uso de dose de prednisona equivalente a 10 mg\/dia ou recebendo pulsoterapia com cortic\u00f3ide e\/ou ciclofosfamida; demais indiv\u00edduos em uso de imunossupressores ou com imunodefici\u00eancias prim\u00e1rias; pacientes oncol\u00f3gicos que realizaram tratamento quimioter\u00e1pico ou radioter\u00e1pico nos \u00faltimos 6 meses; neoplasias hematol\u00f3gicas e pacientes renais cr\u00f4nicos.<\/p>\n<p style=\"font-weight: 400;\"><strong>Vacina\u00e7\u00e3o Itinerante<\/strong><\/p>\n<p style=\"font-weight: 400;\">Nesta quinta-feira (03), a vacina\u00e7\u00e3o itinerante contra a Covid-19, acontecer\u00e1 no Jardim Primavera, com primeira dose para crian\u00e7as de 6 a 11 anos, adolescentes e adultos, segunda dose, dose de refor\u00e7o e quarta dose para pessoas imunossuprimidas, no hor\u00e1rio das 9h \u00e0s 12h. Ser\u00e3o 150 fichas.<\/p>\n<p style=\"font-weight: 400;\">Texto: Aucilania Soares \u2013 Ascom Sesau PMJ<\/p>\n","protected":false},"excerpt":{"rendered":"<p>A Prefeitura de Juazeiro, atrav\u00e9s da Secretaria de Sa\u00fade (Sesau), segue com a vacina\u00e7\u00e3o contra a Covid-19. Confira o cronograma para esta quinta-feira (03): Primeira dose- crian\u00e7as de 6 a 11 anos &#8211; CSU, das 8h30 \u00e0s 11h30; Primeira dose- a partir de 5 anos &#8211; Shopping, das 10h \u00e0s 16h. As crian\u00e7as precisam possuir CPF ou Cart\u00e3o SUS, documento oficial de identifica\u00e7\u00e3o e cart\u00e3o de vacina. Crian\u00e7as imunossuprimidas precisam estar com original e c\u00f3pia do laudo m\u00e9dico (a c\u00f3pia ficar\u00e1 retida). Adolescentes e adultos precisam levar CPF ou Cart\u00e3o SUS e RG. Para a vacina\u00e7\u00e3o, a crian\u00e7a precisa estar acompanhada do pai ou m\u00e3e, n\u00e3o sendo obrigado, neste caso, levar o termo de autoriza\u00e7\u00e3o impresso e assinado. Por\u00e9m, caso&hellip; <\/p>\n","protected":false},"author":2,"featured_media":288456,"comment_status":"open","ping_status":"open","sticky":false,"template":"","format":"standard","meta":{"_acf_changed":false,"footnotes":""},"categories":[4],"tags":[],"class_list":["post-307672","post","type-post","status-publish","format-standard","has-post-thumbnail","hentry","category-saude"],"acf":[],"yoast_head":"<!-- This site is optimized with the Yoast SEO plugin v27.5 - https:\/\/yoast.com\/product\/yoast-seo-wordpress\/ -->\n<title>Confira a programa\u00e7\u00e3o da vacina\u00e7\u00e3o contra a Covid-19 desta quinta-feira em Juazeiro - Blog do Farn\u00e9sio<\/title>\n<meta name=\"robots\" content=\"index, follow, max-snippet:-1, max-image-preview:large, max-video-preview:-1\" \/>\n<link rel=\"canonical\" href=\"https:\/\/blogdofarnesio.com.br\/2022\/03\/confira-a-programacao-da-vacinacao-contra-a-covid-19-desta-quinta-feira-em-juazeiro\/\" \/>\n<meta property=\"og:locale\" content=\"pt_BR\" \/>\n<meta property=\"og:type\" content=\"article\" \/>\n<meta property=\"og:title\" content=\"Confira a programa\u00e7\u00e3o da vacina\u00e7\u00e3o contra a Covid-19 desta quinta-feira em Juazeiro - Blog do Farn\u00e9sio\" \/>\n<meta property=\"og:description\" content=\"A Prefeitura de Juazeiro, atrav\u00e9s da Secretaria de Sa\u00fade (Sesau), segue com a vacina\u00e7\u00e3o contra a Covid-19. Confira o cronograma para esta quinta-feira (03): Primeira dose- crian\u00e7as de 6 a 11 anos &#8211; CSU, das 8h30 \u00e0s 11h30; Primeira dose- a partir de 5 anos &#8211; Shopping, das 10h \u00e0s 16h. As crian\u00e7as precisam possuir CPF ou Cart\u00e3o SUS, documento oficial de identifica\u00e7\u00e3o e cart\u00e3o de vacina. Crian\u00e7as imunossuprimidas precisam estar com original e c\u00f3pia do laudo m\u00e9dico (a c\u00f3pia ficar\u00e1 retida). Adolescentes e adultos precisam levar CPF ou Cart\u00e3o SUS e RG. Para a vacina\u00e7\u00e3o, a crian\u00e7a precisa estar acompanhada do pai ou m\u00e3e, n\u00e3o sendo obrigado, neste caso, levar o termo de autoriza\u00e7\u00e3o impresso e assinado. Por\u00e9m, caso&hellip;\" \/>\n<meta property=\"og:url\" content=\"https:\/\/blogdofarnesio.com.br\/2022\/03\/confira-a-programacao-da-vacinacao-contra-a-covid-19-desta-quinta-feira-em-juazeiro\/\" \/>\n<meta property=\"og:site_name\" content=\"Blog do Farn\u00e9sio\" \/>\n<meta property=\"article:publisher\" content=\"https:\/\/www.facebook.com\/BlogQuerSaberPolitica\/\" \/>\n<meta property=\"article:author\" content=\"https:\/\/www.facebook.com\/?ref=tn_tnmn\" \/>\n<meta property=\"article:published_time\" content=\"2022-03-03T10:41:53+00:00\" \/>\n<meta property=\"og:image\" content=\"https:\/\/blogdofarnesio.com.br\/wp-content\/uploads\/2021\/06\/blogqspvacina-sim-e1623965316406.jpg\" \/>\n\t<meta property=\"og:image:width\" content=\"640\" \/>\n\t<meta property=\"og:image:height\" content=\"337\" \/>\n\t<meta property=\"og:image:type\" content=\"image\/jpeg\" \/>\n<meta name=\"author\" content=\"Farn\u00e9sio\" \/>\n<meta name=\"twitter:card\" content=\"summary_large_image\" \/>\n<meta name=\"twitter:label1\" content=\"Escrito por\" \/>\n\t<meta name=\"twitter:data1\" content=\"Farn\u00e9sio\" \/>\n\t<meta name=\"twitter:label2\" content=\"Est. tempo de leitura\" \/>\n\t<meta name=\"twitter:data2\" content=\"3 minutos\" \/>\n<script type=\"application\/ld+json\" class=\"yoast-schema-graph\">{\"@context\":\"https:\\\/\\\/schema.org\",\"@graph\":[{\"@type\":\"Article\",\"@id\":\"https:\\\/\\\/blogdofarnesio.com.br\\\/2022\\\/03\\\/confira-a-programacao-da-vacinacao-contra-a-covid-19-desta-quinta-feira-em-juazeiro\\\/#article\",\"isPartOf\":{\"@id\":\"https:\\\/\\\/blogdofarnesio.com.br\\\/2022\\\/03\\\/confira-a-programacao-da-vacinacao-contra-a-covid-19-desta-quinta-feira-em-juazeiro\\\/\"},\"author\":{\"name\":\"Farn\u00e9sio\",\"@id\":\"https:\\\/\\\/blogdofarnesio.com.br\\\/#\\\/schema\\\/person\\\/bb9b23ae3ad0609ce8df7b6c9e76824d\"},\"headline\":\"Confira a programa\u00e7\u00e3o da vacina\u00e7\u00e3o contra a Covid-19 desta quinta-feira em Juazeiro\",\"datePublished\":\"2022-03-03T10:41:53+00:00\",\"mainEntityOfPage\":{\"@id\":\"https:\\\/\\\/blogdofarnesio.com.br\\\/2022\\\/03\\\/confira-a-programacao-da-vacinacao-contra-a-covid-19-desta-quinta-feira-em-juazeiro\\\/\"},\"wordCount\":436,\"commentCount\":0,\"publisher\":{\"@id\":\"https:\\\/\\\/blogdofarnesio.com.br\\\/#organization\"},\"image\":{\"@id\":\"https:\\\/\\\/blogdofarnesio.com.br\\\/2022\\\/03\\\/confira-a-programacao-da-vacinacao-contra-a-covid-19-desta-quinta-feira-em-juazeiro\\\/#primaryimage\"},\"thumbnailUrl\":\"https:\\\/\\\/blogdofarnesio.com.br\\\/wp-content\\\/uploads\\\/2021\\\/06\\\/blogqspvacina-sim-e1623965316406.jpg\",\"articleSection\":[\"Sa\u00fade\"],\"inLanguage\":\"pt-BR\",\"potentialAction\":[{\"@type\":\"CommentAction\",\"name\":\"Comment\",\"target\":[\"https:\\\/\\\/blogdofarnesio.com.br\\\/2022\\\/03\\\/confira-a-programacao-da-vacinacao-contra-a-covid-19-desta-quinta-feira-em-juazeiro\\\/#respond\"]}]},{\"@type\":\"WebPage\",\"@id\":\"https:\\\/\\\/blogdofarnesio.com.br\\\/2022\\\/03\\\/confira-a-programacao-da-vacinacao-contra-a-covid-19-desta-quinta-feira-em-juazeiro\\\/\",\"url\":\"https:\\\/\\\/blogdofarnesio.com.br\\\/2022\\\/03\\\/confira-a-programacao-da-vacinacao-contra-a-covid-19-desta-quinta-feira-em-juazeiro\\\/\",\"name\":\"Confira a programa\u00e7\u00e3o da vacina\u00e7\u00e3o contra a Covid-19 desta quinta-feira em Juazeiro - Blog do Farn\u00e9sio\",\"isPartOf\":{\"@id\":\"https:\\\/\\\/blogdofarnesio.com.br\\\/#website\"},\"primaryImageOfPage\":{\"@id\":\"https:\\\/\\\/blogdofarnesio.com.br\\\/2022\\\/03\\\/confira-a-programacao-da-vacinacao-contra-a-covid-19-desta-quinta-feira-em-juazeiro\\\/#primaryimage\"},\"image\":{\"@id\":\"https:\\\/\\\/blogdofarnesio.com.br\\\/2022\\\/03\\\/confira-a-programacao-da-vacinacao-contra-a-covid-19-desta-quinta-feira-em-juazeiro\\\/#primaryimage\"},\"thumbnailUrl\":\"https:\\\/\\\/blogdofarnesio.com.br\\\/wp-content\\\/uploads\\\/2021\\\/06\\\/blogqspvacina-sim-e1623965316406.jpg\",\"datePublished\":\"2022-03-03T10:41:53+00:00\",\"breadcrumb\":{\"@id\":\"https:\\\/\\\/blogdofarnesio.com.br\\\/2022\\\/03\\\/confira-a-programacao-da-vacinacao-contra-a-covid-19-desta-quinta-feira-em-juazeiro\\\/#breadcrumb\"},\"inLanguage\":\"pt-BR\",\"potentialAction\":[{\"@type\":\"ReadAction\",\"target\":[\"https:\\\/\\\/blogdofarnesio.com.br\\\/2022\\\/03\\\/confira-a-programacao-da-vacinacao-contra-a-covid-19-desta-quinta-feira-em-juazeiro\\\/\"]}]},{\"@type\":\"ImageObject\",\"inLanguage\":\"pt-BR\",\"@id\":\"https:\\\/\\\/blogdofarnesio.com.br\\\/2022\\\/03\\\/confira-a-programacao-da-vacinacao-contra-a-covid-19-desta-quinta-feira-em-juazeiro\\\/#primaryimage\",\"url\":\"https:\\\/\\\/blogdofarnesio.com.br\\\/wp-content\\\/uploads\\\/2021\\\/06\\\/blogqspvacina-sim-e1623965316406.jpg\",\"contentUrl\":\"https:\\\/\\\/blogdofarnesio.com.br\\\/wp-content\\\/uploads\\\/2021\\\/06\\\/blogqspvacina-sim-e1623965316406.jpg\",\"width\":640,\"height\":337},{\"@type\":\"BreadcrumbList\",\"@id\":\"https:\\\/\\\/blogdofarnesio.com.br\\\/2022\\\/03\\\/confira-a-programacao-da-vacinacao-contra-a-covid-19-desta-quinta-feira-em-juazeiro\\\/#breadcrumb\",\"itemListElement\":[{\"@type\":\"ListItem\",\"position\":1,\"name\":\"In\u00edcio\",\"item\":\"https:\\\/\\\/blogdofarnesio.com.br\\\/\"},{\"@type\":\"ListItem\",\"position\":2,\"name\":\"Confira a programa\u00e7\u00e3o da vacina\u00e7\u00e3o contra a Covid-19 desta quinta-feira em Juazeiro\"}]},{\"@type\":\"WebSite\",\"@id\":\"https:\\\/\\\/blogdofarnesio.com.br\\\/#website\",\"url\":\"https:\\\/\\\/blogdofarnesio.com.br\\\/\",\"name\":\"Blog do Farn\u00e9sio\",\"description\":\"Quer Saber Pol\u00edtica?\",\"publisher\":{\"@id\":\"https:\\\/\\\/blogdofarnesio.com.br\\\/#organization\"},\"potentialAction\":[{\"@type\":\"SearchAction\",\"target\":{\"@type\":\"EntryPoint\",\"urlTemplate\":\"https:\\\/\\\/blogdofarnesio.com.br\\\/?s={search_term_string}\"},\"query-input\":{\"@type\":\"PropertyValueSpecification\",\"valueRequired\":true,\"valueName\":\"search_term_string\"}}],\"inLanguage\":\"pt-BR\"},{\"@type\":\"Organization\",\"@id\":\"https:\\\/\\\/blogdofarnesio.com.br\\\/#organization\",\"name\":\"Blog do Farn\u00e9sio\",\"url\":\"https:\\\/\\\/blogdofarnesio.com.br\\\/\",\"logo\":{\"@type\":\"ImageObject\",\"inLanguage\":\"pt-BR\",\"@id\":\"https:\\\/\\\/blogdofarnesio.com.br\\\/#\\\/schema\\\/logo\\\/image\\\/\",\"url\":\"https:\\\/\\\/blogdofarnesio.com.br\\\/wp-content\\\/uploads\\\/2026\\\/03\\\/cropped-logo_new-1.png\",\"contentUrl\":\"https:\\\/\\\/blogdofarnesio.com.br\\\/wp-content\\\/uploads\\\/2026\\\/03\\\/cropped-logo_new-1.png\",\"width\":881,\"height\":685,\"caption\":\"Blog do Farn\u00e9sio\"},\"image\":{\"@id\":\"https:\\\/\\\/blogdofarnesio.com.br\\\/#\\\/schema\\\/logo\\\/image\\\/\"},\"sameAs\":[\"https:\\\/\\\/www.facebook.com\\\/BlogQuerSaberPolitica\\\/\"]},{\"@type\":\"Person\",\"@id\":\"https:\\\/\\\/blogdofarnesio.com.br\\\/#\\\/schema\\\/person\\\/bb9b23ae3ad0609ce8df7b6c9e76824d\",\"name\":\"Farn\u00e9sio\",\"image\":{\"@type\":\"ImageObject\",\"inLanguage\":\"pt-BR\",\"@id\":\"https:\\\/\\\/secure.gravatar.com\\\/avatar\\\/986aa4c61ccdb66f8555bf88fc2a65609d00bcabd4d2d94377a727547345cbca?s=96&d=mm&r=g\",\"url\":\"https:\\\/\\\/secure.gravatar.com\\\/avatar\\\/986aa4c61ccdb66f8555bf88fc2a65609d00bcabd4d2d94377a727547345cbca?s=96&d=mm&r=g\",\"contentUrl\":\"https:\\\/\\\/secure.gravatar.com\\\/avatar\\\/986aa4c61ccdb66f8555bf88fc2a65609d00bcabd4d2d94377a727547345cbca?s=96&d=mm&r=g\",\"caption\":\"Farn\u00e9sio\"},\"description\":\"Radialista blogueiro, chegou a Petrolina\\\/Juazeiro em setembro de 1980, Farn\u00e9sio Silva \u00e9 de Arapiraca-Alagoas.\",\"sameAs\":[\"http:\\\/\\\/blogdofarnesio.com.br\",\"https:\\\/\\\/www.facebook.com\\\/?ref=tn_tnmn\",\"https:\\\/\\\/www.instagram.com\\\/?utm_source=pwa_homescreen\",\"https:\\\/\\\/youtube.com.br\\\/\"],\"url\":\"https:\\\/\\\/blogdofarnesio.com.br\\\/author\\\/farnesio-2\\\/\"}]}<\/script>\n<!-- \/ Yoast SEO plugin. -->","yoast_head_json":{"title":"Confira a programa\u00e7\u00e3o da vacina\u00e7\u00e3o contra a Covid-19 desta quinta-feira em Juazeiro - Blog do Farn\u00e9sio","robots":{"index":"index","follow":"follow","max-snippet":"max-snippet:-1","max-image-preview":"max-image-preview:large","max-video-preview":"max-video-preview:-1"},"canonical":"https:\/\/blogdofarnesio.com.br\/2022\/03\/confira-a-programacao-da-vacinacao-contra-a-covid-19-desta-quinta-feira-em-juazeiro\/","og_locale":"pt_BR","og_type":"article","og_title":"Confira a programa\u00e7\u00e3o da vacina\u00e7\u00e3o contra a Covid-19 desta quinta-feira em Juazeiro - Blog do Farn\u00e9sio","og_description":"A Prefeitura de Juazeiro, atrav\u00e9s da Secretaria de Sa\u00fade (Sesau), segue com a vacina\u00e7\u00e3o contra a Covid-19. Confira o cronograma para esta quinta-feira (03): Primeira dose- crian\u00e7as de 6 a 11 anos &#8211; CSU, das 8h30 \u00e0s 11h30; Primeira dose- a partir de 5 anos &#8211; Shopping, das 10h \u00e0s 16h. As crian\u00e7as precisam possuir CPF ou Cart\u00e3o SUS, documento oficial de identifica\u00e7\u00e3o e cart\u00e3o de vacina. Crian\u00e7as imunossuprimidas precisam estar com original e c\u00f3pia do laudo m\u00e9dico (a c\u00f3pia ficar\u00e1 retida). Adolescentes e adultos precisam levar CPF ou Cart\u00e3o SUS e RG. Para a vacina\u00e7\u00e3o, a crian\u00e7a precisa estar acompanhada do pai ou m\u00e3e, n\u00e3o sendo obrigado, neste caso, levar o termo de autoriza\u00e7\u00e3o impresso e assinado. Por\u00e9m, caso&hellip;","og_url":"https:\/\/blogdofarnesio.com.br\/2022\/03\/confira-a-programacao-da-vacinacao-contra-a-covid-19-desta-quinta-feira-em-juazeiro\/","og_site_name":"Blog do Farn\u00e9sio","article_publisher":"https:\/\/www.facebook.com\/BlogQuerSaberPolitica\/","article_author":"https:\/\/www.facebook.com\/?ref=tn_tnmn","article_published_time":"2022-03-03T10:41:53+00:00","og_image":[{"width":640,"height":337,"url":"https:\/\/blogdofarnesio.com.br\/wp-content\/uploads\/2021\/06\/blogqspvacina-sim-e1623965316406.jpg","type":"image\/jpeg"}],"author":"Farn\u00e9sio","twitter_card":"summary_large_image","twitter_misc":{"Escrito por":"Farn\u00e9sio","Est. tempo de leitura":"3 minutos"},"schema":{"@context":"https:\/\/schema.org","@graph":[{"@type":"Article","@id":"https:\/\/blogdofarnesio.com.br\/2022\/03\/confira-a-programacao-da-vacinacao-contra-a-covid-19-desta-quinta-feira-em-juazeiro\/#article","isPartOf":{"@id":"https:\/\/blogdofarnesio.com.br\/2022\/03\/confira-a-programacao-da-vacinacao-contra-a-covid-19-desta-quinta-feira-em-juazeiro\/"},"author":{"name":"Farn\u00e9sio","@id":"https:\/\/blogdofarnesio.com.br\/#\/schema\/person\/bb9b23ae3ad0609ce8df7b6c9e76824d"},"headline":"Confira a programa\u00e7\u00e3o da vacina\u00e7\u00e3o contra a Covid-19 desta quinta-feira em Juazeiro","datePublished":"2022-03-03T10:41:53+00:00","mainEntityOfPage":{"@id":"https:\/\/blogdofarnesio.com.br\/2022\/03\/confira-a-programacao-da-vacinacao-contra-a-covid-19-desta-quinta-feira-em-juazeiro\/"},"wordCount":436,"commentCount":0,"publisher":{"@id":"https:\/\/blogdofarnesio.com.br\/#organization"},"image":{"@id":"https:\/\/blogdofarnesio.com.br\/2022\/03\/confira-a-programacao-da-vacinacao-contra-a-covid-19-desta-quinta-feira-em-juazeiro\/#primaryimage"},"thumbnailUrl":"https:\/\/blogdofarnesio.com.br\/wp-content\/uploads\/2021\/06\/blogqspvacina-sim-e1623965316406.jpg","articleSection":["Sa\u00fade"],"inLanguage":"pt-BR","potentialAction":[{"@type":"CommentAction","name":"Comment","target":["https:\/\/blogdofarnesio.com.br\/2022\/03\/confira-a-programacao-da-vacinacao-contra-a-covid-19-desta-quinta-feira-em-juazeiro\/#respond"]}]},{"@type":"WebPage","@id":"https:\/\/blogdofarnesio.com.br\/2022\/03\/confira-a-programacao-da-vacinacao-contra-a-covid-19-desta-quinta-feira-em-juazeiro\/","url":"https:\/\/blogdofarnesio.com.br\/2022\/03\/confira-a-programacao-da-vacinacao-contra-a-covid-19-desta-quinta-feira-em-juazeiro\/","name":"Confira a programa\u00e7\u00e3o da vacina\u00e7\u00e3o contra a Covid-19 desta quinta-feira em Juazeiro - Blog do Farn\u00e9sio","isPartOf":{"@id":"https:\/\/blogdofarnesio.com.br\/#website"},"primaryImageOfPage":{"@id":"https:\/\/blogdofarnesio.com.br\/2022\/03\/confira-a-programacao-da-vacinacao-contra-a-covid-19-desta-quinta-feira-em-juazeiro\/#primaryimage"},"image":{"@id":"https:\/\/blogdofarnesio.com.br\/2022\/03\/confira-a-programacao-da-vacinacao-contra-a-covid-19-desta-quinta-feira-em-juazeiro\/#primaryimage"},"thumbnailUrl":"https:\/\/blogdofarnesio.com.br\/wp-content\/uploads\/2021\/06\/blogqspvacina-sim-e1623965316406.jpg","datePublished":"2022-03-03T10:41:53+00:00","breadcrumb":{"@id":"https:\/\/blogdofarnesio.com.br\/2022\/03\/confira-a-programacao-da-vacinacao-contra-a-covid-19-desta-quinta-feira-em-juazeiro\/#breadcrumb"},"inLanguage":"pt-BR","potentialAction":[{"@type":"ReadAction","target":["https:\/\/blogdofarnesio.com.br\/2022\/03\/confira-a-programacao-da-vacinacao-contra-a-covid-19-desta-quinta-feira-em-juazeiro\/"]}]},{"@type":"ImageObject","inLanguage":"pt-BR","@id":"https:\/\/blogdofarnesio.com.br\/2022\/03\/confira-a-programacao-da-vacinacao-contra-a-covid-19-desta-quinta-feira-em-juazeiro\/#primaryimage","url":"https:\/\/blogdofarnesio.com.br\/wp-content\/uploads\/2021\/06\/blogqspvacina-sim-e1623965316406.jpg","contentUrl":"https:\/\/blogdofarnesio.com.br\/wp-content\/uploads\/2021\/06\/blogqspvacina-sim-e1623965316406.jpg","width":640,"height":337},{"@type":"BreadcrumbList","@id":"https:\/\/blogdofarnesio.com.br\/2022\/03\/confira-a-programacao-da-vacinacao-contra-a-covid-19-desta-quinta-feira-em-juazeiro\/#breadcrumb","itemListElement":[{"@type":"ListItem","position":1,"name":"In\u00edcio","item":"https:\/\/blogdofarnesio.com.br\/"},{"@type":"ListItem","position":2,"name":"Confira a programa\u00e7\u00e3o da vacina\u00e7\u00e3o contra a Covid-19 desta quinta-feira em Juazeiro"}]},{"@type":"WebSite","@id":"https:\/\/blogdofarnesio.com.br\/#website","url":"https:\/\/blogdofarnesio.com.br\/","name":"Blog do Farn\u00e9sio","description":"Quer Saber Pol\u00edtica?","publisher":{"@id":"https:\/\/blogdofarnesio.com.br\/#organization"},"potentialAction":[{"@type":"SearchAction","target":{"@type":"EntryPoint","urlTemplate":"https:\/\/blogdofarnesio.com.br\/?s={search_term_string}"},"query-input":{"@type":"PropertyValueSpecification","valueRequired":true,"valueName":"search_term_string"}}],"inLanguage":"pt-BR"},{"@type":"Organization","@id":"https:\/\/blogdofarnesio.com.br\/#organization","name":"Blog do Farn\u00e9sio","url":"https:\/\/blogdofarnesio.com.br\/","logo":{"@type":"ImageObject","inLanguage":"pt-BR","@id":"https:\/\/blogdofarnesio.com.br\/#\/schema\/logo\/image\/","url":"https:\/\/blogdofarnesio.com.br\/wp-content\/uploads\/2026\/03\/cropped-logo_new-1.png","contentUrl":"https:\/\/blogdofarnesio.com.br\/wp-content\/uploads\/2026\/03\/cropped-logo_new-1.png","width":881,"height":685,"caption":"Blog do Farn\u00e9sio"},"image":{"@id":"https:\/\/blogdofarnesio.com.br\/#\/schema\/logo\/image\/"},"sameAs":["https:\/\/www.facebook.com\/BlogQuerSaberPolitica\/"]},{"@type":"Person","@id":"https:\/\/blogdofarnesio.com.br\/#\/schema\/person\/bb9b23ae3ad0609ce8df7b6c9e76824d","name":"Farn\u00e9sio","image":{"@type":"ImageObject","inLanguage":"pt-BR","@id":"https:\/\/secure.gravatar.com\/avatar\/986aa4c61ccdb66f8555bf88fc2a65609d00bcabd4d2d94377a727547345cbca?s=96&d=mm&r=g","url":"https:\/\/secure.gravatar.com\/avatar\/986aa4c61ccdb66f8555bf88fc2a65609d00bcabd4d2d94377a727547345cbca?s=96&d=mm&r=g","contentUrl":"https:\/\/secure.gravatar.com\/avatar\/986aa4c61ccdb66f8555bf88fc2a65609d00bcabd4d2d94377a727547345cbca?s=96&d=mm&r=g","caption":"Farn\u00e9sio"},"description":"Radialista blogueiro, chegou a Petrolina\/Juazeiro em setembro de 1980, Farn\u00e9sio Silva \u00e9 de Arapiraca-Alagoas.","sameAs":["http:\/\/blogdofarnesio.com.br","https:\/\/www.facebook.com\/?ref=tn_tnmn","https:\/\/www.instagram.com\/?utm_source=pwa_homescreen","https:\/\/youtube.com.br\/"],"url":"https:\/\/blogdofarnesio.com.br\/author\/farnesio-2\/"}]}},"_links":{"self":[{"href":"https:\/\/blogdofarnesio.com.br\/wp-json\/wp\/v2\/posts\/307672","targetHints":{"allow":["GET"]}}],"collection":[{"href":"https:\/\/blogdofarnesio.com.br\/wp-json\/wp\/v2\/posts"}],"about":[{"href":"https:\/\/blogdofarnesio.com.br\/wp-json\/wp\/v2\/types\/post"}],"author":[{"embeddable":true,"href":"https:\/\/blogdofarnesio.com.br\/wp-json\/wp\/v2\/users\/2"}],"replies":[{"embeddable":true,"href":"https:\/\/blogdofarnesio.com.br\/wp-json\/wp\/v2\/comments?post=307672"}],"version-history":[{"count":0,"href":"https:\/\/blogdofarnesio.com.br\/wp-json\/wp\/v2\/posts\/307672\/revisions"}],"wp:featuredmedia":[{"embeddable":true,"href":"https:\/\/blogdofarnesio.com.br\/wp-json\/wp\/v2\/media\/288456"}],"wp:attachment":[{"href":"https:\/\/blogdofarnesio.com.br\/wp-json\/wp\/v2\/media?parent=307672"}],"wp:term":[{"taxonomy":"category","embeddable":true,"href":"https:\/\/blogdofarnesio.com.br\/wp-json\/wp\/v2\/categories?post=307672"},{"taxonomy":"post_tag","embeddable":true,"href":"https:\/\/blogdofarnesio.com.br\/wp-json\/wp\/v2\/tags?post=307672"}],"curies":[{"name":"wp","href":"https:\/\/api.w.org\/{rel}","templated":true}]}}