{"id":307670,"date":"2022-03-02T17:14:39","date_gmt":"2022-03-02T20:14:39","guid":{"rendered":"https:\/\/blogdofarnesio.com.br\/?p=307670"},"modified":"2022-03-02T17:14:39","modified_gmt":"2022-03-02T20:14:39","slug":"covid-19-juazeiro-nao-registra-obito-no-boletim-epidemiologico-desta-quarta-feira","status":"publish","type":"post","link":"https:\/\/blogdofarnesio.com.br\/2022\/03\/covid-19-juazeiro-nao-registra-obito-no-boletim-epidemiologico-desta-quarta-feira\/","title":{"rendered":"Covid-19: Juazeiro n\u00e3o registra \u00f3bito no boletim epidemiol\u00f3gico desta quarta-feira"},"content":{"rendered":"<p style=\"font-weight: 400;\">Juazeiro n\u00e3o registrou \u00f3bito por complica\u00e7\u00f5es da Covid-19 nesta quarta-feira (02). A informa\u00e7\u00e3o est\u00e1 no boletim epidemiol\u00f3gico da Secretaria Municipal de Sa\u00fade (Sesau).<\/p>\n<p style=\"font-weight: 400;\">Foram confirmados 17 novos casos da doen\u00e7a. De acordo com o levantamento, 24.508 moradores foram infectados desde o in\u00edcio da pandemia na cidade, dos quais 23.475 j\u00e1 est\u00e3o recuperados. Os casos descartados somam 37.315. Juazeiro tem 573 casos ativos do novo coronav\u00edrus. N\u00e3o houve registro de \u00f3bito. O munic\u00edpio permanece com 460 mortes provocadas por complica\u00e7\u00f5es da Covid-19.<\/p>\n<p style=\"font-weight: 400;\"><strong>Testes<\/strong><\/p>\n<p style=\"font-weight: 400;\">Foram realizados desde o in\u00edcio da pandemia 52.802 testes r\u00e1pidos pela prefeitura e 8.358 pelo Lacen, em Salvador.<\/p>\n<p style=\"font-weight: 400;\"><strong>Ocupa\u00e7\u00e3o de leitos<\/strong><\/p>\n<p style=\"font-weight: 400;\">Na rede hospitalar, o percentual de ocupa\u00e7\u00e3o dos leitos de UTI para Juazeiro na rede PEBA (hospitais de Pernambuco e Bahia) \u00e9 de 42%, com 57 leitos dispon\u00edveis. Em Juazeiro, 56% dos leitos de UTI para pacientes com Covid-19 est\u00e3o ocupados, com 4 leitos dispon\u00edveis.<\/p>\n<p style=\"font-weight: 400;\">\n<p style=\"font-weight: 400;\">\n<p style=\"font-weight: 400;\">Texto: Aucilania Soares \u2013 Ascom\/Sesau\/PMJ<\/p>\n","protected":false},"excerpt":{"rendered":"<p>Juazeiro n\u00e3o registrou \u00f3bito por complica\u00e7\u00f5es da Covid-19 nesta quarta-feira (02). A informa\u00e7\u00e3o est\u00e1 no boletim epidemiol\u00f3gico da Secretaria Municipal de Sa\u00fade (Sesau). Foram confirmados 17 novos casos da doen\u00e7a. De acordo com o levantamento, 24.508 moradores foram infectados desde o in\u00edcio da pandemia na cidade, dos quais 23.475 j\u00e1 est\u00e3o recuperados. Os casos descartados somam 37.315. Juazeiro tem 573 casos ativos do novo coronav\u00edrus. N\u00e3o houve registro de \u00f3bito. O munic\u00edpio permanece com 460 mortes provocadas por complica\u00e7\u00f5es da Covid-19. Testes Foram realizados desde o in\u00edcio da pandemia 52.802 testes r\u00e1pidos pela prefeitura e 8.358 pelo Lacen, em Salvador. Ocupa\u00e7\u00e3o de leitos Na rede hospitalar, o percentual de ocupa\u00e7\u00e3o dos leitos de UTI para Juazeiro na rede PEBA (hospitais&hellip; <\/p>\n","protected":false},"author":2,"featured_media":302304,"comment_status":"open","ping_status":"open","sticky":false,"template":"","format":"standard","meta":{"_acf_changed":false,"footnotes":""},"categories":[43],"tags":[],"class_list":["post-307670","post","type-post","status-publish","format-standard","has-post-thumbnail","hentry","category-sem-categoria"],"acf":[],"yoast_head":"<!-- This site is optimized with the Yoast SEO plugin v27.5 - https:\/\/yoast.com\/product\/yoast-seo-wordpress\/ -->\n<title>Covid-19: Juazeiro n\u00e3o registra \u00f3bito no boletim epidemiol\u00f3gico desta quarta-feira - Blog do Farn\u00e9sio<\/title>\n<meta name=\"robots\" content=\"index, follow, max-snippet:-1, max-image-preview:large, max-video-preview:-1\" \/>\n<link rel=\"canonical\" href=\"https:\/\/blogdofarnesio.com.br\/2022\/03\/covid-19-juazeiro-nao-registra-obito-no-boletim-epidemiologico-desta-quarta-feira\/\" \/>\n<meta property=\"og:locale\" content=\"pt_BR\" \/>\n<meta property=\"og:type\" content=\"article\" \/>\n<meta property=\"og:title\" content=\"Covid-19: Juazeiro n\u00e3o registra \u00f3bito no boletim epidemiol\u00f3gico desta quarta-feira - Blog do Farn\u00e9sio\" \/>\n<meta property=\"og:description\" content=\"Juazeiro n\u00e3o registrou \u00f3bito por complica\u00e7\u00f5es da Covid-19 nesta quarta-feira (02). A informa\u00e7\u00e3o est\u00e1 no boletim epidemiol\u00f3gico da Secretaria Municipal de Sa\u00fade (Sesau). Foram confirmados 17 novos casos da doen\u00e7a. De acordo com o levantamento, 24.508 moradores foram infectados desde o in\u00edcio da pandemia na cidade, dos quais 23.475 j\u00e1 est\u00e3o recuperados. Os casos descartados somam 37.315. Juazeiro tem 573 casos ativos do novo coronav\u00edrus. N\u00e3o houve registro de \u00f3bito. O munic\u00edpio permanece com 460 mortes provocadas por complica\u00e7\u00f5es da Covid-19. Testes Foram realizados desde o in\u00edcio da pandemia 52.802 testes r\u00e1pidos pela prefeitura e 8.358 pelo Lacen, em Salvador. Ocupa\u00e7\u00e3o de leitos Na rede hospitalar, o percentual de ocupa\u00e7\u00e3o dos leitos de UTI para Juazeiro na rede PEBA (hospitais&hellip;\" \/>\n<meta property=\"og:url\" content=\"https:\/\/blogdofarnesio.com.br\/2022\/03\/covid-19-juazeiro-nao-registra-obito-no-boletim-epidemiologico-desta-quarta-feira\/\" \/>\n<meta property=\"og:site_name\" content=\"Blog do Farn\u00e9sio\" \/>\n<meta property=\"article:publisher\" content=\"https:\/\/www.facebook.com\/BlogQuerSaberPolitica\/\" \/>\n<meta property=\"article:author\" content=\"https:\/\/www.facebook.com\/?ref=tn_tnmn\" \/>\n<meta property=\"article:published_time\" content=\"2022-03-02T20:14:39+00:00\" \/>\n<meta property=\"og:image\" content=\"https:\/\/blogdofarnesio.com.br\/wp-content\/uploads\/2021\/12\/blogqspcoronavirus-omicron.jpg\" \/>\n\t<meta property=\"og:image:width\" content=\"380\" \/>\n\t<meta property=\"og:image:height\" content=\"280\" \/>\n\t<meta property=\"og:image:type\" content=\"image\/jpeg\" \/>\n<meta name=\"author\" content=\"Farn\u00e9sio\" \/>\n<meta name=\"twitter:card\" content=\"summary_large_image\" \/>\n<meta name=\"twitter:label1\" content=\"Escrito por\" \/>\n\t<meta name=\"twitter:data1\" content=\"Farn\u00e9sio\" \/>\n\t<meta name=\"twitter:label2\" content=\"Est. tempo de leitura\" \/>\n\t<meta name=\"twitter:data2\" content=\"1 minuto\" \/>\n<script type=\"application\/ld+json\" class=\"yoast-schema-graph\">{\"@context\":\"https:\\\/\\\/schema.org\",\"@graph\":[{\"@type\":\"Article\",\"@id\":\"https:\\\/\\\/blogdofarnesio.com.br\\\/2022\\\/03\\\/covid-19-juazeiro-nao-registra-obito-no-boletim-epidemiologico-desta-quarta-feira\\\/#article\",\"isPartOf\":{\"@id\":\"https:\\\/\\\/blogdofarnesio.com.br\\\/2022\\\/03\\\/covid-19-juazeiro-nao-registra-obito-no-boletim-epidemiologico-desta-quarta-feira\\\/\"},\"author\":{\"name\":\"Farn\u00e9sio\",\"@id\":\"https:\\\/\\\/blogdofarnesio.com.br\\\/#\\\/schema\\\/person\\\/bb9b23ae3ad0609ce8df7b6c9e76824d\"},\"headline\":\"Covid-19: Juazeiro n\u00e3o registra \u00f3bito no boletim epidemiol\u00f3gico desta quarta-feira\",\"datePublished\":\"2022-03-02T20:14:39+00:00\",\"mainEntityOfPage\":{\"@id\":\"https:\\\/\\\/blogdofarnesio.com.br\\\/2022\\\/03\\\/covid-19-juazeiro-nao-registra-obito-no-boletim-epidemiologico-desta-quarta-feira\\\/\"},\"wordCount\":171,\"commentCount\":0,\"publisher\":{\"@id\":\"https:\\\/\\\/blogdofarnesio.com.br\\\/#organization\"},\"image\":{\"@id\":\"https:\\\/\\\/blogdofarnesio.com.br\\\/2022\\\/03\\\/covid-19-juazeiro-nao-registra-obito-no-boletim-epidemiologico-desta-quarta-feira\\\/#primaryimage\"},\"thumbnailUrl\":\"https:\\\/\\\/blogdofarnesio.com.br\\\/wp-content\\\/uploads\\\/2021\\\/12\\\/blogqspcoronavirus-omicron.jpg\",\"inLanguage\":\"pt-BR\",\"potentialAction\":[{\"@type\":\"CommentAction\",\"name\":\"Comment\",\"target\":[\"https:\\\/\\\/blogdofarnesio.com.br\\\/2022\\\/03\\\/covid-19-juazeiro-nao-registra-obito-no-boletim-epidemiologico-desta-quarta-feira\\\/#respond\"]}]},{\"@type\":\"WebPage\",\"@id\":\"https:\\\/\\\/blogdofarnesio.com.br\\\/2022\\\/03\\\/covid-19-juazeiro-nao-registra-obito-no-boletim-epidemiologico-desta-quarta-feira\\\/\",\"url\":\"https:\\\/\\\/blogdofarnesio.com.br\\\/2022\\\/03\\\/covid-19-juazeiro-nao-registra-obito-no-boletim-epidemiologico-desta-quarta-feira\\\/\",\"name\":\"Covid-19: Juazeiro n\u00e3o registra \u00f3bito no boletim epidemiol\u00f3gico desta quarta-feira - Blog do Farn\u00e9sio\",\"isPartOf\":{\"@id\":\"https:\\\/\\\/blogdofarnesio.com.br\\\/#website\"},\"primaryImageOfPage\":{\"@id\":\"https:\\\/\\\/blogdofarnesio.com.br\\\/2022\\\/03\\\/covid-19-juazeiro-nao-registra-obito-no-boletim-epidemiologico-desta-quarta-feira\\\/#primaryimage\"},\"image\":{\"@id\":\"https:\\\/\\\/blogdofarnesio.com.br\\\/2022\\\/03\\\/covid-19-juazeiro-nao-registra-obito-no-boletim-epidemiologico-desta-quarta-feira\\\/#primaryimage\"},\"thumbnailUrl\":\"https:\\\/\\\/blogdofarnesio.com.br\\\/wp-content\\\/uploads\\\/2021\\\/12\\\/blogqspcoronavirus-omicron.jpg\",\"datePublished\":\"2022-03-02T20:14:39+00:00\",\"breadcrumb\":{\"@id\":\"https:\\\/\\\/blogdofarnesio.com.br\\\/2022\\\/03\\\/covid-19-juazeiro-nao-registra-obito-no-boletim-epidemiologico-desta-quarta-feira\\\/#breadcrumb\"},\"inLanguage\":\"pt-BR\",\"potentialAction\":[{\"@type\":\"ReadAction\",\"target\":[\"https:\\\/\\\/blogdofarnesio.com.br\\\/2022\\\/03\\\/covid-19-juazeiro-nao-registra-obito-no-boletim-epidemiologico-desta-quarta-feira\\\/\"]}]},{\"@type\":\"ImageObject\",\"inLanguage\":\"pt-BR\",\"@id\":\"https:\\\/\\\/blogdofarnesio.com.br\\\/2022\\\/03\\\/covid-19-juazeiro-nao-registra-obito-no-boletim-epidemiologico-desta-quarta-feira\\\/#primaryimage\",\"url\":\"https:\\\/\\\/blogdofarnesio.com.br\\\/wp-content\\\/uploads\\\/2021\\\/12\\\/blogqspcoronavirus-omicron.jpg\",\"contentUrl\":\"https:\\\/\\\/blogdofarnesio.com.br\\\/wp-content\\\/uploads\\\/2021\\\/12\\\/blogqspcoronavirus-omicron.jpg\",\"width\":380,\"height\":280,\"caption\":\"Foto: Pixabay\"},{\"@type\":\"BreadcrumbList\",\"@id\":\"https:\\\/\\\/blogdofarnesio.com.br\\\/2022\\\/03\\\/covid-19-juazeiro-nao-registra-obito-no-boletim-epidemiologico-desta-quarta-feira\\\/#breadcrumb\",\"itemListElement\":[{\"@type\":\"ListItem\",\"position\":1,\"name\":\"In\u00edcio\",\"item\":\"https:\\\/\\\/blogdofarnesio.com.br\\\/\"},{\"@type\":\"ListItem\",\"position\":2,\"name\":\"Covid-19: Juazeiro n\u00e3o registra \u00f3bito no boletim epidemiol\u00f3gico desta quarta-feira\"}]},{\"@type\":\"WebSite\",\"@id\":\"https:\\\/\\\/blogdofarnesio.com.br\\\/#website\",\"url\":\"https:\\\/\\\/blogdofarnesio.com.br\\\/\",\"name\":\"Blog do Farn\u00e9sio\",\"description\":\"Quer Saber Pol\u00edtica?\",\"publisher\":{\"@id\":\"https:\\\/\\\/blogdofarnesio.com.br\\\/#organization\"},\"potentialAction\":[{\"@type\":\"SearchAction\",\"target\":{\"@type\":\"EntryPoint\",\"urlTemplate\":\"https:\\\/\\\/blogdofarnesio.com.br\\\/?s={search_term_string}\"},\"query-input\":{\"@type\":\"PropertyValueSpecification\",\"valueRequired\":true,\"valueName\":\"search_term_string\"}}],\"inLanguage\":\"pt-BR\"},{\"@type\":\"Organization\",\"@id\":\"https:\\\/\\\/blogdofarnesio.com.br\\\/#organization\",\"name\":\"Blog do Farn\u00e9sio\",\"url\":\"https:\\\/\\\/blogdofarnesio.com.br\\\/\",\"logo\":{\"@type\":\"ImageObject\",\"inLanguage\":\"pt-BR\",\"@id\":\"https:\\\/\\\/blogdofarnesio.com.br\\\/#\\\/schema\\\/logo\\\/image\\\/\",\"url\":\"https:\\\/\\\/blogdofarnesio.com.br\\\/wp-content\\\/uploads\\\/2026\\\/03\\\/cropped-logo_new-1.png\",\"contentUrl\":\"https:\\\/\\\/blogdofarnesio.com.br\\\/wp-content\\\/uploads\\\/2026\\\/03\\\/cropped-logo_new-1.png\",\"width\":881,\"height\":685,\"caption\":\"Blog do Farn\u00e9sio\"},\"image\":{\"@id\":\"https:\\\/\\\/blogdofarnesio.com.br\\\/#\\\/schema\\\/logo\\\/image\\\/\"},\"sameAs\":[\"https:\\\/\\\/www.facebook.com\\\/BlogQuerSaberPolitica\\\/\"]},{\"@type\":\"Person\",\"@id\":\"https:\\\/\\\/blogdofarnesio.com.br\\\/#\\\/schema\\\/person\\\/bb9b23ae3ad0609ce8df7b6c9e76824d\",\"name\":\"Farn\u00e9sio\",\"image\":{\"@type\":\"ImageObject\",\"inLanguage\":\"pt-BR\",\"@id\":\"https:\\\/\\\/secure.gravatar.com\\\/avatar\\\/986aa4c61ccdb66f8555bf88fc2a65609d00bcabd4d2d94377a727547345cbca?s=96&d=mm&r=g\",\"url\":\"https:\\\/\\\/secure.gravatar.com\\\/avatar\\\/986aa4c61ccdb66f8555bf88fc2a65609d00bcabd4d2d94377a727547345cbca?s=96&d=mm&r=g\",\"contentUrl\":\"https:\\\/\\\/secure.gravatar.com\\\/avatar\\\/986aa4c61ccdb66f8555bf88fc2a65609d00bcabd4d2d94377a727547345cbca?s=96&d=mm&r=g\",\"caption\":\"Farn\u00e9sio\"},\"description\":\"Radialista blogueiro, chegou a Petrolina\\\/Juazeiro em setembro de 1980, Farn\u00e9sio Silva \u00e9 de Arapiraca-Alagoas.\",\"sameAs\":[\"http:\\\/\\\/blogdofarnesio.com.br\",\"https:\\\/\\\/www.facebook.com\\\/?ref=tn_tnmn\",\"https:\\\/\\\/www.instagram.com\\\/?utm_source=pwa_homescreen\",\"https:\\\/\\\/youtube.com.br\\\/\"],\"url\":\"https:\\\/\\\/blogdofarnesio.com.br\\\/author\\\/farnesio-2\\\/\"}]}<\/script>\n<!-- \/ Yoast SEO plugin. -->","yoast_head_json":{"title":"Covid-19: Juazeiro n\u00e3o registra \u00f3bito no boletim epidemiol\u00f3gico desta quarta-feira - Blog do Farn\u00e9sio","robots":{"index":"index","follow":"follow","max-snippet":"max-snippet:-1","max-image-preview":"max-image-preview:large","max-video-preview":"max-video-preview:-1"},"canonical":"https:\/\/blogdofarnesio.com.br\/2022\/03\/covid-19-juazeiro-nao-registra-obito-no-boletim-epidemiologico-desta-quarta-feira\/","og_locale":"pt_BR","og_type":"article","og_title":"Covid-19: Juazeiro n\u00e3o registra \u00f3bito no boletim epidemiol\u00f3gico desta quarta-feira - Blog do Farn\u00e9sio","og_description":"Juazeiro n\u00e3o registrou \u00f3bito por complica\u00e7\u00f5es da Covid-19 nesta quarta-feira (02). A informa\u00e7\u00e3o est\u00e1 no boletim epidemiol\u00f3gico da Secretaria Municipal de Sa\u00fade (Sesau). Foram confirmados 17 novos casos da doen\u00e7a. De acordo com o levantamento, 24.508 moradores foram infectados desde o in\u00edcio da pandemia na cidade, dos quais 23.475 j\u00e1 est\u00e3o recuperados. Os casos descartados somam 37.315. Juazeiro tem 573 casos ativos do novo coronav\u00edrus. N\u00e3o houve registro de \u00f3bito. O munic\u00edpio permanece com 460 mortes provocadas por complica\u00e7\u00f5es da Covid-19. Testes Foram realizados desde o in\u00edcio da pandemia 52.802 testes r\u00e1pidos pela prefeitura e 8.358 pelo Lacen, em Salvador. Ocupa\u00e7\u00e3o de leitos Na rede hospitalar, o percentual de ocupa\u00e7\u00e3o dos leitos de UTI para Juazeiro na rede PEBA (hospitais&hellip;","og_url":"https:\/\/blogdofarnesio.com.br\/2022\/03\/covid-19-juazeiro-nao-registra-obito-no-boletim-epidemiologico-desta-quarta-feira\/","og_site_name":"Blog do Farn\u00e9sio","article_publisher":"https:\/\/www.facebook.com\/BlogQuerSaberPolitica\/","article_author":"https:\/\/www.facebook.com\/?ref=tn_tnmn","article_published_time":"2022-03-02T20:14:39+00:00","og_image":[{"width":380,"height":280,"url":"https:\/\/blogdofarnesio.com.br\/wp-content\/uploads\/2021\/12\/blogqspcoronavirus-omicron.jpg","type":"image\/jpeg"}],"author":"Farn\u00e9sio","twitter_card":"summary_large_image","twitter_misc":{"Escrito por":"Farn\u00e9sio","Est. tempo de leitura":"1 minuto"},"schema":{"@context":"https:\/\/schema.org","@graph":[{"@type":"Article","@id":"https:\/\/blogdofarnesio.com.br\/2022\/03\/covid-19-juazeiro-nao-registra-obito-no-boletim-epidemiologico-desta-quarta-feira\/#article","isPartOf":{"@id":"https:\/\/blogdofarnesio.com.br\/2022\/03\/covid-19-juazeiro-nao-registra-obito-no-boletim-epidemiologico-desta-quarta-feira\/"},"author":{"name":"Farn\u00e9sio","@id":"https:\/\/blogdofarnesio.com.br\/#\/schema\/person\/bb9b23ae3ad0609ce8df7b6c9e76824d"},"headline":"Covid-19: Juazeiro n\u00e3o registra \u00f3bito no boletim epidemiol\u00f3gico desta quarta-feira","datePublished":"2022-03-02T20:14:39+00:00","mainEntityOfPage":{"@id":"https:\/\/blogdofarnesio.com.br\/2022\/03\/covid-19-juazeiro-nao-registra-obito-no-boletim-epidemiologico-desta-quarta-feira\/"},"wordCount":171,"commentCount":0,"publisher":{"@id":"https:\/\/blogdofarnesio.com.br\/#organization"},"image":{"@id":"https:\/\/blogdofarnesio.com.br\/2022\/03\/covid-19-juazeiro-nao-registra-obito-no-boletim-epidemiologico-desta-quarta-feira\/#primaryimage"},"thumbnailUrl":"https:\/\/blogdofarnesio.com.br\/wp-content\/uploads\/2021\/12\/blogqspcoronavirus-omicron.jpg","inLanguage":"pt-BR","potentialAction":[{"@type":"CommentAction","name":"Comment","target":["https:\/\/blogdofarnesio.com.br\/2022\/03\/covid-19-juazeiro-nao-registra-obito-no-boletim-epidemiologico-desta-quarta-feira\/#respond"]}]},{"@type":"WebPage","@id":"https:\/\/blogdofarnesio.com.br\/2022\/03\/covid-19-juazeiro-nao-registra-obito-no-boletim-epidemiologico-desta-quarta-feira\/","url":"https:\/\/blogdofarnesio.com.br\/2022\/03\/covid-19-juazeiro-nao-registra-obito-no-boletim-epidemiologico-desta-quarta-feira\/","name":"Covid-19: Juazeiro n\u00e3o registra \u00f3bito no boletim epidemiol\u00f3gico desta quarta-feira - Blog do Farn\u00e9sio","isPartOf":{"@id":"https:\/\/blogdofarnesio.com.br\/#website"},"primaryImageOfPage":{"@id":"https:\/\/blogdofarnesio.com.br\/2022\/03\/covid-19-juazeiro-nao-registra-obito-no-boletim-epidemiologico-desta-quarta-feira\/#primaryimage"},"image":{"@id":"https:\/\/blogdofarnesio.com.br\/2022\/03\/covid-19-juazeiro-nao-registra-obito-no-boletim-epidemiologico-desta-quarta-feira\/#primaryimage"},"thumbnailUrl":"https:\/\/blogdofarnesio.com.br\/wp-content\/uploads\/2021\/12\/blogqspcoronavirus-omicron.jpg","datePublished":"2022-03-02T20:14:39+00:00","breadcrumb":{"@id":"https:\/\/blogdofarnesio.com.br\/2022\/03\/covid-19-juazeiro-nao-registra-obito-no-boletim-epidemiologico-desta-quarta-feira\/#breadcrumb"},"inLanguage":"pt-BR","potentialAction":[{"@type":"ReadAction","target":["https:\/\/blogdofarnesio.com.br\/2022\/03\/covid-19-juazeiro-nao-registra-obito-no-boletim-epidemiologico-desta-quarta-feira\/"]}]},{"@type":"ImageObject","inLanguage":"pt-BR","@id":"https:\/\/blogdofarnesio.com.br\/2022\/03\/covid-19-juazeiro-nao-registra-obito-no-boletim-epidemiologico-desta-quarta-feira\/#primaryimage","url":"https:\/\/blogdofarnesio.com.br\/wp-content\/uploads\/2021\/12\/blogqspcoronavirus-omicron.jpg","contentUrl":"https:\/\/blogdofarnesio.com.br\/wp-content\/uploads\/2021\/12\/blogqspcoronavirus-omicron.jpg","width":380,"height":280,"caption":"Foto: Pixabay"},{"@type":"BreadcrumbList","@id":"https:\/\/blogdofarnesio.com.br\/2022\/03\/covid-19-juazeiro-nao-registra-obito-no-boletim-epidemiologico-desta-quarta-feira\/#breadcrumb","itemListElement":[{"@type":"ListItem","position":1,"name":"In\u00edcio","item":"https:\/\/blogdofarnesio.com.br\/"},{"@type":"ListItem","position":2,"name":"Covid-19: Juazeiro n\u00e3o registra \u00f3bito no boletim epidemiol\u00f3gico desta quarta-feira"}]},{"@type":"WebSite","@id":"https:\/\/blogdofarnesio.com.br\/#website","url":"https:\/\/blogdofarnesio.com.br\/","name":"Blog do Farn\u00e9sio","description":"Quer Saber Pol\u00edtica?","publisher":{"@id":"https:\/\/blogdofarnesio.com.br\/#organization"},"potentialAction":[{"@type":"SearchAction","target":{"@type":"EntryPoint","urlTemplate":"https:\/\/blogdofarnesio.com.br\/?s={search_term_string}"},"query-input":{"@type":"PropertyValueSpecification","valueRequired":true,"valueName":"search_term_string"}}],"inLanguage":"pt-BR"},{"@type":"Organization","@id":"https:\/\/blogdofarnesio.com.br\/#organization","name":"Blog do Farn\u00e9sio","url":"https:\/\/blogdofarnesio.com.br\/","logo":{"@type":"ImageObject","inLanguage":"pt-BR","@id":"https:\/\/blogdofarnesio.com.br\/#\/schema\/logo\/image\/","url":"https:\/\/blogdofarnesio.com.br\/wp-content\/uploads\/2026\/03\/cropped-logo_new-1.png","contentUrl":"https:\/\/blogdofarnesio.com.br\/wp-content\/uploads\/2026\/03\/cropped-logo_new-1.png","width":881,"height":685,"caption":"Blog do Farn\u00e9sio"},"image":{"@id":"https:\/\/blogdofarnesio.com.br\/#\/schema\/logo\/image\/"},"sameAs":["https:\/\/www.facebook.com\/BlogQuerSaberPolitica\/"]},{"@type":"Person","@id":"https:\/\/blogdofarnesio.com.br\/#\/schema\/person\/bb9b23ae3ad0609ce8df7b6c9e76824d","name":"Farn\u00e9sio","image":{"@type":"ImageObject","inLanguage":"pt-BR","@id":"https:\/\/secure.gravatar.com\/avatar\/986aa4c61ccdb66f8555bf88fc2a65609d00bcabd4d2d94377a727547345cbca?s=96&d=mm&r=g","url":"https:\/\/secure.gravatar.com\/avatar\/986aa4c61ccdb66f8555bf88fc2a65609d00bcabd4d2d94377a727547345cbca?s=96&d=mm&r=g","contentUrl":"https:\/\/secure.gravatar.com\/avatar\/986aa4c61ccdb66f8555bf88fc2a65609d00bcabd4d2d94377a727547345cbca?s=96&d=mm&r=g","caption":"Farn\u00e9sio"},"description":"Radialista blogueiro, chegou a Petrolina\/Juazeiro em setembro de 1980, Farn\u00e9sio Silva \u00e9 de Arapiraca-Alagoas.","sameAs":["http:\/\/blogdofarnesio.com.br","https:\/\/www.facebook.com\/?ref=tn_tnmn","https:\/\/www.instagram.com\/?utm_source=pwa_homescreen","https:\/\/youtube.com.br\/"],"url":"https:\/\/blogdofarnesio.com.br\/author\/farnesio-2\/"}]}},"_links":{"self":[{"href":"https:\/\/blogdofarnesio.com.br\/wp-json\/wp\/v2\/posts\/307670","targetHints":{"allow":["GET"]}}],"collection":[{"href":"https:\/\/blogdofarnesio.com.br\/wp-json\/wp\/v2\/posts"}],"about":[{"href":"https:\/\/blogdofarnesio.com.br\/wp-json\/wp\/v2\/types\/post"}],"author":[{"embeddable":true,"href":"https:\/\/blogdofarnesio.com.br\/wp-json\/wp\/v2\/users\/2"}],"replies":[{"embeddable":true,"href":"https:\/\/blogdofarnesio.com.br\/wp-json\/wp\/v2\/comments?post=307670"}],"version-history":[{"count":0,"href":"https:\/\/blogdofarnesio.com.br\/wp-json\/wp\/v2\/posts\/307670\/revisions"}],"wp:featuredmedia":[{"embeddable":true,"href":"https:\/\/blogdofarnesio.com.br\/wp-json\/wp\/v2\/media\/302304"}],"wp:attachment":[{"href":"https:\/\/blogdofarnesio.com.br\/wp-json\/wp\/v2\/media?parent=307670"}],"wp:term":[{"taxonomy":"category","embeddable":true,"href":"https:\/\/blogdofarnesio.com.br\/wp-json\/wp\/v2\/categories?post=307670"},{"taxonomy":"post_tag","embeddable":true,"href":"https:\/\/blogdofarnesio.com.br\/wp-json\/wp\/v2\/tags?post=307670"}],"curies":[{"name":"wp","href":"https:\/\/api.w.org\/{rel}","templated":true}]}}