{"id":307288,"date":"2022-02-25T14:00:20","date_gmt":"2022-02-25T17:00:20","guid":{"rendered":"https:\/\/blogdofarnesio.com.br\/?p=307288"},"modified":"2022-02-25T12:11:08","modified_gmt":"2022-02-25T15:11:08","slug":"eleicoes-2022-ba-encontro-sela-acordo-para-otto-e-rui-candidatos-mas-anuncio-sera-apos-carnaval","status":"publish","type":"post","link":"https:\/\/blogdofarnesio.com.br\/?p=307288","title":{"rendered":"Elei\u00e7\u00f5es 2022 BA: Encontro sela acordo para Otto e Rui candidatos, mas an\u00fancio ser\u00e1 ap\u00f3s Carnaval"},"content":{"rendered":"<div class=\"box-title\">\n<p>Fernando Duarte\/BN &#8211;<\/p>\n<\/div>\n<div class=\"box-body\" data-io-article-url=\"https:\/\/www.bahianoticias.com.br\/\">\n<div class=\"text-descricao\">\n<p>Um encontro entre o governador Rui Costa (PT) e os senadores Jaques Wagner (PT), Otto Alencar e Angelo Coronel, ambos do PSD, selou o entendimento para a disputa majorit\u00e1ria de 2022 por esse grupo pol\u00edtico. Conforme sinaliza\u00e7\u00f5es pr\u00e9vias dadas ao Bahia Not\u00edcias, Rui decidiu ser candidato ao Senado e provocou uma rearruma\u00e7\u00e3o das for\u00e7as, ocasionando a substitui\u00e7\u00e3o de Wagner por Otto na disputa pelo governo da Bahia (<a href=\"https:\/\/www.bahianoticias.com.br\/noticia\/266434-otto-sera-candidato-ao-governo-e-rui-ao-senado-wagner-coordena-campanha-de-lula.html\" target=\"_blank\" rel=\"noopener\">veja aqui<\/a>). A reuni\u00e3o aconteceu na noite desta quinta-feira (24) no Pal\u00e1cio de Ondina e sacramentou o acordo j\u00e1 vocalizado \u00e0s bases de PT e PSD, dois dos principais envolvidos na costura.<\/p>\n<p>A defini\u00e7\u00e3o, entretanto, deve ser negada pelos presentes at\u00e9 que Otto converse com todos os partidos que atualmente comp\u00f5em a base aliada de Rui &#8211; o senador, que era candidato \u00e0 reelei\u00e7\u00e3o, espera que se construa uma unidade do grupo antes de ser formalmente apresentado na condi\u00e7\u00e3o de candidato \u00e0 sucess\u00e3o de Rui. Esse seria, inclusive, um dos pontos mais delicados, j\u00e1 que Otto permaneceu reticente em &#8220;ir para o sacrif\u00edcio&#8221; em uma disputa que promete ser acirrada.<\/p>\n<p>A estrat\u00e9gia coincide com o tempo para o retorno do ex-presidente Luiz In\u00e1cio Lula da Silva, que est\u00e1 com agenda no M\u00e9xico nos pr\u00f3ximos dias e volta \u00e0s atividades pol\u00edtico-partid\u00e1rias ap\u00f3s o Carnaval. H\u00e1 um acordo para que o an\u00fancio seja feito com pompas, na presen\u00e7a de Lula na Bahia. A data ainda n\u00e3o est\u00e1 definida.<\/p>\n<p>O ex-presidente acompanhou as negocia\u00e7\u00f5es e n\u00e3o apenas deu o aval para o acordo como &#8220;puxou&#8221; Wagner para atuar na coordena\u00e7\u00e3o de campanha dele \u00e0 presid\u00eancia da Rep\u00fablica. Agora, Lula deve entrar no circuito para reabrir o di\u00e1logo com o presidente nacional do PSD, Gilberto Kassab, que chegou a tratar uma virtual candidatura de Otto ao governo como &#8220;puni\u00e7\u00e3o&#8221;.<\/p>\n<p>VICE<br \/>\nA vaga de vice-governador na chapa \u00e9 a \u00fanica indefini\u00e7\u00e3o. O PP, que vai herdar um mandato tamp\u00e3o de 9 meses com Jo\u00e3o Le\u00e3o, teria a prefer\u00eancia na composi\u00e7\u00e3o e nomes como Ronaldo Carletto e Roberto Muniz estariam entre os mais cotados na bolsa de apostas. Na c\u00fapula das decis\u00f5es, essa reserva estaria pacificada, por\u00e9m o desenrolar das negocia\u00e7\u00f5es envolvendo a executiva nacional da legenda pode ser uma pedra no sapato.<\/p>\n<p>O presidente licenciado da sigla, ministro Ciro Nogueira, ainda estaria tentando costurar uma ades\u00e3o de Le\u00e3o e companhia ao projeto pol\u00edtico de ACM Neto. Tal posicionamento deixou partidos mais \u00e0 esquerda reticentes, o que explica o esfor\u00e7o desse agrupamento para manter Wagner como candidato ao governo e Rui no posto de governador at\u00e9 31 de dezembro.<\/p>\n<p>&nbsp;<\/p>\n<p>Contudo, o tema j\u00e1 teria tido o aval das principais lideran\u00e7as envolvidas nas conversas, que agora tentar\u00e3o convencer os aliados de que n\u00e3o haver\u00e1 entraves para a configura\u00e7\u00e3o da chapa proposta.<\/p>\n<\/div>\n<\/div>\n","protected":false},"excerpt":{"rendered":"<p>Fernando Duarte\/BN &#8211; Um encontro entre o governador Rui Costa (PT) e os senadores Jaques Wagner (PT), Otto Alencar e Angelo Coronel, ambos do PSD, selou o entendimento para a disputa majorit\u00e1ria de 2022 por esse grupo pol\u00edtico. Conforme sinaliza\u00e7\u00f5es pr\u00e9vias dadas ao Bahia Not\u00edcias, Rui decidiu ser candidato ao Senado e provocou uma rearruma\u00e7\u00e3o das for\u00e7as, ocasionando a substitui\u00e7\u00e3o de Wagner por Otto na disputa pelo governo da Bahia (veja aqui). A reuni\u00e3o aconteceu na noite desta quinta-feira (24) no Pal\u00e1cio de Ondina e sacramentou o acordo j\u00e1 vocalizado \u00e0s bases de PT e PSD, dois dos principais envolvidos na costura. A defini\u00e7\u00e3o, entretanto, deve ser negada pelos presentes at\u00e9 que Otto converse com todos os partidos que atualmente&hellip; <\/p>\n","protected":false},"author":2,"featured_media":307289,"comment_status":"open","ping_status":"open","sticky":false,"template":"","format":"standard","meta":{"_acf_changed":false,"footnotes":""},"categories":[43],"tags":[],"class_list":["post-307288","post","type-post","status-publish","format-standard","has-post-thumbnail","hentry","category-sem-categoria"],"acf":[],"yoast_head":"<!-- This site is optimized with the Yoast SEO plugin v27.4 - https:\/\/yoast.com\/product\/yoast-seo-wordpress\/ -->\n<title>Elei\u00e7\u00f5es 2022 BA: Encontro sela acordo para Otto e Rui candidatos, mas an\u00fancio ser\u00e1 ap\u00f3s Carnaval - Blog do Farn\u00e9sio<\/title>\n<meta name=\"robots\" content=\"index, follow, max-snippet:-1, max-image-preview:large, max-video-preview:-1\" \/>\n<link rel=\"canonical\" href=\"https:\/\/blogdofarnesio.com.br\/?p=307288\" \/>\n<meta property=\"og:locale\" content=\"pt_BR\" \/>\n<meta property=\"og:type\" content=\"article\" \/>\n<meta property=\"og:title\" content=\"Elei\u00e7\u00f5es 2022 BA: Encontro sela acordo para Otto e Rui candidatos, mas an\u00fancio ser\u00e1 ap\u00f3s Carnaval - Blog do Farn\u00e9sio\" \/>\n<meta property=\"og:description\" content=\"Fernando Duarte\/BN &#8211; Um encontro entre o governador Rui Costa (PT) e os senadores Jaques Wagner (PT), Otto Alencar e Angelo Coronel, ambos do PSD, selou o entendimento para a disputa majorit\u00e1ria de 2022 por esse grupo pol\u00edtico. Conforme sinaliza\u00e7\u00f5es pr\u00e9vias dadas ao Bahia Not\u00edcias, Rui decidiu ser candidato ao Senado e provocou uma rearruma\u00e7\u00e3o das for\u00e7as, ocasionando a substitui\u00e7\u00e3o de Wagner por Otto na disputa pelo governo da Bahia (veja aqui). A reuni\u00e3o aconteceu na noite desta quinta-feira (24) no Pal\u00e1cio de Ondina e sacramentou o acordo j\u00e1 vocalizado \u00e0s bases de PT e PSD, dois dos principais envolvidos na costura. A defini\u00e7\u00e3o, entretanto, deve ser negada pelos presentes at\u00e9 que Otto converse com todos os partidos que atualmente&hellip;\" \/>\n<meta property=\"og:url\" content=\"https:\/\/blogdofarnesio.com.br\/?p=307288\" \/>\n<meta property=\"og:site_name\" content=\"Blog do Farn\u00e9sio\" \/>\n<meta property=\"article:publisher\" content=\"https:\/\/www.facebook.com\/BlogQuerSaberPolitica\/\" \/>\n<meta property=\"article:author\" content=\"https:\/\/www.facebook.com\/?ref=tn_tnmn\" \/>\n<meta property=\"article:published_time\" content=\"2022-02-25T17:00:20+00:00\" \/>\n<meta property=\"og:image\" content=\"https:\/\/blogdofarnesio.com.br\/wp-content\/uploads\/2022\/02\/blogqsprui-otto.jpg\" \/>\n\t<meta property=\"og:image:width\" content=\"380\" \/>\n\t<meta property=\"og:image:height\" content=\"280\" \/>\n\t<meta property=\"og:image:type\" content=\"image\/jpeg\" \/>\n<meta name=\"author\" content=\"Farn\u00e9sio\" \/>\n<meta name=\"twitter:card\" content=\"summary_large_image\" \/>\n<meta name=\"twitter:label1\" content=\"Escrito por\" \/>\n\t<meta name=\"twitter:data1\" content=\"Farn\u00e9sio\" \/>\n\t<meta name=\"twitter:label2\" content=\"Est. tempo de leitura\" \/>\n\t<meta name=\"twitter:data2\" content=\"3 minutos\" \/>\n<script type=\"application\/ld+json\" class=\"yoast-schema-graph\">{\"@context\":\"https:\\\/\\\/schema.org\",\"@graph\":[{\"@type\":\"Article\",\"@id\":\"https:\\\/\\\/blogdofarnesio.com.br\\\/?p=307288#article\",\"isPartOf\":{\"@id\":\"https:\\\/\\\/blogdofarnesio.com.br\\\/?p=307288\"},\"author\":{\"name\":\"Farn\u00e9sio\",\"@id\":\"https:\\\/\\\/blogdofarnesio.com.br\\\/#\\\/schema\\\/person\\\/bb9b23ae3ad0609ce8df7b6c9e76824d\"},\"headline\":\"Elei\u00e7\u00f5es 2022 BA: Encontro sela acordo para Otto e Rui candidatos, mas an\u00fancio ser\u00e1 ap\u00f3s Carnaval\",\"datePublished\":\"2022-02-25T17:00:20+00:00\",\"mainEntityOfPage\":{\"@id\":\"https:\\\/\\\/blogdofarnesio.com.br\\\/?p=307288\"},\"wordCount\":516,\"commentCount\":0,\"publisher\":{\"@id\":\"https:\\\/\\\/blogdofarnesio.com.br\\\/#organization\"},\"image\":{\"@id\":\"https:\\\/\\\/blogdofarnesio.com.br\\\/?p=307288#primaryimage\"},\"thumbnailUrl\":\"https:\\\/\\\/blogdofarnesio.com.br\\\/wp-content\\\/uploads\\\/2022\\\/02\\\/blogqsprui-otto.jpg\",\"inLanguage\":\"pt-BR\",\"potentialAction\":[{\"@type\":\"CommentAction\",\"name\":\"Comment\",\"target\":[\"https:\\\/\\\/blogdofarnesio.com.br\\\/?p=307288#respond\"]}]},{\"@type\":\"WebPage\",\"@id\":\"https:\\\/\\\/blogdofarnesio.com.br\\\/?p=307288\",\"url\":\"https:\\\/\\\/blogdofarnesio.com.br\\\/?p=307288\",\"name\":\"Elei\u00e7\u00f5es 2022 BA: Encontro sela acordo para Otto e Rui candidatos, mas an\u00fancio ser\u00e1 ap\u00f3s Carnaval - Blog do Farn\u00e9sio\",\"isPartOf\":{\"@id\":\"https:\\\/\\\/blogdofarnesio.com.br\\\/#website\"},\"primaryImageOfPage\":{\"@id\":\"https:\\\/\\\/blogdofarnesio.com.br\\\/?p=307288#primaryimage\"},\"image\":{\"@id\":\"https:\\\/\\\/blogdofarnesio.com.br\\\/?p=307288#primaryimage\"},\"thumbnailUrl\":\"https:\\\/\\\/blogdofarnesio.com.br\\\/wp-content\\\/uploads\\\/2022\\\/02\\\/blogqsprui-otto.jpg\",\"datePublished\":\"2022-02-25T17:00:20+00:00\",\"breadcrumb\":{\"@id\":\"https:\\\/\\\/blogdofarnesio.com.br\\\/?p=307288#breadcrumb\"},\"inLanguage\":\"pt-BR\",\"potentialAction\":[{\"@type\":\"ReadAction\",\"target\":[\"https:\\\/\\\/blogdofarnesio.com.br\\\/?p=307288\"]}]},{\"@type\":\"ImageObject\",\"inLanguage\":\"pt-BR\",\"@id\":\"https:\\\/\\\/blogdofarnesio.com.br\\\/?p=307288#primaryimage\",\"url\":\"https:\\\/\\\/blogdofarnesio.com.br\\\/wp-content\\\/uploads\\\/2022\\\/02\\\/blogqsprui-otto.jpg\",\"contentUrl\":\"https:\\\/\\\/blogdofarnesio.com.br\\\/wp-content\\\/uploads\\\/2022\\\/02\\\/blogqsprui-otto.jpg\",\"width\":380,\"height\":280,\"caption\":\"Foto: Reprodu\u00e7\u00e3o \\\/ Instagram \\\/ @ottoalencar\"},{\"@type\":\"BreadcrumbList\",\"@id\":\"https:\\\/\\\/blogdofarnesio.com.br\\\/?p=307288#breadcrumb\",\"itemListElement\":[{\"@type\":\"ListItem\",\"position\":1,\"name\":\"In\u00edcio\",\"item\":\"https:\\\/\\\/blogdofarnesio.com.br\\\/\"},{\"@type\":\"ListItem\",\"position\":2,\"name\":\"Elei\u00e7\u00f5es 2022 BA: Encontro sela acordo para Otto e Rui candidatos, mas an\u00fancio ser\u00e1 ap\u00f3s Carnaval\"}]},{\"@type\":\"WebSite\",\"@id\":\"https:\\\/\\\/blogdofarnesio.com.br\\\/#website\",\"url\":\"https:\\\/\\\/blogdofarnesio.com.br\\\/\",\"name\":\"Blog do Farn\u00e9sio\",\"description\":\"Quer Saber Pol\u00edtica?\",\"publisher\":{\"@id\":\"https:\\\/\\\/blogdofarnesio.com.br\\\/#organization\"},\"potentialAction\":[{\"@type\":\"SearchAction\",\"target\":{\"@type\":\"EntryPoint\",\"urlTemplate\":\"https:\\\/\\\/blogdofarnesio.com.br\\\/?s={search_term_string}\"},\"query-input\":{\"@type\":\"PropertyValueSpecification\",\"valueRequired\":true,\"valueName\":\"search_term_string\"}}],\"inLanguage\":\"pt-BR\"},{\"@type\":\"Organization\",\"@id\":\"https:\\\/\\\/blogdofarnesio.com.br\\\/#organization\",\"name\":\"Blog do Farn\u00e9sio\",\"url\":\"https:\\\/\\\/blogdofarnesio.com.br\\\/\",\"logo\":{\"@type\":\"ImageObject\",\"inLanguage\":\"pt-BR\",\"@id\":\"https:\\\/\\\/blogdofarnesio.com.br\\\/#\\\/schema\\\/logo\\\/image\\\/\",\"url\":\"https:\\\/\\\/blogdofarnesio.com.br\\\/wp-content\\\/uploads\\\/2026\\\/03\\\/cropped-logo_new-1.png\",\"contentUrl\":\"https:\\\/\\\/blogdofarnesio.com.br\\\/wp-content\\\/uploads\\\/2026\\\/03\\\/cropped-logo_new-1.png\",\"width\":881,\"height\":685,\"caption\":\"Blog do Farn\u00e9sio\"},\"image\":{\"@id\":\"https:\\\/\\\/blogdofarnesio.com.br\\\/#\\\/schema\\\/logo\\\/image\\\/\"},\"sameAs\":[\"https:\\\/\\\/www.facebook.com\\\/BlogQuerSaberPolitica\\\/\"]},{\"@type\":\"Person\",\"@id\":\"https:\\\/\\\/blogdofarnesio.com.br\\\/#\\\/schema\\\/person\\\/bb9b23ae3ad0609ce8df7b6c9e76824d\",\"name\":\"Farn\u00e9sio\",\"image\":{\"@type\":\"ImageObject\",\"inLanguage\":\"pt-BR\",\"@id\":\"https:\\\/\\\/secure.gravatar.com\\\/avatar\\\/986aa4c61ccdb66f8555bf88fc2a65609d00bcabd4d2d94377a727547345cbca?s=96&d=mm&r=g\",\"url\":\"https:\\\/\\\/secure.gravatar.com\\\/avatar\\\/986aa4c61ccdb66f8555bf88fc2a65609d00bcabd4d2d94377a727547345cbca?s=96&d=mm&r=g\",\"contentUrl\":\"https:\\\/\\\/secure.gravatar.com\\\/avatar\\\/986aa4c61ccdb66f8555bf88fc2a65609d00bcabd4d2d94377a727547345cbca?s=96&d=mm&r=g\",\"caption\":\"Farn\u00e9sio\"},\"description\":\"Radialista blogueiro, chegou a Petrolina\\\/Juazeiro em setembro de 1980, Farn\u00e9sio Silva \u00e9 de Arapiraca-Alagoas.\",\"sameAs\":[\"http:\\\/\\\/blogdofarnesio.com.br\",\"https:\\\/\\\/www.facebook.com\\\/?ref=tn_tnmn\",\"https:\\\/\\\/www.instagram.com\\\/?utm_source=pwa_homescreen\",\"https:\\\/\\\/youtube.com.br\\\/\"],\"url\":\"https:\\\/\\\/blogdofarnesio.com.br\\\/?author=2\"}]}<\/script>\n<!-- \/ Yoast SEO plugin. -->","yoast_head_json":{"title":"Elei\u00e7\u00f5es 2022 BA: Encontro sela acordo para Otto e Rui candidatos, mas an\u00fancio ser\u00e1 ap\u00f3s Carnaval - Blog do Farn\u00e9sio","robots":{"index":"index","follow":"follow","max-snippet":"max-snippet:-1","max-image-preview":"max-image-preview:large","max-video-preview":"max-video-preview:-1"},"canonical":"https:\/\/blogdofarnesio.com.br\/?p=307288","og_locale":"pt_BR","og_type":"article","og_title":"Elei\u00e7\u00f5es 2022 BA: Encontro sela acordo para Otto e Rui candidatos, mas an\u00fancio ser\u00e1 ap\u00f3s Carnaval - Blog do Farn\u00e9sio","og_description":"Fernando Duarte\/BN &#8211; Um encontro entre o governador Rui Costa (PT) e os senadores Jaques Wagner (PT), Otto Alencar e Angelo Coronel, ambos do PSD, selou o entendimento para a disputa majorit\u00e1ria de 2022 por esse grupo pol\u00edtico. Conforme sinaliza\u00e7\u00f5es pr\u00e9vias dadas ao Bahia Not\u00edcias, Rui decidiu ser candidato ao Senado e provocou uma rearruma\u00e7\u00e3o das for\u00e7as, ocasionando a substitui\u00e7\u00e3o de Wagner por Otto na disputa pelo governo da Bahia (veja aqui). A reuni\u00e3o aconteceu na noite desta quinta-feira (24) no Pal\u00e1cio de Ondina e sacramentou o acordo j\u00e1 vocalizado \u00e0s bases de PT e PSD, dois dos principais envolvidos na costura. A defini\u00e7\u00e3o, entretanto, deve ser negada pelos presentes at\u00e9 que Otto converse com todos os partidos que atualmente&hellip;","og_url":"https:\/\/blogdofarnesio.com.br\/?p=307288","og_site_name":"Blog do Farn\u00e9sio","article_publisher":"https:\/\/www.facebook.com\/BlogQuerSaberPolitica\/","article_author":"https:\/\/www.facebook.com\/?ref=tn_tnmn","article_published_time":"2022-02-25T17:00:20+00:00","og_image":[{"width":380,"height":280,"url":"https:\/\/blogdofarnesio.com.br\/wp-content\/uploads\/2022\/02\/blogqsprui-otto.jpg","type":"image\/jpeg"}],"author":"Farn\u00e9sio","twitter_card":"summary_large_image","twitter_misc":{"Escrito por":"Farn\u00e9sio","Est. tempo de leitura":"3 minutos"},"schema":{"@context":"https:\/\/schema.org","@graph":[{"@type":"Article","@id":"https:\/\/blogdofarnesio.com.br\/?p=307288#article","isPartOf":{"@id":"https:\/\/blogdofarnesio.com.br\/?p=307288"},"author":{"name":"Farn\u00e9sio","@id":"https:\/\/blogdofarnesio.com.br\/#\/schema\/person\/bb9b23ae3ad0609ce8df7b6c9e76824d"},"headline":"Elei\u00e7\u00f5es 2022 BA: Encontro sela acordo para Otto e Rui candidatos, mas an\u00fancio ser\u00e1 ap\u00f3s Carnaval","datePublished":"2022-02-25T17:00:20+00:00","mainEntityOfPage":{"@id":"https:\/\/blogdofarnesio.com.br\/?p=307288"},"wordCount":516,"commentCount":0,"publisher":{"@id":"https:\/\/blogdofarnesio.com.br\/#organization"},"image":{"@id":"https:\/\/blogdofarnesio.com.br\/?p=307288#primaryimage"},"thumbnailUrl":"https:\/\/blogdofarnesio.com.br\/wp-content\/uploads\/2022\/02\/blogqsprui-otto.jpg","inLanguage":"pt-BR","potentialAction":[{"@type":"CommentAction","name":"Comment","target":["https:\/\/blogdofarnesio.com.br\/?p=307288#respond"]}]},{"@type":"WebPage","@id":"https:\/\/blogdofarnesio.com.br\/?p=307288","url":"https:\/\/blogdofarnesio.com.br\/?p=307288","name":"Elei\u00e7\u00f5es 2022 BA: Encontro sela acordo para Otto e Rui candidatos, mas an\u00fancio ser\u00e1 ap\u00f3s Carnaval - Blog do Farn\u00e9sio","isPartOf":{"@id":"https:\/\/blogdofarnesio.com.br\/#website"},"primaryImageOfPage":{"@id":"https:\/\/blogdofarnesio.com.br\/?p=307288#primaryimage"},"image":{"@id":"https:\/\/blogdofarnesio.com.br\/?p=307288#primaryimage"},"thumbnailUrl":"https:\/\/blogdofarnesio.com.br\/wp-content\/uploads\/2022\/02\/blogqsprui-otto.jpg","datePublished":"2022-02-25T17:00:20+00:00","breadcrumb":{"@id":"https:\/\/blogdofarnesio.com.br\/?p=307288#breadcrumb"},"inLanguage":"pt-BR","potentialAction":[{"@type":"ReadAction","target":["https:\/\/blogdofarnesio.com.br\/?p=307288"]}]},{"@type":"ImageObject","inLanguage":"pt-BR","@id":"https:\/\/blogdofarnesio.com.br\/?p=307288#primaryimage","url":"https:\/\/blogdofarnesio.com.br\/wp-content\/uploads\/2022\/02\/blogqsprui-otto.jpg","contentUrl":"https:\/\/blogdofarnesio.com.br\/wp-content\/uploads\/2022\/02\/blogqsprui-otto.jpg","width":380,"height":280,"caption":"Foto: Reprodu\u00e7\u00e3o \/ Instagram \/ @ottoalencar"},{"@type":"BreadcrumbList","@id":"https:\/\/blogdofarnesio.com.br\/?p=307288#breadcrumb","itemListElement":[{"@type":"ListItem","position":1,"name":"In\u00edcio","item":"https:\/\/blogdofarnesio.com.br\/"},{"@type":"ListItem","position":2,"name":"Elei\u00e7\u00f5es 2022 BA: Encontro sela acordo para Otto e Rui candidatos, mas an\u00fancio ser\u00e1 ap\u00f3s Carnaval"}]},{"@type":"WebSite","@id":"https:\/\/blogdofarnesio.com.br\/#website","url":"https:\/\/blogdofarnesio.com.br\/","name":"Blog do Farn\u00e9sio","description":"Quer Saber Pol\u00edtica?","publisher":{"@id":"https:\/\/blogdofarnesio.com.br\/#organization"},"potentialAction":[{"@type":"SearchAction","target":{"@type":"EntryPoint","urlTemplate":"https:\/\/blogdofarnesio.com.br\/?s={search_term_string}"},"query-input":{"@type":"PropertyValueSpecification","valueRequired":true,"valueName":"search_term_string"}}],"inLanguage":"pt-BR"},{"@type":"Organization","@id":"https:\/\/blogdofarnesio.com.br\/#organization","name":"Blog do Farn\u00e9sio","url":"https:\/\/blogdofarnesio.com.br\/","logo":{"@type":"ImageObject","inLanguage":"pt-BR","@id":"https:\/\/blogdofarnesio.com.br\/#\/schema\/logo\/image\/","url":"https:\/\/blogdofarnesio.com.br\/wp-content\/uploads\/2026\/03\/cropped-logo_new-1.png","contentUrl":"https:\/\/blogdofarnesio.com.br\/wp-content\/uploads\/2026\/03\/cropped-logo_new-1.png","width":881,"height":685,"caption":"Blog do Farn\u00e9sio"},"image":{"@id":"https:\/\/blogdofarnesio.com.br\/#\/schema\/logo\/image\/"},"sameAs":["https:\/\/www.facebook.com\/BlogQuerSaberPolitica\/"]},{"@type":"Person","@id":"https:\/\/blogdofarnesio.com.br\/#\/schema\/person\/bb9b23ae3ad0609ce8df7b6c9e76824d","name":"Farn\u00e9sio","image":{"@type":"ImageObject","inLanguage":"pt-BR","@id":"https:\/\/secure.gravatar.com\/avatar\/986aa4c61ccdb66f8555bf88fc2a65609d00bcabd4d2d94377a727547345cbca?s=96&d=mm&r=g","url":"https:\/\/secure.gravatar.com\/avatar\/986aa4c61ccdb66f8555bf88fc2a65609d00bcabd4d2d94377a727547345cbca?s=96&d=mm&r=g","contentUrl":"https:\/\/secure.gravatar.com\/avatar\/986aa4c61ccdb66f8555bf88fc2a65609d00bcabd4d2d94377a727547345cbca?s=96&d=mm&r=g","caption":"Farn\u00e9sio"},"description":"Radialista blogueiro, chegou a Petrolina\/Juazeiro em setembro de 1980, Farn\u00e9sio Silva \u00e9 de Arapiraca-Alagoas.","sameAs":["http:\/\/blogdofarnesio.com.br","https:\/\/www.facebook.com\/?ref=tn_tnmn","https:\/\/www.instagram.com\/?utm_source=pwa_homescreen","https:\/\/youtube.com.br\/"],"url":"https:\/\/blogdofarnesio.com.br\/?author=2"}]}},"_links":{"self":[{"href":"https:\/\/blogdofarnesio.com.br\/index.php?rest_route=\/wp\/v2\/posts\/307288","targetHints":{"allow":["GET"]}}],"collection":[{"href":"https:\/\/blogdofarnesio.com.br\/index.php?rest_route=\/wp\/v2\/posts"}],"about":[{"href":"https:\/\/blogdofarnesio.com.br\/index.php?rest_route=\/wp\/v2\/types\/post"}],"author":[{"embeddable":true,"href":"https:\/\/blogdofarnesio.com.br\/index.php?rest_route=\/wp\/v2\/users\/2"}],"replies":[{"embeddable":true,"href":"https:\/\/blogdofarnesio.com.br\/index.php?rest_route=%2Fwp%2Fv2%2Fcomments&post=307288"}],"version-history":[{"count":0,"href":"https:\/\/blogdofarnesio.com.br\/index.php?rest_route=\/wp\/v2\/posts\/307288\/revisions"}],"wp:featuredmedia":[{"embeddable":true,"href":"https:\/\/blogdofarnesio.com.br\/index.php?rest_route=\/wp\/v2\/media\/307289"}],"wp:attachment":[{"href":"https:\/\/blogdofarnesio.com.br\/index.php?rest_route=%2Fwp%2Fv2%2Fmedia&parent=307288"}],"wp:term":[{"taxonomy":"category","embeddable":true,"href":"https:\/\/blogdofarnesio.com.br\/index.php?rest_route=%2Fwp%2Fv2%2Fcategories&post=307288"},{"taxonomy":"post_tag","embeddable":true,"href":"https:\/\/blogdofarnesio.com.br\/index.php?rest_route=%2Fwp%2Fv2%2Ftags&post=307288"}],"curies":[{"name":"wp","href":"https:\/\/api.w.org\/{rel}","templated":true}]}}