{"id":307272,"date":"2022-02-25T13:34:35","date_gmt":"2022-02-25T16:34:35","guid":{"rendered":"https:\/\/blogdofarnesio.com.br\/?p=307272"},"modified":"2022-02-25T12:15:57","modified_gmt":"2022-02-25T15:15:57","slug":"juazeiro-avanca-na-vacinacao-contra-covid-19-confira-os-locais-para-esta-sexta-feira","status":"publish","type":"post","link":"https:\/\/blogdofarnesio.com.br\/?p=307272","title":{"rendered":"Juazeiro avan\u00e7a na vacina\u00e7\u00e3o contra Covid-19; confira os locais para esta sexta-feira"},"content":{"rendered":"<p style=\"font-weight: 400;\">A Prefeitura de Juazeiro, atrav\u00e9s da Secretaria de Sa\u00fade (Sesau), segue com o cronograma de vacina\u00e7\u00e3o contra a Covid-19. Confira os pontos para esta sexta-feira (25):<\/p>\n<p style=\"font-weight: 400;\"><strong>Crian\u00e7as de 5 anos e imunossuprimidos de 5 a 11 anos<\/strong><\/p>\n<p style=\"font-weight: 400;\">&#8211; Unidades B\u00e1sicas de Sa\u00fade (UBSs) Maring\u00e1, Alto da Maravilha, Jardim Fl\u00f3rida, Alto do Cruzeiro e CRAS Tabuleiro. O hor\u00e1rio \u00e9 das 8h30 \u00e0s 11h30.<\/p>\n<p style=\"font-weight: 400;\"><strong>\u00a0Primeira dose para crian\u00e7as de 6 a 11 anos, adolescentes de 12 a 17 anos e adultos<\/strong><\/p>\n<p style=\"font-weight: 400;\">&#8211; Shopping, das 10h \u00e0s 16h (n\u00e3o haver\u00e1 vacina\u00e7\u00e3o para crian\u00e7as imunossuprimidas e crian\u00e7as de 5 anos)<\/p>\n<p style=\"font-weight: 400;\">A crian\u00e7a precisa possuir CPF ou Cart\u00e3o SUS e comprovante de resid\u00eancia. Al\u00e9m disso, \u00e9 preciso levar documento oficial da crian\u00e7a e o cart\u00e3o de vacina. Crian\u00e7as imunossuprimidas devem estar com original e c\u00f3pia do laudo m\u00e9dico (a c\u00f3pia ficar\u00e1 retida).\u00a0 Para a vacina\u00e7\u00e3o, a crian\u00e7a precisa estar acompanhada do pai ou m\u00e3e, n\u00e3o sendo obrigado, neste caso, levar o termo de autoriza\u00e7\u00e3o impresso e assinado. Por\u00e9m, caso a crian\u00e7a esteja na companhia de outro respons\u00e1vel, o pai ou m\u00e3e deve emitir por escrito uma autoriza\u00e7\u00e3o assinada.<\/p>\n<p style=\"font-weight: 400;\">Adolescentes e adultos precisam levar para tomar a primeira dose RG, CPF ou Cart\u00e3o SUS e comprovante de resid\u00eancia. O adolescente precisa estar acompanhado de pais ou respons\u00e1veis.<\/p>\n<p style=\"font-weight: 400;\"><strong>Segunda dose<\/strong><\/p>\n<p style=\"font-weight: 400;\">&#8211; Uneb com segunda dose (Janssen, Oxford, Pfizer e CoronaVac) das 8h30 \u00e0s 14h;<\/p>\n<p style=\"font-weight: 400;\">Dose de Refor\u00e7o e quarta dose imunossuprimidos<\/p>\n<p style=\"font-weight: 400;\">&#8211; Uneb, das 8h30 \u00e0s 14h;<\/p>\n<p style=\"font-weight: 400;\">&#8211; UBSs Maring\u00e1, Alto da Maravilha, Jardim Fl\u00f3rida, Alto do Cruzeiro, CRAS Tabuleiro e Penha\/ Jardim Vit\u00f3ria. O hor\u00e1rio \u00e9 das 8h30 \u00e0s 11h30<\/p>\n<p style=\"font-weight: 400;\">\u00c9 preciso levar RG, CPF, Cart\u00e3o SUS, comprovante de resid\u00eancia e cart\u00e3o de vacina. Imunossuprimidos levar tamb\u00e9m original e c\u00f3pia do laudo m\u00e9dico (a c\u00f3pia ficar\u00e1 retida). A dose de refor\u00e7o \u00e9 destinada a pessoas, residentes em Juazeiro, com 18 anos ou mais e que tenham intervalo de 4 meses em rela\u00e7\u00e3o \u00e0 \u00faltima dose. A quarta dose \u00e9 destinada para os imunossuprimidos residentes em Juazeiro, com 18 anos ou mais e que tenham intervalo de 4 meses em rela\u00e7\u00e3o \u00e0 terceira dose.<\/p>\n<p style=\"font-weight: 400;\">S\u00e3o considerados imunossuprimidos as pessoas com doen\u00e7as reum\u00e1ticas imunomediadas sist\u00eamicas em atividade e em uso de dose de prednisona equivalente a 10 mg\/dia ou recebendo pulsoterapia com cortic\u00f3ide e\/ou ciclofosfamida; demais indiv\u00edduos em uso de imunossupressores ou com imunodefici\u00eancias prim\u00e1rias; pacientes oncol\u00f3gicos que realizaram tratamento quimioter\u00e1pico ou radioter\u00e1pico nos \u00faltimos 6 meses; neoplasias hematol\u00f3gicas e pacientes renais cr\u00f4nicos.<\/p>\n<p style=\"font-weight: 400;\"><strong>Vacina\u00e7\u00e3o Itinerante<\/strong><\/p>\n<p style=\"font-weight: 400;\">Nesta sexta-feira (25) haver\u00e1 vacina\u00e7\u00e3o itinerante contra a Covid-19:<\/p>\n<p style=\"font-weight: 400;\">&#8211; Mani\u00e7oba IA, do hor\u00e1rio das 9h \u00e0s 12h, com segunda dose para a popula\u00e7\u00e3o com 12 anos ou mais e dose de refor\u00e7o para o p\u00fablico a partir de 18 anos.<\/p>\n<p style=\"font-weight: 400;\">Texto: Aucilania Soares \u2013 Ascom\/Sesau\/PMJ<\/p>\n","protected":false},"excerpt":{"rendered":"<p>A Prefeitura de Juazeiro, atrav\u00e9s da Secretaria de Sa\u00fade (Sesau), segue com o cronograma de vacina\u00e7\u00e3o contra a Covid-19. Confira os pontos para esta sexta-feira (25): Crian\u00e7as de 5 anos e imunossuprimidos de 5 a 11 anos &#8211; Unidades B\u00e1sicas de Sa\u00fade (UBSs) Maring\u00e1, Alto da Maravilha, Jardim Fl\u00f3rida, Alto do Cruzeiro e CRAS Tabuleiro. O hor\u00e1rio \u00e9 das 8h30 \u00e0s 11h30. \u00a0Primeira dose para crian\u00e7as de 6 a 11 anos, adolescentes de 12 a 17 anos e adultos &#8211; Shopping, das 10h \u00e0s 16h (n\u00e3o haver\u00e1 vacina\u00e7\u00e3o para crian\u00e7as imunossuprimidas e crian\u00e7as de 5 anos) A crian\u00e7a precisa possuir CPF ou Cart\u00e3o SUS e comprovante de resid\u00eancia. Al\u00e9m disso, \u00e9 preciso levar documento oficial da crian\u00e7a e o cart\u00e3o&hellip; <\/p>\n","protected":false},"author":2,"featured_media":304951,"comment_status":"open","ping_status":"open","sticky":false,"template":"","format":"standard","meta":{"_acf_changed":false,"footnotes":""},"categories":[4],"tags":[],"class_list":["post-307272","post","type-post","status-publish","format-standard","has-post-thumbnail","hentry","category-saude"],"acf":[],"yoast_head":"<!-- This site is optimized with the Yoast SEO plugin v27.4 - https:\/\/yoast.com\/product\/yoast-seo-wordpress\/ -->\n<title>Juazeiro avan\u00e7a na vacina\u00e7\u00e3o contra Covid-19; confira os locais para esta sexta-feira - Blog do Farn\u00e9sio<\/title>\n<meta name=\"robots\" content=\"index, follow, max-snippet:-1, max-image-preview:large, max-video-preview:-1\" \/>\n<link rel=\"canonical\" href=\"https:\/\/blogdofarnesio.com.br\/?p=307272\" \/>\n<meta property=\"og:locale\" content=\"pt_BR\" \/>\n<meta property=\"og:type\" content=\"article\" \/>\n<meta property=\"og:title\" content=\"Juazeiro avan\u00e7a na vacina\u00e7\u00e3o contra Covid-19; confira os locais para esta sexta-feira - Blog do Farn\u00e9sio\" \/>\n<meta property=\"og:description\" content=\"A Prefeitura de Juazeiro, atrav\u00e9s da Secretaria de Sa\u00fade (Sesau), segue com o cronograma de vacina\u00e7\u00e3o contra a Covid-19. Confira os pontos para esta sexta-feira (25): Crian\u00e7as de 5 anos e imunossuprimidos de 5 a 11 anos &#8211; Unidades B\u00e1sicas de Sa\u00fade (UBSs) Maring\u00e1, Alto da Maravilha, Jardim Fl\u00f3rida, Alto do Cruzeiro e CRAS Tabuleiro. O hor\u00e1rio \u00e9 das 8h30 \u00e0s 11h30. \u00a0Primeira dose para crian\u00e7as de 6 a 11 anos, adolescentes de 12 a 17 anos e adultos &#8211; Shopping, das 10h \u00e0s 16h (n\u00e3o haver\u00e1 vacina\u00e7\u00e3o para crian\u00e7as imunossuprimidas e crian\u00e7as de 5 anos) A crian\u00e7a precisa possuir CPF ou Cart\u00e3o SUS e comprovante de resid\u00eancia. Al\u00e9m disso, \u00e9 preciso levar documento oficial da crian\u00e7a e o cart\u00e3o&hellip;\" \/>\n<meta property=\"og:url\" content=\"https:\/\/blogdofarnesio.com.br\/?p=307272\" \/>\n<meta property=\"og:site_name\" content=\"Blog do Farn\u00e9sio\" \/>\n<meta property=\"article:publisher\" content=\"https:\/\/www.facebook.com\/BlogQuerSaberPolitica\/\" \/>\n<meta property=\"article:author\" content=\"https:\/\/www.facebook.com\/?ref=tn_tnmn\" \/>\n<meta property=\"article:published_time\" content=\"2022-02-25T16:34:35+00:00\" \/>\n<meta property=\"og:image\" content=\"https:\/\/blogdofarnesio.com.br\/wp-content\/uploads\/2022\/01\/vacina-05-a-11-anos-3-e1643922363155.jpeg\" \/>\n\t<meta property=\"og:image:width\" content=\"680\" \/>\n\t<meta property=\"og:image:height\" content=\"453\" \/>\n\t<meta property=\"og:image:type\" content=\"image\/jpeg\" \/>\n<meta name=\"author\" content=\"Farn\u00e9sio\" \/>\n<meta name=\"twitter:card\" content=\"summary_large_image\" \/>\n<meta name=\"twitter:label1\" content=\"Escrito por\" \/>\n\t<meta name=\"twitter:data1\" content=\"Farn\u00e9sio\" \/>\n\t<meta name=\"twitter:label2\" content=\"Est. tempo de leitura\" \/>\n\t<meta name=\"twitter:data2\" content=\"3 minutos\" \/>\n<script type=\"application\/ld+json\" class=\"yoast-schema-graph\">{\"@context\":\"https:\\\/\\\/schema.org\",\"@graph\":[{\"@type\":\"Article\",\"@id\":\"https:\\\/\\\/blogdofarnesio.com.br\\\/?p=307272#article\",\"isPartOf\":{\"@id\":\"https:\\\/\\\/blogdofarnesio.com.br\\\/?p=307272\"},\"author\":{\"name\":\"Farn\u00e9sio\",\"@id\":\"https:\\\/\\\/blogdofarnesio.com.br\\\/#\\\/schema\\\/person\\\/bb9b23ae3ad0609ce8df7b6c9e76824d\"},\"headline\":\"Juazeiro avan\u00e7a na vacina\u00e7\u00e3o contra Covid-19; confira os locais para esta sexta-feira\",\"datePublished\":\"2022-02-25T16:34:35+00:00\",\"mainEntityOfPage\":{\"@id\":\"https:\\\/\\\/blogdofarnesio.com.br\\\/?p=307272\"},\"wordCount\":514,\"commentCount\":0,\"publisher\":{\"@id\":\"https:\\\/\\\/blogdofarnesio.com.br\\\/#organization\"},\"image\":{\"@id\":\"https:\\\/\\\/blogdofarnesio.com.br\\\/?p=307272#primaryimage\"},\"thumbnailUrl\":\"https:\\\/\\\/blogdofarnesio.com.br\\\/wp-content\\\/uploads\\\/2022\\\/01\\\/vacina-05-a-11-anos-3-e1643922363155.jpeg\",\"articleSection\":[\"Sa\u00fade\"],\"inLanguage\":\"pt-BR\",\"potentialAction\":[{\"@type\":\"CommentAction\",\"name\":\"Comment\",\"target\":[\"https:\\\/\\\/blogdofarnesio.com.br\\\/?p=307272#respond\"]}]},{\"@type\":\"WebPage\",\"@id\":\"https:\\\/\\\/blogdofarnesio.com.br\\\/?p=307272\",\"url\":\"https:\\\/\\\/blogdofarnesio.com.br\\\/?p=307272\",\"name\":\"Juazeiro avan\u00e7a na vacina\u00e7\u00e3o contra Covid-19; confira os locais para esta sexta-feira - Blog do Farn\u00e9sio\",\"isPartOf\":{\"@id\":\"https:\\\/\\\/blogdofarnesio.com.br\\\/#website\"},\"primaryImageOfPage\":{\"@id\":\"https:\\\/\\\/blogdofarnesio.com.br\\\/?p=307272#primaryimage\"},\"image\":{\"@id\":\"https:\\\/\\\/blogdofarnesio.com.br\\\/?p=307272#primaryimage\"},\"thumbnailUrl\":\"https:\\\/\\\/blogdofarnesio.com.br\\\/wp-content\\\/uploads\\\/2022\\\/01\\\/vacina-05-a-11-anos-3-e1643922363155.jpeg\",\"datePublished\":\"2022-02-25T16:34:35+00:00\",\"breadcrumb\":{\"@id\":\"https:\\\/\\\/blogdofarnesio.com.br\\\/?p=307272#breadcrumb\"},\"inLanguage\":\"pt-BR\",\"potentialAction\":[{\"@type\":\"ReadAction\",\"target\":[\"https:\\\/\\\/blogdofarnesio.com.br\\\/?p=307272\"]}]},{\"@type\":\"ImageObject\",\"inLanguage\":\"pt-BR\",\"@id\":\"https:\\\/\\\/blogdofarnesio.com.br\\\/?p=307272#primaryimage\",\"url\":\"https:\\\/\\\/blogdofarnesio.com.br\\\/wp-content\\\/uploads\\\/2022\\\/01\\\/vacina-05-a-11-anos-3-e1643922363155.jpeg\",\"contentUrl\":\"https:\\\/\\\/blogdofarnesio.com.br\\\/wp-content\\\/uploads\\\/2022\\\/01\\\/vacina-05-a-11-anos-3-e1643922363155.jpeg\",\"width\":680,\"height\":453,\"caption\":\"Ilustra\u00e7\u00e3o\"},{\"@type\":\"BreadcrumbList\",\"@id\":\"https:\\\/\\\/blogdofarnesio.com.br\\\/?p=307272#breadcrumb\",\"itemListElement\":[{\"@type\":\"ListItem\",\"position\":1,\"name\":\"In\u00edcio\",\"item\":\"https:\\\/\\\/blogdofarnesio.com.br\\\/\"},{\"@type\":\"ListItem\",\"position\":2,\"name\":\"Juazeiro avan\u00e7a na vacina\u00e7\u00e3o contra Covid-19; confira os locais para esta sexta-feira\"}]},{\"@type\":\"WebSite\",\"@id\":\"https:\\\/\\\/blogdofarnesio.com.br\\\/#website\",\"url\":\"https:\\\/\\\/blogdofarnesio.com.br\\\/\",\"name\":\"Blog do Farn\u00e9sio\",\"description\":\"Quer Saber Pol\u00edtica?\",\"publisher\":{\"@id\":\"https:\\\/\\\/blogdofarnesio.com.br\\\/#organization\"},\"potentialAction\":[{\"@type\":\"SearchAction\",\"target\":{\"@type\":\"EntryPoint\",\"urlTemplate\":\"https:\\\/\\\/blogdofarnesio.com.br\\\/?s={search_term_string}\"},\"query-input\":{\"@type\":\"PropertyValueSpecification\",\"valueRequired\":true,\"valueName\":\"search_term_string\"}}],\"inLanguage\":\"pt-BR\"},{\"@type\":\"Organization\",\"@id\":\"https:\\\/\\\/blogdofarnesio.com.br\\\/#organization\",\"name\":\"Blog do Farn\u00e9sio\",\"url\":\"https:\\\/\\\/blogdofarnesio.com.br\\\/\",\"logo\":{\"@type\":\"ImageObject\",\"inLanguage\":\"pt-BR\",\"@id\":\"https:\\\/\\\/blogdofarnesio.com.br\\\/#\\\/schema\\\/logo\\\/image\\\/\",\"url\":\"https:\\\/\\\/blogdofarnesio.com.br\\\/wp-content\\\/uploads\\\/2026\\\/03\\\/cropped-logo_new-1.png\",\"contentUrl\":\"https:\\\/\\\/blogdofarnesio.com.br\\\/wp-content\\\/uploads\\\/2026\\\/03\\\/cropped-logo_new-1.png\",\"width\":881,\"height\":685,\"caption\":\"Blog do Farn\u00e9sio\"},\"image\":{\"@id\":\"https:\\\/\\\/blogdofarnesio.com.br\\\/#\\\/schema\\\/logo\\\/image\\\/\"},\"sameAs\":[\"https:\\\/\\\/www.facebook.com\\\/BlogQuerSaberPolitica\\\/\"]},{\"@type\":\"Person\",\"@id\":\"https:\\\/\\\/blogdofarnesio.com.br\\\/#\\\/schema\\\/person\\\/bb9b23ae3ad0609ce8df7b6c9e76824d\",\"name\":\"Farn\u00e9sio\",\"image\":{\"@type\":\"ImageObject\",\"inLanguage\":\"pt-BR\",\"@id\":\"https:\\\/\\\/secure.gravatar.com\\\/avatar\\\/986aa4c61ccdb66f8555bf88fc2a65609d00bcabd4d2d94377a727547345cbca?s=96&d=mm&r=g\",\"url\":\"https:\\\/\\\/secure.gravatar.com\\\/avatar\\\/986aa4c61ccdb66f8555bf88fc2a65609d00bcabd4d2d94377a727547345cbca?s=96&d=mm&r=g\",\"contentUrl\":\"https:\\\/\\\/secure.gravatar.com\\\/avatar\\\/986aa4c61ccdb66f8555bf88fc2a65609d00bcabd4d2d94377a727547345cbca?s=96&d=mm&r=g\",\"caption\":\"Farn\u00e9sio\"},\"description\":\"Radialista blogueiro, chegou a Petrolina\\\/Juazeiro em setembro de 1980, Farn\u00e9sio Silva \u00e9 de Arapiraca-Alagoas.\",\"sameAs\":[\"http:\\\/\\\/blogdofarnesio.com.br\",\"https:\\\/\\\/www.facebook.com\\\/?ref=tn_tnmn\",\"https:\\\/\\\/www.instagram.com\\\/?utm_source=pwa_homescreen\",\"https:\\\/\\\/youtube.com.br\\\/\"],\"url\":\"https:\\\/\\\/blogdofarnesio.com.br\\\/?author=2\"}]}<\/script>\n<!-- \/ Yoast SEO plugin. -->","yoast_head_json":{"title":"Juazeiro avan\u00e7a na vacina\u00e7\u00e3o contra Covid-19; confira os locais para esta sexta-feira - Blog do Farn\u00e9sio","robots":{"index":"index","follow":"follow","max-snippet":"max-snippet:-1","max-image-preview":"max-image-preview:large","max-video-preview":"max-video-preview:-1"},"canonical":"https:\/\/blogdofarnesio.com.br\/?p=307272","og_locale":"pt_BR","og_type":"article","og_title":"Juazeiro avan\u00e7a na vacina\u00e7\u00e3o contra Covid-19; confira os locais para esta sexta-feira - Blog do Farn\u00e9sio","og_description":"A Prefeitura de Juazeiro, atrav\u00e9s da Secretaria de Sa\u00fade (Sesau), segue com o cronograma de vacina\u00e7\u00e3o contra a Covid-19. Confira os pontos para esta sexta-feira (25): Crian\u00e7as de 5 anos e imunossuprimidos de 5 a 11 anos &#8211; Unidades B\u00e1sicas de Sa\u00fade (UBSs) Maring\u00e1, Alto da Maravilha, Jardim Fl\u00f3rida, Alto do Cruzeiro e CRAS Tabuleiro. O hor\u00e1rio \u00e9 das 8h30 \u00e0s 11h30. \u00a0Primeira dose para crian\u00e7as de 6 a 11 anos, adolescentes de 12 a 17 anos e adultos &#8211; Shopping, das 10h \u00e0s 16h (n\u00e3o haver\u00e1 vacina\u00e7\u00e3o para crian\u00e7as imunossuprimidas e crian\u00e7as de 5 anos) A crian\u00e7a precisa possuir CPF ou Cart\u00e3o SUS e comprovante de resid\u00eancia. Al\u00e9m disso, \u00e9 preciso levar documento oficial da crian\u00e7a e o cart\u00e3o&hellip;","og_url":"https:\/\/blogdofarnesio.com.br\/?p=307272","og_site_name":"Blog do Farn\u00e9sio","article_publisher":"https:\/\/www.facebook.com\/BlogQuerSaberPolitica\/","article_author":"https:\/\/www.facebook.com\/?ref=tn_tnmn","article_published_time":"2022-02-25T16:34:35+00:00","og_image":[{"width":680,"height":453,"url":"https:\/\/blogdofarnesio.com.br\/wp-content\/uploads\/2022\/01\/vacina-05-a-11-anos-3-e1643922363155.jpeg","type":"image\/jpeg"}],"author":"Farn\u00e9sio","twitter_card":"summary_large_image","twitter_misc":{"Escrito por":"Farn\u00e9sio","Est. tempo de leitura":"3 minutos"},"schema":{"@context":"https:\/\/schema.org","@graph":[{"@type":"Article","@id":"https:\/\/blogdofarnesio.com.br\/?p=307272#article","isPartOf":{"@id":"https:\/\/blogdofarnesio.com.br\/?p=307272"},"author":{"name":"Farn\u00e9sio","@id":"https:\/\/blogdofarnesio.com.br\/#\/schema\/person\/bb9b23ae3ad0609ce8df7b6c9e76824d"},"headline":"Juazeiro avan\u00e7a na vacina\u00e7\u00e3o contra Covid-19; confira os locais para esta sexta-feira","datePublished":"2022-02-25T16:34:35+00:00","mainEntityOfPage":{"@id":"https:\/\/blogdofarnesio.com.br\/?p=307272"},"wordCount":514,"commentCount":0,"publisher":{"@id":"https:\/\/blogdofarnesio.com.br\/#organization"},"image":{"@id":"https:\/\/blogdofarnesio.com.br\/?p=307272#primaryimage"},"thumbnailUrl":"https:\/\/blogdofarnesio.com.br\/wp-content\/uploads\/2022\/01\/vacina-05-a-11-anos-3-e1643922363155.jpeg","articleSection":["Sa\u00fade"],"inLanguage":"pt-BR","potentialAction":[{"@type":"CommentAction","name":"Comment","target":["https:\/\/blogdofarnesio.com.br\/?p=307272#respond"]}]},{"@type":"WebPage","@id":"https:\/\/blogdofarnesio.com.br\/?p=307272","url":"https:\/\/blogdofarnesio.com.br\/?p=307272","name":"Juazeiro avan\u00e7a na vacina\u00e7\u00e3o contra Covid-19; confira os locais para esta sexta-feira - Blog do Farn\u00e9sio","isPartOf":{"@id":"https:\/\/blogdofarnesio.com.br\/#website"},"primaryImageOfPage":{"@id":"https:\/\/blogdofarnesio.com.br\/?p=307272#primaryimage"},"image":{"@id":"https:\/\/blogdofarnesio.com.br\/?p=307272#primaryimage"},"thumbnailUrl":"https:\/\/blogdofarnesio.com.br\/wp-content\/uploads\/2022\/01\/vacina-05-a-11-anos-3-e1643922363155.jpeg","datePublished":"2022-02-25T16:34:35+00:00","breadcrumb":{"@id":"https:\/\/blogdofarnesio.com.br\/?p=307272#breadcrumb"},"inLanguage":"pt-BR","potentialAction":[{"@type":"ReadAction","target":["https:\/\/blogdofarnesio.com.br\/?p=307272"]}]},{"@type":"ImageObject","inLanguage":"pt-BR","@id":"https:\/\/blogdofarnesio.com.br\/?p=307272#primaryimage","url":"https:\/\/blogdofarnesio.com.br\/wp-content\/uploads\/2022\/01\/vacina-05-a-11-anos-3-e1643922363155.jpeg","contentUrl":"https:\/\/blogdofarnesio.com.br\/wp-content\/uploads\/2022\/01\/vacina-05-a-11-anos-3-e1643922363155.jpeg","width":680,"height":453,"caption":"Ilustra\u00e7\u00e3o"},{"@type":"BreadcrumbList","@id":"https:\/\/blogdofarnesio.com.br\/?p=307272#breadcrumb","itemListElement":[{"@type":"ListItem","position":1,"name":"In\u00edcio","item":"https:\/\/blogdofarnesio.com.br\/"},{"@type":"ListItem","position":2,"name":"Juazeiro avan\u00e7a na vacina\u00e7\u00e3o contra Covid-19; confira os locais para esta sexta-feira"}]},{"@type":"WebSite","@id":"https:\/\/blogdofarnesio.com.br\/#website","url":"https:\/\/blogdofarnesio.com.br\/","name":"Blog do Farn\u00e9sio","description":"Quer Saber Pol\u00edtica?","publisher":{"@id":"https:\/\/blogdofarnesio.com.br\/#organization"},"potentialAction":[{"@type":"SearchAction","target":{"@type":"EntryPoint","urlTemplate":"https:\/\/blogdofarnesio.com.br\/?s={search_term_string}"},"query-input":{"@type":"PropertyValueSpecification","valueRequired":true,"valueName":"search_term_string"}}],"inLanguage":"pt-BR"},{"@type":"Organization","@id":"https:\/\/blogdofarnesio.com.br\/#organization","name":"Blog do Farn\u00e9sio","url":"https:\/\/blogdofarnesio.com.br\/","logo":{"@type":"ImageObject","inLanguage":"pt-BR","@id":"https:\/\/blogdofarnesio.com.br\/#\/schema\/logo\/image\/","url":"https:\/\/blogdofarnesio.com.br\/wp-content\/uploads\/2026\/03\/cropped-logo_new-1.png","contentUrl":"https:\/\/blogdofarnesio.com.br\/wp-content\/uploads\/2026\/03\/cropped-logo_new-1.png","width":881,"height":685,"caption":"Blog do Farn\u00e9sio"},"image":{"@id":"https:\/\/blogdofarnesio.com.br\/#\/schema\/logo\/image\/"},"sameAs":["https:\/\/www.facebook.com\/BlogQuerSaberPolitica\/"]},{"@type":"Person","@id":"https:\/\/blogdofarnesio.com.br\/#\/schema\/person\/bb9b23ae3ad0609ce8df7b6c9e76824d","name":"Farn\u00e9sio","image":{"@type":"ImageObject","inLanguage":"pt-BR","@id":"https:\/\/secure.gravatar.com\/avatar\/986aa4c61ccdb66f8555bf88fc2a65609d00bcabd4d2d94377a727547345cbca?s=96&d=mm&r=g","url":"https:\/\/secure.gravatar.com\/avatar\/986aa4c61ccdb66f8555bf88fc2a65609d00bcabd4d2d94377a727547345cbca?s=96&d=mm&r=g","contentUrl":"https:\/\/secure.gravatar.com\/avatar\/986aa4c61ccdb66f8555bf88fc2a65609d00bcabd4d2d94377a727547345cbca?s=96&d=mm&r=g","caption":"Farn\u00e9sio"},"description":"Radialista blogueiro, chegou a Petrolina\/Juazeiro em setembro de 1980, Farn\u00e9sio Silva \u00e9 de Arapiraca-Alagoas.","sameAs":["http:\/\/blogdofarnesio.com.br","https:\/\/www.facebook.com\/?ref=tn_tnmn","https:\/\/www.instagram.com\/?utm_source=pwa_homescreen","https:\/\/youtube.com.br\/"],"url":"https:\/\/blogdofarnesio.com.br\/?author=2"}]}},"_links":{"self":[{"href":"https:\/\/blogdofarnesio.com.br\/index.php?rest_route=\/wp\/v2\/posts\/307272","targetHints":{"allow":["GET"]}}],"collection":[{"href":"https:\/\/blogdofarnesio.com.br\/index.php?rest_route=\/wp\/v2\/posts"}],"about":[{"href":"https:\/\/blogdofarnesio.com.br\/index.php?rest_route=\/wp\/v2\/types\/post"}],"author":[{"embeddable":true,"href":"https:\/\/blogdofarnesio.com.br\/index.php?rest_route=\/wp\/v2\/users\/2"}],"replies":[{"embeddable":true,"href":"https:\/\/blogdofarnesio.com.br\/index.php?rest_route=%2Fwp%2Fv2%2Fcomments&post=307272"}],"version-history":[{"count":0,"href":"https:\/\/blogdofarnesio.com.br\/index.php?rest_route=\/wp\/v2\/posts\/307272\/revisions"}],"wp:featuredmedia":[{"embeddable":true,"href":"https:\/\/blogdofarnesio.com.br\/index.php?rest_route=\/wp\/v2\/media\/304951"}],"wp:attachment":[{"href":"https:\/\/blogdofarnesio.com.br\/index.php?rest_route=%2Fwp%2Fv2%2Fmedia&parent=307272"}],"wp:term":[{"taxonomy":"category","embeddable":true,"href":"https:\/\/blogdofarnesio.com.br\/index.php?rest_route=%2Fwp%2Fv2%2Fcategories&post=307272"},{"taxonomy":"post_tag","embeddable":true,"href":"https:\/\/blogdofarnesio.com.br\/index.php?rest_route=%2Fwp%2Fv2%2Ftags&post=307272"}],"curies":[{"name":"wp","href":"https:\/\/api.w.org\/{rel}","templated":true}]}}