{"id":307195,"date":"2022-02-24T12:04:36","date_gmt":"2022-02-24T15:04:36","guid":{"rendered":"https:\/\/blogdofarnesio.com.br\/?p=307195"},"modified":"2022-02-24T11:42:52","modified_gmt":"2022-02-24T14:42:52","slug":"joao-gomes-preocupa-fas-com-desabafo-no-instagram-vontade-de-sumir","status":"publish","type":"post","link":"https:\/\/blogdofarnesio.com.br\/?p=307195","title":{"rendered":"Jo\u00e3o Gomes preocupa f\u00e3s com desabafo no Instagram: &#8220;Vontade de sumir&#8221;"},"content":{"rendered":"<header class=\"\">\n<div class=\"featured-text\"><\/div>\n<\/header>\n<div class=\"protected-content\">\n<figure><\/figure>\n<p><strong>Quem &#8211; Jo\u00e3o Gomes<\/strong> preocupou os f\u00e3s ap\u00f3s desabafar no Instagram. O cantor de 19 anos de idade, seguido por mais de 10 milh\u00f5es de f\u00e3s, escreveu um texto para falar sobre um momento dif\u00edcil que est\u00e1 passando.<\/p>\n<p>&#8220;Porque s\u00f3 Deus sabe o quanto tava me sentindo esses dias. Meio ansioso. Com a mente cansada e quem tava pr\u00f3ximo de mim sentia muito isso&#8230; Tava sentindo vontade de sumir e pedindo a Deus muita for\u00e7a&#8221;, come\u00e7ou Jo\u00e3o.<\/p>\n<p>&#8220;Esse \u00e9 um lugar que meu cora\u00e7\u00e3o. Todo meu carinho e onde toda dedica\u00e7\u00e3o come\u00e7ou. Nem sei como terminar de escrever isso agora. J\u00e1 que revelei um pouco do que penso quando fico s\u00f3. Mas queria pedir a Deus pra conservar e nunca deixar esquecer o que tem de mais bonito nos velhos amigos. Nas simples lembran\u00e7as e o quanto eu tive vontade \u00e9 fui ajudado pra realizar meus sonhos&#8221;, finalizou ele, que \u00e9 uma das revela\u00e7\u00f5es da m\u00fasica.<\/p>\n<figure><img loading=\"lazy\" decoding=\"async\" title=\"Publica\u00e7\u00e3o de Jo\u00e3o Gomes (Foto: Reprodu\u00e7\u00e3o\/Instagram)\" src=\"https:\/\/s2.glbimg.com\/CzUr4UAf81wxTW6-CxsSiilVDqg=\/620x413\/top\/e.glbimg.com\/og\/ed\/f\/original\/2022\/02\/23\/image_j799eqL.png\" alt=\"Publica\u00e7\u00e3o de Jo\u00e3o Gomes (Foto: Reprodu\u00e7\u00e3o\/Instagram)\" width=\"620\" height=\"413\" \/><figcaption>Publica\u00e7\u00e3o de Jo\u00e3o Gomes (Foto: Reprodu\u00e7\u00e3o\/Instagram)<\/figcaption><\/figure>\n<\/div>\n","protected":false},"excerpt":{"rendered":"<p>Quem &#8211; Jo\u00e3o Gomes preocupou os f\u00e3s ap\u00f3s desabafar no Instagram. O cantor de 19 anos de idade, seguido por mais de 10 milh\u00f5es de f\u00e3s, escreveu um texto para falar sobre um momento dif\u00edcil que est\u00e1 passando. &#8220;Porque s\u00f3 Deus sabe o quanto tava me sentindo esses dias. Meio ansioso. Com a mente cansada e quem tava pr\u00f3ximo de mim sentia muito isso&#8230; Tava sentindo vontade de sumir e pedindo a Deus muita for\u00e7a&#8221;, come\u00e7ou Jo\u00e3o. &#8220;Esse \u00e9 um lugar que meu cora\u00e7\u00e3o. Todo meu carinho e onde toda dedica\u00e7\u00e3o come\u00e7ou. Nem sei como terminar de escrever isso agora. J\u00e1 que revelei um pouco do que penso quando fico s\u00f3. Mas queria pedir a Deus pra conservar e nunca&hellip; <\/p>\n","protected":false},"author":2,"featured_media":307196,"comment_status":"open","ping_status":"open","sticky":false,"template":"","format":"standard","meta":{"_acf_changed":false,"footnotes":""},"categories":[3],"tags":[],"class_list":["post-307195","post","type-post","status-publish","format-standard","has-post-thumbnail","hentry","category-entretenimento"],"acf":[],"yoast_head":"<!-- This site is optimized with the Yoast SEO plugin v27.4 - https:\/\/yoast.com\/product\/yoast-seo-wordpress\/ -->\n<title>Jo\u00e3o Gomes preocupa f\u00e3s com desabafo no Instagram: &quot;Vontade de sumir&quot; - Blog do Farn\u00e9sio<\/title>\n<meta name=\"robots\" content=\"index, follow, max-snippet:-1, max-image-preview:large, max-video-preview:-1\" \/>\n<link rel=\"canonical\" href=\"https:\/\/blogdofarnesio.com.br\/?p=307195\" \/>\n<meta property=\"og:locale\" content=\"pt_BR\" \/>\n<meta property=\"og:type\" content=\"article\" \/>\n<meta property=\"og:title\" content=\"Jo\u00e3o Gomes preocupa f\u00e3s com desabafo no Instagram: &quot;Vontade de sumir&quot; - Blog do Farn\u00e9sio\" \/>\n<meta property=\"og:description\" content=\"Quem &#8211; Jo\u00e3o Gomes preocupou os f\u00e3s ap\u00f3s desabafar no Instagram. O cantor de 19 anos de idade, seguido por mais de 10 milh\u00f5es de f\u00e3s, escreveu um texto para falar sobre um momento dif\u00edcil que est\u00e1 passando. &#8220;Porque s\u00f3 Deus sabe o quanto tava me sentindo esses dias. Meio ansioso. Com a mente cansada e quem tava pr\u00f3ximo de mim sentia muito isso&#8230; Tava sentindo vontade de sumir e pedindo a Deus muita for\u00e7a&#8221;, come\u00e7ou Jo\u00e3o. &#8220;Esse \u00e9 um lugar que meu cora\u00e7\u00e3o. Todo meu carinho e onde toda dedica\u00e7\u00e3o come\u00e7ou. Nem sei como terminar de escrever isso agora. J\u00e1 que revelei um pouco do que penso quando fico s\u00f3. Mas queria pedir a Deus pra conservar e nunca&hellip;\" \/>\n<meta property=\"og:url\" content=\"https:\/\/blogdofarnesio.com.br\/?p=307195\" \/>\n<meta property=\"og:site_name\" content=\"Blog do Farn\u00e9sio\" \/>\n<meta property=\"article:publisher\" content=\"https:\/\/www.facebook.com\/BlogQuerSaberPolitica\/\" \/>\n<meta property=\"article:author\" content=\"https:\/\/www.facebook.com\/?ref=tn_tnmn\" \/>\n<meta property=\"article:published_time\" content=\"2022-02-24T15:04:36+00:00\" \/>\n<meta property=\"og:image\" content=\"https:\/\/blogdofarnesio.com.br\/wp-content\/uploads\/2022\/02\/blogqspjoao-gomes.jpg\" \/>\n\t<meta property=\"og:image:width\" content=\"620\" \/>\n\t<meta property=\"og:image:height\" content=\"450\" \/>\n\t<meta property=\"og:image:type\" content=\"image\/jpeg\" \/>\n<meta name=\"author\" content=\"Farn\u00e9sio\" \/>\n<meta name=\"twitter:card\" content=\"summary_large_image\" \/>\n<meta name=\"twitter:label1\" content=\"Escrito por\" \/>\n\t<meta name=\"twitter:data1\" content=\"Farn\u00e9sio\" \/>\n\t<meta name=\"twitter:label2\" content=\"Est. tempo de leitura\" \/>\n\t<meta name=\"twitter:data2\" content=\"2 minutos\" \/>\n<script type=\"application\/ld+json\" class=\"yoast-schema-graph\">{\"@context\":\"https:\\\/\\\/schema.org\",\"@graph\":[{\"@type\":\"Article\",\"@id\":\"https:\\\/\\\/blogdofarnesio.com.br\\\/?p=307195#article\",\"isPartOf\":{\"@id\":\"https:\\\/\\\/blogdofarnesio.com.br\\\/?p=307195\"},\"author\":{\"name\":\"Farn\u00e9sio\",\"@id\":\"https:\\\/\\\/blogdofarnesio.com.br\\\/#\\\/schema\\\/person\\\/bb9b23ae3ad0609ce8df7b6c9e76824d\"},\"headline\":\"Jo\u00e3o Gomes preocupa f\u00e3s com desabafo no Instagram: &#8220;Vontade de sumir&#8221;\",\"datePublished\":\"2022-02-24T15:04:36+00:00\",\"mainEntityOfPage\":{\"@id\":\"https:\\\/\\\/blogdofarnesio.com.br\\\/?p=307195\"},\"wordCount\":190,\"commentCount\":0,\"publisher\":{\"@id\":\"https:\\\/\\\/blogdofarnesio.com.br\\\/#organization\"},\"image\":{\"@id\":\"https:\\\/\\\/blogdofarnesio.com.br\\\/?p=307195#primaryimage\"},\"thumbnailUrl\":\"https:\\\/\\\/blogdofarnesio.com.br\\\/wp-content\\\/uploads\\\/2022\\\/02\\\/blogqspjoao-gomes.jpg\",\"articleSection\":[\"Entretenimento\"],\"inLanguage\":\"pt-BR\",\"potentialAction\":[{\"@type\":\"CommentAction\",\"name\":\"Comment\",\"target\":[\"https:\\\/\\\/blogdofarnesio.com.br\\\/?p=307195#respond\"]}]},{\"@type\":\"WebPage\",\"@id\":\"https:\\\/\\\/blogdofarnesio.com.br\\\/?p=307195\",\"url\":\"https:\\\/\\\/blogdofarnesio.com.br\\\/?p=307195\",\"name\":\"Jo\u00e3o Gomes preocupa f\u00e3s com desabafo no Instagram: \\\"Vontade de sumir\\\" - Blog do Farn\u00e9sio\",\"isPartOf\":{\"@id\":\"https:\\\/\\\/blogdofarnesio.com.br\\\/#website\"},\"primaryImageOfPage\":{\"@id\":\"https:\\\/\\\/blogdofarnesio.com.br\\\/?p=307195#primaryimage\"},\"image\":{\"@id\":\"https:\\\/\\\/blogdofarnesio.com.br\\\/?p=307195#primaryimage\"},\"thumbnailUrl\":\"https:\\\/\\\/blogdofarnesio.com.br\\\/wp-content\\\/uploads\\\/2022\\\/02\\\/blogqspjoao-gomes.jpg\",\"datePublished\":\"2022-02-24T15:04:36+00:00\",\"breadcrumb\":{\"@id\":\"https:\\\/\\\/blogdofarnesio.com.br\\\/?p=307195#breadcrumb\"},\"inLanguage\":\"pt-BR\",\"potentialAction\":[{\"@type\":\"ReadAction\",\"target\":[\"https:\\\/\\\/blogdofarnesio.com.br\\\/?p=307195\"]}]},{\"@type\":\"ImageObject\",\"inLanguage\":\"pt-BR\",\"@id\":\"https:\\\/\\\/blogdofarnesio.com.br\\\/?p=307195#primaryimage\",\"url\":\"https:\\\/\\\/blogdofarnesio.com.br\\\/wp-content\\\/uploads\\\/2022\\\/02\\\/blogqspjoao-gomes.jpg\",\"contentUrl\":\"https:\\\/\\\/blogdofarnesio.com.br\\\/wp-content\\\/uploads\\\/2022\\\/02\\\/blogqspjoao-gomes.jpg\",\"width\":620,\"height\":450,\"caption\":\"Jo\u00e3o Gomes (Foto: Reprodu\u00e7\u00e3o\\\/Instagram)\"},{\"@type\":\"BreadcrumbList\",\"@id\":\"https:\\\/\\\/blogdofarnesio.com.br\\\/?p=307195#breadcrumb\",\"itemListElement\":[{\"@type\":\"ListItem\",\"position\":1,\"name\":\"In\u00edcio\",\"item\":\"https:\\\/\\\/blogdofarnesio.com.br\\\/\"},{\"@type\":\"ListItem\",\"position\":2,\"name\":\"Jo\u00e3o Gomes preocupa f\u00e3s com desabafo no Instagram: &#8220;Vontade de sumir&#8221;\"}]},{\"@type\":\"WebSite\",\"@id\":\"https:\\\/\\\/blogdofarnesio.com.br\\\/#website\",\"url\":\"https:\\\/\\\/blogdofarnesio.com.br\\\/\",\"name\":\"Blog do Farn\u00e9sio\",\"description\":\"Quer Saber Pol\u00edtica?\",\"publisher\":{\"@id\":\"https:\\\/\\\/blogdofarnesio.com.br\\\/#organization\"},\"potentialAction\":[{\"@type\":\"SearchAction\",\"target\":{\"@type\":\"EntryPoint\",\"urlTemplate\":\"https:\\\/\\\/blogdofarnesio.com.br\\\/?s={search_term_string}\"},\"query-input\":{\"@type\":\"PropertyValueSpecification\",\"valueRequired\":true,\"valueName\":\"search_term_string\"}}],\"inLanguage\":\"pt-BR\"},{\"@type\":\"Organization\",\"@id\":\"https:\\\/\\\/blogdofarnesio.com.br\\\/#organization\",\"name\":\"Blog do Farn\u00e9sio\",\"url\":\"https:\\\/\\\/blogdofarnesio.com.br\\\/\",\"logo\":{\"@type\":\"ImageObject\",\"inLanguage\":\"pt-BR\",\"@id\":\"https:\\\/\\\/blogdofarnesio.com.br\\\/#\\\/schema\\\/logo\\\/image\\\/\",\"url\":\"https:\\\/\\\/blogdofarnesio.com.br\\\/wp-content\\\/uploads\\\/2026\\\/03\\\/cropped-logo_new-1.png\",\"contentUrl\":\"https:\\\/\\\/blogdofarnesio.com.br\\\/wp-content\\\/uploads\\\/2026\\\/03\\\/cropped-logo_new-1.png\",\"width\":881,\"height\":685,\"caption\":\"Blog do Farn\u00e9sio\"},\"image\":{\"@id\":\"https:\\\/\\\/blogdofarnesio.com.br\\\/#\\\/schema\\\/logo\\\/image\\\/\"},\"sameAs\":[\"https:\\\/\\\/www.facebook.com\\\/BlogQuerSaberPolitica\\\/\"]},{\"@type\":\"Person\",\"@id\":\"https:\\\/\\\/blogdofarnesio.com.br\\\/#\\\/schema\\\/person\\\/bb9b23ae3ad0609ce8df7b6c9e76824d\",\"name\":\"Farn\u00e9sio\",\"image\":{\"@type\":\"ImageObject\",\"inLanguage\":\"pt-BR\",\"@id\":\"https:\\\/\\\/secure.gravatar.com\\\/avatar\\\/986aa4c61ccdb66f8555bf88fc2a65609d00bcabd4d2d94377a727547345cbca?s=96&d=mm&r=g\",\"url\":\"https:\\\/\\\/secure.gravatar.com\\\/avatar\\\/986aa4c61ccdb66f8555bf88fc2a65609d00bcabd4d2d94377a727547345cbca?s=96&d=mm&r=g\",\"contentUrl\":\"https:\\\/\\\/secure.gravatar.com\\\/avatar\\\/986aa4c61ccdb66f8555bf88fc2a65609d00bcabd4d2d94377a727547345cbca?s=96&d=mm&r=g\",\"caption\":\"Farn\u00e9sio\"},\"description\":\"Radialista blogueiro, chegou a Petrolina\\\/Juazeiro em setembro de 1980, Farn\u00e9sio Silva \u00e9 de Arapiraca-Alagoas.\",\"sameAs\":[\"http:\\\/\\\/blogdofarnesio.com.br\",\"https:\\\/\\\/www.facebook.com\\\/?ref=tn_tnmn\",\"https:\\\/\\\/www.instagram.com\\\/?utm_source=pwa_homescreen\",\"https:\\\/\\\/youtube.com.br\\\/\"],\"url\":\"https:\\\/\\\/blogdofarnesio.com.br\\\/?author=2\"}]}<\/script>\n<!-- \/ Yoast SEO plugin. -->","yoast_head_json":{"title":"Jo\u00e3o Gomes preocupa f\u00e3s com desabafo no Instagram: \"Vontade de sumir\" - Blog do Farn\u00e9sio","robots":{"index":"index","follow":"follow","max-snippet":"max-snippet:-1","max-image-preview":"max-image-preview:large","max-video-preview":"max-video-preview:-1"},"canonical":"https:\/\/blogdofarnesio.com.br\/?p=307195","og_locale":"pt_BR","og_type":"article","og_title":"Jo\u00e3o Gomes preocupa f\u00e3s com desabafo no Instagram: \"Vontade de sumir\" - Blog do Farn\u00e9sio","og_description":"Quem &#8211; Jo\u00e3o Gomes preocupou os f\u00e3s ap\u00f3s desabafar no Instagram. O cantor de 19 anos de idade, seguido por mais de 10 milh\u00f5es de f\u00e3s, escreveu um texto para falar sobre um momento dif\u00edcil que est\u00e1 passando. &#8220;Porque s\u00f3 Deus sabe o quanto tava me sentindo esses dias. Meio ansioso. Com a mente cansada e quem tava pr\u00f3ximo de mim sentia muito isso&#8230; Tava sentindo vontade de sumir e pedindo a Deus muita for\u00e7a&#8221;, come\u00e7ou Jo\u00e3o. &#8220;Esse \u00e9 um lugar que meu cora\u00e7\u00e3o. Todo meu carinho e onde toda dedica\u00e7\u00e3o come\u00e7ou. Nem sei como terminar de escrever isso agora. J\u00e1 que revelei um pouco do que penso quando fico s\u00f3. Mas queria pedir a Deus pra conservar e nunca&hellip;","og_url":"https:\/\/blogdofarnesio.com.br\/?p=307195","og_site_name":"Blog do Farn\u00e9sio","article_publisher":"https:\/\/www.facebook.com\/BlogQuerSaberPolitica\/","article_author":"https:\/\/www.facebook.com\/?ref=tn_tnmn","article_published_time":"2022-02-24T15:04:36+00:00","og_image":[{"width":620,"height":450,"url":"https:\/\/blogdofarnesio.com.br\/wp-content\/uploads\/2022\/02\/blogqspjoao-gomes.jpg","type":"image\/jpeg"}],"author":"Farn\u00e9sio","twitter_card":"summary_large_image","twitter_misc":{"Escrito por":"Farn\u00e9sio","Est. tempo de leitura":"2 minutos"},"schema":{"@context":"https:\/\/schema.org","@graph":[{"@type":"Article","@id":"https:\/\/blogdofarnesio.com.br\/?p=307195#article","isPartOf":{"@id":"https:\/\/blogdofarnesio.com.br\/?p=307195"},"author":{"name":"Farn\u00e9sio","@id":"https:\/\/blogdofarnesio.com.br\/#\/schema\/person\/bb9b23ae3ad0609ce8df7b6c9e76824d"},"headline":"Jo\u00e3o Gomes preocupa f\u00e3s com desabafo no Instagram: &#8220;Vontade de sumir&#8221;","datePublished":"2022-02-24T15:04:36+00:00","mainEntityOfPage":{"@id":"https:\/\/blogdofarnesio.com.br\/?p=307195"},"wordCount":190,"commentCount":0,"publisher":{"@id":"https:\/\/blogdofarnesio.com.br\/#organization"},"image":{"@id":"https:\/\/blogdofarnesio.com.br\/?p=307195#primaryimage"},"thumbnailUrl":"https:\/\/blogdofarnesio.com.br\/wp-content\/uploads\/2022\/02\/blogqspjoao-gomes.jpg","articleSection":["Entretenimento"],"inLanguage":"pt-BR","potentialAction":[{"@type":"CommentAction","name":"Comment","target":["https:\/\/blogdofarnesio.com.br\/?p=307195#respond"]}]},{"@type":"WebPage","@id":"https:\/\/blogdofarnesio.com.br\/?p=307195","url":"https:\/\/blogdofarnesio.com.br\/?p=307195","name":"Jo\u00e3o Gomes preocupa f\u00e3s com desabafo no Instagram: \"Vontade de sumir\" - Blog do Farn\u00e9sio","isPartOf":{"@id":"https:\/\/blogdofarnesio.com.br\/#website"},"primaryImageOfPage":{"@id":"https:\/\/blogdofarnesio.com.br\/?p=307195#primaryimage"},"image":{"@id":"https:\/\/blogdofarnesio.com.br\/?p=307195#primaryimage"},"thumbnailUrl":"https:\/\/blogdofarnesio.com.br\/wp-content\/uploads\/2022\/02\/blogqspjoao-gomes.jpg","datePublished":"2022-02-24T15:04:36+00:00","breadcrumb":{"@id":"https:\/\/blogdofarnesio.com.br\/?p=307195#breadcrumb"},"inLanguage":"pt-BR","potentialAction":[{"@type":"ReadAction","target":["https:\/\/blogdofarnesio.com.br\/?p=307195"]}]},{"@type":"ImageObject","inLanguage":"pt-BR","@id":"https:\/\/blogdofarnesio.com.br\/?p=307195#primaryimage","url":"https:\/\/blogdofarnesio.com.br\/wp-content\/uploads\/2022\/02\/blogqspjoao-gomes.jpg","contentUrl":"https:\/\/blogdofarnesio.com.br\/wp-content\/uploads\/2022\/02\/blogqspjoao-gomes.jpg","width":620,"height":450,"caption":"Jo\u00e3o Gomes (Foto: Reprodu\u00e7\u00e3o\/Instagram)"},{"@type":"BreadcrumbList","@id":"https:\/\/blogdofarnesio.com.br\/?p=307195#breadcrumb","itemListElement":[{"@type":"ListItem","position":1,"name":"In\u00edcio","item":"https:\/\/blogdofarnesio.com.br\/"},{"@type":"ListItem","position":2,"name":"Jo\u00e3o Gomes preocupa f\u00e3s com desabafo no Instagram: &#8220;Vontade de sumir&#8221;"}]},{"@type":"WebSite","@id":"https:\/\/blogdofarnesio.com.br\/#website","url":"https:\/\/blogdofarnesio.com.br\/","name":"Blog do Farn\u00e9sio","description":"Quer Saber Pol\u00edtica?","publisher":{"@id":"https:\/\/blogdofarnesio.com.br\/#organization"},"potentialAction":[{"@type":"SearchAction","target":{"@type":"EntryPoint","urlTemplate":"https:\/\/blogdofarnesio.com.br\/?s={search_term_string}"},"query-input":{"@type":"PropertyValueSpecification","valueRequired":true,"valueName":"search_term_string"}}],"inLanguage":"pt-BR"},{"@type":"Organization","@id":"https:\/\/blogdofarnesio.com.br\/#organization","name":"Blog do Farn\u00e9sio","url":"https:\/\/blogdofarnesio.com.br\/","logo":{"@type":"ImageObject","inLanguage":"pt-BR","@id":"https:\/\/blogdofarnesio.com.br\/#\/schema\/logo\/image\/","url":"https:\/\/blogdofarnesio.com.br\/wp-content\/uploads\/2026\/03\/cropped-logo_new-1.png","contentUrl":"https:\/\/blogdofarnesio.com.br\/wp-content\/uploads\/2026\/03\/cropped-logo_new-1.png","width":881,"height":685,"caption":"Blog do Farn\u00e9sio"},"image":{"@id":"https:\/\/blogdofarnesio.com.br\/#\/schema\/logo\/image\/"},"sameAs":["https:\/\/www.facebook.com\/BlogQuerSaberPolitica\/"]},{"@type":"Person","@id":"https:\/\/blogdofarnesio.com.br\/#\/schema\/person\/bb9b23ae3ad0609ce8df7b6c9e76824d","name":"Farn\u00e9sio","image":{"@type":"ImageObject","inLanguage":"pt-BR","@id":"https:\/\/secure.gravatar.com\/avatar\/986aa4c61ccdb66f8555bf88fc2a65609d00bcabd4d2d94377a727547345cbca?s=96&d=mm&r=g","url":"https:\/\/secure.gravatar.com\/avatar\/986aa4c61ccdb66f8555bf88fc2a65609d00bcabd4d2d94377a727547345cbca?s=96&d=mm&r=g","contentUrl":"https:\/\/secure.gravatar.com\/avatar\/986aa4c61ccdb66f8555bf88fc2a65609d00bcabd4d2d94377a727547345cbca?s=96&d=mm&r=g","caption":"Farn\u00e9sio"},"description":"Radialista blogueiro, chegou a Petrolina\/Juazeiro em setembro de 1980, Farn\u00e9sio Silva \u00e9 de Arapiraca-Alagoas.","sameAs":["http:\/\/blogdofarnesio.com.br","https:\/\/www.facebook.com\/?ref=tn_tnmn","https:\/\/www.instagram.com\/?utm_source=pwa_homescreen","https:\/\/youtube.com.br\/"],"url":"https:\/\/blogdofarnesio.com.br\/?author=2"}]}},"_links":{"self":[{"href":"https:\/\/blogdofarnesio.com.br\/index.php?rest_route=\/wp\/v2\/posts\/307195","targetHints":{"allow":["GET"]}}],"collection":[{"href":"https:\/\/blogdofarnesio.com.br\/index.php?rest_route=\/wp\/v2\/posts"}],"about":[{"href":"https:\/\/blogdofarnesio.com.br\/index.php?rest_route=\/wp\/v2\/types\/post"}],"author":[{"embeddable":true,"href":"https:\/\/blogdofarnesio.com.br\/index.php?rest_route=\/wp\/v2\/users\/2"}],"replies":[{"embeddable":true,"href":"https:\/\/blogdofarnesio.com.br\/index.php?rest_route=%2Fwp%2Fv2%2Fcomments&post=307195"}],"version-history":[{"count":0,"href":"https:\/\/blogdofarnesio.com.br\/index.php?rest_route=\/wp\/v2\/posts\/307195\/revisions"}],"wp:featuredmedia":[{"embeddable":true,"href":"https:\/\/blogdofarnesio.com.br\/index.php?rest_route=\/wp\/v2\/media\/307196"}],"wp:attachment":[{"href":"https:\/\/blogdofarnesio.com.br\/index.php?rest_route=%2Fwp%2Fv2%2Fmedia&parent=307195"}],"wp:term":[{"taxonomy":"category","embeddable":true,"href":"https:\/\/blogdofarnesio.com.br\/index.php?rest_route=%2Fwp%2Fv2%2Fcategories&post=307195"},{"taxonomy":"post_tag","embeddable":true,"href":"https:\/\/blogdofarnesio.com.br\/index.php?rest_route=%2Fwp%2Fv2%2Ftags&post=307195"}],"curies":[{"name":"wp","href":"https:\/\/api.w.org\/{rel}","templated":true}]}}