{"id":307189,"date":"2022-02-24T13:00:15","date_gmt":"2022-02-24T16:00:15","guid":{"rendered":"https:\/\/blogdofarnesio.com.br\/?p=307189"},"modified":"2022-02-24T08:20:47","modified_gmt":"2022-02-24T11:20:47","slug":"prf-deflagra-operacao-carnaval-2022-confira-dicas-de-seguranca","status":"publish","type":"post","link":"https:\/\/blogdofarnesio.com.br\/?p=307189","title":{"rendered":"PRF deflagra opera\u00e7\u00e3o Carnaval 2022; confira dicas de seguran\u00e7a"},"content":{"rendered":"<header class=\"styles__TitleWrapper-sc-elken0-3 gBlDlN\">\n<h1><strong style=\"font-size: 16px;\">Por Reda\u00e7\u00e3o Salvador FM &#8211;\u00a0<\/strong><\/h1>\n<\/header>\n<article class=\"styles__ArticleContainer-sc-8tvm6q-0 ixMIdT\">\n<div>\n<p>Apesar do cancelamento dos festejos na Bahia, por conta da pandemia da Covid-19, policiais rodovi\u00e1rios federais refor\u00e7ar\u00e3o trechos estrat\u00e9gicos nas rodovias e estradas federais que cortam a Bahia. A Opera\u00e7\u00e3o Carnaval 2022 ter\u00e1 in\u00edcio \u00e0 00h desta sexta-feira (25) e segue at\u00e9 \u00e0s 23h59 de quarta-feira (2).<\/p>\n<p>A fiscaliza\u00e7\u00e3o e o policiamento orientado ser\u00e3o intensificados por meio de rondas ostensivas nas rodovias e do posicionamento estrat\u00e9gico das viaturas e policiais ao longo dos trechos mais movimentados e considerados pontos cr\u00edticos, pelo alto \u00edndice de acidentes e pela elevada taxa de cometimento de infra\u00e7\u00f5es de tr\u00e2nsito.<\/p>\n<p>Durante os seis dias de atividades da Opera\u00e7\u00e3o Carnaval 2022, a PRF intensificar\u00e1 as a\u00e7\u00f5es de fiscaliza\u00e7\u00e3o, focadas principalmente os relacionados \u00e0s condutas de ultrapassagens proibidas, \u00e0 embriaguez ao volante, ao n\u00e3o uso do cinto de seguran\u00e7a e demais dispositivos de reten\u00e7\u00e3o obrigat\u00f3rios, ao uso do celular ao volante, ao transporte de carga e tr\u00e2nsito irregular de motocicletas e ciclomotores.<\/p>\n<p>A PRF tamb\u00e9m intensificar\u00e1 sua atua\u00e7\u00e3o no combate ao crime, em especial realizando abordagens focadas nas informa\u00e7\u00f5es do servi\u00e7o de intelig\u00eancia e a utiliza\u00e7\u00e3o de ferramentas de comunica\u00e7\u00e3o, para prender criminosos, recuperar ve\u00edculos roubados e retirar armas ilegais, drogas e produtos contrabandeados de circula\u00e7\u00e3o.<\/p>\n<p><strong>Fluxo de ve\u00edculos<\/strong><\/p>\n<p>A previs\u00e3o \u00e9 que o fluxo dos ve\u00edculos nas rodovias aumente em rela\u00e7\u00e3o \u00e0 m\u00e9dia dos dias normais. O pico de movimento na sa\u00edda para o feriado deve se concentrar entre o fim da tarde e in\u00edcio da noite de sexta-feira (25) e na manh\u00e3 de s\u00e1bado (26). J\u00e1 o retorno deve ter um fluxo maior de ve\u00edculos durante a tarde e a noite de ter\u00e7a-feira (1). Na manh\u00e3 da quarta-feira (2) de cinzas espera-se tamb\u00e9m fluxo intenso nas rodovias.<\/p>\n<p><strong>Orienta\u00e7\u00f5es de Seguran\u00e7a<\/strong><\/p>\n<p>Para o motorista que pretende viajar neste feriado, \u00e9 essencial que fa\u00e7a a manuten\u00e7\u00e3o preventiva do seu ve\u00edculo, verificando freios, suspens\u00e3o, pneus e conferindo se possui todos os equipamentos obrigat\u00f3rios, como estepe, macaco, chave de roda e tri\u00e2ngulo.<\/p>\n<p>Utilize sempre o cinto de seguran\u00e7a, inclusive para os passageiros do banco de tr\u00e1s.<\/p>\n<p>O motociclista n\u00e3o deve esquecer \u00e9 usar o capacete sempre que conduzir. O passageiro tamb\u00e9m n\u00e3o deve ignorar o uso do capacete. Sempre com a viseira baixa, quem usa a moto na rodovia evita que insetos, fuma\u00e7a e poeira afetem sua vis\u00e3o.<\/p>\n<p>Tamb\u00e9m \u00e9 fundamental planejar a viagem, buscando evitar, na medida do poss\u00edvel, os hor\u00e1rios de pico. Dirigir cansado ou com sono aumenta o risco de o motorista cometer erros. A cada tr\u00eas ou quatro horas de viagem, \u00e9 recomend\u00e1vel uma pausa para descanso ou revezar a dire\u00e7\u00e3o do ve\u00edculo.<\/p>\n<p>Eventuais paradas no acostamento devem ser feitas apenas em caso de emerg\u00eancia, com pisca-alerta ligado e tri\u00e2ngulo a pelo menos 30 metros do ve\u00edculo.<\/p>\n<p>As ultrapassagens proibidas s\u00e3o as grandes respons\u00e1veis pelos acidentes graves nos trechos de pista simples. Somente ultrapasse quando a sinaliza\u00e7\u00e3o permitir e quando tiver certeza de que a manobra \u00e9 segura.<\/p>\n<p><strong>Restri\u00e7\u00f5es de tr\u00e1fego<\/strong><\/p>\n<p>Considerando o aumento significativo do fluxo de ve\u00edculos de passageiros durante os feriados, a\u00a0restri\u00e7\u00e3o abranger\u00e1 apenas os trechos rodovi\u00e1rios de pista simples, com exce\u00e7\u00e3o dos trechos espec\u00edficos estabelecidos no Anexo da presente Portaria que rege o assunto, dispon\u00edvel aqui.<\/p>\n<p>O tr\u00e2nsito de Combina\u00e7\u00f5es de Ve\u00edculos de Carga (CVC), Combina\u00e7\u00f5es de Transporte de Ve\u00edculos (CTV) e Combina\u00e7\u00f5es de Transporte de Ve\u00edculos e Cargas Paletizadas (CTVP), ainda que autorizadas a circular por meio de Autoriza\u00e7\u00e3o Especial de Tr\u00e2nsito (AET) ou Autoriza\u00e7\u00e3o Espec\u00edfica (AE), sendo que os seguintes limites regulamentares n\u00e3o podem ser excedidos:<\/p>\n<p>I &#8211; Largura m\u00e1xima: 2,60 metros;<\/p>\n<p>II &#8211; Altura m\u00e1xima: 4,40 metros;<\/p>\n<p>III &#8211; Comprimento total de 19,80 metros;<\/p>\n<p>IV &#8211; Peso Bruto Total Combinado (PBTC) para ve\u00edculos ou combina\u00e7\u00f5es de ve\u00edculos: 57 toneladas.<\/p>\n<p><strong>Datas e hor\u00e1rios da restri\u00e7\u00e3o:<\/strong><\/p>\n<p>&#8211; 25\/02\/2022 (sexta-feira), das 16h \u00e0s 22h;<\/p>\n<p>&#8211; 26\/02\/2022 (s\u00e1bado), das 6h \u00e0s 12h;<\/p>\n<p>&#8211; 01\/03\/2022 (ter\u00e7a-feira), das 16h \u00e0s 22 h;<\/p>\n<p>&#8211; 02\/03\/2022 (quarta-feira), das 6h \u00e0s 12h.<\/p>\n<p><img decoding=\"async\" src=\"https:\/\/api.ldnoticias.com.br\/fotos\/gcma_noticias\/89497\/mg\/WhatsAppImage20220218at13.24.501..jpg\" alt=\"\" \/><\/p>\n<\/div>\n<\/article>\n","protected":false},"excerpt":{"rendered":"<p>Por Reda\u00e7\u00e3o Salvador FM &#8211;\u00a0 Apesar do cancelamento dos festejos na Bahia, por conta da pandemia da Covid-19, policiais rodovi\u00e1rios federais refor\u00e7ar\u00e3o trechos estrat\u00e9gicos nas rodovias e estradas federais que cortam a Bahia. A Opera\u00e7\u00e3o Carnaval 2022 ter\u00e1 in\u00edcio \u00e0 00h desta sexta-feira (25) e segue at\u00e9 \u00e0s 23h59 de quarta-feira (2). A fiscaliza\u00e7\u00e3o e o policiamento orientado ser\u00e3o intensificados por meio de rondas ostensivas nas rodovias e do posicionamento estrat\u00e9gico das viaturas e policiais ao longo dos trechos mais movimentados e considerados pontos cr\u00edticos, pelo alto \u00edndice de acidentes e pela elevada taxa de cometimento de infra\u00e7\u00f5es de tr\u00e2nsito. Durante os seis dias de atividades da Opera\u00e7\u00e3o Carnaval 2022, a PRF intensificar\u00e1 as a\u00e7\u00f5es de fiscaliza\u00e7\u00e3o, focadas principalmente os&hellip; <\/p>\n","protected":false},"author":2,"featured_media":233406,"comment_status":"open","ping_status":"open","sticky":false,"template":"","format":"standard","meta":{"_acf_changed":false,"footnotes":""},"categories":[17],"tags":[],"class_list":["post-307189","post","type-post","status-publish","format-standard","has-post-thumbnail","hentry","category-estradas"],"acf":[],"yoast_head":"<!-- This site is optimized with the Yoast SEO plugin v27.4 - https:\/\/yoast.com\/product\/yoast-seo-wordpress\/ -->\n<title>PRF deflagra opera\u00e7\u00e3o Carnaval 2022; confira dicas de seguran\u00e7a - Blog do Farn\u00e9sio<\/title>\n<meta name=\"robots\" content=\"index, follow, max-snippet:-1, max-image-preview:large, max-video-preview:-1\" \/>\n<link rel=\"canonical\" href=\"https:\/\/blogdofarnesio.com.br\/?p=307189\" \/>\n<meta property=\"og:locale\" content=\"pt_BR\" \/>\n<meta property=\"og:type\" content=\"article\" \/>\n<meta property=\"og:title\" content=\"PRF deflagra opera\u00e7\u00e3o Carnaval 2022; confira dicas de seguran\u00e7a - Blog do Farn\u00e9sio\" \/>\n<meta property=\"og:description\" content=\"Por Reda\u00e7\u00e3o Salvador FM &#8211;\u00a0 Apesar do cancelamento dos festejos na Bahia, por conta da pandemia da Covid-19, policiais rodovi\u00e1rios federais refor\u00e7ar\u00e3o trechos estrat\u00e9gicos nas rodovias e estradas federais que cortam a Bahia. A Opera\u00e7\u00e3o Carnaval 2022 ter\u00e1 in\u00edcio \u00e0 00h desta sexta-feira (25) e segue at\u00e9 \u00e0s 23h59 de quarta-feira (2). A fiscaliza\u00e7\u00e3o e o policiamento orientado ser\u00e3o intensificados por meio de rondas ostensivas nas rodovias e do posicionamento estrat\u00e9gico das viaturas e policiais ao longo dos trechos mais movimentados e considerados pontos cr\u00edticos, pelo alto \u00edndice de acidentes e pela elevada taxa de cometimento de infra\u00e7\u00f5es de tr\u00e2nsito. Durante os seis dias de atividades da Opera\u00e7\u00e3o Carnaval 2022, a PRF intensificar\u00e1 as a\u00e7\u00f5es de fiscaliza\u00e7\u00e3o, focadas principalmente os&hellip;\" \/>\n<meta property=\"og:url\" content=\"https:\/\/blogdofarnesio.com.br\/?p=307189\" \/>\n<meta property=\"og:site_name\" content=\"Blog do Farn\u00e9sio\" \/>\n<meta property=\"article:publisher\" content=\"https:\/\/www.facebook.com\/BlogQuerSaberPolitica\/\" \/>\n<meta property=\"article:author\" content=\"https:\/\/www.facebook.com\/?ref=tn_tnmn\" \/>\n<meta property=\"article:published_time\" content=\"2022-02-24T16:00:15+00:00\" \/>\n<meta property=\"og:image\" content=\"https:\/\/blogdofarnesio.com.br\/wp-content\/uploads\/2019\/07\/blogqspprf-policia-rodoviaria-federal.jpg\" \/>\n\t<meta property=\"og:image:width\" content=\"695\" \/>\n\t<meta property=\"og:image:height\" content=\"460\" \/>\n\t<meta property=\"og:image:type\" content=\"image\/jpeg\" \/>\n<meta name=\"author\" content=\"Farn\u00e9sio\" \/>\n<meta name=\"twitter:card\" content=\"summary_large_image\" \/>\n<meta name=\"twitter:label1\" content=\"Escrito por\" \/>\n\t<meta name=\"twitter:data1\" content=\"Farn\u00e9sio\" \/>\n\t<meta name=\"twitter:label2\" content=\"Est. tempo de leitura\" \/>\n\t<meta name=\"twitter:data2\" content=\"4 minutos\" \/>\n<script type=\"application\/ld+json\" class=\"yoast-schema-graph\">{\"@context\":\"https:\\\/\\\/schema.org\",\"@graph\":[{\"@type\":\"Article\",\"@id\":\"https:\\\/\\\/blogdofarnesio.com.br\\\/?p=307189#article\",\"isPartOf\":{\"@id\":\"https:\\\/\\\/blogdofarnesio.com.br\\\/?p=307189\"},\"author\":{\"name\":\"Farn\u00e9sio\",\"@id\":\"https:\\\/\\\/blogdofarnesio.com.br\\\/#\\\/schema\\\/person\\\/bb9b23ae3ad0609ce8df7b6c9e76824d\"},\"headline\":\"PRF deflagra opera\u00e7\u00e3o Carnaval 2022; confira dicas de seguran\u00e7a\",\"datePublished\":\"2022-02-24T16:00:15+00:00\",\"mainEntityOfPage\":{\"@id\":\"https:\\\/\\\/blogdofarnesio.com.br\\\/?p=307189\"},\"wordCount\":732,\"commentCount\":0,\"publisher\":{\"@id\":\"https:\\\/\\\/blogdofarnesio.com.br\\\/#organization\"},\"image\":{\"@id\":\"https:\\\/\\\/blogdofarnesio.com.br\\\/?p=307189#primaryimage\"},\"thumbnailUrl\":\"https:\\\/\\\/blogdofarnesio.com.br\\\/wp-content\\\/uploads\\\/2019\\\/07\\\/blogqspprf-policia-rodoviaria-federal.jpg\",\"articleSection\":[\"Estradas\"],\"inLanguage\":\"pt-BR\",\"potentialAction\":[{\"@type\":\"CommentAction\",\"name\":\"Comment\",\"target\":[\"https:\\\/\\\/blogdofarnesio.com.br\\\/?p=307189#respond\"]}]},{\"@type\":\"WebPage\",\"@id\":\"https:\\\/\\\/blogdofarnesio.com.br\\\/?p=307189\",\"url\":\"https:\\\/\\\/blogdofarnesio.com.br\\\/?p=307189\",\"name\":\"PRF deflagra opera\u00e7\u00e3o Carnaval 2022; confira dicas de seguran\u00e7a - Blog do Farn\u00e9sio\",\"isPartOf\":{\"@id\":\"https:\\\/\\\/blogdofarnesio.com.br\\\/#website\"},\"primaryImageOfPage\":{\"@id\":\"https:\\\/\\\/blogdofarnesio.com.br\\\/?p=307189#primaryimage\"},\"image\":{\"@id\":\"https:\\\/\\\/blogdofarnesio.com.br\\\/?p=307189#primaryimage\"},\"thumbnailUrl\":\"https:\\\/\\\/blogdofarnesio.com.br\\\/wp-content\\\/uploads\\\/2019\\\/07\\\/blogqspprf-policia-rodoviaria-federal.jpg\",\"datePublished\":\"2022-02-24T16:00:15+00:00\",\"breadcrumb\":{\"@id\":\"https:\\\/\\\/blogdofarnesio.com.br\\\/?p=307189#breadcrumb\"},\"inLanguage\":\"pt-BR\",\"potentialAction\":[{\"@type\":\"ReadAction\",\"target\":[\"https:\\\/\\\/blogdofarnesio.com.br\\\/?p=307189\"]}]},{\"@type\":\"ImageObject\",\"inLanguage\":\"pt-BR\",\"@id\":\"https:\\\/\\\/blogdofarnesio.com.br\\\/?p=307189#primaryimage\",\"url\":\"https:\\\/\\\/blogdofarnesio.com.br\\\/wp-content\\\/uploads\\\/2019\\\/07\\\/blogqspprf-policia-rodoviaria-federal.jpg\",\"contentUrl\":\"https:\\\/\\\/blogdofarnesio.com.br\\\/wp-content\\\/uploads\\\/2019\\\/07\\\/blogqspprf-policia-rodoviaria-federal.jpg\",\"width\":695,\"height\":460},{\"@type\":\"BreadcrumbList\",\"@id\":\"https:\\\/\\\/blogdofarnesio.com.br\\\/?p=307189#breadcrumb\",\"itemListElement\":[{\"@type\":\"ListItem\",\"position\":1,\"name\":\"In\u00edcio\",\"item\":\"https:\\\/\\\/blogdofarnesio.com.br\\\/\"},{\"@type\":\"ListItem\",\"position\":2,\"name\":\"PRF deflagra opera\u00e7\u00e3o Carnaval 2022; confira dicas de seguran\u00e7a\"}]},{\"@type\":\"WebSite\",\"@id\":\"https:\\\/\\\/blogdofarnesio.com.br\\\/#website\",\"url\":\"https:\\\/\\\/blogdofarnesio.com.br\\\/\",\"name\":\"Blog do Farn\u00e9sio\",\"description\":\"Quer Saber Pol\u00edtica?\",\"publisher\":{\"@id\":\"https:\\\/\\\/blogdofarnesio.com.br\\\/#organization\"},\"potentialAction\":[{\"@type\":\"SearchAction\",\"target\":{\"@type\":\"EntryPoint\",\"urlTemplate\":\"https:\\\/\\\/blogdofarnesio.com.br\\\/?s={search_term_string}\"},\"query-input\":{\"@type\":\"PropertyValueSpecification\",\"valueRequired\":true,\"valueName\":\"search_term_string\"}}],\"inLanguage\":\"pt-BR\"},{\"@type\":\"Organization\",\"@id\":\"https:\\\/\\\/blogdofarnesio.com.br\\\/#organization\",\"name\":\"Blog do Farn\u00e9sio\",\"url\":\"https:\\\/\\\/blogdofarnesio.com.br\\\/\",\"logo\":{\"@type\":\"ImageObject\",\"inLanguage\":\"pt-BR\",\"@id\":\"https:\\\/\\\/blogdofarnesio.com.br\\\/#\\\/schema\\\/logo\\\/image\\\/\",\"url\":\"https:\\\/\\\/blogdofarnesio.com.br\\\/wp-content\\\/uploads\\\/2026\\\/03\\\/cropped-logo_new-1.png\",\"contentUrl\":\"https:\\\/\\\/blogdofarnesio.com.br\\\/wp-content\\\/uploads\\\/2026\\\/03\\\/cropped-logo_new-1.png\",\"width\":881,\"height\":685,\"caption\":\"Blog do Farn\u00e9sio\"},\"image\":{\"@id\":\"https:\\\/\\\/blogdofarnesio.com.br\\\/#\\\/schema\\\/logo\\\/image\\\/\"},\"sameAs\":[\"https:\\\/\\\/www.facebook.com\\\/BlogQuerSaberPolitica\\\/\"]},{\"@type\":\"Person\",\"@id\":\"https:\\\/\\\/blogdofarnesio.com.br\\\/#\\\/schema\\\/person\\\/bb9b23ae3ad0609ce8df7b6c9e76824d\",\"name\":\"Farn\u00e9sio\",\"image\":{\"@type\":\"ImageObject\",\"inLanguage\":\"pt-BR\",\"@id\":\"https:\\\/\\\/secure.gravatar.com\\\/avatar\\\/986aa4c61ccdb66f8555bf88fc2a65609d00bcabd4d2d94377a727547345cbca?s=96&d=mm&r=g\",\"url\":\"https:\\\/\\\/secure.gravatar.com\\\/avatar\\\/986aa4c61ccdb66f8555bf88fc2a65609d00bcabd4d2d94377a727547345cbca?s=96&d=mm&r=g\",\"contentUrl\":\"https:\\\/\\\/secure.gravatar.com\\\/avatar\\\/986aa4c61ccdb66f8555bf88fc2a65609d00bcabd4d2d94377a727547345cbca?s=96&d=mm&r=g\",\"caption\":\"Farn\u00e9sio\"},\"description\":\"Radialista blogueiro, chegou a Petrolina\\\/Juazeiro em setembro de 1980, Farn\u00e9sio Silva \u00e9 de Arapiraca-Alagoas.\",\"sameAs\":[\"http:\\\/\\\/blogdofarnesio.com.br\",\"https:\\\/\\\/www.facebook.com\\\/?ref=tn_tnmn\",\"https:\\\/\\\/www.instagram.com\\\/?utm_source=pwa_homescreen\",\"https:\\\/\\\/youtube.com.br\\\/\"],\"url\":\"https:\\\/\\\/blogdofarnesio.com.br\\\/?author=2\"}]}<\/script>\n<!-- \/ Yoast SEO plugin. -->","yoast_head_json":{"title":"PRF deflagra opera\u00e7\u00e3o Carnaval 2022; confira dicas de seguran\u00e7a - Blog do Farn\u00e9sio","robots":{"index":"index","follow":"follow","max-snippet":"max-snippet:-1","max-image-preview":"max-image-preview:large","max-video-preview":"max-video-preview:-1"},"canonical":"https:\/\/blogdofarnesio.com.br\/?p=307189","og_locale":"pt_BR","og_type":"article","og_title":"PRF deflagra opera\u00e7\u00e3o Carnaval 2022; confira dicas de seguran\u00e7a - Blog do Farn\u00e9sio","og_description":"Por Reda\u00e7\u00e3o Salvador FM &#8211;\u00a0 Apesar do cancelamento dos festejos na Bahia, por conta da pandemia da Covid-19, policiais rodovi\u00e1rios federais refor\u00e7ar\u00e3o trechos estrat\u00e9gicos nas rodovias e estradas federais que cortam a Bahia. A Opera\u00e7\u00e3o Carnaval 2022 ter\u00e1 in\u00edcio \u00e0 00h desta sexta-feira (25) e segue at\u00e9 \u00e0s 23h59 de quarta-feira (2). A fiscaliza\u00e7\u00e3o e o policiamento orientado ser\u00e3o intensificados por meio de rondas ostensivas nas rodovias e do posicionamento estrat\u00e9gico das viaturas e policiais ao longo dos trechos mais movimentados e considerados pontos cr\u00edticos, pelo alto \u00edndice de acidentes e pela elevada taxa de cometimento de infra\u00e7\u00f5es de tr\u00e2nsito. Durante os seis dias de atividades da Opera\u00e7\u00e3o Carnaval 2022, a PRF intensificar\u00e1 as a\u00e7\u00f5es de fiscaliza\u00e7\u00e3o, focadas principalmente os&hellip;","og_url":"https:\/\/blogdofarnesio.com.br\/?p=307189","og_site_name":"Blog do Farn\u00e9sio","article_publisher":"https:\/\/www.facebook.com\/BlogQuerSaberPolitica\/","article_author":"https:\/\/www.facebook.com\/?ref=tn_tnmn","article_published_time":"2022-02-24T16:00:15+00:00","og_image":[{"width":695,"height":460,"url":"https:\/\/blogdofarnesio.com.br\/wp-content\/uploads\/2019\/07\/blogqspprf-policia-rodoviaria-federal.jpg","type":"image\/jpeg"}],"author":"Farn\u00e9sio","twitter_card":"summary_large_image","twitter_misc":{"Escrito por":"Farn\u00e9sio","Est. tempo de leitura":"4 minutos"},"schema":{"@context":"https:\/\/schema.org","@graph":[{"@type":"Article","@id":"https:\/\/blogdofarnesio.com.br\/?p=307189#article","isPartOf":{"@id":"https:\/\/blogdofarnesio.com.br\/?p=307189"},"author":{"name":"Farn\u00e9sio","@id":"https:\/\/blogdofarnesio.com.br\/#\/schema\/person\/bb9b23ae3ad0609ce8df7b6c9e76824d"},"headline":"PRF deflagra opera\u00e7\u00e3o Carnaval 2022; confira dicas de seguran\u00e7a","datePublished":"2022-02-24T16:00:15+00:00","mainEntityOfPage":{"@id":"https:\/\/blogdofarnesio.com.br\/?p=307189"},"wordCount":732,"commentCount":0,"publisher":{"@id":"https:\/\/blogdofarnesio.com.br\/#organization"},"image":{"@id":"https:\/\/blogdofarnesio.com.br\/?p=307189#primaryimage"},"thumbnailUrl":"https:\/\/blogdofarnesio.com.br\/wp-content\/uploads\/2019\/07\/blogqspprf-policia-rodoviaria-federal.jpg","articleSection":["Estradas"],"inLanguage":"pt-BR","potentialAction":[{"@type":"CommentAction","name":"Comment","target":["https:\/\/blogdofarnesio.com.br\/?p=307189#respond"]}]},{"@type":"WebPage","@id":"https:\/\/blogdofarnesio.com.br\/?p=307189","url":"https:\/\/blogdofarnesio.com.br\/?p=307189","name":"PRF deflagra opera\u00e7\u00e3o Carnaval 2022; confira dicas de seguran\u00e7a - Blog do Farn\u00e9sio","isPartOf":{"@id":"https:\/\/blogdofarnesio.com.br\/#website"},"primaryImageOfPage":{"@id":"https:\/\/blogdofarnesio.com.br\/?p=307189#primaryimage"},"image":{"@id":"https:\/\/blogdofarnesio.com.br\/?p=307189#primaryimage"},"thumbnailUrl":"https:\/\/blogdofarnesio.com.br\/wp-content\/uploads\/2019\/07\/blogqspprf-policia-rodoviaria-federal.jpg","datePublished":"2022-02-24T16:00:15+00:00","breadcrumb":{"@id":"https:\/\/blogdofarnesio.com.br\/?p=307189#breadcrumb"},"inLanguage":"pt-BR","potentialAction":[{"@type":"ReadAction","target":["https:\/\/blogdofarnesio.com.br\/?p=307189"]}]},{"@type":"ImageObject","inLanguage":"pt-BR","@id":"https:\/\/blogdofarnesio.com.br\/?p=307189#primaryimage","url":"https:\/\/blogdofarnesio.com.br\/wp-content\/uploads\/2019\/07\/blogqspprf-policia-rodoviaria-federal.jpg","contentUrl":"https:\/\/blogdofarnesio.com.br\/wp-content\/uploads\/2019\/07\/blogqspprf-policia-rodoviaria-federal.jpg","width":695,"height":460},{"@type":"BreadcrumbList","@id":"https:\/\/blogdofarnesio.com.br\/?p=307189#breadcrumb","itemListElement":[{"@type":"ListItem","position":1,"name":"In\u00edcio","item":"https:\/\/blogdofarnesio.com.br\/"},{"@type":"ListItem","position":2,"name":"PRF deflagra opera\u00e7\u00e3o Carnaval 2022; confira dicas de seguran\u00e7a"}]},{"@type":"WebSite","@id":"https:\/\/blogdofarnesio.com.br\/#website","url":"https:\/\/blogdofarnesio.com.br\/","name":"Blog do Farn\u00e9sio","description":"Quer Saber Pol\u00edtica?","publisher":{"@id":"https:\/\/blogdofarnesio.com.br\/#organization"},"potentialAction":[{"@type":"SearchAction","target":{"@type":"EntryPoint","urlTemplate":"https:\/\/blogdofarnesio.com.br\/?s={search_term_string}"},"query-input":{"@type":"PropertyValueSpecification","valueRequired":true,"valueName":"search_term_string"}}],"inLanguage":"pt-BR"},{"@type":"Organization","@id":"https:\/\/blogdofarnesio.com.br\/#organization","name":"Blog do Farn\u00e9sio","url":"https:\/\/blogdofarnesio.com.br\/","logo":{"@type":"ImageObject","inLanguage":"pt-BR","@id":"https:\/\/blogdofarnesio.com.br\/#\/schema\/logo\/image\/","url":"https:\/\/blogdofarnesio.com.br\/wp-content\/uploads\/2026\/03\/cropped-logo_new-1.png","contentUrl":"https:\/\/blogdofarnesio.com.br\/wp-content\/uploads\/2026\/03\/cropped-logo_new-1.png","width":881,"height":685,"caption":"Blog do Farn\u00e9sio"},"image":{"@id":"https:\/\/blogdofarnesio.com.br\/#\/schema\/logo\/image\/"},"sameAs":["https:\/\/www.facebook.com\/BlogQuerSaberPolitica\/"]},{"@type":"Person","@id":"https:\/\/blogdofarnesio.com.br\/#\/schema\/person\/bb9b23ae3ad0609ce8df7b6c9e76824d","name":"Farn\u00e9sio","image":{"@type":"ImageObject","inLanguage":"pt-BR","@id":"https:\/\/secure.gravatar.com\/avatar\/986aa4c61ccdb66f8555bf88fc2a65609d00bcabd4d2d94377a727547345cbca?s=96&d=mm&r=g","url":"https:\/\/secure.gravatar.com\/avatar\/986aa4c61ccdb66f8555bf88fc2a65609d00bcabd4d2d94377a727547345cbca?s=96&d=mm&r=g","contentUrl":"https:\/\/secure.gravatar.com\/avatar\/986aa4c61ccdb66f8555bf88fc2a65609d00bcabd4d2d94377a727547345cbca?s=96&d=mm&r=g","caption":"Farn\u00e9sio"},"description":"Radialista blogueiro, chegou a Petrolina\/Juazeiro em setembro de 1980, Farn\u00e9sio Silva \u00e9 de Arapiraca-Alagoas.","sameAs":["http:\/\/blogdofarnesio.com.br","https:\/\/www.facebook.com\/?ref=tn_tnmn","https:\/\/www.instagram.com\/?utm_source=pwa_homescreen","https:\/\/youtube.com.br\/"],"url":"https:\/\/blogdofarnesio.com.br\/?author=2"}]}},"_links":{"self":[{"href":"https:\/\/blogdofarnesio.com.br\/index.php?rest_route=\/wp\/v2\/posts\/307189","targetHints":{"allow":["GET"]}}],"collection":[{"href":"https:\/\/blogdofarnesio.com.br\/index.php?rest_route=\/wp\/v2\/posts"}],"about":[{"href":"https:\/\/blogdofarnesio.com.br\/index.php?rest_route=\/wp\/v2\/types\/post"}],"author":[{"embeddable":true,"href":"https:\/\/blogdofarnesio.com.br\/index.php?rest_route=\/wp\/v2\/users\/2"}],"replies":[{"embeddable":true,"href":"https:\/\/blogdofarnesio.com.br\/index.php?rest_route=%2Fwp%2Fv2%2Fcomments&post=307189"}],"version-history":[{"count":0,"href":"https:\/\/blogdofarnesio.com.br\/index.php?rest_route=\/wp\/v2\/posts\/307189\/revisions"}],"wp:featuredmedia":[{"embeddable":true,"href":"https:\/\/blogdofarnesio.com.br\/index.php?rest_route=\/wp\/v2\/media\/233406"}],"wp:attachment":[{"href":"https:\/\/blogdofarnesio.com.br\/index.php?rest_route=%2Fwp%2Fv2%2Fmedia&parent=307189"}],"wp:term":[{"taxonomy":"category","embeddable":true,"href":"https:\/\/blogdofarnesio.com.br\/index.php?rest_route=%2Fwp%2Fv2%2Fcategories&post=307189"},{"taxonomy":"post_tag","embeddable":true,"href":"https:\/\/blogdofarnesio.com.br\/index.php?rest_route=%2Fwp%2Fv2%2Ftags&post=307189"}],"curies":[{"name":"wp","href":"https:\/\/api.w.org\/{rel}","templated":true}]}}