{"id":307048,"date":"2022-02-22T17:43:10","date_gmt":"2022-02-22T20:43:10","guid":{"rendered":"https:\/\/blogdofarnesio.com.br\/?p=307048"},"modified":"2022-02-22T17:23:17","modified_gmt":"2022-02-22T20:23:17","slug":"eleicoes-2022-ba-antecipacao-de-definicao-da-chapa-governista-coincide-com-retorno-de-wagner-ao-brasil","status":"publish","type":"post","link":"https:\/\/blogdofarnesio.com.br\/?p=307048","title":{"rendered":"Elei\u00e7\u00f5es 2022 BA: Antecipa\u00e7\u00e3o de defini\u00e7\u00e3o da chapa governista coincide com retorno de Wagner ao Brasil"},"content":{"rendered":"<p>Petistas e aliados gostaram de ouvir o governador Rui Costa (PT) informando ontem, durante a entrevista a M\u00edriam Leit\u00e3o, da Globo News, que o an\u00fancio da chapa governista pode sair ainda esta semana, antes, portanto, do prazo originalmente que ele havia previsto, de 13 de mar\u00e7o.<\/p>\n<p>Acham que n\u00e3o \u00e9 hora de se perder tempo, muito menos depois que ficou evidente que o time est\u00e1 desorganizado, sem saber como se colocar em campo. A antecipa\u00e7\u00e3o coincide com o retorno, aguardado para hoje, do senador\u00a0 Jaques Wagner (PT) de uma viagem oficial aos Estados Unidos.<\/p>\n<p>Wagner viajou no dia seguinte \u00e0 \u2018fat\u00eddica\u2019\u00a0<a href=\"https:\/\/politicalivre.com.br\/2022\/02\/otto-governador-rui-ministro-leao-senador-e-carletto-vice-a-chapa-abortada-na-reuniao-de-sp-com-lula\/#gsc.tab=0\">reuni\u00e3o em S\u00e3o Paulo<\/a>\u00a0com a c\u00fapula do governo estadual e Lula.<\/p>\n<p>&nbsp;<\/p>\n<p><span class=\"assinatura_exclusiva\">Pol\u00edtica Livre<\/span><\/p>\n","protected":false},"excerpt":{"rendered":"<p>Petistas e aliados gostaram de ouvir o governador Rui Costa (PT) informando ontem, durante a entrevista a M\u00edriam Leit\u00e3o, da Globo News, que o an\u00fancio da chapa governista pode sair ainda esta semana, antes, portanto, do prazo originalmente que ele havia previsto, de 13 de mar\u00e7o. Acham que n\u00e3o \u00e9 hora de se perder tempo, muito menos depois que ficou evidente que o time est\u00e1 desorganizado, sem saber como se colocar em campo. A antecipa\u00e7\u00e3o coincide com o retorno, aguardado para hoje, do senador\u00a0 Jaques Wagner (PT) de uma viagem oficial aos Estados Unidos. Wagner viajou no dia seguinte \u00e0 \u2018fat\u00eddica\u2019\u00a0reuni\u00e3o em S\u00e3o Paulo\u00a0com a c\u00fapula do governo estadual e Lula. &nbsp; Pol\u00edtica Livre<\/p>\n","protected":false},"author":2,"featured_media":307049,"comment_status":"open","ping_status":"open","sticky":false,"template":"","format":"standard","meta":{"_acf_changed":false,"footnotes":""},"categories":[34],"tags":[],"class_list":["post-307048","post","type-post","status-publish","format-standard","has-post-thumbnail","hentry","category-eleicoes"],"acf":[],"yoast_head":"<!-- This site is optimized with the Yoast SEO plugin v27.4 - https:\/\/yoast.com\/product\/yoast-seo-wordpress\/ -->\n<title>Elei\u00e7\u00f5es 2022 BA: Antecipa\u00e7\u00e3o de defini\u00e7\u00e3o da chapa governista coincide com retorno de Wagner ao Brasil - Blog do Farn\u00e9sio<\/title>\n<meta name=\"robots\" content=\"index, follow, max-snippet:-1, max-image-preview:large, max-video-preview:-1\" \/>\n<link rel=\"canonical\" href=\"https:\/\/blogdofarnesio.com.br\/?p=307048\" \/>\n<meta property=\"og:locale\" content=\"pt_BR\" \/>\n<meta property=\"og:type\" content=\"article\" \/>\n<meta property=\"og:title\" content=\"Elei\u00e7\u00f5es 2022 BA: Antecipa\u00e7\u00e3o de defini\u00e7\u00e3o da chapa governista coincide com retorno de Wagner ao Brasil - Blog do Farn\u00e9sio\" \/>\n<meta property=\"og:description\" content=\"Petistas e aliados gostaram de ouvir o governador Rui Costa (PT) informando ontem, durante a entrevista a M\u00edriam Leit\u00e3o, da Globo News, que o an\u00fancio da chapa governista pode sair ainda esta semana, antes, portanto, do prazo originalmente que ele havia previsto, de 13 de mar\u00e7o. Acham que n\u00e3o \u00e9 hora de se perder tempo, muito menos depois que ficou evidente que o time est\u00e1 desorganizado, sem saber como se colocar em campo. A antecipa\u00e7\u00e3o coincide com o retorno, aguardado para hoje, do senador\u00a0 Jaques Wagner (PT) de uma viagem oficial aos Estados Unidos. Wagner viajou no dia seguinte \u00e0 \u2018fat\u00eddica\u2019\u00a0reuni\u00e3o em S\u00e3o Paulo\u00a0com a c\u00fapula do governo estadual e Lula. &nbsp; Pol\u00edtica Livre\" \/>\n<meta property=\"og:url\" content=\"https:\/\/blogdofarnesio.com.br\/?p=307048\" \/>\n<meta property=\"og:site_name\" content=\"Blog do Farn\u00e9sio\" \/>\n<meta property=\"article:publisher\" content=\"https:\/\/www.facebook.com\/BlogQuerSaberPolitica\/\" \/>\n<meta property=\"article:author\" content=\"https:\/\/www.facebook.com\/?ref=tn_tnmn\" \/>\n<meta property=\"article:published_time\" content=\"2022-02-22T20:43:10+00:00\" \/>\n<meta property=\"og:image\" content=\"https:\/\/blogdofarnesio.com.br\/wp-content\/uploads\/2022\/02\/blogqspjaques-wagner.jpg\" \/>\n\t<meta property=\"og:image:width\" content=\"788\" \/>\n\t<meta property=\"og:image:height\" content=\"474\" \/>\n\t<meta property=\"og:image:type\" content=\"image\/jpeg\" \/>\n<meta name=\"author\" content=\"Farn\u00e9sio\" \/>\n<meta name=\"twitter:card\" content=\"summary_large_image\" \/>\n<meta name=\"twitter:label1\" content=\"Escrito por\" \/>\n\t<meta name=\"twitter:data1\" content=\"Farn\u00e9sio\" \/>\n\t<meta name=\"twitter:label2\" content=\"Est. tempo de leitura\" \/>\n\t<meta name=\"twitter:data2\" content=\"1 minuto\" \/>\n<script type=\"application\/ld+json\" class=\"yoast-schema-graph\">{\"@context\":\"https:\\\/\\\/schema.org\",\"@graph\":[{\"@type\":\"Article\",\"@id\":\"https:\\\/\\\/blogdofarnesio.com.br\\\/?p=307048#article\",\"isPartOf\":{\"@id\":\"https:\\\/\\\/blogdofarnesio.com.br\\\/?p=307048\"},\"author\":{\"name\":\"Farn\u00e9sio\",\"@id\":\"https:\\\/\\\/blogdofarnesio.com.br\\\/#\\\/schema\\\/person\\\/bb9b23ae3ad0609ce8df7b6c9e76824d\"},\"headline\":\"Elei\u00e7\u00f5es 2022 BA: Antecipa\u00e7\u00e3o de defini\u00e7\u00e3o da chapa governista coincide com retorno de Wagner ao Brasil\",\"datePublished\":\"2022-02-22T20:43:10+00:00\",\"mainEntityOfPage\":{\"@id\":\"https:\\\/\\\/blogdofarnesio.com.br\\\/?p=307048\"},\"wordCount\":142,\"commentCount\":0,\"publisher\":{\"@id\":\"https:\\\/\\\/blogdofarnesio.com.br\\\/#organization\"},\"image\":{\"@id\":\"https:\\\/\\\/blogdofarnesio.com.br\\\/?p=307048#primaryimage\"},\"thumbnailUrl\":\"https:\\\/\\\/blogdofarnesio.com.br\\\/wp-content\\\/uploads\\\/2022\\\/02\\\/blogqspjaques-wagner.jpg\",\"articleSection\":[\"Elei\u00e7\u00f5es\"],\"inLanguage\":\"pt-BR\",\"potentialAction\":[{\"@type\":\"CommentAction\",\"name\":\"Comment\",\"target\":[\"https:\\\/\\\/blogdofarnesio.com.br\\\/?p=307048#respond\"]}]},{\"@type\":\"WebPage\",\"@id\":\"https:\\\/\\\/blogdofarnesio.com.br\\\/?p=307048\",\"url\":\"https:\\\/\\\/blogdofarnesio.com.br\\\/?p=307048\",\"name\":\"Elei\u00e7\u00f5es 2022 BA: Antecipa\u00e7\u00e3o de defini\u00e7\u00e3o da chapa governista coincide com retorno de Wagner ao Brasil - Blog do Farn\u00e9sio\",\"isPartOf\":{\"@id\":\"https:\\\/\\\/blogdofarnesio.com.br\\\/#website\"},\"primaryImageOfPage\":{\"@id\":\"https:\\\/\\\/blogdofarnesio.com.br\\\/?p=307048#primaryimage\"},\"image\":{\"@id\":\"https:\\\/\\\/blogdofarnesio.com.br\\\/?p=307048#primaryimage\"},\"thumbnailUrl\":\"https:\\\/\\\/blogdofarnesio.com.br\\\/wp-content\\\/uploads\\\/2022\\\/02\\\/blogqspjaques-wagner.jpg\",\"datePublished\":\"2022-02-22T20:43:10+00:00\",\"breadcrumb\":{\"@id\":\"https:\\\/\\\/blogdofarnesio.com.br\\\/?p=307048#breadcrumb\"},\"inLanguage\":\"pt-BR\",\"potentialAction\":[{\"@type\":\"ReadAction\",\"target\":[\"https:\\\/\\\/blogdofarnesio.com.br\\\/?p=307048\"]}]},{\"@type\":\"ImageObject\",\"inLanguage\":\"pt-BR\",\"@id\":\"https:\\\/\\\/blogdofarnesio.com.br\\\/?p=307048#primaryimage\",\"url\":\"https:\\\/\\\/blogdofarnesio.com.br\\\/wp-content\\\/uploads\\\/2022\\\/02\\\/blogqspjaques-wagner.jpg\",\"contentUrl\":\"https:\\\/\\\/blogdofarnesio.com.br\\\/wp-content\\\/uploads\\\/2022\\\/02\\\/blogqspjaques-wagner.jpg\",\"width\":788,\"height\":474},{\"@type\":\"BreadcrumbList\",\"@id\":\"https:\\\/\\\/blogdofarnesio.com.br\\\/?p=307048#breadcrumb\",\"itemListElement\":[{\"@type\":\"ListItem\",\"position\":1,\"name\":\"In\u00edcio\",\"item\":\"https:\\\/\\\/blogdofarnesio.com.br\\\/\"},{\"@type\":\"ListItem\",\"position\":2,\"name\":\"Elei\u00e7\u00f5es 2022 BA: Antecipa\u00e7\u00e3o de defini\u00e7\u00e3o da chapa governista coincide com retorno de Wagner ao Brasil\"}]},{\"@type\":\"WebSite\",\"@id\":\"https:\\\/\\\/blogdofarnesio.com.br\\\/#website\",\"url\":\"https:\\\/\\\/blogdofarnesio.com.br\\\/\",\"name\":\"Blog do Farn\u00e9sio\",\"description\":\"Quer Saber Pol\u00edtica?\",\"publisher\":{\"@id\":\"https:\\\/\\\/blogdofarnesio.com.br\\\/#organization\"},\"potentialAction\":[{\"@type\":\"SearchAction\",\"target\":{\"@type\":\"EntryPoint\",\"urlTemplate\":\"https:\\\/\\\/blogdofarnesio.com.br\\\/?s={search_term_string}\"},\"query-input\":{\"@type\":\"PropertyValueSpecification\",\"valueRequired\":true,\"valueName\":\"search_term_string\"}}],\"inLanguage\":\"pt-BR\"},{\"@type\":\"Organization\",\"@id\":\"https:\\\/\\\/blogdofarnesio.com.br\\\/#organization\",\"name\":\"Blog do Farn\u00e9sio\",\"url\":\"https:\\\/\\\/blogdofarnesio.com.br\\\/\",\"logo\":{\"@type\":\"ImageObject\",\"inLanguage\":\"pt-BR\",\"@id\":\"https:\\\/\\\/blogdofarnesio.com.br\\\/#\\\/schema\\\/logo\\\/image\\\/\",\"url\":\"https:\\\/\\\/blogdofarnesio.com.br\\\/wp-content\\\/uploads\\\/2026\\\/03\\\/cropped-logo_new-1.png\",\"contentUrl\":\"https:\\\/\\\/blogdofarnesio.com.br\\\/wp-content\\\/uploads\\\/2026\\\/03\\\/cropped-logo_new-1.png\",\"width\":881,\"height\":685,\"caption\":\"Blog do Farn\u00e9sio\"},\"image\":{\"@id\":\"https:\\\/\\\/blogdofarnesio.com.br\\\/#\\\/schema\\\/logo\\\/image\\\/\"},\"sameAs\":[\"https:\\\/\\\/www.facebook.com\\\/BlogQuerSaberPolitica\\\/\"]},{\"@type\":\"Person\",\"@id\":\"https:\\\/\\\/blogdofarnesio.com.br\\\/#\\\/schema\\\/person\\\/bb9b23ae3ad0609ce8df7b6c9e76824d\",\"name\":\"Farn\u00e9sio\",\"image\":{\"@type\":\"ImageObject\",\"inLanguage\":\"pt-BR\",\"@id\":\"https:\\\/\\\/secure.gravatar.com\\\/avatar\\\/986aa4c61ccdb66f8555bf88fc2a65609d00bcabd4d2d94377a727547345cbca?s=96&d=mm&r=g\",\"url\":\"https:\\\/\\\/secure.gravatar.com\\\/avatar\\\/986aa4c61ccdb66f8555bf88fc2a65609d00bcabd4d2d94377a727547345cbca?s=96&d=mm&r=g\",\"contentUrl\":\"https:\\\/\\\/secure.gravatar.com\\\/avatar\\\/986aa4c61ccdb66f8555bf88fc2a65609d00bcabd4d2d94377a727547345cbca?s=96&d=mm&r=g\",\"caption\":\"Farn\u00e9sio\"},\"description\":\"Radialista blogueiro, chegou a Petrolina\\\/Juazeiro em setembro de 1980, Farn\u00e9sio Silva \u00e9 de Arapiraca-Alagoas.\",\"sameAs\":[\"http:\\\/\\\/blogdofarnesio.com.br\",\"https:\\\/\\\/www.facebook.com\\\/?ref=tn_tnmn\",\"https:\\\/\\\/www.instagram.com\\\/?utm_source=pwa_homescreen\",\"https:\\\/\\\/youtube.com.br\\\/\"],\"url\":\"https:\\\/\\\/blogdofarnesio.com.br\\\/?author=2\"}]}<\/script>\n<!-- \/ Yoast SEO plugin. -->","yoast_head_json":{"title":"Elei\u00e7\u00f5es 2022 BA: Antecipa\u00e7\u00e3o de defini\u00e7\u00e3o da chapa governista coincide com retorno de Wagner ao Brasil - Blog do Farn\u00e9sio","robots":{"index":"index","follow":"follow","max-snippet":"max-snippet:-1","max-image-preview":"max-image-preview:large","max-video-preview":"max-video-preview:-1"},"canonical":"https:\/\/blogdofarnesio.com.br\/?p=307048","og_locale":"pt_BR","og_type":"article","og_title":"Elei\u00e7\u00f5es 2022 BA: Antecipa\u00e7\u00e3o de defini\u00e7\u00e3o da chapa governista coincide com retorno de Wagner ao Brasil - Blog do Farn\u00e9sio","og_description":"Petistas e aliados gostaram de ouvir o governador Rui Costa (PT) informando ontem, durante a entrevista a M\u00edriam Leit\u00e3o, da Globo News, que o an\u00fancio da chapa governista pode sair ainda esta semana, antes, portanto, do prazo originalmente que ele havia previsto, de 13 de mar\u00e7o. Acham que n\u00e3o \u00e9 hora de se perder tempo, muito menos depois que ficou evidente que o time est\u00e1 desorganizado, sem saber como se colocar em campo. A antecipa\u00e7\u00e3o coincide com o retorno, aguardado para hoje, do senador\u00a0 Jaques Wagner (PT) de uma viagem oficial aos Estados Unidos. Wagner viajou no dia seguinte \u00e0 \u2018fat\u00eddica\u2019\u00a0reuni\u00e3o em S\u00e3o Paulo\u00a0com a c\u00fapula do governo estadual e Lula. &nbsp; Pol\u00edtica Livre","og_url":"https:\/\/blogdofarnesio.com.br\/?p=307048","og_site_name":"Blog do Farn\u00e9sio","article_publisher":"https:\/\/www.facebook.com\/BlogQuerSaberPolitica\/","article_author":"https:\/\/www.facebook.com\/?ref=tn_tnmn","article_published_time":"2022-02-22T20:43:10+00:00","og_image":[{"width":788,"height":474,"url":"https:\/\/blogdofarnesio.com.br\/wp-content\/uploads\/2022\/02\/blogqspjaques-wagner.jpg","type":"image\/jpeg"}],"author":"Farn\u00e9sio","twitter_card":"summary_large_image","twitter_misc":{"Escrito por":"Farn\u00e9sio","Est. tempo de leitura":"1 minuto"},"schema":{"@context":"https:\/\/schema.org","@graph":[{"@type":"Article","@id":"https:\/\/blogdofarnesio.com.br\/?p=307048#article","isPartOf":{"@id":"https:\/\/blogdofarnesio.com.br\/?p=307048"},"author":{"name":"Farn\u00e9sio","@id":"https:\/\/blogdofarnesio.com.br\/#\/schema\/person\/bb9b23ae3ad0609ce8df7b6c9e76824d"},"headline":"Elei\u00e7\u00f5es 2022 BA: Antecipa\u00e7\u00e3o de defini\u00e7\u00e3o da chapa governista coincide com retorno de Wagner ao Brasil","datePublished":"2022-02-22T20:43:10+00:00","mainEntityOfPage":{"@id":"https:\/\/blogdofarnesio.com.br\/?p=307048"},"wordCount":142,"commentCount":0,"publisher":{"@id":"https:\/\/blogdofarnesio.com.br\/#organization"},"image":{"@id":"https:\/\/blogdofarnesio.com.br\/?p=307048#primaryimage"},"thumbnailUrl":"https:\/\/blogdofarnesio.com.br\/wp-content\/uploads\/2022\/02\/blogqspjaques-wagner.jpg","articleSection":["Elei\u00e7\u00f5es"],"inLanguage":"pt-BR","potentialAction":[{"@type":"CommentAction","name":"Comment","target":["https:\/\/blogdofarnesio.com.br\/?p=307048#respond"]}]},{"@type":"WebPage","@id":"https:\/\/blogdofarnesio.com.br\/?p=307048","url":"https:\/\/blogdofarnesio.com.br\/?p=307048","name":"Elei\u00e7\u00f5es 2022 BA: Antecipa\u00e7\u00e3o de defini\u00e7\u00e3o da chapa governista coincide com retorno de Wagner ao Brasil - Blog do Farn\u00e9sio","isPartOf":{"@id":"https:\/\/blogdofarnesio.com.br\/#website"},"primaryImageOfPage":{"@id":"https:\/\/blogdofarnesio.com.br\/?p=307048#primaryimage"},"image":{"@id":"https:\/\/blogdofarnesio.com.br\/?p=307048#primaryimage"},"thumbnailUrl":"https:\/\/blogdofarnesio.com.br\/wp-content\/uploads\/2022\/02\/blogqspjaques-wagner.jpg","datePublished":"2022-02-22T20:43:10+00:00","breadcrumb":{"@id":"https:\/\/blogdofarnesio.com.br\/?p=307048#breadcrumb"},"inLanguage":"pt-BR","potentialAction":[{"@type":"ReadAction","target":["https:\/\/blogdofarnesio.com.br\/?p=307048"]}]},{"@type":"ImageObject","inLanguage":"pt-BR","@id":"https:\/\/blogdofarnesio.com.br\/?p=307048#primaryimage","url":"https:\/\/blogdofarnesio.com.br\/wp-content\/uploads\/2022\/02\/blogqspjaques-wagner.jpg","contentUrl":"https:\/\/blogdofarnesio.com.br\/wp-content\/uploads\/2022\/02\/blogqspjaques-wagner.jpg","width":788,"height":474},{"@type":"BreadcrumbList","@id":"https:\/\/blogdofarnesio.com.br\/?p=307048#breadcrumb","itemListElement":[{"@type":"ListItem","position":1,"name":"In\u00edcio","item":"https:\/\/blogdofarnesio.com.br\/"},{"@type":"ListItem","position":2,"name":"Elei\u00e7\u00f5es 2022 BA: Antecipa\u00e7\u00e3o de defini\u00e7\u00e3o da chapa governista coincide com retorno de Wagner ao Brasil"}]},{"@type":"WebSite","@id":"https:\/\/blogdofarnesio.com.br\/#website","url":"https:\/\/blogdofarnesio.com.br\/","name":"Blog do Farn\u00e9sio","description":"Quer Saber Pol\u00edtica?","publisher":{"@id":"https:\/\/blogdofarnesio.com.br\/#organization"},"potentialAction":[{"@type":"SearchAction","target":{"@type":"EntryPoint","urlTemplate":"https:\/\/blogdofarnesio.com.br\/?s={search_term_string}"},"query-input":{"@type":"PropertyValueSpecification","valueRequired":true,"valueName":"search_term_string"}}],"inLanguage":"pt-BR"},{"@type":"Organization","@id":"https:\/\/blogdofarnesio.com.br\/#organization","name":"Blog do Farn\u00e9sio","url":"https:\/\/blogdofarnesio.com.br\/","logo":{"@type":"ImageObject","inLanguage":"pt-BR","@id":"https:\/\/blogdofarnesio.com.br\/#\/schema\/logo\/image\/","url":"https:\/\/blogdofarnesio.com.br\/wp-content\/uploads\/2026\/03\/cropped-logo_new-1.png","contentUrl":"https:\/\/blogdofarnesio.com.br\/wp-content\/uploads\/2026\/03\/cropped-logo_new-1.png","width":881,"height":685,"caption":"Blog do Farn\u00e9sio"},"image":{"@id":"https:\/\/blogdofarnesio.com.br\/#\/schema\/logo\/image\/"},"sameAs":["https:\/\/www.facebook.com\/BlogQuerSaberPolitica\/"]},{"@type":"Person","@id":"https:\/\/blogdofarnesio.com.br\/#\/schema\/person\/bb9b23ae3ad0609ce8df7b6c9e76824d","name":"Farn\u00e9sio","image":{"@type":"ImageObject","inLanguage":"pt-BR","@id":"https:\/\/secure.gravatar.com\/avatar\/986aa4c61ccdb66f8555bf88fc2a65609d00bcabd4d2d94377a727547345cbca?s=96&d=mm&r=g","url":"https:\/\/secure.gravatar.com\/avatar\/986aa4c61ccdb66f8555bf88fc2a65609d00bcabd4d2d94377a727547345cbca?s=96&d=mm&r=g","contentUrl":"https:\/\/secure.gravatar.com\/avatar\/986aa4c61ccdb66f8555bf88fc2a65609d00bcabd4d2d94377a727547345cbca?s=96&d=mm&r=g","caption":"Farn\u00e9sio"},"description":"Radialista blogueiro, chegou a Petrolina\/Juazeiro em setembro de 1980, Farn\u00e9sio Silva \u00e9 de Arapiraca-Alagoas.","sameAs":["http:\/\/blogdofarnesio.com.br","https:\/\/www.facebook.com\/?ref=tn_tnmn","https:\/\/www.instagram.com\/?utm_source=pwa_homescreen","https:\/\/youtube.com.br\/"],"url":"https:\/\/blogdofarnesio.com.br\/?author=2"}]}},"_links":{"self":[{"href":"https:\/\/blogdofarnesio.com.br\/index.php?rest_route=\/wp\/v2\/posts\/307048","targetHints":{"allow":["GET"]}}],"collection":[{"href":"https:\/\/blogdofarnesio.com.br\/index.php?rest_route=\/wp\/v2\/posts"}],"about":[{"href":"https:\/\/blogdofarnesio.com.br\/index.php?rest_route=\/wp\/v2\/types\/post"}],"author":[{"embeddable":true,"href":"https:\/\/blogdofarnesio.com.br\/index.php?rest_route=\/wp\/v2\/users\/2"}],"replies":[{"embeddable":true,"href":"https:\/\/blogdofarnesio.com.br\/index.php?rest_route=%2Fwp%2Fv2%2Fcomments&post=307048"}],"version-history":[{"count":0,"href":"https:\/\/blogdofarnesio.com.br\/index.php?rest_route=\/wp\/v2\/posts\/307048\/revisions"}],"wp:featuredmedia":[{"embeddable":true,"href":"https:\/\/blogdofarnesio.com.br\/index.php?rest_route=\/wp\/v2\/media\/307049"}],"wp:attachment":[{"href":"https:\/\/blogdofarnesio.com.br\/index.php?rest_route=%2Fwp%2Fv2%2Fmedia&parent=307048"}],"wp:term":[{"taxonomy":"category","embeddable":true,"href":"https:\/\/blogdofarnesio.com.br\/index.php?rest_route=%2Fwp%2Fv2%2Fcategories&post=307048"},{"taxonomy":"post_tag","embeddable":true,"href":"https:\/\/blogdofarnesio.com.br\/index.php?rest_route=%2Fwp%2Fv2%2Ftags&post=307048"}],"curies":[{"name":"wp","href":"https:\/\/api.w.org\/{rel}","templated":true}]}}