{"id":307040,"date":"2022-02-22T17:03:37","date_gmt":"2022-02-22T20:03:37","guid":{"rendered":"https:\/\/blogdofarnesio.com.br\/?p=307040"},"modified":"2022-02-22T16:45:11","modified_gmt":"2022-02-22T19:45:11","slug":"biden-acusa-russia-de-invadir-ucrania-e-anuncia-sancoes-contra-o-pais","status":"publish","type":"post","link":"https:\/\/blogdofarnesio.com.br\/?p=307040","title":{"rendered":"Biden acusa R\u00fassia de invadir Ucr\u00e2nia e anuncia san\u00e7\u00f5es contra o pa\u00eds"},"content":{"rendered":"<figure><figcaption><b>247 <\/b>&#8211; O presidente dos Estados Unidos, Joe Biden, anunciou na tarde desta ter\u00e7a-feira (22) em pronunciamento que ordenar\u00e1 a aplica\u00e7\u00e3o de san\u00e7\u00f5es contra a R\u00fassia e acusou o presidente Vladimir Putin de invadir a Ucr\u00e2nia com a decis\u00e3o de\u00a0<a href=\"https:\/\/www.brasil247.com\/mundo\/putin-assina-decreto-historico-que-reconhece-republicas-de-donetsk-e-lugansk-na-ucrania\" target=\"_blank\" rel=\"noopener\"><u>reconhecer as rep\u00fablicas de Donetsk e Lugansk<\/u><\/a>\u00a0e anunciar o\u00a0<a href=\"https:\/\/www.brasil247.com\/mundo\/putin-ordena-deslocamento-de-tropas-as-regioes-separatistas-da-ucrania-para-manter-a-paz\" target=\"_blank\" rel=\"noopener\"><u>envio de tropas para a regi\u00e3o de Donass<\/u><\/a>.<\/figcaption><\/figure>\n<div class=\"article__text marginTop30\">\n<p>\u201cVamos aplicar san\u00e7\u00f5es muito al\u00e9m do que fizemos em 2014. E vamos continuar. \u00c9 uma viola\u00e7\u00e3o flagrante das leis internacionais\u201d, disse Biden. Ele falou em um \u201cprimeiro pacote\u201d de san\u00e7\u00f5es e afirmou que, caso n\u00e3o haja recuo da R\u00fassia, anunciar\u00e1 mais medidas econ\u00f4micas contra o pa\u00eds.<\/p>\n<p>Joe Biden anunciou san\u00e7\u00f5es contra quatro institui\u00e7\u00f5es financeiras russas, contra a d\u00edvida da R\u00fassia &#8211; \u201cvamos cortar a maneira como a R\u00fassia pede financiamento nos mercados internacionais\u201d &#8211; e contra as elites econ\u00f4micas da R\u00fassia. Segundo ele, o governo dos Estados Unidos ir\u00e1 \u201cdefender cada mil\u00edmetro do territ\u00f3rio da Otan\u201d e declarou que se tratam de \u201cmovimentos defensivos e n\u00e3o ofensivos \u00e0 R\u00fassia\u201d.<img loading=\"lazy\" decoding=\"async\" src=\"https:\/\/track.mailerlite.com\/webforms\/o\/4533589\/q9s5r2?v1640903904\" alt=\".\" width=\"1\" height=\"1\" border=\"0\" \/><\/p>\n<p>Biden voltou a dizer que os EUA acreditam que a R\u00fassia ainda ir\u00e1 atacar a Ucr\u00e2nia. E anunciou ainda que ir\u00e1 enviar o mesmo n\u00famero de soldados que h\u00e1 hoje na Belarus pela Otan (cerca de 30 mil militares) nos territ\u00f3rios da Let\u00f4nia e da Litu\u00e2nia.<\/p>\n<\/div>\n","protected":false},"excerpt":{"rendered":"<p>247 &#8211; O presidente dos Estados Unidos, Joe Biden, anunciou na tarde desta ter\u00e7a-feira (22) em pronunciamento que ordenar\u00e1 a aplica\u00e7\u00e3o de san\u00e7\u00f5es contra a R\u00fassia e acusou o presidente Vladimir Putin de invadir a Ucr\u00e2nia com a decis\u00e3o de\u00a0reconhecer as rep\u00fablicas de Donetsk e Lugansk\u00a0e anunciar o\u00a0envio de tropas para a regi\u00e3o de Donass. \u201cVamos aplicar san\u00e7\u00f5es muito al\u00e9m do que fizemos em 2014. E vamos continuar. \u00c9 uma viola\u00e7\u00e3o flagrante das leis internacionais\u201d, disse Biden. Ele falou em um \u201cprimeiro pacote\u201d de san\u00e7\u00f5es e afirmou que, caso n\u00e3o haja recuo da R\u00fassia, anunciar\u00e1 mais medidas econ\u00f4micas contra o pa\u00eds. Joe Biden anunciou san\u00e7\u00f5es contra quatro institui\u00e7\u00f5es financeiras russas, contra a d\u00edvida da R\u00fassia &#8211; \u201cvamos cortar a maneira&hellip; <\/p>\n","protected":false},"author":2,"featured_media":307041,"comment_status":"open","ping_status":"open","sticky":false,"template":"","format":"standard","meta":{"_acf_changed":false,"footnotes":""},"categories":[1],"tags":[],"class_list":["post-307040","post","type-post","status-publish","format-standard","has-post-thumbnail","hentry","category-politica"],"acf":[],"yoast_head":"<!-- This site is optimized with the Yoast SEO plugin v27.4 - https:\/\/yoast.com\/product\/yoast-seo-wordpress\/ -->\n<title>Biden acusa R\u00fassia de invadir Ucr\u00e2nia e anuncia san\u00e7\u00f5es contra o pa\u00eds - Blog do Farn\u00e9sio<\/title>\n<meta name=\"robots\" content=\"index, follow, max-snippet:-1, max-image-preview:large, max-video-preview:-1\" \/>\n<link rel=\"canonical\" href=\"https:\/\/blogdofarnesio.com.br\/?p=307040\" \/>\n<meta property=\"og:locale\" content=\"pt_BR\" \/>\n<meta property=\"og:type\" content=\"article\" \/>\n<meta property=\"og:title\" content=\"Biden acusa R\u00fassia de invadir Ucr\u00e2nia e anuncia san\u00e7\u00f5es contra o pa\u00eds - Blog do Farn\u00e9sio\" \/>\n<meta property=\"og:description\" content=\"247 &#8211; O presidente dos Estados Unidos, Joe Biden, anunciou na tarde desta ter\u00e7a-feira (22) em pronunciamento que ordenar\u00e1 a aplica\u00e7\u00e3o de san\u00e7\u00f5es contra a R\u00fassia e acusou o presidente Vladimir Putin de invadir a Ucr\u00e2nia com a decis\u00e3o de\u00a0reconhecer as rep\u00fablicas de Donetsk e Lugansk\u00a0e anunciar o\u00a0envio de tropas para a regi\u00e3o de Donass. \u201cVamos aplicar san\u00e7\u00f5es muito al\u00e9m do que fizemos em 2014. E vamos continuar. \u00c9 uma viola\u00e7\u00e3o flagrante das leis internacionais\u201d, disse Biden. Ele falou em um \u201cprimeiro pacote\u201d de san\u00e7\u00f5es e afirmou que, caso n\u00e3o haja recuo da R\u00fassia, anunciar\u00e1 mais medidas econ\u00f4micas contra o pa\u00eds. Joe Biden anunciou san\u00e7\u00f5es contra quatro institui\u00e7\u00f5es financeiras russas, contra a d\u00edvida da R\u00fassia &#8211; \u201cvamos cortar a maneira&hellip;\" \/>\n<meta property=\"og:url\" content=\"https:\/\/blogdofarnesio.com.br\/?p=307040\" \/>\n<meta property=\"og:site_name\" content=\"Blog do Farn\u00e9sio\" \/>\n<meta property=\"article:publisher\" content=\"https:\/\/www.facebook.com\/BlogQuerSaberPolitica\/\" \/>\n<meta property=\"article:author\" content=\"https:\/\/www.facebook.com\/?ref=tn_tnmn\" \/>\n<meta property=\"article:published_time\" content=\"2022-02-22T20:03:37+00:00\" \/>\n<meta property=\"og:image\" content=\"https:\/\/blogdofarnesio.com.br\/wp-content\/uploads\/2022\/02\/blogqsp-joe-biden-putin.jpg\" \/>\n\t<meta property=\"og:image:width\" content=\"745\" \/>\n\t<meta property=\"og:image:height\" content=\"387\" \/>\n\t<meta property=\"og:image:type\" content=\"image\/jpeg\" \/>\n<meta name=\"author\" content=\"Farn\u00e9sio\" \/>\n<meta name=\"twitter:card\" content=\"summary_large_image\" \/>\n<meta name=\"twitter:label1\" content=\"Escrito por\" \/>\n\t<meta name=\"twitter:data1\" content=\"Farn\u00e9sio\" \/>\n\t<meta name=\"twitter:label2\" content=\"Est. tempo de leitura\" \/>\n\t<meta name=\"twitter:data2\" content=\"1 minuto\" \/>\n<script type=\"application\/ld+json\" class=\"yoast-schema-graph\">{\"@context\":\"https:\\\/\\\/schema.org\",\"@graph\":[{\"@type\":\"Article\",\"@id\":\"https:\\\/\\\/blogdofarnesio.com.br\\\/?p=307040#article\",\"isPartOf\":{\"@id\":\"https:\\\/\\\/blogdofarnesio.com.br\\\/?p=307040\"},\"author\":{\"name\":\"Farn\u00e9sio\",\"@id\":\"https:\\\/\\\/blogdofarnesio.com.br\\\/#\\\/schema\\\/person\\\/bb9b23ae3ad0609ce8df7b6c9e76824d\"},\"headline\":\"Biden acusa R\u00fassia de invadir Ucr\u00e2nia e anuncia san\u00e7\u00f5es contra o pa\u00eds\",\"datePublished\":\"2022-02-22T20:03:37+00:00\",\"mainEntityOfPage\":{\"@id\":\"https:\\\/\\\/blogdofarnesio.com.br\\\/?p=307040\"},\"wordCount\":256,\"commentCount\":0,\"publisher\":{\"@id\":\"https:\\\/\\\/blogdofarnesio.com.br\\\/#organization\"},\"image\":{\"@id\":\"https:\\\/\\\/blogdofarnesio.com.br\\\/?p=307040#primaryimage\"},\"thumbnailUrl\":\"https:\\\/\\\/blogdofarnesio.com.br\\\/wp-content\\\/uploads\\\/2022\\\/02\\\/blogqsp-joe-biden-putin.jpg\",\"articleSection\":[\"Pol\u00edtica\"],\"inLanguage\":\"pt-BR\",\"potentialAction\":[{\"@type\":\"CommentAction\",\"name\":\"Comment\",\"target\":[\"https:\\\/\\\/blogdofarnesio.com.br\\\/?p=307040#respond\"]}]},{\"@type\":\"WebPage\",\"@id\":\"https:\\\/\\\/blogdofarnesio.com.br\\\/?p=307040\",\"url\":\"https:\\\/\\\/blogdofarnesio.com.br\\\/?p=307040\",\"name\":\"Biden acusa R\u00fassia de invadir Ucr\u00e2nia e anuncia san\u00e7\u00f5es contra o pa\u00eds - Blog do Farn\u00e9sio\",\"isPartOf\":{\"@id\":\"https:\\\/\\\/blogdofarnesio.com.br\\\/#website\"},\"primaryImageOfPage\":{\"@id\":\"https:\\\/\\\/blogdofarnesio.com.br\\\/?p=307040#primaryimage\"},\"image\":{\"@id\":\"https:\\\/\\\/blogdofarnesio.com.br\\\/?p=307040#primaryimage\"},\"thumbnailUrl\":\"https:\\\/\\\/blogdofarnesio.com.br\\\/wp-content\\\/uploads\\\/2022\\\/02\\\/blogqsp-joe-biden-putin.jpg\",\"datePublished\":\"2022-02-22T20:03:37+00:00\",\"breadcrumb\":{\"@id\":\"https:\\\/\\\/blogdofarnesio.com.br\\\/?p=307040#breadcrumb\"},\"inLanguage\":\"pt-BR\",\"potentialAction\":[{\"@type\":\"ReadAction\",\"target\":[\"https:\\\/\\\/blogdofarnesio.com.br\\\/?p=307040\"]}]},{\"@type\":\"ImageObject\",\"inLanguage\":\"pt-BR\",\"@id\":\"https:\\\/\\\/blogdofarnesio.com.br\\\/?p=307040#primaryimage\",\"url\":\"https:\\\/\\\/blogdofarnesio.com.br\\\/wp-content\\\/uploads\\\/2022\\\/02\\\/blogqsp-joe-biden-putin.jpg\",\"contentUrl\":\"https:\\\/\\\/blogdofarnesio.com.br\\\/wp-content\\\/uploads\\\/2022\\\/02\\\/blogqsp-joe-biden-putin.jpg\",\"width\":745,\"height\":387},{\"@type\":\"BreadcrumbList\",\"@id\":\"https:\\\/\\\/blogdofarnesio.com.br\\\/?p=307040#breadcrumb\",\"itemListElement\":[{\"@type\":\"ListItem\",\"position\":1,\"name\":\"In\u00edcio\",\"item\":\"https:\\\/\\\/blogdofarnesio.com.br\\\/\"},{\"@type\":\"ListItem\",\"position\":2,\"name\":\"Biden acusa R\u00fassia de invadir Ucr\u00e2nia e anuncia san\u00e7\u00f5es contra o pa\u00eds\"}]},{\"@type\":\"WebSite\",\"@id\":\"https:\\\/\\\/blogdofarnesio.com.br\\\/#website\",\"url\":\"https:\\\/\\\/blogdofarnesio.com.br\\\/\",\"name\":\"Blog do Farn\u00e9sio\",\"description\":\"Quer Saber Pol\u00edtica?\",\"publisher\":{\"@id\":\"https:\\\/\\\/blogdofarnesio.com.br\\\/#organization\"},\"potentialAction\":[{\"@type\":\"SearchAction\",\"target\":{\"@type\":\"EntryPoint\",\"urlTemplate\":\"https:\\\/\\\/blogdofarnesio.com.br\\\/?s={search_term_string}\"},\"query-input\":{\"@type\":\"PropertyValueSpecification\",\"valueRequired\":true,\"valueName\":\"search_term_string\"}}],\"inLanguage\":\"pt-BR\"},{\"@type\":\"Organization\",\"@id\":\"https:\\\/\\\/blogdofarnesio.com.br\\\/#organization\",\"name\":\"Blog do Farn\u00e9sio\",\"url\":\"https:\\\/\\\/blogdofarnesio.com.br\\\/\",\"logo\":{\"@type\":\"ImageObject\",\"inLanguage\":\"pt-BR\",\"@id\":\"https:\\\/\\\/blogdofarnesio.com.br\\\/#\\\/schema\\\/logo\\\/image\\\/\",\"url\":\"https:\\\/\\\/blogdofarnesio.com.br\\\/wp-content\\\/uploads\\\/2026\\\/03\\\/cropped-logo_new-1.png\",\"contentUrl\":\"https:\\\/\\\/blogdofarnesio.com.br\\\/wp-content\\\/uploads\\\/2026\\\/03\\\/cropped-logo_new-1.png\",\"width\":881,\"height\":685,\"caption\":\"Blog do Farn\u00e9sio\"},\"image\":{\"@id\":\"https:\\\/\\\/blogdofarnesio.com.br\\\/#\\\/schema\\\/logo\\\/image\\\/\"},\"sameAs\":[\"https:\\\/\\\/www.facebook.com\\\/BlogQuerSaberPolitica\\\/\"]},{\"@type\":\"Person\",\"@id\":\"https:\\\/\\\/blogdofarnesio.com.br\\\/#\\\/schema\\\/person\\\/bb9b23ae3ad0609ce8df7b6c9e76824d\",\"name\":\"Farn\u00e9sio\",\"image\":{\"@type\":\"ImageObject\",\"inLanguage\":\"pt-BR\",\"@id\":\"https:\\\/\\\/secure.gravatar.com\\\/avatar\\\/986aa4c61ccdb66f8555bf88fc2a65609d00bcabd4d2d94377a727547345cbca?s=96&d=mm&r=g\",\"url\":\"https:\\\/\\\/secure.gravatar.com\\\/avatar\\\/986aa4c61ccdb66f8555bf88fc2a65609d00bcabd4d2d94377a727547345cbca?s=96&d=mm&r=g\",\"contentUrl\":\"https:\\\/\\\/secure.gravatar.com\\\/avatar\\\/986aa4c61ccdb66f8555bf88fc2a65609d00bcabd4d2d94377a727547345cbca?s=96&d=mm&r=g\",\"caption\":\"Farn\u00e9sio\"},\"description\":\"Radialista blogueiro, chegou a Petrolina\\\/Juazeiro em setembro de 1980, Farn\u00e9sio Silva \u00e9 de Arapiraca-Alagoas.\",\"sameAs\":[\"http:\\\/\\\/blogdofarnesio.com.br\",\"https:\\\/\\\/www.facebook.com\\\/?ref=tn_tnmn\",\"https:\\\/\\\/www.instagram.com\\\/?utm_source=pwa_homescreen\",\"https:\\\/\\\/youtube.com.br\\\/\"],\"url\":\"https:\\\/\\\/blogdofarnesio.com.br\\\/?author=2\"}]}<\/script>\n<!-- \/ Yoast SEO plugin. -->","yoast_head_json":{"title":"Biden acusa R\u00fassia de invadir Ucr\u00e2nia e anuncia san\u00e7\u00f5es contra o pa\u00eds - Blog do Farn\u00e9sio","robots":{"index":"index","follow":"follow","max-snippet":"max-snippet:-1","max-image-preview":"max-image-preview:large","max-video-preview":"max-video-preview:-1"},"canonical":"https:\/\/blogdofarnesio.com.br\/?p=307040","og_locale":"pt_BR","og_type":"article","og_title":"Biden acusa R\u00fassia de invadir Ucr\u00e2nia e anuncia san\u00e7\u00f5es contra o pa\u00eds - Blog do Farn\u00e9sio","og_description":"247 &#8211; O presidente dos Estados Unidos, Joe Biden, anunciou na tarde desta ter\u00e7a-feira (22) em pronunciamento que ordenar\u00e1 a aplica\u00e7\u00e3o de san\u00e7\u00f5es contra a R\u00fassia e acusou o presidente Vladimir Putin de invadir a Ucr\u00e2nia com a decis\u00e3o de\u00a0reconhecer as rep\u00fablicas de Donetsk e Lugansk\u00a0e anunciar o\u00a0envio de tropas para a regi\u00e3o de Donass. \u201cVamos aplicar san\u00e7\u00f5es muito al\u00e9m do que fizemos em 2014. E vamos continuar. \u00c9 uma viola\u00e7\u00e3o flagrante das leis internacionais\u201d, disse Biden. Ele falou em um \u201cprimeiro pacote\u201d de san\u00e7\u00f5es e afirmou que, caso n\u00e3o haja recuo da R\u00fassia, anunciar\u00e1 mais medidas econ\u00f4micas contra o pa\u00eds. Joe Biden anunciou san\u00e7\u00f5es contra quatro institui\u00e7\u00f5es financeiras russas, contra a d\u00edvida da R\u00fassia &#8211; \u201cvamos cortar a maneira&hellip;","og_url":"https:\/\/blogdofarnesio.com.br\/?p=307040","og_site_name":"Blog do Farn\u00e9sio","article_publisher":"https:\/\/www.facebook.com\/BlogQuerSaberPolitica\/","article_author":"https:\/\/www.facebook.com\/?ref=tn_tnmn","article_published_time":"2022-02-22T20:03:37+00:00","og_image":[{"width":745,"height":387,"url":"https:\/\/blogdofarnesio.com.br\/wp-content\/uploads\/2022\/02\/blogqsp-joe-biden-putin.jpg","type":"image\/jpeg"}],"author":"Farn\u00e9sio","twitter_card":"summary_large_image","twitter_misc":{"Escrito por":"Farn\u00e9sio","Est. tempo de leitura":"1 minuto"},"schema":{"@context":"https:\/\/schema.org","@graph":[{"@type":"Article","@id":"https:\/\/blogdofarnesio.com.br\/?p=307040#article","isPartOf":{"@id":"https:\/\/blogdofarnesio.com.br\/?p=307040"},"author":{"name":"Farn\u00e9sio","@id":"https:\/\/blogdofarnesio.com.br\/#\/schema\/person\/bb9b23ae3ad0609ce8df7b6c9e76824d"},"headline":"Biden acusa R\u00fassia de invadir Ucr\u00e2nia e anuncia san\u00e7\u00f5es contra o pa\u00eds","datePublished":"2022-02-22T20:03:37+00:00","mainEntityOfPage":{"@id":"https:\/\/blogdofarnesio.com.br\/?p=307040"},"wordCount":256,"commentCount":0,"publisher":{"@id":"https:\/\/blogdofarnesio.com.br\/#organization"},"image":{"@id":"https:\/\/blogdofarnesio.com.br\/?p=307040#primaryimage"},"thumbnailUrl":"https:\/\/blogdofarnesio.com.br\/wp-content\/uploads\/2022\/02\/blogqsp-joe-biden-putin.jpg","articleSection":["Pol\u00edtica"],"inLanguage":"pt-BR","potentialAction":[{"@type":"CommentAction","name":"Comment","target":["https:\/\/blogdofarnesio.com.br\/?p=307040#respond"]}]},{"@type":"WebPage","@id":"https:\/\/blogdofarnesio.com.br\/?p=307040","url":"https:\/\/blogdofarnesio.com.br\/?p=307040","name":"Biden acusa R\u00fassia de invadir Ucr\u00e2nia e anuncia san\u00e7\u00f5es contra o pa\u00eds - Blog do Farn\u00e9sio","isPartOf":{"@id":"https:\/\/blogdofarnesio.com.br\/#website"},"primaryImageOfPage":{"@id":"https:\/\/blogdofarnesio.com.br\/?p=307040#primaryimage"},"image":{"@id":"https:\/\/blogdofarnesio.com.br\/?p=307040#primaryimage"},"thumbnailUrl":"https:\/\/blogdofarnesio.com.br\/wp-content\/uploads\/2022\/02\/blogqsp-joe-biden-putin.jpg","datePublished":"2022-02-22T20:03:37+00:00","breadcrumb":{"@id":"https:\/\/blogdofarnesio.com.br\/?p=307040#breadcrumb"},"inLanguage":"pt-BR","potentialAction":[{"@type":"ReadAction","target":["https:\/\/blogdofarnesio.com.br\/?p=307040"]}]},{"@type":"ImageObject","inLanguage":"pt-BR","@id":"https:\/\/blogdofarnesio.com.br\/?p=307040#primaryimage","url":"https:\/\/blogdofarnesio.com.br\/wp-content\/uploads\/2022\/02\/blogqsp-joe-biden-putin.jpg","contentUrl":"https:\/\/blogdofarnesio.com.br\/wp-content\/uploads\/2022\/02\/blogqsp-joe-biden-putin.jpg","width":745,"height":387},{"@type":"BreadcrumbList","@id":"https:\/\/blogdofarnesio.com.br\/?p=307040#breadcrumb","itemListElement":[{"@type":"ListItem","position":1,"name":"In\u00edcio","item":"https:\/\/blogdofarnesio.com.br\/"},{"@type":"ListItem","position":2,"name":"Biden acusa R\u00fassia de invadir Ucr\u00e2nia e anuncia san\u00e7\u00f5es contra o pa\u00eds"}]},{"@type":"WebSite","@id":"https:\/\/blogdofarnesio.com.br\/#website","url":"https:\/\/blogdofarnesio.com.br\/","name":"Blog do Farn\u00e9sio","description":"Quer Saber Pol\u00edtica?","publisher":{"@id":"https:\/\/blogdofarnesio.com.br\/#organization"},"potentialAction":[{"@type":"SearchAction","target":{"@type":"EntryPoint","urlTemplate":"https:\/\/blogdofarnesio.com.br\/?s={search_term_string}"},"query-input":{"@type":"PropertyValueSpecification","valueRequired":true,"valueName":"search_term_string"}}],"inLanguage":"pt-BR"},{"@type":"Organization","@id":"https:\/\/blogdofarnesio.com.br\/#organization","name":"Blog do Farn\u00e9sio","url":"https:\/\/blogdofarnesio.com.br\/","logo":{"@type":"ImageObject","inLanguage":"pt-BR","@id":"https:\/\/blogdofarnesio.com.br\/#\/schema\/logo\/image\/","url":"https:\/\/blogdofarnesio.com.br\/wp-content\/uploads\/2026\/03\/cropped-logo_new-1.png","contentUrl":"https:\/\/blogdofarnesio.com.br\/wp-content\/uploads\/2026\/03\/cropped-logo_new-1.png","width":881,"height":685,"caption":"Blog do Farn\u00e9sio"},"image":{"@id":"https:\/\/blogdofarnesio.com.br\/#\/schema\/logo\/image\/"},"sameAs":["https:\/\/www.facebook.com\/BlogQuerSaberPolitica\/"]},{"@type":"Person","@id":"https:\/\/blogdofarnesio.com.br\/#\/schema\/person\/bb9b23ae3ad0609ce8df7b6c9e76824d","name":"Farn\u00e9sio","image":{"@type":"ImageObject","inLanguage":"pt-BR","@id":"https:\/\/secure.gravatar.com\/avatar\/986aa4c61ccdb66f8555bf88fc2a65609d00bcabd4d2d94377a727547345cbca?s=96&d=mm&r=g","url":"https:\/\/secure.gravatar.com\/avatar\/986aa4c61ccdb66f8555bf88fc2a65609d00bcabd4d2d94377a727547345cbca?s=96&d=mm&r=g","contentUrl":"https:\/\/secure.gravatar.com\/avatar\/986aa4c61ccdb66f8555bf88fc2a65609d00bcabd4d2d94377a727547345cbca?s=96&d=mm&r=g","caption":"Farn\u00e9sio"},"description":"Radialista blogueiro, chegou a Petrolina\/Juazeiro em setembro de 1980, Farn\u00e9sio Silva \u00e9 de Arapiraca-Alagoas.","sameAs":["http:\/\/blogdofarnesio.com.br","https:\/\/www.facebook.com\/?ref=tn_tnmn","https:\/\/www.instagram.com\/?utm_source=pwa_homescreen","https:\/\/youtube.com.br\/"],"url":"https:\/\/blogdofarnesio.com.br\/?author=2"}]}},"_links":{"self":[{"href":"https:\/\/blogdofarnesio.com.br\/index.php?rest_route=\/wp\/v2\/posts\/307040","targetHints":{"allow":["GET"]}}],"collection":[{"href":"https:\/\/blogdofarnesio.com.br\/index.php?rest_route=\/wp\/v2\/posts"}],"about":[{"href":"https:\/\/blogdofarnesio.com.br\/index.php?rest_route=\/wp\/v2\/types\/post"}],"author":[{"embeddable":true,"href":"https:\/\/blogdofarnesio.com.br\/index.php?rest_route=\/wp\/v2\/users\/2"}],"replies":[{"embeddable":true,"href":"https:\/\/blogdofarnesio.com.br\/index.php?rest_route=%2Fwp%2Fv2%2Fcomments&post=307040"}],"version-history":[{"count":0,"href":"https:\/\/blogdofarnesio.com.br\/index.php?rest_route=\/wp\/v2\/posts\/307040\/revisions"}],"wp:featuredmedia":[{"embeddable":true,"href":"https:\/\/blogdofarnesio.com.br\/index.php?rest_route=\/wp\/v2\/media\/307041"}],"wp:attachment":[{"href":"https:\/\/blogdofarnesio.com.br\/index.php?rest_route=%2Fwp%2Fv2%2Fmedia&parent=307040"}],"wp:term":[{"taxonomy":"category","embeddable":true,"href":"https:\/\/blogdofarnesio.com.br\/index.php?rest_route=%2Fwp%2Fv2%2Fcategories&post=307040"},{"taxonomy":"post_tag","embeddable":true,"href":"https:\/\/blogdofarnesio.com.br\/index.php?rest_route=%2Fwp%2Fv2%2Ftags&post=307040"}],"curies":[{"name":"wp","href":"https:\/\/api.w.org\/{rel}","templated":true}]}}