{"id":306968,"date":"2022-02-24T15:03:13","date_gmt":"2022-02-24T18:03:13","guid":{"rendered":"https:\/\/blogdofarnesio.com.br\/?p=306968"},"modified":"2022-02-24T14:53:44","modified_gmt":"2022-02-24T17:53:44","slug":"segue-a-sanitizacao-das-unidades-basicas-de-saude-de-juazeiro-como-prevencao-a-covid-19","status":"publish","type":"post","link":"https:\/\/blogdofarnesio.com.br\/?p=306968","title":{"rendered":"Segue a sanitiza\u00e7\u00e3o das Unidades B\u00e1sicas de Sa\u00fade de Juazeiro, como preven\u00e7\u00e3o \u00e0 Covid-19"},"content":{"rendered":"<p style=\"font-weight: 400;\">A Prefeitura de Juazeiro, atrav\u00e9s da Secretaria de Sa\u00fade (Sesau), segue realizando sanitiza\u00e7\u00e3o nas Unidades B\u00e1sicas de Sa\u00fade (UBSs) da zona urbana e rural do munic\u00edpio. A finalidade tem como medida de preven\u00e7\u00e3o combater a Covid-19, bem como a elimina\u00e7\u00e3o de v\u00edrus e bact\u00e9rias, de acordo com as normas vigentes das autoridades sanit\u00e1rias.<\/p>\n<p style=\"font-weight: 400;\">\u201cO processo de sanitiza\u00e7\u00e3o \u00e9 um importante mecanismo de redu\u00e7\u00e3o e controle de micro-organismos nos ambientes, e em decorr\u00eancia do atual cen\u00e1rio de pandemia que estamos vivenciando, continuamos realizando esse procedimento nos pr\u00e9dios que oferecem os servi\u00e7os de sa\u00fade no nosso munic\u00edpio, com o objetivo de salvaguardar a popula\u00e7\u00e3o em geral, bem como os que trabalham nesses locais\u201d, frisou a superintendente de Administra\u00e7\u00e3o, Josana Duarte.<\/p>\n<p style=\"font-weight: 400;\">As UBSs de Campos, Mandacaru I, Novo Encontro, Jardim Vit\u00f3ria e Alto do Cruzeiro j\u00e1 passaram pelo processo de sanitiza\u00e7\u00e3o. Esta semana ser\u00e1 na UBS Capim de Raiz. Todo o procedimento \u00e9 realizado ap\u00f3s o encerramento dos atendimentos na unidade.<\/p>\n<p style=\"font-weight: 400;\"><strong>Demais locais<\/strong><\/p>\n<p style=\"font-weight: 400;\">A sanitiza\u00e7\u00e3o j\u00e1 foi realizada em diversos pr\u00e9dios da rede municipal de sa\u00fade, entre eles o Centro de Sa\u00fade III, Centro de Especialidades Odontol\u00f3gicas (CEO), Centro Regional de Reabilita\u00e7\u00e3o, Preven\u00e7\u00e3o e Inclus\u00e3o Social (Cerpris), Centro de Cultura Jo\u00e3o Gilberto, Lacen e Unidade Pedi\u00e1trica (Uped).<\/p>\n<p style=\"font-weight: 400;\"><strong>Outras medidas<\/strong><\/p>\n<p style=\"font-weight: 400;\">Diante do cen\u00e1rio epidemiol\u00f3gico, \u00e9 fundamental manter todos os protocolos e continuar com as medidas de preven\u00e7\u00e3o \u00e0 Covid-19, como o uso de m\u00e1scara, a higieniza\u00e7\u00e3o das m\u00e3os com \u00e1lcool e o distanciamento social.<\/p>\n<p style=\"font-weight: 400;\">Texto: Aucilania Soares \u2013 Ascom\/Sesau\/PMJ<\/p>\n","protected":false},"excerpt":{"rendered":"<p>A Prefeitura de Juazeiro, atrav\u00e9s da Secretaria de Sa\u00fade (Sesau), segue realizando sanitiza\u00e7\u00e3o nas Unidades B\u00e1sicas de Sa\u00fade (UBSs) da zona urbana e rural do munic\u00edpio. A finalidade tem como medida de preven\u00e7\u00e3o combater a Covid-19, bem como a elimina\u00e7\u00e3o de v\u00edrus e bact\u00e9rias, de acordo com as normas vigentes das autoridades sanit\u00e1rias. \u201cO processo de sanitiza\u00e7\u00e3o \u00e9 um importante mecanismo de redu\u00e7\u00e3o e controle de micro-organismos nos ambientes, e em decorr\u00eancia do atual cen\u00e1rio de pandemia que estamos vivenciando, continuamos realizando esse procedimento nos pr\u00e9dios que oferecem os servi\u00e7os de sa\u00fade no nosso munic\u00edpio, com o objetivo de salvaguardar a popula\u00e7\u00e3o em geral, bem como os que trabalham nesses locais\u201d, frisou a superintendente de Administra\u00e7\u00e3o, Josana Duarte. As UBSs&hellip; <\/p>\n","protected":false},"author":2,"featured_media":306969,"comment_status":"open","ping_status":"open","sticky":false,"template":"","format":"standard","meta":{"_acf_changed":false,"footnotes":""},"categories":[44],"tags":[],"class_list":["post-306968","post","type-post","status-publish","format-standard","has-post-thumbnail","hentry","category-administracao"],"acf":[],"yoast_head":"<!-- This site is optimized with the Yoast SEO plugin v27.4 - https:\/\/yoast.com\/product\/yoast-seo-wordpress\/ -->\n<title>Segue a sanitiza\u00e7\u00e3o das Unidades B\u00e1sicas de Sa\u00fade de Juazeiro, como preven\u00e7\u00e3o \u00e0 Covid-19 - Blog do Farn\u00e9sio<\/title>\n<meta name=\"robots\" content=\"index, follow, max-snippet:-1, max-image-preview:large, max-video-preview:-1\" \/>\n<link rel=\"canonical\" href=\"https:\/\/blogdofarnesio.com.br\/?p=306968\" \/>\n<meta property=\"og:locale\" content=\"pt_BR\" \/>\n<meta property=\"og:type\" content=\"article\" \/>\n<meta property=\"og:title\" content=\"Segue a sanitiza\u00e7\u00e3o das Unidades B\u00e1sicas de Sa\u00fade de Juazeiro, como preven\u00e7\u00e3o \u00e0 Covid-19 - Blog do Farn\u00e9sio\" \/>\n<meta property=\"og:description\" content=\"A Prefeitura de Juazeiro, atrav\u00e9s da Secretaria de Sa\u00fade (Sesau), segue realizando sanitiza\u00e7\u00e3o nas Unidades B\u00e1sicas de Sa\u00fade (UBSs) da zona urbana e rural do munic\u00edpio. A finalidade tem como medida de preven\u00e7\u00e3o combater a Covid-19, bem como a elimina\u00e7\u00e3o de v\u00edrus e bact\u00e9rias, de acordo com as normas vigentes das autoridades sanit\u00e1rias. \u201cO processo de sanitiza\u00e7\u00e3o \u00e9 um importante mecanismo de redu\u00e7\u00e3o e controle de micro-organismos nos ambientes, e em decorr\u00eancia do atual cen\u00e1rio de pandemia que estamos vivenciando, continuamos realizando esse procedimento nos pr\u00e9dios que oferecem os servi\u00e7os de sa\u00fade no nosso munic\u00edpio, com o objetivo de salvaguardar a popula\u00e7\u00e3o em geral, bem como os que trabalham nesses locais\u201d, frisou a superintendente de Administra\u00e7\u00e3o, Josana Duarte. As UBSs&hellip;\" \/>\n<meta property=\"og:url\" content=\"https:\/\/blogdofarnesio.com.br\/?p=306968\" \/>\n<meta property=\"og:site_name\" content=\"Blog do Farn\u00e9sio\" \/>\n<meta property=\"article:publisher\" content=\"https:\/\/www.facebook.com\/BlogQuerSaberPolitica\/\" \/>\n<meta property=\"article:author\" content=\"https:\/\/www.facebook.com\/?ref=tn_tnmn\" \/>\n<meta property=\"article:published_time\" content=\"2022-02-24T18:03:13+00:00\" \/>\n<meta property=\"og:image\" content=\"https:\/\/blogdofarnesio.com.br\/wp-content\/uploads\/2022\/02\/blogqspjua-Sanitizacao-UBS-e1645474254557.jpeg\" \/>\n\t<meta property=\"og:image:width\" content=\"621\" \/>\n\t<meta property=\"og:image:height\" content=\"438\" \/>\n\t<meta property=\"og:image:type\" content=\"image\/jpeg\" \/>\n<meta name=\"author\" content=\"Farn\u00e9sio\" \/>\n<meta name=\"twitter:card\" content=\"summary_large_image\" \/>\n<meta name=\"twitter:label1\" content=\"Escrito por\" \/>\n\t<meta name=\"twitter:data1\" content=\"Farn\u00e9sio\" \/>\n\t<meta name=\"twitter:label2\" content=\"Est. tempo de leitura\" \/>\n\t<meta name=\"twitter:data2\" content=\"2 minutos\" \/>\n<script type=\"application\/ld+json\" class=\"yoast-schema-graph\">{\"@context\":\"https:\\\/\\\/schema.org\",\"@graph\":[{\"@type\":\"Article\",\"@id\":\"https:\\\/\\\/blogdofarnesio.com.br\\\/?p=306968#article\",\"isPartOf\":{\"@id\":\"https:\\\/\\\/blogdofarnesio.com.br\\\/?p=306968\"},\"author\":{\"name\":\"Farn\u00e9sio\",\"@id\":\"https:\\\/\\\/blogdofarnesio.com.br\\\/#\\\/schema\\\/person\\\/bb9b23ae3ad0609ce8df7b6c9e76824d\"},\"headline\":\"Segue a sanitiza\u00e7\u00e3o das Unidades B\u00e1sicas de Sa\u00fade de Juazeiro, como preven\u00e7\u00e3o \u00e0 Covid-19\",\"datePublished\":\"2022-02-24T18:03:13+00:00\",\"mainEntityOfPage\":{\"@id\":\"https:\\\/\\\/blogdofarnesio.com.br\\\/?p=306968\"},\"wordCount\":299,\"commentCount\":0,\"publisher\":{\"@id\":\"https:\\\/\\\/blogdofarnesio.com.br\\\/#organization\"},\"image\":{\"@id\":\"https:\\\/\\\/blogdofarnesio.com.br\\\/?p=306968#primaryimage\"},\"thumbnailUrl\":\"https:\\\/\\\/blogdofarnesio.com.br\\\/wp-content\\\/uploads\\\/2022\\\/02\\\/blogqspjua-Sanitizacao-UBS-e1645474254557.jpeg\",\"articleSection\":[\"Administra\u00e7\u00e3o\"],\"inLanguage\":\"pt-BR\",\"potentialAction\":[{\"@type\":\"CommentAction\",\"name\":\"Comment\",\"target\":[\"https:\\\/\\\/blogdofarnesio.com.br\\\/?p=306968#respond\"]}]},{\"@type\":\"WebPage\",\"@id\":\"https:\\\/\\\/blogdofarnesio.com.br\\\/?p=306968\",\"url\":\"https:\\\/\\\/blogdofarnesio.com.br\\\/?p=306968\",\"name\":\"Segue a sanitiza\u00e7\u00e3o das Unidades B\u00e1sicas de Sa\u00fade de Juazeiro, como preven\u00e7\u00e3o \u00e0 Covid-19 - Blog do Farn\u00e9sio\",\"isPartOf\":{\"@id\":\"https:\\\/\\\/blogdofarnesio.com.br\\\/#website\"},\"primaryImageOfPage\":{\"@id\":\"https:\\\/\\\/blogdofarnesio.com.br\\\/?p=306968#primaryimage\"},\"image\":{\"@id\":\"https:\\\/\\\/blogdofarnesio.com.br\\\/?p=306968#primaryimage\"},\"thumbnailUrl\":\"https:\\\/\\\/blogdofarnesio.com.br\\\/wp-content\\\/uploads\\\/2022\\\/02\\\/blogqspjua-Sanitizacao-UBS-e1645474254557.jpeg\",\"datePublished\":\"2022-02-24T18:03:13+00:00\",\"breadcrumb\":{\"@id\":\"https:\\\/\\\/blogdofarnesio.com.br\\\/?p=306968#breadcrumb\"},\"inLanguage\":\"pt-BR\",\"potentialAction\":[{\"@type\":\"ReadAction\",\"target\":[\"https:\\\/\\\/blogdofarnesio.com.br\\\/?p=306968\"]}]},{\"@type\":\"ImageObject\",\"inLanguage\":\"pt-BR\",\"@id\":\"https:\\\/\\\/blogdofarnesio.com.br\\\/?p=306968#primaryimage\",\"url\":\"https:\\\/\\\/blogdofarnesio.com.br\\\/wp-content\\\/uploads\\\/2022\\\/02\\\/blogqspjua-Sanitizacao-UBS-e1645474254557.jpeg\",\"contentUrl\":\"https:\\\/\\\/blogdofarnesio.com.br\\\/wp-content\\\/uploads\\\/2022\\\/02\\\/blogqspjua-Sanitizacao-UBS-e1645474254557.jpeg\",\"width\":621,\"height\":438},{\"@type\":\"BreadcrumbList\",\"@id\":\"https:\\\/\\\/blogdofarnesio.com.br\\\/?p=306968#breadcrumb\",\"itemListElement\":[{\"@type\":\"ListItem\",\"position\":1,\"name\":\"In\u00edcio\",\"item\":\"https:\\\/\\\/blogdofarnesio.com.br\\\/\"},{\"@type\":\"ListItem\",\"position\":2,\"name\":\"Segue a sanitiza\u00e7\u00e3o das Unidades B\u00e1sicas de Sa\u00fade de Juazeiro, como preven\u00e7\u00e3o \u00e0 Covid-19\"}]},{\"@type\":\"WebSite\",\"@id\":\"https:\\\/\\\/blogdofarnesio.com.br\\\/#website\",\"url\":\"https:\\\/\\\/blogdofarnesio.com.br\\\/\",\"name\":\"Blog do Farn\u00e9sio\",\"description\":\"Quer Saber Pol\u00edtica?\",\"publisher\":{\"@id\":\"https:\\\/\\\/blogdofarnesio.com.br\\\/#organization\"},\"potentialAction\":[{\"@type\":\"SearchAction\",\"target\":{\"@type\":\"EntryPoint\",\"urlTemplate\":\"https:\\\/\\\/blogdofarnesio.com.br\\\/?s={search_term_string}\"},\"query-input\":{\"@type\":\"PropertyValueSpecification\",\"valueRequired\":true,\"valueName\":\"search_term_string\"}}],\"inLanguage\":\"pt-BR\"},{\"@type\":\"Organization\",\"@id\":\"https:\\\/\\\/blogdofarnesio.com.br\\\/#organization\",\"name\":\"Blog do Farn\u00e9sio\",\"url\":\"https:\\\/\\\/blogdofarnesio.com.br\\\/\",\"logo\":{\"@type\":\"ImageObject\",\"inLanguage\":\"pt-BR\",\"@id\":\"https:\\\/\\\/blogdofarnesio.com.br\\\/#\\\/schema\\\/logo\\\/image\\\/\",\"url\":\"https:\\\/\\\/blogdofarnesio.com.br\\\/wp-content\\\/uploads\\\/2026\\\/03\\\/cropped-logo_new-1.png\",\"contentUrl\":\"https:\\\/\\\/blogdofarnesio.com.br\\\/wp-content\\\/uploads\\\/2026\\\/03\\\/cropped-logo_new-1.png\",\"width\":881,\"height\":685,\"caption\":\"Blog do Farn\u00e9sio\"},\"image\":{\"@id\":\"https:\\\/\\\/blogdofarnesio.com.br\\\/#\\\/schema\\\/logo\\\/image\\\/\"},\"sameAs\":[\"https:\\\/\\\/www.facebook.com\\\/BlogQuerSaberPolitica\\\/\"]},{\"@type\":\"Person\",\"@id\":\"https:\\\/\\\/blogdofarnesio.com.br\\\/#\\\/schema\\\/person\\\/bb9b23ae3ad0609ce8df7b6c9e76824d\",\"name\":\"Farn\u00e9sio\",\"image\":{\"@type\":\"ImageObject\",\"inLanguage\":\"pt-BR\",\"@id\":\"https:\\\/\\\/secure.gravatar.com\\\/avatar\\\/986aa4c61ccdb66f8555bf88fc2a65609d00bcabd4d2d94377a727547345cbca?s=96&d=mm&r=g\",\"url\":\"https:\\\/\\\/secure.gravatar.com\\\/avatar\\\/986aa4c61ccdb66f8555bf88fc2a65609d00bcabd4d2d94377a727547345cbca?s=96&d=mm&r=g\",\"contentUrl\":\"https:\\\/\\\/secure.gravatar.com\\\/avatar\\\/986aa4c61ccdb66f8555bf88fc2a65609d00bcabd4d2d94377a727547345cbca?s=96&d=mm&r=g\",\"caption\":\"Farn\u00e9sio\"},\"description\":\"Radialista blogueiro, chegou a Petrolina\\\/Juazeiro em setembro de 1980, Farn\u00e9sio Silva \u00e9 de Arapiraca-Alagoas.\",\"sameAs\":[\"http:\\\/\\\/blogdofarnesio.com.br\",\"https:\\\/\\\/www.facebook.com\\\/?ref=tn_tnmn\",\"https:\\\/\\\/www.instagram.com\\\/?utm_source=pwa_homescreen\",\"https:\\\/\\\/youtube.com.br\\\/\"],\"url\":\"https:\\\/\\\/blogdofarnesio.com.br\\\/?author=2\"}]}<\/script>\n<!-- \/ Yoast SEO plugin. -->","yoast_head_json":{"title":"Segue a sanitiza\u00e7\u00e3o das Unidades B\u00e1sicas de Sa\u00fade de Juazeiro, como preven\u00e7\u00e3o \u00e0 Covid-19 - Blog do Farn\u00e9sio","robots":{"index":"index","follow":"follow","max-snippet":"max-snippet:-1","max-image-preview":"max-image-preview:large","max-video-preview":"max-video-preview:-1"},"canonical":"https:\/\/blogdofarnesio.com.br\/?p=306968","og_locale":"pt_BR","og_type":"article","og_title":"Segue a sanitiza\u00e7\u00e3o das Unidades B\u00e1sicas de Sa\u00fade de Juazeiro, como preven\u00e7\u00e3o \u00e0 Covid-19 - Blog do Farn\u00e9sio","og_description":"A Prefeitura de Juazeiro, atrav\u00e9s da Secretaria de Sa\u00fade (Sesau), segue realizando sanitiza\u00e7\u00e3o nas Unidades B\u00e1sicas de Sa\u00fade (UBSs) da zona urbana e rural do munic\u00edpio. A finalidade tem como medida de preven\u00e7\u00e3o combater a Covid-19, bem como a elimina\u00e7\u00e3o de v\u00edrus e bact\u00e9rias, de acordo com as normas vigentes das autoridades sanit\u00e1rias. \u201cO processo de sanitiza\u00e7\u00e3o \u00e9 um importante mecanismo de redu\u00e7\u00e3o e controle de micro-organismos nos ambientes, e em decorr\u00eancia do atual cen\u00e1rio de pandemia que estamos vivenciando, continuamos realizando esse procedimento nos pr\u00e9dios que oferecem os servi\u00e7os de sa\u00fade no nosso munic\u00edpio, com o objetivo de salvaguardar a popula\u00e7\u00e3o em geral, bem como os que trabalham nesses locais\u201d, frisou a superintendente de Administra\u00e7\u00e3o, Josana Duarte. As UBSs&hellip;","og_url":"https:\/\/blogdofarnesio.com.br\/?p=306968","og_site_name":"Blog do Farn\u00e9sio","article_publisher":"https:\/\/www.facebook.com\/BlogQuerSaberPolitica\/","article_author":"https:\/\/www.facebook.com\/?ref=tn_tnmn","article_published_time":"2022-02-24T18:03:13+00:00","og_image":[{"width":621,"height":438,"url":"https:\/\/blogdofarnesio.com.br\/wp-content\/uploads\/2022\/02\/blogqspjua-Sanitizacao-UBS-e1645474254557.jpeg","type":"image\/jpeg"}],"author":"Farn\u00e9sio","twitter_card":"summary_large_image","twitter_misc":{"Escrito por":"Farn\u00e9sio","Est. tempo de leitura":"2 minutos"},"schema":{"@context":"https:\/\/schema.org","@graph":[{"@type":"Article","@id":"https:\/\/blogdofarnesio.com.br\/?p=306968#article","isPartOf":{"@id":"https:\/\/blogdofarnesio.com.br\/?p=306968"},"author":{"name":"Farn\u00e9sio","@id":"https:\/\/blogdofarnesio.com.br\/#\/schema\/person\/bb9b23ae3ad0609ce8df7b6c9e76824d"},"headline":"Segue a sanitiza\u00e7\u00e3o das Unidades B\u00e1sicas de Sa\u00fade de Juazeiro, como preven\u00e7\u00e3o \u00e0 Covid-19","datePublished":"2022-02-24T18:03:13+00:00","mainEntityOfPage":{"@id":"https:\/\/blogdofarnesio.com.br\/?p=306968"},"wordCount":299,"commentCount":0,"publisher":{"@id":"https:\/\/blogdofarnesio.com.br\/#organization"},"image":{"@id":"https:\/\/blogdofarnesio.com.br\/?p=306968#primaryimage"},"thumbnailUrl":"https:\/\/blogdofarnesio.com.br\/wp-content\/uploads\/2022\/02\/blogqspjua-Sanitizacao-UBS-e1645474254557.jpeg","articleSection":["Administra\u00e7\u00e3o"],"inLanguage":"pt-BR","potentialAction":[{"@type":"CommentAction","name":"Comment","target":["https:\/\/blogdofarnesio.com.br\/?p=306968#respond"]}]},{"@type":"WebPage","@id":"https:\/\/blogdofarnesio.com.br\/?p=306968","url":"https:\/\/blogdofarnesio.com.br\/?p=306968","name":"Segue a sanitiza\u00e7\u00e3o das Unidades B\u00e1sicas de Sa\u00fade de Juazeiro, como preven\u00e7\u00e3o \u00e0 Covid-19 - Blog do Farn\u00e9sio","isPartOf":{"@id":"https:\/\/blogdofarnesio.com.br\/#website"},"primaryImageOfPage":{"@id":"https:\/\/blogdofarnesio.com.br\/?p=306968#primaryimage"},"image":{"@id":"https:\/\/blogdofarnesio.com.br\/?p=306968#primaryimage"},"thumbnailUrl":"https:\/\/blogdofarnesio.com.br\/wp-content\/uploads\/2022\/02\/blogqspjua-Sanitizacao-UBS-e1645474254557.jpeg","datePublished":"2022-02-24T18:03:13+00:00","breadcrumb":{"@id":"https:\/\/blogdofarnesio.com.br\/?p=306968#breadcrumb"},"inLanguage":"pt-BR","potentialAction":[{"@type":"ReadAction","target":["https:\/\/blogdofarnesio.com.br\/?p=306968"]}]},{"@type":"ImageObject","inLanguage":"pt-BR","@id":"https:\/\/blogdofarnesio.com.br\/?p=306968#primaryimage","url":"https:\/\/blogdofarnesio.com.br\/wp-content\/uploads\/2022\/02\/blogqspjua-Sanitizacao-UBS-e1645474254557.jpeg","contentUrl":"https:\/\/blogdofarnesio.com.br\/wp-content\/uploads\/2022\/02\/blogqspjua-Sanitizacao-UBS-e1645474254557.jpeg","width":621,"height":438},{"@type":"BreadcrumbList","@id":"https:\/\/blogdofarnesio.com.br\/?p=306968#breadcrumb","itemListElement":[{"@type":"ListItem","position":1,"name":"In\u00edcio","item":"https:\/\/blogdofarnesio.com.br\/"},{"@type":"ListItem","position":2,"name":"Segue a sanitiza\u00e7\u00e3o das Unidades B\u00e1sicas de Sa\u00fade de Juazeiro, como preven\u00e7\u00e3o \u00e0 Covid-19"}]},{"@type":"WebSite","@id":"https:\/\/blogdofarnesio.com.br\/#website","url":"https:\/\/blogdofarnesio.com.br\/","name":"Blog do Farn\u00e9sio","description":"Quer Saber Pol\u00edtica?","publisher":{"@id":"https:\/\/blogdofarnesio.com.br\/#organization"},"potentialAction":[{"@type":"SearchAction","target":{"@type":"EntryPoint","urlTemplate":"https:\/\/blogdofarnesio.com.br\/?s={search_term_string}"},"query-input":{"@type":"PropertyValueSpecification","valueRequired":true,"valueName":"search_term_string"}}],"inLanguage":"pt-BR"},{"@type":"Organization","@id":"https:\/\/blogdofarnesio.com.br\/#organization","name":"Blog do Farn\u00e9sio","url":"https:\/\/blogdofarnesio.com.br\/","logo":{"@type":"ImageObject","inLanguage":"pt-BR","@id":"https:\/\/blogdofarnesio.com.br\/#\/schema\/logo\/image\/","url":"https:\/\/blogdofarnesio.com.br\/wp-content\/uploads\/2026\/03\/cropped-logo_new-1.png","contentUrl":"https:\/\/blogdofarnesio.com.br\/wp-content\/uploads\/2026\/03\/cropped-logo_new-1.png","width":881,"height":685,"caption":"Blog do Farn\u00e9sio"},"image":{"@id":"https:\/\/blogdofarnesio.com.br\/#\/schema\/logo\/image\/"},"sameAs":["https:\/\/www.facebook.com\/BlogQuerSaberPolitica\/"]},{"@type":"Person","@id":"https:\/\/blogdofarnesio.com.br\/#\/schema\/person\/bb9b23ae3ad0609ce8df7b6c9e76824d","name":"Farn\u00e9sio","image":{"@type":"ImageObject","inLanguage":"pt-BR","@id":"https:\/\/secure.gravatar.com\/avatar\/986aa4c61ccdb66f8555bf88fc2a65609d00bcabd4d2d94377a727547345cbca?s=96&d=mm&r=g","url":"https:\/\/secure.gravatar.com\/avatar\/986aa4c61ccdb66f8555bf88fc2a65609d00bcabd4d2d94377a727547345cbca?s=96&d=mm&r=g","contentUrl":"https:\/\/secure.gravatar.com\/avatar\/986aa4c61ccdb66f8555bf88fc2a65609d00bcabd4d2d94377a727547345cbca?s=96&d=mm&r=g","caption":"Farn\u00e9sio"},"description":"Radialista blogueiro, chegou a Petrolina\/Juazeiro em setembro de 1980, Farn\u00e9sio Silva \u00e9 de Arapiraca-Alagoas.","sameAs":["http:\/\/blogdofarnesio.com.br","https:\/\/www.facebook.com\/?ref=tn_tnmn","https:\/\/www.instagram.com\/?utm_source=pwa_homescreen","https:\/\/youtube.com.br\/"],"url":"https:\/\/blogdofarnesio.com.br\/?author=2"}]}},"_links":{"self":[{"href":"https:\/\/blogdofarnesio.com.br\/index.php?rest_route=\/wp\/v2\/posts\/306968","targetHints":{"allow":["GET"]}}],"collection":[{"href":"https:\/\/blogdofarnesio.com.br\/index.php?rest_route=\/wp\/v2\/posts"}],"about":[{"href":"https:\/\/blogdofarnesio.com.br\/index.php?rest_route=\/wp\/v2\/types\/post"}],"author":[{"embeddable":true,"href":"https:\/\/blogdofarnesio.com.br\/index.php?rest_route=\/wp\/v2\/users\/2"}],"replies":[{"embeddable":true,"href":"https:\/\/blogdofarnesio.com.br\/index.php?rest_route=%2Fwp%2Fv2%2Fcomments&post=306968"}],"version-history":[{"count":0,"href":"https:\/\/blogdofarnesio.com.br\/index.php?rest_route=\/wp\/v2\/posts\/306968\/revisions"}],"wp:featuredmedia":[{"embeddable":true,"href":"https:\/\/blogdofarnesio.com.br\/index.php?rest_route=\/wp\/v2\/media\/306969"}],"wp:attachment":[{"href":"https:\/\/blogdofarnesio.com.br\/index.php?rest_route=%2Fwp%2Fv2%2Fmedia&parent=306968"}],"wp:term":[{"taxonomy":"category","embeddable":true,"href":"https:\/\/blogdofarnesio.com.br\/index.php?rest_route=%2Fwp%2Fv2%2Fcategories&post=306968"},{"taxonomy":"post_tag","embeddable":true,"href":"https:\/\/blogdofarnesio.com.br\/index.php?rest_route=%2Fwp%2Fv2%2Ftags&post=306968"}],"curies":[{"name":"wp","href":"https:\/\/api.w.org\/{rel}","templated":true}]}}