{"id":306927,"date":"2022-02-21T15:22:00","date_gmt":"2022-02-21T18:22:00","guid":{"rendered":"https:\/\/blogdofarnesio.com.br\/?p=306927"},"modified":"2022-02-21T12:27:09","modified_gmt":"2022-02-21T15:27:09","slug":"prefeitura-de-juazeiro-alerta-para-prazo-de-entrega-de-documentos-da-12a-convocacao-do-pss-da-secretaria-de-saude","status":"publish","type":"post","link":"https:\/\/blogdofarnesio.com.br\/?p=306927","title":{"rendered":"Prefeitura de Juazeiro alerta para prazo de entrega de documentos da 12\u00aa convoca\u00e7\u00e3o do PSS da Secretaria de Sa\u00fade"},"content":{"rendered":"<p>A Prefeitura de Juazeiro alerta para o prazo de entrega de documenta\u00e7\u00e3o para o Edital de Convoca\u00e7\u00e3o N\u00ba 012\/2021 do Processo Seletivo Simplificado da Secretaria de Sa\u00fade (Sesau). De acordo com a publica\u00e7\u00e3o divulgada pela Secretaria de Gest\u00e3o de Pessoas (Segesp) a data de entrega de documenta\u00e7\u00e3o \u00e9 nesta segunda-feira (21). A rela\u00e7\u00e3o de convocados, bem como toda a documenta\u00e7\u00e3o exigida est\u00e1 dispon\u00edvel no Di\u00e1rio Oficial do Munic\u00edpio (<a href=\"http:\/\/doem.org.br\/ba\/juazeiro\/diarios\/previsualizar\/gN0PKXNP\" target=\"_blank\" rel=\"noopener\" data-saferedirecturl=\"https:\/\/www.google.com\/url?q=http:\/\/doem.org.br\/ba\/juazeiro\/diarios\/previsualizar\/gN0PKXNP&amp;source=gmail&amp;ust=1645541674633000&amp;usg=AOvVaw1-1U4YTkRWk5_CH3q0_n-D\">http:\/\/doem.org.br\/ba\/<wbr \/>juazeiro\/diarios\/<wbr \/>previsualizar\/gN0PKXNP<\/a>), a partir da p\u00e1gina 13.<\/p>\n<p><b>Entrega da documenta\u00e7\u00e3o<br \/>\n<\/b><br \/>\nOs convocados dever\u00e3o comparecer no Setor de Recursos Humanos da Secretaria Municipal de Sa\u00fade, localizado no Shopping \u00c1guas Center, no dia 21 de fevereiro de 2022, no per\u00edodo de 8h30 \u00e0s 16h.<\/p>\n<p>O uso de m\u00e1scara \u00e9 obrigat\u00f3rio, bem como o \u00a0 respeito a todos os protocolos de seguran\u00e7a estabelecidos pela Organiza\u00e7\u00e3o Mundial de Sa\u00fade (OMS) contra o Coronav\u00edrus. O n\u00e3o comparecimento do candidato no prazo estipulado para entrega dos documentos ocasionar\u00e1 a exclus\u00e3o do processo seletivo.<\/p>\n<p><b>Contrata\u00e7\u00e3o<\/b><\/p>\n<p>A admiss\u00e3o de candidato fica condicionada ao atendimento das condi\u00e7\u00f5es previstas no edital. N\u00e3o poder\u00e3o ser contratados candidatos que, nos \u00faltimos tr\u00eas meses, a contar do encerramento de seu contrato anterior, tenham mantido v\u00ednculo contratual em Regime Especial de Direito Administrativo com o Munic\u00edpio de Juazeiro, Estado da Bahia, em aten\u00e7\u00e3o ao disposto no art. 10, inciso III, da Lei Municipal n\u00ba 2.017\/2009, conforme reda\u00e7\u00e3o conferida pela Lei Municipal n\u00ba 2.321\/2012. Os contratados n\u00e3o ser\u00e3o abrangidos pelos crit\u00e9rios de progress\u00e3o e promo\u00e7\u00e3o estabelecidos no Plano de Cargos, Carreiras e Remunera\u00e7\u00e3o<\/p>\n<p><b>Contato<br \/>\n<\/b><br \/>\nPara quaisquer d\u00favidas, os candidatos podem entrar em contato direto com a Segesp, atrav\u00e9s do n\u00famero de telefone: (74) 3612-3620.<\/p>\n<p>&#8212;<br \/>\nTexto: Eudes Sampaio &#8211; Ascom\/Segesp\/PMJ<\/p>\n","protected":false},"excerpt":{"rendered":"<p>A Prefeitura de Juazeiro alerta para o prazo de entrega de documenta\u00e7\u00e3o para o Edital de Convoca\u00e7\u00e3o N\u00ba 012\/2021 do Processo Seletivo Simplificado da Secretaria de Sa\u00fade (Sesau). De acordo com a publica\u00e7\u00e3o divulgada pela Secretaria de Gest\u00e3o de Pessoas (Segesp) a data de entrega de documenta\u00e7\u00e3o \u00e9 nesta segunda-feira (21). A rela\u00e7\u00e3o de convocados, bem como toda a documenta\u00e7\u00e3o exigida est\u00e1 dispon\u00edvel no Di\u00e1rio Oficial do Munic\u00edpio (http:\/\/doem.org.br\/ba\/juazeiro\/diarios\/previsualizar\/gN0PKXNP), a partir da p\u00e1gina 13. Entrega da documenta\u00e7\u00e3o Os convocados dever\u00e3o comparecer no Setor de Recursos Humanos da Secretaria Municipal de Sa\u00fade, localizado no Shopping \u00c1guas Center, no dia 21 de fevereiro de 2022, no per\u00edodo de 8h30 \u00e0s 16h. O uso de m\u00e1scara \u00e9 obrigat\u00f3rio, bem como o \u00a0 respeito&hellip; <\/p>\n","protected":false},"author":2,"featured_media":153868,"comment_status":"open","ping_status":"open","sticky":false,"template":"","format":"standard","meta":{"_acf_changed":false,"footnotes":""},"categories":[44,31],"tags":[],"class_list":["post-306927","post","type-post","status-publish","format-standard","has-post-thumbnail","hentry","category-administracao","category-concursos"],"acf":[],"yoast_head":"<!-- This site is optimized with the Yoast SEO plugin v27.4 - https:\/\/yoast.com\/product\/yoast-seo-wordpress\/ -->\n<title>Prefeitura de Juazeiro alerta para prazo de entrega de documentos da 12\u00aa convoca\u00e7\u00e3o do PSS da Secretaria de Sa\u00fade - Blog do Farn\u00e9sio<\/title>\n<meta name=\"robots\" content=\"index, follow, max-snippet:-1, max-image-preview:large, max-video-preview:-1\" \/>\n<link rel=\"canonical\" href=\"https:\/\/blogdofarnesio.com.br\/?p=306927\" \/>\n<meta property=\"og:locale\" content=\"pt_BR\" \/>\n<meta property=\"og:type\" content=\"article\" \/>\n<meta property=\"og:title\" content=\"Prefeitura de Juazeiro alerta para prazo de entrega de documentos da 12\u00aa convoca\u00e7\u00e3o do PSS da Secretaria de Sa\u00fade - Blog do Farn\u00e9sio\" \/>\n<meta property=\"og:description\" content=\"A Prefeitura de Juazeiro alerta para o prazo de entrega de documenta\u00e7\u00e3o para o Edital de Convoca\u00e7\u00e3o N\u00ba 012\/2021 do Processo Seletivo Simplificado da Secretaria de Sa\u00fade (Sesau). De acordo com a publica\u00e7\u00e3o divulgada pela Secretaria de Gest\u00e3o de Pessoas (Segesp) a data de entrega de documenta\u00e7\u00e3o \u00e9 nesta segunda-feira (21). A rela\u00e7\u00e3o de convocados, bem como toda a documenta\u00e7\u00e3o exigida est\u00e1 dispon\u00edvel no Di\u00e1rio Oficial do Munic\u00edpio (http:\/\/doem.org.br\/ba\/juazeiro\/diarios\/previsualizar\/gN0PKXNP), a partir da p\u00e1gina 13. Entrega da documenta\u00e7\u00e3o Os convocados dever\u00e3o comparecer no Setor de Recursos Humanos da Secretaria Municipal de Sa\u00fade, localizado no Shopping \u00c1guas Center, no dia 21 de fevereiro de 2022, no per\u00edodo de 8h30 \u00e0s 16h. O uso de m\u00e1scara \u00e9 obrigat\u00f3rio, bem como o \u00a0 respeito&hellip;\" \/>\n<meta property=\"og:url\" content=\"https:\/\/blogdofarnesio.com.br\/?p=306927\" \/>\n<meta property=\"og:site_name\" content=\"Blog do Farn\u00e9sio\" \/>\n<meta property=\"article:publisher\" content=\"https:\/\/www.facebook.com\/BlogQuerSaberPolitica\/\" \/>\n<meta property=\"article:author\" content=\"https:\/\/www.facebook.com\/?ref=tn_tnmn\" \/>\n<meta property=\"article:published_time\" content=\"2022-02-21T18:22:00+00:00\" \/>\n<meta property=\"og:image\" content=\"https:\/\/blogdofarnesio.com.br\/wp-content\/uploads\/2016\/12\/blogqspaten\u00e7\u00e3o1-1.gif\" \/>\n\t<meta property=\"og:image:width\" content=\"311\" \/>\n\t<meta property=\"og:image:height\" content=\"118\" \/>\n\t<meta property=\"og:image:type\" content=\"image\/gif\" \/>\n<meta name=\"author\" content=\"Farn\u00e9sio\" \/>\n<meta name=\"twitter:card\" content=\"summary_large_image\" \/>\n<meta name=\"twitter:label1\" content=\"Escrito por\" \/>\n\t<meta name=\"twitter:data1\" content=\"Farn\u00e9sio\" \/>\n\t<meta name=\"twitter:label2\" content=\"Est. tempo de leitura\" \/>\n\t<meta name=\"twitter:data2\" content=\"2 minutos\" \/>\n<script type=\"application\/ld+json\" class=\"yoast-schema-graph\">{\"@context\":\"https:\\\/\\\/schema.org\",\"@graph\":[{\"@type\":\"Article\",\"@id\":\"https:\\\/\\\/blogdofarnesio.com.br\\\/?p=306927#article\",\"isPartOf\":{\"@id\":\"https:\\\/\\\/blogdofarnesio.com.br\\\/?p=306927\"},\"author\":{\"name\":\"Farn\u00e9sio\",\"@id\":\"https:\\\/\\\/blogdofarnesio.com.br\\\/#\\\/schema\\\/person\\\/bb9b23ae3ad0609ce8df7b6c9e76824d\"},\"headline\":\"Prefeitura de Juazeiro alerta para prazo de entrega de documentos da 12\u00aa convoca\u00e7\u00e3o do PSS da Secretaria de Sa\u00fade\",\"datePublished\":\"2022-02-21T18:22:00+00:00\",\"mainEntityOfPage\":{\"@id\":\"https:\\\/\\\/blogdofarnesio.com.br\\\/?p=306927\"},\"wordCount\":334,\"commentCount\":0,\"publisher\":{\"@id\":\"https:\\\/\\\/blogdofarnesio.com.br\\\/#organization\"},\"image\":{\"@id\":\"https:\\\/\\\/blogdofarnesio.com.br\\\/?p=306927#primaryimage\"},\"thumbnailUrl\":\"https:\\\/\\\/blogdofarnesio.com.br\\\/wp-content\\\/uploads\\\/2016\\\/12\\\/blogqspaten\u00e7\u00e3o1-1.gif\",\"articleSection\":[\"Administra\u00e7\u00e3o\",\"Concursos\"],\"inLanguage\":\"pt-BR\",\"potentialAction\":[{\"@type\":\"CommentAction\",\"name\":\"Comment\",\"target\":[\"https:\\\/\\\/blogdofarnesio.com.br\\\/?p=306927#respond\"]}]},{\"@type\":\"WebPage\",\"@id\":\"https:\\\/\\\/blogdofarnesio.com.br\\\/?p=306927\",\"url\":\"https:\\\/\\\/blogdofarnesio.com.br\\\/?p=306927\",\"name\":\"Prefeitura de Juazeiro alerta para prazo de entrega de documentos da 12\u00aa convoca\u00e7\u00e3o do PSS da Secretaria de Sa\u00fade - Blog do Farn\u00e9sio\",\"isPartOf\":{\"@id\":\"https:\\\/\\\/blogdofarnesio.com.br\\\/#website\"},\"primaryImageOfPage\":{\"@id\":\"https:\\\/\\\/blogdofarnesio.com.br\\\/?p=306927#primaryimage\"},\"image\":{\"@id\":\"https:\\\/\\\/blogdofarnesio.com.br\\\/?p=306927#primaryimage\"},\"thumbnailUrl\":\"https:\\\/\\\/blogdofarnesio.com.br\\\/wp-content\\\/uploads\\\/2016\\\/12\\\/blogqspaten\u00e7\u00e3o1-1.gif\",\"datePublished\":\"2022-02-21T18:22:00+00:00\",\"breadcrumb\":{\"@id\":\"https:\\\/\\\/blogdofarnesio.com.br\\\/?p=306927#breadcrumb\"},\"inLanguage\":\"pt-BR\",\"potentialAction\":[{\"@type\":\"ReadAction\",\"target\":[\"https:\\\/\\\/blogdofarnesio.com.br\\\/?p=306927\"]}]},{\"@type\":\"ImageObject\",\"inLanguage\":\"pt-BR\",\"@id\":\"https:\\\/\\\/blogdofarnesio.com.br\\\/?p=306927#primaryimage\",\"url\":\"https:\\\/\\\/blogdofarnesio.com.br\\\/wp-content\\\/uploads\\\/2016\\\/12\\\/blogqspaten\u00e7\u00e3o1-1.gif\",\"contentUrl\":\"https:\\\/\\\/blogdofarnesio.com.br\\\/wp-content\\\/uploads\\\/2016\\\/12\\\/blogqspaten\u00e7\u00e3o1-1.gif\",\"width\":311,\"height\":118},{\"@type\":\"BreadcrumbList\",\"@id\":\"https:\\\/\\\/blogdofarnesio.com.br\\\/?p=306927#breadcrumb\",\"itemListElement\":[{\"@type\":\"ListItem\",\"position\":1,\"name\":\"In\u00edcio\",\"item\":\"https:\\\/\\\/blogdofarnesio.com.br\\\/\"},{\"@type\":\"ListItem\",\"position\":2,\"name\":\"Prefeitura de Juazeiro alerta para prazo de entrega de documentos da 12\u00aa convoca\u00e7\u00e3o do PSS da Secretaria de Sa\u00fade\"}]},{\"@type\":\"WebSite\",\"@id\":\"https:\\\/\\\/blogdofarnesio.com.br\\\/#website\",\"url\":\"https:\\\/\\\/blogdofarnesio.com.br\\\/\",\"name\":\"Blog do Farn\u00e9sio\",\"description\":\"Quer Saber Pol\u00edtica?\",\"publisher\":{\"@id\":\"https:\\\/\\\/blogdofarnesio.com.br\\\/#organization\"},\"potentialAction\":[{\"@type\":\"SearchAction\",\"target\":{\"@type\":\"EntryPoint\",\"urlTemplate\":\"https:\\\/\\\/blogdofarnesio.com.br\\\/?s={search_term_string}\"},\"query-input\":{\"@type\":\"PropertyValueSpecification\",\"valueRequired\":true,\"valueName\":\"search_term_string\"}}],\"inLanguage\":\"pt-BR\"},{\"@type\":\"Organization\",\"@id\":\"https:\\\/\\\/blogdofarnesio.com.br\\\/#organization\",\"name\":\"Blog do Farn\u00e9sio\",\"url\":\"https:\\\/\\\/blogdofarnesio.com.br\\\/\",\"logo\":{\"@type\":\"ImageObject\",\"inLanguage\":\"pt-BR\",\"@id\":\"https:\\\/\\\/blogdofarnesio.com.br\\\/#\\\/schema\\\/logo\\\/image\\\/\",\"url\":\"https:\\\/\\\/blogdofarnesio.com.br\\\/wp-content\\\/uploads\\\/2026\\\/03\\\/cropped-logo_new-1.png\",\"contentUrl\":\"https:\\\/\\\/blogdofarnesio.com.br\\\/wp-content\\\/uploads\\\/2026\\\/03\\\/cropped-logo_new-1.png\",\"width\":881,\"height\":685,\"caption\":\"Blog do Farn\u00e9sio\"},\"image\":{\"@id\":\"https:\\\/\\\/blogdofarnesio.com.br\\\/#\\\/schema\\\/logo\\\/image\\\/\"},\"sameAs\":[\"https:\\\/\\\/www.facebook.com\\\/BlogQuerSaberPolitica\\\/\"]},{\"@type\":\"Person\",\"@id\":\"https:\\\/\\\/blogdofarnesio.com.br\\\/#\\\/schema\\\/person\\\/bb9b23ae3ad0609ce8df7b6c9e76824d\",\"name\":\"Farn\u00e9sio\",\"image\":{\"@type\":\"ImageObject\",\"inLanguage\":\"pt-BR\",\"@id\":\"https:\\\/\\\/secure.gravatar.com\\\/avatar\\\/986aa4c61ccdb66f8555bf88fc2a65609d00bcabd4d2d94377a727547345cbca?s=96&d=mm&r=g\",\"url\":\"https:\\\/\\\/secure.gravatar.com\\\/avatar\\\/986aa4c61ccdb66f8555bf88fc2a65609d00bcabd4d2d94377a727547345cbca?s=96&d=mm&r=g\",\"contentUrl\":\"https:\\\/\\\/secure.gravatar.com\\\/avatar\\\/986aa4c61ccdb66f8555bf88fc2a65609d00bcabd4d2d94377a727547345cbca?s=96&d=mm&r=g\",\"caption\":\"Farn\u00e9sio\"},\"description\":\"Radialista blogueiro, chegou a Petrolina\\\/Juazeiro em setembro de 1980, Farn\u00e9sio Silva \u00e9 de Arapiraca-Alagoas.\",\"sameAs\":[\"http:\\\/\\\/blogdofarnesio.com.br\",\"https:\\\/\\\/www.facebook.com\\\/?ref=tn_tnmn\",\"https:\\\/\\\/www.instagram.com\\\/?utm_source=pwa_homescreen\",\"https:\\\/\\\/youtube.com.br\\\/\"],\"url\":\"https:\\\/\\\/blogdofarnesio.com.br\\\/?author=2\"}]}<\/script>\n<!-- \/ Yoast SEO plugin. -->","yoast_head_json":{"title":"Prefeitura de Juazeiro alerta para prazo de entrega de documentos da 12\u00aa convoca\u00e7\u00e3o do PSS da Secretaria de Sa\u00fade - Blog do Farn\u00e9sio","robots":{"index":"index","follow":"follow","max-snippet":"max-snippet:-1","max-image-preview":"max-image-preview:large","max-video-preview":"max-video-preview:-1"},"canonical":"https:\/\/blogdofarnesio.com.br\/?p=306927","og_locale":"pt_BR","og_type":"article","og_title":"Prefeitura de Juazeiro alerta para prazo de entrega de documentos da 12\u00aa convoca\u00e7\u00e3o do PSS da Secretaria de Sa\u00fade - Blog do Farn\u00e9sio","og_description":"A Prefeitura de Juazeiro alerta para o prazo de entrega de documenta\u00e7\u00e3o para o Edital de Convoca\u00e7\u00e3o N\u00ba 012\/2021 do Processo Seletivo Simplificado da Secretaria de Sa\u00fade (Sesau). De acordo com a publica\u00e7\u00e3o divulgada pela Secretaria de Gest\u00e3o de Pessoas (Segesp) a data de entrega de documenta\u00e7\u00e3o \u00e9 nesta segunda-feira (21). A rela\u00e7\u00e3o de convocados, bem como toda a documenta\u00e7\u00e3o exigida est\u00e1 dispon\u00edvel no Di\u00e1rio Oficial do Munic\u00edpio (http:\/\/doem.org.br\/ba\/juazeiro\/diarios\/previsualizar\/gN0PKXNP), a partir da p\u00e1gina 13. Entrega da documenta\u00e7\u00e3o Os convocados dever\u00e3o comparecer no Setor de Recursos Humanos da Secretaria Municipal de Sa\u00fade, localizado no Shopping \u00c1guas Center, no dia 21 de fevereiro de 2022, no per\u00edodo de 8h30 \u00e0s 16h. O uso de m\u00e1scara \u00e9 obrigat\u00f3rio, bem como o \u00a0 respeito&hellip;","og_url":"https:\/\/blogdofarnesio.com.br\/?p=306927","og_site_name":"Blog do Farn\u00e9sio","article_publisher":"https:\/\/www.facebook.com\/BlogQuerSaberPolitica\/","article_author":"https:\/\/www.facebook.com\/?ref=tn_tnmn","article_published_time":"2022-02-21T18:22:00+00:00","og_image":[{"width":311,"height":118,"url":"https:\/\/blogdofarnesio.com.br\/wp-content\/uploads\/2016\/12\/blogqspaten\u00e7\u00e3o1-1.gif","type":"image\/gif"}],"author":"Farn\u00e9sio","twitter_card":"summary_large_image","twitter_misc":{"Escrito por":"Farn\u00e9sio","Est. tempo de leitura":"2 minutos"},"schema":{"@context":"https:\/\/schema.org","@graph":[{"@type":"Article","@id":"https:\/\/blogdofarnesio.com.br\/?p=306927#article","isPartOf":{"@id":"https:\/\/blogdofarnesio.com.br\/?p=306927"},"author":{"name":"Farn\u00e9sio","@id":"https:\/\/blogdofarnesio.com.br\/#\/schema\/person\/bb9b23ae3ad0609ce8df7b6c9e76824d"},"headline":"Prefeitura de Juazeiro alerta para prazo de entrega de documentos da 12\u00aa convoca\u00e7\u00e3o do PSS da Secretaria de Sa\u00fade","datePublished":"2022-02-21T18:22:00+00:00","mainEntityOfPage":{"@id":"https:\/\/blogdofarnesio.com.br\/?p=306927"},"wordCount":334,"commentCount":0,"publisher":{"@id":"https:\/\/blogdofarnesio.com.br\/#organization"},"image":{"@id":"https:\/\/blogdofarnesio.com.br\/?p=306927#primaryimage"},"thumbnailUrl":"https:\/\/blogdofarnesio.com.br\/wp-content\/uploads\/2016\/12\/blogqspaten\u00e7\u00e3o1-1.gif","articleSection":["Administra\u00e7\u00e3o","Concursos"],"inLanguage":"pt-BR","potentialAction":[{"@type":"CommentAction","name":"Comment","target":["https:\/\/blogdofarnesio.com.br\/?p=306927#respond"]}]},{"@type":"WebPage","@id":"https:\/\/blogdofarnesio.com.br\/?p=306927","url":"https:\/\/blogdofarnesio.com.br\/?p=306927","name":"Prefeitura de Juazeiro alerta para prazo de entrega de documentos da 12\u00aa convoca\u00e7\u00e3o do PSS da Secretaria de Sa\u00fade - Blog do Farn\u00e9sio","isPartOf":{"@id":"https:\/\/blogdofarnesio.com.br\/#website"},"primaryImageOfPage":{"@id":"https:\/\/blogdofarnesio.com.br\/?p=306927#primaryimage"},"image":{"@id":"https:\/\/blogdofarnesio.com.br\/?p=306927#primaryimage"},"thumbnailUrl":"https:\/\/blogdofarnesio.com.br\/wp-content\/uploads\/2016\/12\/blogqspaten\u00e7\u00e3o1-1.gif","datePublished":"2022-02-21T18:22:00+00:00","breadcrumb":{"@id":"https:\/\/blogdofarnesio.com.br\/?p=306927#breadcrumb"},"inLanguage":"pt-BR","potentialAction":[{"@type":"ReadAction","target":["https:\/\/blogdofarnesio.com.br\/?p=306927"]}]},{"@type":"ImageObject","inLanguage":"pt-BR","@id":"https:\/\/blogdofarnesio.com.br\/?p=306927#primaryimage","url":"https:\/\/blogdofarnesio.com.br\/wp-content\/uploads\/2016\/12\/blogqspaten\u00e7\u00e3o1-1.gif","contentUrl":"https:\/\/blogdofarnesio.com.br\/wp-content\/uploads\/2016\/12\/blogqspaten\u00e7\u00e3o1-1.gif","width":311,"height":118},{"@type":"BreadcrumbList","@id":"https:\/\/blogdofarnesio.com.br\/?p=306927#breadcrumb","itemListElement":[{"@type":"ListItem","position":1,"name":"In\u00edcio","item":"https:\/\/blogdofarnesio.com.br\/"},{"@type":"ListItem","position":2,"name":"Prefeitura de Juazeiro alerta para prazo de entrega de documentos da 12\u00aa convoca\u00e7\u00e3o do PSS da Secretaria de Sa\u00fade"}]},{"@type":"WebSite","@id":"https:\/\/blogdofarnesio.com.br\/#website","url":"https:\/\/blogdofarnesio.com.br\/","name":"Blog do Farn\u00e9sio","description":"Quer Saber Pol\u00edtica?","publisher":{"@id":"https:\/\/blogdofarnesio.com.br\/#organization"},"potentialAction":[{"@type":"SearchAction","target":{"@type":"EntryPoint","urlTemplate":"https:\/\/blogdofarnesio.com.br\/?s={search_term_string}"},"query-input":{"@type":"PropertyValueSpecification","valueRequired":true,"valueName":"search_term_string"}}],"inLanguage":"pt-BR"},{"@type":"Organization","@id":"https:\/\/blogdofarnesio.com.br\/#organization","name":"Blog do Farn\u00e9sio","url":"https:\/\/blogdofarnesio.com.br\/","logo":{"@type":"ImageObject","inLanguage":"pt-BR","@id":"https:\/\/blogdofarnesio.com.br\/#\/schema\/logo\/image\/","url":"https:\/\/blogdofarnesio.com.br\/wp-content\/uploads\/2026\/03\/cropped-logo_new-1.png","contentUrl":"https:\/\/blogdofarnesio.com.br\/wp-content\/uploads\/2026\/03\/cropped-logo_new-1.png","width":881,"height":685,"caption":"Blog do Farn\u00e9sio"},"image":{"@id":"https:\/\/blogdofarnesio.com.br\/#\/schema\/logo\/image\/"},"sameAs":["https:\/\/www.facebook.com\/BlogQuerSaberPolitica\/"]},{"@type":"Person","@id":"https:\/\/blogdofarnesio.com.br\/#\/schema\/person\/bb9b23ae3ad0609ce8df7b6c9e76824d","name":"Farn\u00e9sio","image":{"@type":"ImageObject","inLanguage":"pt-BR","@id":"https:\/\/secure.gravatar.com\/avatar\/986aa4c61ccdb66f8555bf88fc2a65609d00bcabd4d2d94377a727547345cbca?s=96&d=mm&r=g","url":"https:\/\/secure.gravatar.com\/avatar\/986aa4c61ccdb66f8555bf88fc2a65609d00bcabd4d2d94377a727547345cbca?s=96&d=mm&r=g","contentUrl":"https:\/\/secure.gravatar.com\/avatar\/986aa4c61ccdb66f8555bf88fc2a65609d00bcabd4d2d94377a727547345cbca?s=96&d=mm&r=g","caption":"Farn\u00e9sio"},"description":"Radialista blogueiro, chegou a Petrolina\/Juazeiro em setembro de 1980, Farn\u00e9sio Silva \u00e9 de Arapiraca-Alagoas.","sameAs":["http:\/\/blogdofarnesio.com.br","https:\/\/www.facebook.com\/?ref=tn_tnmn","https:\/\/www.instagram.com\/?utm_source=pwa_homescreen","https:\/\/youtube.com.br\/"],"url":"https:\/\/blogdofarnesio.com.br\/?author=2"}]}},"_links":{"self":[{"href":"https:\/\/blogdofarnesio.com.br\/index.php?rest_route=\/wp\/v2\/posts\/306927","targetHints":{"allow":["GET"]}}],"collection":[{"href":"https:\/\/blogdofarnesio.com.br\/index.php?rest_route=\/wp\/v2\/posts"}],"about":[{"href":"https:\/\/blogdofarnesio.com.br\/index.php?rest_route=\/wp\/v2\/types\/post"}],"author":[{"embeddable":true,"href":"https:\/\/blogdofarnesio.com.br\/index.php?rest_route=\/wp\/v2\/users\/2"}],"replies":[{"embeddable":true,"href":"https:\/\/blogdofarnesio.com.br\/index.php?rest_route=%2Fwp%2Fv2%2Fcomments&post=306927"}],"version-history":[{"count":0,"href":"https:\/\/blogdofarnesio.com.br\/index.php?rest_route=\/wp\/v2\/posts\/306927\/revisions"}],"wp:featuredmedia":[{"embeddable":true,"href":"https:\/\/blogdofarnesio.com.br\/index.php?rest_route=\/wp\/v2\/media\/153868"}],"wp:attachment":[{"href":"https:\/\/blogdofarnesio.com.br\/index.php?rest_route=%2Fwp%2Fv2%2Fmedia&parent=306927"}],"wp:term":[{"taxonomy":"category","embeddable":true,"href":"https:\/\/blogdofarnesio.com.br\/index.php?rest_route=%2Fwp%2Fv2%2Fcategories&post=306927"},{"taxonomy":"post_tag","embeddable":true,"href":"https:\/\/blogdofarnesio.com.br\/index.php?rest_route=%2Fwp%2Fv2%2Ftags&post=306927"}],"curies":[{"name":"wp","href":"https:\/\/api.w.org\/{rel}","templated":true}]}}