{"id":306922,"date":"2022-02-21T15:02:59","date_gmt":"2022-02-21T18:02:59","guid":{"rendered":"https:\/\/blogdofarnesio.com.br\/?p=306922"},"modified":"2022-02-21T12:24:35","modified_gmt":"2022-02-21T15:24:35","slug":"conquista-do-voto-feminino-ha-90-anos-veio-com-pressao-de-feministas-e-mobilizacao","status":"publish","type":"post","link":"https:\/\/blogdofarnesio.com.br\/?p=306922","title":{"rendered":"Conquista do voto feminino h\u00e1 90 anos veio com press\u00e3o de feministas e mobiliza\u00e7\u00e3o"},"content":{"rendered":"<div class=\"box-title\">\n<p>por Renata Galf | Folhapress &#8211;<\/p>\n<\/div>\n<div class=\"box-body\" data-io-article-url=\"https:\/\/www.bahianoticias.com.br\/\">\n<div class=\"text-descricao\">\n<p>&#8220;Minhas impress\u00f5es? Sinto-me muito bem aqui. Que culpa tenho eu de estar sozinha?&#8221; A frase \u00e9 de Almerinda Farias Gama, em resposta a um jornalista, na ocasi\u00e3o em que foi a \u00fanica mulher a votar e ser votada nas elei\u00e7\u00f5es dos deputados classistas da classe trabalhadora para a Assembleia Constituinte de 1933.<\/p>\n<p>A foto em preto e branco de Almerinda estampa at\u00e9 hoje diferentes textos sobre a conquista do voto feminino. Com um amplo e elegante sorriso, ela insere a c\u00e9dula com seu voto enquanto \u00e9 observada pelos homens ao seu redor.<\/p>\n<p>Almerinda integrava a Federa\u00e7\u00e3o Brasileira pelo Progresso Feminino (FBPF), associa\u00e7\u00e3o criada em 1922 e liderada por Bertha Lutz, que \u00e9 tida como uma das principais pioneiras na luta pelo sufr\u00e1gio das mulheres no pa\u00eds.<\/p>\n<p>&#8220;\u00c9 eleitor o cidad\u00e3o maior de 21 anos, sem distin\u00e7\u00e3o de sexo&#8221;. A previs\u00e3o de que as mulheres tamb\u00e9m tinham direito ao voto foi inclu\u00edda pela primeira vez na legisla\u00e7\u00e3o nacional brasileira em fevereiro de 1932.<\/p>\n<p>Considerado hoje como uma das principais inova\u00e7\u00f5es do C\u00f3digo Eleitoral de 1932, que completa 90 anos e tamb\u00e9m estabeleceu o voto secreto e criou a Justi\u00e7a Eleitoral, o voto feminino foi conquistado ap\u00f3s intensa press\u00e3o e mobiliza\u00e7\u00e3o por parte dos movimentos sufragistas da \u00e9poca e quase nasceu com severas restri\u00e7\u00f5es.<\/p>\n<p>A mobiliza\u00e7\u00e3o das feministas foi importante n\u00e3o s\u00f3 para pautar o voto feminino ao longo da Primeira Rep\u00fablica (1889-1930), como para pressionar para que o texto final do C\u00f3digo Eleitoral decretado por Get\u00falio Vargas n\u00e3o trouxesse restri\u00e7\u00f5es espec\u00edficas \u00e0s mulheres.<\/p>\n<p>De acordo com o anteprojeto da lei eleitoral que veio a p\u00fablico em agosto de 1931, poderiam votar apenas as mulheres vi\u00favas e solteiras com renda pr\u00f3pria. J\u00e1 as mulheres casadas, mesmo aquelas com renda pr\u00f3pria, deveriam pedir autoriza\u00e7\u00e3o do marido.<\/p>\n<p><strong>O texto foi alvo de cr\u00edticas das feministas.<\/strong><\/p>\n<p>H\u00e1 registros de cartas da Federa\u00e7\u00e3o Brasileira pelo Progresso Feminino datadas de dezembro de 1931, destinadas a Vargas, ent\u00e3o chefe do Governo Provis\u00f3rio, e aos demais membros da comiss\u00e3o da reforma eleitoral, defendendo que a reda\u00e7\u00e3o ampliasse o direito ao voto sem distin\u00e7\u00e3o de sexo. O pa\u00eds vivia um per\u00edodo conturbado.<\/p>\n<p>Em 1930, o presidente Washington Lu\u00eds foi deposto e Get\u00falio Vargas assumiu o poder. A Constitui\u00e7\u00e3o anterior estava suspensa, assim como as elei\u00e7\u00f5es, e o Congresso, fechado. &#8220;O movimento [feminista] fez muita press\u00e3o em favor do voto sair igual ao voto masculino, como de fato saiu no final&#8221;, diz M\u00f4nica Karawejczyk, que \u00e9 professora da PUC-RS e autora do livro &#8220;Mulher Deve Votar? O C\u00f3digo Eleitoral de 1932 e a Conquista do Sufr\u00e1gio Feminino&#8221;.<\/p>\n<p>A pesquisadora aponta tamb\u00e9m a reformula\u00e7\u00e3o da comiss\u00e3o eleitoral ap\u00f3s o anteprojeto, com a troca de parte dos membros, como fator importante para que a regra terminasse por ser alterada. Embora as principais restri\u00e7\u00f5es tenham sido retiradas em 1932, a regra ainda fazia diferen\u00e7a entre homens e mulheres, j\u00e1 que o alistamento eleitoral feminino, diferentemente do masculino, n\u00e3o era obrigat\u00f3rio.<\/p>\n<p>Ao justificar a distin\u00e7\u00e3o, em vers\u00e3o comentada do c\u00f3digo, o integrante da comiss\u00e3o Assis Brasil escreveu que, de partida, conceder a perfeita igualdade pol\u00edtica dos sexos seria &#8220;destro\u00e7ar num s\u00f3 momento, sem uma prepara\u00e7\u00e3o pr\u00e9via, uma tradi\u00e7\u00e3o secular e um sistema de direito privado, em que a mulher casada ainda est\u00e1 colocada em situa\u00e7\u00e3o desigual \u00e0 do homem&#8221;.<\/p>\n<p>Na Constitui\u00e7\u00e3o de 1934, a obrigatoriedade do voto foi estendida apenas \u00e0s mulheres que fossem servidoras p\u00fablicas. Somente em 1946, a obrigatoriedade do voto passou a ser para ambos os sexos, sem distin\u00e7\u00e3o.<br \/>\nA introdu\u00e7\u00e3o do voto feminino abriu caminho n\u00e3o s\u00f3 para que as mulheres votassem, mas para que fossem candidatas.<\/p>\n<p>A medida foi alvo de cr\u00edticas \u00e0 \u00e9poca, como do ent\u00e3o ministro do STF (Supremo Tribunal Federal) Ant\u00f4nio Bento de Faria. &#8220;Ao direito de voto corresponde o de ser votado, mas seria de um rid\u00edculo incomensur\u00e1vel tornar acess\u00edvel \u00e0 mulher a chefia suprema da na\u00e7\u00e3o, permitindo-lhe a possibilidade de assumir a dire\u00e7\u00e3o suprema das for\u00e7as de terra e mar!<\/p>\n<p>Apenas uma mulher foi eleita para a Assembleia Constituinte em 1933: a paulista Carlota de Queir\u00f3s. J\u00e1 Bertha Lutz ficou na supl\u00eancia. Entre os deputados classistas, Almerinda Farias n\u00e3o foi eleita.<br \/>\nDe acordo com a Constitui\u00e7\u00e3o anterior, o direito de ser alistado como eleitor estava entre as condi\u00e7\u00f5es de elegibilidade para o Congresso Nacional.<br \/>\nMesmo com o marco hist\u00f3rico da conquista do voto feminino, boa parte das mulheres e da popula\u00e7\u00e3o negra e pobre continuaria exclu\u00edda do direito ao voto por muitas d\u00e9cadas. Apenas em 1985, tal direito foi ampliado aos analfabetos.<br \/>\nINVISIBILIDADE DA HIST\u00d3RIA DAS SUFRAGISTAS<br \/>\nApesar do papel que as sufragistas desempenharam, M\u00f4nica (PUC-RS) aponta que ainda h\u00e1 pouca pesquisa sobre a hist\u00f3ria dessas mulheres e sobre as associa\u00e7\u00f5es feministas.<br \/>\n&#8220;A gente sabe pouco sobre isso, a gente n\u00e3o sabe quase nada. Essas mulheres do per\u00edodo ainda est\u00e3o encobertas&#8221;, diz ela, que aponta os jornais da \u00e9poca como uma das principais fontes de informa\u00e7\u00e3o sobre o tema.<br \/>\nAl\u00e9m da Federa\u00e7\u00e3o liderada por Bertha, que acabou ficando mais conhecida, a pesquisadora destaca, por exemplo, o papel de outras associa\u00e7\u00f5es na aprova\u00e7\u00e3o do voto feminino, como a Alian\u00e7a Nacional de Mulheres (ANM), fundada pela ga\u00facha Nathercia Silveira, e a Associa\u00e7\u00e3o Batalh\u00e3o Feminino Jo\u00e3o Pessoa (ABFJP), da mineira Elvira Komel.<br \/>\nA quest\u00e3o da invisibilidade de parte das pioneiras pelo sufr\u00e1gio \u00e9 um dos pontos destacados pela jornalista e doutoranda da UnB (Universidade de Bras\u00edlia) Patr\u00edcia Cibele da Silva Ten\u00f3rio, que em sua disserta\u00e7\u00e3o de mestrado buscou resgatar a trajet\u00f3ria de Almerinda Farias Gama, depois de se deparar com a foto dela votando.<br \/>\n&#8220;Quem \u00e9 a mulher atr\u00e1s da foto? Essa \u00e9 a pergunta que eu me fiz o tempo todo e a\u00ed fui nessa pesquisa que foi uma jornada de encontrar o que eram vest\u00edgios&#8221;, conta.<br \/>\nComo presidente do Sindicato dos Datil\u00f3grafos e Taqu\u00edgrafos do Distrito Federal, Almerinda foi a \u00fanica mulher, entre 272 representantes, a votar como delegada na elei\u00e7\u00e3o que escolheu os deputados classistas para a Constituinte.<br \/>\n&#8220;\u00c9 importante pensar que a presen\u00e7a da Almerinda naquele espa\u00e7o \u00e9 fruto de uma estrat\u00e9gia feminista para colocar uma mulher naquela elei\u00e7\u00e3o&#8221;, diz.<br \/>\nEm linhas gerais, tratava-se de uma experi\u00eancia introduzida por Vargas que dava espa\u00e7o no Congresso a representantes de sindicatos autorizados pelo governo.<br \/>\nEm sua pesquisa, Patr\u00edcia Cibele identifica que a formaliza\u00e7\u00e3o do sindicato e a escolha de Almerinda como presidente se deu a menos de um m\u00eas da elei\u00e7\u00e3o, pr\u00f3ximo ao prazo limite. &#8220;Elas criam um sindicato que \u00e9 quase um sindicato de fachada.&#8221;<br \/>\n&#8220;Elas iam mapeando qualquer possibilidade de participa\u00e7\u00e3o pol\u00edtica e as feministas iam tentando entrar.&#8221;<br \/>\nTentativas anteriores Antes de Vargas tomar o poder, diferentes projetos de lei j\u00e1 tinham sido apresentados na C\u00e2mara e no Senado por congressistas que apoiavam o sufr\u00e1gio feminino, mas enfrentavam forte oposi\u00e7\u00e3o.<br \/>\nEm 1917, por exemplo, o projeto do deputado Maur\u00edcio de Lacerda que inclu\u00eda o voto feminino foi arquivado pela Comiss\u00e3o de Constitui\u00e7\u00e3o e Justi\u00e7a por consider\u00e1-lo inconstitucional.<br \/>\nAs propostas seguintes n\u00e3o chegaram a ser declaradas inconstitucionais, mas tampouco foram aprovadas.<br \/>\nOutra protagonista da luta pelo sufr\u00e1gio foi a professora Leolinda Daltro, que em 1910 fundou o Partido Republicano Feminino, como forma de congregar apoio \u00e0 causa. \u00c9 dela o primeiro registro formal ao Congresso solicitando que fosse aprovado o voto feminino em 1916.<br \/>\nJ\u00e1 desde a primeira Assembleia Constituinte republicana, ap\u00f3s a proclama\u00e7\u00e3o da Rep\u00fablica, as mulheres acreditavam que a mudan\u00e7a seria incorporada. Emendas prevendo tal direito de modo expl\u00edcito, contudo, foram rejeitadas.<br \/>\nA Constitui\u00e7\u00e3o de 1891 previa: &#8220;s\u00e3o eleitores os cidad\u00e3os maiores de 21 anos que se alistarem na forma da lei.&#8221; Estavam exclu\u00eddos explicitamente os mendigos, os analfabetos, os pra\u00e7as de pr\u00e9 (militares de baixa patente) e religiosos de ordens.<br \/>\nCaso tivesse aprovado a mudan\u00e7a, o Brasil teria sido pioneiro em estender o direito de voto \u00e0s mulheres. Em 1893, a Nova Zel\u00e2ndia foi o primeiro pa\u00eds a aprovar o voto feminino.<br \/>\nAo longo da Primeira Rep\u00fablica, diferentes mulheres que tentaram se alistar como eleitoras tiveram seus pedidos negados com base na reda\u00e7\u00e3o, apenas no masculino, do texto constitucional.<br \/>\nEm 1927, a legisla\u00e7\u00e3o eleitoral do estado do Rio Grande do Norte foi a primeira a permitir o alistamento de mulheres.<br \/>\n&#8220;No Rio Grande do Norte poder\u00e3o votar e ser votados, sem distin\u00e7\u00e3o de sexos, todos os cidad\u00e3os que reunirem as condi\u00e7\u00f5es exigidas por esta lei&#8221;, estabelecia o texto. Os poucos votos femininos, contudo, foram considerados inv\u00e1lidos pelo Senado.<br \/>\n\u00c9 tamb\u00e9m do Rio Grande do Norte a primeira mulher eleita prefeita no Brasil. Em 1928, Alzira Soriano venceu a elei\u00e7\u00e3o \u00e0 Prefeitura de Lajes, munic\u00edpio do interior do estado, pelo Partido Republicano.<br \/>\nJ\u00e1 Antonieta de Barros foi, em 1935, a primeira mulher negra a ocupar um mandato eletivo, ao ser eleita deputada estadual de Santa Catarina.<br \/>\nAinda hoje, por\u00e9m, a presen\u00e7a de homens e mulheres em espa\u00e7os de poder segue desigual. Hoje o Rio Grande do Norte \u00e9 o \u00fanico estado que possui uma mulher, F\u00e1tima Bezerra (PT), \u00e0 frente do governo estadual. Em 1994, Roseana Sarney, no Maranh\u00e3o, foi a primeira mulher eleita governadora.<br \/>\nDilma Rousseff, em 2010, foi eleita a primeira e \u00fanica presidente mulher do pa\u00eds. Entre os pr\u00e9-candidatos \u00e0 Presid\u00eancia cotados at\u00e9 o momento, h\u00e1 apenas uma mulher na disputa: a senadora Simone Tebet (MDB).<\/p>\n<\/div>\n<\/div>\n","protected":false},"excerpt":{"rendered":"<p>por Renata Galf | Folhapress &#8211; &#8220;Minhas impress\u00f5es? Sinto-me muito bem aqui. Que culpa tenho eu de estar sozinha?&#8221; A frase \u00e9 de Almerinda Farias Gama, em resposta a um jornalista, na ocasi\u00e3o em que foi a \u00fanica mulher a votar e ser votada nas elei\u00e7\u00f5es dos deputados classistas da classe trabalhadora para a Assembleia Constituinte de 1933. A foto em preto e branco de Almerinda estampa at\u00e9 hoje diferentes textos sobre a conquista do voto feminino. Com um amplo e elegante sorriso, ela insere a c\u00e9dula com seu voto enquanto \u00e9 observada pelos homens ao seu redor. Almerinda integrava a Federa\u00e7\u00e3o Brasileira pelo Progresso Feminino (FBPF), associa\u00e7\u00e3o criada em 1922 e liderada por Bertha Lutz, que \u00e9 tida como&hellip; <\/p>\n","protected":false},"author":2,"featured_media":306923,"comment_status":"open","ping_status":"open","sticky":false,"template":"","format":"standard","meta":{"_acf_changed":false,"footnotes":""},"categories":[30],"tags":[],"class_list":["post-306922","post","type-post","status-publish","format-standard","has-post-thumbnail","hentry","category-artigo"],"acf":[],"yoast_head":"<!-- This site is optimized with the Yoast SEO plugin v27.4 - https:\/\/yoast.com\/product\/yoast-seo-wordpress\/ -->\n<title>Conquista do voto feminino h\u00e1 90 anos veio com press\u00e3o de feministas e mobiliza\u00e7\u00e3o - Blog do Farn\u00e9sio<\/title>\n<meta name=\"robots\" content=\"index, follow, max-snippet:-1, max-image-preview:large, max-video-preview:-1\" \/>\n<link rel=\"canonical\" href=\"https:\/\/blogdofarnesio.com.br\/?p=306922\" \/>\n<meta property=\"og:locale\" content=\"pt_BR\" \/>\n<meta property=\"og:type\" content=\"article\" \/>\n<meta property=\"og:title\" content=\"Conquista do voto feminino h\u00e1 90 anos veio com press\u00e3o de feministas e mobiliza\u00e7\u00e3o - Blog do Farn\u00e9sio\" \/>\n<meta property=\"og:description\" content=\"por Renata Galf | Folhapress &#8211; &#8220;Minhas impress\u00f5es? Sinto-me muito bem aqui. Que culpa tenho eu de estar sozinha?&#8221; A frase \u00e9 de Almerinda Farias Gama, em resposta a um jornalista, na ocasi\u00e3o em que foi a \u00fanica mulher a votar e ser votada nas elei\u00e7\u00f5es dos deputados classistas da classe trabalhadora para a Assembleia Constituinte de 1933. A foto em preto e branco de Almerinda estampa at\u00e9 hoje diferentes textos sobre a conquista do voto feminino. Com um amplo e elegante sorriso, ela insere a c\u00e9dula com seu voto enquanto \u00e9 observada pelos homens ao seu redor. Almerinda integrava a Federa\u00e7\u00e3o Brasileira pelo Progresso Feminino (FBPF), associa\u00e7\u00e3o criada em 1922 e liderada por Bertha Lutz, que \u00e9 tida como&hellip;\" \/>\n<meta property=\"og:url\" content=\"https:\/\/blogdofarnesio.com.br\/?p=306922\" \/>\n<meta property=\"og:site_name\" content=\"Blog do Farn\u00e9sio\" \/>\n<meta property=\"article:publisher\" content=\"https:\/\/www.facebook.com\/BlogQuerSaberPolitica\/\" \/>\n<meta property=\"article:author\" content=\"https:\/\/www.facebook.com\/?ref=tn_tnmn\" \/>\n<meta property=\"article:published_time\" content=\"2022-02-21T18:02:59+00:00\" \/>\n<meta property=\"og:image\" content=\"https:\/\/blogdofarnesio.com.br\/wp-content\/uploads\/2022\/02\/blogqspeleicoes-1-voto-feminino-almerinda-farias-gama-CPDOC-FGV.jpg\" \/>\n\t<meta property=\"og:image:width\" content=\"380\" \/>\n\t<meta property=\"og:image:height\" content=\"280\" \/>\n\t<meta property=\"og:image:type\" content=\"image\/jpeg\" \/>\n<meta name=\"author\" content=\"Farn\u00e9sio\" \/>\n<meta name=\"twitter:card\" content=\"summary_large_image\" \/>\n<meta name=\"twitter:label1\" content=\"Escrito por\" \/>\n\t<meta name=\"twitter:data1\" content=\"Farn\u00e9sio\" \/>\n\t<meta name=\"twitter:label2\" content=\"Est. tempo de leitura\" \/>\n\t<meta name=\"twitter:data2\" content=\"9 minutos\" \/>\n<script type=\"application\/ld+json\" class=\"yoast-schema-graph\">{\"@context\":\"https:\\\/\\\/schema.org\",\"@graph\":[{\"@type\":\"Article\",\"@id\":\"https:\\\/\\\/blogdofarnesio.com.br\\\/?p=306922#article\",\"isPartOf\":{\"@id\":\"https:\\\/\\\/blogdofarnesio.com.br\\\/?p=306922\"},\"author\":{\"name\":\"Farn\u00e9sio\",\"@id\":\"https:\\\/\\\/blogdofarnesio.com.br\\\/#\\\/schema\\\/person\\\/bb9b23ae3ad0609ce8df7b6c9e76824d\"},\"headline\":\"Conquista do voto feminino h\u00e1 90 anos veio com press\u00e3o de feministas e mobiliza\u00e7\u00e3o\",\"datePublished\":\"2022-02-21T18:02:59+00:00\",\"mainEntityOfPage\":{\"@id\":\"https:\\\/\\\/blogdofarnesio.com.br\\\/?p=306922\"},\"wordCount\":1676,\"commentCount\":0,\"publisher\":{\"@id\":\"https:\\\/\\\/blogdofarnesio.com.br\\\/#organization\"},\"image\":{\"@id\":\"https:\\\/\\\/blogdofarnesio.com.br\\\/?p=306922#primaryimage\"},\"thumbnailUrl\":\"https:\\\/\\\/blogdofarnesio.com.br\\\/wp-content\\\/uploads\\\/2022\\\/02\\\/blogqspeleicoes-1-voto-feminino-almerinda-farias-gama-CPDOC-FGV.jpg\",\"articleSection\":[\"Artigo\"],\"inLanguage\":\"pt-BR\",\"potentialAction\":[{\"@type\":\"CommentAction\",\"name\":\"Comment\",\"target\":[\"https:\\\/\\\/blogdofarnesio.com.br\\\/?p=306922#respond\"]}]},{\"@type\":\"WebPage\",\"@id\":\"https:\\\/\\\/blogdofarnesio.com.br\\\/?p=306922\",\"url\":\"https:\\\/\\\/blogdofarnesio.com.br\\\/?p=306922\",\"name\":\"Conquista do voto feminino h\u00e1 90 anos veio com press\u00e3o de feministas e mobiliza\u00e7\u00e3o - Blog do Farn\u00e9sio\",\"isPartOf\":{\"@id\":\"https:\\\/\\\/blogdofarnesio.com.br\\\/#website\"},\"primaryImageOfPage\":{\"@id\":\"https:\\\/\\\/blogdofarnesio.com.br\\\/?p=306922#primaryimage\"},\"image\":{\"@id\":\"https:\\\/\\\/blogdofarnesio.com.br\\\/?p=306922#primaryimage\"},\"thumbnailUrl\":\"https:\\\/\\\/blogdofarnesio.com.br\\\/wp-content\\\/uploads\\\/2022\\\/02\\\/blogqspeleicoes-1-voto-feminino-almerinda-farias-gama-CPDOC-FGV.jpg\",\"datePublished\":\"2022-02-21T18:02:59+00:00\",\"breadcrumb\":{\"@id\":\"https:\\\/\\\/blogdofarnesio.com.br\\\/?p=306922#breadcrumb\"},\"inLanguage\":\"pt-BR\",\"potentialAction\":[{\"@type\":\"ReadAction\",\"target\":[\"https:\\\/\\\/blogdofarnesio.com.br\\\/?p=306922\"]}]},{\"@type\":\"ImageObject\",\"inLanguage\":\"pt-BR\",\"@id\":\"https:\\\/\\\/blogdofarnesio.com.br\\\/?p=306922#primaryimage\",\"url\":\"https:\\\/\\\/blogdofarnesio.com.br\\\/wp-content\\\/uploads\\\/2022\\\/02\\\/blogqspeleicoes-1-voto-feminino-almerinda-farias-gama-CPDOC-FGV.jpg\",\"contentUrl\":\"https:\\\/\\\/blogdofarnesio.com.br\\\/wp-content\\\/uploads\\\/2022\\\/02\\\/blogqspeleicoes-1-voto-feminino-almerinda-farias-gama-CPDOC-FGV.jpg\",\"width\":380,\"height\":280},{\"@type\":\"BreadcrumbList\",\"@id\":\"https:\\\/\\\/blogdofarnesio.com.br\\\/?p=306922#breadcrumb\",\"itemListElement\":[{\"@type\":\"ListItem\",\"position\":1,\"name\":\"In\u00edcio\",\"item\":\"https:\\\/\\\/blogdofarnesio.com.br\\\/\"},{\"@type\":\"ListItem\",\"position\":2,\"name\":\"Conquista do voto feminino h\u00e1 90 anos veio com press\u00e3o de feministas e mobiliza\u00e7\u00e3o\"}]},{\"@type\":\"WebSite\",\"@id\":\"https:\\\/\\\/blogdofarnesio.com.br\\\/#website\",\"url\":\"https:\\\/\\\/blogdofarnesio.com.br\\\/\",\"name\":\"Blog do Farn\u00e9sio\",\"description\":\"Quer Saber Pol\u00edtica?\",\"publisher\":{\"@id\":\"https:\\\/\\\/blogdofarnesio.com.br\\\/#organization\"},\"potentialAction\":[{\"@type\":\"SearchAction\",\"target\":{\"@type\":\"EntryPoint\",\"urlTemplate\":\"https:\\\/\\\/blogdofarnesio.com.br\\\/?s={search_term_string}\"},\"query-input\":{\"@type\":\"PropertyValueSpecification\",\"valueRequired\":true,\"valueName\":\"search_term_string\"}}],\"inLanguage\":\"pt-BR\"},{\"@type\":\"Organization\",\"@id\":\"https:\\\/\\\/blogdofarnesio.com.br\\\/#organization\",\"name\":\"Blog do Farn\u00e9sio\",\"url\":\"https:\\\/\\\/blogdofarnesio.com.br\\\/\",\"logo\":{\"@type\":\"ImageObject\",\"inLanguage\":\"pt-BR\",\"@id\":\"https:\\\/\\\/blogdofarnesio.com.br\\\/#\\\/schema\\\/logo\\\/image\\\/\",\"url\":\"https:\\\/\\\/blogdofarnesio.com.br\\\/wp-content\\\/uploads\\\/2026\\\/03\\\/cropped-logo_new-1.png\",\"contentUrl\":\"https:\\\/\\\/blogdofarnesio.com.br\\\/wp-content\\\/uploads\\\/2026\\\/03\\\/cropped-logo_new-1.png\",\"width\":881,\"height\":685,\"caption\":\"Blog do Farn\u00e9sio\"},\"image\":{\"@id\":\"https:\\\/\\\/blogdofarnesio.com.br\\\/#\\\/schema\\\/logo\\\/image\\\/\"},\"sameAs\":[\"https:\\\/\\\/www.facebook.com\\\/BlogQuerSaberPolitica\\\/\"]},{\"@type\":\"Person\",\"@id\":\"https:\\\/\\\/blogdofarnesio.com.br\\\/#\\\/schema\\\/person\\\/bb9b23ae3ad0609ce8df7b6c9e76824d\",\"name\":\"Farn\u00e9sio\",\"image\":{\"@type\":\"ImageObject\",\"inLanguage\":\"pt-BR\",\"@id\":\"https:\\\/\\\/secure.gravatar.com\\\/avatar\\\/986aa4c61ccdb66f8555bf88fc2a65609d00bcabd4d2d94377a727547345cbca?s=96&d=mm&r=g\",\"url\":\"https:\\\/\\\/secure.gravatar.com\\\/avatar\\\/986aa4c61ccdb66f8555bf88fc2a65609d00bcabd4d2d94377a727547345cbca?s=96&d=mm&r=g\",\"contentUrl\":\"https:\\\/\\\/secure.gravatar.com\\\/avatar\\\/986aa4c61ccdb66f8555bf88fc2a65609d00bcabd4d2d94377a727547345cbca?s=96&d=mm&r=g\",\"caption\":\"Farn\u00e9sio\"},\"description\":\"Radialista blogueiro, chegou a Petrolina\\\/Juazeiro em setembro de 1980, Farn\u00e9sio Silva \u00e9 de Arapiraca-Alagoas.\",\"sameAs\":[\"http:\\\/\\\/blogdofarnesio.com.br\",\"https:\\\/\\\/www.facebook.com\\\/?ref=tn_tnmn\",\"https:\\\/\\\/www.instagram.com\\\/?utm_source=pwa_homescreen\",\"https:\\\/\\\/youtube.com.br\\\/\"],\"url\":\"https:\\\/\\\/blogdofarnesio.com.br\\\/?author=2\"}]}<\/script>\n<!-- \/ Yoast SEO plugin. -->","yoast_head_json":{"title":"Conquista do voto feminino h\u00e1 90 anos veio com press\u00e3o de feministas e mobiliza\u00e7\u00e3o - Blog do Farn\u00e9sio","robots":{"index":"index","follow":"follow","max-snippet":"max-snippet:-1","max-image-preview":"max-image-preview:large","max-video-preview":"max-video-preview:-1"},"canonical":"https:\/\/blogdofarnesio.com.br\/?p=306922","og_locale":"pt_BR","og_type":"article","og_title":"Conquista do voto feminino h\u00e1 90 anos veio com press\u00e3o de feministas e mobiliza\u00e7\u00e3o - Blog do Farn\u00e9sio","og_description":"por Renata Galf | Folhapress &#8211; &#8220;Minhas impress\u00f5es? Sinto-me muito bem aqui. Que culpa tenho eu de estar sozinha?&#8221; A frase \u00e9 de Almerinda Farias Gama, em resposta a um jornalista, na ocasi\u00e3o em que foi a \u00fanica mulher a votar e ser votada nas elei\u00e7\u00f5es dos deputados classistas da classe trabalhadora para a Assembleia Constituinte de 1933. A foto em preto e branco de Almerinda estampa at\u00e9 hoje diferentes textos sobre a conquista do voto feminino. Com um amplo e elegante sorriso, ela insere a c\u00e9dula com seu voto enquanto \u00e9 observada pelos homens ao seu redor. Almerinda integrava a Federa\u00e7\u00e3o Brasileira pelo Progresso Feminino (FBPF), associa\u00e7\u00e3o criada em 1922 e liderada por Bertha Lutz, que \u00e9 tida como&hellip;","og_url":"https:\/\/blogdofarnesio.com.br\/?p=306922","og_site_name":"Blog do Farn\u00e9sio","article_publisher":"https:\/\/www.facebook.com\/BlogQuerSaberPolitica\/","article_author":"https:\/\/www.facebook.com\/?ref=tn_tnmn","article_published_time":"2022-02-21T18:02:59+00:00","og_image":[{"width":380,"height":280,"url":"https:\/\/blogdofarnesio.com.br\/wp-content\/uploads\/2022\/02\/blogqspeleicoes-1-voto-feminino-almerinda-farias-gama-CPDOC-FGV.jpg","type":"image\/jpeg"}],"author":"Farn\u00e9sio","twitter_card":"summary_large_image","twitter_misc":{"Escrito por":"Farn\u00e9sio","Est. tempo de leitura":"9 minutos"},"schema":{"@context":"https:\/\/schema.org","@graph":[{"@type":"Article","@id":"https:\/\/blogdofarnesio.com.br\/?p=306922#article","isPartOf":{"@id":"https:\/\/blogdofarnesio.com.br\/?p=306922"},"author":{"name":"Farn\u00e9sio","@id":"https:\/\/blogdofarnesio.com.br\/#\/schema\/person\/bb9b23ae3ad0609ce8df7b6c9e76824d"},"headline":"Conquista do voto feminino h\u00e1 90 anos veio com press\u00e3o de feministas e mobiliza\u00e7\u00e3o","datePublished":"2022-02-21T18:02:59+00:00","mainEntityOfPage":{"@id":"https:\/\/blogdofarnesio.com.br\/?p=306922"},"wordCount":1676,"commentCount":0,"publisher":{"@id":"https:\/\/blogdofarnesio.com.br\/#organization"},"image":{"@id":"https:\/\/blogdofarnesio.com.br\/?p=306922#primaryimage"},"thumbnailUrl":"https:\/\/blogdofarnesio.com.br\/wp-content\/uploads\/2022\/02\/blogqspeleicoes-1-voto-feminino-almerinda-farias-gama-CPDOC-FGV.jpg","articleSection":["Artigo"],"inLanguage":"pt-BR","potentialAction":[{"@type":"CommentAction","name":"Comment","target":["https:\/\/blogdofarnesio.com.br\/?p=306922#respond"]}]},{"@type":"WebPage","@id":"https:\/\/blogdofarnesio.com.br\/?p=306922","url":"https:\/\/blogdofarnesio.com.br\/?p=306922","name":"Conquista do voto feminino h\u00e1 90 anos veio com press\u00e3o de feministas e mobiliza\u00e7\u00e3o - Blog do Farn\u00e9sio","isPartOf":{"@id":"https:\/\/blogdofarnesio.com.br\/#website"},"primaryImageOfPage":{"@id":"https:\/\/blogdofarnesio.com.br\/?p=306922#primaryimage"},"image":{"@id":"https:\/\/blogdofarnesio.com.br\/?p=306922#primaryimage"},"thumbnailUrl":"https:\/\/blogdofarnesio.com.br\/wp-content\/uploads\/2022\/02\/blogqspeleicoes-1-voto-feminino-almerinda-farias-gama-CPDOC-FGV.jpg","datePublished":"2022-02-21T18:02:59+00:00","breadcrumb":{"@id":"https:\/\/blogdofarnesio.com.br\/?p=306922#breadcrumb"},"inLanguage":"pt-BR","potentialAction":[{"@type":"ReadAction","target":["https:\/\/blogdofarnesio.com.br\/?p=306922"]}]},{"@type":"ImageObject","inLanguage":"pt-BR","@id":"https:\/\/blogdofarnesio.com.br\/?p=306922#primaryimage","url":"https:\/\/blogdofarnesio.com.br\/wp-content\/uploads\/2022\/02\/blogqspeleicoes-1-voto-feminino-almerinda-farias-gama-CPDOC-FGV.jpg","contentUrl":"https:\/\/blogdofarnesio.com.br\/wp-content\/uploads\/2022\/02\/blogqspeleicoes-1-voto-feminino-almerinda-farias-gama-CPDOC-FGV.jpg","width":380,"height":280},{"@type":"BreadcrumbList","@id":"https:\/\/blogdofarnesio.com.br\/?p=306922#breadcrumb","itemListElement":[{"@type":"ListItem","position":1,"name":"In\u00edcio","item":"https:\/\/blogdofarnesio.com.br\/"},{"@type":"ListItem","position":2,"name":"Conquista do voto feminino h\u00e1 90 anos veio com press\u00e3o de feministas e mobiliza\u00e7\u00e3o"}]},{"@type":"WebSite","@id":"https:\/\/blogdofarnesio.com.br\/#website","url":"https:\/\/blogdofarnesio.com.br\/","name":"Blog do Farn\u00e9sio","description":"Quer Saber Pol\u00edtica?","publisher":{"@id":"https:\/\/blogdofarnesio.com.br\/#organization"},"potentialAction":[{"@type":"SearchAction","target":{"@type":"EntryPoint","urlTemplate":"https:\/\/blogdofarnesio.com.br\/?s={search_term_string}"},"query-input":{"@type":"PropertyValueSpecification","valueRequired":true,"valueName":"search_term_string"}}],"inLanguage":"pt-BR"},{"@type":"Organization","@id":"https:\/\/blogdofarnesio.com.br\/#organization","name":"Blog do Farn\u00e9sio","url":"https:\/\/blogdofarnesio.com.br\/","logo":{"@type":"ImageObject","inLanguage":"pt-BR","@id":"https:\/\/blogdofarnesio.com.br\/#\/schema\/logo\/image\/","url":"https:\/\/blogdofarnesio.com.br\/wp-content\/uploads\/2026\/03\/cropped-logo_new-1.png","contentUrl":"https:\/\/blogdofarnesio.com.br\/wp-content\/uploads\/2026\/03\/cropped-logo_new-1.png","width":881,"height":685,"caption":"Blog do Farn\u00e9sio"},"image":{"@id":"https:\/\/blogdofarnesio.com.br\/#\/schema\/logo\/image\/"},"sameAs":["https:\/\/www.facebook.com\/BlogQuerSaberPolitica\/"]},{"@type":"Person","@id":"https:\/\/blogdofarnesio.com.br\/#\/schema\/person\/bb9b23ae3ad0609ce8df7b6c9e76824d","name":"Farn\u00e9sio","image":{"@type":"ImageObject","inLanguage":"pt-BR","@id":"https:\/\/secure.gravatar.com\/avatar\/986aa4c61ccdb66f8555bf88fc2a65609d00bcabd4d2d94377a727547345cbca?s=96&d=mm&r=g","url":"https:\/\/secure.gravatar.com\/avatar\/986aa4c61ccdb66f8555bf88fc2a65609d00bcabd4d2d94377a727547345cbca?s=96&d=mm&r=g","contentUrl":"https:\/\/secure.gravatar.com\/avatar\/986aa4c61ccdb66f8555bf88fc2a65609d00bcabd4d2d94377a727547345cbca?s=96&d=mm&r=g","caption":"Farn\u00e9sio"},"description":"Radialista blogueiro, chegou a Petrolina\/Juazeiro em setembro de 1980, Farn\u00e9sio Silva \u00e9 de Arapiraca-Alagoas.","sameAs":["http:\/\/blogdofarnesio.com.br","https:\/\/www.facebook.com\/?ref=tn_tnmn","https:\/\/www.instagram.com\/?utm_source=pwa_homescreen","https:\/\/youtube.com.br\/"],"url":"https:\/\/blogdofarnesio.com.br\/?author=2"}]}},"_links":{"self":[{"href":"https:\/\/blogdofarnesio.com.br\/index.php?rest_route=\/wp\/v2\/posts\/306922","targetHints":{"allow":["GET"]}}],"collection":[{"href":"https:\/\/blogdofarnesio.com.br\/index.php?rest_route=\/wp\/v2\/posts"}],"about":[{"href":"https:\/\/blogdofarnesio.com.br\/index.php?rest_route=\/wp\/v2\/types\/post"}],"author":[{"embeddable":true,"href":"https:\/\/blogdofarnesio.com.br\/index.php?rest_route=\/wp\/v2\/users\/2"}],"replies":[{"embeddable":true,"href":"https:\/\/blogdofarnesio.com.br\/index.php?rest_route=%2Fwp%2Fv2%2Fcomments&post=306922"}],"version-history":[{"count":0,"href":"https:\/\/blogdofarnesio.com.br\/index.php?rest_route=\/wp\/v2\/posts\/306922\/revisions"}],"wp:featuredmedia":[{"embeddable":true,"href":"https:\/\/blogdofarnesio.com.br\/index.php?rest_route=\/wp\/v2\/media\/306923"}],"wp:attachment":[{"href":"https:\/\/blogdofarnesio.com.br\/index.php?rest_route=%2Fwp%2Fv2%2Fmedia&parent=306922"}],"wp:term":[{"taxonomy":"category","embeddable":true,"href":"https:\/\/blogdofarnesio.com.br\/index.php?rest_route=%2Fwp%2Fv2%2Fcategories&post=306922"},{"taxonomy":"post_tag","embeddable":true,"href":"https:\/\/blogdofarnesio.com.br\/index.php?rest_route=%2Fwp%2Fv2%2Ftags&post=306922"}],"curies":[{"name":"wp","href":"https:\/\/api.w.org\/{rel}","templated":true}]}}