{"id":306720,"date":"2022-02-21T14:00:58","date_gmt":"2022-02-21T17:00:58","guid":{"rendered":"https:\/\/blogdofarnesio.com.br\/?p=306720"},"modified":"2022-02-21T12:01:22","modified_gmt":"2022-02-21T15:01:22","slug":"unidades-do-cras-juazeiro-promovem-atividades-com-foco-na-prevencao-a-gravidez-na-adolescencia","status":"publish","type":"post","link":"https:\/\/blogdofarnesio.com.br\/2022\/02\/unidades-do-cras-juazeiro-promovem-atividades-com-foco-na-prevencao-a-gravidez-na-adolescencia\/","title":{"rendered":"Unidades do CRAS\/Juazeiro promovem atividades com foco na preven\u00e7\u00e3o \u00e0 gravidez na adolesc\u00eancia"},"content":{"rendered":"<p style=\"font-weight: 400;\">At\u00e9 o final do m\u00eas de fevereiro as cinco unidades do Centro de Refer\u00eancia de Assist\u00eancia Social (CRAS) de Juazeiro v\u00e3o realizar uma s\u00e9rie de atividades e rodas de conversa em alus\u00e3o \u00e0 Semana Nacional de Preven\u00e7\u00e3o da Gravidez na Adolesc\u00eancia. O p\u00fablico-alvo s\u00e3o adolescentes do sexo masculino e feminino atendidos pelo Servi\u00e7o de Conviv\u00eancia e Fortalecimento de V\u00ednculos.<\/p>\n<p style=\"font-weight: 400;\">A atividade foi no CRAS do bairro Itaberaba e, segundo a coordenadora da unidade, Carla Paula, a a\u00e7\u00e3o teve como objetivo provocar reflex\u00f5es e orientar os adolescentes sobre medidas preventivas.<\/p>\n<p style=\"font-weight: 400;\">\u201cEsse momento j\u00e1 faz parte do nosso planejamento anual. J\u00e1 que atendemos muitos adolescentes, sempre preparamos um momento para esclarecer e orientar sobre os riscos e o impacto da gravidez no projeto de vida desses jovens, assim como informar sobre a import\u00e2ncia da preven\u00e7\u00e3o\u201d, pontuou a coordenadora.<\/p>\n<p style=\"font-weight: 400;\">Texto: Eneida Trindade \u2013 Assessora de Imprensa da Sedes<\/p>\n","protected":false},"excerpt":{"rendered":"<p>At\u00e9 o final do m\u00eas de fevereiro as cinco unidades do Centro de Refer\u00eancia de Assist\u00eancia Social (CRAS) de Juazeiro v\u00e3o realizar uma s\u00e9rie de atividades e rodas de conversa em alus\u00e3o \u00e0 Semana Nacional de Preven\u00e7\u00e3o da Gravidez na Adolesc\u00eancia. O p\u00fablico-alvo s\u00e3o adolescentes do sexo masculino e feminino atendidos pelo Servi\u00e7o de Conviv\u00eancia e Fortalecimento de V\u00ednculos. A atividade foi no CRAS do bairro Itaberaba e, segundo a coordenadora da unidade, Carla Paula, a a\u00e7\u00e3o teve como objetivo provocar reflex\u00f5es e orientar os adolescentes sobre medidas preventivas. \u201cEsse momento j\u00e1 faz parte do nosso planejamento anual. J\u00e1 que atendemos muitos adolescentes, sempre preparamos um momento para esclarecer e orientar sobre os riscos e o impacto da gravidez no&hellip; <\/p>\n","protected":false},"author":2,"featured_media":306721,"comment_status":"open","ping_status":"open","sticky":false,"template":"","format":"standard","meta":{"_acf_changed":false,"footnotes":""},"categories":[22],"tags":[],"class_list":["post-306720","post","type-post","status-publish","format-standard","has-post-thumbnail","hentry","category-acao-social"],"acf":[],"yoast_head":"<!-- This site is optimized with the Yoast SEO plugin v27.5 - https:\/\/yoast.com\/product\/yoast-seo-wordpress\/ -->\n<title>Unidades do CRAS\/Juazeiro promovem atividades com foco na preven\u00e7\u00e3o \u00e0 gravidez na adolesc\u00eancia - Blog do Farn\u00e9sio<\/title>\n<meta name=\"robots\" content=\"index, follow, max-snippet:-1, max-image-preview:large, max-video-preview:-1\" \/>\n<link rel=\"canonical\" href=\"https:\/\/blogdofarnesio.com.br\/2022\/02\/unidades-do-cras-juazeiro-promovem-atividades-com-foco-na-prevencao-a-gravidez-na-adolescencia\/\" \/>\n<meta property=\"og:locale\" content=\"pt_BR\" \/>\n<meta property=\"og:type\" content=\"article\" \/>\n<meta property=\"og:title\" content=\"Unidades do CRAS\/Juazeiro promovem atividades com foco na preven\u00e7\u00e3o \u00e0 gravidez na adolesc\u00eancia - Blog do Farn\u00e9sio\" \/>\n<meta property=\"og:description\" content=\"At\u00e9 o final do m\u00eas de fevereiro as cinco unidades do Centro de Refer\u00eancia de Assist\u00eancia Social (CRAS) de Juazeiro v\u00e3o realizar uma s\u00e9rie de atividades e rodas de conversa em alus\u00e3o \u00e0 Semana Nacional de Preven\u00e7\u00e3o da Gravidez na Adolesc\u00eancia. O p\u00fablico-alvo s\u00e3o adolescentes do sexo masculino e feminino atendidos pelo Servi\u00e7o de Conviv\u00eancia e Fortalecimento de V\u00ednculos. A atividade foi no CRAS do bairro Itaberaba e, segundo a coordenadora da unidade, Carla Paula, a a\u00e7\u00e3o teve como objetivo provocar reflex\u00f5es e orientar os adolescentes sobre medidas preventivas. \u201cEsse momento j\u00e1 faz parte do nosso planejamento anual. J\u00e1 que atendemos muitos adolescentes, sempre preparamos um momento para esclarecer e orientar sobre os riscos e o impacto da gravidez no&hellip;\" \/>\n<meta property=\"og:url\" content=\"https:\/\/blogdofarnesio.com.br\/2022\/02\/unidades-do-cras-juazeiro-promovem-atividades-com-foco-na-prevencao-a-gravidez-na-adolescencia\/\" \/>\n<meta property=\"og:site_name\" content=\"Blog do Farn\u00e9sio\" \/>\n<meta property=\"article:publisher\" content=\"https:\/\/www.facebook.com\/BlogQuerSaberPolitica\/\" \/>\n<meta property=\"article:author\" content=\"https:\/\/www.facebook.com\/?ref=tn_tnmn\" \/>\n<meta property=\"article:published_time\" content=\"2022-02-21T17:00:58+00:00\" \/>\n<meta property=\"og:image\" content=\"https:\/\/blogdofarnesio.com.br\/wp-content\/uploads\/2022\/02\/Gravidez-na-adolescencia-e1645141609486.jpeg\" \/>\n\t<meta property=\"og:image:width\" content=\"624\" \/>\n\t<meta property=\"og:image:height\" content=\"473\" \/>\n\t<meta property=\"og:image:type\" content=\"image\/jpeg\" \/>\n<meta name=\"author\" content=\"Farn\u00e9sio\" \/>\n<meta name=\"twitter:card\" content=\"summary_large_image\" \/>\n<meta name=\"twitter:label1\" content=\"Escrito por\" \/>\n\t<meta name=\"twitter:data1\" content=\"Farn\u00e9sio\" \/>\n\t<meta name=\"twitter:label2\" content=\"Est. tempo de leitura\" \/>\n\t<meta name=\"twitter:data2\" content=\"1 minuto\" \/>\n<script type=\"application\/ld+json\" class=\"yoast-schema-graph\">{\"@context\":\"https:\\\/\\\/schema.org\",\"@graph\":[{\"@type\":\"Article\",\"@id\":\"https:\\\/\\\/blogdofarnesio.com.br\\\/2022\\\/02\\\/unidades-do-cras-juazeiro-promovem-atividades-com-foco-na-prevencao-a-gravidez-na-adolescencia\\\/#article\",\"isPartOf\":{\"@id\":\"https:\\\/\\\/blogdofarnesio.com.br\\\/2022\\\/02\\\/unidades-do-cras-juazeiro-promovem-atividades-com-foco-na-prevencao-a-gravidez-na-adolescencia\\\/\"},\"author\":{\"name\":\"Farn\u00e9sio\",\"@id\":\"https:\\\/\\\/blogdofarnesio.com.br\\\/#\\\/schema\\\/person\\\/bb9b23ae3ad0609ce8df7b6c9e76824d\"},\"headline\":\"Unidades do CRAS\\\/Juazeiro promovem atividades com foco na preven\u00e7\u00e3o \u00e0 gravidez na adolesc\u00eancia\",\"datePublished\":\"2022-02-21T17:00:58+00:00\",\"mainEntityOfPage\":{\"@id\":\"https:\\\/\\\/blogdofarnesio.com.br\\\/2022\\\/02\\\/unidades-do-cras-juazeiro-promovem-atividades-com-foco-na-prevencao-a-gravidez-na-adolescencia\\\/\"},\"wordCount\":175,\"commentCount\":0,\"publisher\":{\"@id\":\"https:\\\/\\\/blogdofarnesio.com.br\\\/#organization\"},\"image\":{\"@id\":\"https:\\\/\\\/blogdofarnesio.com.br\\\/2022\\\/02\\\/unidades-do-cras-juazeiro-promovem-atividades-com-foco-na-prevencao-a-gravidez-na-adolescencia\\\/#primaryimage\"},\"thumbnailUrl\":\"https:\\\/\\\/blogdofarnesio.com.br\\\/wp-content\\\/uploads\\\/2022\\\/02\\\/Gravidez-na-adolescencia-e1645141609486.jpeg\",\"articleSection\":[\"A\u00e7\u00e3o Social\"],\"inLanguage\":\"pt-BR\",\"potentialAction\":[{\"@type\":\"CommentAction\",\"name\":\"Comment\",\"target\":[\"https:\\\/\\\/blogdofarnesio.com.br\\\/2022\\\/02\\\/unidades-do-cras-juazeiro-promovem-atividades-com-foco-na-prevencao-a-gravidez-na-adolescencia\\\/#respond\"]}]},{\"@type\":\"WebPage\",\"@id\":\"https:\\\/\\\/blogdofarnesio.com.br\\\/2022\\\/02\\\/unidades-do-cras-juazeiro-promovem-atividades-com-foco-na-prevencao-a-gravidez-na-adolescencia\\\/\",\"url\":\"https:\\\/\\\/blogdofarnesio.com.br\\\/2022\\\/02\\\/unidades-do-cras-juazeiro-promovem-atividades-com-foco-na-prevencao-a-gravidez-na-adolescencia\\\/\",\"name\":\"Unidades do CRAS\\\/Juazeiro promovem atividades com foco na preven\u00e7\u00e3o \u00e0 gravidez na adolesc\u00eancia - Blog do Farn\u00e9sio\",\"isPartOf\":{\"@id\":\"https:\\\/\\\/blogdofarnesio.com.br\\\/#website\"},\"primaryImageOfPage\":{\"@id\":\"https:\\\/\\\/blogdofarnesio.com.br\\\/2022\\\/02\\\/unidades-do-cras-juazeiro-promovem-atividades-com-foco-na-prevencao-a-gravidez-na-adolescencia\\\/#primaryimage\"},\"image\":{\"@id\":\"https:\\\/\\\/blogdofarnesio.com.br\\\/2022\\\/02\\\/unidades-do-cras-juazeiro-promovem-atividades-com-foco-na-prevencao-a-gravidez-na-adolescencia\\\/#primaryimage\"},\"thumbnailUrl\":\"https:\\\/\\\/blogdofarnesio.com.br\\\/wp-content\\\/uploads\\\/2022\\\/02\\\/Gravidez-na-adolescencia-e1645141609486.jpeg\",\"datePublished\":\"2022-02-21T17:00:58+00:00\",\"breadcrumb\":{\"@id\":\"https:\\\/\\\/blogdofarnesio.com.br\\\/2022\\\/02\\\/unidades-do-cras-juazeiro-promovem-atividades-com-foco-na-prevencao-a-gravidez-na-adolescencia\\\/#breadcrumb\"},\"inLanguage\":\"pt-BR\",\"potentialAction\":[{\"@type\":\"ReadAction\",\"target\":[\"https:\\\/\\\/blogdofarnesio.com.br\\\/2022\\\/02\\\/unidades-do-cras-juazeiro-promovem-atividades-com-foco-na-prevencao-a-gravidez-na-adolescencia\\\/\"]}]},{\"@type\":\"ImageObject\",\"inLanguage\":\"pt-BR\",\"@id\":\"https:\\\/\\\/blogdofarnesio.com.br\\\/2022\\\/02\\\/unidades-do-cras-juazeiro-promovem-atividades-com-foco-na-prevencao-a-gravidez-na-adolescencia\\\/#primaryimage\",\"url\":\"https:\\\/\\\/blogdofarnesio.com.br\\\/wp-content\\\/uploads\\\/2022\\\/02\\\/Gravidez-na-adolescencia-e1645141609486.jpeg\",\"contentUrl\":\"https:\\\/\\\/blogdofarnesio.com.br\\\/wp-content\\\/uploads\\\/2022\\\/02\\\/Gravidez-na-adolescencia-e1645141609486.jpeg\",\"width\":624,\"height\":473},{\"@type\":\"BreadcrumbList\",\"@id\":\"https:\\\/\\\/blogdofarnesio.com.br\\\/2022\\\/02\\\/unidades-do-cras-juazeiro-promovem-atividades-com-foco-na-prevencao-a-gravidez-na-adolescencia\\\/#breadcrumb\",\"itemListElement\":[{\"@type\":\"ListItem\",\"position\":1,\"name\":\"In\u00edcio\",\"item\":\"https:\\\/\\\/blogdofarnesio.com.br\\\/\"},{\"@type\":\"ListItem\",\"position\":2,\"name\":\"Unidades do CRAS\\\/Juazeiro promovem atividades com foco na preven\u00e7\u00e3o \u00e0 gravidez na adolesc\u00eancia\"}]},{\"@type\":\"WebSite\",\"@id\":\"https:\\\/\\\/blogdofarnesio.com.br\\\/#website\",\"url\":\"https:\\\/\\\/blogdofarnesio.com.br\\\/\",\"name\":\"Blog do Farn\u00e9sio\",\"description\":\"Quer Saber Pol\u00edtica?\",\"publisher\":{\"@id\":\"https:\\\/\\\/blogdofarnesio.com.br\\\/#organization\"},\"potentialAction\":[{\"@type\":\"SearchAction\",\"target\":{\"@type\":\"EntryPoint\",\"urlTemplate\":\"https:\\\/\\\/blogdofarnesio.com.br\\\/?s={search_term_string}\"},\"query-input\":{\"@type\":\"PropertyValueSpecification\",\"valueRequired\":true,\"valueName\":\"search_term_string\"}}],\"inLanguage\":\"pt-BR\"},{\"@type\":\"Organization\",\"@id\":\"https:\\\/\\\/blogdofarnesio.com.br\\\/#organization\",\"name\":\"Blog do Farn\u00e9sio\",\"url\":\"https:\\\/\\\/blogdofarnesio.com.br\\\/\",\"logo\":{\"@type\":\"ImageObject\",\"inLanguage\":\"pt-BR\",\"@id\":\"https:\\\/\\\/blogdofarnesio.com.br\\\/#\\\/schema\\\/logo\\\/image\\\/\",\"url\":\"https:\\\/\\\/blogdofarnesio.com.br\\\/wp-content\\\/uploads\\\/2026\\\/03\\\/cropped-logo_new-1.png\",\"contentUrl\":\"https:\\\/\\\/blogdofarnesio.com.br\\\/wp-content\\\/uploads\\\/2026\\\/03\\\/cropped-logo_new-1.png\",\"width\":881,\"height\":685,\"caption\":\"Blog do Farn\u00e9sio\"},\"image\":{\"@id\":\"https:\\\/\\\/blogdofarnesio.com.br\\\/#\\\/schema\\\/logo\\\/image\\\/\"},\"sameAs\":[\"https:\\\/\\\/www.facebook.com\\\/BlogQuerSaberPolitica\\\/\"]},{\"@type\":\"Person\",\"@id\":\"https:\\\/\\\/blogdofarnesio.com.br\\\/#\\\/schema\\\/person\\\/bb9b23ae3ad0609ce8df7b6c9e76824d\",\"name\":\"Farn\u00e9sio\",\"image\":{\"@type\":\"ImageObject\",\"inLanguage\":\"pt-BR\",\"@id\":\"https:\\\/\\\/secure.gravatar.com\\\/avatar\\\/986aa4c61ccdb66f8555bf88fc2a65609d00bcabd4d2d94377a727547345cbca?s=96&d=mm&r=g\",\"url\":\"https:\\\/\\\/secure.gravatar.com\\\/avatar\\\/986aa4c61ccdb66f8555bf88fc2a65609d00bcabd4d2d94377a727547345cbca?s=96&d=mm&r=g\",\"contentUrl\":\"https:\\\/\\\/secure.gravatar.com\\\/avatar\\\/986aa4c61ccdb66f8555bf88fc2a65609d00bcabd4d2d94377a727547345cbca?s=96&d=mm&r=g\",\"caption\":\"Farn\u00e9sio\"},\"description\":\"Radialista blogueiro, chegou a Petrolina\\\/Juazeiro em setembro de 1980, Farn\u00e9sio Silva \u00e9 de Arapiraca-Alagoas.\",\"sameAs\":[\"http:\\\/\\\/blogdofarnesio.com.br\",\"https:\\\/\\\/www.facebook.com\\\/?ref=tn_tnmn\",\"https:\\\/\\\/www.instagram.com\\\/?utm_source=pwa_homescreen\",\"https:\\\/\\\/youtube.com.br\\\/\"],\"url\":\"https:\\\/\\\/blogdofarnesio.com.br\\\/author\\\/farnesio-2\\\/\"}]}<\/script>\n<!-- \/ Yoast SEO plugin. -->","yoast_head_json":{"title":"Unidades do CRAS\/Juazeiro promovem atividades com foco na preven\u00e7\u00e3o \u00e0 gravidez na adolesc\u00eancia - Blog do Farn\u00e9sio","robots":{"index":"index","follow":"follow","max-snippet":"max-snippet:-1","max-image-preview":"max-image-preview:large","max-video-preview":"max-video-preview:-1"},"canonical":"https:\/\/blogdofarnesio.com.br\/2022\/02\/unidades-do-cras-juazeiro-promovem-atividades-com-foco-na-prevencao-a-gravidez-na-adolescencia\/","og_locale":"pt_BR","og_type":"article","og_title":"Unidades do CRAS\/Juazeiro promovem atividades com foco na preven\u00e7\u00e3o \u00e0 gravidez na adolesc\u00eancia - Blog do Farn\u00e9sio","og_description":"At\u00e9 o final do m\u00eas de fevereiro as cinco unidades do Centro de Refer\u00eancia de Assist\u00eancia Social (CRAS) de Juazeiro v\u00e3o realizar uma s\u00e9rie de atividades e rodas de conversa em alus\u00e3o \u00e0 Semana Nacional de Preven\u00e7\u00e3o da Gravidez na Adolesc\u00eancia. O p\u00fablico-alvo s\u00e3o adolescentes do sexo masculino e feminino atendidos pelo Servi\u00e7o de Conviv\u00eancia e Fortalecimento de V\u00ednculos. A atividade foi no CRAS do bairro Itaberaba e, segundo a coordenadora da unidade, Carla Paula, a a\u00e7\u00e3o teve como objetivo provocar reflex\u00f5es e orientar os adolescentes sobre medidas preventivas. \u201cEsse momento j\u00e1 faz parte do nosso planejamento anual. J\u00e1 que atendemos muitos adolescentes, sempre preparamos um momento para esclarecer e orientar sobre os riscos e o impacto da gravidez no&hellip;","og_url":"https:\/\/blogdofarnesio.com.br\/2022\/02\/unidades-do-cras-juazeiro-promovem-atividades-com-foco-na-prevencao-a-gravidez-na-adolescencia\/","og_site_name":"Blog do Farn\u00e9sio","article_publisher":"https:\/\/www.facebook.com\/BlogQuerSaberPolitica\/","article_author":"https:\/\/www.facebook.com\/?ref=tn_tnmn","article_published_time":"2022-02-21T17:00:58+00:00","og_image":[{"width":624,"height":473,"url":"https:\/\/blogdofarnesio.com.br\/wp-content\/uploads\/2022\/02\/Gravidez-na-adolescencia-e1645141609486.jpeg","type":"image\/jpeg"}],"author":"Farn\u00e9sio","twitter_card":"summary_large_image","twitter_misc":{"Escrito por":"Farn\u00e9sio","Est. tempo de leitura":"1 minuto"},"schema":{"@context":"https:\/\/schema.org","@graph":[{"@type":"Article","@id":"https:\/\/blogdofarnesio.com.br\/2022\/02\/unidades-do-cras-juazeiro-promovem-atividades-com-foco-na-prevencao-a-gravidez-na-adolescencia\/#article","isPartOf":{"@id":"https:\/\/blogdofarnesio.com.br\/2022\/02\/unidades-do-cras-juazeiro-promovem-atividades-com-foco-na-prevencao-a-gravidez-na-adolescencia\/"},"author":{"name":"Farn\u00e9sio","@id":"https:\/\/blogdofarnesio.com.br\/#\/schema\/person\/bb9b23ae3ad0609ce8df7b6c9e76824d"},"headline":"Unidades do CRAS\/Juazeiro promovem atividades com foco na preven\u00e7\u00e3o \u00e0 gravidez na adolesc\u00eancia","datePublished":"2022-02-21T17:00:58+00:00","mainEntityOfPage":{"@id":"https:\/\/blogdofarnesio.com.br\/2022\/02\/unidades-do-cras-juazeiro-promovem-atividades-com-foco-na-prevencao-a-gravidez-na-adolescencia\/"},"wordCount":175,"commentCount":0,"publisher":{"@id":"https:\/\/blogdofarnesio.com.br\/#organization"},"image":{"@id":"https:\/\/blogdofarnesio.com.br\/2022\/02\/unidades-do-cras-juazeiro-promovem-atividades-com-foco-na-prevencao-a-gravidez-na-adolescencia\/#primaryimage"},"thumbnailUrl":"https:\/\/blogdofarnesio.com.br\/wp-content\/uploads\/2022\/02\/Gravidez-na-adolescencia-e1645141609486.jpeg","articleSection":["A\u00e7\u00e3o Social"],"inLanguage":"pt-BR","potentialAction":[{"@type":"CommentAction","name":"Comment","target":["https:\/\/blogdofarnesio.com.br\/2022\/02\/unidades-do-cras-juazeiro-promovem-atividades-com-foco-na-prevencao-a-gravidez-na-adolescencia\/#respond"]}]},{"@type":"WebPage","@id":"https:\/\/blogdofarnesio.com.br\/2022\/02\/unidades-do-cras-juazeiro-promovem-atividades-com-foco-na-prevencao-a-gravidez-na-adolescencia\/","url":"https:\/\/blogdofarnesio.com.br\/2022\/02\/unidades-do-cras-juazeiro-promovem-atividades-com-foco-na-prevencao-a-gravidez-na-adolescencia\/","name":"Unidades do CRAS\/Juazeiro promovem atividades com foco na preven\u00e7\u00e3o \u00e0 gravidez na adolesc\u00eancia - Blog do Farn\u00e9sio","isPartOf":{"@id":"https:\/\/blogdofarnesio.com.br\/#website"},"primaryImageOfPage":{"@id":"https:\/\/blogdofarnesio.com.br\/2022\/02\/unidades-do-cras-juazeiro-promovem-atividades-com-foco-na-prevencao-a-gravidez-na-adolescencia\/#primaryimage"},"image":{"@id":"https:\/\/blogdofarnesio.com.br\/2022\/02\/unidades-do-cras-juazeiro-promovem-atividades-com-foco-na-prevencao-a-gravidez-na-adolescencia\/#primaryimage"},"thumbnailUrl":"https:\/\/blogdofarnesio.com.br\/wp-content\/uploads\/2022\/02\/Gravidez-na-adolescencia-e1645141609486.jpeg","datePublished":"2022-02-21T17:00:58+00:00","breadcrumb":{"@id":"https:\/\/blogdofarnesio.com.br\/2022\/02\/unidades-do-cras-juazeiro-promovem-atividades-com-foco-na-prevencao-a-gravidez-na-adolescencia\/#breadcrumb"},"inLanguage":"pt-BR","potentialAction":[{"@type":"ReadAction","target":["https:\/\/blogdofarnesio.com.br\/2022\/02\/unidades-do-cras-juazeiro-promovem-atividades-com-foco-na-prevencao-a-gravidez-na-adolescencia\/"]}]},{"@type":"ImageObject","inLanguage":"pt-BR","@id":"https:\/\/blogdofarnesio.com.br\/2022\/02\/unidades-do-cras-juazeiro-promovem-atividades-com-foco-na-prevencao-a-gravidez-na-adolescencia\/#primaryimage","url":"https:\/\/blogdofarnesio.com.br\/wp-content\/uploads\/2022\/02\/Gravidez-na-adolescencia-e1645141609486.jpeg","contentUrl":"https:\/\/blogdofarnesio.com.br\/wp-content\/uploads\/2022\/02\/Gravidez-na-adolescencia-e1645141609486.jpeg","width":624,"height":473},{"@type":"BreadcrumbList","@id":"https:\/\/blogdofarnesio.com.br\/2022\/02\/unidades-do-cras-juazeiro-promovem-atividades-com-foco-na-prevencao-a-gravidez-na-adolescencia\/#breadcrumb","itemListElement":[{"@type":"ListItem","position":1,"name":"In\u00edcio","item":"https:\/\/blogdofarnesio.com.br\/"},{"@type":"ListItem","position":2,"name":"Unidades do CRAS\/Juazeiro promovem atividades com foco na preven\u00e7\u00e3o \u00e0 gravidez na adolesc\u00eancia"}]},{"@type":"WebSite","@id":"https:\/\/blogdofarnesio.com.br\/#website","url":"https:\/\/blogdofarnesio.com.br\/","name":"Blog do Farn\u00e9sio","description":"Quer Saber Pol\u00edtica?","publisher":{"@id":"https:\/\/blogdofarnesio.com.br\/#organization"},"potentialAction":[{"@type":"SearchAction","target":{"@type":"EntryPoint","urlTemplate":"https:\/\/blogdofarnesio.com.br\/?s={search_term_string}"},"query-input":{"@type":"PropertyValueSpecification","valueRequired":true,"valueName":"search_term_string"}}],"inLanguage":"pt-BR"},{"@type":"Organization","@id":"https:\/\/blogdofarnesio.com.br\/#organization","name":"Blog do Farn\u00e9sio","url":"https:\/\/blogdofarnesio.com.br\/","logo":{"@type":"ImageObject","inLanguage":"pt-BR","@id":"https:\/\/blogdofarnesio.com.br\/#\/schema\/logo\/image\/","url":"https:\/\/blogdofarnesio.com.br\/wp-content\/uploads\/2026\/03\/cropped-logo_new-1.png","contentUrl":"https:\/\/blogdofarnesio.com.br\/wp-content\/uploads\/2026\/03\/cropped-logo_new-1.png","width":881,"height":685,"caption":"Blog do Farn\u00e9sio"},"image":{"@id":"https:\/\/blogdofarnesio.com.br\/#\/schema\/logo\/image\/"},"sameAs":["https:\/\/www.facebook.com\/BlogQuerSaberPolitica\/"]},{"@type":"Person","@id":"https:\/\/blogdofarnesio.com.br\/#\/schema\/person\/bb9b23ae3ad0609ce8df7b6c9e76824d","name":"Farn\u00e9sio","image":{"@type":"ImageObject","inLanguage":"pt-BR","@id":"https:\/\/secure.gravatar.com\/avatar\/986aa4c61ccdb66f8555bf88fc2a65609d00bcabd4d2d94377a727547345cbca?s=96&d=mm&r=g","url":"https:\/\/secure.gravatar.com\/avatar\/986aa4c61ccdb66f8555bf88fc2a65609d00bcabd4d2d94377a727547345cbca?s=96&d=mm&r=g","contentUrl":"https:\/\/secure.gravatar.com\/avatar\/986aa4c61ccdb66f8555bf88fc2a65609d00bcabd4d2d94377a727547345cbca?s=96&d=mm&r=g","caption":"Farn\u00e9sio"},"description":"Radialista blogueiro, chegou a Petrolina\/Juazeiro em setembro de 1980, Farn\u00e9sio Silva \u00e9 de Arapiraca-Alagoas.","sameAs":["http:\/\/blogdofarnesio.com.br","https:\/\/www.facebook.com\/?ref=tn_tnmn","https:\/\/www.instagram.com\/?utm_source=pwa_homescreen","https:\/\/youtube.com.br\/"],"url":"https:\/\/blogdofarnesio.com.br\/author\/farnesio-2\/"}]}},"_links":{"self":[{"href":"https:\/\/blogdofarnesio.com.br\/wp-json\/wp\/v2\/posts\/306720","targetHints":{"allow":["GET"]}}],"collection":[{"href":"https:\/\/blogdofarnesio.com.br\/wp-json\/wp\/v2\/posts"}],"about":[{"href":"https:\/\/blogdofarnesio.com.br\/wp-json\/wp\/v2\/types\/post"}],"author":[{"embeddable":true,"href":"https:\/\/blogdofarnesio.com.br\/wp-json\/wp\/v2\/users\/2"}],"replies":[{"embeddable":true,"href":"https:\/\/blogdofarnesio.com.br\/wp-json\/wp\/v2\/comments?post=306720"}],"version-history":[{"count":0,"href":"https:\/\/blogdofarnesio.com.br\/wp-json\/wp\/v2\/posts\/306720\/revisions"}],"wp:featuredmedia":[{"embeddable":true,"href":"https:\/\/blogdofarnesio.com.br\/wp-json\/wp\/v2\/media\/306721"}],"wp:attachment":[{"href":"https:\/\/blogdofarnesio.com.br\/wp-json\/wp\/v2\/media?parent=306720"}],"wp:term":[{"taxonomy":"category","embeddable":true,"href":"https:\/\/blogdofarnesio.com.br\/wp-json\/wp\/v2\/categories?post=306720"},{"taxonomy":"post_tag","embeddable":true,"href":"https:\/\/blogdofarnesio.com.br\/wp-json\/wp\/v2\/tags?post=306720"}],"curies":[{"name":"wp","href":"https:\/\/api.w.org\/{rel}","templated":true}]}}