{"id":306383,"date":"2022-02-14T14:42:13","date_gmt":"2022-02-14T17:42:13","guid":{"rendered":"https:\/\/blogdofarnesio.com.br\/?p=306383"},"modified":"2022-02-14T12:29:03","modified_gmt":"2022-02-14T15:29:03","slug":"306383-2","status":"publish","type":"post","link":"https:\/\/blogdofarnesio.com.br\/2022\/02\/306383-2\/","title":{"rendered":"Bahia registra queda no ranking da produ\u00e7\u00e3o industrial"},"content":{"rendered":"<p style=\"font-weight: 400;\"><em>Dados refletem os efeitos do encerramento das atividades da Ford no Estado; o destaque do ano \u00e9 o setor mineral<\/em><\/p>\n<p style=\"font-weight: 400;\">A Bahia registrou queda de 14,3% na produ\u00e7\u00e3o f\u00edsica da Ind\u00fastria de Transforma\u00e7\u00e3o em 2021 e ocupa a \u00faltima posi\u00e7\u00e3o no ranking dos quatorze estados que participam da Pesquisa Industrial Mensal Produ\u00e7\u00e3o F\u00edsica \u2013 PIM-PF, do Instituto Brasileiro de Geografia e Estat\u00edstica (IBGE). Na m\u00e9dia, a Ind\u00fastria de Transforma\u00e7\u00e3o nacional apresentou crescimento de 4,3%.<\/p>\n<p style=\"font-weight: 400;\">Al\u00e9m da Bahia, quatro estados registraram desempenho negativo: Pernambuco (-0,4%); Mato Grosso (-1,0%); Goi\u00e1s (-4,9%); e Par\u00e1 (-13,7%). Os seguintes estados apresentaram resccimento: Esp\u00edrito Santo (15,2%); Santa Catarina (10,3%); Paran\u00e1 (9,0%); Rio Grande do Sul (8,8%); Minas Gerais (8,7%); Rio de Janeiro (7,7%); Amazonas (6,8%); S\u00e3o Paulo (5,2%) e Cear\u00e1 (3,7%).<\/p>\n<p style=\"font-weight: 400;\">Apesar do dado negativo, que reflete o encerramento das atividades industriais da Ford Cama\u00e7ari (-94,9% na produ\u00e7\u00e3o de ve\u00edculos automotores), em janeiro de 2021, e o mau desempenho do setor de Refino (-18,1%), em virtude de parada de manuten\u00e7\u00e3o e outros problemas operacionais ocorridos na Refinaria de Mataripe, a expectativa da Federa\u00e7\u00e3o das Ind\u00fastrias do Estado da Bahia \u00e9 de crescimento para 2022.<\/p>\n<p style=\"font-weight: 400;\">Um dos setores que devem alimentar esta perspectiva \u00e9 o da Ind\u00fastria Extrativa Mineral, que registrou alta de 7,3% no ano e dever\u00e1 crescer ainda mais a partir da disponibilidade de infraestruturas modernas como a FIOL e o porto Sul.<\/p>\n<p style=\"font-weight: 400;\">No acumulado do ano, tamb\u00e9m registraram desempenho positivo seis dos onze segmentos analisados da Ind\u00fastria de Transforma\u00e7\u00e3o baiana.<\/p>\n<ul>\n<li style=\"font-weight: 400;\">Couro e Cal\u00e7ados (31,2%)<\/li>\n<li style=\"font-weight: 400;\">Equipamentos de Inform\u00e1tica (15,4%)<\/li>\n<li style=\"font-weight: 400;\">Minerais n\u00e3o met\u00e1licos (8,3%)<\/li>\n<li style=\"font-weight: 400;\">Borracha e Pl\u00e1stico (5,2%)<\/li>\n<li style=\"font-weight: 400;\">Produtos Qu\u00edmicos (4,7%)<\/li>\n<li style=\"font-weight: 400;\">Celulose e Papel (1,6%)<\/li>\n<\/ul>\n<p style=\"font-weight: 400;\"><a href=\"https:\/\/www.fieb.org.br\/wp-content\/uploads\/2022\/02\/PIM-PF-fev_2022.pdf\" data-saferedirecturl=\"https:\/\/www.google.com\/url?q=https:\/\/www.fieb.org.br\/wp-content\/uploads\/2022\/02\/PIM-PF-fev_2022.pdf&amp;source=gmail&amp;ust=1644937995296000&amp;usg=AOvVaw2F8-20D4uc-onD6s-pRxII\">Leia a \u00edntegra da Nota T\u00e9cnica da Ger\u00eancia de Estudos T\u00e9cnicos da FIEB<\/a><\/p>\n","protected":false},"excerpt":{"rendered":"<p>Dados refletem os efeitos do encerramento das atividades da Ford no Estado; o destaque do ano \u00e9 o setor mineral A Bahia registrou queda de 14,3% na produ\u00e7\u00e3o f\u00edsica da Ind\u00fastria de Transforma\u00e7\u00e3o em 2021 e ocupa a \u00faltima posi\u00e7\u00e3o no ranking dos quatorze estados que participam da Pesquisa Industrial Mensal Produ\u00e7\u00e3o F\u00edsica \u2013 PIM-PF, do Instituto Brasileiro de Geografia e Estat\u00edstica (IBGE). Na m\u00e9dia, a Ind\u00fastria de Transforma\u00e7\u00e3o nacional apresentou crescimento de 4,3%. Al\u00e9m da Bahia, quatro estados registraram desempenho negativo: Pernambuco (-0,4%); Mato Grosso (-1,0%); Goi\u00e1s (-4,9%); e Par\u00e1 (-13,7%). Os seguintes estados apresentaram resccimento: Esp\u00edrito Santo (15,2%); Santa Catarina (10,3%); Paran\u00e1 (9,0%); Rio Grande do Sul (8,8%); Minas Gerais (8,7%); Rio de Janeiro (7,7%); Amazonas (6,8%); S\u00e3o&hellip; <\/p>\n","protected":false},"author":2,"featured_media":166059,"comment_status":"open","ping_status":"open","sticky":false,"template":"","format":"standard","meta":{"_acf_changed":false,"footnotes":""},"categories":[20],"tags":[],"class_list":["post-306383","post","type-post","status-publish","format-standard","has-post-thumbnail","hentry","category-economia"],"acf":[],"yoast_head":"<!-- This site is optimized with the Yoast SEO plugin v27.5 - https:\/\/yoast.com\/product\/yoast-seo-wordpress\/ -->\n<title>Bahia registra queda no ranking da produ\u00e7\u00e3o industrial - Blog do Farn\u00e9sio<\/title>\n<meta name=\"robots\" content=\"index, follow, max-snippet:-1, max-image-preview:large, max-video-preview:-1\" \/>\n<link rel=\"canonical\" href=\"https:\/\/blogdofarnesio.com.br\/2022\/02\/306383-2\/\" \/>\n<meta property=\"og:locale\" content=\"pt_BR\" \/>\n<meta property=\"og:type\" content=\"article\" \/>\n<meta property=\"og:title\" content=\"Bahia registra queda no ranking da produ\u00e7\u00e3o industrial - Blog do Farn\u00e9sio\" \/>\n<meta property=\"og:description\" content=\"Dados refletem os efeitos do encerramento das atividades da Ford no Estado; o destaque do ano \u00e9 o setor mineral A Bahia registrou queda de 14,3% na produ\u00e7\u00e3o f\u00edsica da Ind\u00fastria de Transforma\u00e7\u00e3o em 2021 e ocupa a \u00faltima posi\u00e7\u00e3o no ranking dos quatorze estados que participam da Pesquisa Industrial Mensal Produ\u00e7\u00e3o F\u00edsica \u2013 PIM-PF, do Instituto Brasileiro de Geografia e Estat\u00edstica (IBGE). Na m\u00e9dia, a Ind\u00fastria de Transforma\u00e7\u00e3o nacional apresentou crescimento de 4,3%. Al\u00e9m da Bahia, quatro estados registraram desempenho negativo: Pernambuco (-0,4%); Mato Grosso (-1,0%); Goi\u00e1s (-4,9%); e Par\u00e1 (-13,7%). Os seguintes estados apresentaram resccimento: Esp\u00edrito Santo (15,2%); Santa Catarina (10,3%); Paran\u00e1 (9,0%); Rio Grande do Sul (8,8%); Minas Gerais (8,7%); Rio de Janeiro (7,7%); Amazonas (6,8%); S\u00e3o&hellip;\" \/>\n<meta property=\"og:url\" content=\"https:\/\/blogdofarnesio.com.br\/2022\/02\/306383-2\/\" \/>\n<meta property=\"og:site_name\" content=\"Blog do Farn\u00e9sio\" \/>\n<meta property=\"article:publisher\" content=\"https:\/\/www.facebook.com\/BlogQuerSaberPolitica\/\" \/>\n<meta property=\"article:author\" content=\"https:\/\/www.facebook.com\/?ref=tn_tnmn\" \/>\n<meta property=\"article:published_time\" content=\"2022-02-14T17:42:13+00:00\" \/>\n<meta property=\"og:image\" content=\"https:\/\/blogdofarnesio.com.br\/wp-content\/uploads\/2017\/05\/blogqspinfla\u00e7\u00e3oeconomiarecessao-ou-depressao-1.jpg\" \/>\n\t<meta property=\"og:image:width\" content=\"380\" \/>\n\t<meta property=\"og:image:height\" content=\"279\" \/>\n\t<meta property=\"og:image:type\" content=\"image\/jpeg\" \/>\n<meta name=\"author\" content=\"Farn\u00e9sio\" \/>\n<meta name=\"twitter:card\" content=\"summary_large_image\" \/>\n<meta name=\"twitter:label1\" content=\"Escrito por\" \/>\n\t<meta name=\"twitter:data1\" content=\"Farn\u00e9sio\" \/>\n\t<meta name=\"twitter:label2\" content=\"Est. tempo de leitura\" \/>\n\t<meta name=\"twitter:data2\" content=\"2 minutos\" \/>\n<script type=\"application\/ld+json\" class=\"yoast-schema-graph\">{\"@context\":\"https:\\\/\\\/schema.org\",\"@graph\":[{\"@type\":\"Article\",\"@id\":\"https:\\\/\\\/blogdofarnesio.com.br\\\/2022\\\/02\\\/306383-2\\\/#article\",\"isPartOf\":{\"@id\":\"https:\\\/\\\/blogdofarnesio.com.br\\\/2022\\\/02\\\/306383-2\\\/\"},\"author\":{\"name\":\"Farn\u00e9sio\",\"@id\":\"https:\\\/\\\/blogdofarnesio.com.br\\\/#\\\/schema\\\/person\\\/bb9b23ae3ad0609ce8df7b6c9e76824d\"},\"headline\":\"Bahia registra queda no ranking da produ\u00e7\u00e3o industrial\",\"datePublished\":\"2022-02-14T17:42:13+00:00\",\"mainEntityOfPage\":{\"@id\":\"https:\\\/\\\/blogdofarnesio.com.br\\\/2022\\\/02\\\/306383-2\\\/\"},\"wordCount\":300,\"commentCount\":0,\"publisher\":{\"@id\":\"https:\\\/\\\/blogdofarnesio.com.br\\\/#organization\"},\"image\":{\"@id\":\"https:\\\/\\\/blogdofarnesio.com.br\\\/2022\\\/02\\\/306383-2\\\/#primaryimage\"},\"thumbnailUrl\":\"https:\\\/\\\/blogdofarnesio.com.br\\\/wp-content\\\/uploads\\\/2017\\\/05\\\/blogqspinfla\u00e7\u00e3oeconomiarecessao-ou-depressao-1.jpg\",\"articleSection\":[\"Economia\"],\"inLanguage\":\"pt-BR\",\"potentialAction\":[{\"@type\":\"CommentAction\",\"name\":\"Comment\",\"target\":[\"https:\\\/\\\/blogdofarnesio.com.br\\\/2022\\\/02\\\/306383-2\\\/#respond\"]}]},{\"@type\":\"WebPage\",\"@id\":\"https:\\\/\\\/blogdofarnesio.com.br\\\/2022\\\/02\\\/306383-2\\\/\",\"url\":\"https:\\\/\\\/blogdofarnesio.com.br\\\/2022\\\/02\\\/306383-2\\\/\",\"name\":\"Bahia registra queda no ranking da produ\u00e7\u00e3o industrial - Blog do Farn\u00e9sio\",\"isPartOf\":{\"@id\":\"https:\\\/\\\/blogdofarnesio.com.br\\\/#website\"},\"primaryImageOfPage\":{\"@id\":\"https:\\\/\\\/blogdofarnesio.com.br\\\/2022\\\/02\\\/306383-2\\\/#primaryimage\"},\"image\":{\"@id\":\"https:\\\/\\\/blogdofarnesio.com.br\\\/2022\\\/02\\\/306383-2\\\/#primaryimage\"},\"thumbnailUrl\":\"https:\\\/\\\/blogdofarnesio.com.br\\\/wp-content\\\/uploads\\\/2017\\\/05\\\/blogqspinfla\u00e7\u00e3oeconomiarecessao-ou-depressao-1.jpg\",\"datePublished\":\"2022-02-14T17:42:13+00:00\",\"breadcrumb\":{\"@id\":\"https:\\\/\\\/blogdofarnesio.com.br\\\/2022\\\/02\\\/306383-2\\\/#breadcrumb\"},\"inLanguage\":\"pt-BR\",\"potentialAction\":[{\"@type\":\"ReadAction\",\"target\":[\"https:\\\/\\\/blogdofarnesio.com.br\\\/2022\\\/02\\\/306383-2\\\/\"]}]},{\"@type\":\"ImageObject\",\"inLanguage\":\"pt-BR\",\"@id\":\"https:\\\/\\\/blogdofarnesio.com.br\\\/2022\\\/02\\\/306383-2\\\/#primaryimage\",\"url\":\"https:\\\/\\\/blogdofarnesio.com.br\\\/wp-content\\\/uploads\\\/2017\\\/05\\\/blogqspinfla\u00e7\u00e3oeconomiarecessao-ou-depressao-1.jpg\",\"contentUrl\":\"https:\\\/\\\/blogdofarnesio.com.br\\\/wp-content\\\/uploads\\\/2017\\\/05\\\/blogqspinfla\u00e7\u00e3oeconomiarecessao-ou-depressao-1.jpg\",\"width\":380,\"height\":279,\"caption\":\"Ilustra\u00e7\u00e3o\"},{\"@type\":\"BreadcrumbList\",\"@id\":\"https:\\\/\\\/blogdofarnesio.com.br\\\/2022\\\/02\\\/306383-2\\\/#breadcrumb\",\"itemListElement\":[{\"@type\":\"ListItem\",\"position\":1,\"name\":\"In\u00edcio\",\"item\":\"https:\\\/\\\/blogdofarnesio.com.br\\\/\"},{\"@type\":\"ListItem\",\"position\":2,\"name\":\"Bahia registra queda no ranking da produ\u00e7\u00e3o industrial\"}]},{\"@type\":\"WebSite\",\"@id\":\"https:\\\/\\\/blogdofarnesio.com.br\\\/#website\",\"url\":\"https:\\\/\\\/blogdofarnesio.com.br\\\/\",\"name\":\"Blog do Farn\u00e9sio\",\"description\":\"Quer Saber Pol\u00edtica?\",\"publisher\":{\"@id\":\"https:\\\/\\\/blogdofarnesio.com.br\\\/#organization\"},\"potentialAction\":[{\"@type\":\"SearchAction\",\"target\":{\"@type\":\"EntryPoint\",\"urlTemplate\":\"https:\\\/\\\/blogdofarnesio.com.br\\\/?s={search_term_string}\"},\"query-input\":{\"@type\":\"PropertyValueSpecification\",\"valueRequired\":true,\"valueName\":\"search_term_string\"}}],\"inLanguage\":\"pt-BR\"},{\"@type\":\"Organization\",\"@id\":\"https:\\\/\\\/blogdofarnesio.com.br\\\/#organization\",\"name\":\"Blog do Farn\u00e9sio\",\"url\":\"https:\\\/\\\/blogdofarnesio.com.br\\\/\",\"logo\":{\"@type\":\"ImageObject\",\"inLanguage\":\"pt-BR\",\"@id\":\"https:\\\/\\\/blogdofarnesio.com.br\\\/#\\\/schema\\\/logo\\\/image\\\/\",\"url\":\"https:\\\/\\\/blogdofarnesio.com.br\\\/wp-content\\\/uploads\\\/2026\\\/03\\\/cropped-logo_new-1.png\",\"contentUrl\":\"https:\\\/\\\/blogdofarnesio.com.br\\\/wp-content\\\/uploads\\\/2026\\\/03\\\/cropped-logo_new-1.png\",\"width\":881,\"height\":685,\"caption\":\"Blog do Farn\u00e9sio\"},\"image\":{\"@id\":\"https:\\\/\\\/blogdofarnesio.com.br\\\/#\\\/schema\\\/logo\\\/image\\\/\"},\"sameAs\":[\"https:\\\/\\\/www.facebook.com\\\/BlogQuerSaberPolitica\\\/\"]},{\"@type\":\"Person\",\"@id\":\"https:\\\/\\\/blogdofarnesio.com.br\\\/#\\\/schema\\\/person\\\/bb9b23ae3ad0609ce8df7b6c9e76824d\",\"name\":\"Farn\u00e9sio\",\"image\":{\"@type\":\"ImageObject\",\"inLanguage\":\"pt-BR\",\"@id\":\"https:\\\/\\\/secure.gravatar.com\\\/avatar\\\/986aa4c61ccdb66f8555bf88fc2a65609d00bcabd4d2d94377a727547345cbca?s=96&d=mm&r=g\",\"url\":\"https:\\\/\\\/secure.gravatar.com\\\/avatar\\\/986aa4c61ccdb66f8555bf88fc2a65609d00bcabd4d2d94377a727547345cbca?s=96&d=mm&r=g\",\"contentUrl\":\"https:\\\/\\\/secure.gravatar.com\\\/avatar\\\/986aa4c61ccdb66f8555bf88fc2a65609d00bcabd4d2d94377a727547345cbca?s=96&d=mm&r=g\",\"caption\":\"Farn\u00e9sio\"},\"description\":\"Radialista blogueiro, chegou a Petrolina\\\/Juazeiro em setembro de 1980, Farn\u00e9sio Silva \u00e9 de Arapiraca-Alagoas.\",\"sameAs\":[\"http:\\\/\\\/blogdofarnesio.com.br\",\"https:\\\/\\\/www.facebook.com\\\/?ref=tn_tnmn\",\"https:\\\/\\\/www.instagram.com\\\/?utm_source=pwa_homescreen\",\"https:\\\/\\\/youtube.com.br\\\/\"],\"url\":\"https:\\\/\\\/blogdofarnesio.com.br\\\/author\\\/farnesio-2\\\/\"}]}<\/script>\n<!-- \/ Yoast SEO plugin. -->","yoast_head_json":{"title":"Bahia registra queda no ranking da produ\u00e7\u00e3o industrial - Blog do Farn\u00e9sio","robots":{"index":"index","follow":"follow","max-snippet":"max-snippet:-1","max-image-preview":"max-image-preview:large","max-video-preview":"max-video-preview:-1"},"canonical":"https:\/\/blogdofarnesio.com.br\/2022\/02\/306383-2\/","og_locale":"pt_BR","og_type":"article","og_title":"Bahia registra queda no ranking da produ\u00e7\u00e3o industrial - Blog do Farn\u00e9sio","og_description":"Dados refletem os efeitos do encerramento das atividades da Ford no Estado; o destaque do ano \u00e9 o setor mineral A Bahia registrou queda de 14,3% na produ\u00e7\u00e3o f\u00edsica da Ind\u00fastria de Transforma\u00e7\u00e3o em 2021 e ocupa a \u00faltima posi\u00e7\u00e3o no ranking dos quatorze estados que participam da Pesquisa Industrial Mensal Produ\u00e7\u00e3o F\u00edsica \u2013 PIM-PF, do Instituto Brasileiro de Geografia e Estat\u00edstica (IBGE). Na m\u00e9dia, a Ind\u00fastria de Transforma\u00e7\u00e3o nacional apresentou crescimento de 4,3%. Al\u00e9m da Bahia, quatro estados registraram desempenho negativo: Pernambuco (-0,4%); Mato Grosso (-1,0%); Goi\u00e1s (-4,9%); e Par\u00e1 (-13,7%). Os seguintes estados apresentaram resccimento: Esp\u00edrito Santo (15,2%); Santa Catarina (10,3%); Paran\u00e1 (9,0%); Rio Grande do Sul (8,8%); Minas Gerais (8,7%); Rio de Janeiro (7,7%); Amazonas (6,8%); S\u00e3o&hellip;","og_url":"https:\/\/blogdofarnesio.com.br\/2022\/02\/306383-2\/","og_site_name":"Blog do Farn\u00e9sio","article_publisher":"https:\/\/www.facebook.com\/BlogQuerSaberPolitica\/","article_author":"https:\/\/www.facebook.com\/?ref=tn_tnmn","article_published_time":"2022-02-14T17:42:13+00:00","og_image":[{"width":380,"height":279,"url":"https:\/\/blogdofarnesio.com.br\/wp-content\/uploads\/2017\/05\/blogqspinfla\u00e7\u00e3oeconomiarecessao-ou-depressao-1.jpg","type":"image\/jpeg"}],"author":"Farn\u00e9sio","twitter_card":"summary_large_image","twitter_misc":{"Escrito por":"Farn\u00e9sio","Est. tempo de leitura":"2 minutos"},"schema":{"@context":"https:\/\/schema.org","@graph":[{"@type":"Article","@id":"https:\/\/blogdofarnesio.com.br\/2022\/02\/306383-2\/#article","isPartOf":{"@id":"https:\/\/blogdofarnesio.com.br\/2022\/02\/306383-2\/"},"author":{"name":"Farn\u00e9sio","@id":"https:\/\/blogdofarnesio.com.br\/#\/schema\/person\/bb9b23ae3ad0609ce8df7b6c9e76824d"},"headline":"Bahia registra queda no ranking da produ\u00e7\u00e3o industrial","datePublished":"2022-02-14T17:42:13+00:00","mainEntityOfPage":{"@id":"https:\/\/blogdofarnesio.com.br\/2022\/02\/306383-2\/"},"wordCount":300,"commentCount":0,"publisher":{"@id":"https:\/\/blogdofarnesio.com.br\/#organization"},"image":{"@id":"https:\/\/blogdofarnesio.com.br\/2022\/02\/306383-2\/#primaryimage"},"thumbnailUrl":"https:\/\/blogdofarnesio.com.br\/wp-content\/uploads\/2017\/05\/blogqspinfla\u00e7\u00e3oeconomiarecessao-ou-depressao-1.jpg","articleSection":["Economia"],"inLanguage":"pt-BR","potentialAction":[{"@type":"CommentAction","name":"Comment","target":["https:\/\/blogdofarnesio.com.br\/2022\/02\/306383-2\/#respond"]}]},{"@type":"WebPage","@id":"https:\/\/blogdofarnesio.com.br\/2022\/02\/306383-2\/","url":"https:\/\/blogdofarnesio.com.br\/2022\/02\/306383-2\/","name":"Bahia registra queda no ranking da produ\u00e7\u00e3o industrial - Blog do Farn\u00e9sio","isPartOf":{"@id":"https:\/\/blogdofarnesio.com.br\/#website"},"primaryImageOfPage":{"@id":"https:\/\/blogdofarnesio.com.br\/2022\/02\/306383-2\/#primaryimage"},"image":{"@id":"https:\/\/blogdofarnesio.com.br\/2022\/02\/306383-2\/#primaryimage"},"thumbnailUrl":"https:\/\/blogdofarnesio.com.br\/wp-content\/uploads\/2017\/05\/blogqspinfla\u00e7\u00e3oeconomiarecessao-ou-depressao-1.jpg","datePublished":"2022-02-14T17:42:13+00:00","breadcrumb":{"@id":"https:\/\/blogdofarnesio.com.br\/2022\/02\/306383-2\/#breadcrumb"},"inLanguage":"pt-BR","potentialAction":[{"@type":"ReadAction","target":["https:\/\/blogdofarnesio.com.br\/2022\/02\/306383-2\/"]}]},{"@type":"ImageObject","inLanguage":"pt-BR","@id":"https:\/\/blogdofarnesio.com.br\/2022\/02\/306383-2\/#primaryimage","url":"https:\/\/blogdofarnesio.com.br\/wp-content\/uploads\/2017\/05\/blogqspinfla\u00e7\u00e3oeconomiarecessao-ou-depressao-1.jpg","contentUrl":"https:\/\/blogdofarnesio.com.br\/wp-content\/uploads\/2017\/05\/blogqspinfla\u00e7\u00e3oeconomiarecessao-ou-depressao-1.jpg","width":380,"height":279,"caption":"Ilustra\u00e7\u00e3o"},{"@type":"BreadcrumbList","@id":"https:\/\/blogdofarnesio.com.br\/2022\/02\/306383-2\/#breadcrumb","itemListElement":[{"@type":"ListItem","position":1,"name":"In\u00edcio","item":"https:\/\/blogdofarnesio.com.br\/"},{"@type":"ListItem","position":2,"name":"Bahia registra queda no ranking da produ\u00e7\u00e3o industrial"}]},{"@type":"WebSite","@id":"https:\/\/blogdofarnesio.com.br\/#website","url":"https:\/\/blogdofarnesio.com.br\/","name":"Blog do Farn\u00e9sio","description":"Quer Saber Pol\u00edtica?","publisher":{"@id":"https:\/\/blogdofarnesio.com.br\/#organization"},"potentialAction":[{"@type":"SearchAction","target":{"@type":"EntryPoint","urlTemplate":"https:\/\/blogdofarnesio.com.br\/?s={search_term_string}"},"query-input":{"@type":"PropertyValueSpecification","valueRequired":true,"valueName":"search_term_string"}}],"inLanguage":"pt-BR"},{"@type":"Organization","@id":"https:\/\/blogdofarnesio.com.br\/#organization","name":"Blog do Farn\u00e9sio","url":"https:\/\/blogdofarnesio.com.br\/","logo":{"@type":"ImageObject","inLanguage":"pt-BR","@id":"https:\/\/blogdofarnesio.com.br\/#\/schema\/logo\/image\/","url":"https:\/\/blogdofarnesio.com.br\/wp-content\/uploads\/2026\/03\/cropped-logo_new-1.png","contentUrl":"https:\/\/blogdofarnesio.com.br\/wp-content\/uploads\/2026\/03\/cropped-logo_new-1.png","width":881,"height":685,"caption":"Blog do Farn\u00e9sio"},"image":{"@id":"https:\/\/blogdofarnesio.com.br\/#\/schema\/logo\/image\/"},"sameAs":["https:\/\/www.facebook.com\/BlogQuerSaberPolitica\/"]},{"@type":"Person","@id":"https:\/\/blogdofarnesio.com.br\/#\/schema\/person\/bb9b23ae3ad0609ce8df7b6c9e76824d","name":"Farn\u00e9sio","image":{"@type":"ImageObject","inLanguage":"pt-BR","@id":"https:\/\/secure.gravatar.com\/avatar\/986aa4c61ccdb66f8555bf88fc2a65609d00bcabd4d2d94377a727547345cbca?s=96&d=mm&r=g","url":"https:\/\/secure.gravatar.com\/avatar\/986aa4c61ccdb66f8555bf88fc2a65609d00bcabd4d2d94377a727547345cbca?s=96&d=mm&r=g","contentUrl":"https:\/\/secure.gravatar.com\/avatar\/986aa4c61ccdb66f8555bf88fc2a65609d00bcabd4d2d94377a727547345cbca?s=96&d=mm&r=g","caption":"Farn\u00e9sio"},"description":"Radialista blogueiro, chegou a Petrolina\/Juazeiro em setembro de 1980, Farn\u00e9sio Silva \u00e9 de Arapiraca-Alagoas.","sameAs":["http:\/\/blogdofarnesio.com.br","https:\/\/www.facebook.com\/?ref=tn_tnmn","https:\/\/www.instagram.com\/?utm_source=pwa_homescreen","https:\/\/youtube.com.br\/"],"url":"https:\/\/blogdofarnesio.com.br\/author\/farnesio-2\/"}]}},"_links":{"self":[{"href":"https:\/\/blogdofarnesio.com.br\/wp-json\/wp\/v2\/posts\/306383","targetHints":{"allow":["GET"]}}],"collection":[{"href":"https:\/\/blogdofarnesio.com.br\/wp-json\/wp\/v2\/posts"}],"about":[{"href":"https:\/\/blogdofarnesio.com.br\/wp-json\/wp\/v2\/types\/post"}],"author":[{"embeddable":true,"href":"https:\/\/blogdofarnesio.com.br\/wp-json\/wp\/v2\/users\/2"}],"replies":[{"embeddable":true,"href":"https:\/\/blogdofarnesio.com.br\/wp-json\/wp\/v2\/comments?post=306383"}],"version-history":[{"count":0,"href":"https:\/\/blogdofarnesio.com.br\/wp-json\/wp\/v2\/posts\/306383\/revisions"}],"wp:featuredmedia":[{"embeddable":true,"href":"https:\/\/blogdofarnesio.com.br\/wp-json\/wp\/v2\/media\/166059"}],"wp:attachment":[{"href":"https:\/\/blogdofarnesio.com.br\/wp-json\/wp\/v2\/media?parent=306383"}],"wp:term":[{"taxonomy":"category","embeddable":true,"href":"https:\/\/blogdofarnesio.com.br\/wp-json\/wp\/v2\/categories?post=306383"},{"taxonomy":"post_tag","embeddable":true,"href":"https:\/\/blogdofarnesio.com.br\/wp-json\/wp\/v2\/tags?post=306383"}],"curies":[{"name":"wp","href":"https:\/\/api.w.org\/{rel}","templated":true}]}}