{"id":306299,"date":"2022-02-12T12:01:00","date_gmt":"2022-02-12T15:01:00","guid":{"rendered":"https:\/\/blogdofarnesio.com.br\/?p=306299"},"modified":"2022-02-12T09:03:54","modified_gmt":"2022-02-12T12:03:54","slug":"araripina-6-anos-sem-reajuste-professores-vao-as-ruas-protestar-contra-prefeito-raimundo-pimentel","status":"publish","type":"post","link":"https:\/\/blogdofarnesio.com.br\/2022\/02\/araripina-6-anos-sem-reajuste-professores-vao-as-ruas-protestar-contra-prefeito-raimundo-pimentel\/","title":{"rendered":"Araripina: 6 anos sem reajuste, professores v\u00e3o \u00e0s ruas protestar contra prefeito Raimundo Pimentel"},"content":{"rendered":"<div class=\"entry-content\">\n<div>\n<figure id=\"attachment_91775\" class=\"wp-caption aligncenter\" aria-describedby=\"caption-attachment-91775\"><figcaption id=\"caption-attachment-91775\" class=\"wp-caption-text\"><\/figcaption><\/figure>\n<p>No dia de ontem (11), professores protestaram em frente \u00e0 Prefeitura Municipal de Araripina, contra o prefeito Raimundo Pimentel, que n\u00e3o reajusta o sal\u00e1rio da classe. H\u00e1 6 anos os professores lutam por um aumento salarial e assim ter um sal\u00e1rio digno de um profissional que tanto faz pela educa\u00e7\u00e3o do cidad\u00e3o, por\u00e9m \u00e9 uma luta em v\u00e3o, j\u00e1 que o atual gestor n\u00e3o olha para eles e n\u00e3o reconhece o devido aumento.<\/p>\n<\/div>\n<div><img loading=\"lazy\" decoding=\"async\" class=\"size-large wp-image-91775 jetpack-lazy-image entered lazyloaded jetpack-lazy-image--handled\" src=\"https:\/\/i0.wp.com\/www.edmarlyra.com\/wp-content\/uploads\/2022\/02\/3558248F-8BF6-4437-B61B-E538396D2612-1024x639.jpeg?resize=1024%2C639&amp;is-pending-load=1#038;ssl=1\" sizes=\"auto, (max-width: 1000px) 100vw, 1000px\" srcset=\"https:\/\/i0.wp.com\/www.edmarlyra.com\/wp-content\/uploads\/2022\/02\/3558248F-8BF6-4437-B61B-E538396D2612.jpeg?resize=1024%2C639&amp;ssl=1 1024w, https:\/\/i0.wp.com\/www.edmarlyra.com\/wp-content\/uploads\/2022\/02\/3558248F-8BF6-4437-B61B-E538396D2612.jpeg?resize=300%2C187&amp;ssl=1 300w, https:\/\/i0.wp.com\/www.edmarlyra.com\/wp-content\/uploads\/2022\/02\/3558248F-8BF6-4437-B61B-E538396D2612.jpeg?resize=768%2C479&amp;ssl=1 768w, https:\/\/i0.wp.com\/www.edmarlyra.com\/wp-content\/uploads\/2022\/02\/3558248F-8BF6-4437-B61B-E538396D2612.jpeg?w=1280&amp;ssl=1 1280w\" alt=\"\" width=\"1024\" height=\"639\" data-recalc-dims=\"1\" data-ll-status=\"loaded\" data-lazy-loaded=\"1\" \/>O que indignou mais ainda, foi que o prefeito recebeu um aumento de R$ 7 mil, quando j\u00e1 tinha seu sal\u00e1rio no valor de R$ 18 mil, passando assim para R$ 25 mil. Enquanto isso, a classe que realmente tem esse congelamento salarial.<\/div>\n<\/div>\n","protected":false},"excerpt":{"rendered":"<p>No dia de ontem (11), professores protestaram em frente \u00e0 Prefeitura Municipal de Araripina, contra o prefeito Raimundo Pimentel, que n\u00e3o reajusta o sal\u00e1rio da classe. H\u00e1 6 anos os professores lutam por um aumento salarial e assim ter um sal\u00e1rio digno de um profissional que tanto faz pela educa\u00e7\u00e3o do cidad\u00e3o, por\u00e9m \u00e9 uma luta em v\u00e3o, j\u00e1 que o atual gestor n\u00e3o olha para eles e n\u00e3o reconhece o devido aumento. O que indignou mais ainda, foi que o prefeito recebeu um aumento de R$ 7 mil, quando j\u00e1 tinha seu sal\u00e1rio no valor de R$ 18 mil, passando assim para R$ 25 mil. Enquanto isso, a classe que realmente tem esse congelamento salarial.<\/p>\n","protected":false},"author":2,"featured_media":281098,"comment_status":"open","ping_status":"open","sticky":false,"template":"","format":"standard","meta":{"_acf_changed":false,"footnotes":""},"categories":[27],"tags":[],"class_list":["post-306299","post","type-post","status-publish","format-standard","has-post-thumbnail","hentry","category-cidades"],"acf":[],"yoast_head":"<!-- This site is optimized with the Yoast SEO plugin v27.5 - https:\/\/yoast.com\/product\/yoast-seo-wordpress\/ -->\n<title>Araripina: 6 anos sem reajuste, professores v\u00e3o \u00e0s ruas protestar contra prefeito Raimundo Pimentel - Blog do Farn\u00e9sio<\/title>\n<meta name=\"robots\" content=\"index, follow, max-snippet:-1, max-image-preview:large, max-video-preview:-1\" \/>\n<link rel=\"canonical\" href=\"https:\/\/blogdofarnesio.com.br\/2022\/02\/araripina-6-anos-sem-reajuste-professores-vao-as-ruas-protestar-contra-prefeito-raimundo-pimentel\/\" \/>\n<meta property=\"og:locale\" content=\"pt_BR\" \/>\n<meta property=\"og:type\" content=\"article\" \/>\n<meta property=\"og:title\" content=\"Araripina: 6 anos sem reajuste, professores v\u00e3o \u00e0s ruas protestar contra prefeito Raimundo Pimentel - Blog do Farn\u00e9sio\" \/>\n<meta property=\"og:description\" content=\"No dia de ontem (11), professores protestaram em frente \u00e0 Prefeitura Municipal de Araripina, contra o prefeito Raimundo Pimentel, que n\u00e3o reajusta o sal\u00e1rio da classe. H\u00e1 6 anos os professores lutam por um aumento salarial e assim ter um sal\u00e1rio digno de um profissional que tanto faz pela educa\u00e7\u00e3o do cidad\u00e3o, por\u00e9m \u00e9 uma luta em v\u00e3o, j\u00e1 que o atual gestor n\u00e3o olha para eles e n\u00e3o reconhece o devido aumento. O que indignou mais ainda, foi que o prefeito recebeu um aumento de R$ 7 mil, quando j\u00e1 tinha seu sal\u00e1rio no valor de R$ 18 mil, passando assim para R$ 25 mil. Enquanto isso, a classe que realmente tem esse congelamento salarial.\" \/>\n<meta property=\"og:url\" content=\"https:\/\/blogdofarnesio.com.br\/2022\/02\/araripina-6-anos-sem-reajuste-professores-vao-as-ruas-protestar-contra-prefeito-raimundo-pimentel\/\" \/>\n<meta property=\"og:site_name\" content=\"Blog do Farn\u00e9sio\" \/>\n<meta property=\"article:publisher\" content=\"https:\/\/www.facebook.com\/BlogQuerSaberPolitica\/\" \/>\n<meta property=\"article:author\" content=\"https:\/\/www.facebook.com\/?ref=tn_tnmn\" \/>\n<meta property=\"article:published_time\" content=\"2022-02-12T15:01:00+00:00\" \/>\n<meta property=\"og:image\" content=\"https:\/\/blogdofarnesio.com.br\/wp-content\/uploads\/2021\/03\/blogqspararipina-pref-raimundo_pimentel.jpeg\" \/>\n\t<meta property=\"og:image:width\" content=\"588\" \/>\n\t<meta property=\"og:image:height\" content=\"395\" \/>\n\t<meta property=\"og:image:type\" content=\"image\/jpeg\" \/>\n<meta name=\"author\" content=\"Farn\u00e9sio\" \/>\n<meta name=\"twitter:card\" content=\"summary_large_image\" \/>\n<meta name=\"twitter:label1\" content=\"Escrito por\" \/>\n\t<meta name=\"twitter:data1\" content=\"Farn\u00e9sio\" \/>\n\t<meta name=\"twitter:label2\" content=\"Est. tempo de leitura\" \/>\n\t<meta name=\"twitter:data2\" content=\"1 minuto\" \/>\n<script type=\"application\/ld+json\" class=\"yoast-schema-graph\">{\"@context\":\"https:\\\/\\\/schema.org\",\"@graph\":[{\"@type\":\"Article\",\"@id\":\"https:\\\/\\\/blogdofarnesio.com.br\\\/2022\\\/02\\\/araripina-6-anos-sem-reajuste-professores-vao-as-ruas-protestar-contra-prefeito-raimundo-pimentel\\\/#article\",\"isPartOf\":{\"@id\":\"https:\\\/\\\/blogdofarnesio.com.br\\\/2022\\\/02\\\/araripina-6-anos-sem-reajuste-professores-vao-as-ruas-protestar-contra-prefeito-raimundo-pimentel\\\/\"},\"author\":{\"name\":\"Farn\u00e9sio\",\"@id\":\"https:\\\/\\\/blogdofarnesio.com.br\\\/#\\\/schema\\\/person\\\/bb9b23ae3ad0609ce8df7b6c9e76824d\"},\"headline\":\"Araripina: 6 anos sem reajuste, professores v\u00e3o \u00e0s ruas protestar contra prefeito Raimundo Pimentel\",\"datePublished\":\"2022-02-12T15:01:00+00:00\",\"mainEntityOfPage\":{\"@id\":\"https:\\\/\\\/blogdofarnesio.com.br\\\/2022\\\/02\\\/araripina-6-anos-sem-reajuste-professores-vao-as-ruas-protestar-contra-prefeito-raimundo-pimentel\\\/\"},\"wordCount\":133,\"commentCount\":0,\"publisher\":{\"@id\":\"https:\\\/\\\/blogdofarnesio.com.br\\\/#organization\"},\"image\":{\"@id\":\"https:\\\/\\\/blogdofarnesio.com.br\\\/2022\\\/02\\\/araripina-6-anos-sem-reajuste-professores-vao-as-ruas-protestar-contra-prefeito-raimundo-pimentel\\\/#primaryimage\"},\"thumbnailUrl\":\"https:\\\/\\\/blogdofarnesio.com.br\\\/wp-content\\\/uploads\\\/2021\\\/03\\\/blogqspararipina-pref-raimundo_pimentel.jpeg\",\"articleSection\":[\"Cidades\"],\"inLanguage\":\"pt-BR\",\"potentialAction\":[{\"@type\":\"CommentAction\",\"name\":\"Comment\",\"target\":[\"https:\\\/\\\/blogdofarnesio.com.br\\\/2022\\\/02\\\/araripina-6-anos-sem-reajuste-professores-vao-as-ruas-protestar-contra-prefeito-raimundo-pimentel\\\/#respond\"]}]},{\"@type\":\"WebPage\",\"@id\":\"https:\\\/\\\/blogdofarnesio.com.br\\\/2022\\\/02\\\/araripina-6-anos-sem-reajuste-professores-vao-as-ruas-protestar-contra-prefeito-raimundo-pimentel\\\/\",\"url\":\"https:\\\/\\\/blogdofarnesio.com.br\\\/2022\\\/02\\\/araripina-6-anos-sem-reajuste-professores-vao-as-ruas-protestar-contra-prefeito-raimundo-pimentel\\\/\",\"name\":\"Araripina: 6 anos sem reajuste, professores v\u00e3o \u00e0s ruas protestar contra prefeito Raimundo Pimentel - Blog do Farn\u00e9sio\",\"isPartOf\":{\"@id\":\"https:\\\/\\\/blogdofarnesio.com.br\\\/#website\"},\"primaryImageOfPage\":{\"@id\":\"https:\\\/\\\/blogdofarnesio.com.br\\\/2022\\\/02\\\/araripina-6-anos-sem-reajuste-professores-vao-as-ruas-protestar-contra-prefeito-raimundo-pimentel\\\/#primaryimage\"},\"image\":{\"@id\":\"https:\\\/\\\/blogdofarnesio.com.br\\\/2022\\\/02\\\/araripina-6-anos-sem-reajuste-professores-vao-as-ruas-protestar-contra-prefeito-raimundo-pimentel\\\/#primaryimage\"},\"thumbnailUrl\":\"https:\\\/\\\/blogdofarnesio.com.br\\\/wp-content\\\/uploads\\\/2021\\\/03\\\/blogqspararipina-pref-raimundo_pimentel.jpeg\",\"datePublished\":\"2022-02-12T15:01:00+00:00\",\"breadcrumb\":{\"@id\":\"https:\\\/\\\/blogdofarnesio.com.br\\\/2022\\\/02\\\/araripina-6-anos-sem-reajuste-professores-vao-as-ruas-protestar-contra-prefeito-raimundo-pimentel\\\/#breadcrumb\"},\"inLanguage\":\"pt-BR\",\"potentialAction\":[{\"@type\":\"ReadAction\",\"target\":[\"https:\\\/\\\/blogdofarnesio.com.br\\\/2022\\\/02\\\/araripina-6-anos-sem-reajuste-professores-vao-as-ruas-protestar-contra-prefeito-raimundo-pimentel\\\/\"]}]},{\"@type\":\"ImageObject\",\"inLanguage\":\"pt-BR\",\"@id\":\"https:\\\/\\\/blogdofarnesio.com.br\\\/2022\\\/02\\\/araripina-6-anos-sem-reajuste-professores-vao-as-ruas-protestar-contra-prefeito-raimundo-pimentel\\\/#primaryimage\",\"url\":\"https:\\\/\\\/blogdofarnesio.com.br\\\/wp-content\\\/uploads\\\/2021\\\/03\\\/blogqspararipina-pref-raimundo_pimentel.jpeg\",\"contentUrl\":\"https:\\\/\\\/blogdofarnesio.com.br\\\/wp-content\\\/uploads\\\/2021\\\/03\\\/blogqspararipina-pref-raimundo_pimentel.jpeg\",\"width\":588,\"height\":395},{\"@type\":\"BreadcrumbList\",\"@id\":\"https:\\\/\\\/blogdofarnesio.com.br\\\/2022\\\/02\\\/araripina-6-anos-sem-reajuste-professores-vao-as-ruas-protestar-contra-prefeito-raimundo-pimentel\\\/#breadcrumb\",\"itemListElement\":[{\"@type\":\"ListItem\",\"position\":1,\"name\":\"In\u00edcio\",\"item\":\"https:\\\/\\\/blogdofarnesio.com.br\\\/\"},{\"@type\":\"ListItem\",\"position\":2,\"name\":\"Araripina: 6 anos sem reajuste, professores v\u00e3o \u00e0s ruas protestar contra prefeito Raimundo Pimentel\"}]},{\"@type\":\"WebSite\",\"@id\":\"https:\\\/\\\/blogdofarnesio.com.br\\\/#website\",\"url\":\"https:\\\/\\\/blogdofarnesio.com.br\\\/\",\"name\":\"Blog do Farn\u00e9sio\",\"description\":\"Quer Saber Pol\u00edtica?\",\"publisher\":{\"@id\":\"https:\\\/\\\/blogdofarnesio.com.br\\\/#organization\"},\"potentialAction\":[{\"@type\":\"SearchAction\",\"target\":{\"@type\":\"EntryPoint\",\"urlTemplate\":\"https:\\\/\\\/blogdofarnesio.com.br\\\/?s={search_term_string}\"},\"query-input\":{\"@type\":\"PropertyValueSpecification\",\"valueRequired\":true,\"valueName\":\"search_term_string\"}}],\"inLanguage\":\"pt-BR\"},{\"@type\":\"Organization\",\"@id\":\"https:\\\/\\\/blogdofarnesio.com.br\\\/#organization\",\"name\":\"Blog do Farn\u00e9sio\",\"url\":\"https:\\\/\\\/blogdofarnesio.com.br\\\/\",\"logo\":{\"@type\":\"ImageObject\",\"inLanguage\":\"pt-BR\",\"@id\":\"https:\\\/\\\/blogdofarnesio.com.br\\\/#\\\/schema\\\/logo\\\/image\\\/\",\"url\":\"https:\\\/\\\/blogdofarnesio.com.br\\\/wp-content\\\/uploads\\\/2026\\\/03\\\/cropped-logo_new-1.png\",\"contentUrl\":\"https:\\\/\\\/blogdofarnesio.com.br\\\/wp-content\\\/uploads\\\/2026\\\/03\\\/cropped-logo_new-1.png\",\"width\":881,\"height\":685,\"caption\":\"Blog do Farn\u00e9sio\"},\"image\":{\"@id\":\"https:\\\/\\\/blogdofarnesio.com.br\\\/#\\\/schema\\\/logo\\\/image\\\/\"},\"sameAs\":[\"https:\\\/\\\/www.facebook.com\\\/BlogQuerSaberPolitica\\\/\"]},{\"@type\":\"Person\",\"@id\":\"https:\\\/\\\/blogdofarnesio.com.br\\\/#\\\/schema\\\/person\\\/bb9b23ae3ad0609ce8df7b6c9e76824d\",\"name\":\"Farn\u00e9sio\",\"image\":{\"@type\":\"ImageObject\",\"inLanguage\":\"pt-BR\",\"@id\":\"https:\\\/\\\/secure.gravatar.com\\\/avatar\\\/986aa4c61ccdb66f8555bf88fc2a65609d00bcabd4d2d94377a727547345cbca?s=96&d=mm&r=g\",\"url\":\"https:\\\/\\\/secure.gravatar.com\\\/avatar\\\/986aa4c61ccdb66f8555bf88fc2a65609d00bcabd4d2d94377a727547345cbca?s=96&d=mm&r=g\",\"contentUrl\":\"https:\\\/\\\/secure.gravatar.com\\\/avatar\\\/986aa4c61ccdb66f8555bf88fc2a65609d00bcabd4d2d94377a727547345cbca?s=96&d=mm&r=g\",\"caption\":\"Farn\u00e9sio\"},\"description\":\"Radialista blogueiro, chegou a Petrolina\\\/Juazeiro em setembro de 1980, Farn\u00e9sio Silva \u00e9 de Arapiraca-Alagoas.\",\"sameAs\":[\"http:\\\/\\\/blogdofarnesio.com.br\",\"https:\\\/\\\/www.facebook.com\\\/?ref=tn_tnmn\",\"https:\\\/\\\/www.instagram.com\\\/?utm_source=pwa_homescreen\",\"https:\\\/\\\/youtube.com.br\\\/\"],\"url\":\"https:\\\/\\\/blogdofarnesio.com.br\\\/author\\\/farnesio-2\\\/\"}]}<\/script>\n<!-- \/ Yoast SEO plugin. -->","yoast_head_json":{"title":"Araripina: 6 anos sem reajuste, professores v\u00e3o \u00e0s ruas protestar contra prefeito Raimundo Pimentel - Blog do Farn\u00e9sio","robots":{"index":"index","follow":"follow","max-snippet":"max-snippet:-1","max-image-preview":"max-image-preview:large","max-video-preview":"max-video-preview:-1"},"canonical":"https:\/\/blogdofarnesio.com.br\/2022\/02\/araripina-6-anos-sem-reajuste-professores-vao-as-ruas-protestar-contra-prefeito-raimundo-pimentel\/","og_locale":"pt_BR","og_type":"article","og_title":"Araripina: 6 anos sem reajuste, professores v\u00e3o \u00e0s ruas protestar contra prefeito Raimundo Pimentel - Blog do Farn\u00e9sio","og_description":"No dia de ontem (11), professores protestaram em frente \u00e0 Prefeitura Municipal de Araripina, contra o prefeito Raimundo Pimentel, que n\u00e3o reajusta o sal\u00e1rio da classe. H\u00e1 6 anos os professores lutam por um aumento salarial e assim ter um sal\u00e1rio digno de um profissional que tanto faz pela educa\u00e7\u00e3o do cidad\u00e3o, por\u00e9m \u00e9 uma luta em v\u00e3o, j\u00e1 que o atual gestor n\u00e3o olha para eles e n\u00e3o reconhece o devido aumento. O que indignou mais ainda, foi que o prefeito recebeu um aumento de R$ 7 mil, quando j\u00e1 tinha seu sal\u00e1rio no valor de R$ 18 mil, passando assim para R$ 25 mil. Enquanto isso, a classe que realmente tem esse congelamento salarial.","og_url":"https:\/\/blogdofarnesio.com.br\/2022\/02\/araripina-6-anos-sem-reajuste-professores-vao-as-ruas-protestar-contra-prefeito-raimundo-pimentel\/","og_site_name":"Blog do Farn\u00e9sio","article_publisher":"https:\/\/www.facebook.com\/BlogQuerSaberPolitica\/","article_author":"https:\/\/www.facebook.com\/?ref=tn_tnmn","article_published_time":"2022-02-12T15:01:00+00:00","og_image":[{"width":588,"height":395,"url":"https:\/\/blogdofarnesio.com.br\/wp-content\/uploads\/2021\/03\/blogqspararipina-pref-raimundo_pimentel.jpeg","type":"image\/jpeg"}],"author":"Farn\u00e9sio","twitter_card":"summary_large_image","twitter_misc":{"Escrito por":"Farn\u00e9sio","Est. tempo de leitura":"1 minuto"},"schema":{"@context":"https:\/\/schema.org","@graph":[{"@type":"Article","@id":"https:\/\/blogdofarnesio.com.br\/2022\/02\/araripina-6-anos-sem-reajuste-professores-vao-as-ruas-protestar-contra-prefeito-raimundo-pimentel\/#article","isPartOf":{"@id":"https:\/\/blogdofarnesio.com.br\/2022\/02\/araripina-6-anos-sem-reajuste-professores-vao-as-ruas-protestar-contra-prefeito-raimundo-pimentel\/"},"author":{"name":"Farn\u00e9sio","@id":"https:\/\/blogdofarnesio.com.br\/#\/schema\/person\/bb9b23ae3ad0609ce8df7b6c9e76824d"},"headline":"Araripina: 6 anos sem reajuste, professores v\u00e3o \u00e0s ruas protestar contra prefeito Raimundo Pimentel","datePublished":"2022-02-12T15:01:00+00:00","mainEntityOfPage":{"@id":"https:\/\/blogdofarnesio.com.br\/2022\/02\/araripina-6-anos-sem-reajuste-professores-vao-as-ruas-protestar-contra-prefeito-raimundo-pimentel\/"},"wordCount":133,"commentCount":0,"publisher":{"@id":"https:\/\/blogdofarnesio.com.br\/#organization"},"image":{"@id":"https:\/\/blogdofarnesio.com.br\/2022\/02\/araripina-6-anos-sem-reajuste-professores-vao-as-ruas-protestar-contra-prefeito-raimundo-pimentel\/#primaryimage"},"thumbnailUrl":"https:\/\/blogdofarnesio.com.br\/wp-content\/uploads\/2021\/03\/blogqspararipina-pref-raimundo_pimentel.jpeg","articleSection":["Cidades"],"inLanguage":"pt-BR","potentialAction":[{"@type":"CommentAction","name":"Comment","target":["https:\/\/blogdofarnesio.com.br\/2022\/02\/araripina-6-anos-sem-reajuste-professores-vao-as-ruas-protestar-contra-prefeito-raimundo-pimentel\/#respond"]}]},{"@type":"WebPage","@id":"https:\/\/blogdofarnesio.com.br\/2022\/02\/araripina-6-anos-sem-reajuste-professores-vao-as-ruas-protestar-contra-prefeito-raimundo-pimentel\/","url":"https:\/\/blogdofarnesio.com.br\/2022\/02\/araripina-6-anos-sem-reajuste-professores-vao-as-ruas-protestar-contra-prefeito-raimundo-pimentel\/","name":"Araripina: 6 anos sem reajuste, professores v\u00e3o \u00e0s ruas protestar contra prefeito Raimundo Pimentel - Blog do Farn\u00e9sio","isPartOf":{"@id":"https:\/\/blogdofarnesio.com.br\/#website"},"primaryImageOfPage":{"@id":"https:\/\/blogdofarnesio.com.br\/2022\/02\/araripina-6-anos-sem-reajuste-professores-vao-as-ruas-protestar-contra-prefeito-raimundo-pimentel\/#primaryimage"},"image":{"@id":"https:\/\/blogdofarnesio.com.br\/2022\/02\/araripina-6-anos-sem-reajuste-professores-vao-as-ruas-protestar-contra-prefeito-raimundo-pimentel\/#primaryimage"},"thumbnailUrl":"https:\/\/blogdofarnesio.com.br\/wp-content\/uploads\/2021\/03\/blogqspararipina-pref-raimundo_pimentel.jpeg","datePublished":"2022-02-12T15:01:00+00:00","breadcrumb":{"@id":"https:\/\/blogdofarnesio.com.br\/2022\/02\/araripina-6-anos-sem-reajuste-professores-vao-as-ruas-protestar-contra-prefeito-raimundo-pimentel\/#breadcrumb"},"inLanguage":"pt-BR","potentialAction":[{"@type":"ReadAction","target":["https:\/\/blogdofarnesio.com.br\/2022\/02\/araripina-6-anos-sem-reajuste-professores-vao-as-ruas-protestar-contra-prefeito-raimundo-pimentel\/"]}]},{"@type":"ImageObject","inLanguage":"pt-BR","@id":"https:\/\/blogdofarnesio.com.br\/2022\/02\/araripina-6-anos-sem-reajuste-professores-vao-as-ruas-protestar-contra-prefeito-raimundo-pimentel\/#primaryimage","url":"https:\/\/blogdofarnesio.com.br\/wp-content\/uploads\/2021\/03\/blogqspararipina-pref-raimundo_pimentel.jpeg","contentUrl":"https:\/\/blogdofarnesio.com.br\/wp-content\/uploads\/2021\/03\/blogqspararipina-pref-raimundo_pimentel.jpeg","width":588,"height":395},{"@type":"BreadcrumbList","@id":"https:\/\/blogdofarnesio.com.br\/2022\/02\/araripina-6-anos-sem-reajuste-professores-vao-as-ruas-protestar-contra-prefeito-raimundo-pimentel\/#breadcrumb","itemListElement":[{"@type":"ListItem","position":1,"name":"In\u00edcio","item":"https:\/\/blogdofarnesio.com.br\/"},{"@type":"ListItem","position":2,"name":"Araripina: 6 anos sem reajuste, professores v\u00e3o \u00e0s ruas protestar contra prefeito Raimundo Pimentel"}]},{"@type":"WebSite","@id":"https:\/\/blogdofarnesio.com.br\/#website","url":"https:\/\/blogdofarnesio.com.br\/","name":"Blog do Farn\u00e9sio","description":"Quer Saber Pol\u00edtica?","publisher":{"@id":"https:\/\/blogdofarnesio.com.br\/#organization"},"potentialAction":[{"@type":"SearchAction","target":{"@type":"EntryPoint","urlTemplate":"https:\/\/blogdofarnesio.com.br\/?s={search_term_string}"},"query-input":{"@type":"PropertyValueSpecification","valueRequired":true,"valueName":"search_term_string"}}],"inLanguage":"pt-BR"},{"@type":"Organization","@id":"https:\/\/blogdofarnesio.com.br\/#organization","name":"Blog do Farn\u00e9sio","url":"https:\/\/blogdofarnesio.com.br\/","logo":{"@type":"ImageObject","inLanguage":"pt-BR","@id":"https:\/\/blogdofarnesio.com.br\/#\/schema\/logo\/image\/","url":"https:\/\/blogdofarnesio.com.br\/wp-content\/uploads\/2026\/03\/cropped-logo_new-1.png","contentUrl":"https:\/\/blogdofarnesio.com.br\/wp-content\/uploads\/2026\/03\/cropped-logo_new-1.png","width":881,"height":685,"caption":"Blog do Farn\u00e9sio"},"image":{"@id":"https:\/\/blogdofarnesio.com.br\/#\/schema\/logo\/image\/"},"sameAs":["https:\/\/www.facebook.com\/BlogQuerSaberPolitica\/"]},{"@type":"Person","@id":"https:\/\/blogdofarnesio.com.br\/#\/schema\/person\/bb9b23ae3ad0609ce8df7b6c9e76824d","name":"Farn\u00e9sio","image":{"@type":"ImageObject","inLanguage":"pt-BR","@id":"https:\/\/secure.gravatar.com\/avatar\/986aa4c61ccdb66f8555bf88fc2a65609d00bcabd4d2d94377a727547345cbca?s=96&d=mm&r=g","url":"https:\/\/secure.gravatar.com\/avatar\/986aa4c61ccdb66f8555bf88fc2a65609d00bcabd4d2d94377a727547345cbca?s=96&d=mm&r=g","contentUrl":"https:\/\/secure.gravatar.com\/avatar\/986aa4c61ccdb66f8555bf88fc2a65609d00bcabd4d2d94377a727547345cbca?s=96&d=mm&r=g","caption":"Farn\u00e9sio"},"description":"Radialista blogueiro, chegou a Petrolina\/Juazeiro em setembro de 1980, Farn\u00e9sio Silva \u00e9 de Arapiraca-Alagoas.","sameAs":["http:\/\/blogdofarnesio.com.br","https:\/\/www.facebook.com\/?ref=tn_tnmn","https:\/\/www.instagram.com\/?utm_source=pwa_homescreen","https:\/\/youtube.com.br\/"],"url":"https:\/\/blogdofarnesio.com.br\/author\/farnesio-2\/"}]}},"_links":{"self":[{"href":"https:\/\/blogdofarnesio.com.br\/wp-json\/wp\/v2\/posts\/306299","targetHints":{"allow":["GET"]}}],"collection":[{"href":"https:\/\/blogdofarnesio.com.br\/wp-json\/wp\/v2\/posts"}],"about":[{"href":"https:\/\/blogdofarnesio.com.br\/wp-json\/wp\/v2\/types\/post"}],"author":[{"embeddable":true,"href":"https:\/\/blogdofarnesio.com.br\/wp-json\/wp\/v2\/users\/2"}],"replies":[{"embeddable":true,"href":"https:\/\/blogdofarnesio.com.br\/wp-json\/wp\/v2\/comments?post=306299"}],"version-history":[{"count":0,"href":"https:\/\/blogdofarnesio.com.br\/wp-json\/wp\/v2\/posts\/306299\/revisions"}],"wp:featuredmedia":[{"embeddable":true,"href":"https:\/\/blogdofarnesio.com.br\/wp-json\/wp\/v2\/media\/281098"}],"wp:attachment":[{"href":"https:\/\/blogdofarnesio.com.br\/wp-json\/wp\/v2\/media?parent=306299"}],"wp:term":[{"taxonomy":"category","embeddable":true,"href":"https:\/\/blogdofarnesio.com.br\/wp-json\/wp\/v2\/categories?post=306299"},{"taxonomy":"post_tag","embeddable":true,"href":"https:\/\/blogdofarnesio.com.br\/wp-json\/wp\/v2\/tags?post=306299"}],"curies":[{"name":"wp","href":"https:\/\/api.w.org\/{rel}","templated":true}]}}