{"id":306286,"date":"2022-02-13T08:00:39","date_gmt":"2022-02-13T11:00:39","guid":{"rendered":"https:\/\/blogdofarnesio.com.br\/?p=306286"},"modified":"2022-02-12T17:19:08","modified_gmt":"2022-02-12T20:19:08","slug":"moradores-da-pedra-do-lord-aprovam-servicos-do-programa-juazeiro-da-gente-na-comunidade","status":"publish","type":"post","link":"https:\/\/blogdofarnesio.com.br\/?p=306286","title":{"rendered":"Moradores da Pedra do Lord aprovam servi\u00e7os do programa \u2018Juazeiro da Gente\u2019 na comunidade"},"content":{"rendered":"<p>A Prefeitura de Juazeiro prossegue realizando mais uma edi\u00e7\u00e3o do programa \u2018Juazeiro da Gente\u2019, na sexta-feira (11). Desta vez, a for\u00e7a-tarefa da Secretaria de Servi\u00e7os P\u00fablicos (SESP) est\u00e1 desenvolvendo as benfeitorias no bairro Pedra do Lord. As atividades contam com interven\u00e7\u00f5es de diversos servi\u00e7os de limpeza, manuten\u00e7\u00e3o, ilumina\u00e7\u00e3o e embelezamento das ruas, avenidas, pra\u00e7as e espa\u00e7os p\u00fablicos da comunidade.<\/p>\n<p>Residente na Avenida Sebasti\u00e3o Almeida Branco, a cabeleireira Valdeci Gomes de Oliveira, agradeceu as a\u00e7\u00f5es da prefeitura. \u201cMoro aqui h\u00e1 mais de 30 anos, confesso que j\u00e1 realizaram alguns servi\u00e7os de limpeza em nosso bairro, por\u00e9m sem grandes transforma\u00e7\u00f5es. J\u00e1 com o programa Juazeiro da Gente, \u00e9 muito mais que limpeza, \u00e9 tamb\u00e9m mais ilumina\u00e7\u00e3o, mais infraestrutura, mais arboriza\u00e7\u00e3o, manuten\u00e7\u00e3o no cal\u00e7amento e nos equipamentos p\u00fablicos. Agrade\u00e7o \u00e0 prefeitura e a todos os servidores do munic\u00edpio, pela presta\u00e7\u00e3o dos servi\u00e7os na Pedra do Lord\u201d, disse Valdeci.<\/p>\n<p>J\u00e1 o morador, Jos\u00e9 Cust\u00f3dio, diz que os servi\u00e7os contribuem para melhorar a qualidade de vida dos moradores. \u201c\u00c9 bonito ver nosso bairro limpo, bem estruturado e organizado, sem lixo nas ruas, sem entulhos nos terrenos baldios, pois a limpeza realizada traz tamb\u00e9m um impacto positivo para nossa sa\u00fade, seguran\u00e7a e bem-estar\u201d, pontuou o morador.<\/p>\n<p>O secret\u00e1rio de Servi\u00e7os P\u00fablicos, Charles Leal, destacou as atividades do programa Juazeiro da Gente na Pedra do Lord. \u201cV\u00e1rias a\u00e7\u00f5es est\u00e3o em andamento, oper\u00e1rios e m\u00e1quinas est\u00e3o aqui trabalhando no nivelamento de ruas, desmatando e retirando lixo e entulho. A equipe de ilumina\u00e7\u00e3o est\u00e1 realizando reposi\u00e7\u00e3o de l\u00e2mpadas, como tamb\u00e9m a coloca\u00e7\u00e3o de lumin\u00e1rias novas de Led, al\u00e9m das equipes de manuten\u00e7\u00e3o presentes realizando a poda de \u00e1rvores, reposi\u00e7\u00e3o de cal\u00e7amentos, manuten\u00e7\u00e3o nas duas pra\u00e7as do bairro com limpeza, pintura, reestrutura\u00e7\u00e3o de canteiros, bancos e pisos, bem como a instala\u00e7\u00e3o de novos brinquedos para as crian\u00e7as brincarem\u201d, destacou Charles Leal.<\/p>\n<p>Texto: Andr\u00e9 Calixto \u2013 Ascom\/SESP\/PMJ<\/p>\n","protected":false},"excerpt":{"rendered":"<p>A Prefeitura de Juazeiro prossegue realizando mais uma edi\u00e7\u00e3o do programa \u2018Juazeiro da Gente\u2019, na sexta-feira (11). Desta vez, a for\u00e7a-tarefa da Secretaria de Servi\u00e7os P\u00fablicos (SESP) est\u00e1 desenvolvendo as benfeitorias no bairro Pedra do Lord. As atividades contam com interven\u00e7\u00f5es de diversos servi\u00e7os de limpeza, manuten\u00e7\u00e3o, ilumina\u00e7\u00e3o e embelezamento das ruas, avenidas, pra\u00e7as e espa\u00e7os p\u00fablicos da comunidade. Residente na Avenida Sebasti\u00e3o Almeida Branco, a cabeleireira Valdeci Gomes de Oliveira, agradeceu as a\u00e7\u00f5es da prefeitura. \u201cMoro aqui h\u00e1 mais de 30 anos, confesso que j\u00e1 realizaram alguns servi\u00e7os de limpeza em nosso bairro, por\u00e9m sem grandes transforma\u00e7\u00f5es. J\u00e1 com o programa Juazeiro da Gente, \u00e9 muito mais que limpeza, \u00e9 tamb\u00e9m mais ilumina\u00e7\u00e3o, mais infraestrutura, mais arboriza\u00e7\u00e3o, manuten\u00e7\u00e3o no&hellip; <\/p>\n","protected":false},"author":2,"featured_media":306287,"comment_status":"open","ping_status":"open","sticky":false,"template":"","format":"standard","meta":{"_acf_changed":false,"footnotes":""},"categories":[44],"tags":[],"class_list":["post-306286","post","type-post","status-publish","format-standard","has-post-thumbnail","hentry","category-administracao"],"acf":[],"yoast_head":"<!-- This site is optimized with the Yoast SEO plugin v27.4 - https:\/\/yoast.com\/product\/yoast-seo-wordpress\/ -->\n<title>Moradores da Pedra do Lord aprovam servi\u00e7os do programa \u2018Juazeiro da Gente\u2019 na comunidade - Blog do Farn\u00e9sio<\/title>\n<meta name=\"robots\" content=\"index, follow, max-snippet:-1, max-image-preview:large, max-video-preview:-1\" \/>\n<link rel=\"canonical\" href=\"https:\/\/blogdofarnesio.com.br\/?p=306286\" \/>\n<meta property=\"og:locale\" content=\"pt_BR\" \/>\n<meta property=\"og:type\" content=\"article\" \/>\n<meta property=\"og:title\" content=\"Moradores da Pedra do Lord aprovam servi\u00e7os do programa \u2018Juazeiro da Gente\u2019 na comunidade - Blog do Farn\u00e9sio\" \/>\n<meta property=\"og:description\" content=\"A Prefeitura de Juazeiro prossegue realizando mais uma edi\u00e7\u00e3o do programa \u2018Juazeiro da Gente\u2019, na sexta-feira (11). Desta vez, a for\u00e7a-tarefa da Secretaria de Servi\u00e7os P\u00fablicos (SESP) est\u00e1 desenvolvendo as benfeitorias no bairro Pedra do Lord. As atividades contam com interven\u00e7\u00f5es de diversos servi\u00e7os de limpeza, manuten\u00e7\u00e3o, ilumina\u00e7\u00e3o e embelezamento das ruas, avenidas, pra\u00e7as e espa\u00e7os p\u00fablicos da comunidade. Residente na Avenida Sebasti\u00e3o Almeida Branco, a cabeleireira Valdeci Gomes de Oliveira, agradeceu as a\u00e7\u00f5es da prefeitura. \u201cMoro aqui h\u00e1 mais de 30 anos, confesso que j\u00e1 realizaram alguns servi\u00e7os de limpeza em nosso bairro, por\u00e9m sem grandes transforma\u00e7\u00f5es. J\u00e1 com o programa Juazeiro da Gente, \u00e9 muito mais que limpeza, \u00e9 tamb\u00e9m mais ilumina\u00e7\u00e3o, mais infraestrutura, mais arboriza\u00e7\u00e3o, manuten\u00e7\u00e3o no&hellip;\" \/>\n<meta property=\"og:url\" content=\"https:\/\/blogdofarnesio.com.br\/?p=306286\" \/>\n<meta property=\"og:site_name\" content=\"Blog do Farn\u00e9sio\" \/>\n<meta property=\"article:publisher\" content=\"https:\/\/www.facebook.com\/BlogQuerSaberPolitica\/\" \/>\n<meta property=\"article:author\" content=\"https:\/\/www.facebook.com\/?ref=tn_tnmn\" \/>\n<meta property=\"article:published_time\" content=\"2022-02-13T11:00:39+00:00\" \/>\n<meta property=\"og:image\" content=\"https:\/\/blogdofarnesio.com.br\/wp-content\/uploads\/2022\/02\/blogqspjua-pedra-do-lord-e1644665469109.jpeg\" \/>\n\t<meta property=\"og:image:width\" content=\"500\" \/>\n\t<meta property=\"og:image:height\" content=\"333\" \/>\n\t<meta property=\"og:image:type\" content=\"image\/jpeg\" \/>\n<meta name=\"author\" content=\"Farn\u00e9sio\" \/>\n<meta name=\"twitter:card\" content=\"summary_large_image\" \/>\n<meta name=\"twitter:label1\" content=\"Escrito por\" \/>\n\t<meta name=\"twitter:data1\" content=\"Farn\u00e9sio\" \/>\n\t<meta name=\"twitter:label2\" content=\"Est. tempo de leitura\" \/>\n\t<meta name=\"twitter:data2\" content=\"2 minutos\" \/>\n<script type=\"application\/ld+json\" class=\"yoast-schema-graph\">{\"@context\":\"https:\\\/\\\/schema.org\",\"@graph\":[{\"@type\":\"Article\",\"@id\":\"https:\\\/\\\/blogdofarnesio.com.br\\\/?p=306286#article\",\"isPartOf\":{\"@id\":\"https:\\\/\\\/blogdofarnesio.com.br\\\/?p=306286\"},\"author\":{\"name\":\"Farn\u00e9sio\",\"@id\":\"https:\\\/\\\/blogdofarnesio.com.br\\\/#\\\/schema\\\/person\\\/bb9b23ae3ad0609ce8df7b6c9e76824d\"},\"headline\":\"Moradores da Pedra do Lord aprovam servi\u00e7os do programa \u2018Juazeiro da Gente\u2019 na comunidade\",\"datePublished\":\"2022-02-13T11:00:39+00:00\",\"mainEntityOfPage\":{\"@id\":\"https:\\\/\\\/blogdofarnesio.com.br\\\/?p=306286\"},\"wordCount\":371,\"commentCount\":0,\"publisher\":{\"@id\":\"https:\\\/\\\/blogdofarnesio.com.br\\\/#organization\"},\"image\":{\"@id\":\"https:\\\/\\\/blogdofarnesio.com.br\\\/?p=306286#primaryimage\"},\"thumbnailUrl\":\"https:\\\/\\\/blogdofarnesio.com.br\\\/wp-content\\\/uploads\\\/2022\\\/02\\\/blogqspjua-pedra-do-lord-e1644665469109.jpeg\",\"articleSection\":[\"Administra\u00e7\u00e3o\"],\"inLanguage\":\"pt-BR\",\"potentialAction\":[{\"@type\":\"CommentAction\",\"name\":\"Comment\",\"target\":[\"https:\\\/\\\/blogdofarnesio.com.br\\\/?p=306286#respond\"]}]},{\"@type\":\"WebPage\",\"@id\":\"https:\\\/\\\/blogdofarnesio.com.br\\\/?p=306286\",\"url\":\"https:\\\/\\\/blogdofarnesio.com.br\\\/?p=306286\",\"name\":\"Moradores da Pedra do Lord aprovam servi\u00e7os do programa \u2018Juazeiro da Gente\u2019 na comunidade - Blog do Farn\u00e9sio\",\"isPartOf\":{\"@id\":\"https:\\\/\\\/blogdofarnesio.com.br\\\/#website\"},\"primaryImageOfPage\":{\"@id\":\"https:\\\/\\\/blogdofarnesio.com.br\\\/?p=306286#primaryimage\"},\"image\":{\"@id\":\"https:\\\/\\\/blogdofarnesio.com.br\\\/?p=306286#primaryimage\"},\"thumbnailUrl\":\"https:\\\/\\\/blogdofarnesio.com.br\\\/wp-content\\\/uploads\\\/2022\\\/02\\\/blogqspjua-pedra-do-lord-e1644665469109.jpeg\",\"datePublished\":\"2022-02-13T11:00:39+00:00\",\"breadcrumb\":{\"@id\":\"https:\\\/\\\/blogdofarnesio.com.br\\\/?p=306286#breadcrumb\"},\"inLanguage\":\"pt-BR\",\"potentialAction\":[{\"@type\":\"ReadAction\",\"target\":[\"https:\\\/\\\/blogdofarnesio.com.br\\\/?p=306286\"]}]},{\"@type\":\"ImageObject\",\"inLanguage\":\"pt-BR\",\"@id\":\"https:\\\/\\\/blogdofarnesio.com.br\\\/?p=306286#primaryimage\",\"url\":\"https:\\\/\\\/blogdofarnesio.com.br\\\/wp-content\\\/uploads\\\/2022\\\/02\\\/blogqspjua-pedra-do-lord-e1644665469109.jpeg\",\"contentUrl\":\"https:\\\/\\\/blogdofarnesio.com.br\\\/wp-content\\\/uploads\\\/2022\\\/02\\\/blogqspjua-pedra-do-lord-e1644665469109.jpeg\",\"width\":500,\"height\":333},{\"@type\":\"BreadcrumbList\",\"@id\":\"https:\\\/\\\/blogdofarnesio.com.br\\\/?p=306286#breadcrumb\",\"itemListElement\":[{\"@type\":\"ListItem\",\"position\":1,\"name\":\"In\u00edcio\",\"item\":\"https:\\\/\\\/blogdofarnesio.com.br\\\/\"},{\"@type\":\"ListItem\",\"position\":2,\"name\":\"Moradores da Pedra do Lord aprovam servi\u00e7os do programa \u2018Juazeiro da Gente\u2019 na comunidade\"}]},{\"@type\":\"WebSite\",\"@id\":\"https:\\\/\\\/blogdofarnesio.com.br\\\/#website\",\"url\":\"https:\\\/\\\/blogdofarnesio.com.br\\\/\",\"name\":\"Blog do Farn\u00e9sio\",\"description\":\"Quer Saber Pol\u00edtica?\",\"publisher\":{\"@id\":\"https:\\\/\\\/blogdofarnesio.com.br\\\/#organization\"},\"potentialAction\":[{\"@type\":\"SearchAction\",\"target\":{\"@type\":\"EntryPoint\",\"urlTemplate\":\"https:\\\/\\\/blogdofarnesio.com.br\\\/?s={search_term_string}\"},\"query-input\":{\"@type\":\"PropertyValueSpecification\",\"valueRequired\":true,\"valueName\":\"search_term_string\"}}],\"inLanguage\":\"pt-BR\"},{\"@type\":\"Organization\",\"@id\":\"https:\\\/\\\/blogdofarnesio.com.br\\\/#organization\",\"name\":\"Blog do Farn\u00e9sio\",\"url\":\"https:\\\/\\\/blogdofarnesio.com.br\\\/\",\"logo\":{\"@type\":\"ImageObject\",\"inLanguage\":\"pt-BR\",\"@id\":\"https:\\\/\\\/blogdofarnesio.com.br\\\/#\\\/schema\\\/logo\\\/image\\\/\",\"url\":\"https:\\\/\\\/blogdofarnesio.com.br\\\/wp-content\\\/uploads\\\/2026\\\/03\\\/cropped-logo_new-1.png\",\"contentUrl\":\"https:\\\/\\\/blogdofarnesio.com.br\\\/wp-content\\\/uploads\\\/2026\\\/03\\\/cropped-logo_new-1.png\",\"width\":881,\"height\":685,\"caption\":\"Blog do Farn\u00e9sio\"},\"image\":{\"@id\":\"https:\\\/\\\/blogdofarnesio.com.br\\\/#\\\/schema\\\/logo\\\/image\\\/\"},\"sameAs\":[\"https:\\\/\\\/www.facebook.com\\\/BlogQuerSaberPolitica\\\/\"]},{\"@type\":\"Person\",\"@id\":\"https:\\\/\\\/blogdofarnesio.com.br\\\/#\\\/schema\\\/person\\\/bb9b23ae3ad0609ce8df7b6c9e76824d\",\"name\":\"Farn\u00e9sio\",\"image\":{\"@type\":\"ImageObject\",\"inLanguage\":\"pt-BR\",\"@id\":\"https:\\\/\\\/secure.gravatar.com\\\/avatar\\\/986aa4c61ccdb66f8555bf88fc2a65609d00bcabd4d2d94377a727547345cbca?s=96&d=mm&r=g\",\"url\":\"https:\\\/\\\/secure.gravatar.com\\\/avatar\\\/986aa4c61ccdb66f8555bf88fc2a65609d00bcabd4d2d94377a727547345cbca?s=96&d=mm&r=g\",\"contentUrl\":\"https:\\\/\\\/secure.gravatar.com\\\/avatar\\\/986aa4c61ccdb66f8555bf88fc2a65609d00bcabd4d2d94377a727547345cbca?s=96&d=mm&r=g\",\"caption\":\"Farn\u00e9sio\"},\"description\":\"Radialista blogueiro, chegou a Petrolina\\\/Juazeiro em setembro de 1980, Farn\u00e9sio Silva \u00e9 de Arapiraca-Alagoas.\",\"sameAs\":[\"http:\\\/\\\/blogdofarnesio.com.br\",\"https:\\\/\\\/www.facebook.com\\\/?ref=tn_tnmn\",\"https:\\\/\\\/www.instagram.com\\\/?utm_source=pwa_homescreen\",\"https:\\\/\\\/youtube.com.br\\\/\"],\"url\":\"https:\\\/\\\/blogdofarnesio.com.br\\\/?author=2\"}]}<\/script>\n<!-- \/ Yoast SEO plugin. -->","yoast_head_json":{"title":"Moradores da Pedra do Lord aprovam servi\u00e7os do programa \u2018Juazeiro da Gente\u2019 na comunidade - Blog do Farn\u00e9sio","robots":{"index":"index","follow":"follow","max-snippet":"max-snippet:-1","max-image-preview":"max-image-preview:large","max-video-preview":"max-video-preview:-1"},"canonical":"https:\/\/blogdofarnesio.com.br\/?p=306286","og_locale":"pt_BR","og_type":"article","og_title":"Moradores da Pedra do Lord aprovam servi\u00e7os do programa \u2018Juazeiro da Gente\u2019 na comunidade - Blog do Farn\u00e9sio","og_description":"A Prefeitura de Juazeiro prossegue realizando mais uma edi\u00e7\u00e3o do programa \u2018Juazeiro da Gente\u2019, na sexta-feira (11). Desta vez, a for\u00e7a-tarefa da Secretaria de Servi\u00e7os P\u00fablicos (SESP) est\u00e1 desenvolvendo as benfeitorias no bairro Pedra do Lord. As atividades contam com interven\u00e7\u00f5es de diversos servi\u00e7os de limpeza, manuten\u00e7\u00e3o, ilumina\u00e7\u00e3o e embelezamento das ruas, avenidas, pra\u00e7as e espa\u00e7os p\u00fablicos da comunidade. Residente na Avenida Sebasti\u00e3o Almeida Branco, a cabeleireira Valdeci Gomes de Oliveira, agradeceu as a\u00e7\u00f5es da prefeitura. \u201cMoro aqui h\u00e1 mais de 30 anos, confesso que j\u00e1 realizaram alguns servi\u00e7os de limpeza em nosso bairro, por\u00e9m sem grandes transforma\u00e7\u00f5es. J\u00e1 com o programa Juazeiro da Gente, \u00e9 muito mais que limpeza, \u00e9 tamb\u00e9m mais ilumina\u00e7\u00e3o, mais infraestrutura, mais arboriza\u00e7\u00e3o, manuten\u00e7\u00e3o no&hellip;","og_url":"https:\/\/blogdofarnesio.com.br\/?p=306286","og_site_name":"Blog do Farn\u00e9sio","article_publisher":"https:\/\/www.facebook.com\/BlogQuerSaberPolitica\/","article_author":"https:\/\/www.facebook.com\/?ref=tn_tnmn","article_published_time":"2022-02-13T11:00:39+00:00","og_image":[{"width":500,"height":333,"url":"https:\/\/blogdofarnesio.com.br\/wp-content\/uploads\/2022\/02\/blogqspjua-pedra-do-lord-e1644665469109.jpeg","type":"image\/jpeg"}],"author":"Farn\u00e9sio","twitter_card":"summary_large_image","twitter_misc":{"Escrito por":"Farn\u00e9sio","Est. tempo de leitura":"2 minutos"},"schema":{"@context":"https:\/\/schema.org","@graph":[{"@type":"Article","@id":"https:\/\/blogdofarnesio.com.br\/?p=306286#article","isPartOf":{"@id":"https:\/\/blogdofarnesio.com.br\/?p=306286"},"author":{"name":"Farn\u00e9sio","@id":"https:\/\/blogdofarnesio.com.br\/#\/schema\/person\/bb9b23ae3ad0609ce8df7b6c9e76824d"},"headline":"Moradores da Pedra do Lord aprovam servi\u00e7os do programa \u2018Juazeiro da Gente\u2019 na comunidade","datePublished":"2022-02-13T11:00:39+00:00","mainEntityOfPage":{"@id":"https:\/\/blogdofarnesio.com.br\/?p=306286"},"wordCount":371,"commentCount":0,"publisher":{"@id":"https:\/\/blogdofarnesio.com.br\/#organization"},"image":{"@id":"https:\/\/blogdofarnesio.com.br\/?p=306286#primaryimage"},"thumbnailUrl":"https:\/\/blogdofarnesio.com.br\/wp-content\/uploads\/2022\/02\/blogqspjua-pedra-do-lord-e1644665469109.jpeg","articleSection":["Administra\u00e7\u00e3o"],"inLanguage":"pt-BR","potentialAction":[{"@type":"CommentAction","name":"Comment","target":["https:\/\/blogdofarnesio.com.br\/?p=306286#respond"]}]},{"@type":"WebPage","@id":"https:\/\/blogdofarnesio.com.br\/?p=306286","url":"https:\/\/blogdofarnesio.com.br\/?p=306286","name":"Moradores da Pedra do Lord aprovam servi\u00e7os do programa \u2018Juazeiro da Gente\u2019 na comunidade - Blog do Farn\u00e9sio","isPartOf":{"@id":"https:\/\/blogdofarnesio.com.br\/#website"},"primaryImageOfPage":{"@id":"https:\/\/blogdofarnesio.com.br\/?p=306286#primaryimage"},"image":{"@id":"https:\/\/blogdofarnesio.com.br\/?p=306286#primaryimage"},"thumbnailUrl":"https:\/\/blogdofarnesio.com.br\/wp-content\/uploads\/2022\/02\/blogqspjua-pedra-do-lord-e1644665469109.jpeg","datePublished":"2022-02-13T11:00:39+00:00","breadcrumb":{"@id":"https:\/\/blogdofarnesio.com.br\/?p=306286#breadcrumb"},"inLanguage":"pt-BR","potentialAction":[{"@type":"ReadAction","target":["https:\/\/blogdofarnesio.com.br\/?p=306286"]}]},{"@type":"ImageObject","inLanguage":"pt-BR","@id":"https:\/\/blogdofarnesio.com.br\/?p=306286#primaryimage","url":"https:\/\/blogdofarnesio.com.br\/wp-content\/uploads\/2022\/02\/blogqspjua-pedra-do-lord-e1644665469109.jpeg","contentUrl":"https:\/\/blogdofarnesio.com.br\/wp-content\/uploads\/2022\/02\/blogqspjua-pedra-do-lord-e1644665469109.jpeg","width":500,"height":333},{"@type":"BreadcrumbList","@id":"https:\/\/blogdofarnesio.com.br\/?p=306286#breadcrumb","itemListElement":[{"@type":"ListItem","position":1,"name":"In\u00edcio","item":"https:\/\/blogdofarnesio.com.br\/"},{"@type":"ListItem","position":2,"name":"Moradores da Pedra do Lord aprovam servi\u00e7os do programa \u2018Juazeiro da Gente\u2019 na comunidade"}]},{"@type":"WebSite","@id":"https:\/\/blogdofarnesio.com.br\/#website","url":"https:\/\/blogdofarnesio.com.br\/","name":"Blog do Farn\u00e9sio","description":"Quer Saber Pol\u00edtica?","publisher":{"@id":"https:\/\/blogdofarnesio.com.br\/#organization"},"potentialAction":[{"@type":"SearchAction","target":{"@type":"EntryPoint","urlTemplate":"https:\/\/blogdofarnesio.com.br\/?s={search_term_string}"},"query-input":{"@type":"PropertyValueSpecification","valueRequired":true,"valueName":"search_term_string"}}],"inLanguage":"pt-BR"},{"@type":"Organization","@id":"https:\/\/blogdofarnesio.com.br\/#organization","name":"Blog do Farn\u00e9sio","url":"https:\/\/blogdofarnesio.com.br\/","logo":{"@type":"ImageObject","inLanguage":"pt-BR","@id":"https:\/\/blogdofarnesio.com.br\/#\/schema\/logo\/image\/","url":"https:\/\/blogdofarnesio.com.br\/wp-content\/uploads\/2026\/03\/cropped-logo_new-1.png","contentUrl":"https:\/\/blogdofarnesio.com.br\/wp-content\/uploads\/2026\/03\/cropped-logo_new-1.png","width":881,"height":685,"caption":"Blog do Farn\u00e9sio"},"image":{"@id":"https:\/\/blogdofarnesio.com.br\/#\/schema\/logo\/image\/"},"sameAs":["https:\/\/www.facebook.com\/BlogQuerSaberPolitica\/"]},{"@type":"Person","@id":"https:\/\/blogdofarnesio.com.br\/#\/schema\/person\/bb9b23ae3ad0609ce8df7b6c9e76824d","name":"Farn\u00e9sio","image":{"@type":"ImageObject","inLanguage":"pt-BR","@id":"https:\/\/secure.gravatar.com\/avatar\/986aa4c61ccdb66f8555bf88fc2a65609d00bcabd4d2d94377a727547345cbca?s=96&d=mm&r=g","url":"https:\/\/secure.gravatar.com\/avatar\/986aa4c61ccdb66f8555bf88fc2a65609d00bcabd4d2d94377a727547345cbca?s=96&d=mm&r=g","contentUrl":"https:\/\/secure.gravatar.com\/avatar\/986aa4c61ccdb66f8555bf88fc2a65609d00bcabd4d2d94377a727547345cbca?s=96&d=mm&r=g","caption":"Farn\u00e9sio"},"description":"Radialista blogueiro, chegou a Petrolina\/Juazeiro em setembro de 1980, Farn\u00e9sio Silva \u00e9 de Arapiraca-Alagoas.","sameAs":["http:\/\/blogdofarnesio.com.br","https:\/\/www.facebook.com\/?ref=tn_tnmn","https:\/\/www.instagram.com\/?utm_source=pwa_homescreen","https:\/\/youtube.com.br\/"],"url":"https:\/\/blogdofarnesio.com.br\/?author=2"}]}},"_links":{"self":[{"href":"https:\/\/blogdofarnesio.com.br\/index.php?rest_route=\/wp\/v2\/posts\/306286","targetHints":{"allow":["GET"]}}],"collection":[{"href":"https:\/\/blogdofarnesio.com.br\/index.php?rest_route=\/wp\/v2\/posts"}],"about":[{"href":"https:\/\/blogdofarnesio.com.br\/index.php?rest_route=\/wp\/v2\/types\/post"}],"author":[{"embeddable":true,"href":"https:\/\/blogdofarnesio.com.br\/index.php?rest_route=\/wp\/v2\/users\/2"}],"replies":[{"embeddable":true,"href":"https:\/\/blogdofarnesio.com.br\/index.php?rest_route=%2Fwp%2Fv2%2Fcomments&post=306286"}],"version-history":[{"count":0,"href":"https:\/\/blogdofarnesio.com.br\/index.php?rest_route=\/wp\/v2\/posts\/306286\/revisions"}],"wp:featuredmedia":[{"embeddable":true,"href":"https:\/\/blogdofarnesio.com.br\/index.php?rest_route=\/wp\/v2\/media\/306287"}],"wp:attachment":[{"href":"https:\/\/blogdofarnesio.com.br\/index.php?rest_route=%2Fwp%2Fv2%2Fmedia&parent=306286"}],"wp:term":[{"taxonomy":"category","embeddable":true,"href":"https:\/\/blogdofarnesio.com.br\/index.php?rest_route=%2Fwp%2Fv2%2Fcategories&post=306286"},{"taxonomy":"post_tag","embeddable":true,"href":"https:\/\/blogdofarnesio.com.br\/index.php?rest_route=%2Fwp%2Fv2%2Ftags&post=306286"}],"curies":[{"name":"wp","href":"https:\/\/api.w.org\/{rel}","templated":true}]}}