{"id":306236,"date":"2022-02-11T09:21:20","date_gmt":"2022-02-11T12:21:20","guid":{"rendered":"https:\/\/blogdofarnesio.com.br\/?p=306236"},"modified":"2022-02-11T09:21:20","modified_gmt":"2022-02-11T12:21:20","slug":"policia-realiza-hoje-reconstituicao-do-assassinato-da-menina-beatriz","status":"publish","type":"post","link":"https:\/\/blogdofarnesio.com.br\/?p=306236","title":{"rendered":"Policia realiza hoje, reconstitui\u00e7\u00e3o do assassinato da menina Beatriz"},"content":{"rendered":"<div class=\"row content-head non-featured \">\n<div class=\"title\">\n<h1 class=\"content-head__title\">Caso Beatriz: defesa diz que homem preso pelo crime n\u00e3o vai participar da reprodu\u00e7\u00e3o simulada para reconstitui\u00e7\u00e3o. O suspeito de ter matado a menina, Marcelo da Silva, est\u00e1 na Penitenci\u00e1ria Doutor Edvaldo Gomes, em Petrolina. Ele deve participar do reconhecimento de pessoas.<\/h1>\n<\/div>\n<\/div>\n<div class=\"content__signa-share\">\n<div class=\"content__signature\">\n<div class=\"content-publication-data\">\n<div class=\"content-publication-data__text\">\n<p class=\"content-publication-data__from\" title=\"g1 Petrolina\">Por g1 Petrolina<\/p>\n<p class=\"content-publication-data__updated\">\n<\/div>\n<\/div>\n<\/div>\n<\/div>\n<div class=\"mc-article-body\">\n<article>\n<div class=\"row medium-uncollapsed content-media content-photo\" data-block-type=\"backstage-photo\" data-block-id=\"0\">\n<div class=\"mc-column content-media__container\">\n<p class=\"content-media__description \">Nesta quinta-feira (10), a Pol\u00edcia Civil deu continuidade aos trabalhos para realiza\u00e7\u00e3o da reconstitui\u00e7\u00e3o do assassinato da menina Beatriz Ang\u00e9lica Mota, em <a href=\"https:\/\/g1.globo.com\/pe\/petrolina-regiao\/cidade\/petrolina\/\">Petrolina<\/a>, no Sert\u00e3o Pernambucano. O crime aconteceu no Col\u00e9gio Nossa Senhora Auxiliadora, no ano de 2015.<\/p>\n<\/div>\n<\/div>\n<div class=\"wall protected-content\">\n<div class=\"mc-column content-text active-extra-styles \" data-block-type=\"unstyled\" data-block-weight=\"46\" data-block-id=\"3\">\n<p class=\"content-text__container \" data-track-category=\"Link no Texto\" data-track-links=\"\"><img decoding=\"async\" class=\"i-amphtml-fill-content i-amphtml-replaced-content\" src=\"https:\/\/s2.glbimg.com\/8s0ExSru22jwExVxn0w7vTig9TY=\/0x0:1920x1080\/984x0\/smart\/filters:strip_icc()\/i.s3.glbimg.com\/v1\/AUTH_59edd422c0c84a879bd37670ae4f538a\/internal_photos\/bs\/2022\/P\/g\/WlttK2RiyfK7PB1NMR9g\/caso-beatriz.jpg\" sizes=\"(max-width: 1366px) 648px, 100vw\" srcset=\"https:\/\/s2.glbimg.com\/imk7vlpu6rus8qO323YGci8Nwys=\/0x0:1920x1080\/1000x0\/smart\/filters:strip_icc()\/i.s3.glbimg.com\/v1\/AUTH_59edd422c0c84a879bd37670ae4f538a\/internal_photos\/bs\/2022\/P\/g\/WlttK2RiyfK7PB1NMR9g\/caso-beatriz.jpg 1000w, https:\/\/s2.glbimg.com\/8s0ExSru22jwExVxn0w7vTig9TY=\/0x0:1920x1080\/984x0\/smart\/filters:strip_icc()\/i.s3.glbimg.com\/v1\/AUTH_59edd422c0c84a879bd37670ae4f538a\/internal_photos\/bs\/2022\/P\/g\/WlttK2RiyfK7PB1NMR9g\/caso-beatriz.jpg 984w, https:\/\/s2.glbimg.com\/5qJEyPW32YIZcMRw8xRYeqTGBOI=\/0x0:1920x1080\/640x0\/smart\/filters:strip_icc()\/i.s3.glbimg.com\/v1\/AUTH_59edd422c0c84a879bd37670ae4f538a\/internal_photos\/bs\/2022\/P\/g\/WlttK2RiyfK7PB1NMR9g\/caso-beatriz.jpg 640w, https:\/\/s2.glbimg.com\/9eUAR0674K-Yf5fGf03KbsrlJ9I=\/0x0:1920x1080\/600x0\/smart\/filters:strip_icc()\/i.s3.glbimg.com\/v1\/AUTH_59edd422c0c84a879bd37670ae4f538a\/internal_photos\/bs\/2022\/P\/g\/WlttK2RiyfK7PB1NMR9g\/caso-beatriz.jpg 600w\" alt=\"Marcelo da Silva n\u00e3o vai participar da reprodu\u00e7\u00e3o simulada, mas deve participar do reconhecimento de pessoas que estiveram no col\u00e9gio na noite do crime \u2014 Foto: Reprodu\u00e7\u00e3o\/TV Globo\" \/><\/p>\n<p class=\"content-text__container \" data-track-category=\"Link no Texto\" data-track-links=\"\">Os advogados que defendem Marcelo da Silva, suspeito de ter matado a menina, estiveram no col\u00e9gio durante o dia para acompanharem os trabalhos da pol\u00edcia. Uma\u00a0<span class=\"highlight highlighted\">reuni\u00e3o com delegados vai definir como ser\u00e1 o cronograma de reconstitui\u00e7\u00e3o do crime durante esta sexta-feira (11) e s\u00e1bado (12)<\/span>.<\/p>\n<\/div>\n<div class=\"mc-column content-text active-extra-styles \" data-block-type=\"unstyled\" data-block-weight=\"57\" data-block-id=\"4\">\n<p class=\"content-text__container \" data-track-category=\"Link no Texto\" data-track-links=\"\">&#8220;Estive na escola hoje, conversei com uma delegada. Na ocasi\u00e3o, ela esclareceu que est\u00e1 em andamento uma per\u00edcia. Acompanhamos uma parte e agendamos uma reuni\u00e3o com os outros tr\u00eas delegados. Iremos definir, esperar o que v\u00e3o passar para a gente, o rumo do cronograma de amanh\u00e3 e depois&#8221;, destacou o advogado de Marcelo da Silva, Rafael Nunes.<\/p>\n<\/div>\n<div class=\"content-ads content-ads--reveal\" data-block-type=\"ads\" data-block-id=\"5\">\n<div id=\"banner_materia2\" class=\"tag-manager-publicidade-container mc-has-reveal mc-has-ad-lazyload tag-manager-publicidade-banner_materia2 tag-manager-publicidade-container--carregado tag-manager-publicidade-container--visivel\" data-id=\"banner_materia2\" data-req=\"true\" data-google-query-id=\"CKq737TQ9_UCFZw0uQYdGjkHfA\" data-cid=\"138379996356\" data-lid=\"5908364574\">\n<div id=\"google_ads_iframe_\/95377733\/tvg_G1\/Sua_Regiao&gt;Nordeste&gt;Pernambuco_(Petrolina)_3__container__\" style=\"box-sizing: inherit; margin: auto; padding: 0px; border: 0pt none; font: inherit; vertical-align: initial; max-width: 100%; text-align: center;\"><iframe id=\"google_ads_iframe_\/95377733\/tvg_G1\/Sua_Regiao&gt;Nordeste&gt;Pernambuco_(Petrolina)_3\" style=\"box-sizing: inherit; margin: 0px; padding: 0px; border: 0px; font: inherit; vertical-align: bottom;\" tabindex=\"0\" title=\"3rd party ad content\" role=\"region\" name=\"google_ads_iframe_\/95377733\/tvg_G1\/Sua_Regiao&gt;Nordeste&gt;Pernambuco_(Petrolina)_3\" width=\"970\" height=\"250\" frameborder=\"0\" marginwidth=\"0\" marginheight=\"0\" scrolling=\"no\" aria-label=\"Advertisement\" data-google-container-id=\"5\" data-load-complete=\"true\" data-mce-fragment=\"1\"><\/iframe><\/div>\n<\/div>\n<\/div>\n<div class=\"bs-video-block mc-column  content-media content-video\" data-block-type=\"backstage-video\" data-block-id=\"6\">\n<div class=\"content-media__container\">\n<div class=\"content-video__bigger-player-description-fixer\">\n<article class=\"content-video\">\n<section class=\"content-video__video-container\">\n<div class=\"content-video__video\">\n<div class=\"content-video__placeholder\" data-video-id=\"10290682\" data-video-has-viewport-play=\"True\"><img decoding=\"async\" class=\"content-video__placeholder__thumb\" title=\"Pol\u00edcia Civil trabalha para realiza\u00e7\u00e3o da reconstitui\u00e7\u00e3o do assassinato de Beatriz Mota\" src=\"https:\/\/s03.video.glbimg.com\/x240\/10290682.jpg\" alt=\"Pol\u00edcia Civil trabalha para realiza\u00e7\u00e3o da reconstitui\u00e7\u00e3o do assassinato de Beatriz Mota\" \/><\/div>\n<div id=\"wp3-player-2\" class=\"clappr-player\" tabindex=\"9999\" data-player=\"\">\n<div class=\"dfp-ad-overlay dfp-ad-overlay--poster-mode\">\n<div><\/div>\n<\/div>\n<div class=\"container master-container pointer-enabled\" data-container=\"\" data-pip=\"\">\n<div class=\"id-playback\" data-id-playback=\"\"><video id=\"c73\" poster=\"https:\/\/s03.video.glbimg.com\/x720\/10290682.jpg\" preload=\"none\" width=\"300\" height=\"150\" data-html5-video=\"\" data-mce-fragment=\"1\"><\/video><\/div>\n<\/div>\n<div class=\"media-control media-control-hide\">\n<div class=\"media-control-panel\">\n<div class=\"media-control-panel__lower\" data-controls=\"\">\n<div class=\"opposites-container\">\n<div class=\"media-control-position__right\"><\/div>\n<\/div>\n<\/div>\n<\/div>\n<\/div>\n<\/div>\n<\/div>\n<\/section>\n<\/article>\n<\/div>\n<p class=\"content-media__description\">Pol\u00edcia Civil trabalha para realiza\u00e7\u00e3o da reconstitui\u00e7\u00e3o do assassinato de Beatriz Mota<\/p>\n<\/div>\n<\/div>\n<div class=\"mc-column content-text active-extra-styles \" data-block-type=\"unstyled\" data-block-weight=\"42\" data-block-id=\"7\">\n<p class=\"content-text__container \" data-track-category=\"Link no Texto\" data-track-links=\"\">De acordo com a equipe de advogados, Marcelo da Silva est\u00e1 na Penitenci\u00e1ria Doutor Edvaldo Gomes, em\u00a0<a href=\"https:\/\/g1.globo.com\/pe\/petrolina-regiao\/cidade\/petrolina\/\">Petrolina<\/a>.\u00a0<span class=\"highlight highlighted\">O suspeito ele n\u00e3o vai participar da reprodu\u00e7\u00e3o simulada, mas deve participar do reconhecimento de pessoas que estiveram no col\u00e9gio na noite do crime<\/span>.<\/p>\n<\/div>\n<div class=\"mc-column content-text active-extra-styles \" data-block-type=\"unstyled\" data-block-weight=\"53\" data-block-id=\"8\">\n<p class=\"content-text__container \" data-track-category=\"Link no Texto\" data-track-links=\"\">&#8220;Ele n\u00e3o ir\u00e1 participar da reprodu\u00e7\u00e3o simulada por n\u00e3o fazer qualquer sentido. Reprodu\u00e7\u00e3o simulada \u00e9 reviver o que aconteceu, falar, dizer de forma simulada o que fez. Ele n\u00e3o reconhece confiss\u00e3o, n\u00e3o faz qualquer sentido participar de reprodu\u00e7\u00e3o simulada. A defesa se manifestou nesse sentido e ele n\u00e3o ir\u00e1 participar&#8221;, refor\u00e7ou Rafael Nunes.<\/p>\n<\/div>\n<div class=\"mc-column content-text active-extra-styles \" data-block-type=\"unstyled\" data-block-weight=\"46\" data-block-id=\"9\">\n<p class=\"content-text__container \" data-track-category=\"Link no Texto\" data-track-links=\"\">Em janeiro de 2022, seis anos ap\u00f3s a morte da menina, a Pol\u00edcia Civil chegou ao principal suspeito. Ap\u00f3s exames de DNA, colhidos na faca, ficou comprovada a participa\u00e7\u00e3o de Marcelo da Silva no crime. Ele chegou a confessar, mas voltou atr\u00e1s e se diz inocente.<\/p>\n<\/div>\n<div class=\"mc-column content-text active-extra-styles \" data-block-type=\"unstyled\" data-block-weight=\"113\" data-block-id=\"11\">\n<p class=\"content-text__container \" data-track-category=\"Link no Texto\" data-track-links=\"\">&#8220;Essa eventual confiss\u00e3o do Marcelo foi na press\u00e3o, foi o que ele me confidencializou, que confessou na base da press\u00e3o. Na ocasi\u00e3o estava desacompanhado de advogado. Imagina s\u00f3 voc\u00ea ser colocado em uma sala, no cen\u00e1rio, quadro delegados perguntando, diversos policiais penais te colocando em uma cadeira e come\u00e7ar a sabatinar durante tr\u00eas horas. Ent\u00e3o uma situa\u00e7\u00e3o dessa se confessa at\u00e9 o que n\u00e3o fez, que foi o caso dele. Ele confessou na base da press\u00e3o. Tanto \u00e9 que depois foi requerido do sistema prisional negou e antes disso, manifestou para mim o interesse de preparar a pr\u00f3prio punho a carta se dizendo inocente e pedindo pela sua vida&#8221;, complementou o advogado.<\/p>\n<\/div>\n<div class=\"mc-column content-text active-extra-styles\" data-block-type=\"raw\" data-block-weight=\"3\" data-block-id=\"12\">\n<div class=\"content-intertitle\">\n<h2>Entenda o caso<\/h2>\n<\/div>\n<\/div>\n<div class=\"bs-video-block mc-column  content-media content-video\" data-block-type=\"backstage-video\" data-block-id=\"13\">\n<div class=\"content-media__container\">\n<div class=\"content-video__bigger-player-description-fixer\">\n<article class=\"content-video\">\n<section class=\"content-video__video-container\">\n<div class=\"content-video__video\">\n<div class=\"content-video__placeholder\" data-video-id=\"10206086\" data-video-has-viewport-play=\"True\"><img decoding=\"async\" class=\"content-video__placeholder__thumb\" title=\"As investiga\u00e7\u00f5es do caso Beatriz\" src=\"https:\/\/s03.video.glbimg.com\/x240\/10206086.jpg\" alt=\"As investiga\u00e7\u00f5es do caso Beatriz\" \/>-:&#8211;<\/div>\n<div id=\"wp3-player-3\" class=\"clappr-player\" tabindex=\"9999\" data-player=\"\">\n<div class=\"media-control media-control-hide\">\n<div class=\"media-control-panel\">\n<div class=\"media-control-panel__lower\" data-controls=\"\">\n<div class=\"opposites-container\">\n<div class=\"media-control-position__right\"><\/div>\n<\/div>\n<\/div>\n<\/div>\n<\/div>\n<\/div>\n<\/div>\n<\/section>\n<\/article>\n<\/div>\n<p class=\"content-media__description\">As investiga\u00e7\u00f5es do caso Beatriz<\/p>\n<\/div>\n<\/div>\n<div class=\"mc-column content-text active-extra-styles \" data-block-type=\"unstyled\" data-block-weight=\"23\" data-block-id=\"15\">\n<p class=\"content-text__container \" data-track-category=\"Link no Texto\" data-track-links=\"\">O an\u00fancio da autoria do crime ocorreu seis anos, um m\u00eas e um dia depois do assassinato da menina Beatriz\u00a0<strong>(veja v\u00eddeo acima)<\/strong>.<\/p>\n<\/div>\n<div class=\"mc-column content-text active-extra-styles \" data-block-type=\"unstyled\" data-block-weight=\"25\" data-block-id=\"16\">\n<p class=\"content-text__container \" data-track-category=\"Link no Texto\" data-track-links=\"\">Tamb\u00e9m aconteceu 15 dias depois que os\u00a0<a href=\"https:\/\/g1.globo.com\/pe\/pernambuco\/noticia\/2021\/12\/28\/pais-de-menina-morta-com-42-facadas-em-escola-caminham-mais-de-700-quilometros-para-pedir-justica-nao-toleramos-mais-impunidade-diz-mae.ghtml\">pais da garota percorreram mais de 700 quil\u00f4metros a p\u00e9<\/a>, entre\u00a0<a href=\"https:\/\/g1.globo.com\/pe\/petrolina-regiao\/cidade\/petrolina\/\">Petrolina<\/a>\u00a0e o Recife, para pedir justi\u00e7a.<\/p>\n<\/div>\n<div class=\"mc-column content-text active-extra-styles \" data-block-type=\"unstyled\" data-block-weight=\"35\" data-block-id=\"17\">\n<p class=\"content-text__container \" data-track-category=\"Link no Texto\" data-track-links=\"\">A\u00a0<a href=\"https:\/\/g1.globo.com\/pe\/pernambuco\/noticia\/2022\/01\/11\/caso-beatriz-faca-e-banco-de-dna-levaram-a-policia-ate-homem-que-confessou-crime-entenda.ghtml\">pe\u00e7a-chave para o esclarecimento do caso foi a faca usada no crime<\/a>. Os peritos coletaram o DNA no cabo da arma, deixada no local do homic\u00eddio. As amostras estavam misturadas ao sangue de Beatriz.<\/p>\n<\/div>\n<div class=\"mc-column content-text active-extra-styles \" data-block-type=\"unstyled\" data-block-weight=\"23\" data-block-id=\"18\">\n<p class=\"content-text__container \" data-track-category=\"Link no Texto\" data-track-links=\"\">O DNA de Marcelo da Silva j\u00e1 estava no banco gen\u00e9tico do estado desde 2019, quando foi feito um mapeamento de criminosos condenados.<\/p>\n<\/div>\n<\/div>\n<\/article>\n<\/div>\n","protected":false},"excerpt":{"rendered":"<p>Caso Beatriz: defesa diz que homem preso pelo crime n\u00e3o vai participar da reprodu\u00e7\u00e3o simulada para reconstitui\u00e7\u00e3o. O suspeito de ter matado a menina, Marcelo da Silva, est\u00e1 na Penitenci\u00e1ria Doutor Edvaldo Gomes, em Petrolina. Ele deve participar do reconhecimento de pessoas. Por g1 Petrolina Nesta quinta-feira (10), a Pol\u00edcia Civil deu continuidade aos trabalhos para realiza\u00e7\u00e3o da reconstitui\u00e7\u00e3o do assassinato da menina Beatriz Ang\u00e9lica Mota, em Petrolina, no Sert\u00e3o Pernambucano. O crime aconteceu no Col\u00e9gio Nossa Senhora Auxiliadora, no ano de 2015. Os advogados que defendem Marcelo da Silva, suspeito de ter matado a menina, estiveram no col\u00e9gio durante o dia para acompanharem os trabalhos da pol\u00edcia. Uma\u00a0reuni\u00e3o com delegados vai definir como ser\u00e1 o cronograma de reconstitui\u00e7\u00e3o do&hellip; <\/p>\n","protected":false},"author":2,"featured_media":304030,"comment_status":"open","ping_status":"open","sticky":false,"template":"","format":"standard","meta":{"_acf_changed":false,"footnotes":""},"categories":[9],"tags":[],"class_list":["post-306236","post","type-post","status-publish","format-standard","has-post-thumbnail","hentry","category-policia"],"acf":[],"yoast_head":"<!-- This site is optimized with the Yoast SEO plugin v27.4 - https:\/\/yoast.com\/product\/yoast-seo-wordpress\/ -->\n<title>Policia realiza hoje, reconstitui\u00e7\u00e3o do assassinato da menina Beatriz - Blog do Farn\u00e9sio<\/title>\n<meta name=\"robots\" content=\"index, follow, max-snippet:-1, max-image-preview:large, max-video-preview:-1\" \/>\n<link rel=\"canonical\" href=\"https:\/\/blogdofarnesio.com.br\/?p=306236\" \/>\n<meta property=\"og:locale\" content=\"pt_BR\" \/>\n<meta property=\"og:type\" content=\"article\" \/>\n<meta property=\"og:title\" content=\"Policia realiza hoje, reconstitui\u00e7\u00e3o do assassinato da menina Beatriz - Blog do Farn\u00e9sio\" \/>\n<meta property=\"og:description\" content=\"Caso Beatriz: defesa diz que homem preso pelo crime n\u00e3o vai participar da reprodu\u00e7\u00e3o simulada para reconstitui\u00e7\u00e3o. O suspeito de ter matado a menina, Marcelo da Silva, est\u00e1 na Penitenci\u00e1ria Doutor Edvaldo Gomes, em Petrolina. Ele deve participar do reconhecimento de pessoas. Por g1 Petrolina Nesta quinta-feira (10), a Pol\u00edcia Civil deu continuidade aos trabalhos para realiza\u00e7\u00e3o da reconstitui\u00e7\u00e3o do assassinato da menina Beatriz Ang\u00e9lica Mota, em Petrolina, no Sert\u00e3o Pernambucano. O crime aconteceu no Col\u00e9gio Nossa Senhora Auxiliadora, no ano de 2015. Os advogados que defendem Marcelo da Silva, suspeito de ter matado a menina, estiveram no col\u00e9gio durante o dia para acompanharem os trabalhos da pol\u00edcia. Uma\u00a0reuni\u00e3o com delegados vai definir como ser\u00e1 o cronograma de reconstitui\u00e7\u00e3o do&hellip;\" \/>\n<meta property=\"og:url\" content=\"https:\/\/blogdofarnesio.com.br\/?p=306236\" \/>\n<meta property=\"og:site_name\" content=\"Blog do Farn\u00e9sio\" \/>\n<meta property=\"article:publisher\" content=\"https:\/\/www.facebook.com\/BlogQuerSaberPolitica\/\" \/>\n<meta property=\"article:author\" content=\"https:\/\/www.facebook.com\/?ref=tn_tnmn\" \/>\n<meta property=\"article:published_time\" content=\"2022-02-11T12:21:20+00:00\" \/>\n<meta property=\"og:image\" content=\"https:\/\/blogdofarnesio.com.br\/wp-content\/uploads\/2022\/01\/blogqspbeatriz-assassino-marcelo-da-silva-e1641990115837.jpeg\" \/>\n\t<meta property=\"og:image:width\" content=\"684\" \/>\n\t<meta property=\"og:image:height\" content=\"482\" \/>\n\t<meta property=\"og:image:type\" content=\"image\/jpeg\" \/>\n<meta name=\"author\" content=\"Farn\u00e9sio\" \/>\n<meta name=\"twitter:card\" content=\"summary_large_image\" \/>\n<meta name=\"twitter:label1\" content=\"Escrito por\" \/>\n\t<meta name=\"twitter:data1\" content=\"Farn\u00e9sio\" \/>\n\t<meta name=\"twitter:label2\" content=\"Est. tempo de leitura\" \/>\n\t<meta name=\"twitter:data2\" content=\"4 minutos\" \/>\n<script type=\"application\/ld+json\" class=\"yoast-schema-graph\">{\"@context\":\"https:\\\/\\\/schema.org\",\"@graph\":[{\"@type\":\"Article\",\"@id\":\"https:\\\/\\\/blogdofarnesio.com.br\\\/?p=306236#article\",\"isPartOf\":{\"@id\":\"https:\\\/\\\/blogdofarnesio.com.br\\\/?p=306236\"},\"author\":{\"name\":\"Farn\u00e9sio\",\"@id\":\"https:\\\/\\\/blogdofarnesio.com.br\\\/#\\\/schema\\\/person\\\/bb9b23ae3ad0609ce8df7b6c9e76824d\"},\"headline\":\"Policia realiza hoje, reconstitui\u00e7\u00e3o do assassinato da menina Beatriz\",\"datePublished\":\"2022-02-11T12:21:20+00:00\",\"mainEntityOfPage\":{\"@id\":\"https:\\\/\\\/blogdofarnesio.com.br\\\/?p=306236\"},\"wordCount\":631,\"commentCount\":0,\"publisher\":{\"@id\":\"https:\\\/\\\/blogdofarnesio.com.br\\\/#organization\"},\"image\":{\"@id\":\"https:\\\/\\\/blogdofarnesio.com.br\\\/?p=306236#primaryimage\"},\"thumbnailUrl\":\"https:\\\/\\\/blogdofarnesio.com.br\\\/wp-content\\\/uploads\\\/2022\\\/01\\\/blogqspbeatriz-assassino-marcelo-da-silva-e1641990115837.jpeg\",\"articleSection\":[\"Pol\u00edcia\"],\"inLanguage\":\"pt-BR\",\"potentialAction\":[{\"@type\":\"CommentAction\",\"name\":\"Comment\",\"target\":[\"https:\\\/\\\/blogdofarnesio.com.br\\\/?p=306236#respond\"]}]},{\"@type\":\"WebPage\",\"@id\":\"https:\\\/\\\/blogdofarnesio.com.br\\\/?p=306236\",\"url\":\"https:\\\/\\\/blogdofarnesio.com.br\\\/?p=306236\",\"name\":\"Policia realiza hoje, reconstitui\u00e7\u00e3o do assassinato da menina Beatriz - Blog do Farn\u00e9sio\",\"isPartOf\":{\"@id\":\"https:\\\/\\\/blogdofarnesio.com.br\\\/#website\"},\"primaryImageOfPage\":{\"@id\":\"https:\\\/\\\/blogdofarnesio.com.br\\\/?p=306236#primaryimage\"},\"image\":{\"@id\":\"https:\\\/\\\/blogdofarnesio.com.br\\\/?p=306236#primaryimage\"},\"thumbnailUrl\":\"https:\\\/\\\/blogdofarnesio.com.br\\\/wp-content\\\/uploads\\\/2022\\\/01\\\/blogqspbeatriz-assassino-marcelo-da-silva-e1641990115837.jpeg\",\"datePublished\":\"2022-02-11T12:21:20+00:00\",\"breadcrumb\":{\"@id\":\"https:\\\/\\\/blogdofarnesio.com.br\\\/?p=306236#breadcrumb\"},\"inLanguage\":\"pt-BR\",\"potentialAction\":[{\"@type\":\"ReadAction\",\"target\":[\"https:\\\/\\\/blogdofarnesio.com.br\\\/?p=306236\"]}]},{\"@type\":\"ImageObject\",\"inLanguage\":\"pt-BR\",\"@id\":\"https:\\\/\\\/blogdofarnesio.com.br\\\/?p=306236#primaryimage\",\"url\":\"https:\\\/\\\/blogdofarnesio.com.br\\\/wp-content\\\/uploads\\\/2022\\\/01\\\/blogqspbeatriz-assassino-marcelo-da-silva-e1641990115837.jpeg\",\"contentUrl\":\"https:\\\/\\\/blogdofarnesio.com.br\\\/wp-content\\\/uploads\\\/2022\\\/01\\\/blogqspbeatriz-assassino-marcelo-da-silva-e1641990115837.jpeg\",\"width\":684,\"height\":482},{\"@type\":\"BreadcrumbList\",\"@id\":\"https:\\\/\\\/blogdofarnesio.com.br\\\/?p=306236#breadcrumb\",\"itemListElement\":[{\"@type\":\"ListItem\",\"position\":1,\"name\":\"In\u00edcio\",\"item\":\"https:\\\/\\\/blogdofarnesio.com.br\\\/\"},{\"@type\":\"ListItem\",\"position\":2,\"name\":\"Policia realiza hoje, reconstitui\u00e7\u00e3o do assassinato da menina Beatriz\"}]},{\"@type\":\"WebSite\",\"@id\":\"https:\\\/\\\/blogdofarnesio.com.br\\\/#website\",\"url\":\"https:\\\/\\\/blogdofarnesio.com.br\\\/\",\"name\":\"Blog do Farn\u00e9sio\",\"description\":\"Quer Saber Pol\u00edtica?\",\"publisher\":{\"@id\":\"https:\\\/\\\/blogdofarnesio.com.br\\\/#organization\"},\"potentialAction\":[{\"@type\":\"SearchAction\",\"target\":{\"@type\":\"EntryPoint\",\"urlTemplate\":\"https:\\\/\\\/blogdofarnesio.com.br\\\/?s={search_term_string}\"},\"query-input\":{\"@type\":\"PropertyValueSpecification\",\"valueRequired\":true,\"valueName\":\"search_term_string\"}}],\"inLanguage\":\"pt-BR\"},{\"@type\":\"Organization\",\"@id\":\"https:\\\/\\\/blogdofarnesio.com.br\\\/#organization\",\"name\":\"Blog do Farn\u00e9sio\",\"url\":\"https:\\\/\\\/blogdofarnesio.com.br\\\/\",\"logo\":{\"@type\":\"ImageObject\",\"inLanguage\":\"pt-BR\",\"@id\":\"https:\\\/\\\/blogdofarnesio.com.br\\\/#\\\/schema\\\/logo\\\/image\\\/\",\"url\":\"https:\\\/\\\/blogdofarnesio.com.br\\\/wp-content\\\/uploads\\\/2026\\\/03\\\/cropped-logo_new-1.png\",\"contentUrl\":\"https:\\\/\\\/blogdofarnesio.com.br\\\/wp-content\\\/uploads\\\/2026\\\/03\\\/cropped-logo_new-1.png\",\"width\":881,\"height\":685,\"caption\":\"Blog do Farn\u00e9sio\"},\"image\":{\"@id\":\"https:\\\/\\\/blogdofarnesio.com.br\\\/#\\\/schema\\\/logo\\\/image\\\/\"},\"sameAs\":[\"https:\\\/\\\/www.facebook.com\\\/BlogQuerSaberPolitica\\\/\"]},{\"@type\":\"Person\",\"@id\":\"https:\\\/\\\/blogdofarnesio.com.br\\\/#\\\/schema\\\/person\\\/bb9b23ae3ad0609ce8df7b6c9e76824d\",\"name\":\"Farn\u00e9sio\",\"image\":{\"@type\":\"ImageObject\",\"inLanguage\":\"pt-BR\",\"@id\":\"https:\\\/\\\/secure.gravatar.com\\\/avatar\\\/986aa4c61ccdb66f8555bf88fc2a65609d00bcabd4d2d94377a727547345cbca?s=96&d=mm&r=g\",\"url\":\"https:\\\/\\\/secure.gravatar.com\\\/avatar\\\/986aa4c61ccdb66f8555bf88fc2a65609d00bcabd4d2d94377a727547345cbca?s=96&d=mm&r=g\",\"contentUrl\":\"https:\\\/\\\/secure.gravatar.com\\\/avatar\\\/986aa4c61ccdb66f8555bf88fc2a65609d00bcabd4d2d94377a727547345cbca?s=96&d=mm&r=g\",\"caption\":\"Farn\u00e9sio\"},\"description\":\"Radialista blogueiro, chegou a Petrolina\\\/Juazeiro em setembro de 1980, Farn\u00e9sio Silva \u00e9 de Arapiraca-Alagoas.\",\"sameAs\":[\"http:\\\/\\\/blogdofarnesio.com.br\",\"https:\\\/\\\/www.facebook.com\\\/?ref=tn_tnmn\",\"https:\\\/\\\/www.instagram.com\\\/?utm_source=pwa_homescreen\",\"https:\\\/\\\/youtube.com.br\\\/\"],\"url\":\"https:\\\/\\\/blogdofarnesio.com.br\\\/?author=2\"}]}<\/script>\n<!-- \/ Yoast SEO plugin. -->","yoast_head_json":{"title":"Policia realiza hoje, reconstitui\u00e7\u00e3o do assassinato da menina Beatriz - Blog do Farn\u00e9sio","robots":{"index":"index","follow":"follow","max-snippet":"max-snippet:-1","max-image-preview":"max-image-preview:large","max-video-preview":"max-video-preview:-1"},"canonical":"https:\/\/blogdofarnesio.com.br\/?p=306236","og_locale":"pt_BR","og_type":"article","og_title":"Policia realiza hoje, reconstitui\u00e7\u00e3o do assassinato da menina Beatriz - Blog do Farn\u00e9sio","og_description":"Caso Beatriz: defesa diz que homem preso pelo crime n\u00e3o vai participar da reprodu\u00e7\u00e3o simulada para reconstitui\u00e7\u00e3o. O suspeito de ter matado a menina, Marcelo da Silva, est\u00e1 na Penitenci\u00e1ria Doutor Edvaldo Gomes, em Petrolina. Ele deve participar do reconhecimento de pessoas. Por g1 Petrolina Nesta quinta-feira (10), a Pol\u00edcia Civil deu continuidade aos trabalhos para realiza\u00e7\u00e3o da reconstitui\u00e7\u00e3o do assassinato da menina Beatriz Ang\u00e9lica Mota, em Petrolina, no Sert\u00e3o Pernambucano. O crime aconteceu no Col\u00e9gio Nossa Senhora Auxiliadora, no ano de 2015. Os advogados que defendem Marcelo da Silva, suspeito de ter matado a menina, estiveram no col\u00e9gio durante o dia para acompanharem os trabalhos da pol\u00edcia. Uma\u00a0reuni\u00e3o com delegados vai definir como ser\u00e1 o cronograma de reconstitui\u00e7\u00e3o do&hellip;","og_url":"https:\/\/blogdofarnesio.com.br\/?p=306236","og_site_name":"Blog do Farn\u00e9sio","article_publisher":"https:\/\/www.facebook.com\/BlogQuerSaberPolitica\/","article_author":"https:\/\/www.facebook.com\/?ref=tn_tnmn","article_published_time":"2022-02-11T12:21:20+00:00","og_image":[{"width":684,"height":482,"url":"https:\/\/blogdofarnesio.com.br\/wp-content\/uploads\/2022\/01\/blogqspbeatriz-assassino-marcelo-da-silva-e1641990115837.jpeg","type":"image\/jpeg"}],"author":"Farn\u00e9sio","twitter_card":"summary_large_image","twitter_misc":{"Escrito por":"Farn\u00e9sio","Est. tempo de leitura":"4 minutos"},"schema":{"@context":"https:\/\/schema.org","@graph":[{"@type":"Article","@id":"https:\/\/blogdofarnesio.com.br\/?p=306236#article","isPartOf":{"@id":"https:\/\/blogdofarnesio.com.br\/?p=306236"},"author":{"name":"Farn\u00e9sio","@id":"https:\/\/blogdofarnesio.com.br\/#\/schema\/person\/bb9b23ae3ad0609ce8df7b6c9e76824d"},"headline":"Policia realiza hoje, reconstitui\u00e7\u00e3o do assassinato da menina Beatriz","datePublished":"2022-02-11T12:21:20+00:00","mainEntityOfPage":{"@id":"https:\/\/blogdofarnesio.com.br\/?p=306236"},"wordCount":631,"commentCount":0,"publisher":{"@id":"https:\/\/blogdofarnesio.com.br\/#organization"},"image":{"@id":"https:\/\/blogdofarnesio.com.br\/?p=306236#primaryimage"},"thumbnailUrl":"https:\/\/blogdofarnesio.com.br\/wp-content\/uploads\/2022\/01\/blogqspbeatriz-assassino-marcelo-da-silva-e1641990115837.jpeg","articleSection":["Pol\u00edcia"],"inLanguage":"pt-BR","potentialAction":[{"@type":"CommentAction","name":"Comment","target":["https:\/\/blogdofarnesio.com.br\/?p=306236#respond"]}]},{"@type":"WebPage","@id":"https:\/\/blogdofarnesio.com.br\/?p=306236","url":"https:\/\/blogdofarnesio.com.br\/?p=306236","name":"Policia realiza hoje, reconstitui\u00e7\u00e3o do assassinato da menina Beatriz - Blog do Farn\u00e9sio","isPartOf":{"@id":"https:\/\/blogdofarnesio.com.br\/#website"},"primaryImageOfPage":{"@id":"https:\/\/blogdofarnesio.com.br\/?p=306236#primaryimage"},"image":{"@id":"https:\/\/blogdofarnesio.com.br\/?p=306236#primaryimage"},"thumbnailUrl":"https:\/\/blogdofarnesio.com.br\/wp-content\/uploads\/2022\/01\/blogqspbeatriz-assassino-marcelo-da-silva-e1641990115837.jpeg","datePublished":"2022-02-11T12:21:20+00:00","breadcrumb":{"@id":"https:\/\/blogdofarnesio.com.br\/?p=306236#breadcrumb"},"inLanguage":"pt-BR","potentialAction":[{"@type":"ReadAction","target":["https:\/\/blogdofarnesio.com.br\/?p=306236"]}]},{"@type":"ImageObject","inLanguage":"pt-BR","@id":"https:\/\/blogdofarnesio.com.br\/?p=306236#primaryimage","url":"https:\/\/blogdofarnesio.com.br\/wp-content\/uploads\/2022\/01\/blogqspbeatriz-assassino-marcelo-da-silva-e1641990115837.jpeg","contentUrl":"https:\/\/blogdofarnesio.com.br\/wp-content\/uploads\/2022\/01\/blogqspbeatriz-assassino-marcelo-da-silva-e1641990115837.jpeg","width":684,"height":482},{"@type":"BreadcrumbList","@id":"https:\/\/blogdofarnesio.com.br\/?p=306236#breadcrumb","itemListElement":[{"@type":"ListItem","position":1,"name":"In\u00edcio","item":"https:\/\/blogdofarnesio.com.br\/"},{"@type":"ListItem","position":2,"name":"Policia realiza hoje, reconstitui\u00e7\u00e3o do assassinato da menina Beatriz"}]},{"@type":"WebSite","@id":"https:\/\/blogdofarnesio.com.br\/#website","url":"https:\/\/blogdofarnesio.com.br\/","name":"Blog do Farn\u00e9sio","description":"Quer Saber Pol\u00edtica?","publisher":{"@id":"https:\/\/blogdofarnesio.com.br\/#organization"},"potentialAction":[{"@type":"SearchAction","target":{"@type":"EntryPoint","urlTemplate":"https:\/\/blogdofarnesio.com.br\/?s={search_term_string}"},"query-input":{"@type":"PropertyValueSpecification","valueRequired":true,"valueName":"search_term_string"}}],"inLanguage":"pt-BR"},{"@type":"Organization","@id":"https:\/\/blogdofarnesio.com.br\/#organization","name":"Blog do Farn\u00e9sio","url":"https:\/\/blogdofarnesio.com.br\/","logo":{"@type":"ImageObject","inLanguage":"pt-BR","@id":"https:\/\/blogdofarnesio.com.br\/#\/schema\/logo\/image\/","url":"https:\/\/blogdofarnesio.com.br\/wp-content\/uploads\/2026\/03\/cropped-logo_new-1.png","contentUrl":"https:\/\/blogdofarnesio.com.br\/wp-content\/uploads\/2026\/03\/cropped-logo_new-1.png","width":881,"height":685,"caption":"Blog do Farn\u00e9sio"},"image":{"@id":"https:\/\/blogdofarnesio.com.br\/#\/schema\/logo\/image\/"},"sameAs":["https:\/\/www.facebook.com\/BlogQuerSaberPolitica\/"]},{"@type":"Person","@id":"https:\/\/blogdofarnesio.com.br\/#\/schema\/person\/bb9b23ae3ad0609ce8df7b6c9e76824d","name":"Farn\u00e9sio","image":{"@type":"ImageObject","inLanguage":"pt-BR","@id":"https:\/\/secure.gravatar.com\/avatar\/986aa4c61ccdb66f8555bf88fc2a65609d00bcabd4d2d94377a727547345cbca?s=96&d=mm&r=g","url":"https:\/\/secure.gravatar.com\/avatar\/986aa4c61ccdb66f8555bf88fc2a65609d00bcabd4d2d94377a727547345cbca?s=96&d=mm&r=g","contentUrl":"https:\/\/secure.gravatar.com\/avatar\/986aa4c61ccdb66f8555bf88fc2a65609d00bcabd4d2d94377a727547345cbca?s=96&d=mm&r=g","caption":"Farn\u00e9sio"},"description":"Radialista blogueiro, chegou a Petrolina\/Juazeiro em setembro de 1980, Farn\u00e9sio Silva \u00e9 de Arapiraca-Alagoas.","sameAs":["http:\/\/blogdofarnesio.com.br","https:\/\/www.facebook.com\/?ref=tn_tnmn","https:\/\/www.instagram.com\/?utm_source=pwa_homescreen","https:\/\/youtube.com.br\/"],"url":"https:\/\/blogdofarnesio.com.br\/?author=2"}]}},"_links":{"self":[{"href":"https:\/\/blogdofarnesio.com.br\/index.php?rest_route=\/wp\/v2\/posts\/306236","targetHints":{"allow":["GET"]}}],"collection":[{"href":"https:\/\/blogdofarnesio.com.br\/index.php?rest_route=\/wp\/v2\/posts"}],"about":[{"href":"https:\/\/blogdofarnesio.com.br\/index.php?rest_route=\/wp\/v2\/types\/post"}],"author":[{"embeddable":true,"href":"https:\/\/blogdofarnesio.com.br\/index.php?rest_route=\/wp\/v2\/users\/2"}],"replies":[{"embeddable":true,"href":"https:\/\/blogdofarnesio.com.br\/index.php?rest_route=%2Fwp%2Fv2%2Fcomments&post=306236"}],"version-history":[{"count":0,"href":"https:\/\/blogdofarnesio.com.br\/index.php?rest_route=\/wp\/v2\/posts\/306236\/revisions"}],"wp:featuredmedia":[{"embeddable":true,"href":"https:\/\/blogdofarnesio.com.br\/index.php?rest_route=\/wp\/v2\/media\/304030"}],"wp:attachment":[{"href":"https:\/\/blogdofarnesio.com.br\/index.php?rest_route=%2Fwp%2Fv2%2Fmedia&parent=306236"}],"wp:term":[{"taxonomy":"category","embeddable":true,"href":"https:\/\/blogdofarnesio.com.br\/index.php?rest_route=%2Fwp%2Fv2%2Fcategories&post=306236"},{"taxonomy":"post_tag","embeddable":true,"href":"https:\/\/blogdofarnesio.com.br\/index.php?rest_route=%2Fwp%2Fv2%2Ftags&post=306236"}],"curies":[{"name":"wp","href":"https:\/\/api.w.org\/{rel}","templated":true}]}}