{"id":306220,"date":"2022-02-11T08:03:07","date_gmt":"2022-02-11T11:03:07","guid":{"rendered":"https:\/\/blogdofarnesio.com.br\/?p=306220"},"modified":"2022-02-10T19:43:06","modified_gmt":"2022-02-10T22:43:06","slug":"o-tribunal-regional-eleitoral-de-pernambuco-recebe-novas-urnas-eletronicas-modelo-2020","status":"publish","type":"post","link":"https:\/\/blogdofarnesio.com.br\/?p=306220","title":{"rendered":"O Tribunal Regional Eleitoral de Pernambuco recebe novas urnas eletr\u00f4nicas modelo 2020"},"content":{"rendered":"<header class=\"wp-show-posts-entry-header\">O <strong>Tribunal Regional Eleitoral de Pernambuco<\/strong>\u00a0recebeu 1.300\u00a0<strong>urnas eletr\u00f4nicas\u00a0<\/strong>do modelo 2020. Esse \u00e9 o primeiro lote de entrega e est\u00e3o previstos mais dois nos pr\u00f3ximos dias. A previs\u00e3o \u00e9 de que 35,9% das urnas que ser\u00e3o utilizadas nas elei\u00e7\u00f5es gerais de 2022 ser\u00e3o do novo modelo.<\/header>\n<div class=\"wp-show-posts-entry-content\">\n<p>Nesta quinta-feira (10\/02), o presidente em exerc\u00edcio do TRE-PE,\u00a0<strong>desembargador Andr\u00e9 Guimar\u00e3es<\/strong> inspecionou a chegada das urnas bem como fez uma apresenta\u00e7\u00e3o para a imprensa das novas m\u00e1quinas. A entrevista coletiva foi no dep\u00f3sito de urnas do TRE-PE, localizado na avenida C\u00f4nsul Vilares Fragoso, n\u00ba 291-B, San Mart\u00edn, na Zona Oeste do Recife.<\/p>\n<p>A maioria das urnas que vem para Pernambuco ser\u00e3o utilizadas nos polos da Regi\u00e3o Metropolitana e, eventualmente, algumas ser\u00e3o enviadas para os polos do interior do Estado.<\/p>\n<p><strong>Outros modelos<\/strong><\/p>\n<p>A urna eletr\u00f4nica 2020 n\u00e3o ser\u00e1 o \u00fanico modelo a ser usado nas Elei\u00e7\u00f5es de 2022. O\u00a0<strong>Tribunal Superior Eleitoral (TSE)\u00a0<\/strong>adquiriu cerca de 225 mil urnas desse tipo para uso no pleito deste ano em todo o pa\u00eds.<\/p>\n<p>Entre as 577.125 urnas que ser\u00e3o utilizadas no pa\u00eds inteiro, incluindo as chamadas urnas de conting\u00eancia (usadas para substituir as que apresentarem problemas), cerca de 73 mil ser\u00e3o do modelo 2009, quase 118 mil ser\u00e3o do modelo 2010 e outras cerca de 35 mil ser\u00e3o do de 2011. Haver\u00e1 ainda equipamentos de 2013 (30.142) e 2015 (95.885).<\/p>\n<p>Embora a urna eletr\u00f4nica 2020 e os demais modelos tenham apar\u00eancias diferentes, todas s\u00e3o urnas eletr\u00f4nicas oficiais da Justi\u00e7a Eleitoral e apresentam os requisitos de seguran\u00e7a e legitimidade para receber e apurar com fidedignidade a manifesta\u00e7\u00e3o da vontade popular expressada por meio do voto.<\/p>\n<p><strong>Projeto e apresenta\u00e7\u00e3o<\/strong><\/p>\n<p>A apresenta\u00e7\u00e3o do modelo 2020 da urna eletr\u00f4nica foi feita dia 13\/12\/21 pelo presidente do TSE diretamente da f\u00e1brica localizada em Manaus (AM).<\/p>\n<p>Mais moderna, mais segura, as urnas eletr\u00f4nicas 2020 trazem novos recursos de acessibilidade e novidades em termos de seguran\u00e7a, transpar\u00eancia e agilidade. A produ\u00e7\u00e3o ser\u00e1 em larga escala com foco nas placas-m\u00e3e da urna.<\/p>\n<p>A linha de produ\u00e7\u00e3o da Positivo Tecnologia \u2013 que venceu a licita\u00e7\u00e3o e fabricar\u00e1 as 225 mil novas urnas, de um total de 577 mil que ser\u00e3o usadas nas Elei\u00e7\u00f5es 2022 \u2013 segue rigorosos padr\u00f5es de seguran\u00e7a. Vale ressaltar que cada fase da produ\u00e7\u00e3o dos equipamentos \u00e9 acompanhada de perto pela equipe da Coordenadoria de Tecnologia Eleitoral (Cotel) da Secretaria de Tecnologia da Informa\u00e7\u00e3o do TSE.<br \/>\nO projeto da urna eletr\u00f4nica foi desenvolvido pelo TSE e \u00e9 totalmente nacional, customizado de acordo com as caracter\u00edsticas do eleitor brasileiro, ou seja, intuitivo para facilitar na hora do voto.<\/p>\n<p><strong>Principais mudan\u00e7as da urna eletr\u00f4nica modelo 2020 em rela\u00e7\u00e3o ao modelo anterior (o \u00faltimo era o de 2015):<\/strong><br \/>\n1 \u2013 O processador do tipo System on a Chip (SOC) \u00e9 dezoito vezes mais r\u00e1pido que o modelo 2015;<\/p>\n<p>2 \u2013 Por n\u00e3o precisar de recarga, a bateria do tipo L\u00edtio Ferro-Fosfato exige menos custos de conserva\u00e7\u00e3o;<\/p>\n<p>3 \u2013 A m\u00eddia de aplica\u00e7\u00e3o do tipo pen drive traz maior flexibilidade log\u00edstica para os Tribunais Regionais Eleitorais (TREs) na gera\u00e7\u00e3o de m\u00eddias;<\/p>\n<p>4 \u2013 A expectativa de dura\u00e7\u00e3o da bateria \u00e9 por toda a vida \u00fatil da urna;<\/p>\n<p>5 \u2013 O terminal do mes\u00e1rio passa a ter tela totalmente gr\u00e1fica, sem teclado f\u00edsico, e superf\u00edcie sens\u00edvel ao toque;<\/p>\n<p>6 \u2013 O novo modelo conta com um teclado aprimorado, com teclas com duplo fator de contato, o que permite ao pr\u00f3prio teclado acusar erro, caso haja mau contato ou tecla com curto-circuito intermitente;<\/p>\n<p>7 \u2013 As urnas eletr\u00f4nicas que ser\u00e3o utilizadas nas Elei\u00e7\u00f5es 2022 contar\u00e3o com grandes novidades em termos de acessibilidade, uma voltada para pessoas com defici\u00eancia visual, e outra para pessoas com defici\u00eancia auditiva. A sintetiza\u00e7\u00e3o de voz foi aprimorada para as elei\u00e7\u00f5es do pr\u00f3ximo ano. Agora tamb\u00e9m ser\u00e3o falados os nomes de suplentes e vices, e ser\u00e1 poss\u00edvel cadastrar um nome fon\u00e9tico. Al\u00e9m disso, ser\u00e1 inclu\u00edda una apresenta\u00e7\u00e3o de um int\u00e9rprete de Libras na tela da urna, para indicar quais cargos est\u00e3o em vota\u00e7\u00e3o.<\/p>\n<p>Etapas que marcam o processo eletr\u00f4nico de vota\u00e7\u00e3o no Brasil e que garantem, h\u00e1 mais de 25 anos, a confian\u00e7a do povo brasileiro na urna eletr\u00f4nica n\u00e3o sofreram nenhuma altera\u00e7\u00e3o.<\/p>\n<p><strong>O que n\u00e3o mudou:<\/strong><\/p>\n<p>1 \u2013 As urnas eletr\u00f4nicas n\u00e3o se conectam a nenhum tipo de rede, internet ou bluetooth;<\/p>\n<p>2 \u2013 Uso do que h\u00e1 de mais moderno em termos de criptografia, assinatura e resumo digitais, garantindo que somente o sistema e programas desenvolvidos pelo TSE e certificados pela Justi\u00e7a Eleitoral (JE) sejam executados nos equipamentos;<\/p>\n<p>3 \u2013 Mantidas as etapas de seguran\u00e7as que integram o Ciclo de Transpar\u00eancia Democr\u00e1tica, como, por exemplo, a cerim\u00f4nia na qual, ap\u00f3s a inspe\u00e7\u00e3o dos c\u00f3digos-fontes do sistema e dos programas por partidos, entidades p\u00fablicas e universidades, todo o conte\u00fado \u00e9 lacrado, recebendo a assinatura digital de autoridades, e trancado na sala-cofre do Tribunal;<\/p>\n<p>4 \u2013 Possibilidade de auditoria das urnas, antes, durante e ap\u00f3s a vota\u00e7\u00e3o, pelos partidos e institui\u00e7\u00f5es fiscalizadoras que integram a Comiss\u00e3o de Transpar\u00eancia das Elei\u00e7\u00f5es (CTE) e pela sociedade em geral;<\/p>\n<p>5 \u2013 Impress\u00e3o da zer\u00e9sima (comprovante que mostra que, no in\u00edcio da vota\u00e7\u00e3o, n\u00e3o h\u00e1 voto registrado na urna para nenhuma candidatura);<\/p>\n<p>6 \u2013 Emiss\u00e3o dos Boletins de Urna (BUs) logo ap\u00f3s o t\u00e9rmino da vota\u00e7\u00e3o, com a distribui\u00e7\u00e3o de c\u00f3pias aos partidos e a afixa\u00e7\u00e3o do BU em cada se\u00e7\u00e3o eleitoral para quem quiser comparar com os dados divulgados no Portal do TSE;<\/p>\n<p>7 \u2013 As urnas ainda contam com o Registro Digital do Voto (RDV). Nele, as informa\u00e7\u00f5es sobre os votos s\u00e3o embaralhadas em uma tabela que assegura o sigilo da vota\u00e7\u00e3o; e<\/p>\n<p>8 \u2013 No dia da elei\u00e7\u00e3o, continua a ser realizado o Teste de Integridade em dezenas de urnas que j\u00e1 estavam prontas para uso. Essa certamente \u00e9 uma das etapas de seguran\u00e7a<\/p>\n<\/div>\n","protected":false},"excerpt":{"rendered":"<p>O Tribunal Regional Eleitoral de Pernambuco\u00a0recebeu 1.300\u00a0urnas eletr\u00f4nicas\u00a0do modelo 2020. Esse \u00e9 o primeiro lote de entrega e est\u00e3o previstos mais dois nos pr\u00f3ximos dias. A previs\u00e3o \u00e9 de que 35,9% das urnas que ser\u00e3o utilizadas nas elei\u00e7\u00f5es gerais de 2022 ser\u00e3o do novo modelo. Nesta quinta-feira (10\/02), o presidente em exerc\u00edcio do TRE-PE,\u00a0desembargador Andr\u00e9 Guimar\u00e3es inspecionou a chegada das urnas bem como fez uma apresenta\u00e7\u00e3o para a imprensa das novas m\u00e1quinas. A entrevista coletiva foi no dep\u00f3sito de urnas do TRE-PE, localizado na avenida C\u00f4nsul Vilares Fragoso, n\u00ba 291-B, San Mart\u00edn, na Zona Oeste do Recife. A maioria das urnas que vem para Pernambuco ser\u00e3o utilizadas nos polos da Regi\u00e3o Metropolitana e, eventualmente, algumas ser\u00e3o enviadas para os polos&hellip; <\/p>\n","protected":false},"author":2,"featured_media":144207,"comment_status":"open","ping_status":"open","sticky":false,"template":"","format":"standard","meta":{"_acf_changed":false,"footnotes":""},"categories":[34],"tags":[],"class_list":["post-306220","post","type-post","status-publish","format-standard","has-post-thumbnail","hentry","category-eleicoes"],"acf":[],"yoast_head":"<!-- This site is optimized with the Yoast SEO plugin v27.4 - https:\/\/yoast.com\/product\/yoast-seo-wordpress\/ -->\n<title>O Tribunal Regional Eleitoral de Pernambuco recebe novas urnas eletr\u00f4nicas modelo 2020 - Blog do Farn\u00e9sio<\/title>\n<meta name=\"robots\" content=\"index, follow, max-snippet:-1, max-image-preview:large, max-video-preview:-1\" \/>\n<link rel=\"canonical\" href=\"https:\/\/blogdofarnesio.com.br\/?p=306220\" \/>\n<meta property=\"og:locale\" content=\"pt_BR\" \/>\n<meta property=\"og:type\" content=\"article\" \/>\n<meta property=\"og:title\" content=\"O Tribunal Regional Eleitoral de Pernambuco recebe novas urnas eletr\u00f4nicas modelo 2020 - Blog do Farn\u00e9sio\" \/>\n<meta property=\"og:description\" content=\"O Tribunal Regional Eleitoral de Pernambuco\u00a0recebeu 1.300\u00a0urnas eletr\u00f4nicas\u00a0do modelo 2020. Esse \u00e9 o primeiro lote de entrega e est\u00e3o previstos mais dois nos pr\u00f3ximos dias. A previs\u00e3o \u00e9 de que 35,9% das urnas que ser\u00e3o utilizadas nas elei\u00e7\u00f5es gerais de 2022 ser\u00e3o do novo modelo. Nesta quinta-feira (10\/02), o presidente em exerc\u00edcio do TRE-PE,\u00a0desembargador Andr\u00e9 Guimar\u00e3es inspecionou a chegada das urnas bem como fez uma apresenta\u00e7\u00e3o para a imprensa das novas m\u00e1quinas. A entrevista coletiva foi no dep\u00f3sito de urnas do TRE-PE, localizado na avenida C\u00f4nsul Vilares Fragoso, n\u00ba 291-B, San Mart\u00edn, na Zona Oeste do Recife. A maioria das urnas que vem para Pernambuco ser\u00e3o utilizadas nos polos da Regi\u00e3o Metropolitana e, eventualmente, algumas ser\u00e3o enviadas para os polos&hellip;\" \/>\n<meta property=\"og:url\" content=\"https:\/\/blogdofarnesio.com.br\/?p=306220\" \/>\n<meta property=\"og:site_name\" content=\"Blog do Farn\u00e9sio\" \/>\n<meta property=\"article:publisher\" content=\"https:\/\/www.facebook.com\/BlogQuerSaberPolitica\/\" \/>\n<meta property=\"article:author\" content=\"https:\/\/www.facebook.com\/?ref=tn_tnmn\" \/>\n<meta property=\"article:published_time\" content=\"2022-02-11T11:03:07+00:00\" \/>\n<meta property=\"og:image\" content=\"https:\/\/blogdofarnesio.com.br\/wp-content\/uploads\/2016\/06\/blogqsp-urna.jpg\" \/>\n\t<meta property=\"og:image:width\" content=\"624\" \/>\n\t<meta property=\"og:image:height\" content=\"425\" \/>\n\t<meta property=\"og:image:type\" content=\"image\/jpeg\" \/>\n<meta name=\"author\" content=\"Farn\u00e9sio\" \/>\n<meta name=\"twitter:card\" content=\"summary_large_image\" \/>\n<meta name=\"twitter:label1\" content=\"Escrito por\" \/>\n\t<meta name=\"twitter:data1\" content=\"Farn\u00e9sio\" \/>\n\t<meta name=\"twitter:label2\" content=\"Est. tempo de leitura\" \/>\n\t<meta name=\"twitter:data2\" content=\"6 minutos\" \/>\n<script type=\"application\/ld+json\" class=\"yoast-schema-graph\">{\"@context\":\"https:\\\/\\\/schema.org\",\"@graph\":[{\"@type\":\"Article\",\"@id\":\"https:\\\/\\\/blogdofarnesio.com.br\\\/?p=306220#article\",\"isPartOf\":{\"@id\":\"https:\\\/\\\/blogdofarnesio.com.br\\\/?p=306220\"},\"author\":{\"name\":\"Farn\u00e9sio\",\"@id\":\"https:\\\/\\\/blogdofarnesio.com.br\\\/#\\\/schema\\\/person\\\/bb9b23ae3ad0609ce8df7b6c9e76824d\"},\"headline\":\"O Tribunal Regional Eleitoral de Pernambuco recebe novas urnas eletr\u00f4nicas modelo 2020\",\"datePublished\":\"2022-02-11T11:03:07+00:00\",\"mainEntityOfPage\":{\"@id\":\"https:\\\/\\\/blogdofarnesio.com.br\\\/?p=306220\"},\"wordCount\":1036,\"commentCount\":0,\"publisher\":{\"@id\":\"https:\\\/\\\/blogdofarnesio.com.br\\\/#organization\"},\"image\":{\"@id\":\"https:\\\/\\\/blogdofarnesio.com.br\\\/?p=306220#primaryimage\"},\"thumbnailUrl\":\"https:\\\/\\\/blogdofarnesio.com.br\\\/wp-content\\\/uploads\\\/2016\\\/06\\\/blogqsp-urna.jpg\",\"articleSection\":[\"Elei\u00e7\u00f5es\"],\"inLanguage\":\"pt-BR\",\"potentialAction\":[{\"@type\":\"CommentAction\",\"name\":\"Comment\",\"target\":[\"https:\\\/\\\/blogdofarnesio.com.br\\\/?p=306220#respond\"]}]},{\"@type\":\"WebPage\",\"@id\":\"https:\\\/\\\/blogdofarnesio.com.br\\\/?p=306220\",\"url\":\"https:\\\/\\\/blogdofarnesio.com.br\\\/?p=306220\",\"name\":\"O Tribunal Regional Eleitoral de Pernambuco recebe novas urnas eletr\u00f4nicas modelo 2020 - Blog do Farn\u00e9sio\",\"isPartOf\":{\"@id\":\"https:\\\/\\\/blogdofarnesio.com.br\\\/#website\"},\"primaryImageOfPage\":{\"@id\":\"https:\\\/\\\/blogdofarnesio.com.br\\\/?p=306220#primaryimage\"},\"image\":{\"@id\":\"https:\\\/\\\/blogdofarnesio.com.br\\\/?p=306220#primaryimage\"},\"thumbnailUrl\":\"https:\\\/\\\/blogdofarnesio.com.br\\\/wp-content\\\/uploads\\\/2016\\\/06\\\/blogqsp-urna.jpg\",\"datePublished\":\"2022-02-11T11:03:07+00:00\",\"breadcrumb\":{\"@id\":\"https:\\\/\\\/blogdofarnesio.com.br\\\/?p=306220#breadcrumb\"},\"inLanguage\":\"pt-BR\",\"potentialAction\":[{\"@type\":\"ReadAction\",\"target\":[\"https:\\\/\\\/blogdofarnesio.com.br\\\/?p=306220\"]}]},{\"@type\":\"ImageObject\",\"inLanguage\":\"pt-BR\",\"@id\":\"https:\\\/\\\/blogdofarnesio.com.br\\\/?p=306220#primaryimage\",\"url\":\"https:\\\/\\\/blogdofarnesio.com.br\\\/wp-content\\\/uploads\\\/2016\\\/06\\\/blogqsp-urna.jpg\",\"contentUrl\":\"https:\\\/\\\/blogdofarnesio.com.br\\\/wp-content\\\/uploads\\\/2016\\\/06\\\/blogqsp-urna.jpg\",\"width\":624,\"height\":425},{\"@type\":\"BreadcrumbList\",\"@id\":\"https:\\\/\\\/blogdofarnesio.com.br\\\/?p=306220#breadcrumb\",\"itemListElement\":[{\"@type\":\"ListItem\",\"position\":1,\"name\":\"In\u00edcio\",\"item\":\"https:\\\/\\\/blogdofarnesio.com.br\\\/\"},{\"@type\":\"ListItem\",\"position\":2,\"name\":\"O Tribunal Regional Eleitoral de Pernambuco recebe novas urnas eletr\u00f4nicas modelo 2020\"}]},{\"@type\":\"WebSite\",\"@id\":\"https:\\\/\\\/blogdofarnesio.com.br\\\/#website\",\"url\":\"https:\\\/\\\/blogdofarnesio.com.br\\\/\",\"name\":\"Blog do Farn\u00e9sio\",\"description\":\"Quer Saber Pol\u00edtica?\",\"publisher\":{\"@id\":\"https:\\\/\\\/blogdofarnesio.com.br\\\/#organization\"},\"potentialAction\":[{\"@type\":\"SearchAction\",\"target\":{\"@type\":\"EntryPoint\",\"urlTemplate\":\"https:\\\/\\\/blogdofarnesio.com.br\\\/?s={search_term_string}\"},\"query-input\":{\"@type\":\"PropertyValueSpecification\",\"valueRequired\":true,\"valueName\":\"search_term_string\"}}],\"inLanguage\":\"pt-BR\"},{\"@type\":\"Organization\",\"@id\":\"https:\\\/\\\/blogdofarnesio.com.br\\\/#organization\",\"name\":\"Blog do Farn\u00e9sio\",\"url\":\"https:\\\/\\\/blogdofarnesio.com.br\\\/\",\"logo\":{\"@type\":\"ImageObject\",\"inLanguage\":\"pt-BR\",\"@id\":\"https:\\\/\\\/blogdofarnesio.com.br\\\/#\\\/schema\\\/logo\\\/image\\\/\",\"url\":\"https:\\\/\\\/blogdofarnesio.com.br\\\/wp-content\\\/uploads\\\/2026\\\/03\\\/cropped-logo_new-1.png\",\"contentUrl\":\"https:\\\/\\\/blogdofarnesio.com.br\\\/wp-content\\\/uploads\\\/2026\\\/03\\\/cropped-logo_new-1.png\",\"width\":881,\"height\":685,\"caption\":\"Blog do Farn\u00e9sio\"},\"image\":{\"@id\":\"https:\\\/\\\/blogdofarnesio.com.br\\\/#\\\/schema\\\/logo\\\/image\\\/\"},\"sameAs\":[\"https:\\\/\\\/www.facebook.com\\\/BlogQuerSaberPolitica\\\/\"]},{\"@type\":\"Person\",\"@id\":\"https:\\\/\\\/blogdofarnesio.com.br\\\/#\\\/schema\\\/person\\\/bb9b23ae3ad0609ce8df7b6c9e76824d\",\"name\":\"Farn\u00e9sio\",\"image\":{\"@type\":\"ImageObject\",\"inLanguage\":\"pt-BR\",\"@id\":\"https:\\\/\\\/secure.gravatar.com\\\/avatar\\\/986aa4c61ccdb66f8555bf88fc2a65609d00bcabd4d2d94377a727547345cbca?s=96&d=mm&r=g\",\"url\":\"https:\\\/\\\/secure.gravatar.com\\\/avatar\\\/986aa4c61ccdb66f8555bf88fc2a65609d00bcabd4d2d94377a727547345cbca?s=96&d=mm&r=g\",\"contentUrl\":\"https:\\\/\\\/secure.gravatar.com\\\/avatar\\\/986aa4c61ccdb66f8555bf88fc2a65609d00bcabd4d2d94377a727547345cbca?s=96&d=mm&r=g\",\"caption\":\"Farn\u00e9sio\"},\"description\":\"Radialista blogueiro, chegou a Petrolina\\\/Juazeiro em setembro de 1980, Farn\u00e9sio Silva \u00e9 de Arapiraca-Alagoas.\",\"sameAs\":[\"http:\\\/\\\/blogdofarnesio.com.br\",\"https:\\\/\\\/www.facebook.com\\\/?ref=tn_tnmn\",\"https:\\\/\\\/www.instagram.com\\\/?utm_source=pwa_homescreen\",\"https:\\\/\\\/youtube.com.br\\\/\"],\"url\":\"https:\\\/\\\/blogdofarnesio.com.br\\\/?author=2\"}]}<\/script>\n<!-- \/ Yoast SEO plugin. -->","yoast_head_json":{"title":"O Tribunal Regional Eleitoral de Pernambuco recebe novas urnas eletr\u00f4nicas modelo 2020 - Blog do Farn\u00e9sio","robots":{"index":"index","follow":"follow","max-snippet":"max-snippet:-1","max-image-preview":"max-image-preview:large","max-video-preview":"max-video-preview:-1"},"canonical":"https:\/\/blogdofarnesio.com.br\/?p=306220","og_locale":"pt_BR","og_type":"article","og_title":"O Tribunal Regional Eleitoral de Pernambuco recebe novas urnas eletr\u00f4nicas modelo 2020 - Blog do Farn\u00e9sio","og_description":"O Tribunal Regional Eleitoral de Pernambuco\u00a0recebeu 1.300\u00a0urnas eletr\u00f4nicas\u00a0do modelo 2020. Esse \u00e9 o primeiro lote de entrega e est\u00e3o previstos mais dois nos pr\u00f3ximos dias. A previs\u00e3o \u00e9 de que 35,9% das urnas que ser\u00e3o utilizadas nas elei\u00e7\u00f5es gerais de 2022 ser\u00e3o do novo modelo. Nesta quinta-feira (10\/02), o presidente em exerc\u00edcio do TRE-PE,\u00a0desembargador Andr\u00e9 Guimar\u00e3es inspecionou a chegada das urnas bem como fez uma apresenta\u00e7\u00e3o para a imprensa das novas m\u00e1quinas. A entrevista coletiva foi no dep\u00f3sito de urnas do TRE-PE, localizado na avenida C\u00f4nsul Vilares Fragoso, n\u00ba 291-B, San Mart\u00edn, na Zona Oeste do Recife. A maioria das urnas que vem para Pernambuco ser\u00e3o utilizadas nos polos da Regi\u00e3o Metropolitana e, eventualmente, algumas ser\u00e3o enviadas para os polos&hellip;","og_url":"https:\/\/blogdofarnesio.com.br\/?p=306220","og_site_name":"Blog do Farn\u00e9sio","article_publisher":"https:\/\/www.facebook.com\/BlogQuerSaberPolitica\/","article_author":"https:\/\/www.facebook.com\/?ref=tn_tnmn","article_published_time":"2022-02-11T11:03:07+00:00","og_image":[{"width":624,"height":425,"url":"https:\/\/blogdofarnesio.com.br\/wp-content\/uploads\/2016\/06\/blogqsp-urna.jpg","type":"image\/jpeg"}],"author":"Farn\u00e9sio","twitter_card":"summary_large_image","twitter_misc":{"Escrito por":"Farn\u00e9sio","Est. tempo de leitura":"6 minutos"},"schema":{"@context":"https:\/\/schema.org","@graph":[{"@type":"Article","@id":"https:\/\/blogdofarnesio.com.br\/?p=306220#article","isPartOf":{"@id":"https:\/\/blogdofarnesio.com.br\/?p=306220"},"author":{"name":"Farn\u00e9sio","@id":"https:\/\/blogdofarnesio.com.br\/#\/schema\/person\/bb9b23ae3ad0609ce8df7b6c9e76824d"},"headline":"O Tribunal Regional Eleitoral de Pernambuco recebe novas urnas eletr\u00f4nicas modelo 2020","datePublished":"2022-02-11T11:03:07+00:00","mainEntityOfPage":{"@id":"https:\/\/blogdofarnesio.com.br\/?p=306220"},"wordCount":1036,"commentCount":0,"publisher":{"@id":"https:\/\/blogdofarnesio.com.br\/#organization"},"image":{"@id":"https:\/\/blogdofarnesio.com.br\/?p=306220#primaryimage"},"thumbnailUrl":"https:\/\/blogdofarnesio.com.br\/wp-content\/uploads\/2016\/06\/blogqsp-urna.jpg","articleSection":["Elei\u00e7\u00f5es"],"inLanguage":"pt-BR","potentialAction":[{"@type":"CommentAction","name":"Comment","target":["https:\/\/blogdofarnesio.com.br\/?p=306220#respond"]}]},{"@type":"WebPage","@id":"https:\/\/blogdofarnesio.com.br\/?p=306220","url":"https:\/\/blogdofarnesio.com.br\/?p=306220","name":"O Tribunal Regional Eleitoral de Pernambuco recebe novas urnas eletr\u00f4nicas modelo 2020 - Blog do Farn\u00e9sio","isPartOf":{"@id":"https:\/\/blogdofarnesio.com.br\/#website"},"primaryImageOfPage":{"@id":"https:\/\/blogdofarnesio.com.br\/?p=306220#primaryimage"},"image":{"@id":"https:\/\/blogdofarnesio.com.br\/?p=306220#primaryimage"},"thumbnailUrl":"https:\/\/blogdofarnesio.com.br\/wp-content\/uploads\/2016\/06\/blogqsp-urna.jpg","datePublished":"2022-02-11T11:03:07+00:00","breadcrumb":{"@id":"https:\/\/blogdofarnesio.com.br\/?p=306220#breadcrumb"},"inLanguage":"pt-BR","potentialAction":[{"@type":"ReadAction","target":["https:\/\/blogdofarnesio.com.br\/?p=306220"]}]},{"@type":"ImageObject","inLanguage":"pt-BR","@id":"https:\/\/blogdofarnesio.com.br\/?p=306220#primaryimage","url":"https:\/\/blogdofarnesio.com.br\/wp-content\/uploads\/2016\/06\/blogqsp-urna.jpg","contentUrl":"https:\/\/blogdofarnesio.com.br\/wp-content\/uploads\/2016\/06\/blogqsp-urna.jpg","width":624,"height":425},{"@type":"BreadcrumbList","@id":"https:\/\/blogdofarnesio.com.br\/?p=306220#breadcrumb","itemListElement":[{"@type":"ListItem","position":1,"name":"In\u00edcio","item":"https:\/\/blogdofarnesio.com.br\/"},{"@type":"ListItem","position":2,"name":"O Tribunal Regional Eleitoral de Pernambuco recebe novas urnas eletr\u00f4nicas modelo 2020"}]},{"@type":"WebSite","@id":"https:\/\/blogdofarnesio.com.br\/#website","url":"https:\/\/blogdofarnesio.com.br\/","name":"Blog do Farn\u00e9sio","description":"Quer Saber Pol\u00edtica?","publisher":{"@id":"https:\/\/blogdofarnesio.com.br\/#organization"},"potentialAction":[{"@type":"SearchAction","target":{"@type":"EntryPoint","urlTemplate":"https:\/\/blogdofarnesio.com.br\/?s={search_term_string}"},"query-input":{"@type":"PropertyValueSpecification","valueRequired":true,"valueName":"search_term_string"}}],"inLanguage":"pt-BR"},{"@type":"Organization","@id":"https:\/\/blogdofarnesio.com.br\/#organization","name":"Blog do Farn\u00e9sio","url":"https:\/\/blogdofarnesio.com.br\/","logo":{"@type":"ImageObject","inLanguage":"pt-BR","@id":"https:\/\/blogdofarnesio.com.br\/#\/schema\/logo\/image\/","url":"https:\/\/blogdofarnesio.com.br\/wp-content\/uploads\/2026\/03\/cropped-logo_new-1.png","contentUrl":"https:\/\/blogdofarnesio.com.br\/wp-content\/uploads\/2026\/03\/cropped-logo_new-1.png","width":881,"height":685,"caption":"Blog do Farn\u00e9sio"},"image":{"@id":"https:\/\/blogdofarnesio.com.br\/#\/schema\/logo\/image\/"},"sameAs":["https:\/\/www.facebook.com\/BlogQuerSaberPolitica\/"]},{"@type":"Person","@id":"https:\/\/blogdofarnesio.com.br\/#\/schema\/person\/bb9b23ae3ad0609ce8df7b6c9e76824d","name":"Farn\u00e9sio","image":{"@type":"ImageObject","inLanguage":"pt-BR","@id":"https:\/\/secure.gravatar.com\/avatar\/986aa4c61ccdb66f8555bf88fc2a65609d00bcabd4d2d94377a727547345cbca?s=96&d=mm&r=g","url":"https:\/\/secure.gravatar.com\/avatar\/986aa4c61ccdb66f8555bf88fc2a65609d00bcabd4d2d94377a727547345cbca?s=96&d=mm&r=g","contentUrl":"https:\/\/secure.gravatar.com\/avatar\/986aa4c61ccdb66f8555bf88fc2a65609d00bcabd4d2d94377a727547345cbca?s=96&d=mm&r=g","caption":"Farn\u00e9sio"},"description":"Radialista blogueiro, chegou a Petrolina\/Juazeiro em setembro de 1980, Farn\u00e9sio Silva \u00e9 de Arapiraca-Alagoas.","sameAs":["http:\/\/blogdofarnesio.com.br","https:\/\/www.facebook.com\/?ref=tn_tnmn","https:\/\/www.instagram.com\/?utm_source=pwa_homescreen","https:\/\/youtube.com.br\/"],"url":"https:\/\/blogdofarnesio.com.br\/?author=2"}]}},"_links":{"self":[{"href":"https:\/\/blogdofarnesio.com.br\/index.php?rest_route=\/wp\/v2\/posts\/306220","targetHints":{"allow":["GET"]}}],"collection":[{"href":"https:\/\/blogdofarnesio.com.br\/index.php?rest_route=\/wp\/v2\/posts"}],"about":[{"href":"https:\/\/blogdofarnesio.com.br\/index.php?rest_route=\/wp\/v2\/types\/post"}],"author":[{"embeddable":true,"href":"https:\/\/blogdofarnesio.com.br\/index.php?rest_route=\/wp\/v2\/users\/2"}],"replies":[{"embeddable":true,"href":"https:\/\/blogdofarnesio.com.br\/index.php?rest_route=%2Fwp%2Fv2%2Fcomments&post=306220"}],"version-history":[{"count":0,"href":"https:\/\/blogdofarnesio.com.br\/index.php?rest_route=\/wp\/v2\/posts\/306220\/revisions"}],"wp:featuredmedia":[{"embeddable":true,"href":"https:\/\/blogdofarnesio.com.br\/index.php?rest_route=\/wp\/v2\/media\/144207"}],"wp:attachment":[{"href":"https:\/\/blogdofarnesio.com.br\/index.php?rest_route=%2Fwp%2Fv2%2Fmedia&parent=306220"}],"wp:term":[{"taxonomy":"category","embeddable":true,"href":"https:\/\/blogdofarnesio.com.br\/index.php?rest_route=%2Fwp%2Fv2%2Fcategories&post=306220"},{"taxonomy":"post_tag","embeddable":true,"href":"https:\/\/blogdofarnesio.com.br\/index.php?rest_route=%2Fwp%2Fv2%2Ftags&post=306220"}],"curies":[{"name":"wp","href":"https:\/\/api.w.org\/{rel}","templated":true}]}}