{"id":306011,"date":"2022-02-08T15:43:20","date_gmt":"2022-02-08T18:43:20","guid":{"rendered":"https:\/\/blogdofarnesio.com.br\/?p=306011"},"modified":"2022-02-08T15:13:00","modified_gmt":"2022-02-08T18:13:00","slug":"vereador-volta-a-cobrar-acoes-da-prefeitura-de-petrolina","status":"publish","type":"post","link":"https:\/\/blogdofarnesio.com.br\/?p=306011","title":{"rendered":"Vereador volta a cobrar a\u00e7\u00f5es da Prefeitura de Petrolina"},"content":{"rendered":"<p style=\"font-weight: 400;\">Ap\u00f3s o recesso parlamentar regimental, o vereador e l\u00edder da Bancada de Oposi\u00e7\u00e3o da C\u00e2mara de Petrolina, Marquinhos do N4, voltou a defender os interesses do petrolinense na plen\u00e1ria das sess\u00f5es ordin\u00e1rias. Nesta ter\u00e7a (08), ele defendeu a\u00e7\u00f5es para melhorar a qualidade de vida do homem do interior e da sede do munic\u00edpio.<\/p>\n<p style=\"font-weight: 400;\">Solicitou, por meio da Indica\u00e7\u00e3o n\u00ba 029\/2022, o cascalhamento da Rua do Campo no Projeto Senador Nilo Coelho \u2013 N\u00facleo 4, bem como, a pavimenta\u00e7\u00e3o da entrada da Comunidade, por meio da Indica\u00e7\u00e3o n\u00ba 030\/2022. Marquinhos do N4 desde o ano passado apresentou para o Executivo Municipal a necessidade de pavimentos\u00a0a<em>sf\u00e1lticos na principal via de acesso ao N\u00facleo 4 e cansado de esperar uma a\u00e7\u00e3o da gest\u00e3o municipal, juntou amigos e comunit\u00e1rios e fez um paliativo para evitar mais problemas para motoristas, motociclistas e pedestres.<\/em><\/p>\n<p style=\"font-weight: 400;\">No dia 22 de janeiro, Marquinhos do N4 e uma equipe de volunt\u00e1rios intervieram em um trabalho de repara\u00e7\u00e3o na entrada da comunidade. Colocaram a m\u00e3o na massa para melhorar a trafegabilidade do local e garantir o direito de ir e vir das pessoas que moram e visitam a localidade, pois a entrada da Vila, estava intransit\u00e1vel e causando transtornos aos moradores e visitantes.\u00a0<em>\u00a0\u00a0\u00a0\u00a0<\/em><\/p>\n<p style=\"font-weight: 400;\"><em>\u201cMais uma vez refor\u00e7amos a necessidade de uma interven\u00e7\u00e3o do poder p\u00fablico municipal na restaura\u00e7\u00e3o da via de acesso \u00e0 comunidade, pois \u00e9\u00a0<\/em>de responsabilidade do Executivo municipal, no entanto, a gest\u00e3o municipal nunca deu um sinal para in\u00edcio de uma interven\u00e7\u00e3o. Resolvemos colocar a m\u00e3o na massa, fazer um paliativo para diminuirmos os transtornos. Gra\u00e7as a ajuda dos amigos conseguimos colocar em pr\u00e1tica nossa a\u00e7\u00e3o. A uni\u00e3o de for\u00e7as nos impulsiona a continuar lutando por Petrolina. O munic\u00edpio precisa arcar com suas responsabilidades e cuidar dos petrolinenses\u201d, frisa Marquinhos do N4.\u00a0<em>\u00a0<\/em><\/p>\n<p style=\"font-weight: 400;\">A terceira intercess\u00e3o do dia, foi a limpeza da \u00e1rea situada atr\u00e1s da Quadra Poliesportiva do Bairro Vila Marcela, por meio da Indica\u00e7\u00e3o n\u00ba 031\/2022.<\/p>\n<p style=\"font-weight: 400;\">As Indica\u00e7\u00f5es foram aprovadas com 12 votos dos vereadores presentes na sess\u00e3o, e agora seguem para execu\u00e7\u00e3o do Poder P\u00fablico municipal.<\/p>\n<p style=\"font-weight: 400;\"><em>Ascom Marquinhos do N4<\/em><\/p>\n","protected":false},"excerpt":{"rendered":"<p>Ap\u00f3s o recesso parlamentar regimental, o vereador e l\u00edder da Bancada de Oposi\u00e7\u00e3o da C\u00e2mara de Petrolina, Marquinhos do N4, voltou a defender os interesses do petrolinense na plen\u00e1ria das sess\u00f5es ordin\u00e1rias. Nesta ter\u00e7a (08), ele defendeu a\u00e7\u00f5es para melhorar a qualidade de vida do homem do interior e da sede do munic\u00edpio. Solicitou, por meio da Indica\u00e7\u00e3o n\u00ba 029\/2022, o cascalhamento da Rua do Campo no Projeto Senador Nilo Coelho \u2013 N\u00facleo 4, bem como, a pavimenta\u00e7\u00e3o da entrada da Comunidade, por meio da Indica\u00e7\u00e3o n\u00ba 030\/2022. Marquinhos do N4 desde o ano passado apresentou para o Executivo Municipal a necessidade de pavimentos\u00a0asf\u00e1lticos na principal via de acesso ao N\u00facleo 4 e cansado de esperar uma a\u00e7\u00e3o da gest\u00e3o&hellip; <\/p>\n","protected":false},"author":2,"featured_media":132595,"comment_status":"open","ping_status":"open","sticky":false,"template":"","format":"standard","meta":{"_acf_changed":false,"footnotes":""},"categories":[1],"tags":[],"class_list":["post-306011","post","type-post","status-publish","format-standard","has-post-thumbnail","hentry","category-politica"],"acf":[],"yoast_head":"<!-- This site is optimized with the Yoast SEO plugin v27.4 - https:\/\/yoast.com\/product\/yoast-seo-wordpress\/ -->\n<title>Vereador volta a cobrar a\u00e7\u00f5es da Prefeitura de Petrolina - Blog do Farn\u00e9sio<\/title>\n<meta name=\"robots\" content=\"index, follow, max-snippet:-1, max-image-preview:large, max-video-preview:-1\" \/>\n<link rel=\"canonical\" href=\"https:\/\/blogdofarnesio.com.br\/?p=306011\" \/>\n<meta property=\"og:locale\" content=\"pt_BR\" \/>\n<meta property=\"og:type\" content=\"article\" \/>\n<meta property=\"og:title\" content=\"Vereador volta a cobrar a\u00e7\u00f5es da Prefeitura de Petrolina - Blog do Farn\u00e9sio\" \/>\n<meta property=\"og:description\" content=\"Ap\u00f3s o recesso parlamentar regimental, o vereador e l\u00edder da Bancada de Oposi\u00e7\u00e3o da C\u00e2mara de Petrolina, Marquinhos do N4, voltou a defender os interesses do petrolinense na plen\u00e1ria das sess\u00f5es ordin\u00e1rias. Nesta ter\u00e7a (08), ele defendeu a\u00e7\u00f5es para melhorar a qualidade de vida do homem do interior e da sede do munic\u00edpio. Solicitou, por meio da Indica\u00e7\u00e3o n\u00ba 029\/2022, o cascalhamento da Rua do Campo no Projeto Senador Nilo Coelho \u2013 N\u00facleo 4, bem como, a pavimenta\u00e7\u00e3o da entrada da Comunidade, por meio da Indica\u00e7\u00e3o n\u00ba 030\/2022. Marquinhos do N4 desde o ano passado apresentou para o Executivo Municipal a necessidade de pavimentos\u00a0asf\u00e1lticos na principal via de acesso ao N\u00facleo 4 e cansado de esperar uma a\u00e7\u00e3o da gest\u00e3o&hellip;\" \/>\n<meta property=\"og:url\" content=\"https:\/\/blogdofarnesio.com.br\/?p=306011\" \/>\n<meta property=\"og:site_name\" content=\"Blog do Farn\u00e9sio\" \/>\n<meta property=\"article:publisher\" content=\"https:\/\/www.facebook.com\/BlogQuerSaberPolitica\/\" \/>\n<meta property=\"article:author\" content=\"https:\/\/www.facebook.com\/?ref=tn_tnmn\" \/>\n<meta property=\"article:published_time\" content=\"2022-02-08T18:43:20+00:00\" \/>\n<meta property=\"og:image\" content=\"https:\/\/blogdofarnesio.com.br\/wp-content\/uploads\/2015\/11\/blogqsp-novembro-azul-prefeiturapetrolina.jpg\" \/>\n\t<meta property=\"og:image:width\" content=\"448\" \/>\n\t<meta property=\"og:image:height\" content=\"336\" \/>\n\t<meta property=\"og:image:type\" content=\"image\/jpeg\" \/>\n<meta name=\"author\" content=\"Farn\u00e9sio\" \/>\n<meta name=\"twitter:card\" content=\"summary_large_image\" \/>\n<meta name=\"twitter:label1\" content=\"Escrito por\" \/>\n\t<meta name=\"twitter:data1\" content=\"Farn\u00e9sio\" \/>\n\t<meta name=\"twitter:label2\" content=\"Est. tempo de leitura\" \/>\n\t<meta name=\"twitter:data2\" content=\"2 minutos\" \/>\n<script type=\"application\/ld+json\" class=\"yoast-schema-graph\">{\"@context\":\"https:\\\/\\\/schema.org\",\"@graph\":[{\"@type\":\"Article\",\"@id\":\"https:\\\/\\\/blogdofarnesio.com.br\\\/?p=306011#article\",\"isPartOf\":{\"@id\":\"https:\\\/\\\/blogdofarnesio.com.br\\\/?p=306011\"},\"author\":{\"name\":\"Farn\u00e9sio\",\"@id\":\"https:\\\/\\\/blogdofarnesio.com.br\\\/#\\\/schema\\\/person\\\/bb9b23ae3ad0609ce8df7b6c9e76824d\"},\"headline\":\"Vereador volta a cobrar a\u00e7\u00f5es da Prefeitura de Petrolina\",\"datePublished\":\"2022-02-08T18:43:20+00:00\",\"mainEntityOfPage\":{\"@id\":\"https:\\\/\\\/blogdofarnesio.com.br\\\/?p=306011\"},\"wordCount\":388,\"commentCount\":0,\"publisher\":{\"@id\":\"https:\\\/\\\/blogdofarnesio.com.br\\\/#organization\"},\"image\":{\"@id\":\"https:\\\/\\\/blogdofarnesio.com.br\\\/?p=306011#primaryimage\"},\"thumbnailUrl\":\"https:\\\/\\\/blogdofarnesio.com.br\\\/wp-content\\\/uploads\\\/2015\\\/11\\\/blogqsp-novembro-azul-prefeiturapetrolina.jpg\",\"articleSection\":[\"Pol\u00edtica\"],\"inLanguage\":\"pt-BR\",\"potentialAction\":[{\"@type\":\"CommentAction\",\"name\":\"Comment\",\"target\":[\"https:\\\/\\\/blogdofarnesio.com.br\\\/?p=306011#respond\"]}]},{\"@type\":\"WebPage\",\"@id\":\"https:\\\/\\\/blogdofarnesio.com.br\\\/?p=306011\",\"url\":\"https:\\\/\\\/blogdofarnesio.com.br\\\/?p=306011\",\"name\":\"Vereador volta a cobrar a\u00e7\u00f5es da Prefeitura de Petrolina - Blog do Farn\u00e9sio\",\"isPartOf\":{\"@id\":\"https:\\\/\\\/blogdofarnesio.com.br\\\/#website\"},\"primaryImageOfPage\":{\"@id\":\"https:\\\/\\\/blogdofarnesio.com.br\\\/?p=306011#primaryimage\"},\"image\":{\"@id\":\"https:\\\/\\\/blogdofarnesio.com.br\\\/?p=306011#primaryimage\"},\"thumbnailUrl\":\"https:\\\/\\\/blogdofarnesio.com.br\\\/wp-content\\\/uploads\\\/2015\\\/11\\\/blogqsp-novembro-azul-prefeiturapetrolina.jpg\",\"datePublished\":\"2022-02-08T18:43:20+00:00\",\"breadcrumb\":{\"@id\":\"https:\\\/\\\/blogdofarnesio.com.br\\\/?p=306011#breadcrumb\"},\"inLanguage\":\"pt-BR\",\"potentialAction\":[{\"@type\":\"ReadAction\",\"target\":[\"https:\\\/\\\/blogdofarnesio.com.br\\\/?p=306011\"]}]},{\"@type\":\"ImageObject\",\"inLanguage\":\"pt-BR\",\"@id\":\"https:\\\/\\\/blogdofarnesio.com.br\\\/?p=306011#primaryimage\",\"url\":\"https:\\\/\\\/blogdofarnesio.com.br\\\/wp-content\\\/uploads\\\/2015\\\/11\\\/blogqsp-novembro-azul-prefeiturapetrolina.jpg\",\"contentUrl\":\"https:\\\/\\\/blogdofarnesio.com.br\\\/wp-content\\\/uploads\\\/2015\\\/11\\\/blogqsp-novembro-azul-prefeiturapetrolina.jpg\",\"width\":448,\"height\":336},{\"@type\":\"BreadcrumbList\",\"@id\":\"https:\\\/\\\/blogdofarnesio.com.br\\\/?p=306011#breadcrumb\",\"itemListElement\":[{\"@type\":\"ListItem\",\"position\":1,\"name\":\"In\u00edcio\",\"item\":\"https:\\\/\\\/blogdofarnesio.com.br\\\/\"},{\"@type\":\"ListItem\",\"position\":2,\"name\":\"Vereador volta a cobrar a\u00e7\u00f5es da Prefeitura de Petrolina\"}]},{\"@type\":\"WebSite\",\"@id\":\"https:\\\/\\\/blogdofarnesio.com.br\\\/#website\",\"url\":\"https:\\\/\\\/blogdofarnesio.com.br\\\/\",\"name\":\"Blog do Farn\u00e9sio\",\"description\":\"Quer Saber Pol\u00edtica?\",\"publisher\":{\"@id\":\"https:\\\/\\\/blogdofarnesio.com.br\\\/#organization\"},\"potentialAction\":[{\"@type\":\"SearchAction\",\"target\":{\"@type\":\"EntryPoint\",\"urlTemplate\":\"https:\\\/\\\/blogdofarnesio.com.br\\\/?s={search_term_string}\"},\"query-input\":{\"@type\":\"PropertyValueSpecification\",\"valueRequired\":true,\"valueName\":\"search_term_string\"}}],\"inLanguage\":\"pt-BR\"},{\"@type\":\"Organization\",\"@id\":\"https:\\\/\\\/blogdofarnesio.com.br\\\/#organization\",\"name\":\"Blog do Farn\u00e9sio\",\"url\":\"https:\\\/\\\/blogdofarnesio.com.br\\\/\",\"logo\":{\"@type\":\"ImageObject\",\"inLanguage\":\"pt-BR\",\"@id\":\"https:\\\/\\\/blogdofarnesio.com.br\\\/#\\\/schema\\\/logo\\\/image\\\/\",\"url\":\"https:\\\/\\\/blogdofarnesio.com.br\\\/wp-content\\\/uploads\\\/2026\\\/03\\\/cropped-logo_new-1.png\",\"contentUrl\":\"https:\\\/\\\/blogdofarnesio.com.br\\\/wp-content\\\/uploads\\\/2026\\\/03\\\/cropped-logo_new-1.png\",\"width\":881,\"height\":685,\"caption\":\"Blog do Farn\u00e9sio\"},\"image\":{\"@id\":\"https:\\\/\\\/blogdofarnesio.com.br\\\/#\\\/schema\\\/logo\\\/image\\\/\"},\"sameAs\":[\"https:\\\/\\\/www.facebook.com\\\/BlogQuerSaberPolitica\\\/\"]},{\"@type\":\"Person\",\"@id\":\"https:\\\/\\\/blogdofarnesio.com.br\\\/#\\\/schema\\\/person\\\/bb9b23ae3ad0609ce8df7b6c9e76824d\",\"name\":\"Farn\u00e9sio\",\"image\":{\"@type\":\"ImageObject\",\"inLanguage\":\"pt-BR\",\"@id\":\"https:\\\/\\\/secure.gravatar.com\\\/avatar\\\/986aa4c61ccdb66f8555bf88fc2a65609d00bcabd4d2d94377a727547345cbca?s=96&d=mm&r=g\",\"url\":\"https:\\\/\\\/secure.gravatar.com\\\/avatar\\\/986aa4c61ccdb66f8555bf88fc2a65609d00bcabd4d2d94377a727547345cbca?s=96&d=mm&r=g\",\"contentUrl\":\"https:\\\/\\\/secure.gravatar.com\\\/avatar\\\/986aa4c61ccdb66f8555bf88fc2a65609d00bcabd4d2d94377a727547345cbca?s=96&d=mm&r=g\",\"caption\":\"Farn\u00e9sio\"},\"description\":\"Radialista blogueiro, chegou a Petrolina\\\/Juazeiro em setembro de 1980, Farn\u00e9sio Silva \u00e9 de Arapiraca-Alagoas.\",\"sameAs\":[\"http:\\\/\\\/blogdofarnesio.com.br\",\"https:\\\/\\\/www.facebook.com\\\/?ref=tn_tnmn\",\"https:\\\/\\\/www.instagram.com\\\/?utm_source=pwa_homescreen\",\"https:\\\/\\\/youtube.com.br\\\/\"],\"url\":\"https:\\\/\\\/blogdofarnesio.com.br\\\/?author=2\"}]}<\/script>\n<!-- \/ Yoast SEO plugin. -->","yoast_head_json":{"title":"Vereador volta a cobrar a\u00e7\u00f5es da Prefeitura de Petrolina - Blog do Farn\u00e9sio","robots":{"index":"index","follow":"follow","max-snippet":"max-snippet:-1","max-image-preview":"max-image-preview:large","max-video-preview":"max-video-preview:-1"},"canonical":"https:\/\/blogdofarnesio.com.br\/?p=306011","og_locale":"pt_BR","og_type":"article","og_title":"Vereador volta a cobrar a\u00e7\u00f5es da Prefeitura de Petrolina - Blog do Farn\u00e9sio","og_description":"Ap\u00f3s o recesso parlamentar regimental, o vereador e l\u00edder da Bancada de Oposi\u00e7\u00e3o da C\u00e2mara de Petrolina, Marquinhos do N4, voltou a defender os interesses do petrolinense na plen\u00e1ria das sess\u00f5es ordin\u00e1rias. Nesta ter\u00e7a (08), ele defendeu a\u00e7\u00f5es para melhorar a qualidade de vida do homem do interior e da sede do munic\u00edpio. Solicitou, por meio da Indica\u00e7\u00e3o n\u00ba 029\/2022, o cascalhamento da Rua do Campo no Projeto Senador Nilo Coelho \u2013 N\u00facleo 4, bem como, a pavimenta\u00e7\u00e3o da entrada da Comunidade, por meio da Indica\u00e7\u00e3o n\u00ba 030\/2022. Marquinhos do N4 desde o ano passado apresentou para o Executivo Municipal a necessidade de pavimentos\u00a0asf\u00e1lticos na principal via de acesso ao N\u00facleo 4 e cansado de esperar uma a\u00e7\u00e3o da gest\u00e3o&hellip;","og_url":"https:\/\/blogdofarnesio.com.br\/?p=306011","og_site_name":"Blog do Farn\u00e9sio","article_publisher":"https:\/\/www.facebook.com\/BlogQuerSaberPolitica\/","article_author":"https:\/\/www.facebook.com\/?ref=tn_tnmn","article_published_time":"2022-02-08T18:43:20+00:00","og_image":[{"width":448,"height":336,"url":"https:\/\/blogdofarnesio.com.br\/wp-content\/uploads\/2015\/11\/blogqsp-novembro-azul-prefeiturapetrolina.jpg","type":"image\/jpeg"}],"author":"Farn\u00e9sio","twitter_card":"summary_large_image","twitter_misc":{"Escrito por":"Farn\u00e9sio","Est. tempo de leitura":"2 minutos"},"schema":{"@context":"https:\/\/schema.org","@graph":[{"@type":"Article","@id":"https:\/\/blogdofarnesio.com.br\/?p=306011#article","isPartOf":{"@id":"https:\/\/blogdofarnesio.com.br\/?p=306011"},"author":{"name":"Farn\u00e9sio","@id":"https:\/\/blogdofarnesio.com.br\/#\/schema\/person\/bb9b23ae3ad0609ce8df7b6c9e76824d"},"headline":"Vereador volta a cobrar a\u00e7\u00f5es da Prefeitura de Petrolina","datePublished":"2022-02-08T18:43:20+00:00","mainEntityOfPage":{"@id":"https:\/\/blogdofarnesio.com.br\/?p=306011"},"wordCount":388,"commentCount":0,"publisher":{"@id":"https:\/\/blogdofarnesio.com.br\/#organization"},"image":{"@id":"https:\/\/blogdofarnesio.com.br\/?p=306011#primaryimage"},"thumbnailUrl":"https:\/\/blogdofarnesio.com.br\/wp-content\/uploads\/2015\/11\/blogqsp-novembro-azul-prefeiturapetrolina.jpg","articleSection":["Pol\u00edtica"],"inLanguage":"pt-BR","potentialAction":[{"@type":"CommentAction","name":"Comment","target":["https:\/\/blogdofarnesio.com.br\/?p=306011#respond"]}]},{"@type":"WebPage","@id":"https:\/\/blogdofarnesio.com.br\/?p=306011","url":"https:\/\/blogdofarnesio.com.br\/?p=306011","name":"Vereador volta a cobrar a\u00e7\u00f5es da Prefeitura de Petrolina - Blog do Farn\u00e9sio","isPartOf":{"@id":"https:\/\/blogdofarnesio.com.br\/#website"},"primaryImageOfPage":{"@id":"https:\/\/blogdofarnesio.com.br\/?p=306011#primaryimage"},"image":{"@id":"https:\/\/blogdofarnesio.com.br\/?p=306011#primaryimage"},"thumbnailUrl":"https:\/\/blogdofarnesio.com.br\/wp-content\/uploads\/2015\/11\/blogqsp-novembro-azul-prefeiturapetrolina.jpg","datePublished":"2022-02-08T18:43:20+00:00","breadcrumb":{"@id":"https:\/\/blogdofarnesio.com.br\/?p=306011#breadcrumb"},"inLanguage":"pt-BR","potentialAction":[{"@type":"ReadAction","target":["https:\/\/blogdofarnesio.com.br\/?p=306011"]}]},{"@type":"ImageObject","inLanguage":"pt-BR","@id":"https:\/\/blogdofarnesio.com.br\/?p=306011#primaryimage","url":"https:\/\/blogdofarnesio.com.br\/wp-content\/uploads\/2015\/11\/blogqsp-novembro-azul-prefeiturapetrolina.jpg","contentUrl":"https:\/\/blogdofarnesio.com.br\/wp-content\/uploads\/2015\/11\/blogqsp-novembro-azul-prefeiturapetrolina.jpg","width":448,"height":336},{"@type":"BreadcrumbList","@id":"https:\/\/blogdofarnesio.com.br\/?p=306011#breadcrumb","itemListElement":[{"@type":"ListItem","position":1,"name":"In\u00edcio","item":"https:\/\/blogdofarnesio.com.br\/"},{"@type":"ListItem","position":2,"name":"Vereador volta a cobrar a\u00e7\u00f5es da Prefeitura de Petrolina"}]},{"@type":"WebSite","@id":"https:\/\/blogdofarnesio.com.br\/#website","url":"https:\/\/blogdofarnesio.com.br\/","name":"Blog do Farn\u00e9sio","description":"Quer Saber Pol\u00edtica?","publisher":{"@id":"https:\/\/blogdofarnesio.com.br\/#organization"},"potentialAction":[{"@type":"SearchAction","target":{"@type":"EntryPoint","urlTemplate":"https:\/\/blogdofarnesio.com.br\/?s={search_term_string}"},"query-input":{"@type":"PropertyValueSpecification","valueRequired":true,"valueName":"search_term_string"}}],"inLanguage":"pt-BR"},{"@type":"Organization","@id":"https:\/\/blogdofarnesio.com.br\/#organization","name":"Blog do Farn\u00e9sio","url":"https:\/\/blogdofarnesio.com.br\/","logo":{"@type":"ImageObject","inLanguage":"pt-BR","@id":"https:\/\/blogdofarnesio.com.br\/#\/schema\/logo\/image\/","url":"https:\/\/blogdofarnesio.com.br\/wp-content\/uploads\/2026\/03\/cropped-logo_new-1.png","contentUrl":"https:\/\/blogdofarnesio.com.br\/wp-content\/uploads\/2026\/03\/cropped-logo_new-1.png","width":881,"height":685,"caption":"Blog do Farn\u00e9sio"},"image":{"@id":"https:\/\/blogdofarnesio.com.br\/#\/schema\/logo\/image\/"},"sameAs":["https:\/\/www.facebook.com\/BlogQuerSaberPolitica\/"]},{"@type":"Person","@id":"https:\/\/blogdofarnesio.com.br\/#\/schema\/person\/bb9b23ae3ad0609ce8df7b6c9e76824d","name":"Farn\u00e9sio","image":{"@type":"ImageObject","inLanguage":"pt-BR","@id":"https:\/\/secure.gravatar.com\/avatar\/986aa4c61ccdb66f8555bf88fc2a65609d00bcabd4d2d94377a727547345cbca?s=96&d=mm&r=g","url":"https:\/\/secure.gravatar.com\/avatar\/986aa4c61ccdb66f8555bf88fc2a65609d00bcabd4d2d94377a727547345cbca?s=96&d=mm&r=g","contentUrl":"https:\/\/secure.gravatar.com\/avatar\/986aa4c61ccdb66f8555bf88fc2a65609d00bcabd4d2d94377a727547345cbca?s=96&d=mm&r=g","caption":"Farn\u00e9sio"},"description":"Radialista blogueiro, chegou a Petrolina\/Juazeiro em setembro de 1980, Farn\u00e9sio Silva \u00e9 de Arapiraca-Alagoas.","sameAs":["http:\/\/blogdofarnesio.com.br","https:\/\/www.facebook.com\/?ref=tn_tnmn","https:\/\/www.instagram.com\/?utm_source=pwa_homescreen","https:\/\/youtube.com.br\/"],"url":"https:\/\/blogdofarnesio.com.br\/?author=2"}]}},"_links":{"self":[{"href":"https:\/\/blogdofarnesio.com.br\/index.php?rest_route=\/wp\/v2\/posts\/306011","targetHints":{"allow":["GET"]}}],"collection":[{"href":"https:\/\/blogdofarnesio.com.br\/index.php?rest_route=\/wp\/v2\/posts"}],"about":[{"href":"https:\/\/blogdofarnesio.com.br\/index.php?rest_route=\/wp\/v2\/types\/post"}],"author":[{"embeddable":true,"href":"https:\/\/blogdofarnesio.com.br\/index.php?rest_route=\/wp\/v2\/users\/2"}],"replies":[{"embeddable":true,"href":"https:\/\/blogdofarnesio.com.br\/index.php?rest_route=%2Fwp%2Fv2%2Fcomments&post=306011"}],"version-history":[{"count":0,"href":"https:\/\/blogdofarnesio.com.br\/index.php?rest_route=\/wp\/v2\/posts\/306011\/revisions"}],"wp:featuredmedia":[{"embeddable":true,"href":"https:\/\/blogdofarnesio.com.br\/index.php?rest_route=\/wp\/v2\/media\/132595"}],"wp:attachment":[{"href":"https:\/\/blogdofarnesio.com.br\/index.php?rest_route=%2Fwp%2Fv2%2Fmedia&parent=306011"}],"wp:term":[{"taxonomy":"category","embeddable":true,"href":"https:\/\/blogdofarnesio.com.br\/index.php?rest_route=%2Fwp%2Fv2%2Fcategories&post=306011"},{"taxonomy":"post_tag","embeddable":true,"href":"https:\/\/blogdofarnesio.com.br\/index.php?rest_route=%2Fwp%2Fv2%2Ftags&post=306011"}],"curies":[{"name":"wp","href":"https:\/\/api.w.org\/{rel}","templated":true}]}}