{"id":306008,"date":"2022-02-08T15:22:15","date_gmt":"2022-02-08T18:22:15","guid":{"rendered":"https:\/\/blogdofarnesio.com.br\/?p=306008"},"modified":"2022-02-08T15:10:07","modified_gmt":"2022-02-08T18:10:07","slug":"prefeitura-de-juazeiro-mantem-sanitizacao-em-predios-da-rede-municipal-de-saude","status":"publish","type":"post","link":"https:\/\/blogdofarnesio.com.br\/?p=306008","title":{"rendered":"Prefeitura de Juazeiro mant\u00e9m sanitiza\u00e7\u00e3o em pr\u00e9dios da rede municipal de Sa\u00fade"},"content":{"rendered":"<p style=\"font-weight: 400;\">Devido ao elevado fluxo de pessoas circulando, v\u00e1rios pr\u00e9dios que oferecem os servi\u00e7os de sa\u00fade \u00e0 popula\u00e7\u00e3o em Juazeiro est\u00e3o passando por sanitiza\u00e7\u00e3o de ambiente. O procedimento \u00e9 realizado rotineiramente pela Secretaria Municipal de Sa\u00fade (Sesau) diante do atual cen\u00e1rio da pandemia da Covid-19.<\/p>\n<p style=\"font-weight: 400;\">O procedimento de sanitiza\u00e7\u00e3o de ambiente tem o objetivo de reduzir a quantidade de microorganismos como v\u00edrus e bact\u00e9rias, seguindo as normas vigentes das autoridades sanit\u00e1rias. O sanitizante \u00e9 aplicado em forma de nebuliza\u00e7\u00e3o, com efeito desinfectante das superf\u00edcies.<\/p>\n<p style=\"font-weight: 400;\">Nesta segunda-feira (7) o pr\u00e9dio do Centro Regional de Reabilita\u00e7\u00e3o, Preven\u00e7\u00e3o e Inclus\u00e3o Social (Cerpris), que atende pacientes neurol\u00f3gicos, crian\u00e7as com paralisia cerebral, adultos com traumatismo craniano, entre outros, passou pelo processo de sanitiza\u00e7\u00e3o. Segundo a diretora do Cerpris em Juazeiro, Ver\u00f4nica Pesqueira, a desinfec\u00e7\u00e3o acaba dando maior tranquilidade aos pacientes. \u201cA demanda traz maior seguran\u00e7a aos usu\u00e1rios, principalmente aqueles que possuem comorbidades, bem como os profissionais que trabalham aqui\u201d, disse.<\/p>\n<p style=\"font-weight: 400;\">Al\u00e9m do Cerpris, o pr\u00e9dio da Secretaria de Sa\u00fade de Juazeiro, que possui atendimentos administrativos, tamb\u00e9m passou por sanitiza\u00e7\u00e3o na \u00faltima sexta-feira (4). \u201cN\u00f3s estamos realizando este processo em locais que possuem grande fluxo de pessoas. Na Sesau, por exemplo, este trabalho \u00e9 peri\u00f3dico, visto que muita gente precisa vir ao pr\u00e9dio para resolver suas demandas de sa\u00fade\u201d, disse a superintendente de Administra\u00e7\u00e3o, Josana Duarte.<\/p>\n<p style=\"font-weight: 400;\">Tamb\u00e9m j\u00e1 passaram por sanitiza\u00e7\u00e3o de ambiente, outros locais que oferecem servi\u00e7os pela Secretaria de Sa\u00fade de Juazeiro, como o Centro de Cultura Jo\u00e3o Gilberto e o Lacen, que realizam testagens para detec\u00e7\u00e3o da Covid-19, o setor de Recursos Humanos da Sesau, a Unidade Pedi\u00e1trica (Uped) e a Unidade B\u00e1sica de Sa\u00fade Jardim Vit\u00f3ria.<\/p>\n<p style=\"font-weight: 400;\">Texto: Amanda Franco \u2013 Ascom Sesau PMJ<\/p>\n<p style=\"font-weight: 400;\">&#8211;<\/p>\n","protected":false},"excerpt":{"rendered":"<p>Devido ao elevado fluxo de pessoas circulando, v\u00e1rios pr\u00e9dios que oferecem os servi\u00e7os de sa\u00fade \u00e0 popula\u00e7\u00e3o em Juazeiro est\u00e3o passando por sanitiza\u00e7\u00e3o de ambiente. O procedimento \u00e9 realizado rotineiramente pela Secretaria Municipal de Sa\u00fade (Sesau) diante do atual cen\u00e1rio da pandemia da Covid-19. O procedimento de sanitiza\u00e7\u00e3o de ambiente tem o objetivo de reduzir a quantidade de microorganismos como v\u00edrus e bact\u00e9rias, seguindo as normas vigentes das autoridades sanit\u00e1rias. O sanitizante \u00e9 aplicado em forma de nebuliza\u00e7\u00e3o, com efeito desinfectante das superf\u00edcies. Nesta segunda-feira (7) o pr\u00e9dio do Centro Regional de Reabilita\u00e7\u00e3o, Preven\u00e7\u00e3o e Inclus\u00e3o Social (Cerpris), que atende pacientes neurol\u00f3gicos, crian\u00e7as com paralisia cerebral, adultos com traumatismo craniano, entre outros, passou pelo processo de sanitiza\u00e7\u00e3o. Segundo a diretora&hellip; <\/p>\n","protected":false},"author":2,"featured_media":296188,"comment_status":"open","ping_status":"open","sticky":false,"template":"","format":"standard","meta":{"_acf_changed":false,"footnotes":""},"categories":[5],"tags":[],"class_list":["post-306008","post","type-post","status-publish","format-standard","has-post-thumbnail","hentry","category-seguranca"],"acf":[],"yoast_head":"<!-- This site is optimized with the Yoast SEO plugin v27.4 - https:\/\/yoast.com\/product\/yoast-seo-wordpress\/ -->\n<title>Prefeitura de Juazeiro mant\u00e9m sanitiza\u00e7\u00e3o em pr\u00e9dios da rede municipal de Sa\u00fade - Blog do Farn\u00e9sio<\/title>\n<meta name=\"robots\" content=\"index, follow, max-snippet:-1, max-image-preview:large, max-video-preview:-1\" \/>\n<link rel=\"canonical\" href=\"https:\/\/blogdofarnesio.com.br\/?p=306008\" \/>\n<meta property=\"og:locale\" content=\"pt_BR\" \/>\n<meta property=\"og:type\" content=\"article\" \/>\n<meta property=\"og:title\" content=\"Prefeitura de Juazeiro mant\u00e9m sanitiza\u00e7\u00e3o em pr\u00e9dios da rede municipal de Sa\u00fade - Blog do Farn\u00e9sio\" \/>\n<meta property=\"og:description\" content=\"Devido ao elevado fluxo de pessoas circulando, v\u00e1rios pr\u00e9dios que oferecem os servi\u00e7os de sa\u00fade \u00e0 popula\u00e7\u00e3o em Juazeiro est\u00e3o passando por sanitiza\u00e7\u00e3o de ambiente. O procedimento \u00e9 realizado rotineiramente pela Secretaria Municipal de Sa\u00fade (Sesau) diante do atual cen\u00e1rio da pandemia da Covid-19. O procedimento de sanitiza\u00e7\u00e3o de ambiente tem o objetivo de reduzir a quantidade de microorganismos como v\u00edrus e bact\u00e9rias, seguindo as normas vigentes das autoridades sanit\u00e1rias. O sanitizante \u00e9 aplicado em forma de nebuliza\u00e7\u00e3o, com efeito desinfectante das superf\u00edcies. Nesta segunda-feira (7) o pr\u00e9dio do Centro Regional de Reabilita\u00e7\u00e3o, Preven\u00e7\u00e3o e Inclus\u00e3o Social (Cerpris), que atende pacientes neurol\u00f3gicos, crian\u00e7as com paralisia cerebral, adultos com traumatismo craniano, entre outros, passou pelo processo de sanitiza\u00e7\u00e3o. Segundo a diretora&hellip;\" \/>\n<meta property=\"og:url\" content=\"https:\/\/blogdofarnesio.com.br\/?p=306008\" \/>\n<meta property=\"og:site_name\" content=\"Blog do Farn\u00e9sio\" \/>\n<meta property=\"article:publisher\" content=\"https:\/\/www.facebook.com\/BlogQuerSaberPolitica\/\" \/>\n<meta property=\"article:author\" content=\"https:\/\/www.facebook.com\/?ref=tn_tnmn\" \/>\n<meta property=\"article:published_time\" content=\"2022-02-08T18:22:15+00:00\" \/>\n<meta property=\"og:image\" content=\"https:\/\/blogdofarnesio.com.br\/wp-content\/uploads\/2021\/09\/SANITIZACAO-PFM-JUAZEIRO-1-e1632436708714.jpeg\" \/>\n\t<meta property=\"og:image:width\" content=\"660\" \/>\n\t<meta property=\"og:image:height\" content=\"595\" \/>\n\t<meta property=\"og:image:type\" content=\"image\/jpeg\" \/>\n<meta name=\"author\" content=\"Farn\u00e9sio\" \/>\n<meta name=\"twitter:card\" content=\"summary_large_image\" \/>\n<meta name=\"twitter:label1\" content=\"Escrito por\" \/>\n\t<meta name=\"twitter:data1\" content=\"Farn\u00e9sio\" \/>\n\t<meta name=\"twitter:label2\" content=\"Est. tempo de leitura\" \/>\n\t<meta name=\"twitter:data2\" content=\"2 minutos\" \/>\n<script type=\"application\/ld+json\" class=\"yoast-schema-graph\">{\"@context\":\"https:\\\/\\\/schema.org\",\"@graph\":[{\"@type\":\"Article\",\"@id\":\"https:\\\/\\\/blogdofarnesio.com.br\\\/?p=306008#article\",\"isPartOf\":{\"@id\":\"https:\\\/\\\/blogdofarnesio.com.br\\\/?p=306008\"},\"author\":{\"name\":\"Farn\u00e9sio\",\"@id\":\"https:\\\/\\\/blogdofarnesio.com.br\\\/#\\\/schema\\\/person\\\/bb9b23ae3ad0609ce8df7b6c9e76824d\"},\"headline\":\"Prefeitura de Juazeiro mant\u00e9m sanitiza\u00e7\u00e3o em pr\u00e9dios da rede municipal de Sa\u00fade\",\"datePublished\":\"2022-02-08T18:22:15+00:00\",\"mainEntityOfPage\":{\"@id\":\"https:\\\/\\\/blogdofarnesio.com.br\\\/?p=306008\"},\"wordCount\":335,\"commentCount\":0,\"publisher\":{\"@id\":\"https:\\\/\\\/blogdofarnesio.com.br\\\/#organization\"},\"image\":{\"@id\":\"https:\\\/\\\/blogdofarnesio.com.br\\\/?p=306008#primaryimage\"},\"thumbnailUrl\":\"https:\\\/\\\/blogdofarnesio.com.br\\\/wp-content\\\/uploads\\\/2021\\\/09\\\/SANITIZACAO-PFM-JUAZEIRO-1-e1632436708714.jpeg\",\"articleSection\":[\"Seguran\u00e7a\"],\"inLanguage\":\"pt-BR\",\"potentialAction\":[{\"@type\":\"CommentAction\",\"name\":\"Comment\",\"target\":[\"https:\\\/\\\/blogdofarnesio.com.br\\\/?p=306008#respond\"]}]},{\"@type\":\"WebPage\",\"@id\":\"https:\\\/\\\/blogdofarnesio.com.br\\\/?p=306008\",\"url\":\"https:\\\/\\\/blogdofarnesio.com.br\\\/?p=306008\",\"name\":\"Prefeitura de Juazeiro mant\u00e9m sanitiza\u00e7\u00e3o em pr\u00e9dios da rede municipal de Sa\u00fade - Blog do Farn\u00e9sio\",\"isPartOf\":{\"@id\":\"https:\\\/\\\/blogdofarnesio.com.br\\\/#website\"},\"primaryImageOfPage\":{\"@id\":\"https:\\\/\\\/blogdofarnesio.com.br\\\/?p=306008#primaryimage\"},\"image\":{\"@id\":\"https:\\\/\\\/blogdofarnesio.com.br\\\/?p=306008#primaryimage\"},\"thumbnailUrl\":\"https:\\\/\\\/blogdofarnesio.com.br\\\/wp-content\\\/uploads\\\/2021\\\/09\\\/SANITIZACAO-PFM-JUAZEIRO-1-e1632436708714.jpeg\",\"datePublished\":\"2022-02-08T18:22:15+00:00\",\"breadcrumb\":{\"@id\":\"https:\\\/\\\/blogdofarnesio.com.br\\\/?p=306008#breadcrumb\"},\"inLanguage\":\"pt-BR\",\"potentialAction\":[{\"@type\":\"ReadAction\",\"target\":[\"https:\\\/\\\/blogdofarnesio.com.br\\\/?p=306008\"]}]},{\"@type\":\"ImageObject\",\"inLanguage\":\"pt-BR\",\"@id\":\"https:\\\/\\\/blogdofarnesio.com.br\\\/?p=306008#primaryimage\",\"url\":\"https:\\\/\\\/blogdofarnesio.com.br\\\/wp-content\\\/uploads\\\/2021\\\/09\\\/SANITIZACAO-PFM-JUAZEIRO-1-e1632436708714.jpeg\",\"contentUrl\":\"https:\\\/\\\/blogdofarnesio.com.br\\\/wp-content\\\/uploads\\\/2021\\\/09\\\/SANITIZACAO-PFM-JUAZEIRO-1-e1632436708714.jpeg\",\"width\":660,\"height\":595},{\"@type\":\"BreadcrumbList\",\"@id\":\"https:\\\/\\\/blogdofarnesio.com.br\\\/?p=306008#breadcrumb\",\"itemListElement\":[{\"@type\":\"ListItem\",\"position\":1,\"name\":\"In\u00edcio\",\"item\":\"https:\\\/\\\/blogdofarnesio.com.br\\\/\"},{\"@type\":\"ListItem\",\"position\":2,\"name\":\"Prefeitura de Juazeiro mant\u00e9m sanitiza\u00e7\u00e3o em pr\u00e9dios da rede municipal de Sa\u00fade\"}]},{\"@type\":\"WebSite\",\"@id\":\"https:\\\/\\\/blogdofarnesio.com.br\\\/#website\",\"url\":\"https:\\\/\\\/blogdofarnesio.com.br\\\/\",\"name\":\"Blog do Farn\u00e9sio\",\"description\":\"Quer Saber Pol\u00edtica?\",\"publisher\":{\"@id\":\"https:\\\/\\\/blogdofarnesio.com.br\\\/#organization\"},\"potentialAction\":[{\"@type\":\"SearchAction\",\"target\":{\"@type\":\"EntryPoint\",\"urlTemplate\":\"https:\\\/\\\/blogdofarnesio.com.br\\\/?s={search_term_string}\"},\"query-input\":{\"@type\":\"PropertyValueSpecification\",\"valueRequired\":true,\"valueName\":\"search_term_string\"}}],\"inLanguage\":\"pt-BR\"},{\"@type\":\"Organization\",\"@id\":\"https:\\\/\\\/blogdofarnesio.com.br\\\/#organization\",\"name\":\"Blog do Farn\u00e9sio\",\"url\":\"https:\\\/\\\/blogdofarnesio.com.br\\\/\",\"logo\":{\"@type\":\"ImageObject\",\"inLanguage\":\"pt-BR\",\"@id\":\"https:\\\/\\\/blogdofarnesio.com.br\\\/#\\\/schema\\\/logo\\\/image\\\/\",\"url\":\"https:\\\/\\\/blogdofarnesio.com.br\\\/wp-content\\\/uploads\\\/2026\\\/03\\\/cropped-logo_new-1.png\",\"contentUrl\":\"https:\\\/\\\/blogdofarnesio.com.br\\\/wp-content\\\/uploads\\\/2026\\\/03\\\/cropped-logo_new-1.png\",\"width\":881,\"height\":685,\"caption\":\"Blog do Farn\u00e9sio\"},\"image\":{\"@id\":\"https:\\\/\\\/blogdofarnesio.com.br\\\/#\\\/schema\\\/logo\\\/image\\\/\"},\"sameAs\":[\"https:\\\/\\\/www.facebook.com\\\/BlogQuerSaberPolitica\\\/\"]},{\"@type\":\"Person\",\"@id\":\"https:\\\/\\\/blogdofarnesio.com.br\\\/#\\\/schema\\\/person\\\/bb9b23ae3ad0609ce8df7b6c9e76824d\",\"name\":\"Farn\u00e9sio\",\"image\":{\"@type\":\"ImageObject\",\"inLanguage\":\"pt-BR\",\"@id\":\"https:\\\/\\\/secure.gravatar.com\\\/avatar\\\/986aa4c61ccdb66f8555bf88fc2a65609d00bcabd4d2d94377a727547345cbca?s=96&d=mm&r=g\",\"url\":\"https:\\\/\\\/secure.gravatar.com\\\/avatar\\\/986aa4c61ccdb66f8555bf88fc2a65609d00bcabd4d2d94377a727547345cbca?s=96&d=mm&r=g\",\"contentUrl\":\"https:\\\/\\\/secure.gravatar.com\\\/avatar\\\/986aa4c61ccdb66f8555bf88fc2a65609d00bcabd4d2d94377a727547345cbca?s=96&d=mm&r=g\",\"caption\":\"Farn\u00e9sio\"},\"description\":\"Radialista blogueiro, chegou a Petrolina\\\/Juazeiro em setembro de 1980, Farn\u00e9sio Silva \u00e9 de Arapiraca-Alagoas.\",\"sameAs\":[\"http:\\\/\\\/blogdofarnesio.com.br\",\"https:\\\/\\\/www.facebook.com\\\/?ref=tn_tnmn\",\"https:\\\/\\\/www.instagram.com\\\/?utm_source=pwa_homescreen\",\"https:\\\/\\\/youtube.com.br\\\/\"],\"url\":\"https:\\\/\\\/blogdofarnesio.com.br\\\/?author=2\"}]}<\/script>\n<!-- \/ Yoast SEO plugin. -->","yoast_head_json":{"title":"Prefeitura de Juazeiro mant\u00e9m sanitiza\u00e7\u00e3o em pr\u00e9dios da rede municipal de Sa\u00fade - Blog do Farn\u00e9sio","robots":{"index":"index","follow":"follow","max-snippet":"max-snippet:-1","max-image-preview":"max-image-preview:large","max-video-preview":"max-video-preview:-1"},"canonical":"https:\/\/blogdofarnesio.com.br\/?p=306008","og_locale":"pt_BR","og_type":"article","og_title":"Prefeitura de Juazeiro mant\u00e9m sanitiza\u00e7\u00e3o em pr\u00e9dios da rede municipal de Sa\u00fade - Blog do Farn\u00e9sio","og_description":"Devido ao elevado fluxo de pessoas circulando, v\u00e1rios pr\u00e9dios que oferecem os servi\u00e7os de sa\u00fade \u00e0 popula\u00e7\u00e3o em Juazeiro est\u00e3o passando por sanitiza\u00e7\u00e3o de ambiente. O procedimento \u00e9 realizado rotineiramente pela Secretaria Municipal de Sa\u00fade (Sesau) diante do atual cen\u00e1rio da pandemia da Covid-19. O procedimento de sanitiza\u00e7\u00e3o de ambiente tem o objetivo de reduzir a quantidade de microorganismos como v\u00edrus e bact\u00e9rias, seguindo as normas vigentes das autoridades sanit\u00e1rias. O sanitizante \u00e9 aplicado em forma de nebuliza\u00e7\u00e3o, com efeito desinfectante das superf\u00edcies. Nesta segunda-feira (7) o pr\u00e9dio do Centro Regional de Reabilita\u00e7\u00e3o, Preven\u00e7\u00e3o e Inclus\u00e3o Social (Cerpris), que atende pacientes neurol\u00f3gicos, crian\u00e7as com paralisia cerebral, adultos com traumatismo craniano, entre outros, passou pelo processo de sanitiza\u00e7\u00e3o. Segundo a diretora&hellip;","og_url":"https:\/\/blogdofarnesio.com.br\/?p=306008","og_site_name":"Blog do Farn\u00e9sio","article_publisher":"https:\/\/www.facebook.com\/BlogQuerSaberPolitica\/","article_author":"https:\/\/www.facebook.com\/?ref=tn_tnmn","article_published_time":"2022-02-08T18:22:15+00:00","og_image":[{"width":660,"height":595,"url":"https:\/\/blogdofarnesio.com.br\/wp-content\/uploads\/2021\/09\/SANITIZACAO-PFM-JUAZEIRO-1-e1632436708714.jpeg","type":"image\/jpeg"}],"author":"Farn\u00e9sio","twitter_card":"summary_large_image","twitter_misc":{"Escrito por":"Farn\u00e9sio","Est. tempo de leitura":"2 minutos"},"schema":{"@context":"https:\/\/schema.org","@graph":[{"@type":"Article","@id":"https:\/\/blogdofarnesio.com.br\/?p=306008#article","isPartOf":{"@id":"https:\/\/blogdofarnesio.com.br\/?p=306008"},"author":{"name":"Farn\u00e9sio","@id":"https:\/\/blogdofarnesio.com.br\/#\/schema\/person\/bb9b23ae3ad0609ce8df7b6c9e76824d"},"headline":"Prefeitura de Juazeiro mant\u00e9m sanitiza\u00e7\u00e3o em pr\u00e9dios da rede municipal de Sa\u00fade","datePublished":"2022-02-08T18:22:15+00:00","mainEntityOfPage":{"@id":"https:\/\/blogdofarnesio.com.br\/?p=306008"},"wordCount":335,"commentCount":0,"publisher":{"@id":"https:\/\/blogdofarnesio.com.br\/#organization"},"image":{"@id":"https:\/\/blogdofarnesio.com.br\/?p=306008#primaryimage"},"thumbnailUrl":"https:\/\/blogdofarnesio.com.br\/wp-content\/uploads\/2021\/09\/SANITIZACAO-PFM-JUAZEIRO-1-e1632436708714.jpeg","articleSection":["Seguran\u00e7a"],"inLanguage":"pt-BR","potentialAction":[{"@type":"CommentAction","name":"Comment","target":["https:\/\/blogdofarnesio.com.br\/?p=306008#respond"]}]},{"@type":"WebPage","@id":"https:\/\/blogdofarnesio.com.br\/?p=306008","url":"https:\/\/blogdofarnesio.com.br\/?p=306008","name":"Prefeitura de Juazeiro mant\u00e9m sanitiza\u00e7\u00e3o em pr\u00e9dios da rede municipal de Sa\u00fade - Blog do Farn\u00e9sio","isPartOf":{"@id":"https:\/\/blogdofarnesio.com.br\/#website"},"primaryImageOfPage":{"@id":"https:\/\/blogdofarnesio.com.br\/?p=306008#primaryimage"},"image":{"@id":"https:\/\/blogdofarnesio.com.br\/?p=306008#primaryimage"},"thumbnailUrl":"https:\/\/blogdofarnesio.com.br\/wp-content\/uploads\/2021\/09\/SANITIZACAO-PFM-JUAZEIRO-1-e1632436708714.jpeg","datePublished":"2022-02-08T18:22:15+00:00","breadcrumb":{"@id":"https:\/\/blogdofarnesio.com.br\/?p=306008#breadcrumb"},"inLanguage":"pt-BR","potentialAction":[{"@type":"ReadAction","target":["https:\/\/blogdofarnesio.com.br\/?p=306008"]}]},{"@type":"ImageObject","inLanguage":"pt-BR","@id":"https:\/\/blogdofarnesio.com.br\/?p=306008#primaryimage","url":"https:\/\/blogdofarnesio.com.br\/wp-content\/uploads\/2021\/09\/SANITIZACAO-PFM-JUAZEIRO-1-e1632436708714.jpeg","contentUrl":"https:\/\/blogdofarnesio.com.br\/wp-content\/uploads\/2021\/09\/SANITIZACAO-PFM-JUAZEIRO-1-e1632436708714.jpeg","width":660,"height":595},{"@type":"BreadcrumbList","@id":"https:\/\/blogdofarnesio.com.br\/?p=306008#breadcrumb","itemListElement":[{"@type":"ListItem","position":1,"name":"In\u00edcio","item":"https:\/\/blogdofarnesio.com.br\/"},{"@type":"ListItem","position":2,"name":"Prefeitura de Juazeiro mant\u00e9m sanitiza\u00e7\u00e3o em pr\u00e9dios da rede municipal de Sa\u00fade"}]},{"@type":"WebSite","@id":"https:\/\/blogdofarnesio.com.br\/#website","url":"https:\/\/blogdofarnesio.com.br\/","name":"Blog do Farn\u00e9sio","description":"Quer Saber Pol\u00edtica?","publisher":{"@id":"https:\/\/blogdofarnesio.com.br\/#organization"},"potentialAction":[{"@type":"SearchAction","target":{"@type":"EntryPoint","urlTemplate":"https:\/\/blogdofarnesio.com.br\/?s={search_term_string}"},"query-input":{"@type":"PropertyValueSpecification","valueRequired":true,"valueName":"search_term_string"}}],"inLanguage":"pt-BR"},{"@type":"Organization","@id":"https:\/\/blogdofarnesio.com.br\/#organization","name":"Blog do Farn\u00e9sio","url":"https:\/\/blogdofarnesio.com.br\/","logo":{"@type":"ImageObject","inLanguage":"pt-BR","@id":"https:\/\/blogdofarnesio.com.br\/#\/schema\/logo\/image\/","url":"https:\/\/blogdofarnesio.com.br\/wp-content\/uploads\/2026\/03\/cropped-logo_new-1.png","contentUrl":"https:\/\/blogdofarnesio.com.br\/wp-content\/uploads\/2026\/03\/cropped-logo_new-1.png","width":881,"height":685,"caption":"Blog do Farn\u00e9sio"},"image":{"@id":"https:\/\/blogdofarnesio.com.br\/#\/schema\/logo\/image\/"},"sameAs":["https:\/\/www.facebook.com\/BlogQuerSaberPolitica\/"]},{"@type":"Person","@id":"https:\/\/blogdofarnesio.com.br\/#\/schema\/person\/bb9b23ae3ad0609ce8df7b6c9e76824d","name":"Farn\u00e9sio","image":{"@type":"ImageObject","inLanguage":"pt-BR","@id":"https:\/\/secure.gravatar.com\/avatar\/986aa4c61ccdb66f8555bf88fc2a65609d00bcabd4d2d94377a727547345cbca?s=96&d=mm&r=g","url":"https:\/\/secure.gravatar.com\/avatar\/986aa4c61ccdb66f8555bf88fc2a65609d00bcabd4d2d94377a727547345cbca?s=96&d=mm&r=g","contentUrl":"https:\/\/secure.gravatar.com\/avatar\/986aa4c61ccdb66f8555bf88fc2a65609d00bcabd4d2d94377a727547345cbca?s=96&d=mm&r=g","caption":"Farn\u00e9sio"},"description":"Radialista blogueiro, chegou a Petrolina\/Juazeiro em setembro de 1980, Farn\u00e9sio Silva \u00e9 de Arapiraca-Alagoas.","sameAs":["http:\/\/blogdofarnesio.com.br","https:\/\/www.facebook.com\/?ref=tn_tnmn","https:\/\/www.instagram.com\/?utm_source=pwa_homescreen","https:\/\/youtube.com.br\/"],"url":"https:\/\/blogdofarnesio.com.br\/?author=2"}]}},"_links":{"self":[{"href":"https:\/\/blogdofarnesio.com.br\/index.php?rest_route=\/wp\/v2\/posts\/306008","targetHints":{"allow":["GET"]}}],"collection":[{"href":"https:\/\/blogdofarnesio.com.br\/index.php?rest_route=\/wp\/v2\/posts"}],"about":[{"href":"https:\/\/blogdofarnesio.com.br\/index.php?rest_route=\/wp\/v2\/types\/post"}],"author":[{"embeddable":true,"href":"https:\/\/blogdofarnesio.com.br\/index.php?rest_route=\/wp\/v2\/users\/2"}],"replies":[{"embeddable":true,"href":"https:\/\/blogdofarnesio.com.br\/index.php?rest_route=%2Fwp%2Fv2%2Fcomments&post=306008"}],"version-history":[{"count":0,"href":"https:\/\/blogdofarnesio.com.br\/index.php?rest_route=\/wp\/v2\/posts\/306008\/revisions"}],"wp:featuredmedia":[{"embeddable":true,"href":"https:\/\/blogdofarnesio.com.br\/index.php?rest_route=\/wp\/v2\/media\/296188"}],"wp:attachment":[{"href":"https:\/\/blogdofarnesio.com.br\/index.php?rest_route=%2Fwp%2Fv2%2Fmedia&parent=306008"}],"wp:term":[{"taxonomy":"category","embeddable":true,"href":"https:\/\/blogdofarnesio.com.br\/index.php?rest_route=%2Fwp%2Fv2%2Fcategories&post=306008"},{"taxonomy":"post_tag","embeddable":true,"href":"https:\/\/blogdofarnesio.com.br\/index.php?rest_route=%2Fwp%2Fv2%2Ftags&post=306008"}],"curies":[{"name":"wp","href":"https:\/\/api.w.org\/{rel}","templated":true}]}}