{"id":305999,"date":"2022-02-08T14:30:10","date_gmt":"2022-02-08T17:30:10","guid":{"rendered":"https:\/\/blogdofarnesio.com.br\/?p=305999"},"modified":"2022-02-08T09:51:33","modified_gmt":"2022-02-08T12:51:33","slug":"acoes-de-servicos-publicos-sao-reprogramadas-apos-afastamento-de-equipes-por-covid-19-em-petrolina","status":"publish","type":"post","link":"https:\/\/blogdofarnesio.com.br\/?p=305999","title":{"rendered":"A\u00e7\u00f5es de servi\u00e7os p\u00fablicos s\u00e3o reprogramadas ap\u00f3s afastamento de equipes por Covid-19 em Petrolina"},"content":{"rendered":"<p style=\"font-weight: 400;\">Mesmo com o elevado n\u00famero de profissionais afastados em virtude de testagem positiva para a Covid-19 e\/ou com sintomas gripais, a Secretaria de Infraestrutura e Mobilidade de Petrolina (Seinfra) segue garantindo os servi\u00e7os de limpeza e zeladoria no munic\u00edpio. Atualmente, cerca de 30 trabalhadores ligados a secretaria executiva de Servi\u00e7os P\u00fablicos est\u00e3o, temporariamente, fora dos seus postos de trabalho.<\/p>\n<p style=\"font-weight: 400;\">A solu\u00e7\u00e3o encontrada pela pasta para n\u00e3o interromper nenhum servi\u00e7o foi estender o prazo para conclus\u00e3o dos servi\u00e7os e fazer a reprograma\u00e7\u00e3o dos cronogramas de a\u00e7\u00f5es e visitas. Al\u00e9m de refor\u00e7ar a conscientiza\u00e7\u00e3o para que todos redobrem os cuidados nesse per\u00edodo de aumento no n\u00famero de casos da Covid-19 e das influenzas.<\/p>\n<p style=\"font-weight: 400;\"><em>\u201cBoa parte desses profissionais afastados trabalham diretamente nas ruas da cidade. E \u00e9 inevit\u00e1vel n\u00e3o sentir o impacto da aus\u00eancia dessas equipes. Felizmente, todos est\u00e3o somente com sintomas leves ou at\u00e9 mesmo assintom\u00e1ticos, e isso nos deixa mais tranquilos e confiantes do pronto restabelecimento\u00a0100% das atividades. Mas seguimos lembrando que a pandemia n\u00e3o acabou e que precisamos manter os cuidados\u201d,<\/em>\u00a0ressalta o secret\u00e1rio executivo de Servi\u00e7os P\u00fablicos, Alisson Oliveira.<\/p>\n<p style=\"font-weight: 400;\">Fotos:\u00a0Ayrton\u00a0Latapiat<\/p>\n<p style=\"font-weight: 400;\">Adailma Gomes &#8211; Assessora de imprensa da Secretaria de Infraestrutura e Mobilidade<\/p>\n","protected":false},"excerpt":{"rendered":"<p>Mesmo com o elevado n\u00famero de profissionais afastados em virtude de testagem positiva para a Covid-19 e\/ou com sintomas gripais, a Secretaria de Infraestrutura e Mobilidade de Petrolina (Seinfra) segue garantindo os servi\u00e7os de limpeza e zeladoria no munic\u00edpio. Atualmente, cerca de 30 trabalhadores ligados a secretaria executiva de Servi\u00e7os P\u00fablicos est\u00e3o, temporariamente, fora dos seus postos de trabalho. A solu\u00e7\u00e3o encontrada pela pasta para n\u00e3o interromper nenhum servi\u00e7o foi estender o prazo para conclus\u00e3o dos servi\u00e7os e fazer a reprograma\u00e7\u00e3o dos cronogramas de a\u00e7\u00f5es e visitas. Al\u00e9m de refor\u00e7ar a conscientiza\u00e7\u00e3o para que todos redobrem os cuidados nesse per\u00edodo de aumento no n\u00famero de casos da Covid-19 e das influenzas. \u201cBoa parte desses profissionais afastados trabalham diretamente nas ruas&hellip; <\/p>\n","protected":false},"author":2,"featured_media":124521,"comment_status":"open","ping_status":"open","sticky":false,"template":"","format":"standard","meta":{"_acf_changed":false,"footnotes":""},"categories":[44],"tags":[],"class_list":["post-305999","post","type-post","status-publish","format-standard","has-post-thumbnail","hentry","category-administracao"],"acf":[],"yoast_head":"<!-- This site is optimized with the Yoast SEO plugin v27.4 - https:\/\/yoast.com\/product\/yoast-seo-wordpress\/ -->\n<title>A\u00e7\u00f5es de servi\u00e7os p\u00fablicos s\u00e3o reprogramadas ap\u00f3s afastamento de equipes por Covid-19 em Petrolina - Blog do Farn\u00e9sio<\/title>\n<meta name=\"robots\" content=\"index, follow, max-snippet:-1, max-image-preview:large, max-video-preview:-1\" \/>\n<link rel=\"canonical\" href=\"https:\/\/blogdofarnesio.com.br\/?p=305999\" \/>\n<meta property=\"og:locale\" content=\"pt_BR\" \/>\n<meta property=\"og:type\" content=\"article\" \/>\n<meta property=\"og:title\" content=\"A\u00e7\u00f5es de servi\u00e7os p\u00fablicos s\u00e3o reprogramadas ap\u00f3s afastamento de equipes por Covid-19 em Petrolina - Blog do Farn\u00e9sio\" \/>\n<meta property=\"og:description\" content=\"Mesmo com o elevado n\u00famero de profissionais afastados em virtude de testagem positiva para a Covid-19 e\/ou com sintomas gripais, a Secretaria de Infraestrutura e Mobilidade de Petrolina (Seinfra) segue garantindo os servi\u00e7os de limpeza e zeladoria no munic\u00edpio. Atualmente, cerca de 30 trabalhadores ligados a secretaria executiva de Servi\u00e7os P\u00fablicos est\u00e3o, temporariamente, fora dos seus postos de trabalho. A solu\u00e7\u00e3o encontrada pela pasta para n\u00e3o interromper nenhum servi\u00e7o foi estender o prazo para conclus\u00e3o dos servi\u00e7os e fazer a reprograma\u00e7\u00e3o dos cronogramas de a\u00e7\u00f5es e visitas. Al\u00e9m de refor\u00e7ar a conscientiza\u00e7\u00e3o para que todos redobrem os cuidados nesse per\u00edodo de aumento no n\u00famero de casos da Covid-19 e das influenzas. \u201cBoa parte desses profissionais afastados trabalham diretamente nas ruas&hellip;\" \/>\n<meta property=\"og:url\" content=\"https:\/\/blogdofarnesio.com.br\/?p=305999\" \/>\n<meta property=\"og:site_name\" content=\"Blog do Farn\u00e9sio\" \/>\n<meta property=\"article:publisher\" content=\"https:\/\/www.facebook.com\/BlogQuerSaberPolitica\/\" \/>\n<meta property=\"article:author\" content=\"https:\/\/www.facebook.com\/?ref=tn_tnmn\" \/>\n<meta property=\"article:published_time\" content=\"2022-02-08T17:30:10+00:00\" \/>\n<meta property=\"og:image\" content=\"https:\/\/blogdofarnesio.com.br\/wp-content\/uploads\/2015\/06\/blogqspprefeiturapet-Foto-Farn\u00e9sio-Silva1.jpg\" \/>\n\t<meta property=\"og:image:width\" content=\"448\" \/>\n\t<meta property=\"og:image:height\" content=\"255\" \/>\n\t<meta property=\"og:image:type\" content=\"image\/jpeg\" \/>\n<meta name=\"author\" content=\"Farn\u00e9sio\" \/>\n<meta name=\"twitter:card\" content=\"summary_large_image\" \/>\n<meta name=\"twitter:label1\" content=\"Escrito por\" \/>\n\t<meta name=\"twitter:data1\" content=\"Farn\u00e9sio\" \/>\n\t<meta name=\"twitter:label2\" content=\"Est. tempo de leitura\" \/>\n\t<meta name=\"twitter:data2\" content=\"1 minuto\" \/>\n<script type=\"application\/ld+json\" class=\"yoast-schema-graph\">{\"@context\":\"https:\\\/\\\/schema.org\",\"@graph\":[{\"@type\":\"Article\",\"@id\":\"https:\\\/\\\/blogdofarnesio.com.br\\\/?p=305999#article\",\"isPartOf\":{\"@id\":\"https:\\\/\\\/blogdofarnesio.com.br\\\/?p=305999\"},\"author\":{\"name\":\"Farn\u00e9sio\",\"@id\":\"https:\\\/\\\/blogdofarnesio.com.br\\\/#\\\/schema\\\/person\\\/bb9b23ae3ad0609ce8df7b6c9e76824d\"},\"headline\":\"A\u00e7\u00f5es de servi\u00e7os p\u00fablicos s\u00e3o reprogramadas ap\u00f3s afastamento de equipes por Covid-19 em Petrolina\",\"datePublished\":\"2022-02-08T17:30:10+00:00\",\"mainEntityOfPage\":{\"@id\":\"https:\\\/\\\/blogdofarnesio.com.br\\\/?p=305999\"},\"wordCount\":240,\"commentCount\":0,\"publisher\":{\"@id\":\"https:\\\/\\\/blogdofarnesio.com.br\\\/#organization\"},\"image\":{\"@id\":\"https:\\\/\\\/blogdofarnesio.com.br\\\/?p=305999#primaryimage\"},\"thumbnailUrl\":\"https:\\\/\\\/blogdofarnesio.com.br\\\/wp-content\\\/uploads\\\/2015\\\/06\\\/blogqspprefeiturapet-Foto-Farn\u00e9sio-Silva1.jpg\",\"articleSection\":[\"Administra\u00e7\u00e3o\"],\"inLanguage\":\"pt-BR\",\"potentialAction\":[{\"@type\":\"CommentAction\",\"name\":\"Comment\",\"target\":[\"https:\\\/\\\/blogdofarnesio.com.br\\\/?p=305999#respond\"]}]},{\"@type\":\"WebPage\",\"@id\":\"https:\\\/\\\/blogdofarnesio.com.br\\\/?p=305999\",\"url\":\"https:\\\/\\\/blogdofarnesio.com.br\\\/?p=305999\",\"name\":\"A\u00e7\u00f5es de servi\u00e7os p\u00fablicos s\u00e3o reprogramadas ap\u00f3s afastamento de equipes por Covid-19 em Petrolina - Blog do Farn\u00e9sio\",\"isPartOf\":{\"@id\":\"https:\\\/\\\/blogdofarnesio.com.br\\\/#website\"},\"primaryImageOfPage\":{\"@id\":\"https:\\\/\\\/blogdofarnesio.com.br\\\/?p=305999#primaryimage\"},\"image\":{\"@id\":\"https:\\\/\\\/blogdofarnesio.com.br\\\/?p=305999#primaryimage\"},\"thumbnailUrl\":\"https:\\\/\\\/blogdofarnesio.com.br\\\/wp-content\\\/uploads\\\/2015\\\/06\\\/blogqspprefeiturapet-Foto-Farn\u00e9sio-Silva1.jpg\",\"datePublished\":\"2022-02-08T17:30:10+00:00\",\"breadcrumb\":{\"@id\":\"https:\\\/\\\/blogdofarnesio.com.br\\\/?p=305999#breadcrumb\"},\"inLanguage\":\"pt-BR\",\"potentialAction\":[{\"@type\":\"ReadAction\",\"target\":[\"https:\\\/\\\/blogdofarnesio.com.br\\\/?p=305999\"]}]},{\"@type\":\"ImageObject\",\"inLanguage\":\"pt-BR\",\"@id\":\"https:\\\/\\\/blogdofarnesio.com.br\\\/?p=305999#primaryimage\",\"url\":\"https:\\\/\\\/blogdofarnesio.com.br\\\/wp-content\\\/uploads\\\/2015\\\/06\\\/blogqspprefeiturapet-Foto-Farn\u00e9sio-Silva1.jpg\",\"contentUrl\":\"https:\\\/\\\/blogdofarnesio.com.br\\\/wp-content\\\/uploads\\\/2015\\\/06\\\/blogqspprefeiturapet-Foto-Farn\u00e9sio-Silva1.jpg\",\"width\":448,\"height\":255,\"caption\":\"Prefeitura de Petrolina PE Foto Farn\u00e9sio Silva\"},{\"@type\":\"BreadcrumbList\",\"@id\":\"https:\\\/\\\/blogdofarnesio.com.br\\\/?p=305999#breadcrumb\",\"itemListElement\":[{\"@type\":\"ListItem\",\"position\":1,\"name\":\"In\u00edcio\",\"item\":\"https:\\\/\\\/blogdofarnesio.com.br\\\/\"},{\"@type\":\"ListItem\",\"position\":2,\"name\":\"A\u00e7\u00f5es de servi\u00e7os p\u00fablicos s\u00e3o reprogramadas ap\u00f3s afastamento de equipes por Covid-19 em Petrolina\"}]},{\"@type\":\"WebSite\",\"@id\":\"https:\\\/\\\/blogdofarnesio.com.br\\\/#website\",\"url\":\"https:\\\/\\\/blogdofarnesio.com.br\\\/\",\"name\":\"Blog do Farn\u00e9sio\",\"description\":\"Quer Saber Pol\u00edtica?\",\"publisher\":{\"@id\":\"https:\\\/\\\/blogdofarnesio.com.br\\\/#organization\"},\"potentialAction\":[{\"@type\":\"SearchAction\",\"target\":{\"@type\":\"EntryPoint\",\"urlTemplate\":\"https:\\\/\\\/blogdofarnesio.com.br\\\/?s={search_term_string}\"},\"query-input\":{\"@type\":\"PropertyValueSpecification\",\"valueRequired\":true,\"valueName\":\"search_term_string\"}}],\"inLanguage\":\"pt-BR\"},{\"@type\":\"Organization\",\"@id\":\"https:\\\/\\\/blogdofarnesio.com.br\\\/#organization\",\"name\":\"Blog do Farn\u00e9sio\",\"url\":\"https:\\\/\\\/blogdofarnesio.com.br\\\/\",\"logo\":{\"@type\":\"ImageObject\",\"inLanguage\":\"pt-BR\",\"@id\":\"https:\\\/\\\/blogdofarnesio.com.br\\\/#\\\/schema\\\/logo\\\/image\\\/\",\"url\":\"https:\\\/\\\/blogdofarnesio.com.br\\\/wp-content\\\/uploads\\\/2026\\\/03\\\/cropped-logo_new-1.png\",\"contentUrl\":\"https:\\\/\\\/blogdofarnesio.com.br\\\/wp-content\\\/uploads\\\/2026\\\/03\\\/cropped-logo_new-1.png\",\"width\":881,\"height\":685,\"caption\":\"Blog do Farn\u00e9sio\"},\"image\":{\"@id\":\"https:\\\/\\\/blogdofarnesio.com.br\\\/#\\\/schema\\\/logo\\\/image\\\/\"},\"sameAs\":[\"https:\\\/\\\/www.facebook.com\\\/BlogQuerSaberPolitica\\\/\"]},{\"@type\":\"Person\",\"@id\":\"https:\\\/\\\/blogdofarnesio.com.br\\\/#\\\/schema\\\/person\\\/bb9b23ae3ad0609ce8df7b6c9e76824d\",\"name\":\"Farn\u00e9sio\",\"image\":{\"@type\":\"ImageObject\",\"inLanguage\":\"pt-BR\",\"@id\":\"https:\\\/\\\/secure.gravatar.com\\\/avatar\\\/986aa4c61ccdb66f8555bf88fc2a65609d00bcabd4d2d94377a727547345cbca?s=96&d=mm&r=g\",\"url\":\"https:\\\/\\\/secure.gravatar.com\\\/avatar\\\/986aa4c61ccdb66f8555bf88fc2a65609d00bcabd4d2d94377a727547345cbca?s=96&d=mm&r=g\",\"contentUrl\":\"https:\\\/\\\/secure.gravatar.com\\\/avatar\\\/986aa4c61ccdb66f8555bf88fc2a65609d00bcabd4d2d94377a727547345cbca?s=96&d=mm&r=g\",\"caption\":\"Farn\u00e9sio\"},\"description\":\"Radialista blogueiro, chegou a Petrolina\\\/Juazeiro em setembro de 1980, Farn\u00e9sio Silva \u00e9 de Arapiraca-Alagoas.\",\"sameAs\":[\"http:\\\/\\\/blogdofarnesio.com.br\",\"https:\\\/\\\/www.facebook.com\\\/?ref=tn_tnmn\",\"https:\\\/\\\/www.instagram.com\\\/?utm_source=pwa_homescreen\",\"https:\\\/\\\/youtube.com.br\\\/\"],\"url\":\"https:\\\/\\\/blogdofarnesio.com.br\\\/?author=2\"}]}<\/script>\n<!-- \/ Yoast SEO plugin. -->","yoast_head_json":{"title":"A\u00e7\u00f5es de servi\u00e7os p\u00fablicos s\u00e3o reprogramadas ap\u00f3s afastamento de equipes por Covid-19 em Petrolina - Blog do Farn\u00e9sio","robots":{"index":"index","follow":"follow","max-snippet":"max-snippet:-1","max-image-preview":"max-image-preview:large","max-video-preview":"max-video-preview:-1"},"canonical":"https:\/\/blogdofarnesio.com.br\/?p=305999","og_locale":"pt_BR","og_type":"article","og_title":"A\u00e7\u00f5es de servi\u00e7os p\u00fablicos s\u00e3o reprogramadas ap\u00f3s afastamento de equipes por Covid-19 em Petrolina - Blog do Farn\u00e9sio","og_description":"Mesmo com o elevado n\u00famero de profissionais afastados em virtude de testagem positiva para a Covid-19 e\/ou com sintomas gripais, a Secretaria de Infraestrutura e Mobilidade de Petrolina (Seinfra) segue garantindo os servi\u00e7os de limpeza e zeladoria no munic\u00edpio. Atualmente, cerca de 30 trabalhadores ligados a secretaria executiva de Servi\u00e7os P\u00fablicos est\u00e3o, temporariamente, fora dos seus postos de trabalho. A solu\u00e7\u00e3o encontrada pela pasta para n\u00e3o interromper nenhum servi\u00e7o foi estender o prazo para conclus\u00e3o dos servi\u00e7os e fazer a reprograma\u00e7\u00e3o dos cronogramas de a\u00e7\u00f5es e visitas. Al\u00e9m de refor\u00e7ar a conscientiza\u00e7\u00e3o para que todos redobrem os cuidados nesse per\u00edodo de aumento no n\u00famero de casos da Covid-19 e das influenzas. \u201cBoa parte desses profissionais afastados trabalham diretamente nas ruas&hellip;","og_url":"https:\/\/blogdofarnesio.com.br\/?p=305999","og_site_name":"Blog do Farn\u00e9sio","article_publisher":"https:\/\/www.facebook.com\/BlogQuerSaberPolitica\/","article_author":"https:\/\/www.facebook.com\/?ref=tn_tnmn","article_published_time":"2022-02-08T17:30:10+00:00","og_image":[{"width":448,"height":255,"url":"https:\/\/blogdofarnesio.com.br\/wp-content\/uploads\/2015\/06\/blogqspprefeiturapet-Foto-Farn\u00e9sio-Silva1.jpg","type":"image\/jpeg"}],"author":"Farn\u00e9sio","twitter_card":"summary_large_image","twitter_misc":{"Escrito por":"Farn\u00e9sio","Est. tempo de leitura":"1 minuto"},"schema":{"@context":"https:\/\/schema.org","@graph":[{"@type":"Article","@id":"https:\/\/blogdofarnesio.com.br\/?p=305999#article","isPartOf":{"@id":"https:\/\/blogdofarnesio.com.br\/?p=305999"},"author":{"name":"Farn\u00e9sio","@id":"https:\/\/blogdofarnesio.com.br\/#\/schema\/person\/bb9b23ae3ad0609ce8df7b6c9e76824d"},"headline":"A\u00e7\u00f5es de servi\u00e7os p\u00fablicos s\u00e3o reprogramadas ap\u00f3s afastamento de equipes por Covid-19 em Petrolina","datePublished":"2022-02-08T17:30:10+00:00","mainEntityOfPage":{"@id":"https:\/\/blogdofarnesio.com.br\/?p=305999"},"wordCount":240,"commentCount":0,"publisher":{"@id":"https:\/\/blogdofarnesio.com.br\/#organization"},"image":{"@id":"https:\/\/blogdofarnesio.com.br\/?p=305999#primaryimage"},"thumbnailUrl":"https:\/\/blogdofarnesio.com.br\/wp-content\/uploads\/2015\/06\/blogqspprefeiturapet-Foto-Farn\u00e9sio-Silva1.jpg","articleSection":["Administra\u00e7\u00e3o"],"inLanguage":"pt-BR","potentialAction":[{"@type":"CommentAction","name":"Comment","target":["https:\/\/blogdofarnesio.com.br\/?p=305999#respond"]}]},{"@type":"WebPage","@id":"https:\/\/blogdofarnesio.com.br\/?p=305999","url":"https:\/\/blogdofarnesio.com.br\/?p=305999","name":"A\u00e7\u00f5es de servi\u00e7os p\u00fablicos s\u00e3o reprogramadas ap\u00f3s afastamento de equipes por Covid-19 em Petrolina - Blog do Farn\u00e9sio","isPartOf":{"@id":"https:\/\/blogdofarnesio.com.br\/#website"},"primaryImageOfPage":{"@id":"https:\/\/blogdofarnesio.com.br\/?p=305999#primaryimage"},"image":{"@id":"https:\/\/blogdofarnesio.com.br\/?p=305999#primaryimage"},"thumbnailUrl":"https:\/\/blogdofarnesio.com.br\/wp-content\/uploads\/2015\/06\/blogqspprefeiturapet-Foto-Farn\u00e9sio-Silva1.jpg","datePublished":"2022-02-08T17:30:10+00:00","breadcrumb":{"@id":"https:\/\/blogdofarnesio.com.br\/?p=305999#breadcrumb"},"inLanguage":"pt-BR","potentialAction":[{"@type":"ReadAction","target":["https:\/\/blogdofarnesio.com.br\/?p=305999"]}]},{"@type":"ImageObject","inLanguage":"pt-BR","@id":"https:\/\/blogdofarnesio.com.br\/?p=305999#primaryimage","url":"https:\/\/blogdofarnesio.com.br\/wp-content\/uploads\/2015\/06\/blogqspprefeiturapet-Foto-Farn\u00e9sio-Silva1.jpg","contentUrl":"https:\/\/blogdofarnesio.com.br\/wp-content\/uploads\/2015\/06\/blogqspprefeiturapet-Foto-Farn\u00e9sio-Silva1.jpg","width":448,"height":255,"caption":"Prefeitura de Petrolina PE Foto Farn\u00e9sio Silva"},{"@type":"BreadcrumbList","@id":"https:\/\/blogdofarnesio.com.br\/?p=305999#breadcrumb","itemListElement":[{"@type":"ListItem","position":1,"name":"In\u00edcio","item":"https:\/\/blogdofarnesio.com.br\/"},{"@type":"ListItem","position":2,"name":"A\u00e7\u00f5es de servi\u00e7os p\u00fablicos s\u00e3o reprogramadas ap\u00f3s afastamento de equipes por Covid-19 em Petrolina"}]},{"@type":"WebSite","@id":"https:\/\/blogdofarnesio.com.br\/#website","url":"https:\/\/blogdofarnesio.com.br\/","name":"Blog do Farn\u00e9sio","description":"Quer Saber Pol\u00edtica?","publisher":{"@id":"https:\/\/blogdofarnesio.com.br\/#organization"},"potentialAction":[{"@type":"SearchAction","target":{"@type":"EntryPoint","urlTemplate":"https:\/\/blogdofarnesio.com.br\/?s={search_term_string}"},"query-input":{"@type":"PropertyValueSpecification","valueRequired":true,"valueName":"search_term_string"}}],"inLanguage":"pt-BR"},{"@type":"Organization","@id":"https:\/\/blogdofarnesio.com.br\/#organization","name":"Blog do Farn\u00e9sio","url":"https:\/\/blogdofarnesio.com.br\/","logo":{"@type":"ImageObject","inLanguage":"pt-BR","@id":"https:\/\/blogdofarnesio.com.br\/#\/schema\/logo\/image\/","url":"https:\/\/blogdofarnesio.com.br\/wp-content\/uploads\/2026\/03\/cropped-logo_new-1.png","contentUrl":"https:\/\/blogdofarnesio.com.br\/wp-content\/uploads\/2026\/03\/cropped-logo_new-1.png","width":881,"height":685,"caption":"Blog do Farn\u00e9sio"},"image":{"@id":"https:\/\/blogdofarnesio.com.br\/#\/schema\/logo\/image\/"},"sameAs":["https:\/\/www.facebook.com\/BlogQuerSaberPolitica\/"]},{"@type":"Person","@id":"https:\/\/blogdofarnesio.com.br\/#\/schema\/person\/bb9b23ae3ad0609ce8df7b6c9e76824d","name":"Farn\u00e9sio","image":{"@type":"ImageObject","inLanguage":"pt-BR","@id":"https:\/\/secure.gravatar.com\/avatar\/986aa4c61ccdb66f8555bf88fc2a65609d00bcabd4d2d94377a727547345cbca?s=96&d=mm&r=g","url":"https:\/\/secure.gravatar.com\/avatar\/986aa4c61ccdb66f8555bf88fc2a65609d00bcabd4d2d94377a727547345cbca?s=96&d=mm&r=g","contentUrl":"https:\/\/secure.gravatar.com\/avatar\/986aa4c61ccdb66f8555bf88fc2a65609d00bcabd4d2d94377a727547345cbca?s=96&d=mm&r=g","caption":"Farn\u00e9sio"},"description":"Radialista blogueiro, chegou a Petrolina\/Juazeiro em setembro de 1980, Farn\u00e9sio Silva \u00e9 de Arapiraca-Alagoas.","sameAs":["http:\/\/blogdofarnesio.com.br","https:\/\/www.facebook.com\/?ref=tn_tnmn","https:\/\/www.instagram.com\/?utm_source=pwa_homescreen","https:\/\/youtube.com.br\/"],"url":"https:\/\/blogdofarnesio.com.br\/?author=2"}]}},"_links":{"self":[{"href":"https:\/\/blogdofarnesio.com.br\/index.php?rest_route=\/wp\/v2\/posts\/305999","targetHints":{"allow":["GET"]}}],"collection":[{"href":"https:\/\/blogdofarnesio.com.br\/index.php?rest_route=\/wp\/v2\/posts"}],"about":[{"href":"https:\/\/blogdofarnesio.com.br\/index.php?rest_route=\/wp\/v2\/types\/post"}],"author":[{"embeddable":true,"href":"https:\/\/blogdofarnesio.com.br\/index.php?rest_route=\/wp\/v2\/users\/2"}],"replies":[{"embeddable":true,"href":"https:\/\/blogdofarnesio.com.br\/index.php?rest_route=%2Fwp%2Fv2%2Fcomments&post=305999"}],"version-history":[{"count":0,"href":"https:\/\/blogdofarnesio.com.br\/index.php?rest_route=\/wp\/v2\/posts\/305999\/revisions"}],"wp:featuredmedia":[{"embeddable":true,"href":"https:\/\/blogdofarnesio.com.br\/index.php?rest_route=\/wp\/v2\/media\/124521"}],"wp:attachment":[{"href":"https:\/\/blogdofarnesio.com.br\/index.php?rest_route=%2Fwp%2Fv2%2Fmedia&parent=305999"}],"wp:term":[{"taxonomy":"category","embeddable":true,"href":"https:\/\/blogdofarnesio.com.br\/index.php?rest_route=%2Fwp%2Fv2%2Fcategories&post=305999"},{"taxonomy":"post_tag","embeddable":true,"href":"https:\/\/blogdofarnesio.com.br\/index.php?rest_route=%2Fwp%2Fv2%2Ftags&post=305999"}],"curies":[{"name":"wp","href":"https:\/\/api.w.org\/{rel}","templated":true}]}}