{"id":305986,"date":"2022-02-08T11:04:46","date_gmt":"2022-02-08T14:04:46","guid":{"rendered":"https:\/\/blogdofarnesio.com.br\/?p=305986"},"modified":"2022-02-08T06:53:06","modified_gmt":"2022-02-08T09:53:06","slug":"congresso-analisara-20-vetos-presidenciais-nesta-terca-feira","status":"publish","type":"post","link":"https:\/\/blogdofarnesio.com.br\/?p=305986","title":{"rendered":"Congresso analisar\u00e1 20 vetos presidenciais nesta ter\u00e7a-feira"},"content":{"rendered":"<div class=\"box-title\">\n<p>por Felipe Dourado, de Bras\u00edlia &#8211;<\/p>\n<\/div>\n<div class=\"box-body\" data-io-article-url=\"https:\/\/www.bahianoticias.com.br\/\">\n<div class=\"text-descricao\">\n<p>A C\u00e2mara dos Deputados e o Senado Federal se juntam, a partir das 14h desta ter\u00e7a-feira (8) para deliberar acerca de 18 vetos presidenciais a projetos de lei aprovados no Congresso em 2021 e outros dois decretados antes mesmo do retorno aos trabalhos no Legislativo. Na pauta divulgada na sexta-feira passada, o presidente do Senado Rodrigo Pacheco (PSD-MG) incluiu a an\u00e1lise dos vetos que regimentalmente trancam o restante das discuss\u00f5es no Congresso, consideradas como de maior urg\u00eancia pelos parlamentares, al\u00e9m de outros de relev\u00e2ncia e maior pol\u00eamica no cen\u00e1rio pol\u00edtico.<\/p>\n<p>&nbsp;<\/p>\n<p>Dentre os principais assuntos a serem abordados na plen\u00e1ria est\u00e3o o veto a dispositivos no processo de privatiza\u00e7\u00e3o da Eletrobras, al\u00e9m de vetos a compensa\u00e7\u00f5es fiscais durante a campanha eleitoral para emissoras de R\u00e1dio e TV e sobre o tema Pobreza Menstrual.<\/p>\n<p>&nbsp;<\/p>\n<p>ELETROBRAS<\/p>\n<p>Ao todo, o governo federal vetou 14 dispositivos que incidem sobre o processo de privatiza\u00e7\u00e3o da Eletrobras no VET 36\/2021. O primeiro trata da possibilidade de empregados e ex-empregados da estatal exercerem a compra de at\u00e9 1% das a\u00e7\u00f5es remanescentes em poder da Uni\u00e3o.<\/p>\n<p>&nbsp;<\/p>\n<p>Outra cl\u00e1usula que foi impedida de se manter no texto foi a de o governo realocar os funcion\u00e1rios que por ventura forem demitidos sem justa causa durante o ano subsequente \u00e0 privatiza\u00e7\u00e3o.<\/p>\n<p>&nbsp;<\/p>\n<p>DISTRIBUI\u00c7\u00c3O DE ABSORVENTES<\/p>\n<p>Outro tema que entrar\u00e1 em discuss\u00e3o no plen\u00e1rio ser\u00e1 Veto Parcial n\u00ba 59\/2021, que impede a distribui\u00e7\u00e3o de absorventes higi\u00eanicos femininos como itens essenciais nas cestas b\u00e1sicas entregues a estudantes de baixa renda e mulheres em situa\u00e7\u00e3o de vulnerabilidade econ\u00f4mica e social.<\/p>\n<p>&nbsp;<\/p>\n<p>Para a deputada L\u00eddice da Mata (PSB-BA), o veto precisa ser derrubado para garantir maior dignidade \u00e0s mulheres em situa\u00e7\u00e3o de pobreza menstrual no pa\u00eds. De acordo com ela, a manuten\u00e7\u00e3o do veto se traduziria como \u201cmais uma crueldade\u201d do governo Bolsonaro. &#8220;Ter uma em cada cinco meninas faltando \u00e0 escola \u00e9 um grande problema no pa\u00eds, pois a evas\u00e3o escolar custa muito aos cofres p\u00fablicos e tamb\u00e9m \u00e0s pr\u00f3prias faltosas. \u00c9 preciso que em todas as esferas, os governos olhem para esse problema. \u00c9 algo que merece a aten\u00e7\u00e3o do Poder P\u00fablico&#8221;, comentou.<\/p>\n<p>&nbsp;<\/p>\n<p>COMPENSA\u00c7\u00c3O FISCAL DURANTE PROPAGANDA ELEITORAL<\/p>\n<p>Entrando no ano de 2022, Bolsonaro publicou um veto parcial ao PL 4572\/2019, que estabelece compensa\u00e7\u00e3o fiscal \u00e0s emissoras de r\u00e1dio e TV em contrapartida \u00e0 cess\u00e3o de espa\u00e7o nas grades hor\u00e1rias aos programas partid\u00e1rios no per\u00edodo de campanha eleitoral em 2022.<\/p>\n<p>&nbsp;<\/p>\n<p>Segundo o governo federal, a proposta \u00e9 inconstitucional pois &#8220;instituiria benef\u00edcio fiscal&#8221; e, assim, poderia ser enquadrada na Lei de Responsabilidade Fiscal e nas Diretrizes Or\u00e7ament\u00e1rias.<\/p>\n<p>&nbsp;<\/p>\n<p>CONFIRA TODOS OS VETOS QUE EST\u00c3O NA PAUTA<\/p>\n<p>Confira abaixo todos os vetos que poder\u00e3o ser apreciados na sess\u00e3o desta ter\u00e7a:<\/p>\n<ul>\n<li>Veto Parcial 2\/2022 (Compensa\u00e7\u00e3o fiscal \u00e0s emissoras de r\u00e1dio e televis\u00e3o pela cess\u00e3o do hor\u00e1rio gratuito aos programas partid\u00e1rios)<\/li>\n<li>Veto Total 6\/2022 (Prorroga\u00e7\u00e3o do prazo de validade de concursos p\u00fablicos)<\/li>\n<li>Veto Total 14\/2021 (Regras de ado\u00e7\u00e3o)<\/li>\n<li>Veto Parcial 19\/2021 (Programa Emergencial de Retomada do Setor de Eventos)<\/li>\n<li>Veto Parcial 25\/2021 (Marco Legal das Startups)<\/li>\n<li>Veto Total 33\/2021 (Inclui o l\u00fapus e a epilepsia na lista de doen\u00e7as que acarretam dispensa do prazo de car\u00eancia para a concess\u00e3o dos benef\u00edcios de aux\u00edlio-doen\u00e7a e aposentadoria por invalidez)<\/li>\n<li>Veto Parcial 36\/2021 (Privatiza\u00e7\u00e3o da Eletrobr\u00e1s)<\/li>\n<li>Veto Total 41\/2021 (Cobertura da quimioterapia oral pelos planos de sa\u00fade)<\/li>\n<li>Veto Parcial 46\/2021 (Lei de Seguran\u00e7a Nacional)<\/li>\n<li>Veto Parcial 48\/2021 (Quebra de patentes em emerg\u00eancias de sa\u00fade)<\/li>\n<li>Veto Parcial 50\/2021 (Gest\u00e3o de cargos na administra\u00e7\u00e3o federal)<\/li>\n<li>Veto Parcial 55\/2021 (Quantitativo de candidaturas nas elei\u00e7\u00f5es)<\/li>\n<li>Veto Parcial 56\/2021 (Altera\u00e7\u00e3o LDO 2021) Veto Total 58\/2021 (Conceitua o termo \u201cpra\u00e7a\u201d para cobran\u00e7a de IPI)<\/li>\n<li>Veto Parcial 59\/2021 (Programa de Promo\u00e7\u00e3o da Sa\u00fade Menstrual)<\/li>\n<li>Veto Total 60\/2021 (Denomina Rodovia Jo\u00e3o Goulart trecho da BR-153)<\/li>\n<li>Veto Parcial 61\/2021 (Fundo Garantidor de Infraestrutura)<\/li>\n<li>Veto Parcial 62\/2021 (Dados da viol\u00eancia contra a mulher)<\/li>\n<li>Veto Parcial 63\/2021 (Estatuto da Pessoa com C\u00e2ncer)<\/li>\n<\/ul>\n<\/div>\n<\/div>\n","protected":false},"excerpt":{"rendered":"<p>por Felipe Dourado, de Bras\u00edlia &#8211; A C\u00e2mara dos Deputados e o Senado Federal se juntam, a partir das 14h desta ter\u00e7a-feira (8) para deliberar acerca de 18 vetos presidenciais a projetos de lei aprovados no Congresso em 2021 e outros dois decretados antes mesmo do retorno aos trabalhos no Legislativo. Na pauta divulgada na sexta-feira passada, o presidente do Senado Rodrigo Pacheco (PSD-MG) incluiu a an\u00e1lise dos vetos que regimentalmente trancam o restante das discuss\u00f5es no Congresso, consideradas como de maior urg\u00eancia pelos parlamentares, al\u00e9m de outros de relev\u00e2ncia e maior pol\u00eamica no cen\u00e1rio pol\u00edtico. &nbsp; Dentre os principais assuntos a serem abordados na plen\u00e1ria est\u00e3o o veto a dispositivos no processo de privatiza\u00e7\u00e3o da Eletrobras, al\u00e9m de vetos&hellip; <\/p>\n","protected":false},"author":2,"featured_media":155018,"comment_status":"open","ping_status":"open","sticky":false,"template":"","format":"standard","meta":{"_acf_changed":false,"footnotes":""},"categories":[1],"tags":[],"class_list":["post-305986","post","type-post","status-publish","format-standard","has-post-thumbnail","hentry","category-politica"],"acf":[],"yoast_head":"<!-- This site is optimized with the Yoast SEO plugin v27.4 - https:\/\/yoast.com\/product\/yoast-seo-wordpress\/ -->\n<title>Congresso analisar\u00e1 20 vetos presidenciais nesta ter\u00e7a-feira - Blog do Farn\u00e9sio<\/title>\n<meta name=\"robots\" content=\"index, follow, max-snippet:-1, max-image-preview:large, max-video-preview:-1\" \/>\n<link rel=\"canonical\" href=\"https:\/\/blogdofarnesio.com.br\/?p=305986\" \/>\n<meta property=\"og:locale\" content=\"pt_BR\" \/>\n<meta property=\"og:type\" content=\"article\" \/>\n<meta property=\"og:title\" content=\"Congresso analisar\u00e1 20 vetos presidenciais nesta ter\u00e7a-feira - Blog do Farn\u00e9sio\" \/>\n<meta property=\"og:description\" content=\"por Felipe Dourado, de Bras\u00edlia &#8211; A C\u00e2mara dos Deputados e o Senado Federal se juntam, a partir das 14h desta ter\u00e7a-feira (8) para deliberar acerca de 18 vetos presidenciais a projetos de lei aprovados no Congresso em 2021 e outros dois decretados antes mesmo do retorno aos trabalhos no Legislativo. Na pauta divulgada na sexta-feira passada, o presidente do Senado Rodrigo Pacheco (PSD-MG) incluiu a an\u00e1lise dos vetos que regimentalmente trancam o restante das discuss\u00f5es no Congresso, consideradas como de maior urg\u00eancia pelos parlamentares, al\u00e9m de outros de relev\u00e2ncia e maior pol\u00eamica no cen\u00e1rio pol\u00edtico. &nbsp; Dentre os principais assuntos a serem abordados na plen\u00e1ria est\u00e3o o veto a dispositivos no processo de privatiza\u00e7\u00e3o da Eletrobras, al\u00e9m de vetos&hellip;\" \/>\n<meta property=\"og:url\" content=\"https:\/\/blogdofarnesio.com.br\/?p=305986\" \/>\n<meta property=\"og:site_name\" content=\"Blog do Farn\u00e9sio\" \/>\n<meta property=\"article:publisher\" content=\"https:\/\/www.facebook.com\/BlogQuerSaberPolitica\/\" \/>\n<meta property=\"article:author\" content=\"https:\/\/www.facebook.com\/?ref=tn_tnmn\" \/>\n<meta property=\"article:published_time\" content=\"2022-02-08T14:04:46+00:00\" \/>\n<meta property=\"og:image\" content=\"https:\/\/blogdofarnesio.com.br\/wp-content\/uploads\/2017\/01\/blogqsp-congresso-nacional.jpg\" \/>\n\t<meta property=\"og:image:width\" content=\"640\" \/>\n\t<meta property=\"og:image:height\" content=\"353\" \/>\n\t<meta property=\"og:image:type\" content=\"image\/jpeg\" \/>\n<meta name=\"author\" content=\"Farn\u00e9sio\" \/>\n<meta name=\"twitter:card\" content=\"summary_large_image\" \/>\n<meta name=\"twitter:label1\" content=\"Escrito por\" \/>\n\t<meta name=\"twitter:data1\" content=\"Farn\u00e9sio\" \/>\n\t<meta name=\"twitter:label2\" content=\"Est. tempo de leitura\" \/>\n\t<meta name=\"twitter:data2\" content=\"4 minutos\" \/>\n<script type=\"application\/ld+json\" class=\"yoast-schema-graph\">{\"@context\":\"https:\\\/\\\/schema.org\",\"@graph\":[{\"@type\":\"Article\",\"@id\":\"https:\\\/\\\/blogdofarnesio.com.br\\\/?p=305986#article\",\"isPartOf\":{\"@id\":\"https:\\\/\\\/blogdofarnesio.com.br\\\/?p=305986\"},\"author\":{\"name\":\"Farn\u00e9sio\",\"@id\":\"https:\\\/\\\/blogdofarnesio.com.br\\\/#\\\/schema\\\/person\\\/bb9b23ae3ad0609ce8df7b6c9e76824d\"},\"headline\":\"Congresso analisar\u00e1 20 vetos presidenciais nesta ter\u00e7a-feira\",\"datePublished\":\"2022-02-08T14:04:46+00:00\",\"mainEntityOfPage\":{\"@id\":\"https:\\\/\\\/blogdofarnesio.com.br\\\/?p=305986\"},\"wordCount\":712,\"commentCount\":0,\"publisher\":{\"@id\":\"https:\\\/\\\/blogdofarnesio.com.br\\\/#organization\"},\"image\":{\"@id\":\"https:\\\/\\\/blogdofarnesio.com.br\\\/?p=305986#primaryimage\"},\"thumbnailUrl\":\"https:\\\/\\\/blogdofarnesio.com.br\\\/wp-content\\\/uploads\\\/2017\\\/01\\\/blogqsp-congresso-nacional.jpg\",\"articleSection\":[\"Pol\u00edtica\"],\"inLanguage\":\"pt-BR\",\"potentialAction\":[{\"@type\":\"CommentAction\",\"name\":\"Comment\",\"target\":[\"https:\\\/\\\/blogdofarnesio.com.br\\\/?p=305986#respond\"]}]},{\"@type\":\"WebPage\",\"@id\":\"https:\\\/\\\/blogdofarnesio.com.br\\\/?p=305986\",\"url\":\"https:\\\/\\\/blogdofarnesio.com.br\\\/?p=305986\",\"name\":\"Congresso analisar\u00e1 20 vetos presidenciais nesta ter\u00e7a-feira - Blog do Farn\u00e9sio\",\"isPartOf\":{\"@id\":\"https:\\\/\\\/blogdofarnesio.com.br\\\/#website\"},\"primaryImageOfPage\":{\"@id\":\"https:\\\/\\\/blogdofarnesio.com.br\\\/?p=305986#primaryimage\"},\"image\":{\"@id\":\"https:\\\/\\\/blogdofarnesio.com.br\\\/?p=305986#primaryimage\"},\"thumbnailUrl\":\"https:\\\/\\\/blogdofarnesio.com.br\\\/wp-content\\\/uploads\\\/2017\\\/01\\\/blogqsp-congresso-nacional.jpg\",\"datePublished\":\"2022-02-08T14:04:46+00:00\",\"breadcrumb\":{\"@id\":\"https:\\\/\\\/blogdofarnesio.com.br\\\/?p=305986#breadcrumb\"},\"inLanguage\":\"pt-BR\",\"potentialAction\":[{\"@type\":\"ReadAction\",\"target\":[\"https:\\\/\\\/blogdofarnesio.com.br\\\/?p=305986\"]}]},{\"@type\":\"ImageObject\",\"inLanguage\":\"pt-BR\",\"@id\":\"https:\\\/\\\/blogdofarnesio.com.br\\\/?p=305986#primaryimage\",\"url\":\"https:\\\/\\\/blogdofarnesio.com.br\\\/wp-content\\\/uploads\\\/2017\\\/01\\\/blogqsp-congresso-nacional.jpg\",\"contentUrl\":\"https:\\\/\\\/blogdofarnesio.com.br\\\/wp-content\\\/uploads\\\/2017\\\/01\\\/blogqsp-congresso-nacional.jpg\",\"width\":640,\"height\":353},{\"@type\":\"BreadcrumbList\",\"@id\":\"https:\\\/\\\/blogdofarnesio.com.br\\\/?p=305986#breadcrumb\",\"itemListElement\":[{\"@type\":\"ListItem\",\"position\":1,\"name\":\"In\u00edcio\",\"item\":\"https:\\\/\\\/blogdofarnesio.com.br\\\/\"},{\"@type\":\"ListItem\",\"position\":2,\"name\":\"Congresso analisar\u00e1 20 vetos presidenciais nesta ter\u00e7a-feira\"}]},{\"@type\":\"WebSite\",\"@id\":\"https:\\\/\\\/blogdofarnesio.com.br\\\/#website\",\"url\":\"https:\\\/\\\/blogdofarnesio.com.br\\\/\",\"name\":\"Blog do Farn\u00e9sio\",\"description\":\"Quer Saber Pol\u00edtica?\",\"publisher\":{\"@id\":\"https:\\\/\\\/blogdofarnesio.com.br\\\/#organization\"},\"potentialAction\":[{\"@type\":\"SearchAction\",\"target\":{\"@type\":\"EntryPoint\",\"urlTemplate\":\"https:\\\/\\\/blogdofarnesio.com.br\\\/?s={search_term_string}\"},\"query-input\":{\"@type\":\"PropertyValueSpecification\",\"valueRequired\":true,\"valueName\":\"search_term_string\"}}],\"inLanguage\":\"pt-BR\"},{\"@type\":\"Organization\",\"@id\":\"https:\\\/\\\/blogdofarnesio.com.br\\\/#organization\",\"name\":\"Blog do Farn\u00e9sio\",\"url\":\"https:\\\/\\\/blogdofarnesio.com.br\\\/\",\"logo\":{\"@type\":\"ImageObject\",\"inLanguage\":\"pt-BR\",\"@id\":\"https:\\\/\\\/blogdofarnesio.com.br\\\/#\\\/schema\\\/logo\\\/image\\\/\",\"url\":\"https:\\\/\\\/blogdofarnesio.com.br\\\/wp-content\\\/uploads\\\/2026\\\/03\\\/cropped-logo_new-1.png\",\"contentUrl\":\"https:\\\/\\\/blogdofarnesio.com.br\\\/wp-content\\\/uploads\\\/2026\\\/03\\\/cropped-logo_new-1.png\",\"width\":881,\"height\":685,\"caption\":\"Blog do Farn\u00e9sio\"},\"image\":{\"@id\":\"https:\\\/\\\/blogdofarnesio.com.br\\\/#\\\/schema\\\/logo\\\/image\\\/\"},\"sameAs\":[\"https:\\\/\\\/www.facebook.com\\\/BlogQuerSaberPolitica\\\/\"]},{\"@type\":\"Person\",\"@id\":\"https:\\\/\\\/blogdofarnesio.com.br\\\/#\\\/schema\\\/person\\\/bb9b23ae3ad0609ce8df7b6c9e76824d\",\"name\":\"Farn\u00e9sio\",\"image\":{\"@type\":\"ImageObject\",\"inLanguage\":\"pt-BR\",\"@id\":\"https:\\\/\\\/secure.gravatar.com\\\/avatar\\\/986aa4c61ccdb66f8555bf88fc2a65609d00bcabd4d2d94377a727547345cbca?s=96&d=mm&r=g\",\"url\":\"https:\\\/\\\/secure.gravatar.com\\\/avatar\\\/986aa4c61ccdb66f8555bf88fc2a65609d00bcabd4d2d94377a727547345cbca?s=96&d=mm&r=g\",\"contentUrl\":\"https:\\\/\\\/secure.gravatar.com\\\/avatar\\\/986aa4c61ccdb66f8555bf88fc2a65609d00bcabd4d2d94377a727547345cbca?s=96&d=mm&r=g\",\"caption\":\"Farn\u00e9sio\"},\"description\":\"Radialista blogueiro, chegou a Petrolina\\\/Juazeiro em setembro de 1980, Farn\u00e9sio Silva \u00e9 de Arapiraca-Alagoas.\",\"sameAs\":[\"http:\\\/\\\/blogdofarnesio.com.br\",\"https:\\\/\\\/www.facebook.com\\\/?ref=tn_tnmn\",\"https:\\\/\\\/www.instagram.com\\\/?utm_source=pwa_homescreen\",\"https:\\\/\\\/youtube.com.br\\\/\"],\"url\":\"https:\\\/\\\/blogdofarnesio.com.br\\\/?author=2\"}]}<\/script>\n<!-- \/ Yoast SEO plugin. -->","yoast_head_json":{"title":"Congresso analisar\u00e1 20 vetos presidenciais nesta ter\u00e7a-feira - Blog do Farn\u00e9sio","robots":{"index":"index","follow":"follow","max-snippet":"max-snippet:-1","max-image-preview":"max-image-preview:large","max-video-preview":"max-video-preview:-1"},"canonical":"https:\/\/blogdofarnesio.com.br\/?p=305986","og_locale":"pt_BR","og_type":"article","og_title":"Congresso analisar\u00e1 20 vetos presidenciais nesta ter\u00e7a-feira - Blog do Farn\u00e9sio","og_description":"por Felipe Dourado, de Bras\u00edlia &#8211; A C\u00e2mara dos Deputados e o Senado Federal se juntam, a partir das 14h desta ter\u00e7a-feira (8) para deliberar acerca de 18 vetos presidenciais a projetos de lei aprovados no Congresso em 2021 e outros dois decretados antes mesmo do retorno aos trabalhos no Legislativo. Na pauta divulgada na sexta-feira passada, o presidente do Senado Rodrigo Pacheco (PSD-MG) incluiu a an\u00e1lise dos vetos que regimentalmente trancam o restante das discuss\u00f5es no Congresso, consideradas como de maior urg\u00eancia pelos parlamentares, al\u00e9m de outros de relev\u00e2ncia e maior pol\u00eamica no cen\u00e1rio pol\u00edtico. &nbsp; Dentre os principais assuntos a serem abordados na plen\u00e1ria est\u00e3o o veto a dispositivos no processo de privatiza\u00e7\u00e3o da Eletrobras, al\u00e9m de vetos&hellip;","og_url":"https:\/\/blogdofarnesio.com.br\/?p=305986","og_site_name":"Blog do Farn\u00e9sio","article_publisher":"https:\/\/www.facebook.com\/BlogQuerSaberPolitica\/","article_author":"https:\/\/www.facebook.com\/?ref=tn_tnmn","article_published_time":"2022-02-08T14:04:46+00:00","og_image":[{"width":640,"height":353,"url":"https:\/\/blogdofarnesio.com.br\/wp-content\/uploads\/2017\/01\/blogqsp-congresso-nacional.jpg","type":"image\/jpeg"}],"author":"Farn\u00e9sio","twitter_card":"summary_large_image","twitter_misc":{"Escrito por":"Farn\u00e9sio","Est. tempo de leitura":"4 minutos"},"schema":{"@context":"https:\/\/schema.org","@graph":[{"@type":"Article","@id":"https:\/\/blogdofarnesio.com.br\/?p=305986#article","isPartOf":{"@id":"https:\/\/blogdofarnesio.com.br\/?p=305986"},"author":{"name":"Farn\u00e9sio","@id":"https:\/\/blogdofarnesio.com.br\/#\/schema\/person\/bb9b23ae3ad0609ce8df7b6c9e76824d"},"headline":"Congresso analisar\u00e1 20 vetos presidenciais nesta ter\u00e7a-feira","datePublished":"2022-02-08T14:04:46+00:00","mainEntityOfPage":{"@id":"https:\/\/blogdofarnesio.com.br\/?p=305986"},"wordCount":712,"commentCount":0,"publisher":{"@id":"https:\/\/blogdofarnesio.com.br\/#organization"},"image":{"@id":"https:\/\/blogdofarnesio.com.br\/?p=305986#primaryimage"},"thumbnailUrl":"https:\/\/blogdofarnesio.com.br\/wp-content\/uploads\/2017\/01\/blogqsp-congresso-nacional.jpg","articleSection":["Pol\u00edtica"],"inLanguage":"pt-BR","potentialAction":[{"@type":"CommentAction","name":"Comment","target":["https:\/\/blogdofarnesio.com.br\/?p=305986#respond"]}]},{"@type":"WebPage","@id":"https:\/\/blogdofarnesio.com.br\/?p=305986","url":"https:\/\/blogdofarnesio.com.br\/?p=305986","name":"Congresso analisar\u00e1 20 vetos presidenciais nesta ter\u00e7a-feira - Blog do Farn\u00e9sio","isPartOf":{"@id":"https:\/\/blogdofarnesio.com.br\/#website"},"primaryImageOfPage":{"@id":"https:\/\/blogdofarnesio.com.br\/?p=305986#primaryimage"},"image":{"@id":"https:\/\/blogdofarnesio.com.br\/?p=305986#primaryimage"},"thumbnailUrl":"https:\/\/blogdofarnesio.com.br\/wp-content\/uploads\/2017\/01\/blogqsp-congresso-nacional.jpg","datePublished":"2022-02-08T14:04:46+00:00","breadcrumb":{"@id":"https:\/\/blogdofarnesio.com.br\/?p=305986#breadcrumb"},"inLanguage":"pt-BR","potentialAction":[{"@type":"ReadAction","target":["https:\/\/blogdofarnesio.com.br\/?p=305986"]}]},{"@type":"ImageObject","inLanguage":"pt-BR","@id":"https:\/\/blogdofarnesio.com.br\/?p=305986#primaryimage","url":"https:\/\/blogdofarnesio.com.br\/wp-content\/uploads\/2017\/01\/blogqsp-congresso-nacional.jpg","contentUrl":"https:\/\/blogdofarnesio.com.br\/wp-content\/uploads\/2017\/01\/blogqsp-congresso-nacional.jpg","width":640,"height":353},{"@type":"BreadcrumbList","@id":"https:\/\/blogdofarnesio.com.br\/?p=305986#breadcrumb","itemListElement":[{"@type":"ListItem","position":1,"name":"In\u00edcio","item":"https:\/\/blogdofarnesio.com.br\/"},{"@type":"ListItem","position":2,"name":"Congresso analisar\u00e1 20 vetos presidenciais nesta ter\u00e7a-feira"}]},{"@type":"WebSite","@id":"https:\/\/blogdofarnesio.com.br\/#website","url":"https:\/\/blogdofarnesio.com.br\/","name":"Blog do Farn\u00e9sio","description":"Quer Saber Pol\u00edtica?","publisher":{"@id":"https:\/\/blogdofarnesio.com.br\/#organization"},"potentialAction":[{"@type":"SearchAction","target":{"@type":"EntryPoint","urlTemplate":"https:\/\/blogdofarnesio.com.br\/?s={search_term_string}"},"query-input":{"@type":"PropertyValueSpecification","valueRequired":true,"valueName":"search_term_string"}}],"inLanguage":"pt-BR"},{"@type":"Organization","@id":"https:\/\/blogdofarnesio.com.br\/#organization","name":"Blog do Farn\u00e9sio","url":"https:\/\/blogdofarnesio.com.br\/","logo":{"@type":"ImageObject","inLanguage":"pt-BR","@id":"https:\/\/blogdofarnesio.com.br\/#\/schema\/logo\/image\/","url":"https:\/\/blogdofarnesio.com.br\/wp-content\/uploads\/2026\/03\/cropped-logo_new-1.png","contentUrl":"https:\/\/blogdofarnesio.com.br\/wp-content\/uploads\/2026\/03\/cropped-logo_new-1.png","width":881,"height":685,"caption":"Blog do Farn\u00e9sio"},"image":{"@id":"https:\/\/blogdofarnesio.com.br\/#\/schema\/logo\/image\/"},"sameAs":["https:\/\/www.facebook.com\/BlogQuerSaberPolitica\/"]},{"@type":"Person","@id":"https:\/\/blogdofarnesio.com.br\/#\/schema\/person\/bb9b23ae3ad0609ce8df7b6c9e76824d","name":"Farn\u00e9sio","image":{"@type":"ImageObject","inLanguage":"pt-BR","@id":"https:\/\/secure.gravatar.com\/avatar\/986aa4c61ccdb66f8555bf88fc2a65609d00bcabd4d2d94377a727547345cbca?s=96&d=mm&r=g","url":"https:\/\/secure.gravatar.com\/avatar\/986aa4c61ccdb66f8555bf88fc2a65609d00bcabd4d2d94377a727547345cbca?s=96&d=mm&r=g","contentUrl":"https:\/\/secure.gravatar.com\/avatar\/986aa4c61ccdb66f8555bf88fc2a65609d00bcabd4d2d94377a727547345cbca?s=96&d=mm&r=g","caption":"Farn\u00e9sio"},"description":"Radialista blogueiro, chegou a Petrolina\/Juazeiro em setembro de 1980, Farn\u00e9sio Silva \u00e9 de Arapiraca-Alagoas.","sameAs":["http:\/\/blogdofarnesio.com.br","https:\/\/www.facebook.com\/?ref=tn_tnmn","https:\/\/www.instagram.com\/?utm_source=pwa_homescreen","https:\/\/youtube.com.br\/"],"url":"https:\/\/blogdofarnesio.com.br\/?author=2"}]}},"_links":{"self":[{"href":"https:\/\/blogdofarnesio.com.br\/index.php?rest_route=\/wp\/v2\/posts\/305986","targetHints":{"allow":["GET"]}}],"collection":[{"href":"https:\/\/blogdofarnesio.com.br\/index.php?rest_route=\/wp\/v2\/posts"}],"about":[{"href":"https:\/\/blogdofarnesio.com.br\/index.php?rest_route=\/wp\/v2\/types\/post"}],"author":[{"embeddable":true,"href":"https:\/\/blogdofarnesio.com.br\/index.php?rest_route=\/wp\/v2\/users\/2"}],"replies":[{"embeddable":true,"href":"https:\/\/blogdofarnesio.com.br\/index.php?rest_route=%2Fwp%2Fv2%2Fcomments&post=305986"}],"version-history":[{"count":0,"href":"https:\/\/blogdofarnesio.com.br\/index.php?rest_route=\/wp\/v2\/posts\/305986\/revisions"}],"wp:featuredmedia":[{"embeddable":true,"href":"https:\/\/blogdofarnesio.com.br\/index.php?rest_route=\/wp\/v2\/media\/155018"}],"wp:attachment":[{"href":"https:\/\/blogdofarnesio.com.br\/index.php?rest_route=%2Fwp%2Fv2%2Fmedia&parent=305986"}],"wp:term":[{"taxonomy":"category","embeddable":true,"href":"https:\/\/blogdofarnesio.com.br\/index.php?rest_route=%2Fwp%2Fv2%2Fcategories&post=305986"},{"taxonomy":"post_tag","embeddable":true,"href":"https:\/\/blogdofarnesio.com.br\/index.php?rest_route=%2Fwp%2Fv2%2Ftags&post=305986"}],"curies":[{"name":"wp","href":"https:\/\/api.w.org\/{rel}","templated":true}]}}