{"id":305972,"date":"2022-02-08T14:00:22","date_gmt":"2022-02-08T17:00:22","guid":{"rendered":"https:\/\/blogdofarnesio.com.br\/?p=305972"},"modified":"2022-02-08T09:45:01","modified_gmt":"2022-02-08T12:45:01","slug":"vereador-dr-salvador-visita-itamotinga-e-cobra-patrolamento-de-estradas-vicinais-no-interior","status":"publish","type":"post","link":"https:\/\/blogdofarnesio.com.br\/?p=305972","title":{"rendered":"Vereador Dr. Salvador visita Itamotinga e cobra patrolamento de estradas vicinais no interior"},"content":{"rendered":"<p style=\"font-weight: 400;\">Ap\u00f3s visita ao interior, o vereador de Juazeiro, Dr. Salvador Carvalho (PCdoB), voltou a alertar o governo municipal sobre a necessidade de uma aten\u00e7\u00e3o especial com as estradas vicinais no interior, que segundo ele, est\u00e3o necessitando de uma interven\u00e7\u00e3o urgente.<\/p>\n<p style=\"font-weight: 400;\">O vereador fez uma vista em loco ao interior de Itamotinga, neste final de semana, constatando de perto a situa\u00e7\u00e3o ca\u00f3tica das estradas e a preocupa\u00e7\u00e3o dos moradores, de v\u00e1rias comunidades, com o que pode ocorrer com a chegada mais intensas de chuvas, que geralmente ocorre at\u00e9 o m\u00eas de abril.<\/p>\n<p style=\"font-weight: 400;\">\u201cAs estradas vicinais, em todos os distritos, est\u00e3o em estado deplor\u00e1vel e \u00e9 urgente uma aten\u00e7\u00e3o do poder p\u00fablico. A chuva \u00e9 ben\u00e7\u00e3o, \u00e9 sempre muito benvinda, mas preocupa a falta de aten\u00e7\u00e3o da gest\u00e3o, que est\u00e1 h\u00e1 mais de um ano no comando e nada fez em rela\u00e7\u00e3o \u00e0 manuten\u00e7\u00e3o e recupera\u00e7\u00e3o das estradas no interior\u201d, alertou o parlamentar.<\/p>\n<p style=\"font-weight: 400;\">O vereador destacou a situa\u00e7\u00e3o do interior de Itamotinga, onde a situa\u00e7\u00e3o j\u00e1 \u00e9 prec\u00e1ria no momento e pode inviabilizar o acesso a v\u00e1rias comunidades se houver uma intensifica\u00e7\u00e3o das chuvas: \u201cVisitando neste final de semana o interior de Itamotinga, o que fa\u00e7o rotineiramente, pude ver em loco a situa\u00e7\u00e3o ca\u00f3tica das estradas vicinais e alerto a gest\u00e3o para a necessidade urgente de atender ao clamor dos interioranos, que est\u00e3o sem estradas e preocupados com a temporada mais chuvosa na regi\u00e3o, que geralmente acontece neste per\u00edodo. \u00c9 dever do munic\u00edpio resolver essa demanda. \u00c9 dever meu, com vereador, cobrar. \u00c9 o que continuaremos fazendo!\u201d, anotou.<\/p>\n<p style=\"font-weight: 400;\">\n","protected":false},"excerpt":{"rendered":"<p>Ap\u00f3s visita ao interior, o vereador de Juazeiro, Dr. Salvador Carvalho (PCdoB), voltou a alertar o governo municipal sobre a necessidade de uma aten\u00e7\u00e3o especial com as estradas vicinais no interior, que segundo ele, est\u00e3o necessitando de uma interven\u00e7\u00e3o urgente. O vereador fez uma vista em loco ao interior de Itamotinga, neste final de semana, constatando de perto a situa\u00e7\u00e3o ca\u00f3tica das estradas e a preocupa\u00e7\u00e3o dos moradores, de v\u00e1rias comunidades, com o que pode ocorrer com a chegada mais intensas de chuvas, que geralmente ocorre at\u00e9 o m\u00eas de abril. \u201cAs estradas vicinais, em todos os distritos, est\u00e3o em estado deplor\u00e1vel e \u00e9 urgente uma aten\u00e7\u00e3o do poder p\u00fablico. A chuva \u00e9 ben\u00e7\u00e3o, \u00e9 sempre muito benvinda, mas preocupa&hellip; <\/p>\n","protected":false},"author":2,"featured_media":305973,"comment_status":"open","ping_status":"open","sticky":false,"template":"","format":"standard","meta":{"_acf_changed":false,"footnotes":""},"categories":[1],"tags":[],"class_list":["post-305972","post","type-post","status-publish","format-standard","has-post-thumbnail","hentry","category-politica"],"acf":[],"yoast_head":"<!-- This site is optimized with the Yoast SEO plugin v27.4 - https:\/\/yoast.com\/product\/yoast-seo-wordpress\/ -->\n<title>Vereador Dr. Salvador visita Itamotinga e cobra patrolamento de estradas vicinais no interior - Blog do Farn\u00e9sio<\/title>\n<meta name=\"robots\" content=\"index, follow, max-snippet:-1, max-image-preview:large, max-video-preview:-1\" \/>\n<link rel=\"canonical\" href=\"https:\/\/blogdofarnesio.com.br\/?p=305972\" \/>\n<meta property=\"og:locale\" content=\"pt_BR\" \/>\n<meta property=\"og:type\" content=\"article\" \/>\n<meta property=\"og:title\" content=\"Vereador Dr. Salvador visita Itamotinga e cobra patrolamento de estradas vicinais no interior - Blog do Farn\u00e9sio\" \/>\n<meta property=\"og:description\" content=\"Ap\u00f3s visita ao interior, o vereador de Juazeiro, Dr. Salvador Carvalho (PCdoB), voltou a alertar o governo municipal sobre a necessidade de uma aten\u00e7\u00e3o especial com as estradas vicinais no interior, que segundo ele, est\u00e3o necessitando de uma interven\u00e7\u00e3o urgente. O vereador fez uma vista em loco ao interior de Itamotinga, neste final de semana, constatando de perto a situa\u00e7\u00e3o ca\u00f3tica das estradas e a preocupa\u00e7\u00e3o dos moradores, de v\u00e1rias comunidades, com o que pode ocorrer com a chegada mais intensas de chuvas, que geralmente ocorre at\u00e9 o m\u00eas de abril. \u201cAs estradas vicinais, em todos os distritos, est\u00e3o em estado deplor\u00e1vel e \u00e9 urgente uma aten\u00e7\u00e3o do poder p\u00fablico. A chuva \u00e9 ben\u00e7\u00e3o, \u00e9 sempre muito benvinda, mas preocupa&hellip;\" \/>\n<meta property=\"og:url\" content=\"https:\/\/blogdofarnesio.com.br\/?p=305972\" \/>\n<meta property=\"og:site_name\" content=\"Blog do Farn\u00e9sio\" \/>\n<meta property=\"article:publisher\" content=\"https:\/\/www.facebook.com\/BlogQuerSaberPolitica\/\" \/>\n<meta property=\"article:author\" content=\"https:\/\/www.facebook.com\/?ref=tn_tnmn\" \/>\n<meta property=\"article:published_time\" content=\"2022-02-08T17:00:22+00:00\" \/>\n<meta property=\"og:image\" content=\"https:\/\/blogdofarnesio.com.br\/wp-content\/uploads\/2022\/02\/Dr.-Salvador-estradas-itamotinga.jpg\" \/>\n\t<meta property=\"og:image:width\" content=\"720\" \/>\n\t<meta property=\"og:image:height\" content=\"582\" \/>\n\t<meta property=\"og:image:type\" content=\"image\/jpeg\" \/>\n<meta name=\"author\" content=\"Farn\u00e9sio\" \/>\n<meta name=\"twitter:card\" content=\"summary_large_image\" \/>\n<meta name=\"twitter:label1\" content=\"Escrito por\" \/>\n\t<meta name=\"twitter:data1\" content=\"Farn\u00e9sio\" \/>\n\t<meta name=\"twitter:label2\" content=\"Est. tempo de leitura\" \/>\n\t<meta name=\"twitter:data2\" content=\"1 minuto\" \/>\n<script type=\"application\/ld+json\" class=\"yoast-schema-graph\">{\"@context\":\"https:\\\/\\\/schema.org\",\"@graph\":[{\"@type\":\"Article\",\"@id\":\"https:\\\/\\\/blogdofarnesio.com.br\\\/?p=305972#article\",\"isPartOf\":{\"@id\":\"https:\\\/\\\/blogdofarnesio.com.br\\\/?p=305972\"},\"author\":{\"name\":\"Farn\u00e9sio\",\"@id\":\"https:\\\/\\\/blogdofarnesio.com.br\\\/#\\\/schema\\\/person\\\/bb9b23ae3ad0609ce8df7b6c9e76824d\"},\"headline\":\"Vereador Dr. Salvador visita Itamotinga e cobra patrolamento de estradas vicinais no interior\",\"datePublished\":\"2022-02-08T17:00:22+00:00\",\"mainEntityOfPage\":{\"@id\":\"https:\\\/\\\/blogdofarnesio.com.br\\\/?p=305972\"},\"wordCount\":293,\"commentCount\":0,\"publisher\":{\"@id\":\"https:\\\/\\\/blogdofarnesio.com.br\\\/#organization\"},\"image\":{\"@id\":\"https:\\\/\\\/blogdofarnesio.com.br\\\/?p=305972#primaryimage\"},\"thumbnailUrl\":\"https:\\\/\\\/blogdofarnesio.com.br\\\/wp-content\\\/uploads\\\/2022\\\/02\\\/Dr.-Salvador-estradas-itamotinga.jpg\",\"articleSection\":[\"Pol\u00edtica\"],\"inLanguage\":\"pt-BR\",\"potentialAction\":[{\"@type\":\"CommentAction\",\"name\":\"Comment\",\"target\":[\"https:\\\/\\\/blogdofarnesio.com.br\\\/?p=305972#respond\"]}]},{\"@type\":\"WebPage\",\"@id\":\"https:\\\/\\\/blogdofarnesio.com.br\\\/?p=305972\",\"url\":\"https:\\\/\\\/blogdofarnesio.com.br\\\/?p=305972\",\"name\":\"Vereador Dr. Salvador visita Itamotinga e cobra patrolamento de estradas vicinais no interior - Blog do Farn\u00e9sio\",\"isPartOf\":{\"@id\":\"https:\\\/\\\/blogdofarnesio.com.br\\\/#website\"},\"primaryImageOfPage\":{\"@id\":\"https:\\\/\\\/blogdofarnesio.com.br\\\/?p=305972#primaryimage\"},\"image\":{\"@id\":\"https:\\\/\\\/blogdofarnesio.com.br\\\/?p=305972#primaryimage\"},\"thumbnailUrl\":\"https:\\\/\\\/blogdofarnesio.com.br\\\/wp-content\\\/uploads\\\/2022\\\/02\\\/Dr.-Salvador-estradas-itamotinga.jpg\",\"datePublished\":\"2022-02-08T17:00:22+00:00\",\"breadcrumb\":{\"@id\":\"https:\\\/\\\/blogdofarnesio.com.br\\\/?p=305972#breadcrumb\"},\"inLanguage\":\"pt-BR\",\"potentialAction\":[{\"@type\":\"ReadAction\",\"target\":[\"https:\\\/\\\/blogdofarnesio.com.br\\\/?p=305972\"]}]},{\"@type\":\"ImageObject\",\"inLanguage\":\"pt-BR\",\"@id\":\"https:\\\/\\\/blogdofarnesio.com.br\\\/?p=305972#primaryimage\",\"url\":\"https:\\\/\\\/blogdofarnesio.com.br\\\/wp-content\\\/uploads\\\/2022\\\/02\\\/Dr.-Salvador-estradas-itamotinga.jpg\",\"contentUrl\":\"https:\\\/\\\/blogdofarnesio.com.br\\\/wp-content\\\/uploads\\\/2022\\\/02\\\/Dr.-Salvador-estradas-itamotinga.jpg\",\"width\":720,\"height\":582},{\"@type\":\"BreadcrumbList\",\"@id\":\"https:\\\/\\\/blogdofarnesio.com.br\\\/?p=305972#breadcrumb\",\"itemListElement\":[{\"@type\":\"ListItem\",\"position\":1,\"name\":\"In\u00edcio\",\"item\":\"https:\\\/\\\/blogdofarnesio.com.br\\\/\"},{\"@type\":\"ListItem\",\"position\":2,\"name\":\"Vereador Dr. Salvador visita Itamotinga e cobra patrolamento de estradas vicinais no interior\"}]},{\"@type\":\"WebSite\",\"@id\":\"https:\\\/\\\/blogdofarnesio.com.br\\\/#website\",\"url\":\"https:\\\/\\\/blogdofarnesio.com.br\\\/\",\"name\":\"Blog do Farn\u00e9sio\",\"description\":\"Quer Saber Pol\u00edtica?\",\"publisher\":{\"@id\":\"https:\\\/\\\/blogdofarnesio.com.br\\\/#organization\"},\"potentialAction\":[{\"@type\":\"SearchAction\",\"target\":{\"@type\":\"EntryPoint\",\"urlTemplate\":\"https:\\\/\\\/blogdofarnesio.com.br\\\/?s={search_term_string}\"},\"query-input\":{\"@type\":\"PropertyValueSpecification\",\"valueRequired\":true,\"valueName\":\"search_term_string\"}}],\"inLanguage\":\"pt-BR\"},{\"@type\":\"Organization\",\"@id\":\"https:\\\/\\\/blogdofarnesio.com.br\\\/#organization\",\"name\":\"Blog do Farn\u00e9sio\",\"url\":\"https:\\\/\\\/blogdofarnesio.com.br\\\/\",\"logo\":{\"@type\":\"ImageObject\",\"inLanguage\":\"pt-BR\",\"@id\":\"https:\\\/\\\/blogdofarnesio.com.br\\\/#\\\/schema\\\/logo\\\/image\\\/\",\"url\":\"https:\\\/\\\/blogdofarnesio.com.br\\\/wp-content\\\/uploads\\\/2026\\\/03\\\/cropped-logo_new-1.png\",\"contentUrl\":\"https:\\\/\\\/blogdofarnesio.com.br\\\/wp-content\\\/uploads\\\/2026\\\/03\\\/cropped-logo_new-1.png\",\"width\":881,\"height\":685,\"caption\":\"Blog do Farn\u00e9sio\"},\"image\":{\"@id\":\"https:\\\/\\\/blogdofarnesio.com.br\\\/#\\\/schema\\\/logo\\\/image\\\/\"},\"sameAs\":[\"https:\\\/\\\/www.facebook.com\\\/BlogQuerSaberPolitica\\\/\"]},{\"@type\":\"Person\",\"@id\":\"https:\\\/\\\/blogdofarnesio.com.br\\\/#\\\/schema\\\/person\\\/bb9b23ae3ad0609ce8df7b6c9e76824d\",\"name\":\"Farn\u00e9sio\",\"image\":{\"@type\":\"ImageObject\",\"inLanguage\":\"pt-BR\",\"@id\":\"https:\\\/\\\/secure.gravatar.com\\\/avatar\\\/986aa4c61ccdb66f8555bf88fc2a65609d00bcabd4d2d94377a727547345cbca?s=96&d=mm&r=g\",\"url\":\"https:\\\/\\\/secure.gravatar.com\\\/avatar\\\/986aa4c61ccdb66f8555bf88fc2a65609d00bcabd4d2d94377a727547345cbca?s=96&d=mm&r=g\",\"contentUrl\":\"https:\\\/\\\/secure.gravatar.com\\\/avatar\\\/986aa4c61ccdb66f8555bf88fc2a65609d00bcabd4d2d94377a727547345cbca?s=96&d=mm&r=g\",\"caption\":\"Farn\u00e9sio\"},\"description\":\"Radialista blogueiro, chegou a Petrolina\\\/Juazeiro em setembro de 1980, Farn\u00e9sio Silva \u00e9 de Arapiraca-Alagoas.\",\"sameAs\":[\"http:\\\/\\\/blogdofarnesio.com.br\",\"https:\\\/\\\/www.facebook.com\\\/?ref=tn_tnmn\",\"https:\\\/\\\/www.instagram.com\\\/?utm_source=pwa_homescreen\",\"https:\\\/\\\/youtube.com.br\\\/\"],\"url\":\"https:\\\/\\\/blogdofarnesio.com.br\\\/?author=2\"}]}<\/script>\n<!-- \/ Yoast SEO plugin. -->","yoast_head_json":{"title":"Vereador Dr. Salvador visita Itamotinga e cobra patrolamento de estradas vicinais no interior - Blog do Farn\u00e9sio","robots":{"index":"index","follow":"follow","max-snippet":"max-snippet:-1","max-image-preview":"max-image-preview:large","max-video-preview":"max-video-preview:-1"},"canonical":"https:\/\/blogdofarnesio.com.br\/?p=305972","og_locale":"pt_BR","og_type":"article","og_title":"Vereador Dr. Salvador visita Itamotinga e cobra patrolamento de estradas vicinais no interior - Blog do Farn\u00e9sio","og_description":"Ap\u00f3s visita ao interior, o vereador de Juazeiro, Dr. Salvador Carvalho (PCdoB), voltou a alertar o governo municipal sobre a necessidade de uma aten\u00e7\u00e3o especial com as estradas vicinais no interior, que segundo ele, est\u00e3o necessitando de uma interven\u00e7\u00e3o urgente. O vereador fez uma vista em loco ao interior de Itamotinga, neste final de semana, constatando de perto a situa\u00e7\u00e3o ca\u00f3tica das estradas e a preocupa\u00e7\u00e3o dos moradores, de v\u00e1rias comunidades, com o que pode ocorrer com a chegada mais intensas de chuvas, que geralmente ocorre at\u00e9 o m\u00eas de abril. \u201cAs estradas vicinais, em todos os distritos, est\u00e3o em estado deplor\u00e1vel e \u00e9 urgente uma aten\u00e7\u00e3o do poder p\u00fablico. A chuva \u00e9 ben\u00e7\u00e3o, \u00e9 sempre muito benvinda, mas preocupa&hellip;","og_url":"https:\/\/blogdofarnesio.com.br\/?p=305972","og_site_name":"Blog do Farn\u00e9sio","article_publisher":"https:\/\/www.facebook.com\/BlogQuerSaberPolitica\/","article_author":"https:\/\/www.facebook.com\/?ref=tn_tnmn","article_published_time":"2022-02-08T17:00:22+00:00","og_image":[{"width":720,"height":582,"url":"https:\/\/blogdofarnesio.com.br\/wp-content\/uploads\/2022\/02\/Dr.-Salvador-estradas-itamotinga.jpg","type":"image\/jpeg"}],"author":"Farn\u00e9sio","twitter_card":"summary_large_image","twitter_misc":{"Escrito por":"Farn\u00e9sio","Est. tempo de leitura":"1 minuto"},"schema":{"@context":"https:\/\/schema.org","@graph":[{"@type":"Article","@id":"https:\/\/blogdofarnesio.com.br\/?p=305972#article","isPartOf":{"@id":"https:\/\/blogdofarnesio.com.br\/?p=305972"},"author":{"name":"Farn\u00e9sio","@id":"https:\/\/blogdofarnesio.com.br\/#\/schema\/person\/bb9b23ae3ad0609ce8df7b6c9e76824d"},"headline":"Vereador Dr. Salvador visita Itamotinga e cobra patrolamento de estradas vicinais no interior","datePublished":"2022-02-08T17:00:22+00:00","mainEntityOfPage":{"@id":"https:\/\/blogdofarnesio.com.br\/?p=305972"},"wordCount":293,"commentCount":0,"publisher":{"@id":"https:\/\/blogdofarnesio.com.br\/#organization"},"image":{"@id":"https:\/\/blogdofarnesio.com.br\/?p=305972#primaryimage"},"thumbnailUrl":"https:\/\/blogdofarnesio.com.br\/wp-content\/uploads\/2022\/02\/Dr.-Salvador-estradas-itamotinga.jpg","articleSection":["Pol\u00edtica"],"inLanguage":"pt-BR","potentialAction":[{"@type":"CommentAction","name":"Comment","target":["https:\/\/blogdofarnesio.com.br\/?p=305972#respond"]}]},{"@type":"WebPage","@id":"https:\/\/blogdofarnesio.com.br\/?p=305972","url":"https:\/\/blogdofarnesio.com.br\/?p=305972","name":"Vereador Dr. Salvador visita Itamotinga e cobra patrolamento de estradas vicinais no interior - Blog do Farn\u00e9sio","isPartOf":{"@id":"https:\/\/blogdofarnesio.com.br\/#website"},"primaryImageOfPage":{"@id":"https:\/\/blogdofarnesio.com.br\/?p=305972#primaryimage"},"image":{"@id":"https:\/\/blogdofarnesio.com.br\/?p=305972#primaryimage"},"thumbnailUrl":"https:\/\/blogdofarnesio.com.br\/wp-content\/uploads\/2022\/02\/Dr.-Salvador-estradas-itamotinga.jpg","datePublished":"2022-02-08T17:00:22+00:00","breadcrumb":{"@id":"https:\/\/blogdofarnesio.com.br\/?p=305972#breadcrumb"},"inLanguage":"pt-BR","potentialAction":[{"@type":"ReadAction","target":["https:\/\/blogdofarnesio.com.br\/?p=305972"]}]},{"@type":"ImageObject","inLanguage":"pt-BR","@id":"https:\/\/blogdofarnesio.com.br\/?p=305972#primaryimage","url":"https:\/\/blogdofarnesio.com.br\/wp-content\/uploads\/2022\/02\/Dr.-Salvador-estradas-itamotinga.jpg","contentUrl":"https:\/\/blogdofarnesio.com.br\/wp-content\/uploads\/2022\/02\/Dr.-Salvador-estradas-itamotinga.jpg","width":720,"height":582},{"@type":"BreadcrumbList","@id":"https:\/\/blogdofarnesio.com.br\/?p=305972#breadcrumb","itemListElement":[{"@type":"ListItem","position":1,"name":"In\u00edcio","item":"https:\/\/blogdofarnesio.com.br\/"},{"@type":"ListItem","position":2,"name":"Vereador Dr. Salvador visita Itamotinga e cobra patrolamento de estradas vicinais no interior"}]},{"@type":"WebSite","@id":"https:\/\/blogdofarnesio.com.br\/#website","url":"https:\/\/blogdofarnesio.com.br\/","name":"Blog do Farn\u00e9sio","description":"Quer Saber Pol\u00edtica?","publisher":{"@id":"https:\/\/blogdofarnesio.com.br\/#organization"},"potentialAction":[{"@type":"SearchAction","target":{"@type":"EntryPoint","urlTemplate":"https:\/\/blogdofarnesio.com.br\/?s={search_term_string}"},"query-input":{"@type":"PropertyValueSpecification","valueRequired":true,"valueName":"search_term_string"}}],"inLanguage":"pt-BR"},{"@type":"Organization","@id":"https:\/\/blogdofarnesio.com.br\/#organization","name":"Blog do Farn\u00e9sio","url":"https:\/\/blogdofarnesio.com.br\/","logo":{"@type":"ImageObject","inLanguage":"pt-BR","@id":"https:\/\/blogdofarnesio.com.br\/#\/schema\/logo\/image\/","url":"https:\/\/blogdofarnesio.com.br\/wp-content\/uploads\/2026\/03\/cropped-logo_new-1.png","contentUrl":"https:\/\/blogdofarnesio.com.br\/wp-content\/uploads\/2026\/03\/cropped-logo_new-1.png","width":881,"height":685,"caption":"Blog do Farn\u00e9sio"},"image":{"@id":"https:\/\/blogdofarnesio.com.br\/#\/schema\/logo\/image\/"},"sameAs":["https:\/\/www.facebook.com\/BlogQuerSaberPolitica\/"]},{"@type":"Person","@id":"https:\/\/blogdofarnesio.com.br\/#\/schema\/person\/bb9b23ae3ad0609ce8df7b6c9e76824d","name":"Farn\u00e9sio","image":{"@type":"ImageObject","inLanguage":"pt-BR","@id":"https:\/\/secure.gravatar.com\/avatar\/986aa4c61ccdb66f8555bf88fc2a65609d00bcabd4d2d94377a727547345cbca?s=96&d=mm&r=g","url":"https:\/\/secure.gravatar.com\/avatar\/986aa4c61ccdb66f8555bf88fc2a65609d00bcabd4d2d94377a727547345cbca?s=96&d=mm&r=g","contentUrl":"https:\/\/secure.gravatar.com\/avatar\/986aa4c61ccdb66f8555bf88fc2a65609d00bcabd4d2d94377a727547345cbca?s=96&d=mm&r=g","caption":"Farn\u00e9sio"},"description":"Radialista blogueiro, chegou a Petrolina\/Juazeiro em setembro de 1980, Farn\u00e9sio Silva \u00e9 de Arapiraca-Alagoas.","sameAs":["http:\/\/blogdofarnesio.com.br","https:\/\/www.facebook.com\/?ref=tn_tnmn","https:\/\/www.instagram.com\/?utm_source=pwa_homescreen","https:\/\/youtube.com.br\/"],"url":"https:\/\/blogdofarnesio.com.br\/?author=2"}]}},"_links":{"self":[{"href":"https:\/\/blogdofarnesio.com.br\/index.php?rest_route=\/wp\/v2\/posts\/305972","targetHints":{"allow":["GET"]}}],"collection":[{"href":"https:\/\/blogdofarnesio.com.br\/index.php?rest_route=\/wp\/v2\/posts"}],"about":[{"href":"https:\/\/blogdofarnesio.com.br\/index.php?rest_route=\/wp\/v2\/types\/post"}],"author":[{"embeddable":true,"href":"https:\/\/blogdofarnesio.com.br\/index.php?rest_route=\/wp\/v2\/users\/2"}],"replies":[{"embeddable":true,"href":"https:\/\/blogdofarnesio.com.br\/index.php?rest_route=%2Fwp%2Fv2%2Fcomments&post=305972"}],"version-history":[{"count":0,"href":"https:\/\/blogdofarnesio.com.br\/index.php?rest_route=\/wp\/v2\/posts\/305972\/revisions"}],"wp:featuredmedia":[{"embeddable":true,"href":"https:\/\/blogdofarnesio.com.br\/index.php?rest_route=\/wp\/v2\/media\/305973"}],"wp:attachment":[{"href":"https:\/\/blogdofarnesio.com.br\/index.php?rest_route=%2Fwp%2Fv2%2Fmedia&parent=305972"}],"wp:term":[{"taxonomy":"category","embeddable":true,"href":"https:\/\/blogdofarnesio.com.br\/index.php?rest_route=%2Fwp%2Fv2%2Fcategories&post=305972"},{"taxonomy":"post_tag","embeddable":true,"href":"https:\/\/blogdofarnesio.com.br\/index.php?rest_route=%2Fwp%2Fv2%2Ftags&post=305972"}],"curies":[{"name":"wp","href":"https:\/\/api.w.org\/{rel}","templated":true}]}}