{"id":305963,"date":"2022-02-08T16:22:00","date_gmt":"2022-02-08T19:22:00","guid":{"rendered":"https:\/\/blogdofarnesio.com.br\/?p=305963"},"modified":"2022-02-08T16:22:00","modified_gmt":"2022-02-08T19:22:00","slug":"petrolina-e-destaque-em-atendimento-em-saude-bucal-em-pernambuco","status":"publish","type":"post","link":"https:\/\/blogdofarnesio.com.br\/?p=305963","title":{"rendered":"Petrolina \u00e9 destaque em atendimento em Sa\u00fade bucal em Pernambuco"},"content":{"rendered":"<p style=\"font-weight: 400;\">Petrolina est\u00e1 entre as tr\u00eas cidades que apresentam o melhor servi\u00e7o municipal de sa\u00fade bucal em Pernambuco, os outros munic\u00edpios de destaque s\u00e3o Recife e Caruaru. Assim, no dia 23 de fevereiro ser\u00e3o apresentadas as experi\u00eancias exitosas desenvolvidas pela prefeitura durante o I Encontro dos Coordenadores de Sa\u00fade Bucal e CEO de Pernambuco, realizado pelo Conselho Regional de Odontologia (CRO-PE), no munic\u00edpio de Salgueiro.<\/p>\n<p style=\"font-weight: 400;\">Segundo a diretora de Sa\u00fade Bucal, Roberta Teixeira, Petrolina foi convidada porque tem uma sa\u00fade bucal de refer\u00eancia na Aten\u00e7\u00e3o B\u00e1sica, bem como por ter tido \u00f3timos indicadores nas duas unidades do Centro de Especialidades Odontol\u00f3gicas (CEO), com servi\u00e7os reconhecidos no estado. \u201cTodo o trabalho que desenvolvemos aqui na cidade ser\u00e1 apresentado durante esse evento, nossas experi\u00eancias exitosas, atendimentos pioneiros como o caso de ortodontia em uma paciente na primeira inf\u00e2ncia que teve o problema da sua mordida cruzada anterior solucionado por nossa equipe do CEO III. Isso mostra a import\u00e2ncia dos servi\u00e7os que nossas equipes t\u00eam prestado com muita responsabilidade e compromisso com a popula\u00e7\u00e3o\u201d, ressaltou.<\/p>\n<p style=\"font-weight: 400;\">O evento contar\u00e1 tamb\u00e9m com a presen\u00e7a do presidente do CRO-PE, Eduardo Vasconcelos, o diretor estadual de Sa\u00fade bucal, Paulo C\u00e9sar Oliveira Santos, e a presidente da Comiss\u00e3o de Pol\u00edticas P\u00fablicas do CRO-PE, Ive Monteiro.<\/p>\n<p style=\"font-weight: 400;\">Texto: Jaquelyne Costa<\/p>\n<p style=\"font-weight: 400;\">Assessora de Imprensa da Secretaria de Sa\u00fade (SMS<\/p>\n","protected":false},"excerpt":{"rendered":"<p>Petrolina est\u00e1 entre as tr\u00eas cidades que apresentam o melhor servi\u00e7o municipal de sa\u00fade bucal em Pernambuco, os outros munic\u00edpios de destaque s\u00e3o Recife e Caruaru. Assim, no dia 23 de fevereiro ser\u00e3o apresentadas as experi\u00eancias exitosas desenvolvidas pela prefeitura durante o I Encontro dos Coordenadores de Sa\u00fade Bucal e CEO de Pernambuco, realizado pelo Conselho Regional de Odontologia (CRO-PE), no munic\u00edpio de Salgueiro. Segundo a diretora de Sa\u00fade Bucal, Roberta Teixeira, Petrolina foi convidada porque tem uma sa\u00fade bucal de refer\u00eancia na Aten\u00e7\u00e3o B\u00e1sica, bem como por ter tido \u00f3timos indicadores nas duas unidades do Centro de Especialidades Odontol\u00f3gicas (CEO), com servi\u00e7os reconhecidos no estado. \u201cTodo o trabalho que desenvolvemos aqui na cidade ser\u00e1 apresentado durante esse evento, nossas&hellip; <\/p>\n","protected":false},"author":2,"featured_media":251765,"comment_status":"open","ping_status":"open","sticky":false,"template":"","format":"standard","meta":{"_acf_changed":false,"footnotes":""},"categories":[43],"tags":[],"class_list":["post-305963","post","type-post","status-publish","format-standard","has-post-thumbnail","hentry","category-sem-categoria"],"acf":[],"yoast_head":"<!-- This site is optimized with the Yoast SEO plugin v27.4 - https:\/\/yoast.com\/product\/yoast-seo-wordpress\/ -->\n<title>Petrolina \u00e9 destaque em atendimento em Sa\u00fade bucal em Pernambuco - Blog do Farn\u00e9sio<\/title>\n<meta name=\"robots\" content=\"index, follow, max-snippet:-1, max-image-preview:large, max-video-preview:-1\" \/>\n<link rel=\"canonical\" href=\"https:\/\/blogdofarnesio.com.br\/?p=305963\" \/>\n<meta property=\"og:locale\" content=\"pt_BR\" \/>\n<meta property=\"og:type\" content=\"article\" \/>\n<meta property=\"og:title\" content=\"Petrolina \u00e9 destaque em atendimento em Sa\u00fade bucal em Pernambuco - Blog do Farn\u00e9sio\" \/>\n<meta property=\"og:description\" content=\"Petrolina est\u00e1 entre as tr\u00eas cidades que apresentam o melhor servi\u00e7o municipal de sa\u00fade bucal em Pernambuco, os outros munic\u00edpios de destaque s\u00e3o Recife e Caruaru. Assim, no dia 23 de fevereiro ser\u00e3o apresentadas as experi\u00eancias exitosas desenvolvidas pela prefeitura durante o I Encontro dos Coordenadores de Sa\u00fade Bucal e CEO de Pernambuco, realizado pelo Conselho Regional de Odontologia (CRO-PE), no munic\u00edpio de Salgueiro. Segundo a diretora de Sa\u00fade Bucal, Roberta Teixeira, Petrolina foi convidada porque tem uma sa\u00fade bucal de refer\u00eancia na Aten\u00e7\u00e3o B\u00e1sica, bem como por ter tido \u00f3timos indicadores nas duas unidades do Centro de Especialidades Odontol\u00f3gicas (CEO), com servi\u00e7os reconhecidos no estado. \u201cTodo o trabalho que desenvolvemos aqui na cidade ser\u00e1 apresentado durante esse evento, nossas&hellip;\" \/>\n<meta property=\"og:url\" content=\"https:\/\/blogdofarnesio.com.br\/?p=305963\" \/>\n<meta property=\"og:site_name\" content=\"Blog do Farn\u00e9sio\" \/>\n<meta property=\"article:publisher\" content=\"https:\/\/www.facebook.com\/BlogQuerSaberPolitica\/\" \/>\n<meta property=\"article:author\" content=\"https:\/\/www.facebook.com\/?ref=tn_tnmn\" \/>\n<meta property=\"article:published_time\" content=\"2022-02-08T19:22:00+00:00\" \/>\n<meta property=\"og:image\" content=\"https:\/\/blogdofarnesio.com.br\/wp-content\/uploads\/2020\/03\/blogqsppet-dentista-Projeto-Sorrisinho.jpg\" \/>\n\t<meta property=\"og:image:width\" content=\"674\" \/>\n\t<meta property=\"og:image:height\" content=\"549\" \/>\n\t<meta property=\"og:image:type\" content=\"image\/jpeg\" \/>\n<meta name=\"author\" content=\"Farn\u00e9sio\" \/>\n<meta name=\"twitter:card\" content=\"summary_large_image\" \/>\n<meta name=\"twitter:label1\" content=\"Escrito por\" \/>\n\t<meta name=\"twitter:data1\" content=\"Farn\u00e9sio\" \/>\n\t<meta name=\"twitter:label2\" content=\"Est. tempo de leitura\" \/>\n\t<meta name=\"twitter:data2\" content=\"1 minuto\" \/>\n<script type=\"application\/ld+json\" class=\"yoast-schema-graph\">{\"@context\":\"https:\\\/\\\/schema.org\",\"@graph\":[{\"@type\":\"Article\",\"@id\":\"https:\\\/\\\/blogdofarnesio.com.br\\\/?p=305963#article\",\"isPartOf\":{\"@id\":\"https:\\\/\\\/blogdofarnesio.com.br\\\/?p=305963\"},\"author\":{\"name\":\"Farn\u00e9sio\",\"@id\":\"https:\\\/\\\/blogdofarnesio.com.br\\\/#\\\/schema\\\/person\\\/bb9b23ae3ad0609ce8df7b6c9e76824d\"},\"headline\":\"Petrolina \u00e9 destaque em atendimento em Sa\u00fade bucal em Pernambuco\",\"datePublished\":\"2022-02-08T19:22:00+00:00\",\"mainEntityOfPage\":{\"@id\":\"https:\\\/\\\/blogdofarnesio.com.br\\\/?p=305963\"},\"wordCount\":256,\"commentCount\":0,\"publisher\":{\"@id\":\"https:\\\/\\\/blogdofarnesio.com.br\\\/#organization\"},\"image\":{\"@id\":\"https:\\\/\\\/blogdofarnesio.com.br\\\/?p=305963#primaryimage\"},\"thumbnailUrl\":\"https:\\\/\\\/blogdofarnesio.com.br\\\/wp-content\\\/uploads\\\/2020\\\/03\\\/blogqsppet-dentista-Projeto-Sorrisinho.jpg\",\"inLanguage\":\"pt-BR\",\"potentialAction\":[{\"@type\":\"CommentAction\",\"name\":\"Comment\",\"target\":[\"https:\\\/\\\/blogdofarnesio.com.br\\\/?p=305963#respond\"]}]},{\"@type\":\"WebPage\",\"@id\":\"https:\\\/\\\/blogdofarnesio.com.br\\\/?p=305963\",\"url\":\"https:\\\/\\\/blogdofarnesio.com.br\\\/?p=305963\",\"name\":\"Petrolina \u00e9 destaque em atendimento em Sa\u00fade bucal em Pernambuco - Blog do Farn\u00e9sio\",\"isPartOf\":{\"@id\":\"https:\\\/\\\/blogdofarnesio.com.br\\\/#website\"},\"primaryImageOfPage\":{\"@id\":\"https:\\\/\\\/blogdofarnesio.com.br\\\/?p=305963#primaryimage\"},\"image\":{\"@id\":\"https:\\\/\\\/blogdofarnesio.com.br\\\/?p=305963#primaryimage\"},\"thumbnailUrl\":\"https:\\\/\\\/blogdofarnesio.com.br\\\/wp-content\\\/uploads\\\/2020\\\/03\\\/blogqsppet-dentista-Projeto-Sorrisinho.jpg\",\"datePublished\":\"2022-02-08T19:22:00+00:00\",\"breadcrumb\":{\"@id\":\"https:\\\/\\\/blogdofarnesio.com.br\\\/?p=305963#breadcrumb\"},\"inLanguage\":\"pt-BR\",\"potentialAction\":[{\"@type\":\"ReadAction\",\"target\":[\"https:\\\/\\\/blogdofarnesio.com.br\\\/?p=305963\"]}]},{\"@type\":\"ImageObject\",\"inLanguage\":\"pt-BR\",\"@id\":\"https:\\\/\\\/blogdofarnesio.com.br\\\/?p=305963#primaryimage\",\"url\":\"https:\\\/\\\/blogdofarnesio.com.br\\\/wp-content\\\/uploads\\\/2020\\\/03\\\/blogqsppet-dentista-Projeto-Sorrisinho.jpg\",\"contentUrl\":\"https:\\\/\\\/blogdofarnesio.com.br\\\/wp-content\\\/uploads\\\/2020\\\/03\\\/blogqsppet-dentista-Projeto-Sorrisinho.jpg\",\"width\":674,\"height\":549},{\"@type\":\"BreadcrumbList\",\"@id\":\"https:\\\/\\\/blogdofarnesio.com.br\\\/?p=305963#breadcrumb\",\"itemListElement\":[{\"@type\":\"ListItem\",\"position\":1,\"name\":\"In\u00edcio\",\"item\":\"https:\\\/\\\/blogdofarnesio.com.br\\\/\"},{\"@type\":\"ListItem\",\"position\":2,\"name\":\"Petrolina \u00e9 destaque em atendimento em Sa\u00fade bucal em Pernambuco\"}]},{\"@type\":\"WebSite\",\"@id\":\"https:\\\/\\\/blogdofarnesio.com.br\\\/#website\",\"url\":\"https:\\\/\\\/blogdofarnesio.com.br\\\/\",\"name\":\"Blog do Farn\u00e9sio\",\"description\":\"Quer Saber Pol\u00edtica?\",\"publisher\":{\"@id\":\"https:\\\/\\\/blogdofarnesio.com.br\\\/#organization\"},\"potentialAction\":[{\"@type\":\"SearchAction\",\"target\":{\"@type\":\"EntryPoint\",\"urlTemplate\":\"https:\\\/\\\/blogdofarnesio.com.br\\\/?s={search_term_string}\"},\"query-input\":{\"@type\":\"PropertyValueSpecification\",\"valueRequired\":true,\"valueName\":\"search_term_string\"}}],\"inLanguage\":\"pt-BR\"},{\"@type\":\"Organization\",\"@id\":\"https:\\\/\\\/blogdofarnesio.com.br\\\/#organization\",\"name\":\"Blog do Farn\u00e9sio\",\"url\":\"https:\\\/\\\/blogdofarnesio.com.br\\\/\",\"logo\":{\"@type\":\"ImageObject\",\"inLanguage\":\"pt-BR\",\"@id\":\"https:\\\/\\\/blogdofarnesio.com.br\\\/#\\\/schema\\\/logo\\\/image\\\/\",\"url\":\"https:\\\/\\\/blogdofarnesio.com.br\\\/wp-content\\\/uploads\\\/2026\\\/03\\\/cropped-logo_new-1.png\",\"contentUrl\":\"https:\\\/\\\/blogdofarnesio.com.br\\\/wp-content\\\/uploads\\\/2026\\\/03\\\/cropped-logo_new-1.png\",\"width\":881,\"height\":685,\"caption\":\"Blog do Farn\u00e9sio\"},\"image\":{\"@id\":\"https:\\\/\\\/blogdofarnesio.com.br\\\/#\\\/schema\\\/logo\\\/image\\\/\"},\"sameAs\":[\"https:\\\/\\\/www.facebook.com\\\/BlogQuerSaberPolitica\\\/\"]},{\"@type\":\"Person\",\"@id\":\"https:\\\/\\\/blogdofarnesio.com.br\\\/#\\\/schema\\\/person\\\/bb9b23ae3ad0609ce8df7b6c9e76824d\",\"name\":\"Farn\u00e9sio\",\"image\":{\"@type\":\"ImageObject\",\"inLanguage\":\"pt-BR\",\"@id\":\"https:\\\/\\\/secure.gravatar.com\\\/avatar\\\/986aa4c61ccdb66f8555bf88fc2a65609d00bcabd4d2d94377a727547345cbca?s=96&d=mm&r=g\",\"url\":\"https:\\\/\\\/secure.gravatar.com\\\/avatar\\\/986aa4c61ccdb66f8555bf88fc2a65609d00bcabd4d2d94377a727547345cbca?s=96&d=mm&r=g\",\"contentUrl\":\"https:\\\/\\\/secure.gravatar.com\\\/avatar\\\/986aa4c61ccdb66f8555bf88fc2a65609d00bcabd4d2d94377a727547345cbca?s=96&d=mm&r=g\",\"caption\":\"Farn\u00e9sio\"},\"description\":\"Radialista blogueiro, chegou a Petrolina\\\/Juazeiro em setembro de 1980, Farn\u00e9sio Silva \u00e9 de Arapiraca-Alagoas.\",\"sameAs\":[\"http:\\\/\\\/blogdofarnesio.com.br\",\"https:\\\/\\\/www.facebook.com\\\/?ref=tn_tnmn\",\"https:\\\/\\\/www.instagram.com\\\/?utm_source=pwa_homescreen\",\"https:\\\/\\\/youtube.com.br\\\/\"],\"url\":\"https:\\\/\\\/blogdofarnesio.com.br\\\/?author=2\"}]}<\/script>\n<!-- \/ Yoast SEO plugin. -->","yoast_head_json":{"title":"Petrolina \u00e9 destaque em atendimento em Sa\u00fade bucal em Pernambuco - Blog do Farn\u00e9sio","robots":{"index":"index","follow":"follow","max-snippet":"max-snippet:-1","max-image-preview":"max-image-preview:large","max-video-preview":"max-video-preview:-1"},"canonical":"https:\/\/blogdofarnesio.com.br\/?p=305963","og_locale":"pt_BR","og_type":"article","og_title":"Petrolina \u00e9 destaque em atendimento em Sa\u00fade bucal em Pernambuco - Blog do Farn\u00e9sio","og_description":"Petrolina est\u00e1 entre as tr\u00eas cidades que apresentam o melhor servi\u00e7o municipal de sa\u00fade bucal em Pernambuco, os outros munic\u00edpios de destaque s\u00e3o Recife e Caruaru. Assim, no dia 23 de fevereiro ser\u00e3o apresentadas as experi\u00eancias exitosas desenvolvidas pela prefeitura durante o I Encontro dos Coordenadores de Sa\u00fade Bucal e CEO de Pernambuco, realizado pelo Conselho Regional de Odontologia (CRO-PE), no munic\u00edpio de Salgueiro. Segundo a diretora de Sa\u00fade Bucal, Roberta Teixeira, Petrolina foi convidada porque tem uma sa\u00fade bucal de refer\u00eancia na Aten\u00e7\u00e3o B\u00e1sica, bem como por ter tido \u00f3timos indicadores nas duas unidades do Centro de Especialidades Odontol\u00f3gicas (CEO), com servi\u00e7os reconhecidos no estado. \u201cTodo o trabalho que desenvolvemos aqui na cidade ser\u00e1 apresentado durante esse evento, nossas&hellip;","og_url":"https:\/\/blogdofarnesio.com.br\/?p=305963","og_site_name":"Blog do Farn\u00e9sio","article_publisher":"https:\/\/www.facebook.com\/BlogQuerSaberPolitica\/","article_author":"https:\/\/www.facebook.com\/?ref=tn_tnmn","article_published_time":"2022-02-08T19:22:00+00:00","og_image":[{"width":674,"height":549,"url":"https:\/\/blogdofarnesio.com.br\/wp-content\/uploads\/2020\/03\/blogqsppet-dentista-Projeto-Sorrisinho.jpg","type":"image\/jpeg"}],"author":"Farn\u00e9sio","twitter_card":"summary_large_image","twitter_misc":{"Escrito por":"Farn\u00e9sio","Est. tempo de leitura":"1 minuto"},"schema":{"@context":"https:\/\/schema.org","@graph":[{"@type":"Article","@id":"https:\/\/blogdofarnesio.com.br\/?p=305963#article","isPartOf":{"@id":"https:\/\/blogdofarnesio.com.br\/?p=305963"},"author":{"name":"Farn\u00e9sio","@id":"https:\/\/blogdofarnesio.com.br\/#\/schema\/person\/bb9b23ae3ad0609ce8df7b6c9e76824d"},"headline":"Petrolina \u00e9 destaque em atendimento em Sa\u00fade bucal em Pernambuco","datePublished":"2022-02-08T19:22:00+00:00","mainEntityOfPage":{"@id":"https:\/\/blogdofarnesio.com.br\/?p=305963"},"wordCount":256,"commentCount":0,"publisher":{"@id":"https:\/\/blogdofarnesio.com.br\/#organization"},"image":{"@id":"https:\/\/blogdofarnesio.com.br\/?p=305963#primaryimage"},"thumbnailUrl":"https:\/\/blogdofarnesio.com.br\/wp-content\/uploads\/2020\/03\/blogqsppet-dentista-Projeto-Sorrisinho.jpg","inLanguage":"pt-BR","potentialAction":[{"@type":"CommentAction","name":"Comment","target":["https:\/\/blogdofarnesio.com.br\/?p=305963#respond"]}]},{"@type":"WebPage","@id":"https:\/\/blogdofarnesio.com.br\/?p=305963","url":"https:\/\/blogdofarnesio.com.br\/?p=305963","name":"Petrolina \u00e9 destaque em atendimento em Sa\u00fade bucal em Pernambuco - Blog do Farn\u00e9sio","isPartOf":{"@id":"https:\/\/blogdofarnesio.com.br\/#website"},"primaryImageOfPage":{"@id":"https:\/\/blogdofarnesio.com.br\/?p=305963#primaryimage"},"image":{"@id":"https:\/\/blogdofarnesio.com.br\/?p=305963#primaryimage"},"thumbnailUrl":"https:\/\/blogdofarnesio.com.br\/wp-content\/uploads\/2020\/03\/blogqsppet-dentista-Projeto-Sorrisinho.jpg","datePublished":"2022-02-08T19:22:00+00:00","breadcrumb":{"@id":"https:\/\/blogdofarnesio.com.br\/?p=305963#breadcrumb"},"inLanguage":"pt-BR","potentialAction":[{"@type":"ReadAction","target":["https:\/\/blogdofarnesio.com.br\/?p=305963"]}]},{"@type":"ImageObject","inLanguage":"pt-BR","@id":"https:\/\/blogdofarnesio.com.br\/?p=305963#primaryimage","url":"https:\/\/blogdofarnesio.com.br\/wp-content\/uploads\/2020\/03\/blogqsppet-dentista-Projeto-Sorrisinho.jpg","contentUrl":"https:\/\/blogdofarnesio.com.br\/wp-content\/uploads\/2020\/03\/blogqsppet-dentista-Projeto-Sorrisinho.jpg","width":674,"height":549},{"@type":"BreadcrumbList","@id":"https:\/\/blogdofarnesio.com.br\/?p=305963#breadcrumb","itemListElement":[{"@type":"ListItem","position":1,"name":"In\u00edcio","item":"https:\/\/blogdofarnesio.com.br\/"},{"@type":"ListItem","position":2,"name":"Petrolina \u00e9 destaque em atendimento em Sa\u00fade bucal em Pernambuco"}]},{"@type":"WebSite","@id":"https:\/\/blogdofarnesio.com.br\/#website","url":"https:\/\/blogdofarnesio.com.br\/","name":"Blog do Farn\u00e9sio","description":"Quer Saber Pol\u00edtica?","publisher":{"@id":"https:\/\/blogdofarnesio.com.br\/#organization"},"potentialAction":[{"@type":"SearchAction","target":{"@type":"EntryPoint","urlTemplate":"https:\/\/blogdofarnesio.com.br\/?s={search_term_string}"},"query-input":{"@type":"PropertyValueSpecification","valueRequired":true,"valueName":"search_term_string"}}],"inLanguage":"pt-BR"},{"@type":"Organization","@id":"https:\/\/blogdofarnesio.com.br\/#organization","name":"Blog do Farn\u00e9sio","url":"https:\/\/blogdofarnesio.com.br\/","logo":{"@type":"ImageObject","inLanguage":"pt-BR","@id":"https:\/\/blogdofarnesio.com.br\/#\/schema\/logo\/image\/","url":"https:\/\/blogdofarnesio.com.br\/wp-content\/uploads\/2026\/03\/cropped-logo_new-1.png","contentUrl":"https:\/\/blogdofarnesio.com.br\/wp-content\/uploads\/2026\/03\/cropped-logo_new-1.png","width":881,"height":685,"caption":"Blog do Farn\u00e9sio"},"image":{"@id":"https:\/\/blogdofarnesio.com.br\/#\/schema\/logo\/image\/"},"sameAs":["https:\/\/www.facebook.com\/BlogQuerSaberPolitica\/"]},{"@type":"Person","@id":"https:\/\/blogdofarnesio.com.br\/#\/schema\/person\/bb9b23ae3ad0609ce8df7b6c9e76824d","name":"Farn\u00e9sio","image":{"@type":"ImageObject","inLanguage":"pt-BR","@id":"https:\/\/secure.gravatar.com\/avatar\/986aa4c61ccdb66f8555bf88fc2a65609d00bcabd4d2d94377a727547345cbca?s=96&d=mm&r=g","url":"https:\/\/secure.gravatar.com\/avatar\/986aa4c61ccdb66f8555bf88fc2a65609d00bcabd4d2d94377a727547345cbca?s=96&d=mm&r=g","contentUrl":"https:\/\/secure.gravatar.com\/avatar\/986aa4c61ccdb66f8555bf88fc2a65609d00bcabd4d2d94377a727547345cbca?s=96&d=mm&r=g","caption":"Farn\u00e9sio"},"description":"Radialista blogueiro, chegou a Petrolina\/Juazeiro em setembro de 1980, Farn\u00e9sio Silva \u00e9 de Arapiraca-Alagoas.","sameAs":["http:\/\/blogdofarnesio.com.br","https:\/\/www.facebook.com\/?ref=tn_tnmn","https:\/\/www.instagram.com\/?utm_source=pwa_homescreen","https:\/\/youtube.com.br\/"],"url":"https:\/\/blogdofarnesio.com.br\/?author=2"}]}},"_links":{"self":[{"href":"https:\/\/blogdofarnesio.com.br\/index.php?rest_route=\/wp\/v2\/posts\/305963","targetHints":{"allow":["GET"]}}],"collection":[{"href":"https:\/\/blogdofarnesio.com.br\/index.php?rest_route=\/wp\/v2\/posts"}],"about":[{"href":"https:\/\/blogdofarnesio.com.br\/index.php?rest_route=\/wp\/v2\/types\/post"}],"author":[{"embeddable":true,"href":"https:\/\/blogdofarnesio.com.br\/index.php?rest_route=\/wp\/v2\/users\/2"}],"replies":[{"embeddable":true,"href":"https:\/\/blogdofarnesio.com.br\/index.php?rest_route=%2Fwp%2Fv2%2Fcomments&post=305963"}],"version-history":[{"count":0,"href":"https:\/\/blogdofarnesio.com.br\/index.php?rest_route=\/wp\/v2\/posts\/305963\/revisions"}],"wp:featuredmedia":[{"embeddable":true,"href":"https:\/\/blogdofarnesio.com.br\/index.php?rest_route=\/wp\/v2\/media\/251765"}],"wp:attachment":[{"href":"https:\/\/blogdofarnesio.com.br\/index.php?rest_route=%2Fwp%2Fv2%2Fmedia&parent=305963"}],"wp:term":[{"taxonomy":"category","embeddable":true,"href":"https:\/\/blogdofarnesio.com.br\/index.php?rest_route=%2Fwp%2Fv2%2Fcategories&post=305963"},{"taxonomy":"post_tag","embeddable":true,"href":"https:\/\/blogdofarnesio.com.br\/index.php?rest_route=%2Fwp%2Fv2%2Ftags&post=305963"}],"curies":[{"name":"wp","href":"https:\/\/api.w.org\/{rel}","templated":true}]}}