{"id":305913,"date":"2022-02-07T11:04:27","date_gmt":"2022-02-07T14:04:27","guid":{"rendered":"https:\/\/blogdofarnesio.com.br\/?p=305913"},"modified":"2022-02-07T08:21:30","modified_gmt":"2022-02-07T11:21:30","slug":"entenda-as-investigacoes-contra-bolsonaro-e-o-que-pode-acontecer-com-ele","status":"publish","type":"post","link":"https:\/\/blogdofarnesio.com.br\/?p=305913","title":{"rendered":"Entenda as investiga\u00e7\u00f5es contra Bolsonaro e o que pode acontecer com ele"},"content":{"rendered":"<div class=\"box-title\">\n<p>por Fernando Pedroso e Bruno Lee | Folhapress &#8211;<\/p>\n<\/div>\n<div class=\"box-body\" data-io-article-url=\"https:\/\/www.bahianoticias.com.br\/\">\n<div class=\"text-center\">\n<div class=\"box-img\">\n<div class=\"img-legenda\">Apesar de a Pol\u00edcia Federal ter isentado Jair Bolsonaro (PL) da acusa\u00e7\u00e3o de prevarica\u00e7\u00e3o no caso da compra da Covaxin, o presidente ainda \u00e9 alvo de outros cinco inqu\u00e9ritos. Alguns desses casos, no limite, podem levar ao afastamento do presidente.<\/div>\n<\/div>\n<\/div>\n<div class=\"text-descricao\">\n<p>Bolsonaro \u00e9 acusado de interferir no comando da PF, espalhar desinforma\u00e7\u00e3o sobre as vacinas, promover ataques aos ministros do STF (Supremo Tribunal Federal), divulgar fake news a respeito das urnas eletr\u00f4nicas e vazar dados sigilosos, al\u00e9m do pr\u00f3prio caso da prevarica\u00e7\u00e3o sobre a Covaxin, que apesar de ter o parecer da PF, segue no Supremo.<\/p>\n<p>O presidente pode ser denunciado pela PGR (Procuradoria-Geral da Rep\u00fablica) e, se a C\u00e2mara dos Deputados aprovar o seguimento e o STF aceitar a abertura de a\u00e7\u00e3o penal, Bolsonaro ser\u00e1 automaticamente afastado do cargo por 180 dias, at\u00e9 uma solu\u00e7\u00e3o sobre a condena\u00e7\u00e3o ou n\u00e3o. Caso o Legislativo barre o prosseguimento das investiga\u00e7\u00f5es, o processo voltar\u00e1 a correr ap\u00f3s ele deixar o mandato.<\/p>\n<p>A PGR \u00e9 comandada por Augusto Aras, cuja atua\u00e7\u00e3o \u00e9 alvo de cr\u00edticas por um alinhamento com o Pal\u00e1cio do Planalto.<\/p>\n<p><strong>Entenda os outros cinco inqu\u00e9ritos:<\/strong><\/p>\n<p><strong>INTERFER\u00caNCIA NA PF<\/strong><\/p>\n<p>O inqu\u00e9rito foi aberto em abril de 2020 horas depois de Sergio Moro pedir demiss\u00e3o do Minist\u00e9rio da Justi\u00e7a com acusa\u00e7\u00f5es ao presidente Jair Bolsonaro. O objetivo da apura\u00e7\u00e3o \u00e9 verificar se as afirma\u00e7\u00f5es do ex-ministro, de que Bolsonaro teria tentado interferir na PF, s\u00e3o verdadeiras ou se ele mentiu sobre o comportamento do chefe do Executivo.<\/p>\n<p>No pedido de abertura de inqu\u00e9rito, Augusto Aras citou oito crimes que podem ter sido cometidos: falsidade ideol\u00f3gica, coa\u00e7\u00e3o no curso do processo, advocacia administrativa, obstru\u00e7\u00e3o de Justi\u00e7a, corrup\u00e7\u00e3o passiva privilegiada, prevarica\u00e7\u00e3o, denuncia\u00e7\u00e3o caluniosa e crime contra a honra. Nada impede, no entanto, que a investiga\u00e7\u00e3o encontre outros crimes. Em novembro do ano passado, Bolsonaro negou irregularidades durante depoimento.<\/p>\n<p><strong>DESINFORMA\u00c7\u00c3O SOBRE VACINA<\/strong><\/p>\n<p>Durante uma live no dia 21 de outubro do ano passado, Bolsonaro leu uma suposta not\u00edcia que alertava que &#8220;vacinados [contra a Covid] est\u00e3o desenvolvendo a s\u00edndrome da imunodefici\u00eancia adquirida [Aids]&#8221;. M\u00e9dicos afirmam que a associa\u00e7\u00e3o entre o imunizante contra o coronav\u00edrus e a transmiss\u00e3o do HIV, o v\u00edrus da Aids, \u00e9 falsa e inexistente.<\/p>\n<p>\u00c0 \u00e9poca, a Procuradoria-Geral da Rep\u00fablica chegou a abrir uma investiga\u00e7\u00e3o preliminar, mas com a demora de Augusto Aras em dar seguimento ao caso, o ministro Alexandre de Moraes, do Supremo Tribunal Federal, atendeu pedido da CPI da Covid e instaurou um inqu\u00e9rito.<\/p>\n<p><strong>ATAQUES AOS MINISTROS DO SUPREMO<\/strong><\/p>\n<p>A investiga\u00e7\u00e3o iniciada em 2019 busca identificar autores de not\u00edcias falsas disseminadas nas redes sociais contra ministros do Supremo e j\u00e1 resultou em busca e apreens\u00e3o contra apoiadores de Bolsonaro.<\/p>\n<p>A pedido do TSE, o ministro Alexandre de Moraes incluiu o presidente entre os alvos. Frequentemente o presidente faz ataques aos ministros, que tamb\u00e9m s\u00e3o alvo preferencial de apoiadores do presidente.<\/p>\n<p><strong>NOTICIAS FALSAS SOBRE AS URNAS ELETR\u00d4NICAS<\/strong><\/p>\n<p>Por sugest\u00e3o do corregedor-geral eleitoral, ministro Lu\u00eds Felipe Salom\u00e3o, o TSE abriu inqu\u00e9rito administrativo para apurar a conduta de Bolsonaro, que, sem apresentar provas, afirma que o sistema eleitoral \u00e9 vulner\u00e1vel a fraude. J\u00e1 a Pol\u00edcia Federal sugeriu que Bolsonaro seja investigado no inqu\u00e9rito das mil\u00edcias digitais.<\/p>\n<p>O presidente j\u00e1 disse, sem apresentar provas, que teria vencido as elei\u00e7\u00f5es ainda no primeiro turno e reafirmou a not\u00edcia falsa de que urnas computavam votos de seus eleitores para advers\u00e1rios.<\/p>\n<p><strong>VAZAMENTO DE DADOS SIGILOSOS<\/strong><\/p>\n<p>A pedido do TSE, Alexandre de Moraes mandou apurar o vazamento de informa\u00e7\u00f5es sigilosas de inqu\u00e9rito instaurado em 2018 pela PF sobre uma invas\u00e3o hacker a sistemas eletr\u00f4nicos da Justi\u00e7a Eleitoral. As informa\u00e7\u00f5es desse inqu\u00e9rito foram divulgadas por Bolsonaro em live com o prop\u00f3sito de sustentar a acusa\u00e7\u00e3o que faz ao sistema eleitoral.<\/p>\n<p>A delegada federal Denisse Ribeiro enviou a Moraes a conclus\u00e3o do inqu\u00e9rito sobre o vazamento de uma investiga\u00e7\u00e3o de ataque hacker ao TSE (Tribunal Superior Eleitoral). No relat\u00f3rio, encaminhado em 31 de janeiro, diz ter visto crime na atua\u00e7\u00e3o de Jair Bolsonaro, do deputado Filipe Barros (PSL-PR) e do ajudante de ordens presidencial Mauro Cid.<\/p>\n<\/div>\n<\/div>\n","protected":false},"excerpt":{"rendered":"<p>por Fernando Pedroso e Bruno Lee | Folhapress &#8211; Apesar de a Pol\u00edcia Federal ter isentado Jair Bolsonaro (PL) da acusa\u00e7\u00e3o de prevarica\u00e7\u00e3o no caso da compra da Covaxin, o presidente ainda \u00e9 alvo de outros cinco inqu\u00e9ritos. Alguns desses casos, no limite, podem levar ao afastamento do presidente. Bolsonaro \u00e9 acusado de interferir no comando da PF, espalhar desinforma\u00e7\u00e3o sobre as vacinas, promover ataques aos ministros do STF (Supremo Tribunal Federal), divulgar fake news a respeito das urnas eletr\u00f4nicas e vazar dados sigilosos, al\u00e9m do pr\u00f3prio caso da prevarica\u00e7\u00e3o sobre a Covaxin, que apesar de ter o parecer da PF, segue no Supremo. O presidente pode ser denunciado pela PGR (Procuradoria-Geral da Rep\u00fablica) e, se a C\u00e2mara dos Deputados&hellip; <\/p>\n","protected":false},"author":2,"featured_media":296940,"comment_status":"open","ping_status":"open","sticky":false,"template":"","format":"standard","meta":{"_acf_changed":false,"footnotes":""},"categories":[1],"tags":[],"class_list":["post-305913","post","type-post","status-publish","format-standard","has-post-thumbnail","hentry","category-politica"],"acf":[],"yoast_head":"<!-- This site is optimized with the Yoast SEO plugin v27.4 - https:\/\/yoast.com\/product\/yoast-seo-wordpress\/ -->\n<title>Entenda as investiga\u00e7\u00f5es contra Bolsonaro e o que pode acontecer com ele - Blog do Farn\u00e9sio<\/title>\n<meta name=\"robots\" content=\"index, follow, max-snippet:-1, max-image-preview:large, max-video-preview:-1\" \/>\n<link rel=\"canonical\" href=\"https:\/\/blogdofarnesio.com.br\/?p=305913\" \/>\n<meta property=\"og:locale\" content=\"pt_BR\" \/>\n<meta property=\"og:type\" content=\"article\" \/>\n<meta property=\"og:title\" content=\"Entenda as investiga\u00e7\u00f5es contra Bolsonaro e o que pode acontecer com ele - Blog do Farn\u00e9sio\" \/>\n<meta property=\"og:description\" content=\"por Fernando Pedroso e Bruno Lee | Folhapress &#8211; Apesar de a Pol\u00edcia Federal ter isentado Jair Bolsonaro (PL) da acusa\u00e7\u00e3o de prevarica\u00e7\u00e3o no caso da compra da Covaxin, o presidente ainda \u00e9 alvo de outros cinco inqu\u00e9ritos. Alguns desses casos, no limite, podem levar ao afastamento do presidente. Bolsonaro \u00e9 acusado de interferir no comando da PF, espalhar desinforma\u00e7\u00e3o sobre as vacinas, promover ataques aos ministros do STF (Supremo Tribunal Federal), divulgar fake news a respeito das urnas eletr\u00f4nicas e vazar dados sigilosos, al\u00e9m do pr\u00f3prio caso da prevarica\u00e7\u00e3o sobre a Covaxin, que apesar de ter o parecer da PF, segue no Supremo. O presidente pode ser denunciado pela PGR (Procuradoria-Geral da Rep\u00fablica) e, se a C\u00e2mara dos Deputados&hellip;\" \/>\n<meta property=\"og:url\" content=\"https:\/\/blogdofarnesio.com.br\/?p=305913\" \/>\n<meta property=\"og:site_name\" content=\"Blog do Farn\u00e9sio\" \/>\n<meta property=\"article:publisher\" content=\"https:\/\/www.facebook.com\/BlogQuerSaberPolitica\/\" \/>\n<meta property=\"article:author\" content=\"https:\/\/www.facebook.com\/?ref=tn_tnmn\" \/>\n<meta property=\"article:published_time\" content=\"2022-02-07T14:04:27+00:00\" \/>\n<meta property=\"og:image\" content=\"https:\/\/blogdofarnesio.com.br\/wp-content\/uploads\/2021\/10\/blogqspbolsonaro-vergonha.jpg\" \/>\n\t<meta property=\"og:image:width\" content=\"832\" \/>\n\t<meta property=\"og:image:height\" content=\"555\" \/>\n\t<meta property=\"og:image:type\" content=\"image\/jpeg\" \/>\n<meta name=\"author\" content=\"Farn\u00e9sio\" \/>\n<meta name=\"twitter:card\" content=\"summary_large_image\" \/>\n<meta name=\"twitter:label1\" content=\"Escrito por\" \/>\n\t<meta name=\"twitter:data1\" content=\"Farn\u00e9sio\" \/>\n\t<meta name=\"twitter:label2\" content=\"Est. tempo de leitura\" \/>\n\t<meta name=\"twitter:data2\" content=\"4 minutos\" \/>\n<script type=\"application\/ld+json\" class=\"yoast-schema-graph\">{\"@context\":\"https:\\\/\\\/schema.org\",\"@graph\":[{\"@type\":\"Article\",\"@id\":\"https:\\\/\\\/blogdofarnesio.com.br\\\/?p=305913#article\",\"isPartOf\":{\"@id\":\"https:\\\/\\\/blogdofarnesio.com.br\\\/?p=305913\"},\"author\":{\"name\":\"Farn\u00e9sio\",\"@id\":\"https:\\\/\\\/blogdofarnesio.com.br\\\/#\\\/schema\\\/person\\\/bb9b23ae3ad0609ce8df7b6c9e76824d\"},\"headline\":\"Entenda as investiga\u00e7\u00f5es contra Bolsonaro e o que pode acontecer com ele\",\"datePublished\":\"2022-02-07T14:04:27+00:00\",\"mainEntityOfPage\":{\"@id\":\"https:\\\/\\\/blogdofarnesio.com.br\\\/?p=305913\"},\"wordCount\":756,\"commentCount\":0,\"publisher\":{\"@id\":\"https:\\\/\\\/blogdofarnesio.com.br\\\/#organization\"},\"image\":{\"@id\":\"https:\\\/\\\/blogdofarnesio.com.br\\\/?p=305913#primaryimage\"},\"thumbnailUrl\":\"https:\\\/\\\/blogdofarnesio.com.br\\\/wp-content\\\/uploads\\\/2021\\\/10\\\/blogqspbolsonaro-vergonha.jpg\",\"articleSection\":[\"Pol\u00edtica\"],\"inLanguage\":\"pt-BR\",\"potentialAction\":[{\"@type\":\"CommentAction\",\"name\":\"Comment\",\"target\":[\"https:\\\/\\\/blogdofarnesio.com.br\\\/?p=305913#respond\"]}]},{\"@type\":\"WebPage\",\"@id\":\"https:\\\/\\\/blogdofarnesio.com.br\\\/?p=305913\",\"url\":\"https:\\\/\\\/blogdofarnesio.com.br\\\/?p=305913\",\"name\":\"Entenda as investiga\u00e7\u00f5es contra Bolsonaro e o que pode acontecer com ele - Blog do Farn\u00e9sio\",\"isPartOf\":{\"@id\":\"https:\\\/\\\/blogdofarnesio.com.br\\\/#website\"},\"primaryImageOfPage\":{\"@id\":\"https:\\\/\\\/blogdofarnesio.com.br\\\/?p=305913#primaryimage\"},\"image\":{\"@id\":\"https:\\\/\\\/blogdofarnesio.com.br\\\/?p=305913#primaryimage\"},\"thumbnailUrl\":\"https:\\\/\\\/blogdofarnesio.com.br\\\/wp-content\\\/uploads\\\/2021\\\/10\\\/blogqspbolsonaro-vergonha.jpg\",\"datePublished\":\"2022-02-07T14:04:27+00:00\",\"breadcrumb\":{\"@id\":\"https:\\\/\\\/blogdofarnesio.com.br\\\/?p=305913#breadcrumb\"},\"inLanguage\":\"pt-BR\",\"potentialAction\":[{\"@type\":\"ReadAction\",\"target\":[\"https:\\\/\\\/blogdofarnesio.com.br\\\/?p=305913\"]}]},{\"@type\":\"ImageObject\",\"inLanguage\":\"pt-BR\",\"@id\":\"https:\\\/\\\/blogdofarnesio.com.br\\\/?p=305913#primaryimage\",\"url\":\"https:\\\/\\\/blogdofarnesio.com.br\\\/wp-content\\\/uploads\\\/2021\\\/10\\\/blogqspbolsonaro-vergonha.jpg\",\"contentUrl\":\"https:\\\/\\\/blogdofarnesio.com.br\\\/wp-content\\\/uploads\\\/2021\\\/10\\\/blogqspbolsonaro-vergonha.jpg\",\"width\":832,\"height\":555,\"caption\":\"ILustra\u00e7\u00e3o\"},{\"@type\":\"BreadcrumbList\",\"@id\":\"https:\\\/\\\/blogdofarnesio.com.br\\\/?p=305913#breadcrumb\",\"itemListElement\":[{\"@type\":\"ListItem\",\"position\":1,\"name\":\"In\u00edcio\",\"item\":\"https:\\\/\\\/blogdofarnesio.com.br\\\/\"},{\"@type\":\"ListItem\",\"position\":2,\"name\":\"Entenda as investiga\u00e7\u00f5es contra Bolsonaro e o que pode acontecer com ele\"}]},{\"@type\":\"WebSite\",\"@id\":\"https:\\\/\\\/blogdofarnesio.com.br\\\/#website\",\"url\":\"https:\\\/\\\/blogdofarnesio.com.br\\\/\",\"name\":\"Blog do Farn\u00e9sio\",\"description\":\"Quer Saber Pol\u00edtica?\",\"publisher\":{\"@id\":\"https:\\\/\\\/blogdofarnesio.com.br\\\/#organization\"},\"potentialAction\":[{\"@type\":\"SearchAction\",\"target\":{\"@type\":\"EntryPoint\",\"urlTemplate\":\"https:\\\/\\\/blogdofarnesio.com.br\\\/?s={search_term_string}\"},\"query-input\":{\"@type\":\"PropertyValueSpecification\",\"valueRequired\":true,\"valueName\":\"search_term_string\"}}],\"inLanguage\":\"pt-BR\"},{\"@type\":\"Organization\",\"@id\":\"https:\\\/\\\/blogdofarnesio.com.br\\\/#organization\",\"name\":\"Blog do Farn\u00e9sio\",\"url\":\"https:\\\/\\\/blogdofarnesio.com.br\\\/\",\"logo\":{\"@type\":\"ImageObject\",\"inLanguage\":\"pt-BR\",\"@id\":\"https:\\\/\\\/blogdofarnesio.com.br\\\/#\\\/schema\\\/logo\\\/image\\\/\",\"url\":\"https:\\\/\\\/blogdofarnesio.com.br\\\/wp-content\\\/uploads\\\/2026\\\/03\\\/cropped-logo_new-1.png\",\"contentUrl\":\"https:\\\/\\\/blogdofarnesio.com.br\\\/wp-content\\\/uploads\\\/2026\\\/03\\\/cropped-logo_new-1.png\",\"width\":881,\"height\":685,\"caption\":\"Blog do Farn\u00e9sio\"},\"image\":{\"@id\":\"https:\\\/\\\/blogdofarnesio.com.br\\\/#\\\/schema\\\/logo\\\/image\\\/\"},\"sameAs\":[\"https:\\\/\\\/www.facebook.com\\\/BlogQuerSaberPolitica\\\/\"]},{\"@type\":\"Person\",\"@id\":\"https:\\\/\\\/blogdofarnesio.com.br\\\/#\\\/schema\\\/person\\\/bb9b23ae3ad0609ce8df7b6c9e76824d\",\"name\":\"Farn\u00e9sio\",\"image\":{\"@type\":\"ImageObject\",\"inLanguage\":\"pt-BR\",\"@id\":\"https:\\\/\\\/secure.gravatar.com\\\/avatar\\\/986aa4c61ccdb66f8555bf88fc2a65609d00bcabd4d2d94377a727547345cbca?s=96&d=mm&r=g\",\"url\":\"https:\\\/\\\/secure.gravatar.com\\\/avatar\\\/986aa4c61ccdb66f8555bf88fc2a65609d00bcabd4d2d94377a727547345cbca?s=96&d=mm&r=g\",\"contentUrl\":\"https:\\\/\\\/secure.gravatar.com\\\/avatar\\\/986aa4c61ccdb66f8555bf88fc2a65609d00bcabd4d2d94377a727547345cbca?s=96&d=mm&r=g\",\"caption\":\"Farn\u00e9sio\"},\"description\":\"Radialista blogueiro, chegou a Petrolina\\\/Juazeiro em setembro de 1980, Farn\u00e9sio Silva \u00e9 de Arapiraca-Alagoas.\",\"sameAs\":[\"http:\\\/\\\/blogdofarnesio.com.br\",\"https:\\\/\\\/www.facebook.com\\\/?ref=tn_tnmn\",\"https:\\\/\\\/www.instagram.com\\\/?utm_source=pwa_homescreen\",\"https:\\\/\\\/youtube.com.br\\\/\"],\"url\":\"https:\\\/\\\/blogdofarnesio.com.br\\\/?author=2\"}]}<\/script>\n<!-- \/ Yoast SEO plugin. -->","yoast_head_json":{"title":"Entenda as investiga\u00e7\u00f5es contra Bolsonaro e o que pode acontecer com ele - Blog do Farn\u00e9sio","robots":{"index":"index","follow":"follow","max-snippet":"max-snippet:-1","max-image-preview":"max-image-preview:large","max-video-preview":"max-video-preview:-1"},"canonical":"https:\/\/blogdofarnesio.com.br\/?p=305913","og_locale":"pt_BR","og_type":"article","og_title":"Entenda as investiga\u00e7\u00f5es contra Bolsonaro e o que pode acontecer com ele - Blog do Farn\u00e9sio","og_description":"por Fernando Pedroso e Bruno Lee | Folhapress &#8211; Apesar de a Pol\u00edcia Federal ter isentado Jair Bolsonaro (PL) da acusa\u00e7\u00e3o de prevarica\u00e7\u00e3o no caso da compra da Covaxin, o presidente ainda \u00e9 alvo de outros cinco inqu\u00e9ritos. Alguns desses casos, no limite, podem levar ao afastamento do presidente. Bolsonaro \u00e9 acusado de interferir no comando da PF, espalhar desinforma\u00e7\u00e3o sobre as vacinas, promover ataques aos ministros do STF (Supremo Tribunal Federal), divulgar fake news a respeito das urnas eletr\u00f4nicas e vazar dados sigilosos, al\u00e9m do pr\u00f3prio caso da prevarica\u00e7\u00e3o sobre a Covaxin, que apesar de ter o parecer da PF, segue no Supremo. O presidente pode ser denunciado pela PGR (Procuradoria-Geral da Rep\u00fablica) e, se a C\u00e2mara dos Deputados&hellip;","og_url":"https:\/\/blogdofarnesio.com.br\/?p=305913","og_site_name":"Blog do Farn\u00e9sio","article_publisher":"https:\/\/www.facebook.com\/BlogQuerSaberPolitica\/","article_author":"https:\/\/www.facebook.com\/?ref=tn_tnmn","article_published_time":"2022-02-07T14:04:27+00:00","og_image":[{"width":832,"height":555,"url":"https:\/\/blogdofarnesio.com.br\/wp-content\/uploads\/2021\/10\/blogqspbolsonaro-vergonha.jpg","type":"image\/jpeg"}],"author":"Farn\u00e9sio","twitter_card":"summary_large_image","twitter_misc":{"Escrito por":"Farn\u00e9sio","Est. tempo de leitura":"4 minutos"},"schema":{"@context":"https:\/\/schema.org","@graph":[{"@type":"Article","@id":"https:\/\/blogdofarnesio.com.br\/?p=305913#article","isPartOf":{"@id":"https:\/\/blogdofarnesio.com.br\/?p=305913"},"author":{"name":"Farn\u00e9sio","@id":"https:\/\/blogdofarnesio.com.br\/#\/schema\/person\/bb9b23ae3ad0609ce8df7b6c9e76824d"},"headline":"Entenda as investiga\u00e7\u00f5es contra Bolsonaro e o que pode acontecer com ele","datePublished":"2022-02-07T14:04:27+00:00","mainEntityOfPage":{"@id":"https:\/\/blogdofarnesio.com.br\/?p=305913"},"wordCount":756,"commentCount":0,"publisher":{"@id":"https:\/\/blogdofarnesio.com.br\/#organization"},"image":{"@id":"https:\/\/blogdofarnesio.com.br\/?p=305913#primaryimage"},"thumbnailUrl":"https:\/\/blogdofarnesio.com.br\/wp-content\/uploads\/2021\/10\/blogqspbolsonaro-vergonha.jpg","articleSection":["Pol\u00edtica"],"inLanguage":"pt-BR","potentialAction":[{"@type":"CommentAction","name":"Comment","target":["https:\/\/blogdofarnesio.com.br\/?p=305913#respond"]}]},{"@type":"WebPage","@id":"https:\/\/blogdofarnesio.com.br\/?p=305913","url":"https:\/\/blogdofarnesio.com.br\/?p=305913","name":"Entenda as investiga\u00e7\u00f5es contra Bolsonaro e o que pode acontecer com ele - Blog do Farn\u00e9sio","isPartOf":{"@id":"https:\/\/blogdofarnesio.com.br\/#website"},"primaryImageOfPage":{"@id":"https:\/\/blogdofarnesio.com.br\/?p=305913#primaryimage"},"image":{"@id":"https:\/\/blogdofarnesio.com.br\/?p=305913#primaryimage"},"thumbnailUrl":"https:\/\/blogdofarnesio.com.br\/wp-content\/uploads\/2021\/10\/blogqspbolsonaro-vergonha.jpg","datePublished":"2022-02-07T14:04:27+00:00","breadcrumb":{"@id":"https:\/\/blogdofarnesio.com.br\/?p=305913#breadcrumb"},"inLanguage":"pt-BR","potentialAction":[{"@type":"ReadAction","target":["https:\/\/blogdofarnesio.com.br\/?p=305913"]}]},{"@type":"ImageObject","inLanguage":"pt-BR","@id":"https:\/\/blogdofarnesio.com.br\/?p=305913#primaryimage","url":"https:\/\/blogdofarnesio.com.br\/wp-content\/uploads\/2021\/10\/blogqspbolsonaro-vergonha.jpg","contentUrl":"https:\/\/blogdofarnesio.com.br\/wp-content\/uploads\/2021\/10\/blogqspbolsonaro-vergonha.jpg","width":832,"height":555,"caption":"ILustra\u00e7\u00e3o"},{"@type":"BreadcrumbList","@id":"https:\/\/blogdofarnesio.com.br\/?p=305913#breadcrumb","itemListElement":[{"@type":"ListItem","position":1,"name":"In\u00edcio","item":"https:\/\/blogdofarnesio.com.br\/"},{"@type":"ListItem","position":2,"name":"Entenda as investiga\u00e7\u00f5es contra Bolsonaro e o que pode acontecer com ele"}]},{"@type":"WebSite","@id":"https:\/\/blogdofarnesio.com.br\/#website","url":"https:\/\/blogdofarnesio.com.br\/","name":"Blog do Farn\u00e9sio","description":"Quer Saber Pol\u00edtica?","publisher":{"@id":"https:\/\/blogdofarnesio.com.br\/#organization"},"potentialAction":[{"@type":"SearchAction","target":{"@type":"EntryPoint","urlTemplate":"https:\/\/blogdofarnesio.com.br\/?s={search_term_string}"},"query-input":{"@type":"PropertyValueSpecification","valueRequired":true,"valueName":"search_term_string"}}],"inLanguage":"pt-BR"},{"@type":"Organization","@id":"https:\/\/blogdofarnesio.com.br\/#organization","name":"Blog do Farn\u00e9sio","url":"https:\/\/blogdofarnesio.com.br\/","logo":{"@type":"ImageObject","inLanguage":"pt-BR","@id":"https:\/\/blogdofarnesio.com.br\/#\/schema\/logo\/image\/","url":"https:\/\/blogdofarnesio.com.br\/wp-content\/uploads\/2026\/03\/cropped-logo_new-1.png","contentUrl":"https:\/\/blogdofarnesio.com.br\/wp-content\/uploads\/2026\/03\/cropped-logo_new-1.png","width":881,"height":685,"caption":"Blog do Farn\u00e9sio"},"image":{"@id":"https:\/\/blogdofarnesio.com.br\/#\/schema\/logo\/image\/"},"sameAs":["https:\/\/www.facebook.com\/BlogQuerSaberPolitica\/"]},{"@type":"Person","@id":"https:\/\/blogdofarnesio.com.br\/#\/schema\/person\/bb9b23ae3ad0609ce8df7b6c9e76824d","name":"Farn\u00e9sio","image":{"@type":"ImageObject","inLanguage":"pt-BR","@id":"https:\/\/secure.gravatar.com\/avatar\/986aa4c61ccdb66f8555bf88fc2a65609d00bcabd4d2d94377a727547345cbca?s=96&d=mm&r=g","url":"https:\/\/secure.gravatar.com\/avatar\/986aa4c61ccdb66f8555bf88fc2a65609d00bcabd4d2d94377a727547345cbca?s=96&d=mm&r=g","contentUrl":"https:\/\/secure.gravatar.com\/avatar\/986aa4c61ccdb66f8555bf88fc2a65609d00bcabd4d2d94377a727547345cbca?s=96&d=mm&r=g","caption":"Farn\u00e9sio"},"description":"Radialista blogueiro, chegou a Petrolina\/Juazeiro em setembro de 1980, Farn\u00e9sio Silva \u00e9 de Arapiraca-Alagoas.","sameAs":["http:\/\/blogdofarnesio.com.br","https:\/\/www.facebook.com\/?ref=tn_tnmn","https:\/\/www.instagram.com\/?utm_source=pwa_homescreen","https:\/\/youtube.com.br\/"],"url":"https:\/\/blogdofarnesio.com.br\/?author=2"}]}},"_links":{"self":[{"href":"https:\/\/blogdofarnesio.com.br\/index.php?rest_route=\/wp\/v2\/posts\/305913","targetHints":{"allow":["GET"]}}],"collection":[{"href":"https:\/\/blogdofarnesio.com.br\/index.php?rest_route=\/wp\/v2\/posts"}],"about":[{"href":"https:\/\/blogdofarnesio.com.br\/index.php?rest_route=\/wp\/v2\/types\/post"}],"author":[{"embeddable":true,"href":"https:\/\/blogdofarnesio.com.br\/index.php?rest_route=\/wp\/v2\/users\/2"}],"replies":[{"embeddable":true,"href":"https:\/\/blogdofarnesio.com.br\/index.php?rest_route=%2Fwp%2Fv2%2Fcomments&post=305913"}],"version-history":[{"count":0,"href":"https:\/\/blogdofarnesio.com.br\/index.php?rest_route=\/wp\/v2\/posts\/305913\/revisions"}],"wp:featuredmedia":[{"embeddable":true,"href":"https:\/\/blogdofarnesio.com.br\/index.php?rest_route=\/wp\/v2\/media\/296940"}],"wp:attachment":[{"href":"https:\/\/blogdofarnesio.com.br\/index.php?rest_route=%2Fwp%2Fv2%2Fmedia&parent=305913"}],"wp:term":[{"taxonomy":"category","embeddable":true,"href":"https:\/\/blogdofarnesio.com.br\/index.php?rest_route=%2Fwp%2Fv2%2Fcategories&post=305913"},{"taxonomy":"post_tag","embeddable":true,"href":"https:\/\/blogdofarnesio.com.br\/index.php?rest_route=%2Fwp%2Fv2%2Ftags&post=305913"}],"curies":[{"name":"wp","href":"https:\/\/api.w.org\/{rel}","templated":true}]}}