{"id":305907,"date":"2022-02-07T10:42:38","date_gmt":"2022-02-07T13:42:38","guid":{"rendered":"https:\/\/blogdofarnesio.com.br\/?p=305907"},"modified":"2022-02-07T08:12:00","modified_gmt":"2022-02-07T11:12:00","slug":"ppp-da-iluminacao-mais-de-1-700-novas-luminarias-ja-foram-modernizadas-em-petrolina","status":"publish","type":"post","link":"https:\/\/blogdofarnesio.com.br\/?p=305907","title":{"rendered":"PPP da ilumina\u00e7\u00e3o: mais de 1.700 novas lumin\u00e1rias j\u00e1 foram modernizadas em Petrolina"},"content":{"rendered":"<p style=\"font-weight: 400;\">A moderniza\u00e7\u00e3o da ilumina\u00e7\u00e3o p\u00fablica j\u00e1 \u00e9 realidade para centenas de moradores em Petrolina. At\u00e9 o final do m\u00eas de janeiro deste ano, mais de 1.700 lumin\u00e1rias convencionais de vapor de s\u00f3dio foram substitu\u00eddas por l\u00e2mpadas com tecnologia em LED. Bairros como o Terras do Sul, Top\u00e1zio, Ant\u00f4nio Cassimiro, Jos\u00e9 e Maria, Cohab S\u00e3o Francisco, Dom Avelar, Jardim S\u00e3o Paulo, Santa Luzia, Jo\u00e3o de Deus, S\u00e3o Gon\u00e7alo, Jardim Maravilha, entre outras comunidades beneficiadas.<\/p>\n<p style=\"font-weight: 400;\">A Prefeitura de Petrolina iniciou, no segundo semestre de 2021, a PPP de Ilumina\u00e7\u00e3o P\u00fablica. Atualmente, o cronograma de servi\u00e7os est\u00e1 voltado \u00e0 moderniza\u00e7\u00e3o das l\u00e2mpadas convencionais por lumin\u00e1rias LED para, posteriormente, iniciar a etapa de expans\u00e3o da rede de ilumina\u00e7\u00e3o p\u00fablica em diversos pontos do munic\u00edpio.\u00a0 O contrato de Parceria P\u00fablico-Privada (PPP) prev\u00ea a substitui\u00e7\u00e3o das l\u00e2mpadas atuais por LED, tanto na \u00e1rea urbana quanto na zona rural do munic\u00edpio.<\/p>\n<p style=\"font-weight: 400;\">O cronograma de a\u00e7\u00f5es prev\u00ea 100% da moderniza\u00e7\u00e3o das lumin\u00e1rias existentes at\u00e9 o m\u00eas de outubro<em>. \u201cNos pr\u00f3ximos meses avan\u00e7aremos em todas as regi\u00f5es do munic\u00edpio. Nossas equipes da diretoria de Ilumina\u00e7\u00e3o P\u00fablica est\u00e3o acompanhando de perto o andamento do trabalho da empresa vencedora da licita\u00e7\u00e3o. At\u00e9 o final do ano, Petrolina estar\u00e1 de cara nova e muito mais iluminada e segura\u201d,<\/em>\u00a0destaca o secret\u00e1rio executivo de Servi\u00e7os P\u00fablicos, Alisson Oliveira.<\/p>\n<p style=\"font-weight: 400;\">&#8212;&#8212;&#8212;&#8211;<\/p>\n<p style=\"font-weight: 400;\">Adailma Gomes &#8211; Assessora de imprensa da Secretaria de Infraestrutura e Mobilidade<\/p>\n","protected":false},"excerpt":{"rendered":"<p>A moderniza\u00e7\u00e3o da ilumina\u00e7\u00e3o p\u00fablica j\u00e1 \u00e9 realidade para centenas de moradores em Petrolina. At\u00e9 o final do m\u00eas de janeiro deste ano, mais de 1.700 lumin\u00e1rias convencionais de vapor de s\u00f3dio foram substitu\u00eddas por l\u00e2mpadas com tecnologia em LED. Bairros como o Terras do Sul, Top\u00e1zio, Ant\u00f4nio Cassimiro, Jos\u00e9 e Maria, Cohab S\u00e3o Francisco, Dom Avelar, Jardim S\u00e3o Paulo, Santa Luzia, Jo\u00e3o de Deus, S\u00e3o Gon\u00e7alo, Jardim Maravilha, entre outras comunidades beneficiadas. A Prefeitura de Petrolina iniciou, no segundo semestre de 2021, a PPP de Ilumina\u00e7\u00e3o P\u00fablica. Atualmente, o cronograma de servi\u00e7os est\u00e1 voltado \u00e0 moderniza\u00e7\u00e3o das l\u00e2mpadas convencionais por lumin\u00e1rias LED para, posteriormente, iniciar a etapa de expans\u00e3o da rede de ilumina\u00e7\u00e3o p\u00fablica em diversos pontos do munic\u00edpio.\u00a0&hellip; <\/p>\n","protected":false},"author":2,"featured_media":283114,"comment_status":"open","ping_status":"open","sticky":false,"template":"","format":"standard","meta":{"_acf_changed":false,"footnotes":""},"categories":[44],"tags":[],"class_list":["post-305907","post","type-post","status-publish","format-standard","has-post-thumbnail","hentry","category-administracao"],"acf":[],"yoast_head":"<!-- This site is optimized with the Yoast SEO plugin v27.4 - https:\/\/yoast.com\/product\/yoast-seo-wordpress\/ -->\n<title>PPP da ilumina\u00e7\u00e3o: mais de 1.700 novas lumin\u00e1rias j\u00e1 foram modernizadas em Petrolina - Blog do Farn\u00e9sio<\/title>\n<meta name=\"robots\" content=\"index, follow, max-snippet:-1, max-image-preview:large, max-video-preview:-1\" \/>\n<link rel=\"canonical\" href=\"https:\/\/blogdofarnesio.com.br\/?p=305907\" \/>\n<meta property=\"og:locale\" content=\"pt_BR\" \/>\n<meta property=\"og:type\" content=\"article\" \/>\n<meta property=\"og:title\" content=\"PPP da ilumina\u00e7\u00e3o: mais de 1.700 novas lumin\u00e1rias j\u00e1 foram modernizadas em Petrolina - Blog do Farn\u00e9sio\" \/>\n<meta property=\"og:description\" content=\"A moderniza\u00e7\u00e3o da ilumina\u00e7\u00e3o p\u00fablica j\u00e1 \u00e9 realidade para centenas de moradores em Petrolina. At\u00e9 o final do m\u00eas de janeiro deste ano, mais de 1.700 lumin\u00e1rias convencionais de vapor de s\u00f3dio foram substitu\u00eddas por l\u00e2mpadas com tecnologia em LED. Bairros como o Terras do Sul, Top\u00e1zio, Ant\u00f4nio Cassimiro, Jos\u00e9 e Maria, Cohab S\u00e3o Francisco, Dom Avelar, Jardim S\u00e3o Paulo, Santa Luzia, Jo\u00e3o de Deus, S\u00e3o Gon\u00e7alo, Jardim Maravilha, entre outras comunidades beneficiadas. A Prefeitura de Petrolina iniciou, no segundo semestre de 2021, a PPP de Ilumina\u00e7\u00e3o P\u00fablica. Atualmente, o cronograma de servi\u00e7os est\u00e1 voltado \u00e0 moderniza\u00e7\u00e3o das l\u00e2mpadas convencionais por lumin\u00e1rias LED para, posteriormente, iniciar a etapa de expans\u00e3o da rede de ilumina\u00e7\u00e3o p\u00fablica em diversos pontos do munic\u00edpio.\u00a0&hellip;\" \/>\n<meta property=\"og:url\" content=\"https:\/\/blogdofarnesio.com.br\/?p=305907\" \/>\n<meta property=\"og:site_name\" content=\"Blog do Farn\u00e9sio\" \/>\n<meta property=\"article:publisher\" content=\"https:\/\/www.facebook.com\/BlogQuerSaberPolitica\/\" \/>\n<meta property=\"article:author\" content=\"https:\/\/www.facebook.com\/?ref=tn_tnmn\" \/>\n<meta property=\"article:published_time\" content=\"2022-02-07T13:42:38+00:00\" \/>\n<meta property=\"og:image\" content=\"https:\/\/blogdofarnesio.com.br\/wp-content\/uploads\/2021\/04\/avenida-sao-rancisco-iluminada-1-Alexandre-Justino-e1644232093244.jpg\" \/>\n\t<meta property=\"og:image:width\" content=\"680\" \/>\n\t<meta property=\"og:image:height\" content=\"378\" \/>\n\t<meta property=\"og:image:type\" content=\"image\/jpeg\" \/>\n<meta name=\"author\" content=\"Farn\u00e9sio\" \/>\n<meta name=\"twitter:card\" content=\"summary_large_image\" \/>\n<meta name=\"twitter:label1\" content=\"Escrito por\" \/>\n\t<meta name=\"twitter:data1\" content=\"Farn\u00e9sio\" \/>\n\t<meta name=\"twitter:label2\" content=\"Est. tempo de leitura\" \/>\n\t<meta name=\"twitter:data2\" content=\"2 minutos\" \/>\n<script type=\"application\/ld+json\" class=\"yoast-schema-graph\">{\"@context\":\"https:\\\/\\\/schema.org\",\"@graph\":[{\"@type\":\"Article\",\"@id\":\"https:\\\/\\\/blogdofarnesio.com.br\\\/?p=305907#article\",\"isPartOf\":{\"@id\":\"https:\\\/\\\/blogdofarnesio.com.br\\\/?p=305907\"},\"author\":{\"name\":\"Farn\u00e9sio\",\"@id\":\"https:\\\/\\\/blogdofarnesio.com.br\\\/#\\\/schema\\\/person\\\/bb9b23ae3ad0609ce8df7b6c9e76824d\"},\"headline\":\"PPP da ilumina\u00e7\u00e3o: mais de 1.700 novas lumin\u00e1rias j\u00e1 foram modernizadas em Petrolina\",\"datePublished\":\"2022-02-07T13:42:38+00:00\",\"mainEntityOfPage\":{\"@id\":\"https:\\\/\\\/blogdofarnesio.com.br\\\/?p=305907\"},\"wordCount\":281,\"commentCount\":0,\"publisher\":{\"@id\":\"https:\\\/\\\/blogdofarnesio.com.br\\\/#organization\"},\"image\":{\"@id\":\"https:\\\/\\\/blogdofarnesio.com.br\\\/?p=305907#primaryimage\"},\"thumbnailUrl\":\"https:\\\/\\\/blogdofarnesio.com.br\\\/wp-content\\\/uploads\\\/2021\\\/04\\\/avenida-sao-rancisco-iluminada-1-Alexandre-Justino-e1644232093244.jpg\",\"articleSection\":[\"Administra\u00e7\u00e3o\"],\"inLanguage\":\"pt-BR\",\"potentialAction\":[{\"@type\":\"CommentAction\",\"name\":\"Comment\",\"target\":[\"https:\\\/\\\/blogdofarnesio.com.br\\\/?p=305907#respond\"]}]},{\"@type\":\"WebPage\",\"@id\":\"https:\\\/\\\/blogdofarnesio.com.br\\\/?p=305907\",\"url\":\"https:\\\/\\\/blogdofarnesio.com.br\\\/?p=305907\",\"name\":\"PPP da ilumina\u00e7\u00e3o: mais de 1.700 novas lumin\u00e1rias j\u00e1 foram modernizadas em Petrolina - Blog do Farn\u00e9sio\",\"isPartOf\":{\"@id\":\"https:\\\/\\\/blogdofarnesio.com.br\\\/#website\"},\"primaryImageOfPage\":{\"@id\":\"https:\\\/\\\/blogdofarnesio.com.br\\\/?p=305907#primaryimage\"},\"image\":{\"@id\":\"https:\\\/\\\/blogdofarnesio.com.br\\\/?p=305907#primaryimage\"},\"thumbnailUrl\":\"https:\\\/\\\/blogdofarnesio.com.br\\\/wp-content\\\/uploads\\\/2021\\\/04\\\/avenida-sao-rancisco-iluminada-1-Alexandre-Justino-e1644232093244.jpg\",\"datePublished\":\"2022-02-07T13:42:38+00:00\",\"breadcrumb\":{\"@id\":\"https:\\\/\\\/blogdofarnesio.com.br\\\/?p=305907#breadcrumb\"},\"inLanguage\":\"pt-BR\",\"potentialAction\":[{\"@type\":\"ReadAction\",\"target\":[\"https:\\\/\\\/blogdofarnesio.com.br\\\/?p=305907\"]}]},{\"@type\":\"ImageObject\",\"inLanguage\":\"pt-BR\",\"@id\":\"https:\\\/\\\/blogdofarnesio.com.br\\\/?p=305907#primaryimage\",\"url\":\"https:\\\/\\\/blogdofarnesio.com.br\\\/wp-content\\\/uploads\\\/2021\\\/04\\\/avenida-sao-rancisco-iluminada-1-Alexandre-Justino-e1644232093244.jpg\",\"contentUrl\":\"https:\\\/\\\/blogdofarnesio.com.br\\\/wp-content\\\/uploads\\\/2021\\\/04\\\/avenida-sao-rancisco-iluminada-1-Alexandre-Justino-e1644232093244.jpg\",\"width\":680,\"height\":378},{\"@type\":\"BreadcrumbList\",\"@id\":\"https:\\\/\\\/blogdofarnesio.com.br\\\/?p=305907#breadcrumb\",\"itemListElement\":[{\"@type\":\"ListItem\",\"position\":1,\"name\":\"In\u00edcio\",\"item\":\"https:\\\/\\\/blogdofarnesio.com.br\\\/\"},{\"@type\":\"ListItem\",\"position\":2,\"name\":\"PPP da ilumina\u00e7\u00e3o: mais de 1.700 novas lumin\u00e1rias j\u00e1 foram modernizadas em Petrolina\"}]},{\"@type\":\"WebSite\",\"@id\":\"https:\\\/\\\/blogdofarnesio.com.br\\\/#website\",\"url\":\"https:\\\/\\\/blogdofarnesio.com.br\\\/\",\"name\":\"Blog do Farn\u00e9sio\",\"description\":\"Quer Saber Pol\u00edtica?\",\"publisher\":{\"@id\":\"https:\\\/\\\/blogdofarnesio.com.br\\\/#organization\"},\"potentialAction\":[{\"@type\":\"SearchAction\",\"target\":{\"@type\":\"EntryPoint\",\"urlTemplate\":\"https:\\\/\\\/blogdofarnesio.com.br\\\/?s={search_term_string}\"},\"query-input\":{\"@type\":\"PropertyValueSpecification\",\"valueRequired\":true,\"valueName\":\"search_term_string\"}}],\"inLanguage\":\"pt-BR\"},{\"@type\":\"Organization\",\"@id\":\"https:\\\/\\\/blogdofarnesio.com.br\\\/#organization\",\"name\":\"Blog do Farn\u00e9sio\",\"url\":\"https:\\\/\\\/blogdofarnesio.com.br\\\/\",\"logo\":{\"@type\":\"ImageObject\",\"inLanguage\":\"pt-BR\",\"@id\":\"https:\\\/\\\/blogdofarnesio.com.br\\\/#\\\/schema\\\/logo\\\/image\\\/\",\"url\":\"https:\\\/\\\/blogdofarnesio.com.br\\\/wp-content\\\/uploads\\\/2026\\\/03\\\/cropped-logo_new-1.png\",\"contentUrl\":\"https:\\\/\\\/blogdofarnesio.com.br\\\/wp-content\\\/uploads\\\/2026\\\/03\\\/cropped-logo_new-1.png\",\"width\":881,\"height\":685,\"caption\":\"Blog do Farn\u00e9sio\"},\"image\":{\"@id\":\"https:\\\/\\\/blogdofarnesio.com.br\\\/#\\\/schema\\\/logo\\\/image\\\/\"},\"sameAs\":[\"https:\\\/\\\/www.facebook.com\\\/BlogQuerSaberPolitica\\\/\"]},{\"@type\":\"Person\",\"@id\":\"https:\\\/\\\/blogdofarnesio.com.br\\\/#\\\/schema\\\/person\\\/bb9b23ae3ad0609ce8df7b6c9e76824d\",\"name\":\"Farn\u00e9sio\",\"image\":{\"@type\":\"ImageObject\",\"inLanguage\":\"pt-BR\",\"@id\":\"https:\\\/\\\/secure.gravatar.com\\\/avatar\\\/986aa4c61ccdb66f8555bf88fc2a65609d00bcabd4d2d94377a727547345cbca?s=96&d=mm&r=g\",\"url\":\"https:\\\/\\\/secure.gravatar.com\\\/avatar\\\/986aa4c61ccdb66f8555bf88fc2a65609d00bcabd4d2d94377a727547345cbca?s=96&d=mm&r=g\",\"contentUrl\":\"https:\\\/\\\/secure.gravatar.com\\\/avatar\\\/986aa4c61ccdb66f8555bf88fc2a65609d00bcabd4d2d94377a727547345cbca?s=96&d=mm&r=g\",\"caption\":\"Farn\u00e9sio\"},\"description\":\"Radialista blogueiro, chegou a Petrolina\\\/Juazeiro em setembro de 1980, Farn\u00e9sio Silva \u00e9 de Arapiraca-Alagoas.\",\"sameAs\":[\"http:\\\/\\\/blogdofarnesio.com.br\",\"https:\\\/\\\/www.facebook.com\\\/?ref=tn_tnmn\",\"https:\\\/\\\/www.instagram.com\\\/?utm_source=pwa_homescreen\",\"https:\\\/\\\/youtube.com.br\\\/\"],\"url\":\"https:\\\/\\\/blogdofarnesio.com.br\\\/?author=2\"}]}<\/script>\n<!-- \/ Yoast SEO plugin. -->","yoast_head_json":{"title":"PPP da ilumina\u00e7\u00e3o: mais de 1.700 novas lumin\u00e1rias j\u00e1 foram modernizadas em Petrolina - Blog do Farn\u00e9sio","robots":{"index":"index","follow":"follow","max-snippet":"max-snippet:-1","max-image-preview":"max-image-preview:large","max-video-preview":"max-video-preview:-1"},"canonical":"https:\/\/blogdofarnesio.com.br\/?p=305907","og_locale":"pt_BR","og_type":"article","og_title":"PPP da ilumina\u00e7\u00e3o: mais de 1.700 novas lumin\u00e1rias j\u00e1 foram modernizadas em Petrolina - Blog do Farn\u00e9sio","og_description":"A moderniza\u00e7\u00e3o da ilumina\u00e7\u00e3o p\u00fablica j\u00e1 \u00e9 realidade para centenas de moradores em Petrolina. At\u00e9 o final do m\u00eas de janeiro deste ano, mais de 1.700 lumin\u00e1rias convencionais de vapor de s\u00f3dio foram substitu\u00eddas por l\u00e2mpadas com tecnologia em LED. Bairros como o Terras do Sul, Top\u00e1zio, Ant\u00f4nio Cassimiro, Jos\u00e9 e Maria, Cohab S\u00e3o Francisco, Dom Avelar, Jardim S\u00e3o Paulo, Santa Luzia, Jo\u00e3o de Deus, S\u00e3o Gon\u00e7alo, Jardim Maravilha, entre outras comunidades beneficiadas. A Prefeitura de Petrolina iniciou, no segundo semestre de 2021, a PPP de Ilumina\u00e7\u00e3o P\u00fablica. Atualmente, o cronograma de servi\u00e7os est\u00e1 voltado \u00e0 moderniza\u00e7\u00e3o das l\u00e2mpadas convencionais por lumin\u00e1rias LED para, posteriormente, iniciar a etapa de expans\u00e3o da rede de ilumina\u00e7\u00e3o p\u00fablica em diversos pontos do munic\u00edpio.\u00a0&hellip;","og_url":"https:\/\/blogdofarnesio.com.br\/?p=305907","og_site_name":"Blog do Farn\u00e9sio","article_publisher":"https:\/\/www.facebook.com\/BlogQuerSaberPolitica\/","article_author":"https:\/\/www.facebook.com\/?ref=tn_tnmn","article_published_time":"2022-02-07T13:42:38+00:00","og_image":[{"width":680,"height":378,"url":"https:\/\/blogdofarnesio.com.br\/wp-content\/uploads\/2021\/04\/avenida-sao-rancisco-iluminada-1-Alexandre-Justino-e1644232093244.jpg","type":"image\/jpeg"}],"author":"Farn\u00e9sio","twitter_card":"summary_large_image","twitter_misc":{"Escrito por":"Farn\u00e9sio","Est. tempo de leitura":"2 minutos"},"schema":{"@context":"https:\/\/schema.org","@graph":[{"@type":"Article","@id":"https:\/\/blogdofarnesio.com.br\/?p=305907#article","isPartOf":{"@id":"https:\/\/blogdofarnesio.com.br\/?p=305907"},"author":{"name":"Farn\u00e9sio","@id":"https:\/\/blogdofarnesio.com.br\/#\/schema\/person\/bb9b23ae3ad0609ce8df7b6c9e76824d"},"headline":"PPP da ilumina\u00e7\u00e3o: mais de 1.700 novas lumin\u00e1rias j\u00e1 foram modernizadas em Petrolina","datePublished":"2022-02-07T13:42:38+00:00","mainEntityOfPage":{"@id":"https:\/\/blogdofarnesio.com.br\/?p=305907"},"wordCount":281,"commentCount":0,"publisher":{"@id":"https:\/\/blogdofarnesio.com.br\/#organization"},"image":{"@id":"https:\/\/blogdofarnesio.com.br\/?p=305907#primaryimage"},"thumbnailUrl":"https:\/\/blogdofarnesio.com.br\/wp-content\/uploads\/2021\/04\/avenida-sao-rancisco-iluminada-1-Alexandre-Justino-e1644232093244.jpg","articleSection":["Administra\u00e7\u00e3o"],"inLanguage":"pt-BR","potentialAction":[{"@type":"CommentAction","name":"Comment","target":["https:\/\/blogdofarnesio.com.br\/?p=305907#respond"]}]},{"@type":"WebPage","@id":"https:\/\/blogdofarnesio.com.br\/?p=305907","url":"https:\/\/blogdofarnesio.com.br\/?p=305907","name":"PPP da ilumina\u00e7\u00e3o: mais de 1.700 novas lumin\u00e1rias j\u00e1 foram modernizadas em Petrolina - Blog do Farn\u00e9sio","isPartOf":{"@id":"https:\/\/blogdofarnesio.com.br\/#website"},"primaryImageOfPage":{"@id":"https:\/\/blogdofarnesio.com.br\/?p=305907#primaryimage"},"image":{"@id":"https:\/\/blogdofarnesio.com.br\/?p=305907#primaryimage"},"thumbnailUrl":"https:\/\/blogdofarnesio.com.br\/wp-content\/uploads\/2021\/04\/avenida-sao-rancisco-iluminada-1-Alexandre-Justino-e1644232093244.jpg","datePublished":"2022-02-07T13:42:38+00:00","breadcrumb":{"@id":"https:\/\/blogdofarnesio.com.br\/?p=305907#breadcrumb"},"inLanguage":"pt-BR","potentialAction":[{"@type":"ReadAction","target":["https:\/\/blogdofarnesio.com.br\/?p=305907"]}]},{"@type":"ImageObject","inLanguage":"pt-BR","@id":"https:\/\/blogdofarnesio.com.br\/?p=305907#primaryimage","url":"https:\/\/blogdofarnesio.com.br\/wp-content\/uploads\/2021\/04\/avenida-sao-rancisco-iluminada-1-Alexandre-Justino-e1644232093244.jpg","contentUrl":"https:\/\/blogdofarnesio.com.br\/wp-content\/uploads\/2021\/04\/avenida-sao-rancisco-iluminada-1-Alexandre-Justino-e1644232093244.jpg","width":680,"height":378},{"@type":"BreadcrumbList","@id":"https:\/\/blogdofarnesio.com.br\/?p=305907#breadcrumb","itemListElement":[{"@type":"ListItem","position":1,"name":"In\u00edcio","item":"https:\/\/blogdofarnesio.com.br\/"},{"@type":"ListItem","position":2,"name":"PPP da ilumina\u00e7\u00e3o: mais de 1.700 novas lumin\u00e1rias j\u00e1 foram modernizadas em Petrolina"}]},{"@type":"WebSite","@id":"https:\/\/blogdofarnesio.com.br\/#website","url":"https:\/\/blogdofarnesio.com.br\/","name":"Blog do Farn\u00e9sio","description":"Quer Saber Pol\u00edtica?","publisher":{"@id":"https:\/\/blogdofarnesio.com.br\/#organization"},"potentialAction":[{"@type":"SearchAction","target":{"@type":"EntryPoint","urlTemplate":"https:\/\/blogdofarnesio.com.br\/?s={search_term_string}"},"query-input":{"@type":"PropertyValueSpecification","valueRequired":true,"valueName":"search_term_string"}}],"inLanguage":"pt-BR"},{"@type":"Organization","@id":"https:\/\/blogdofarnesio.com.br\/#organization","name":"Blog do Farn\u00e9sio","url":"https:\/\/blogdofarnesio.com.br\/","logo":{"@type":"ImageObject","inLanguage":"pt-BR","@id":"https:\/\/blogdofarnesio.com.br\/#\/schema\/logo\/image\/","url":"https:\/\/blogdofarnesio.com.br\/wp-content\/uploads\/2026\/03\/cropped-logo_new-1.png","contentUrl":"https:\/\/blogdofarnesio.com.br\/wp-content\/uploads\/2026\/03\/cropped-logo_new-1.png","width":881,"height":685,"caption":"Blog do Farn\u00e9sio"},"image":{"@id":"https:\/\/blogdofarnesio.com.br\/#\/schema\/logo\/image\/"},"sameAs":["https:\/\/www.facebook.com\/BlogQuerSaberPolitica\/"]},{"@type":"Person","@id":"https:\/\/blogdofarnesio.com.br\/#\/schema\/person\/bb9b23ae3ad0609ce8df7b6c9e76824d","name":"Farn\u00e9sio","image":{"@type":"ImageObject","inLanguage":"pt-BR","@id":"https:\/\/secure.gravatar.com\/avatar\/986aa4c61ccdb66f8555bf88fc2a65609d00bcabd4d2d94377a727547345cbca?s=96&d=mm&r=g","url":"https:\/\/secure.gravatar.com\/avatar\/986aa4c61ccdb66f8555bf88fc2a65609d00bcabd4d2d94377a727547345cbca?s=96&d=mm&r=g","contentUrl":"https:\/\/secure.gravatar.com\/avatar\/986aa4c61ccdb66f8555bf88fc2a65609d00bcabd4d2d94377a727547345cbca?s=96&d=mm&r=g","caption":"Farn\u00e9sio"},"description":"Radialista blogueiro, chegou a Petrolina\/Juazeiro em setembro de 1980, Farn\u00e9sio Silva \u00e9 de Arapiraca-Alagoas.","sameAs":["http:\/\/blogdofarnesio.com.br","https:\/\/www.facebook.com\/?ref=tn_tnmn","https:\/\/www.instagram.com\/?utm_source=pwa_homescreen","https:\/\/youtube.com.br\/"],"url":"https:\/\/blogdofarnesio.com.br\/?author=2"}]}},"_links":{"self":[{"href":"https:\/\/blogdofarnesio.com.br\/index.php?rest_route=\/wp\/v2\/posts\/305907","targetHints":{"allow":["GET"]}}],"collection":[{"href":"https:\/\/blogdofarnesio.com.br\/index.php?rest_route=\/wp\/v2\/posts"}],"about":[{"href":"https:\/\/blogdofarnesio.com.br\/index.php?rest_route=\/wp\/v2\/types\/post"}],"author":[{"embeddable":true,"href":"https:\/\/blogdofarnesio.com.br\/index.php?rest_route=\/wp\/v2\/users\/2"}],"replies":[{"embeddable":true,"href":"https:\/\/blogdofarnesio.com.br\/index.php?rest_route=%2Fwp%2Fv2%2Fcomments&post=305907"}],"version-history":[{"count":0,"href":"https:\/\/blogdofarnesio.com.br\/index.php?rest_route=\/wp\/v2\/posts\/305907\/revisions"}],"wp:featuredmedia":[{"embeddable":true,"href":"https:\/\/blogdofarnesio.com.br\/index.php?rest_route=\/wp\/v2\/media\/283114"}],"wp:attachment":[{"href":"https:\/\/blogdofarnesio.com.br\/index.php?rest_route=%2Fwp%2Fv2%2Fmedia&parent=305907"}],"wp:term":[{"taxonomy":"category","embeddable":true,"href":"https:\/\/blogdofarnesio.com.br\/index.php?rest_route=%2Fwp%2Fv2%2Fcategories&post=305907"},{"taxonomy":"post_tag","embeddable":true,"href":"https:\/\/blogdofarnesio.com.br\/index.php?rest_route=%2Fwp%2Fv2%2Ftags&post=305907"}],"curies":[{"name":"wp","href":"https:\/\/api.w.org\/{rel}","templated":true}]}}