{"id":305871,"date":"2022-02-06T16:05:49","date_gmt":"2022-02-06T19:05:49","guid":{"rendered":"https:\/\/blogdofarnesio.com.br\/?p=305871"},"modified":"2022-02-06T15:18:09","modified_gmt":"2022-02-06T18:18:09","slug":"santo-amaro-ba-padre-compartilha-video-pornografico-por-engano-em-grupo-da-paroquia","status":"publish","type":"post","link":"https:\/\/blogdofarnesio.com.br\/?p=305871","title":{"rendered":"Santo Amaro\/BA: Padre compartilha v\u00eddeo pornogr\u00e1fico por engano em grupo da par\u00f3quia"},"content":{"rendered":"<div class=\"box-title\"><\/div>\n<div class=\"box-body\" data-io-article-url=\"https:\/\/www.bahianoticias.com.br\/\">\n<div class=\"text-descricao\">\n<p>O padre Francisco Oliveira, de 45 anos de idade, compartilhou por engano um v\u00eddeo pornogr\u00e1fico no grupo de WhatsApp da par\u00f3quia de Oliveira dos Campinhos, no munic\u00edpio de Santo Amaro, Rec\u00f4ncavo da Bahia. O fato ocorreu na \u00faltima quarta-feira (2) e provocou pol\u00eamica na cidade. As informa\u00e7\u00f5es s\u00e3o do portal G1.<\/p>\n<p>O v\u00eddeo compartilhado por Francisco Oliveira tem mais de dois minutos de dura\u00e7\u00e3o e mostra dois homens em rela\u00e7\u00e3o sexual. Diversos fi\u00e9is abandonaram o grupo de WhatsApp ap\u00f3s a postagem.<\/p>\n<p>O padre alegou que tem problemas de coordena\u00e7\u00e3o motora e postou o material de forma involunt\u00e1ria e indevida, depois que recebeu de outro contato e tentou deletar o v\u00eddeo da conversa.<\/p>\n<p>\u201cSou portador de uma comorbidade, e n\u00e3o tenho coordena\u00e7\u00e3o motora. Recebi muitos v\u00eddeos pornogr\u00e1ficos. Como n\u00e3o dou \u2018Ibope\u2019 a essas coisas, exclu\u00ed. No momento em que apertava a lixeira do aparelho, entrou uma mensagem do grupo da Sagrada Fam\u00edlia e o v\u00eddeo foi parar no grupo. Foi por engano\u201d, explicou.<\/p>\n<p>Mesmo com a explica\u00e7\u00e3o e com o apelo do padre para que as pessoas permanecessem no grupo, intitulado \u201cSagrada Fam\u00edlia\u201d, fi\u00e9is continuaram deixando o grupo (veja na imagem abaixo).<\/p>\n<p><em><img decoding=\"async\" src=\"https:\/\/www.bahianoticias.com.br\/fotos\/municipios_noticias\/28721\/mg\/whatsapp-image-2022-02-04-at-09.48.16.jpg\" alt=\"\" \/><\/em><\/p>\n<p><em>Foto: Reprodu\u00e7\u00e3o \/ Redes Sociais<\/em><\/p>\n<\/div>\n<\/div>\n","protected":false},"excerpt":{"rendered":"<p>O padre Francisco Oliveira, de 45 anos de idade, compartilhou por engano um v\u00eddeo pornogr\u00e1fico no grupo de WhatsApp da par\u00f3quia de Oliveira dos Campinhos, no munic\u00edpio de Santo Amaro, Rec\u00f4ncavo da Bahia. O fato ocorreu na \u00faltima quarta-feira (2) e provocou pol\u00eamica na cidade. As informa\u00e7\u00f5es s\u00e3o do portal G1. O v\u00eddeo compartilhado por Francisco Oliveira tem mais de dois minutos de dura\u00e7\u00e3o e mostra dois homens em rela\u00e7\u00e3o sexual. Diversos fi\u00e9is abandonaram o grupo de WhatsApp ap\u00f3s a postagem. O padre alegou que tem problemas de coordena\u00e7\u00e3o motora e postou o material de forma involunt\u00e1ria e indevida, depois que recebeu de outro contato e tentou deletar o v\u00eddeo da conversa. \u201cSou portador de uma comorbidade, e n\u00e3o tenho&hellip; <\/p>\n","protected":false},"author":2,"featured_media":305872,"comment_status":"open","ping_status":"open","sticky":false,"template":"","format":"standard","meta":{"_acf_changed":false,"footnotes":""},"categories":[7],"tags":[],"class_list":["post-305871","post","type-post","status-publish","format-standard","has-post-thumbnail","hentry","category-religiao"],"acf":[],"yoast_head":"<!-- This site is optimized with the Yoast SEO plugin v27.4 - https:\/\/yoast.com\/product\/yoast-seo-wordpress\/ -->\n<title>Santo Amaro\/BA: Padre compartilha v\u00eddeo pornogr\u00e1fico por engano em grupo da par\u00f3quia - Blog do Farn\u00e9sio<\/title>\n<meta name=\"robots\" content=\"index, follow, max-snippet:-1, max-image-preview:large, max-video-preview:-1\" \/>\n<link rel=\"canonical\" href=\"https:\/\/blogdofarnesio.com.br\/?p=305871\" \/>\n<meta property=\"og:locale\" content=\"pt_BR\" \/>\n<meta property=\"og:type\" content=\"article\" \/>\n<meta property=\"og:title\" content=\"Santo Amaro\/BA: Padre compartilha v\u00eddeo pornogr\u00e1fico por engano em grupo da par\u00f3quia - Blog do Farn\u00e9sio\" \/>\n<meta property=\"og:description\" content=\"O padre Francisco Oliveira, de 45 anos de idade, compartilhou por engano um v\u00eddeo pornogr\u00e1fico no grupo de WhatsApp da par\u00f3quia de Oliveira dos Campinhos, no munic\u00edpio de Santo Amaro, Rec\u00f4ncavo da Bahia. O fato ocorreu na \u00faltima quarta-feira (2) e provocou pol\u00eamica na cidade. As informa\u00e7\u00f5es s\u00e3o do portal G1. O v\u00eddeo compartilhado por Francisco Oliveira tem mais de dois minutos de dura\u00e7\u00e3o e mostra dois homens em rela\u00e7\u00e3o sexual. Diversos fi\u00e9is abandonaram o grupo de WhatsApp ap\u00f3s a postagem. O padre alegou que tem problemas de coordena\u00e7\u00e3o motora e postou o material de forma involunt\u00e1ria e indevida, depois que recebeu de outro contato e tentou deletar o v\u00eddeo da conversa. \u201cSou portador de uma comorbidade, e n\u00e3o tenho&hellip;\" \/>\n<meta property=\"og:url\" content=\"https:\/\/blogdofarnesio.com.br\/?p=305871\" \/>\n<meta property=\"og:site_name\" content=\"Blog do Farn\u00e9sio\" \/>\n<meta property=\"article:publisher\" content=\"https:\/\/www.facebook.com\/BlogQuerSaberPolitica\/\" \/>\n<meta property=\"article:author\" content=\"https:\/\/www.facebook.com\/?ref=tn_tnmn\" \/>\n<meta property=\"article:published_time\" content=\"2022-02-06T19:05:49+00:00\" \/>\n<meta property=\"og:image\" content=\"https:\/\/blogdofarnesio.com.br\/wp-content\/uploads\/2022\/02\/blogqspstamaro-matriz.jpg\" \/>\n\t<meta property=\"og:image:width\" content=\"380\" \/>\n\t<meta property=\"og:image:height\" content=\"280\" \/>\n\t<meta property=\"og:image:type\" content=\"image\/jpeg\" \/>\n<meta name=\"author\" content=\"Farn\u00e9sio\" \/>\n<meta name=\"twitter:card\" content=\"summary_large_image\" \/>\n<meta name=\"twitter:label1\" content=\"Escrito por\" \/>\n\t<meta name=\"twitter:data1\" content=\"Farn\u00e9sio\" \/>\n\t<meta name=\"twitter:label2\" content=\"Est. tempo de leitura\" \/>\n\t<meta name=\"twitter:data2\" content=\"2 minutos\" \/>\n<script type=\"application\/ld+json\" class=\"yoast-schema-graph\">{\"@context\":\"https:\\\/\\\/schema.org\",\"@graph\":[{\"@type\":\"Article\",\"@id\":\"https:\\\/\\\/blogdofarnesio.com.br\\\/?p=305871#article\",\"isPartOf\":{\"@id\":\"https:\\\/\\\/blogdofarnesio.com.br\\\/?p=305871\"},\"author\":{\"name\":\"Farn\u00e9sio\",\"@id\":\"https:\\\/\\\/blogdofarnesio.com.br\\\/#\\\/schema\\\/person\\\/bb9b23ae3ad0609ce8df7b6c9e76824d\"},\"headline\":\"Santo Amaro\\\/BA: Padre compartilha v\u00eddeo pornogr\u00e1fico por engano em grupo da par\u00f3quia\",\"datePublished\":\"2022-02-06T19:05:49+00:00\",\"mainEntityOfPage\":{\"@id\":\"https:\\\/\\\/blogdofarnesio.com.br\\\/?p=305871\"},\"wordCount\":236,\"commentCount\":0,\"publisher\":{\"@id\":\"https:\\\/\\\/blogdofarnesio.com.br\\\/#organization\"},\"image\":{\"@id\":\"https:\\\/\\\/blogdofarnesio.com.br\\\/?p=305871#primaryimage\"},\"thumbnailUrl\":\"https:\\\/\\\/blogdofarnesio.com.br\\\/wp-content\\\/uploads\\\/2022\\\/02\\\/blogqspstamaro-matriz.jpg\",\"articleSection\":[\"Religi\u00e3o\"],\"inLanguage\":\"pt-BR\",\"potentialAction\":[{\"@type\":\"CommentAction\",\"name\":\"Comment\",\"target\":[\"https:\\\/\\\/blogdofarnesio.com.br\\\/?p=305871#respond\"]}]},{\"@type\":\"WebPage\",\"@id\":\"https:\\\/\\\/blogdofarnesio.com.br\\\/?p=305871\",\"url\":\"https:\\\/\\\/blogdofarnesio.com.br\\\/?p=305871\",\"name\":\"Santo Amaro\\\/BA: Padre compartilha v\u00eddeo pornogr\u00e1fico por engano em grupo da par\u00f3quia - Blog do Farn\u00e9sio\",\"isPartOf\":{\"@id\":\"https:\\\/\\\/blogdofarnesio.com.br\\\/#website\"},\"primaryImageOfPage\":{\"@id\":\"https:\\\/\\\/blogdofarnesio.com.br\\\/?p=305871#primaryimage\"},\"image\":{\"@id\":\"https:\\\/\\\/blogdofarnesio.com.br\\\/?p=305871#primaryimage\"},\"thumbnailUrl\":\"https:\\\/\\\/blogdofarnesio.com.br\\\/wp-content\\\/uploads\\\/2022\\\/02\\\/blogqspstamaro-matriz.jpg\",\"datePublished\":\"2022-02-06T19:05:49+00:00\",\"breadcrumb\":{\"@id\":\"https:\\\/\\\/blogdofarnesio.com.br\\\/?p=305871#breadcrumb\"},\"inLanguage\":\"pt-BR\",\"potentialAction\":[{\"@type\":\"ReadAction\",\"target\":[\"https:\\\/\\\/blogdofarnesio.com.br\\\/?p=305871\"]}]},{\"@type\":\"ImageObject\",\"inLanguage\":\"pt-BR\",\"@id\":\"https:\\\/\\\/blogdofarnesio.com.br\\\/?p=305871#primaryimage\",\"url\":\"https:\\\/\\\/blogdofarnesio.com.br\\\/wp-content\\\/uploads\\\/2022\\\/02\\\/blogqspstamaro-matriz.jpg\",\"contentUrl\":\"https:\\\/\\\/blogdofarnesio.com.br\\\/wp-content\\\/uploads\\\/2022\\\/02\\\/blogqspstamaro-matriz.jpg\",\"width\":380,\"height\":280,\"caption\":\"Foto: Reprodu\u00e7\u00e3o \\\/ Fala Genefax\"},{\"@type\":\"BreadcrumbList\",\"@id\":\"https:\\\/\\\/blogdofarnesio.com.br\\\/?p=305871#breadcrumb\",\"itemListElement\":[{\"@type\":\"ListItem\",\"position\":1,\"name\":\"In\u00edcio\",\"item\":\"https:\\\/\\\/blogdofarnesio.com.br\\\/\"},{\"@type\":\"ListItem\",\"position\":2,\"name\":\"Santo Amaro\\\/BA: Padre compartilha v\u00eddeo pornogr\u00e1fico por engano em grupo da par\u00f3quia\"}]},{\"@type\":\"WebSite\",\"@id\":\"https:\\\/\\\/blogdofarnesio.com.br\\\/#website\",\"url\":\"https:\\\/\\\/blogdofarnesio.com.br\\\/\",\"name\":\"Blog do Farn\u00e9sio\",\"description\":\"Quer Saber Pol\u00edtica?\",\"publisher\":{\"@id\":\"https:\\\/\\\/blogdofarnesio.com.br\\\/#organization\"},\"potentialAction\":[{\"@type\":\"SearchAction\",\"target\":{\"@type\":\"EntryPoint\",\"urlTemplate\":\"https:\\\/\\\/blogdofarnesio.com.br\\\/?s={search_term_string}\"},\"query-input\":{\"@type\":\"PropertyValueSpecification\",\"valueRequired\":true,\"valueName\":\"search_term_string\"}}],\"inLanguage\":\"pt-BR\"},{\"@type\":\"Organization\",\"@id\":\"https:\\\/\\\/blogdofarnesio.com.br\\\/#organization\",\"name\":\"Blog do Farn\u00e9sio\",\"url\":\"https:\\\/\\\/blogdofarnesio.com.br\\\/\",\"logo\":{\"@type\":\"ImageObject\",\"inLanguage\":\"pt-BR\",\"@id\":\"https:\\\/\\\/blogdofarnesio.com.br\\\/#\\\/schema\\\/logo\\\/image\\\/\",\"url\":\"https:\\\/\\\/blogdofarnesio.com.br\\\/wp-content\\\/uploads\\\/2026\\\/03\\\/cropped-logo_new-1.png\",\"contentUrl\":\"https:\\\/\\\/blogdofarnesio.com.br\\\/wp-content\\\/uploads\\\/2026\\\/03\\\/cropped-logo_new-1.png\",\"width\":881,\"height\":685,\"caption\":\"Blog do Farn\u00e9sio\"},\"image\":{\"@id\":\"https:\\\/\\\/blogdofarnesio.com.br\\\/#\\\/schema\\\/logo\\\/image\\\/\"},\"sameAs\":[\"https:\\\/\\\/www.facebook.com\\\/BlogQuerSaberPolitica\\\/\"]},{\"@type\":\"Person\",\"@id\":\"https:\\\/\\\/blogdofarnesio.com.br\\\/#\\\/schema\\\/person\\\/bb9b23ae3ad0609ce8df7b6c9e76824d\",\"name\":\"Farn\u00e9sio\",\"image\":{\"@type\":\"ImageObject\",\"inLanguage\":\"pt-BR\",\"@id\":\"https:\\\/\\\/secure.gravatar.com\\\/avatar\\\/986aa4c61ccdb66f8555bf88fc2a65609d00bcabd4d2d94377a727547345cbca?s=96&d=mm&r=g\",\"url\":\"https:\\\/\\\/secure.gravatar.com\\\/avatar\\\/986aa4c61ccdb66f8555bf88fc2a65609d00bcabd4d2d94377a727547345cbca?s=96&d=mm&r=g\",\"contentUrl\":\"https:\\\/\\\/secure.gravatar.com\\\/avatar\\\/986aa4c61ccdb66f8555bf88fc2a65609d00bcabd4d2d94377a727547345cbca?s=96&d=mm&r=g\",\"caption\":\"Farn\u00e9sio\"},\"description\":\"Radialista blogueiro, chegou a Petrolina\\\/Juazeiro em setembro de 1980, Farn\u00e9sio Silva \u00e9 de Arapiraca-Alagoas.\",\"sameAs\":[\"http:\\\/\\\/blogdofarnesio.com.br\",\"https:\\\/\\\/www.facebook.com\\\/?ref=tn_tnmn\",\"https:\\\/\\\/www.instagram.com\\\/?utm_source=pwa_homescreen\",\"https:\\\/\\\/youtube.com.br\\\/\"],\"url\":\"https:\\\/\\\/blogdofarnesio.com.br\\\/?author=2\"}]}<\/script>\n<!-- \/ Yoast SEO plugin. -->","yoast_head_json":{"title":"Santo Amaro\/BA: Padre compartilha v\u00eddeo pornogr\u00e1fico por engano em grupo da par\u00f3quia - Blog do Farn\u00e9sio","robots":{"index":"index","follow":"follow","max-snippet":"max-snippet:-1","max-image-preview":"max-image-preview:large","max-video-preview":"max-video-preview:-1"},"canonical":"https:\/\/blogdofarnesio.com.br\/?p=305871","og_locale":"pt_BR","og_type":"article","og_title":"Santo Amaro\/BA: Padre compartilha v\u00eddeo pornogr\u00e1fico por engano em grupo da par\u00f3quia - Blog do Farn\u00e9sio","og_description":"O padre Francisco Oliveira, de 45 anos de idade, compartilhou por engano um v\u00eddeo pornogr\u00e1fico no grupo de WhatsApp da par\u00f3quia de Oliveira dos Campinhos, no munic\u00edpio de Santo Amaro, Rec\u00f4ncavo da Bahia. O fato ocorreu na \u00faltima quarta-feira (2) e provocou pol\u00eamica na cidade. As informa\u00e7\u00f5es s\u00e3o do portal G1. O v\u00eddeo compartilhado por Francisco Oliveira tem mais de dois minutos de dura\u00e7\u00e3o e mostra dois homens em rela\u00e7\u00e3o sexual. Diversos fi\u00e9is abandonaram o grupo de WhatsApp ap\u00f3s a postagem. O padre alegou que tem problemas de coordena\u00e7\u00e3o motora e postou o material de forma involunt\u00e1ria e indevida, depois que recebeu de outro contato e tentou deletar o v\u00eddeo da conversa. \u201cSou portador de uma comorbidade, e n\u00e3o tenho&hellip;","og_url":"https:\/\/blogdofarnesio.com.br\/?p=305871","og_site_name":"Blog do Farn\u00e9sio","article_publisher":"https:\/\/www.facebook.com\/BlogQuerSaberPolitica\/","article_author":"https:\/\/www.facebook.com\/?ref=tn_tnmn","article_published_time":"2022-02-06T19:05:49+00:00","og_image":[{"width":380,"height":280,"url":"https:\/\/blogdofarnesio.com.br\/wp-content\/uploads\/2022\/02\/blogqspstamaro-matriz.jpg","type":"image\/jpeg"}],"author":"Farn\u00e9sio","twitter_card":"summary_large_image","twitter_misc":{"Escrito por":"Farn\u00e9sio","Est. tempo de leitura":"2 minutos"},"schema":{"@context":"https:\/\/schema.org","@graph":[{"@type":"Article","@id":"https:\/\/blogdofarnesio.com.br\/?p=305871#article","isPartOf":{"@id":"https:\/\/blogdofarnesio.com.br\/?p=305871"},"author":{"name":"Farn\u00e9sio","@id":"https:\/\/blogdofarnesio.com.br\/#\/schema\/person\/bb9b23ae3ad0609ce8df7b6c9e76824d"},"headline":"Santo Amaro\/BA: Padre compartilha v\u00eddeo pornogr\u00e1fico por engano em grupo da par\u00f3quia","datePublished":"2022-02-06T19:05:49+00:00","mainEntityOfPage":{"@id":"https:\/\/blogdofarnesio.com.br\/?p=305871"},"wordCount":236,"commentCount":0,"publisher":{"@id":"https:\/\/blogdofarnesio.com.br\/#organization"},"image":{"@id":"https:\/\/blogdofarnesio.com.br\/?p=305871#primaryimage"},"thumbnailUrl":"https:\/\/blogdofarnesio.com.br\/wp-content\/uploads\/2022\/02\/blogqspstamaro-matriz.jpg","articleSection":["Religi\u00e3o"],"inLanguage":"pt-BR","potentialAction":[{"@type":"CommentAction","name":"Comment","target":["https:\/\/blogdofarnesio.com.br\/?p=305871#respond"]}]},{"@type":"WebPage","@id":"https:\/\/blogdofarnesio.com.br\/?p=305871","url":"https:\/\/blogdofarnesio.com.br\/?p=305871","name":"Santo Amaro\/BA: Padre compartilha v\u00eddeo pornogr\u00e1fico por engano em grupo da par\u00f3quia - Blog do Farn\u00e9sio","isPartOf":{"@id":"https:\/\/blogdofarnesio.com.br\/#website"},"primaryImageOfPage":{"@id":"https:\/\/blogdofarnesio.com.br\/?p=305871#primaryimage"},"image":{"@id":"https:\/\/blogdofarnesio.com.br\/?p=305871#primaryimage"},"thumbnailUrl":"https:\/\/blogdofarnesio.com.br\/wp-content\/uploads\/2022\/02\/blogqspstamaro-matriz.jpg","datePublished":"2022-02-06T19:05:49+00:00","breadcrumb":{"@id":"https:\/\/blogdofarnesio.com.br\/?p=305871#breadcrumb"},"inLanguage":"pt-BR","potentialAction":[{"@type":"ReadAction","target":["https:\/\/blogdofarnesio.com.br\/?p=305871"]}]},{"@type":"ImageObject","inLanguage":"pt-BR","@id":"https:\/\/blogdofarnesio.com.br\/?p=305871#primaryimage","url":"https:\/\/blogdofarnesio.com.br\/wp-content\/uploads\/2022\/02\/blogqspstamaro-matriz.jpg","contentUrl":"https:\/\/blogdofarnesio.com.br\/wp-content\/uploads\/2022\/02\/blogqspstamaro-matriz.jpg","width":380,"height":280,"caption":"Foto: Reprodu\u00e7\u00e3o \/ Fala Genefax"},{"@type":"BreadcrumbList","@id":"https:\/\/blogdofarnesio.com.br\/?p=305871#breadcrumb","itemListElement":[{"@type":"ListItem","position":1,"name":"In\u00edcio","item":"https:\/\/blogdofarnesio.com.br\/"},{"@type":"ListItem","position":2,"name":"Santo Amaro\/BA: Padre compartilha v\u00eddeo pornogr\u00e1fico por engano em grupo da par\u00f3quia"}]},{"@type":"WebSite","@id":"https:\/\/blogdofarnesio.com.br\/#website","url":"https:\/\/blogdofarnesio.com.br\/","name":"Blog do Farn\u00e9sio","description":"Quer Saber Pol\u00edtica?","publisher":{"@id":"https:\/\/blogdofarnesio.com.br\/#organization"},"potentialAction":[{"@type":"SearchAction","target":{"@type":"EntryPoint","urlTemplate":"https:\/\/blogdofarnesio.com.br\/?s={search_term_string}"},"query-input":{"@type":"PropertyValueSpecification","valueRequired":true,"valueName":"search_term_string"}}],"inLanguage":"pt-BR"},{"@type":"Organization","@id":"https:\/\/blogdofarnesio.com.br\/#organization","name":"Blog do Farn\u00e9sio","url":"https:\/\/blogdofarnesio.com.br\/","logo":{"@type":"ImageObject","inLanguage":"pt-BR","@id":"https:\/\/blogdofarnesio.com.br\/#\/schema\/logo\/image\/","url":"https:\/\/blogdofarnesio.com.br\/wp-content\/uploads\/2026\/03\/cropped-logo_new-1.png","contentUrl":"https:\/\/blogdofarnesio.com.br\/wp-content\/uploads\/2026\/03\/cropped-logo_new-1.png","width":881,"height":685,"caption":"Blog do Farn\u00e9sio"},"image":{"@id":"https:\/\/blogdofarnesio.com.br\/#\/schema\/logo\/image\/"},"sameAs":["https:\/\/www.facebook.com\/BlogQuerSaberPolitica\/"]},{"@type":"Person","@id":"https:\/\/blogdofarnesio.com.br\/#\/schema\/person\/bb9b23ae3ad0609ce8df7b6c9e76824d","name":"Farn\u00e9sio","image":{"@type":"ImageObject","inLanguage":"pt-BR","@id":"https:\/\/secure.gravatar.com\/avatar\/986aa4c61ccdb66f8555bf88fc2a65609d00bcabd4d2d94377a727547345cbca?s=96&d=mm&r=g","url":"https:\/\/secure.gravatar.com\/avatar\/986aa4c61ccdb66f8555bf88fc2a65609d00bcabd4d2d94377a727547345cbca?s=96&d=mm&r=g","contentUrl":"https:\/\/secure.gravatar.com\/avatar\/986aa4c61ccdb66f8555bf88fc2a65609d00bcabd4d2d94377a727547345cbca?s=96&d=mm&r=g","caption":"Farn\u00e9sio"},"description":"Radialista blogueiro, chegou a Petrolina\/Juazeiro em setembro de 1980, Farn\u00e9sio Silva \u00e9 de Arapiraca-Alagoas.","sameAs":["http:\/\/blogdofarnesio.com.br","https:\/\/www.facebook.com\/?ref=tn_tnmn","https:\/\/www.instagram.com\/?utm_source=pwa_homescreen","https:\/\/youtube.com.br\/"],"url":"https:\/\/blogdofarnesio.com.br\/?author=2"}]}},"_links":{"self":[{"href":"https:\/\/blogdofarnesio.com.br\/index.php?rest_route=\/wp\/v2\/posts\/305871","targetHints":{"allow":["GET"]}}],"collection":[{"href":"https:\/\/blogdofarnesio.com.br\/index.php?rest_route=\/wp\/v2\/posts"}],"about":[{"href":"https:\/\/blogdofarnesio.com.br\/index.php?rest_route=\/wp\/v2\/types\/post"}],"author":[{"embeddable":true,"href":"https:\/\/blogdofarnesio.com.br\/index.php?rest_route=\/wp\/v2\/users\/2"}],"replies":[{"embeddable":true,"href":"https:\/\/blogdofarnesio.com.br\/index.php?rest_route=%2Fwp%2Fv2%2Fcomments&post=305871"}],"version-history":[{"count":0,"href":"https:\/\/blogdofarnesio.com.br\/index.php?rest_route=\/wp\/v2\/posts\/305871\/revisions"}],"wp:featuredmedia":[{"embeddable":true,"href":"https:\/\/blogdofarnesio.com.br\/index.php?rest_route=\/wp\/v2\/media\/305872"}],"wp:attachment":[{"href":"https:\/\/blogdofarnesio.com.br\/index.php?rest_route=%2Fwp%2Fv2%2Fmedia&parent=305871"}],"wp:term":[{"taxonomy":"category","embeddable":true,"href":"https:\/\/blogdofarnesio.com.br\/index.php?rest_route=%2Fwp%2Fv2%2Fcategories&post=305871"},{"taxonomy":"post_tag","embeddable":true,"href":"https:\/\/blogdofarnesio.com.br\/index.php?rest_route=%2Fwp%2Fv2%2Ftags&post=305871"}],"curies":[{"name":"wp","href":"https:\/\/api.w.org\/{rel}","templated":true}]}}