{"id":305729,"date":"2022-02-07T07:20:15","date_gmt":"2022-02-07T10:20:15","guid":{"rendered":"https:\/\/blogdofarnesio.com.br\/?p=305729"},"modified":"2022-02-03T18:10:56","modified_gmt":"2022-02-03T21:10:56","slug":"aulas-100-presenciais-comecam-a-partir-desta-segunda-feira-na-rede-municipal-de-petrolina","status":"publish","type":"post","link":"https:\/\/blogdofarnesio.com.br\/?p=305729","title":{"rendered":"Aulas 100% presenciais come\u00e7am a partir desta segunda-feira na rede municipal de Petrolina"},"content":{"rendered":"<p><em>As aulas atender\u00e3o inicialmente os estudantes do 6\u00ba ao 9\u00ba ano\u00a0<\/em>do Ensino Fundamental<\/p>\n<p>A partir desta segunda-feira (7) mais de 8 mil estudantes, do 6\u00ba ao 9\u00ba ano do Ensino Fundamental II e 3\u00b0 e 4\u00b0 fase da Educa\u00e7\u00e3o de Jovens e Adultos (EJA), voltam \u00e0 rotina normal depois das f\u00e9rias. Para esse retorno, e em virtude da pandemia da Covid-19 e dos casos de s\u00edndromes respirat\u00f3rias, a Prefeitura de Petrolina, atrav\u00e9s da Secretaria de Educa\u00e7\u00e3o, Cultura e Esportes, inicia o ano letivo de 2022 em apenas 31 Unidades Educacionais. J\u00e1 a partir do dia 14 de fevereiro, retomam as salas de aula os estudantes do 1\u00ba ao 5\u00ba ano (Fundamental I) e toda a Educa\u00e7\u00e3o Infantil.<\/p>\n<p>Este ano, o retorno ser\u00e1 100% presencial e obrigat\u00f3rio, todos os protocolos de biosseguran\u00e7a ser\u00e3o seguidos conforme orienta\u00e7\u00e3o das autoridades sanit\u00e1rias. Ser\u00e3o mantidos o uso de \u00e1lcool em gel e m\u00e1scaras, aferi\u00e7\u00e3o de temperatura, higieniza\u00e7\u00e3o constante dos ambientes e m\u00e3os, monitoramento, identifica\u00e7\u00e3o e afastamento imediato em casos suspeitos ou confirmados da doen\u00e7a.<\/p>\n<p>A recomenda\u00e7\u00e3o da Secretaria de Educa\u00e7\u00e3o \u00e9 que os pais e respons\u00e1veis dos estudantes, que tenham a partir de 5 anos, apresentem a carteira de vacina\u00e7\u00e3o do aluno nas unidades de ensino, inclusive com o comprovante da vacina contra a Covid-19. No entanto, quem n\u00e3o tiver o documento, n\u00e3o ser\u00e1 impedido de frequentar a escola.<\/p>\n<p>\u201c<em>Temos uma nota t\u00e9cnica do Conselho Nacional de Procuradores Gerais do Brasil, que faz a recomenda\u00e7\u00e3o aos sistemas de ensino de exigir, durante o momento da matr\u00edcula, a carteira de vacina\u00e7\u00e3o, inclusive com a dose contra Covid-19 para a popula\u00e7\u00e3o a partir de 5 anos. Isso n\u00e3o quer dizer que a crian\u00e7a n\u00e3o ter\u00e1 direito a matr\u00edcula, nem o acesso \u00e0 unidade, porque a educa\u00e7\u00e3o \u00e9 um direito fundamental do cidad\u00e3o.<\/em><\/p>\n<p><em> Mas temos a obriga\u00e7\u00e3o de comunicar ao Conselho Tutelar, para que eles busquem realizar um trabalho de conscientiza\u00e7\u00e3o com as fam\u00edlias que se opuserem a vacinar seus filhos. Refor\u00e7amos aqui que a imuniza\u00e7\u00e3o tem sido o caminho mais seguro que a ci\u00eancia nos oferece<\/em>\u201d, explicou o secret\u00e1rio de Educa\u00e7\u00e3o, Cultura e Esportes, Pl\u00ednio Amorim.<\/p>\n<p>&nbsp;<\/p>\n<p>Elaine Barbosa &#8211; Assessora de Imprensa da Secretaria de\u00a0Educa\u00e7\u00e3o, Cultura e Esportes.<\/p>\n","protected":false},"excerpt":{"rendered":"<p>As aulas atender\u00e3o inicialmente os estudantes do 6\u00ba ao 9\u00ba ano\u00a0do Ensino Fundamental A partir desta segunda-feira (7) mais de 8 mil estudantes, do 6\u00ba ao 9\u00ba ano do Ensino Fundamental II e 3\u00b0 e 4\u00b0 fase da Educa\u00e7\u00e3o de Jovens e Adultos (EJA), voltam \u00e0 rotina normal depois das f\u00e9rias. Para esse retorno, e em virtude da pandemia da Covid-19 e dos casos de s\u00edndromes respirat\u00f3rias, a Prefeitura de Petrolina, atrav\u00e9s da Secretaria de Educa\u00e7\u00e3o, Cultura e Esportes, inicia o ano letivo de 2022 em apenas 31 Unidades Educacionais. J\u00e1 a partir do dia 14 de fevereiro, retomam as salas de aula os estudantes do 1\u00ba ao 5\u00ba ano (Fundamental I) e toda a Educa\u00e7\u00e3o Infantil. Este ano, o&hellip; <\/p>\n","protected":false},"author":2,"featured_media":177063,"comment_status":"open","ping_status":"open","sticky":false,"template":"","format":"standard","meta":{"_acf_changed":false,"footnotes":""},"categories":[43],"tags":[],"class_list":["post-305729","post","type-post","status-publish","format-standard","has-post-thumbnail","hentry","category-sem-categoria"],"acf":[],"yoast_head":"<!-- This site is optimized with the Yoast SEO plugin v27.4 - https:\/\/yoast.com\/product\/yoast-seo-wordpress\/ -->\n<title>Aulas 100% presenciais come\u00e7am a partir desta segunda-feira na rede municipal de Petrolina - Blog do Farn\u00e9sio<\/title>\n<meta name=\"robots\" content=\"index, follow, max-snippet:-1, max-image-preview:large, max-video-preview:-1\" \/>\n<link rel=\"canonical\" href=\"https:\/\/blogdofarnesio.com.br\/?p=305729\" \/>\n<meta property=\"og:locale\" content=\"pt_BR\" \/>\n<meta property=\"og:type\" content=\"article\" \/>\n<meta property=\"og:title\" content=\"Aulas 100% presenciais come\u00e7am a partir desta segunda-feira na rede municipal de Petrolina - Blog do Farn\u00e9sio\" \/>\n<meta property=\"og:description\" content=\"As aulas atender\u00e3o inicialmente os estudantes do 6\u00ba ao 9\u00ba ano\u00a0do Ensino Fundamental A partir desta segunda-feira (7) mais de 8 mil estudantes, do 6\u00ba ao 9\u00ba ano do Ensino Fundamental II e 3\u00b0 e 4\u00b0 fase da Educa\u00e7\u00e3o de Jovens e Adultos (EJA), voltam \u00e0 rotina normal depois das f\u00e9rias. Para esse retorno, e em virtude da pandemia da Covid-19 e dos casos de s\u00edndromes respirat\u00f3rias, a Prefeitura de Petrolina, atrav\u00e9s da Secretaria de Educa\u00e7\u00e3o, Cultura e Esportes, inicia o ano letivo de 2022 em apenas 31 Unidades Educacionais. J\u00e1 a partir do dia 14 de fevereiro, retomam as salas de aula os estudantes do 1\u00ba ao 5\u00ba ano (Fundamental I) e toda a Educa\u00e7\u00e3o Infantil. Este ano, o&hellip;\" \/>\n<meta property=\"og:url\" content=\"https:\/\/blogdofarnesio.com.br\/?p=305729\" \/>\n<meta property=\"og:site_name\" content=\"Blog do Farn\u00e9sio\" \/>\n<meta property=\"article:publisher\" content=\"https:\/\/www.facebook.com\/BlogQuerSaberPolitica\/\" \/>\n<meta property=\"article:author\" content=\"https:\/\/www.facebook.com\/?ref=tn_tnmn\" \/>\n<meta property=\"article:published_time\" content=\"2022-02-07T10:20:15+00:00\" \/>\n<meta property=\"og:image\" content=\"https:\/\/blogdofarnesio.com.br\/wp-content\/uploads\/2017\/09\/blogqspoqueoops0.png\" \/>\n\t<meta property=\"og:image:width\" content=\"512\" \/>\n\t<meta property=\"og:image:height\" content=\"512\" \/>\n\t<meta property=\"og:image:type\" content=\"image\/png\" \/>\n<meta name=\"author\" content=\"Farn\u00e9sio\" \/>\n<meta name=\"twitter:card\" content=\"summary_large_image\" \/>\n<meta name=\"twitter:label1\" content=\"Escrito por\" \/>\n\t<meta name=\"twitter:data1\" content=\"Farn\u00e9sio\" \/>\n\t<meta name=\"twitter:label2\" content=\"Est. tempo de leitura\" \/>\n\t<meta name=\"twitter:data2\" content=\"2 minutos\" \/>\n<script type=\"application\/ld+json\" class=\"yoast-schema-graph\">{\"@context\":\"https:\\\/\\\/schema.org\",\"@graph\":[{\"@type\":\"Article\",\"@id\":\"https:\\\/\\\/blogdofarnesio.com.br\\\/?p=305729#article\",\"isPartOf\":{\"@id\":\"https:\\\/\\\/blogdofarnesio.com.br\\\/?p=305729\"},\"author\":{\"name\":\"Farn\u00e9sio\",\"@id\":\"https:\\\/\\\/blogdofarnesio.com.br\\\/#\\\/schema\\\/person\\\/bb9b23ae3ad0609ce8df7b6c9e76824d\"},\"headline\":\"Aulas 100% presenciais come\u00e7am a partir desta segunda-feira na rede municipal de Petrolina\",\"datePublished\":\"2022-02-07T10:20:15+00:00\",\"mainEntityOfPage\":{\"@id\":\"https:\\\/\\\/blogdofarnesio.com.br\\\/?p=305729\"},\"wordCount\":404,\"commentCount\":0,\"publisher\":{\"@id\":\"https:\\\/\\\/blogdofarnesio.com.br\\\/#organization\"},\"image\":{\"@id\":\"https:\\\/\\\/blogdofarnesio.com.br\\\/?p=305729#primaryimage\"},\"thumbnailUrl\":\"https:\\\/\\\/blogdofarnesio.com.br\\\/wp-content\\\/uploads\\\/2017\\\/09\\\/blogqspoqueoops0.png\",\"inLanguage\":\"pt-BR\",\"potentialAction\":[{\"@type\":\"CommentAction\",\"name\":\"Comment\",\"target\":[\"https:\\\/\\\/blogdofarnesio.com.br\\\/?p=305729#respond\"]}]},{\"@type\":\"WebPage\",\"@id\":\"https:\\\/\\\/blogdofarnesio.com.br\\\/?p=305729\",\"url\":\"https:\\\/\\\/blogdofarnesio.com.br\\\/?p=305729\",\"name\":\"Aulas 100% presenciais come\u00e7am a partir desta segunda-feira na rede municipal de Petrolina - Blog do Farn\u00e9sio\",\"isPartOf\":{\"@id\":\"https:\\\/\\\/blogdofarnesio.com.br\\\/#website\"},\"primaryImageOfPage\":{\"@id\":\"https:\\\/\\\/blogdofarnesio.com.br\\\/?p=305729#primaryimage\"},\"image\":{\"@id\":\"https:\\\/\\\/blogdofarnesio.com.br\\\/?p=305729#primaryimage\"},\"thumbnailUrl\":\"https:\\\/\\\/blogdofarnesio.com.br\\\/wp-content\\\/uploads\\\/2017\\\/09\\\/blogqspoqueoops0.png\",\"datePublished\":\"2022-02-07T10:20:15+00:00\",\"breadcrumb\":{\"@id\":\"https:\\\/\\\/blogdofarnesio.com.br\\\/?p=305729#breadcrumb\"},\"inLanguage\":\"pt-BR\",\"potentialAction\":[{\"@type\":\"ReadAction\",\"target\":[\"https:\\\/\\\/blogdofarnesio.com.br\\\/?p=305729\"]}]},{\"@type\":\"ImageObject\",\"inLanguage\":\"pt-BR\",\"@id\":\"https:\\\/\\\/blogdofarnesio.com.br\\\/?p=305729#primaryimage\",\"url\":\"https:\\\/\\\/blogdofarnesio.com.br\\\/wp-content\\\/uploads\\\/2017\\\/09\\\/blogqspoqueoops0.png\",\"contentUrl\":\"https:\\\/\\\/blogdofarnesio.com.br\\\/wp-content\\\/uploads\\\/2017\\\/09\\\/blogqspoqueoops0.png\",\"width\":512,\"height\":512},{\"@type\":\"BreadcrumbList\",\"@id\":\"https:\\\/\\\/blogdofarnesio.com.br\\\/?p=305729#breadcrumb\",\"itemListElement\":[{\"@type\":\"ListItem\",\"position\":1,\"name\":\"In\u00edcio\",\"item\":\"https:\\\/\\\/blogdofarnesio.com.br\\\/\"},{\"@type\":\"ListItem\",\"position\":2,\"name\":\"Aulas 100% presenciais come\u00e7am a partir desta segunda-feira na rede municipal de Petrolina\"}]},{\"@type\":\"WebSite\",\"@id\":\"https:\\\/\\\/blogdofarnesio.com.br\\\/#website\",\"url\":\"https:\\\/\\\/blogdofarnesio.com.br\\\/\",\"name\":\"Blog do Farn\u00e9sio\",\"description\":\"Quer Saber Pol\u00edtica?\",\"publisher\":{\"@id\":\"https:\\\/\\\/blogdofarnesio.com.br\\\/#organization\"},\"potentialAction\":[{\"@type\":\"SearchAction\",\"target\":{\"@type\":\"EntryPoint\",\"urlTemplate\":\"https:\\\/\\\/blogdofarnesio.com.br\\\/?s={search_term_string}\"},\"query-input\":{\"@type\":\"PropertyValueSpecification\",\"valueRequired\":true,\"valueName\":\"search_term_string\"}}],\"inLanguage\":\"pt-BR\"},{\"@type\":\"Organization\",\"@id\":\"https:\\\/\\\/blogdofarnesio.com.br\\\/#organization\",\"name\":\"Blog do Farn\u00e9sio\",\"url\":\"https:\\\/\\\/blogdofarnesio.com.br\\\/\",\"logo\":{\"@type\":\"ImageObject\",\"inLanguage\":\"pt-BR\",\"@id\":\"https:\\\/\\\/blogdofarnesio.com.br\\\/#\\\/schema\\\/logo\\\/image\\\/\",\"url\":\"https:\\\/\\\/blogdofarnesio.com.br\\\/wp-content\\\/uploads\\\/2026\\\/03\\\/cropped-logo_new-1.png\",\"contentUrl\":\"https:\\\/\\\/blogdofarnesio.com.br\\\/wp-content\\\/uploads\\\/2026\\\/03\\\/cropped-logo_new-1.png\",\"width\":881,\"height\":685,\"caption\":\"Blog do Farn\u00e9sio\"},\"image\":{\"@id\":\"https:\\\/\\\/blogdofarnesio.com.br\\\/#\\\/schema\\\/logo\\\/image\\\/\"},\"sameAs\":[\"https:\\\/\\\/www.facebook.com\\\/BlogQuerSaberPolitica\\\/\"]},{\"@type\":\"Person\",\"@id\":\"https:\\\/\\\/blogdofarnesio.com.br\\\/#\\\/schema\\\/person\\\/bb9b23ae3ad0609ce8df7b6c9e76824d\",\"name\":\"Farn\u00e9sio\",\"image\":{\"@type\":\"ImageObject\",\"inLanguage\":\"pt-BR\",\"@id\":\"https:\\\/\\\/secure.gravatar.com\\\/avatar\\\/986aa4c61ccdb66f8555bf88fc2a65609d00bcabd4d2d94377a727547345cbca?s=96&d=mm&r=g\",\"url\":\"https:\\\/\\\/secure.gravatar.com\\\/avatar\\\/986aa4c61ccdb66f8555bf88fc2a65609d00bcabd4d2d94377a727547345cbca?s=96&d=mm&r=g\",\"contentUrl\":\"https:\\\/\\\/secure.gravatar.com\\\/avatar\\\/986aa4c61ccdb66f8555bf88fc2a65609d00bcabd4d2d94377a727547345cbca?s=96&d=mm&r=g\",\"caption\":\"Farn\u00e9sio\"},\"description\":\"Radialista blogueiro, chegou a Petrolina\\\/Juazeiro em setembro de 1980, Farn\u00e9sio Silva \u00e9 de Arapiraca-Alagoas.\",\"sameAs\":[\"http:\\\/\\\/blogdofarnesio.com.br\",\"https:\\\/\\\/www.facebook.com\\\/?ref=tn_tnmn\",\"https:\\\/\\\/www.instagram.com\\\/?utm_source=pwa_homescreen\",\"https:\\\/\\\/youtube.com.br\\\/\"],\"url\":\"https:\\\/\\\/blogdofarnesio.com.br\\\/?author=2\"}]}<\/script>\n<!-- \/ Yoast SEO plugin. -->","yoast_head_json":{"title":"Aulas 100% presenciais come\u00e7am a partir desta segunda-feira na rede municipal de Petrolina - Blog do Farn\u00e9sio","robots":{"index":"index","follow":"follow","max-snippet":"max-snippet:-1","max-image-preview":"max-image-preview:large","max-video-preview":"max-video-preview:-1"},"canonical":"https:\/\/blogdofarnesio.com.br\/?p=305729","og_locale":"pt_BR","og_type":"article","og_title":"Aulas 100% presenciais come\u00e7am a partir desta segunda-feira na rede municipal de Petrolina - Blog do Farn\u00e9sio","og_description":"As aulas atender\u00e3o inicialmente os estudantes do 6\u00ba ao 9\u00ba ano\u00a0do Ensino Fundamental A partir desta segunda-feira (7) mais de 8 mil estudantes, do 6\u00ba ao 9\u00ba ano do Ensino Fundamental II e 3\u00b0 e 4\u00b0 fase da Educa\u00e7\u00e3o de Jovens e Adultos (EJA), voltam \u00e0 rotina normal depois das f\u00e9rias. Para esse retorno, e em virtude da pandemia da Covid-19 e dos casos de s\u00edndromes respirat\u00f3rias, a Prefeitura de Petrolina, atrav\u00e9s da Secretaria de Educa\u00e7\u00e3o, Cultura e Esportes, inicia o ano letivo de 2022 em apenas 31 Unidades Educacionais. J\u00e1 a partir do dia 14 de fevereiro, retomam as salas de aula os estudantes do 1\u00ba ao 5\u00ba ano (Fundamental I) e toda a Educa\u00e7\u00e3o Infantil. Este ano, o&hellip;","og_url":"https:\/\/blogdofarnesio.com.br\/?p=305729","og_site_name":"Blog do Farn\u00e9sio","article_publisher":"https:\/\/www.facebook.com\/BlogQuerSaberPolitica\/","article_author":"https:\/\/www.facebook.com\/?ref=tn_tnmn","article_published_time":"2022-02-07T10:20:15+00:00","og_image":[{"width":512,"height":512,"url":"https:\/\/blogdofarnesio.com.br\/wp-content\/uploads\/2017\/09\/blogqspoqueoops0.png","type":"image\/png"}],"author":"Farn\u00e9sio","twitter_card":"summary_large_image","twitter_misc":{"Escrito por":"Farn\u00e9sio","Est. tempo de leitura":"2 minutos"},"schema":{"@context":"https:\/\/schema.org","@graph":[{"@type":"Article","@id":"https:\/\/blogdofarnesio.com.br\/?p=305729#article","isPartOf":{"@id":"https:\/\/blogdofarnesio.com.br\/?p=305729"},"author":{"name":"Farn\u00e9sio","@id":"https:\/\/blogdofarnesio.com.br\/#\/schema\/person\/bb9b23ae3ad0609ce8df7b6c9e76824d"},"headline":"Aulas 100% presenciais come\u00e7am a partir desta segunda-feira na rede municipal de Petrolina","datePublished":"2022-02-07T10:20:15+00:00","mainEntityOfPage":{"@id":"https:\/\/blogdofarnesio.com.br\/?p=305729"},"wordCount":404,"commentCount":0,"publisher":{"@id":"https:\/\/blogdofarnesio.com.br\/#organization"},"image":{"@id":"https:\/\/blogdofarnesio.com.br\/?p=305729#primaryimage"},"thumbnailUrl":"https:\/\/blogdofarnesio.com.br\/wp-content\/uploads\/2017\/09\/blogqspoqueoops0.png","inLanguage":"pt-BR","potentialAction":[{"@type":"CommentAction","name":"Comment","target":["https:\/\/blogdofarnesio.com.br\/?p=305729#respond"]}]},{"@type":"WebPage","@id":"https:\/\/blogdofarnesio.com.br\/?p=305729","url":"https:\/\/blogdofarnesio.com.br\/?p=305729","name":"Aulas 100% presenciais come\u00e7am a partir desta segunda-feira na rede municipal de Petrolina - Blog do Farn\u00e9sio","isPartOf":{"@id":"https:\/\/blogdofarnesio.com.br\/#website"},"primaryImageOfPage":{"@id":"https:\/\/blogdofarnesio.com.br\/?p=305729#primaryimage"},"image":{"@id":"https:\/\/blogdofarnesio.com.br\/?p=305729#primaryimage"},"thumbnailUrl":"https:\/\/blogdofarnesio.com.br\/wp-content\/uploads\/2017\/09\/blogqspoqueoops0.png","datePublished":"2022-02-07T10:20:15+00:00","breadcrumb":{"@id":"https:\/\/blogdofarnesio.com.br\/?p=305729#breadcrumb"},"inLanguage":"pt-BR","potentialAction":[{"@type":"ReadAction","target":["https:\/\/blogdofarnesio.com.br\/?p=305729"]}]},{"@type":"ImageObject","inLanguage":"pt-BR","@id":"https:\/\/blogdofarnesio.com.br\/?p=305729#primaryimage","url":"https:\/\/blogdofarnesio.com.br\/wp-content\/uploads\/2017\/09\/blogqspoqueoops0.png","contentUrl":"https:\/\/blogdofarnesio.com.br\/wp-content\/uploads\/2017\/09\/blogqspoqueoops0.png","width":512,"height":512},{"@type":"BreadcrumbList","@id":"https:\/\/blogdofarnesio.com.br\/?p=305729#breadcrumb","itemListElement":[{"@type":"ListItem","position":1,"name":"In\u00edcio","item":"https:\/\/blogdofarnesio.com.br\/"},{"@type":"ListItem","position":2,"name":"Aulas 100% presenciais come\u00e7am a partir desta segunda-feira na rede municipal de Petrolina"}]},{"@type":"WebSite","@id":"https:\/\/blogdofarnesio.com.br\/#website","url":"https:\/\/blogdofarnesio.com.br\/","name":"Blog do Farn\u00e9sio","description":"Quer Saber Pol\u00edtica?","publisher":{"@id":"https:\/\/blogdofarnesio.com.br\/#organization"},"potentialAction":[{"@type":"SearchAction","target":{"@type":"EntryPoint","urlTemplate":"https:\/\/blogdofarnesio.com.br\/?s={search_term_string}"},"query-input":{"@type":"PropertyValueSpecification","valueRequired":true,"valueName":"search_term_string"}}],"inLanguage":"pt-BR"},{"@type":"Organization","@id":"https:\/\/blogdofarnesio.com.br\/#organization","name":"Blog do Farn\u00e9sio","url":"https:\/\/blogdofarnesio.com.br\/","logo":{"@type":"ImageObject","inLanguage":"pt-BR","@id":"https:\/\/blogdofarnesio.com.br\/#\/schema\/logo\/image\/","url":"https:\/\/blogdofarnesio.com.br\/wp-content\/uploads\/2026\/03\/cropped-logo_new-1.png","contentUrl":"https:\/\/blogdofarnesio.com.br\/wp-content\/uploads\/2026\/03\/cropped-logo_new-1.png","width":881,"height":685,"caption":"Blog do Farn\u00e9sio"},"image":{"@id":"https:\/\/blogdofarnesio.com.br\/#\/schema\/logo\/image\/"},"sameAs":["https:\/\/www.facebook.com\/BlogQuerSaberPolitica\/"]},{"@type":"Person","@id":"https:\/\/blogdofarnesio.com.br\/#\/schema\/person\/bb9b23ae3ad0609ce8df7b6c9e76824d","name":"Farn\u00e9sio","image":{"@type":"ImageObject","inLanguage":"pt-BR","@id":"https:\/\/secure.gravatar.com\/avatar\/986aa4c61ccdb66f8555bf88fc2a65609d00bcabd4d2d94377a727547345cbca?s=96&d=mm&r=g","url":"https:\/\/secure.gravatar.com\/avatar\/986aa4c61ccdb66f8555bf88fc2a65609d00bcabd4d2d94377a727547345cbca?s=96&d=mm&r=g","contentUrl":"https:\/\/secure.gravatar.com\/avatar\/986aa4c61ccdb66f8555bf88fc2a65609d00bcabd4d2d94377a727547345cbca?s=96&d=mm&r=g","caption":"Farn\u00e9sio"},"description":"Radialista blogueiro, chegou a Petrolina\/Juazeiro em setembro de 1980, Farn\u00e9sio Silva \u00e9 de Arapiraca-Alagoas.","sameAs":["http:\/\/blogdofarnesio.com.br","https:\/\/www.facebook.com\/?ref=tn_tnmn","https:\/\/www.instagram.com\/?utm_source=pwa_homescreen","https:\/\/youtube.com.br\/"],"url":"https:\/\/blogdofarnesio.com.br\/?author=2"}]}},"_links":{"self":[{"href":"https:\/\/blogdofarnesio.com.br\/index.php?rest_route=\/wp\/v2\/posts\/305729","targetHints":{"allow":["GET"]}}],"collection":[{"href":"https:\/\/blogdofarnesio.com.br\/index.php?rest_route=\/wp\/v2\/posts"}],"about":[{"href":"https:\/\/blogdofarnesio.com.br\/index.php?rest_route=\/wp\/v2\/types\/post"}],"author":[{"embeddable":true,"href":"https:\/\/blogdofarnesio.com.br\/index.php?rest_route=\/wp\/v2\/users\/2"}],"replies":[{"embeddable":true,"href":"https:\/\/blogdofarnesio.com.br\/index.php?rest_route=%2Fwp%2Fv2%2Fcomments&post=305729"}],"version-history":[{"count":0,"href":"https:\/\/blogdofarnesio.com.br\/index.php?rest_route=\/wp\/v2\/posts\/305729\/revisions"}],"wp:featuredmedia":[{"embeddable":true,"href":"https:\/\/blogdofarnesio.com.br\/index.php?rest_route=\/wp\/v2\/media\/177063"}],"wp:attachment":[{"href":"https:\/\/blogdofarnesio.com.br\/index.php?rest_route=%2Fwp%2Fv2%2Fmedia&parent=305729"}],"wp:term":[{"taxonomy":"category","embeddable":true,"href":"https:\/\/blogdofarnesio.com.br\/index.php?rest_route=%2Fwp%2Fv2%2Fcategories&post=305729"},{"taxonomy":"post_tag","embeddable":true,"href":"https:\/\/blogdofarnesio.com.br\/index.php?rest_route=%2Fwp%2Fv2%2Ftags&post=305729"}],"curies":[{"name":"wp","href":"https:\/\/api.w.org\/{rel}","templated":true}]}}