{"id":305607,"date":"2022-02-02T15:42:57","date_gmt":"2022-02-02T18:42:57","guid":{"rendered":"https:\/\/blogdofarnesio.com.br\/?p=305607"},"modified":"2022-02-02T15:21:55","modified_gmt":"2022-02-02T18:21:55","slug":"comite-covid-19-de-juazeiro-discute-atual-cenario-epidemiologico-com-equipe-tecnica-da-secretaria-de-saude","status":"publish","type":"post","link":"https:\/\/blogdofarnesio.com.br\/?p=305607","title":{"rendered":"Comit\u00ea Covid-19 de Juazeiro discute atual cen\u00e1rio epidemiol\u00f3gico com equipe t\u00e9cnica da Secretaria de Sa\u00fade"},"content":{"rendered":"<p style=\"font-weight: 400;\">Nesta quarta-feira (2), a equipe t\u00e9cnica da Secretaria de Sa\u00fade de Juazeiro (Sesau) discutiu durante a reuni\u00e3o do Comit\u00ea Covid-19 o atual cen\u00e1rio da pandemia. A reuni\u00e3o, realizada desde o in\u00edcio de 2021, teve a participa\u00e7\u00e3o de representantes da sociedade civil, Conselho Municipal de Sa\u00fade e de secretarias da Prefeitura de Juazeiro.<\/p>\n<p style=\"font-weight: 400;\">Foi apresentado aos participantes, o cen\u00e1rio epidemiol\u00f3gico no contexto da Covid-19 e das s\u00edndromes gripais pela Vigil\u00e2ncia em Sa\u00fade, como o n\u00famero de casos e \u00f3bitos por complica\u00e7\u00f5es da doen\u00e7a desde o in\u00edcio da pandemia at\u00e9 a quarta semana de 2022, al\u00e9m de ocupa\u00e7\u00e3o de leitos, n\u00famero de casos ativos, testagem para detec\u00e7\u00e3o da Covid-19, entre outros referentes \u00e0 pandemia.<\/p>\n<p style=\"font-weight: 400;\">O Comit\u00ea da Covid-19 visa desenvolver as medidas a serem adotadas diante do cen\u00e1rio epidemiol\u00f3gico que o munic\u00edpio enfrenta em rela\u00e7\u00e3o \u00e0 pandemia da Covid-19 e a epidemia de s\u00edndromes gripais. \u201cA reuni\u00e3o serviu para fazer os esclarecimentos aos membros do Comit\u00ea, deixando clara a preocupa\u00e7\u00e3o que n\u00f3s da Secretaria de Sa\u00fade temos com rela\u00e7\u00e3o ao avan\u00e7o de casos. Estamos vigilantes em rela\u00e7\u00e3o ao cen\u00e1rio epidemiol\u00f3gico do momento, na condi\u00e7\u00e3o de alerta, reavaliando algumas a\u00e7\u00f5es como a amplia\u00e7\u00e3o de pontos de atendimento e fiscaliza\u00e7\u00e3o de locais com aglomera\u00e7\u00e3o\u201d, destacou o secret\u00e1rio de Sa\u00fade, Fernando Costa.<\/p>\n<p style=\"font-weight: 400;\">\n<p style=\"font-weight: 400;\">Texto: Amanda Franco \u2013 Ascom Sesau PMJ<\/p>\n","protected":false},"excerpt":{"rendered":"<p>Nesta quarta-feira (2), a equipe t\u00e9cnica da Secretaria de Sa\u00fade de Juazeiro (Sesau) discutiu durante a reuni\u00e3o do Comit\u00ea Covid-19 o atual cen\u00e1rio da pandemia. A reuni\u00e3o, realizada desde o in\u00edcio de 2021, teve a participa\u00e7\u00e3o de representantes da sociedade civil, Conselho Municipal de Sa\u00fade e de secretarias da Prefeitura de Juazeiro. Foi apresentado aos participantes, o cen\u00e1rio epidemiol\u00f3gico no contexto da Covid-19 e das s\u00edndromes gripais pela Vigil\u00e2ncia em Sa\u00fade, como o n\u00famero de casos e \u00f3bitos por complica\u00e7\u00f5es da doen\u00e7a desde o in\u00edcio da pandemia at\u00e9 a quarta semana de 2022, al\u00e9m de ocupa\u00e7\u00e3o de leitos, n\u00famero de casos ativos, testagem para detec\u00e7\u00e3o da Covid-19, entre outros referentes \u00e0 pandemia. O Comit\u00ea da Covid-19 visa desenvolver as medidas&hellip; <\/p>\n","protected":false},"author":2,"featured_media":290459,"comment_status":"open","ping_status":"open","sticky":false,"template":"","format":"standard","meta":{"_acf_changed":false,"footnotes":""},"categories":[4],"tags":[],"class_list":["post-305607","post","type-post","status-publish","format-standard","has-post-thumbnail","hentry","category-saude"],"acf":[],"yoast_head":"<!-- This site is optimized with the Yoast SEO plugin v27.4 - https:\/\/yoast.com\/product\/yoast-seo-wordpress\/ -->\n<title>Comit\u00ea Covid-19 de Juazeiro discute atual cen\u00e1rio epidemiol\u00f3gico com equipe t\u00e9cnica da Secretaria de Sa\u00fade - Blog do Farn\u00e9sio<\/title>\n<meta name=\"robots\" content=\"index, follow, max-snippet:-1, max-image-preview:large, max-video-preview:-1\" \/>\n<link rel=\"canonical\" href=\"https:\/\/blogdofarnesio.com.br\/?p=305607\" \/>\n<meta property=\"og:locale\" content=\"pt_BR\" \/>\n<meta property=\"og:type\" content=\"article\" \/>\n<meta property=\"og:title\" content=\"Comit\u00ea Covid-19 de Juazeiro discute atual cen\u00e1rio epidemiol\u00f3gico com equipe t\u00e9cnica da Secretaria de Sa\u00fade - Blog do Farn\u00e9sio\" \/>\n<meta property=\"og:description\" content=\"Nesta quarta-feira (2), a equipe t\u00e9cnica da Secretaria de Sa\u00fade de Juazeiro (Sesau) discutiu durante a reuni\u00e3o do Comit\u00ea Covid-19 o atual cen\u00e1rio da pandemia. A reuni\u00e3o, realizada desde o in\u00edcio de 2021, teve a participa\u00e7\u00e3o de representantes da sociedade civil, Conselho Municipal de Sa\u00fade e de secretarias da Prefeitura de Juazeiro. Foi apresentado aos participantes, o cen\u00e1rio epidemiol\u00f3gico no contexto da Covid-19 e das s\u00edndromes gripais pela Vigil\u00e2ncia em Sa\u00fade, como o n\u00famero de casos e \u00f3bitos por complica\u00e7\u00f5es da doen\u00e7a desde o in\u00edcio da pandemia at\u00e9 a quarta semana de 2022, al\u00e9m de ocupa\u00e7\u00e3o de leitos, n\u00famero de casos ativos, testagem para detec\u00e7\u00e3o da Covid-19, entre outros referentes \u00e0 pandemia. O Comit\u00ea da Covid-19 visa desenvolver as medidas&hellip;\" \/>\n<meta property=\"og:url\" content=\"https:\/\/blogdofarnesio.com.br\/?p=305607\" \/>\n<meta property=\"og:site_name\" content=\"Blog do Farn\u00e9sio\" \/>\n<meta property=\"article:publisher\" content=\"https:\/\/www.facebook.com\/BlogQuerSaberPolitica\/\" \/>\n<meta property=\"article:author\" content=\"https:\/\/www.facebook.com\/?ref=tn_tnmn\" \/>\n<meta property=\"article:published_time\" content=\"2022-02-02T18:42:57+00:00\" \/>\n<meta property=\"og:image\" content=\"https:\/\/blogdofarnesio.com.br\/wp-content\/uploads\/2021\/07\/blogqspjua-coronavirus-ponto-teste-2-e1630005644865.jpeg\" \/>\n\t<meta property=\"og:image:width\" content=\"650\" \/>\n\t<meta property=\"og:image:height\" content=\"433\" \/>\n\t<meta property=\"og:image:type\" content=\"image\/jpeg\" \/>\n<meta name=\"author\" content=\"Farn\u00e9sio\" \/>\n<meta name=\"twitter:card\" content=\"summary_large_image\" \/>\n<meta name=\"twitter:label1\" content=\"Escrito por\" \/>\n\t<meta name=\"twitter:data1\" content=\"Farn\u00e9sio\" \/>\n\t<meta name=\"twitter:label2\" content=\"Est. tempo de leitura\" \/>\n\t<meta name=\"twitter:data2\" content=\"2 minutos\" \/>\n<script type=\"application\/ld+json\" class=\"yoast-schema-graph\">{\"@context\":\"https:\\\/\\\/schema.org\",\"@graph\":[{\"@type\":\"Article\",\"@id\":\"https:\\\/\\\/blogdofarnesio.com.br\\\/?p=305607#article\",\"isPartOf\":{\"@id\":\"https:\\\/\\\/blogdofarnesio.com.br\\\/?p=305607\"},\"author\":{\"name\":\"Farn\u00e9sio\",\"@id\":\"https:\\\/\\\/blogdofarnesio.com.br\\\/#\\\/schema\\\/person\\\/bb9b23ae3ad0609ce8df7b6c9e76824d\"},\"headline\":\"Comit\u00ea Covid-19 de Juazeiro discute atual cen\u00e1rio epidemiol\u00f3gico com equipe t\u00e9cnica da Secretaria de Sa\u00fade\",\"datePublished\":\"2022-02-02T18:42:57+00:00\",\"mainEntityOfPage\":{\"@id\":\"https:\\\/\\\/blogdofarnesio.com.br\\\/?p=305607\"},\"wordCount\":269,\"commentCount\":0,\"publisher\":{\"@id\":\"https:\\\/\\\/blogdofarnesio.com.br\\\/#organization\"},\"image\":{\"@id\":\"https:\\\/\\\/blogdofarnesio.com.br\\\/?p=305607#primaryimage\"},\"thumbnailUrl\":\"https:\\\/\\\/blogdofarnesio.com.br\\\/wp-content\\\/uploads\\\/2021\\\/07\\\/blogqspjua-coronavirus-ponto-teste-2-e1630005644865.jpeg\",\"articleSection\":[\"Sa\u00fade\"],\"inLanguage\":\"pt-BR\",\"potentialAction\":[{\"@type\":\"CommentAction\",\"name\":\"Comment\",\"target\":[\"https:\\\/\\\/blogdofarnesio.com.br\\\/?p=305607#respond\"]}]},{\"@type\":\"WebPage\",\"@id\":\"https:\\\/\\\/blogdofarnesio.com.br\\\/?p=305607\",\"url\":\"https:\\\/\\\/blogdofarnesio.com.br\\\/?p=305607\",\"name\":\"Comit\u00ea Covid-19 de Juazeiro discute atual cen\u00e1rio epidemiol\u00f3gico com equipe t\u00e9cnica da Secretaria de Sa\u00fade - Blog do Farn\u00e9sio\",\"isPartOf\":{\"@id\":\"https:\\\/\\\/blogdofarnesio.com.br\\\/#website\"},\"primaryImageOfPage\":{\"@id\":\"https:\\\/\\\/blogdofarnesio.com.br\\\/?p=305607#primaryimage\"},\"image\":{\"@id\":\"https:\\\/\\\/blogdofarnesio.com.br\\\/?p=305607#primaryimage\"},\"thumbnailUrl\":\"https:\\\/\\\/blogdofarnesio.com.br\\\/wp-content\\\/uploads\\\/2021\\\/07\\\/blogqspjua-coronavirus-ponto-teste-2-e1630005644865.jpeg\",\"datePublished\":\"2022-02-02T18:42:57+00:00\",\"breadcrumb\":{\"@id\":\"https:\\\/\\\/blogdofarnesio.com.br\\\/?p=305607#breadcrumb\"},\"inLanguage\":\"pt-BR\",\"potentialAction\":[{\"@type\":\"ReadAction\",\"target\":[\"https:\\\/\\\/blogdofarnesio.com.br\\\/?p=305607\"]}]},{\"@type\":\"ImageObject\",\"inLanguage\":\"pt-BR\",\"@id\":\"https:\\\/\\\/blogdofarnesio.com.br\\\/?p=305607#primaryimage\",\"url\":\"https:\\\/\\\/blogdofarnesio.com.br\\\/wp-content\\\/uploads\\\/2021\\\/07\\\/blogqspjua-coronavirus-ponto-teste-2-e1630005644865.jpeg\",\"contentUrl\":\"https:\\\/\\\/blogdofarnesio.com.br\\\/wp-content\\\/uploads\\\/2021\\\/07\\\/blogqspjua-coronavirus-ponto-teste-2-e1630005644865.jpeg\",\"width\":650,\"height\":433},{\"@type\":\"BreadcrumbList\",\"@id\":\"https:\\\/\\\/blogdofarnesio.com.br\\\/?p=305607#breadcrumb\",\"itemListElement\":[{\"@type\":\"ListItem\",\"position\":1,\"name\":\"In\u00edcio\",\"item\":\"https:\\\/\\\/blogdofarnesio.com.br\\\/\"},{\"@type\":\"ListItem\",\"position\":2,\"name\":\"Comit\u00ea Covid-19 de Juazeiro discute atual cen\u00e1rio epidemiol\u00f3gico com equipe t\u00e9cnica da Secretaria de Sa\u00fade\"}]},{\"@type\":\"WebSite\",\"@id\":\"https:\\\/\\\/blogdofarnesio.com.br\\\/#website\",\"url\":\"https:\\\/\\\/blogdofarnesio.com.br\\\/\",\"name\":\"Blog do Farn\u00e9sio\",\"description\":\"Quer Saber Pol\u00edtica?\",\"publisher\":{\"@id\":\"https:\\\/\\\/blogdofarnesio.com.br\\\/#organization\"},\"potentialAction\":[{\"@type\":\"SearchAction\",\"target\":{\"@type\":\"EntryPoint\",\"urlTemplate\":\"https:\\\/\\\/blogdofarnesio.com.br\\\/?s={search_term_string}\"},\"query-input\":{\"@type\":\"PropertyValueSpecification\",\"valueRequired\":true,\"valueName\":\"search_term_string\"}}],\"inLanguage\":\"pt-BR\"},{\"@type\":\"Organization\",\"@id\":\"https:\\\/\\\/blogdofarnesio.com.br\\\/#organization\",\"name\":\"Blog do Farn\u00e9sio\",\"url\":\"https:\\\/\\\/blogdofarnesio.com.br\\\/\",\"logo\":{\"@type\":\"ImageObject\",\"inLanguage\":\"pt-BR\",\"@id\":\"https:\\\/\\\/blogdofarnesio.com.br\\\/#\\\/schema\\\/logo\\\/image\\\/\",\"url\":\"https:\\\/\\\/blogdofarnesio.com.br\\\/wp-content\\\/uploads\\\/2026\\\/03\\\/cropped-logo_new-1.png\",\"contentUrl\":\"https:\\\/\\\/blogdofarnesio.com.br\\\/wp-content\\\/uploads\\\/2026\\\/03\\\/cropped-logo_new-1.png\",\"width\":881,\"height\":685,\"caption\":\"Blog do Farn\u00e9sio\"},\"image\":{\"@id\":\"https:\\\/\\\/blogdofarnesio.com.br\\\/#\\\/schema\\\/logo\\\/image\\\/\"},\"sameAs\":[\"https:\\\/\\\/www.facebook.com\\\/BlogQuerSaberPolitica\\\/\"]},{\"@type\":\"Person\",\"@id\":\"https:\\\/\\\/blogdofarnesio.com.br\\\/#\\\/schema\\\/person\\\/bb9b23ae3ad0609ce8df7b6c9e76824d\",\"name\":\"Farn\u00e9sio\",\"image\":{\"@type\":\"ImageObject\",\"inLanguage\":\"pt-BR\",\"@id\":\"https:\\\/\\\/secure.gravatar.com\\\/avatar\\\/986aa4c61ccdb66f8555bf88fc2a65609d00bcabd4d2d94377a727547345cbca?s=96&d=mm&r=g\",\"url\":\"https:\\\/\\\/secure.gravatar.com\\\/avatar\\\/986aa4c61ccdb66f8555bf88fc2a65609d00bcabd4d2d94377a727547345cbca?s=96&d=mm&r=g\",\"contentUrl\":\"https:\\\/\\\/secure.gravatar.com\\\/avatar\\\/986aa4c61ccdb66f8555bf88fc2a65609d00bcabd4d2d94377a727547345cbca?s=96&d=mm&r=g\",\"caption\":\"Farn\u00e9sio\"},\"description\":\"Radialista blogueiro, chegou a Petrolina\\\/Juazeiro em setembro de 1980, Farn\u00e9sio Silva \u00e9 de Arapiraca-Alagoas.\",\"sameAs\":[\"http:\\\/\\\/blogdofarnesio.com.br\",\"https:\\\/\\\/www.facebook.com\\\/?ref=tn_tnmn\",\"https:\\\/\\\/www.instagram.com\\\/?utm_source=pwa_homescreen\",\"https:\\\/\\\/youtube.com.br\\\/\"],\"url\":\"https:\\\/\\\/blogdofarnesio.com.br\\\/?author=2\"}]}<\/script>\n<!-- \/ Yoast SEO plugin. -->","yoast_head_json":{"title":"Comit\u00ea Covid-19 de Juazeiro discute atual cen\u00e1rio epidemiol\u00f3gico com equipe t\u00e9cnica da Secretaria de Sa\u00fade - Blog do Farn\u00e9sio","robots":{"index":"index","follow":"follow","max-snippet":"max-snippet:-1","max-image-preview":"max-image-preview:large","max-video-preview":"max-video-preview:-1"},"canonical":"https:\/\/blogdofarnesio.com.br\/?p=305607","og_locale":"pt_BR","og_type":"article","og_title":"Comit\u00ea Covid-19 de Juazeiro discute atual cen\u00e1rio epidemiol\u00f3gico com equipe t\u00e9cnica da Secretaria de Sa\u00fade - Blog do Farn\u00e9sio","og_description":"Nesta quarta-feira (2), a equipe t\u00e9cnica da Secretaria de Sa\u00fade de Juazeiro (Sesau) discutiu durante a reuni\u00e3o do Comit\u00ea Covid-19 o atual cen\u00e1rio da pandemia. A reuni\u00e3o, realizada desde o in\u00edcio de 2021, teve a participa\u00e7\u00e3o de representantes da sociedade civil, Conselho Municipal de Sa\u00fade e de secretarias da Prefeitura de Juazeiro. Foi apresentado aos participantes, o cen\u00e1rio epidemiol\u00f3gico no contexto da Covid-19 e das s\u00edndromes gripais pela Vigil\u00e2ncia em Sa\u00fade, como o n\u00famero de casos e \u00f3bitos por complica\u00e7\u00f5es da doen\u00e7a desde o in\u00edcio da pandemia at\u00e9 a quarta semana de 2022, al\u00e9m de ocupa\u00e7\u00e3o de leitos, n\u00famero de casos ativos, testagem para detec\u00e7\u00e3o da Covid-19, entre outros referentes \u00e0 pandemia. O Comit\u00ea da Covid-19 visa desenvolver as medidas&hellip;","og_url":"https:\/\/blogdofarnesio.com.br\/?p=305607","og_site_name":"Blog do Farn\u00e9sio","article_publisher":"https:\/\/www.facebook.com\/BlogQuerSaberPolitica\/","article_author":"https:\/\/www.facebook.com\/?ref=tn_tnmn","article_published_time":"2022-02-02T18:42:57+00:00","og_image":[{"width":650,"height":433,"url":"https:\/\/blogdofarnesio.com.br\/wp-content\/uploads\/2021\/07\/blogqspjua-coronavirus-ponto-teste-2-e1630005644865.jpeg","type":"image\/jpeg"}],"author":"Farn\u00e9sio","twitter_card":"summary_large_image","twitter_misc":{"Escrito por":"Farn\u00e9sio","Est. tempo de leitura":"2 minutos"},"schema":{"@context":"https:\/\/schema.org","@graph":[{"@type":"Article","@id":"https:\/\/blogdofarnesio.com.br\/?p=305607#article","isPartOf":{"@id":"https:\/\/blogdofarnesio.com.br\/?p=305607"},"author":{"name":"Farn\u00e9sio","@id":"https:\/\/blogdofarnesio.com.br\/#\/schema\/person\/bb9b23ae3ad0609ce8df7b6c9e76824d"},"headline":"Comit\u00ea Covid-19 de Juazeiro discute atual cen\u00e1rio epidemiol\u00f3gico com equipe t\u00e9cnica da Secretaria de Sa\u00fade","datePublished":"2022-02-02T18:42:57+00:00","mainEntityOfPage":{"@id":"https:\/\/blogdofarnesio.com.br\/?p=305607"},"wordCount":269,"commentCount":0,"publisher":{"@id":"https:\/\/blogdofarnesio.com.br\/#organization"},"image":{"@id":"https:\/\/blogdofarnesio.com.br\/?p=305607#primaryimage"},"thumbnailUrl":"https:\/\/blogdofarnesio.com.br\/wp-content\/uploads\/2021\/07\/blogqspjua-coronavirus-ponto-teste-2-e1630005644865.jpeg","articleSection":["Sa\u00fade"],"inLanguage":"pt-BR","potentialAction":[{"@type":"CommentAction","name":"Comment","target":["https:\/\/blogdofarnesio.com.br\/?p=305607#respond"]}]},{"@type":"WebPage","@id":"https:\/\/blogdofarnesio.com.br\/?p=305607","url":"https:\/\/blogdofarnesio.com.br\/?p=305607","name":"Comit\u00ea Covid-19 de Juazeiro discute atual cen\u00e1rio epidemiol\u00f3gico com equipe t\u00e9cnica da Secretaria de Sa\u00fade - Blog do Farn\u00e9sio","isPartOf":{"@id":"https:\/\/blogdofarnesio.com.br\/#website"},"primaryImageOfPage":{"@id":"https:\/\/blogdofarnesio.com.br\/?p=305607#primaryimage"},"image":{"@id":"https:\/\/blogdofarnesio.com.br\/?p=305607#primaryimage"},"thumbnailUrl":"https:\/\/blogdofarnesio.com.br\/wp-content\/uploads\/2021\/07\/blogqspjua-coronavirus-ponto-teste-2-e1630005644865.jpeg","datePublished":"2022-02-02T18:42:57+00:00","breadcrumb":{"@id":"https:\/\/blogdofarnesio.com.br\/?p=305607#breadcrumb"},"inLanguage":"pt-BR","potentialAction":[{"@type":"ReadAction","target":["https:\/\/blogdofarnesio.com.br\/?p=305607"]}]},{"@type":"ImageObject","inLanguage":"pt-BR","@id":"https:\/\/blogdofarnesio.com.br\/?p=305607#primaryimage","url":"https:\/\/blogdofarnesio.com.br\/wp-content\/uploads\/2021\/07\/blogqspjua-coronavirus-ponto-teste-2-e1630005644865.jpeg","contentUrl":"https:\/\/blogdofarnesio.com.br\/wp-content\/uploads\/2021\/07\/blogqspjua-coronavirus-ponto-teste-2-e1630005644865.jpeg","width":650,"height":433},{"@type":"BreadcrumbList","@id":"https:\/\/blogdofarnesio.com.br\/?p=305607#breadcrumb","itemListElement":[{"@type":"ListItem","position":1,"name":"In\u00edcio","item":"https:\/\/blogdofarnesio.com.br\/"},{"@type":"ListItem","position":2,"name":"Comit\u00ea Covid-19 de Juazeiro discute atual cen\u00e1rio epidemiol\u00f3gico com equipe t\u00e9cnica da Secretaria de Sa\u00fade"}]},{"@type":"WebSite","@id":"https:\/\/blogdofarnesio.com.br\/#website","url":"https:\/\/blogdofarnesio.com.br\/","name":"Blog do Farn\u00e9sio","description":"Quer Saber Pol\u00edtica?","publisher":{"@id":"https:\/\/blogdofarnesio.com.br\/#organization"},"potentialAction":[{"@type":"SearchAction","target":{"@type":"EntryPoint","urlTemplate":"https:\/\/blogdofarnesio.com.br\/?s={search_term_string}"},"query-input":{"@type":"PropertyValueSpecification","valueRequired":true,"valueName":"search_term_string"}}],"inLanguage":"pt-BR"},{"@type":"Organization","@id":"https:\/\/blogdofarnesio.com.br\/#organization","name":"Blog do Farn\u00e9sio","url":"https:\/\/blogdofarnesio.com.br\/","logo":{"@type":"ImageObject","inLanguage":"pt-BR","@id":"https:\/\/blogdofarnesio.com.br\/#\/schema\/logo\/image\/","url":"https:\/\/blogdofarnesio.com.br\/wp-content\/uploads\/2026\/03\/cropped-logo_new-1.png","contentUrl":"https:\/\/blogdofarnesio.com.br\/wp-content\/uploads\/2026\/03\/cropped-logo_new-1.png","width":881,"height":685,"caption":"Blog do Farn\u00e9sio"},"image":{"@id":"https:\/\/blogdofarnesio.com.br\/#\/schema\/logo\/image\/"},"sameAs":["https:\/\/www.facebook.com\/BlogQuerSaberPolitica\/"]},{"@type":"Person","@id":"https:\/\/blogdofarnesio.com.br\/#\/schema\/person\/bb9b23ae3ad0609ce8df7b6c9e76824d","name":"Farn\u00e9sio","image":{"@type":"ImageObject","inLanguage":"pt-BR","@id":"https:\/\/secure.gravatar.com\/avatar\/986aa4c61ccdb66f8555bf88fc2a65609d00bcabd4d2d94377a727547345cbca?s=96&d=mm&r=g","url":"https:\/\/secure.gravatar.com\/avatar\/986aa4c61ccdb66f8555bf88fc2a65609d00bcabd4d2d94377a727547345cbca?s=96&d=mm&r=g","contentUrl":"https:\/\/secure.gravatar.com\/avatar\/986aa4c61ccdb66f8555bf88fc2a65609d00bcabd4d2d94377a727547345cbca?s=96&d=mm&r=g","caption":"Farn\u00e9sio"},"description":"Radialista blogueiro, chegou a Petrolina\/Juazeiro em setembro de 1980, Farn\u00e9sio Silva \u00e9 de Arapiraca-Alagoas.","sameAs":["http:\/\/blogdofarnesio.com.br","https:\/\/www.facebook.com\/?ref=tn_tnmn","https:\/\/www.instagram.com\/?utm_source=pwa_homescreen","https:\/\/youtube.com.br\/"],"url":"https:\/\/blogdofarnesio.com.br\/?author=2"}]}},"_links":{"self":[{"href":"https:\/\/blogdofarnesio.com.br\/index.php?rest_route=\/wp\/v2\/posts\/305607","targetHints":{"allow":["GET"]}}],"collection":[{"href":"https:\/\/blogdofarnesio.com.br\/index.php?rest_route=\/wp\/v2\/posts"}],"about":[{"href":"https:\/\/blogdofarnesio.com.br\/index.php?rest_route=\/wp\/v2\/types\/post"}],"author":[{"embeddable":true,"href":"https:\/\/blogdofarnesio.com.br\/index.php?rest_route=\/wp\/v2\/users\/2"}],"replies":[{"embeddable":true,"href":"https:\/\/blogdofarnesio.com.br\/index.php?rest_route=%2Fwp%2Fv2%2Fcomments&post=305607"}],"version-history":[{"count":0,"href":"https:\/\/blogdofarnesio.com.br\/index.php?rest_route=\/wp\/v2\/posts\/305607\/revisions"}],"wp:featuredmedia":[{"embeddable":true,"href":"https:\/\/blogdofarnesio.com.br\/index.php?rest_route=\/wp\/v2\/media\/290459"}],"wp:attachment":[{"href":"https:\/\/blogdofarnesio.com.br\/index.php?rest_route=%2Fwp%2Fv2%2Fmedia&parent=305607"}],"wp:term":[{"taxonomy":"category","embeddable":true,"href":"https:\/\/blogdofarnesio.com.br\/index.php?rest_route=%2Fwp%2Fv2%2Fcategories&post=305607"},{"taxonomy":"post_tag","embeddable":true,"href":"https:\/\/blogdofarnesio.com.br\/index.php?rest_route=%2Fwp%2Fv2%2Ftags&post=305607"}],"curies":[{"name":"wp","href":"https:\/\/api.w.org\/{rel}","templated":true}]}}