{"id":305605,"date":"2022-02-02T15:22:54","date_gmt":"2022-02-02T18:22:54","guid":{"rendered":"https:\/\/blogdofarnesio.com.br\/?p=305605"},"modified":"2022-02-02T15:17:17","modified_gmt":"2022-02-02T18:17:17","slug":"aplb-sindicato-em-juazeiro-se-mostra-preocupada-com-retorno-as-aulas-presenciais-devido-aumento-nos-casos-de-covid-19","status":"publish","type":"post","link":"https:\/\/blogdofarnesio.com.br\/2022\/02\/aplb-sindicato-em-juazeiro-se-mostra-preocupada-com-retorno-as-aulas-presenciais-devido-aumento-nos-casos-de-covid-19\/","title":{"rendered":"APLB Sindicato em Juazeiro se mostra preocupada com retorno \u00e0s aulas presenciais devido aumento nos casos de Covid-19"},"content":{"rendered":"<p style=\"font-weight: 400;\">Preocupada com o aumento crescente de casos de Covid-19 e surto de gripe em Juazeiro e regi\u00e3o, a APLB Sindicato em Juazeiro faz um alerta \u00e0 Secretaria de Educa\u00e7\u00e3o e aos pais quanto ao retorno presencial das aulas tanto da rede p\u00fablica de ensino quanto da particular. A entidade acredita que \u00e9 de extrema import\u00e2ncia rediscutir a volta \u00e0s atividades escolares.<\/p>\n<p style=\"font-weight: 400;\">\u201cOs pais precisam estar atentos ao perigo das variantes, pois existe um surto de gripe se alastrando pela cidade e pelo mundo e precisamos ter muito cuidado com o retorno dos alunos \u00e0s escolas, mesmo com todos os cuidados de higiene e protocolos de seguran\u00e7a\u201d, ressalta Gilmar Nery, diretor da APLB Sindicato em Juazeiro.<\/p>\n<p style=\"font-weight: 400;\">A APLB lembra ainda que de acordo com os boletins epidemiol\u00f3gicos divulgados diariamente pela Secretaria de Sa\u00fade, h\u00e1 o registro de novos casos todos os dias, as mortes continuam acontecendo e as taxas de ocupa\u00e7\u00e3o hospital em Juazeiro est\u00e3o em 100%. Os dados s\u00e3o preocupantes e servem de alerta para que seja repensado o retorno das aulas, para que crian\u00e7as e adolescentes, bem como os trabalhadores da educa\u00e7\u00e3o n\u00e3o sejam expostos \u00e0 contamina\u00e7\u00e3o.<\/p>\n<p style=\"font-weight: 400;\">Menos de tr\u00eas meses atr\u00e1s pelo menos cinco escolas de Juazeiro apresentaram casos de Covid-19 entre alunos e funcion\u00e1rios e precisaram passar por desinfec\u00e7\u00e3o. As vacinas est\u00e3o sendo disponibilizadas, mas o sindicato acredita que ainda n\u00e3o \u00e9 a hora de relaxar a preocupa\u00e7\u00e3o diante da presen\u00e7a do v\u00edrus. Na cidade vizinha de Petrolina, por exemplo, os casos ultrapassaram a casa dos 300 di\u00e1rios e chegou ao patamar de 760 em um \u00fanico dia, maior n\u00famero registrado desde o in\u00edcio da pandemia.<\/p>\n<p style=\"font-weight: 400;\">\u201cObservamos um aumento gradativo da Covid-19 na regi\u00e3o e n\u00e3o podemos deixar de pensar que temos a obriga\u00e7\u00e3o de buscar nos proteger. Todos n\u00f3s estamos sujeitos aos v\u00edrus e posso citar o exemplo da pr\u00f3pria APLB que precisou retornar ao trabalho remoto porque h\u00e1 casos n\u00e3o s\u00f3 de funcion\u00e1rios como de familiares com Covid ou gripe. Temos que nos unirmos para evitar a prolifera\u00e7\u00e3o e, para isso, \u00e9 preciso realmente rediscutir esse retorno \u00e0s aulas de forma respons\u00e1vel pensando no bem de todos com preserva\u00e7\u00e3o da vida\u201d, conclui Gilmar Nery.<\/p>\n<p>Ascom-APLB<\/p>\n","protected":false},"excerpt":{"rendered":"<p>Preocupada com o aumento crescente de casos de Covid-19 e surto de gripe em Juazeiro e regi\u00e3o, a APLB Sindicato em Juazeiro faz um alerta \u00e0 Secretaria de Educa\u00e7\u00e3o e aos pais quanto ao retorno presencial das aulas tanto da rede p\u00fablica de ensino quanto da particular. A entidade acredita que \u00e9 de extrema import\u00e2ncia rediscutir a volta \u00e0s atividades escolares. \u201cOs pais precisam estar atentos ao perigo das variantes, pois existe um surto de gripe se alastrando pela cidade e pelo mundo e precisamos ter muito cuidado com o retorno dos alunos \u00e0s escolas, mesmo com todos os cuidados de higiene e protocolos de seguran\u00e7a\u201d, ressalta Gilmar Nery, diretor da APLB Sindicato em Juazeiro. A APLB lembra ainda que&hellip; <\/p>\n","protected":false},"author":2,"featured_media":298553,"comment_status":"open","ping_status":"open","sticky":false,"template":"","format":"standard","meta":{"_acf_changed":false,"footnotes":""},"categories":[6],"tags":[],"class_list":["post-305605","post","type-post","status-publish","format-standard","has-post-thumbnail","hentry","category-educacao"],"acf":[],"yoast_head":"<!-- This site is optimized with the Yoast SEO plugin v27.5 - https:\/\/yoast.com\/product\/yoast-seo-wordpress\/ -->\n<title>APLB Sindicato em Juazeiro se mostra preocupada com retorno \u00e0s aulas presenciais devido aumento nos casos de Covid-19 - Blog do Farn\u00e9sio<\/title>\n<meta name=\"robots\" content=\"index, follow, max-snippet:-1, max-image-preview:large, max-video-preview:-1\" \/>\n<link rel=\"canonical\" href=\"https:\/\/blogdofarnesio.com.br\/2022\/02\/aplb-sindicato-em-juazeiro-se-mostra-preocupada-com-retorno-as-aulas-presenciais-devido-aumento-nos-casos-de-covid-19\/\" \/>\n<meta property=\"og:locale\" content=\"pt_BR\" \/>\n<meta property=\"og:type\" content=\"article\" \/>\n<meta property=\"og:title\" content=\"APLB Sindicato em Juazeiro se mostra preocupada com retorno \u00e0s aulas presenciais devido aumento nos casos de Covid-19 - Blog do Farn\u00e9sio\" \/>\n<meta property=\"og:description\" content=\"Preocupada com o aumento crescente de casos de Covid-19 e surto de gripe em Juazeiro e regi\u00e3o, a APLB Sindicato em Juazeiro faz um alerta \u00e0 Secretaria de Educa\u00e7\u00e3o e aos pais quanto ao retorno presencial das aulas tanto da rede p\u00fablica de ensino quanto da particular. A entidade acredita que \u00e9 de extrema import\u00e2ncia rediscutir a volta \u00e0s atividades escolares. \u201cOs pais precisam estar atentos ao perigo das variantes, pois existe um surto de gripe se alastrando pela cidade e pelo mundo e precisamos ter muito cuidado com o retorno dos alunos \u00e0s escolas, mesmo com todos os cuidados de higiene e protocolos de seguran\u00e7a\u201d, ressalta Gilmar Nery, diretor da APLB Sindicato em Juazeiro. A APLB lembra ainda que&hellip;\" \/>\n<meta property=\"og:url\" content=\"https:\/\/blogdofarnesio.com.br\/2022\/02\/aplb-sindicato-em-juazeiro-se-mostra-preocupada-com-retorno-as-aulas-presenciais-devido-aumento-nos-casos-de-covid-19\/\" \/>\n<meta property=\"og:site_name\" content=\"Blog do Farn\u00e9sio\" \/>\n<meta property=\"article:publisher\" content=\"https:\/\/www.facebook.com\/BlogQuerSaberPolitica\/\" \/>\n<meta property=\"article:author\" content=\"https:\/\/www.facebook.com\/?ref=tn_tnmn\" \/>\n<meta property=\"article:published_time\" content=\"2022-02-02T18:22:54+00:00\" \/>\n<meta property=\"og:image\" content=\"https:\/\/blogdofarnesio.com.br\/wp-content\/uploads\/2021\/10\/blogqspVolta-as-aulas-Juazeiro-2-e1643825790509.jpeg\" \/>\n\t<meta property=\"og:image:width\" content=\"680\" \/>\n\t<meta property=\"og:image:height\" content=\"453\" \/>\n\t<meta property=\"og:image:type\" content=\"image\/jpeg\" \/>\n<meta name=\"author\" content=\"Farn\u00e9sio\" \/>\n<meta name=\"twitter:card\" content=\"summary_large_image\" \/>\n<meta name=\"twitter:label1\" content=\"Escrito por\" \/>\n\t<meta name=\"twitter:data1\" content=\"Farn\u00e9sio\" \/>\n\t<meta name=\"twitter:label2\" content=\"Est. tempo de leitura\" \/>\n\t<meta name=\"twitter:data2\" content=\"2 minutos\" \/>\n<script type=\"application\/ld+json\" class=\"yoast-schema-graph\">{\"@context\":\"https:\\\/\\\/schema.org\",\"@graph\":[{\"@type\":\"Article\",\"@id\":\"https:\\\/\\\/blogdofarnesio.com.br\\\/2022\\\/02\\\/aplb-sindicato-em-juazeiro-se-mostra-preocupada-com-retorno-as-aulas-presenciais-devido-aumento-nos-casos-de-covid-19\\\/#article\",\"isPartOf\":{\"@id\":\"https:\\\/\\\/blogdofarnesio.com.br\\\/2022\\\/02\\\/aplb-sindicato-em-juazeiro-se-mostra-preocupada-com-retorno-as-aulas-presenciais-devido-aumento-nos-casos-de-covid-19\\\/\"},\"author\":{\"name\":\"Farn\u00e9sio\",\"@id\":\"https:\\\/\\\/blogdofarnesio.com.br\\\/#\\\/schema\\\/person\\\/bb9b23ae3ad0609ce8df7b6c9e76824d\"},\"headline\":\"APLB Sindicato em Juazeiro se mostra preocupada com retorno \u00e0s aulas presenciais devido aumento nos casos de Covid-19\",\"datePublished\":\"2022-02-02T18:22:54+00:00\",\"mainEntityOfPage\":{\"@id\":\"https:\\\/\\\/blogdofarnesio.com.br\\\/2022\\\/02\\\/aplb-sindicato-em-juazeiro-se-mostra-preocupada-com-retorno-as-aulas-presenciais-devido-aumento-nos-casos-de-covid-19\\\/\"},\"wordCount\":407,\"commentCount\":0,\"publisher\":{\"@id\":\"https:\\\/\\\/blogdofarnesio.com.br\\\/#organization\"},\"image\":{\"@id\":\"https:\\\/\\\/blogdofarnesio.com.br\\\/2022\\\/02\\\/aplb-sindicato-em-juazeiro-se-mostra-preocupada-com-retorno-as-aulas-presenciais-devido-aumento-nos-casos-de-covid-19\\\/#primaryimage\"},\"thumbnailUrl\":\"https:\\\/\\\/blogdofarnesio.com.br\\\/wp-content\\\/uploads\\\/2021\\\/10\\\/blogqspVolta-as-aulas-Juazeiro-2-e1643825790509.jpeg\",\"articleSection\":[\"Educa\u00e7\u00e3o\"],\"inLanguage\":\"pt-BR\",\"potentialAction\":[{\"@type\":\"CommentAction\",\"name\":\"Comment\",\"target\":[\"https:\\\/\\\/blogdofarnesio.com.br\\\/2022\\\/02\\\/aplb-sindicato-em-juazeiro-se-mostra-preocupada-com-retorno-as-aulas-presenciais-devido-aumento-nos-casos-de-covid-19\\\/#respond\"]}]},{\"@type\":\"WebPage\",\"@id\":\"https:\\\/\\\/blogdofarnesio.com.br\\\/2022\\\/02\\\/aplb-sindicato-em-juazeiro-se-mostra-preocupada-com-retorno-as-aulas-presenciais-devido-aumento-nos-casos-de-covid-19\\\/\",\"url\":\"https:\\\/\\\/blogdofarnesio.com.br\\\/2022\\\/02\\\/aplb-sindicato-em-juazeiro-se-mostra-preocupada-com-retorno-as-aulas-presenciais-devido-aumento-nos-casos-de-covid-19\\\/\",\"name\":\"APLB Sindicato em Juazeiro se mostra preocupada com retorno \u00e0s aulas presenciais devido aumento nos casos de Covid-19 - Blog do Farn\u00e9sio\",\"isPartOf\":{\"@id\":\"https:\\\/\\\/blogdofarnesio.com.br\\\/#website\"},\"primaryImageOfPage\":{\"@id\":\"https:\\\/\\\/blogdofarnesio.com.br\\\/2022\\\/02\\\/aplb-sindicato-em-juazeiro-se-mostra-preocupada-com-retorno-as-aulas-presenciais-devido-aumento-nos-casos-de-covid-19\\\/#primaryimage\"},\"image\":{\"@id\":\"https:\\\/\\\/blogdofarnesio.com.br\\\/2022\\\/02\\\/aplb-sindicato-em-juazeiro-se-mostra-preocupada-com-retorno-as-aulas-presenciais-devido-aumento-nos-casos-de-covid-19\\\/#primaryimage\"},\"thumbnailUrl\":\"https:\\\/\\\/blogdofarnesio.com.br\\\/wp-content\\\/uploads\\\/2021\\\/10\\\/blogqspVolta-as-aulas-Juazeiro-2-e1643825790509.jpeg\",\"datePublished\":\"2022-02-02T18:22:54+00:00\",\"breadcrumb\":{\"@id\":\"https:\\\/\\\/blogdofarnesio.com.br\\\/2022\\\/02\\\/aplb-sindicato-em-juazeiro-se-mostra-preocupada-com-retorno-as-aulas-presenciais-devido-aumento-nos-casos-de-covid-19\\\/#breadcrumb\"},\"inLanguage\":\"pt-BR\",\"potentialAction\":[{\"@type\":\"ReadAction\",\"target\":[\"https:\\\/\\\/blogdofarnesio.com.br\\\/2022\\\/02\\\/aplb-sindicato-em-juazeiro-se-mostra-preocupada-com-retorno-as-aulas-presenciais-devido-aumento-nos-casos-de-covid-19\\\/\"]}]},{\"@type\":\"ImageObject\",\"inLanguage\":\"pt-BR\",\"@id\":\"https:\\\/\\\/blogdofarnesio.com.br\\\/2022\\\/02\\\/aplb-sindicato-em-juazeiro-se-mostra-preocupada-com-retorno-as-aulas-presenciais-devido-aumento-nos-casos-de-covid-19\\\/#primaryimage\",\"url\":\"https:\\\/\\\/blogdofarnesio.com.br\\\/wp-content\\\/uploads\\\/2021\\\/10\\\/blogqspVolta-as-aulas-Juazeiro-2-e1643825790509.jpeg\",\"contentUrl\":\"https:\\\/\\\/blogdofarnesio.com.br\\\/wp-content\\\/uploads\\\/2021\\\/10\\\/blogqspVolta-as-aulas-Juazeiro-2-e1643825790509.jpeg\",\"width\":680,\"height\":453},{\"@type\":\"BreadcrumbList\",\"@id\":\"https:\\\/\\\/blogdofarnesio.com.br\\\/2022\\\/02\\\/aplb-sindicato-em-juazeiro-se-mostra-preocupada-com-retorno-as-aulas-presenciais-devido-aumento-nos-casos-de-covid-19\\\/#breadcrumb\",\"itemListElement\":[{\"@type\":\"ListItem\",\"position\":1,\"name\":\"In\u00edcio\",\"item\":\"https:\\\/\\\/blogdofarnesio.com.br\\\/\"},{\"@type\":\"ListItem\",\"position\":2,\"name\":\"APLB Sindicato em Juazeiro se mostra preocupada com retorno \u00e0s aulas presenciais devido aumento nos casos de Covid-19\"}]},{\"@type\":\"WebSite\",\"@id\":\"https:\\\/\\\/blogdofarnesio.com.br\\\/#website\",\"url\":\"https:\\\/\\\/blogdofarnesio.com.br\\\/\",\"name\":\"Blog do Farn\u00e9sio\",\"description\":\"Quer Saber Pol\u00edtica?\",\"publisher\":{\"@id\":\"https:\\\/\\\/blogdofarnesio.com.br\\\/#organization\"},\"potentialAction\":[{\"@type\":\"SearchAction\",\"target\":{\"@type\":\"EntryPoint\",\"urlTemplate\":\"https:\\\/\\\/blogdofarnesio.com.br\\\/?s={search_term_string}\"},\"query-input\":{\"@type\":\"PropertyValueSpecification\",\"valueRequired\":true,\"valueName\":\"search_term_string\"}}],\"inLanguage\":\"pt-BR\"},{\"@type\":\"Organization\",\"@id\":\"https:\\\/\\\/blogdofarnesio.com.br\\\/#organization\",\"name\":\"Blog do Farn\u00e9sio\",\"url\":\"https:\\\/\\\/blogdofarnesio.com.br\\\/\",\"logo\":{\"@type\":\"ImageObject\",\"inLanguage\":\"pt-BR\",\"@id\":\"https:\\\/\\\/blogdofarnesio.com.br\\\/#\\\/schema\\\/logo\\\/image\\\/\",\"url\":\"https:\\\/\\\/blogdofarnesio.com.br\\\/wp-content\\\/uploads\\\/2026\\\/03\\\/cropped-logo_new-1.png\",\"contentUrl\":\"https:\\\/\\\/blogdofarnesio.com.br\\\/wp-content\\\/uploads\\\/2026\\\/03\\\/cropped-logo_new-1.png\",\"width\":881,\"height\":685,\"caption\":\"Blog do Farn\u00e9sio\"},\"image\":{\"@id\":\"https:\\\/\\\/blogdofarnesio.com.br\\\/#\\\/schema\\\/logo\\\/image\\\/\"},\"sameAs\":[\"https:\\\/\\\/www.facebook.com\\\/BlogQuerSaberPolitica\\\/\"]},{\"@type\":\"Person\",\"@id\":\"https:\\\/\\\/blogdofarnesio.com.br\\\/#\\\/schema\\\/person\\\/bb9b23ae3ad0609ce8df7b6c9e76824d\",\"name\":\"Farn\u00e9sio\",\"image\":{\"@type\":\"ImageObject\",\"inLanguage\":\"pt-BR\",\"@id\":\"https:\\\/\\\/secure.gravatar.com\\\/avatar\\\/986aa4c61ccdb66f8555bf88fc2a65609d00bcabd4d2d94377a727547345cbca?s=96&d=mm&r=g\",\"url\":\"https:\\\/\\\/secure.gravatar.com\\\/avatar\\\/986aa4c61ccdb66f8555bf88fc2a65609d00bcabd4d2d94377a727547345cbca?s=96&d=mm&r=g\",\"contentUrl\":\"https:\\\/\\\/secure.gravatar.com\\\/avatar\\\/986aa4c61ccdb66f8555bf88fc2a65609d00bcabd4d2d94377a727547345cbca?s=96&d=mm&r=g\",\"caption\":\"Farn\u00e9sio\"},\"description\":\"Radialista blogueiro, chegou a Petrolina\\\/Juazeiro em setembro de 1980, Farn\u00e9sio Silva \u00e9 de Arapiraca-Alagoas.\",\"sameAs\":[\"http:\\\/\\\/blogdofarnesio.com.br\",\"https:\\\/\\\/www.facebook.com\\\/?ref=tn_tnmn\",\"https:\\\/\\\/www.instagram.com\\\/?utm_source=pwa_homescreen\",\"https:\\\/\\\/youtube.com.br\\\/\"],\"url\":\"https:\\\/\\\/blogdofarnesio.com.br\\\/author\\\/farnesio-2\\\/\"}]}<\/script>\n<!-- \/ Yoast SEO plugin. -->","yoast_head_json":{"title":"APLB Sindicato em Juazeiro se mostra preocupada com retorno \u00e0s aulas presenciais devido aumento nos casos de Covid-19 - Blog do Farn\u00e9sio","robots":{"index":"index","follow":"follow","max-snippet":"max-snippet:-1","max-image-preview":"max-image-preview:large","max-video-preview":"max-video-preview:-1"},"canonical":"https:\/\/blogdofarnesio.com.br\/2022\/02\/aplb-sindicato-em-juazeiro-se-mostra-preocupada-com-retorno-as-aulas-presenciais-devido-aumento-nos-casos-de-covid-19\/","og_locale":"pt_BR","og_type":"article","og_title":"APLB Sindicato em Juazeiro se mostra preocupada com retorno \u00e0s aulas presenciais devido aumento nos casos de Covid-19 - Blog do Farn\u00e9sio","og_description":"Preocupada com o aumento crescente de casos de Covid-19 e surto de gripe em Juazeiro e regi\u00e3o, a APLB Sindicato em Juazeiro faz um alerta \u00e0 Secretaria de Educa\u00e7\u00e3o e aos pais quanto ao retorno presencial das aulas tanto da rede p\u00fablica de ensino quanto da particular. A entidade acredita que \u00e9 de extrema import\u00e2ncia rediscutir a volta \u00e0s atividades escolares. \u201cOs pais precisam estar atentos ao perigo das variantes, pois existe um surto de gripe se alastrando pela cidade e pelo mundo e precisamos ter muito cuidado com o retorno dos alunos \u00e0s escolas, mesmo com todos os cuidados de higiene e protocolos de seguran\u00e7a\u201d, ressalta Gilmar Nery, diretor da APLB Sindicato em Juazeiro. A APLB lembra ainda que&hellip;","og_url":"https:\/\/blogdofarnesio.com.br\/2022\/02\/aplb-sindicato-em-juazeiro-se-mostra-preocupada-com-retorno-as-aulas-presenciais-devido-aumento-nos-casos-de-covid-19\/","og_site_name":"Blog do Farn\u00e9sio","article_publisher":"https:\/\/www.facebook.com\/BlogQuerSaberPolitica\/","article_author":"https:\/\/www.facebook.com\/?ref=tn_tnmn","article_published_time":"2022-02-02T18:22:54+00:00","og_image":[{"width":680,"height":453,"url":"https:\/\/blogdofarnesio.com.br\/wp-content\/uploads\/2021\/10\/blogqspVolta-as-aulas-Juazeiro-2-e1643825790509.jpeg","type":"image\/jpeg"}],"author":"Farn\u00e9sio","twitter_card":"summary_large_image","twitter_misc":{"Escrito por":"Farn\u00e9sio","Est. tempo de leitura":"2 minutos"},"schema":{"@context":"https:\/\/schema.org","@graph":[{"@type":"Article","@id":"https:\/\/blogdofarnesio.com.br\/2022\/02\/aplb-sindicato-em-juazeiro-se-mostra-preocupada-com-retorno-as-aulas-presenciais-devido-aumento-nos-casos-de-covid-19\/#article","isPartOf":{"@id":"https:\/\/blogdofarnesio.com.br\/2022\/02\/aplb-sindicato-em-juazeiro-se-mostra-preocupada-com-retorno-as-aulas-presenciais-devido-aumento-nos-casos-de-covid-19\/"},"author":{"name":"Farn\u00e9sio","@id":"https:\/\/blogdofarnesio.com.br\/#\/schema\/person\/bb9b23ae3ad0609ce8df7b6c9e76824d"},"headline":"APLB Sindicato em Juazeiro se mostra preocupada com retorno \u00e0s aulas presenciais devido aumento nos casos de Covid-19","datePublished":"2022-02-02T18:22:54+00:00","mainEntityOfPage":{"@id":"https:\/\/blogdofarnesio.com.br\/2022\/02\/aplb-sindicato-em-juazeiro-se-mostra-preocupada-com-retorno-as-aulas-presenciais-devido-aumento-nos-casos-de-covid-19\/"},"wordCount":407,"commentCount":0,"publisher":{"@id":"https:\/\/blogdofarnesio.com.br\/#organization"},"image":{"@id":"https:\/\/blogdofarnesio.com.br\/2022\/02\/aplb-sindicato-em-juazeiro-se-mostra-preocupada-com-retorno-as-aulas-presenciais-devido-aumento-nos-casos-de-covid-19\/#primaryimage"},"thumbnailUrl":"https:\/\/blogdofarnesio.com.br\/wp-content\/uploads\/2021\/10\/blogqspVolta-as-aulas-Juazeiro-2-e1643825790509.jpeg","articleSection":["Educa\u00e7\u00e3o"],"inLanguage":"pt-BR","potentialAction":[{"@type":"CommentAction","name":"Comment","target":["https:\/\/blogdofarnesio.com.br\/2022\/02\/aplb-sindicato-em-juazeiro-se-mostra-preocupada-com-retorno-as-aulas-presenciais-devido-aumento-nos-casos-de-covid-19\/#respond"]}]},{"@type":"WebPage","@id":"https:\/\/blogdofarnesio.com.br\/2022\/02\/aplb-sindicato-em-juazeiro-se-mostra-preocupada-com-retorno-as-aulas-presenciais-devido-aumento-nos-casos-de-covid-19\/","url":"https:\/\/blogdofarnesio.com.br\/2022\/02\/aplb-sindicato-em-juazeiro-se-mostra-preocupada-com-retorno-as-aulas-presenciais-devido-aumento-nos-casos-de-covid-19\/","name":"APLB Sindicato em Juazeiro se mostra preocupada com retorno \u00e0s aulas presenciais devido aumento nos casos de Covid-19 - Blog do Farn\u00e9sio","isPartOf":{"@id":"https:\/\/blogdofarnesio.com.br\/#website"},"primaryImageOfPage":{"@id":"https:\/\/blogdofarnesio.com.br\/2022\/02\/aplb-sindicato-em-juazeiro-se-mostra-preocupada-com-retorno-as-aulas-presenciais-devido-aumento-nos-casos-de-covid-19\/#primaryimage"},"image":{"@id":"https:\/\/blogdofarnesio.com.br\/2022\/02\/aplb-sindicato-em-juazeiro-se-mostra-preocupada-com-retorno-as-aulas-presenciais-devido-aumento-nos-casos-de-covid-19\/#primaryimage"},"thumbnailUrl":"https:\/\/blogdofarnesio.com.br\/wp-content\/uploads\/2021\/10\/blogqspVolta-as-aulas-Juazeiro-2-e1643825790509.jpeg","datePublished":"2022-02-02T18:22:54+00:00","breadcrumb":{"@id":"https:\/\/blogdofarnesio.com.br\/2022\/02\/aplb-sindicato-em-juazeiro-se-mostra-preocupada-com-retorno-as-aulas-presenciais-devido-aumento-nos-casos-de-covid-19\/#breadcrumb"},"inLanguage":"pt-BR","potentialAction":[{"@type":"ReadAction","target":["https:\/\/blogdofarnesio.com.br\/2022\/02\/aplb-sindicato-em-juazeiro-se-mostra-preocupada-com-retorno-as-aulas-presenciais-devido-aumento-nos-casos-de-covid-19\/"]}]},{"@type":"ImageObject","inLanguage":"pt-BR","@id":"https:\/\/blogdofarnesio.com.br\/2022\/02\/aplb-sindicato-em-juazeiro-se-mostra-preocupada-com-retorno-as-aulas-presenciais-devido-aumento-nos-casos-de-covid-19\/#primaryimage","url":"https:\/\/blogdofarnesio.com.br\/wp-content\/uploads\/2021\/10\/blogqspVolta-as-aulas-Juazeiro-2-e1643825790509.jpeg","contentUrl":"https:\/\/blogdofarnesio.com.br\/wp-content\/uploads\/2021\/10\/blogqspVolta-as-aulas-Juazeiro-2-e1643825790509.jpeg","width":680,"height":453},{"@type":"BreadcrumbList","@id":"https:\/\/blogdofarnesio.com.br\/2022\/02\/aplb-sindicato-em-juazeiro-se-mostra-preocupada-com-retorno-as-aulas-presenciais-devido-aumento-nos-casos-de-covid-19\/#breadcrumb","itemListElement":[{"@type":"ListItem","position":1,"name":"In\u00edcio","item":"https:\/\/blogdofarnesio.com.br\/"},{"@type":"ListItem","position":2,"name":"APLB Sindicato em Juazeiro se mostra preocupada com retorno \u00e0s aulas presenciais devido aumento nos casos de Covid-19"}]},{"@type":"WebSite","@id":"https:\/\/blogdofarnesio.com.br\/#website","url":"https:\/\/blogdofarnesio.com.br\/","name":"Blog do Farn\u00e9sio","description":"Quer Saber Pol\u00edtica?","publisher":{"@id":"https:\/\/blogdofarnesio.com.br\/#organization"},"potentialAction":[{"@type":"SearchAction","target":{"@type":"EntryPoint","urlTemplate":"https:\/\/blogdofarnesio.com.br\/?s={search_term_string}"},"query-input":{"@type":"PropertyValueSpecification","valueRequired":true,"valueName":"search_term_string"}}],"inLanguage":"pt-BR"},{"@type":"Organization","@id":"https:\/\/blogdofarnesio.com.br\/#organization","name":"Blog do Farn\u00e9sio","url":"https:\/\/blogdofarnesio.com.br\/","logo":{"@type":"ImageObject","inLanguage":"pt-BR","@id":"https:\/\/blogdofarnesio.com.br\/#\/schema\/logo\/image\/","url":"https:\/\/blogdofarnesio.com.br\/wp-content\/uploads\/2026\/03\/cropped-logo_new-1.png","contentUrl":"https:\/\/blogdofarnesio.com.br\/wp-content\/uploads\/2026\/03\/cropped-logo_new-1.png","width":881,"height":685,"caption":"Blog do Farn\u00e9sio"},"image":{"@id":"https:\/\/blogdofarnesio.com.br\/#\/schema\/logo\/image\/"},"sameAs":["https:\/\/www.facebook.com\/BlogQuerSaberPolitica\/"]},{"@type":"Person","@id":"https:\/\/blogdofarnesio.com.br\/#\/schema\/person\/bb9b23ae3ad0609ce8df7b6c9e76824d","name":"Farn\u00e9sio","image":{"@type":"ImageObject","inLanguage":"pt-BR","@id":"https:\/\/secure.gravatar.com\/avatar\/986aa4c61ccdb66f8555bf88fc2a65609d00bcabd4d2d94377a727547345cbca?s=96&d=mm&r=g","url":"https:\/\/secure.gravatar.com\/avatar\/986aa4c61ccdb66f8555bf88fc2a65609d00bcabd4d2d94377a727547345cbca?s=96&d=mm&r=g","contentUrl":"https:\/\/secure.gravatar.com\/avatar\/986aa4c61ccdb66f8555bf88fc2a65609d00bcabd4d2d94377a727547345cbca?s=96&d=mm&r=g","caption":"Farn\u00e9sio"},"description":"Radialista blogueiro, chegou a Petrolina\/Juazeiro em setembro de 1980, Farn\u00e9sio Silva \u00e9 de Arapiraca-Alagoas.","sameAs":["http:\/\/blogdofarnesio.com.br","https:\/\/www.facebook.com\/?ref=tn_tnmn","https:\/\/www.instagram.com\/?utm_source=pwa_homescreen","https:\/\/youtube.com.br\/"],"url":"https:\/\/blogdofarnesio.com.br\/author\/farnesio-2\/"}]}},"_links":{"self":[{"href":"https:\/\/blogdofarnesio.com.br\/wp-json\/wp\/v2\/posts\/305605","targetHints":{"allow":["GET"]}}],"collection":[{"href":"https:\/\/blogdofarnesio.com.br\/wp-json\/wp\/v2\/posts"}],"about":[{"href":"https:\/\/blogdofarnesio.com.br\/wp-json\/wp\/v2\/types\/post"}],"author":[{"embeddable":true,"href":"https:\/\/blogdofarnesio.com.br\/wp-json\/wp\/v2\/users\/2"}],"replies":[{"embeddable":true,"href":"https:\/\/blogdofarnesio.com.br\/wp-json\/wp\/v2\/comments?post=305605"}],"version-history":[{"count":0,"href":"https:\/\/blogdofarnesio.com.br\/wp-json\/wp\/v2\/posts\/305605\/revisions"}],"wp:featuredmedia":[{"embeddable":true,"href":"https:\/\/blogdofarnesio.com.br\/wp-json\/wp\/v2\/media\/298553"}],"wp:attachment":[{"href":"https:\/\/blogdofarnesio.com.br\/wp-json\/wp\/v2\/media?parent=305605"}],"wp:term":[{"taxonomy":"category","embeddable":true,"href":"https:\/\/blogdofarnesio.com.br\/wp-json\/wp\/v2\/categories?post=305605"},{"taxonomy":"post_tag","embeddable":true,"href":"https:\/\/blogdofarnesio.com.br\/wp-json\/wp\/v2\/tags?post=305605"}],"curies":[{"name":"wp","href":"https:\/\/api.w.org\/{rel}","templated":true}]}}