{"id":305562,"date":"2022-02-02T08:22:08","date_gmt":"2022-02-02T11:22:08","guid":{"rendered":"https:\/\/blogdofarnesio.com.br\/?p=305562"},"modified":"2022-02-02T08:19:44","modified_gmt":"2022-02-02T11:19:44","slug":"bn-seculos-maioria-da-populacao-de-uaua-aprova-gestao-do-prefeito-marcos-lobo","status":"publish","type":"post","link":"https:\/\/blogdofarnesio.com.br\/?p=305562","title":{"rendered":"BN\/S\u00e9culos: Maioria da popula\u00e7\u00e3o de Uau\u00e1 aprova gest\u00e3o do prefeito Marcos Lobo"},"content":{"rendered":"<div class=\"box-title\">\n<p>por Vitor Castro\/BN &#8211;<\/p>\n<\/div>\n<div class=\"box-body\" data-io-article-url=\"https:\/\/www.bahianoticias.com.br\/\">\n<div class=\"text-descricao\">\n<p>Uma pesquisa encomendada pelo Bahia Not\u00edcias e realizada pelo instituto S\u00e9culos revelou uma avalia\u00e7\u00e3o positiva da gest\u00e3o do atual prefeito da cidade de Uau\u00e1, no Sert\u00e3o do S\u00e3o Francisco. Dentre as 437 pessoas entrevistadas entre os dias 27 e 28 de janeiro, 27,46% consideraram a administra\u00e7\u00e3o de Marcos Lobo (PDT) &#8216;boa&#8217;.<\/p>\n<p>Outros 14,77% acham que o prefeito fez uma &#8216;\u00f3tima&#8217; gest\u00e3o. Os mun\u00edcipes que consideram a gest\u00e3o regular durante este primeiro ano de mandato somam 29,75%. De acordo com o instituto, a pesquisa tem um intervalo de confian\u00e7a de 95% e conta com uma margem de erro m\u00e1xima estimada \u00e9 de 3,5 pontos percentuais para mais ou para menos.<\/p>\n<p><img loading=\"lazy\" decoding=\"async\" class=\"aligncenter\" src=\"https:\/\/www.bahianoticias.com.br\/fotos\/principal_noticias\/265771\/mg\/BN%20S%C3%89CULOS.png\" alt=\"\" width=\"602\" height=\"387\" \/><br \/>\n<em>Foto:<\/em>\u00a0<em>BN \/ S\u00e9culos\u00a0<\/em><\/p>\n<p>De todos os entrevistados que somavam idades dos 16 a 65 anos, 60,64% aprovaram a gest\u00e3o do prefeito. Outros 30,89% disseram n\u00e3o aprovar a administra\u00e7\u00e3o. 13,73% dos entrevistados consideraram a gest\u00e3o de Lobo ruim. P\u00e9ssima foram 10,76% dos entrevistados. Do total, 3,43% preferiram n\u00e3o opinar.<\/p>\n<p>Ao longo dos dias de aplica\u00e7\u00e3o da pesquisa, foram ouvidos moradores da sede do munic\u00edpio, e das regi\u00f5es do Caldeir\u00e3o do Almeida, S\u00e3o Paulo, Lagoa do Pires, Santana, Serra da Canabrava, S\u00edtio do Tom\u00e1s, Caldeir\u00e3o da Serra, Po\u00e7o do Vieira e Caracat\u00e1.<\/p>\n<p><img loading=\"lazy\" decoding=\"async\" class=\"aligncenter\" src=\"https:\/\/www.bahianoticias.com.br\/fotos\/principal_noticias\/265771\/mg\/BN%20S%C3%89CULOS%202.png\" alt=\"\" width=\"557\" height=\"354\" \/><\/p>\n<p><em>Foto: Bahia Not\u00edcias \/ S\u00e9culos\u00a0<\/em><\/p>\n<p>A pesquisa tamb\u00e9m perguntou aos moradores de Uau\u00e1 qual avalia\u00e7\u00e3o eles faziam da gest\u00e3o do prefeito diante do enfrentamento da pandemia da Covid-19. Na cidade, 58,35% dos entrevistados disseram que as decis\u00f5es do prefeito podem ser consideradas \u00f3timas. J\u00e1 20,59% consideraram que o gestor poderia ter adotado uma postura mais r\u00edgida no enfrentamento ao v\u00edrus.<\/p>\n<p><img loading=\"lazy\" decoding=\"async\" class=\"aligncenter\" src=\"https:\/\/www.bahianoticias.com.br\/fotos\/principal_noticias\/265771\/mg\/BN%20S%C3%89CULOS%203.png\" alt=\"\" width=\"588\" height=\"367\" \/><\/p>\n<p><em>Foto: Bahia Not\u00edcias \/ S\u00e9culos\u00a0<\/em><\/p>\n<\/div>\n<\/div>\n","protected":false},"excerpt":{"rendered":"<p>por Vitor Castro\/BN &#8211; Uma pesquisa encomendada pelo Bahia Not\u00edcias e realizada pelo instituto S\u00e9culos revelou uma avalia\u00e7\u00e3o positiva da gest\u00e3o do atual prefeito da cidade de Uau\u00e1, no Sert\u00e3o do S\u00e3o Francisco. Dentre as 437 pessoas entrevistadas entre os dias 27 e 28 de janeiro, 27,46% consideraram a administra\u00e7\u00e3o de Marcos Lobo (PDT) &#8216;boa&#8217;. Outros 14,77% acham que o prefeito fez uma &#8216;\u00f3tima&#8217; gest\u00e3o. Os mun\u00edcipes que consideram a gest\u00e3o regular durante este primeiro ano de mandato somam 29,75%. De acordo com o instituto, a pesquisa tem um intervalo de confian\u00e7a de 95% e conta com uma margem de erro m\u00e1xima estimada \u00e9 de 3,5 pontos percentuais para mais ou para menos. Foto:\u00a0BN \/ S\u00e9culos\u00a0 De todos os entrevistados&hellip; <\/p>\n","protected":false},"author":2,"featured_media":208052,"comment_status":"open","ping_status":"open","sticky":false,"template":"","format":"standard","meta":{"_acf_changed":false,"footnotes":""},"categories":[27],"tags":[],"class_list":["post-305562","post","type-post","status-publish","format-standard","has-post-thumbnail","hentry","category-cidades"],"acf":[],"yoast_head":"<!-- This site is optimized with the Yoast SEO plugin v27.4 - https:\/\/yoast.com\/product\/yoast-seo-wordpress\/ -->\n<title>BN\/S\u00e9culos: Maioria da popula\u00e7\u00e3o de Uau\u00e1 aprova gest\u00e3o do prefeito Marcos Lobo - Blog do Farn\u00e9sio<\/title>\n<meta name=\"robots\" content=\"index, follow, max-snippet:-1, max-image-preview:large, max-video-preview:-1\" \/>\n<link rel=\"canonical\" href=\"https:\/\/blogdofarnesio.com.br\/?p=305562\" \/>\n<meta property=\"og:locale\" content=\"pt_BR\" \/>\n<meta property=\"og:type\" content=\"article\" \/>\n<meta property=\"og:title\" content=\"BN\/S\u00e9culos: Maioria da popula\u00e7\u00e3o de Uau\u00e1 aprova gest\u00e3o do prefeito Marcos Lobo - Blog do Farn\u00e9sio\" \/>\n<meta property=\"og:description\" content=\"por Vitor Castro\/BN &#8211; Uma pesquisa encomendada pelo Bahia Not\u00edcias e realizada pelo instituto S\u00e9culos revelou uma avalia\u00e7\u00e3o positiva da gest\u00e3o do atual prefeito da cidade de Uau\u00e1, no Sert\u00e3o do S\u00e3o Francisco. Dentre as 437 pessoas entrevistadas entre os dias 27 e 28 de janeiro, 27,46% consideraram a administra\u00e7\u00e3o de Marcos Lobo (PDT) &#8216;boa&#8217;. Outros 14,77% acham que o prefeito fez uma &#8216;\u00f3tima&#8217; gest\u00e3o. Os mun\u00edcipes que consideram a gest\u00e3o regular durante este primeiro ano de mandato somam 29,75%. De acordo com o instituto, a pesquisa tem um intervalo de confian\u00e7a de 95% e conta com uma margem de erro m\u00e1xima estimada \u00e9 de 3,5 pontos percentuais para mais ou para menos. Foto:\u00a0BN \/ S\u00e9culos\u00a0 De todos os entrevistados&hellip;\" \/>\n<meta property=\"og:url\" content=\"https:\/\/blogdofarnesio.com.br\/?p=305562\" \/>\n<meta property=\"og:site_name\" content=\"Blog do Farn\u00e9sio\" \/>\n<meta property=\"article:publisher\" content=\"https:\/\/www.facebook.com\/BlogQuerSaberPolitica\/\" \/>\n<meta property=\"article:author\" content=\"https:\/\/www.facebook.com\/?ref=tn_tnmn\" \/>\n<meta property=\"article:published_time\" content=\"2022-02-02T11:22:08+00:00\" \/>\n<meta property=\"og:image\" content=\"https:\/\/blogdofarnesio.com.br\/wp-content\/uploads\/2018\/09\/blogqspuaua-panoramica.jpg\" \/>\n\t<meta property=\"og:image:width\" content=\"380\" \/>\n\t<meta property=\"og:image:height\" content=\"280\" \/>\n\t<meta property=\"og:image:type\" content=\"image\/jpeg\" \/>\n<meta name=\"author\" content=\"Farn\u00e9sio\" \/>\n<meta name=\"twitter:card\" content=\"summary_large_image\" \/>\n<meta name=\"twitter:label1\" content=\"Escrito por\" \/>\n\t<meta name=\"twitter:data1\" content=\"Farn\u00e9sio\" \/>\n\t<meta name=\"twitter:label2\" content=\"Est. tempo de leitura\" \/>\n\t<meta name=\"twitter:data2\" content=\"3 minutos\" \/>\n<script type=\"application\/ld+json\" class=\"yoast-schema-graph\">{\"@context\":\"https:\\\/\\\/schema.org\",\"@graph\":[{\"@type\":\"Article\",\"@id\":\"https:\\\/\\\/blogdofarnesio.com.br\\\/?p=305562#article\",\"isPartOf\":{\"@id\":\"https:\\\/\\\/blogdofarnesio.com.br\\\/?p=305562\"},\"author\":{\"name\":\"Farn\u00e9sio\",\"@id\":\"https:\\\/\\\/blogdofarnesio.com.br\\\/#\\\/schema\\\/person\\\/bb9b23ae3ad0609ce8df7b6c9e76824d\"},\"headline\":\"BN\\\/S\u00e9culos: Maioria da popula\u00e7\u00e3o de Uau\u00e1 aprova gest\u00e3o do prefeito Marcos Lobo\",\"datePublished\":\"2022-02-02T11:22:08+00:00\",\"mainEntityOfPage\":{\"@id\":\"https:\\\/\\\/blogdofarnesio.com.br\\\/?p=305562\"},\"wordCount\":303,\"commentCount\":0,\"publisher\":{\"@id\":\"https:\\\/\\\/blogdofarnesio.com.br\\\/#organization\"},\"image\":{\"@id\":\"https:\\\/\\\/blogdofarnesio.com.br\\\/?p=305562#primaryimage\"},\"thumbnailUrl\":\"https:\\\/\\\/blogdofarnesio.com.br\\\/wp-content\\\/uploads\\\/2018\\\/09\\\/blogqspuaua-panoramica.jpg\",\"articleSection\":[\"Cidades\"],\"inLanguage\":\"pt-BR\",\"potentialAction\":[{\"@type\":\"CommentAction\",\"name\":\"Comment\",\"target\":[\"https:\\\/\\\/blogdofarnesio.com.br\\\/?p=305562#respond\"]}]},{\"@type\":\"WebPage\",\"@id\":\"https:\\\/\\\/blogdofarnesio.com.br\\\/?p=305562\",\"url\":\"https:\\\/\\\/blogdofarnesio.com.br\\\/?p=305562\",\"name\":\"BN\\\/S\u00e9culos: Maioria da popula\u00e7\u00e3o de Uau\u00e1 aprova gest\u00e3o do prefeito Marcos Lobo - Blog do Farn\u00e9sio\",\"isPartOf\":{\"@id\":\"https:\\\/\\\/blogdofarnesio.com.br\\\/#website\"},\"primaryImageOfPage\":{\"@id\":\"https:\\\/\\\/blogdofarnesio.com.br\\\/?p=305562#primaryimage\"},\"image\":{\"@id\":\"https:\\\/\\\/blogdofarnesio.com.br\\\/?p=305562#primaryimage\"},\"thumbnailUrl\":\"https:\\\/\\\/blogdofarnesio.com.br\\\/wp-content\\\/uploads\\\/2018\\\/09\\\/blogqspuaua-panoramica.jpg\",\"datePublished\":\"2022-02-02T11:22:08+00:00\",\"breadcrumb\":{\"@id\":\"https:\\\/\\\/blogdofarnesio.com.br\\\/?p=305562#breadcrumb\"},\"inLanguage\":\"pt-BR\",\"potentialAction\":[{\"@type\":\"ReadAction\",\"target\":[\"https:\\\/\\\/blogdofarnesio.com.br\\\/?p=305562\"]}]},{\"@type\":\"ImageObject\",\"inLanguage\":\"pt-BR\",\"@id\":\"https:\\\/\\\/blogdofarnesio.com.br\\\/?p=305562#primaryimage\",\"url\":\"https:\\\/\\\/blogdofarnesio.com.br\\\/wp-content\\\/uploads\\\/2018\\\/09\\\/blogqspuaua-panoramica.jpg\",\"contentUrl\":\"https:\\\/\\\/blogdofarnesio.com.br\\\/wp-content\\\/uploads\\\/2018\\\/09\\\/blogqspuaua-panoramica.jpg\",\"width\":380,\"height\":280},{\"@type\":\"BreadcrumbList\",\"@id\":\"https:\\\/\\\/blogdofarnesio.com.br\\\/?p=305562#breadcrumb\",\"itemListElement\":[{\"@type\":\"ListItem\",\"position\":1,\"name\":\"In\u00edcio\",\"item\":\"https:\\\/\\\/blogdofarnesio.com.br\\\/\"},{\"@type\":\"ListItem\",\"position\":2,\"name\":\"BN\\\/S\u00e9culos: Maioria da popula\u00e7\u00e3o de Uau\u00e1 aprova gest\u00e3o do prefeito Marcos Lobo\"}]},{\"@type\":\"WebSite\",\"@id\":\"https:\\\/\\\/blogdofarnesio.com.br\\\/#website\",\"url\":\"https:\\\/\\\/blogdofarnesio.com.br\\\/\",\"name\":\"Blog do Farn\u00e9sio\",\"description\":\"Quer Saber Pol\u00edtica?\",\"publisher\":{\"@id\":\"https:\\\/\\\/blogdofarnesio.com.br\\\/#organization\"},\"potentialAction\":[{\"@type\":\"SearchAction\",\"target\":{\"@type\":\"EntryPoint\",\"urlTemplate\":\"https:\\\/\\\/blogdofarnesio.com.br\\\/?s={search_term_string}\"},\"query-input\":{\"@type\":\"PropertyValueSpecification\",\"valueRequired\":true,\"valueName\":\"search_term_string\"}}],\"inLanguage\":\"pt-BR\"},{\"@type\":\"Organization\",\"@id\":\"https:\\\/\\\/blogdofarnesio.com.br\\\/#organization\",\"name\":\"Blog do Farn\u00e9sio\",\"url\":\"https:\\\/\\\/blogdofarnesio.com.br\\\/\",\"logo\":{\"@type\":\"ImageObject\",\"inLanguage\":\"pt-BR\",\"@id\":\"https:\\\/\\\/blogdofarnesio.com.br\\\/#\\\/schema\\\/logo\\\/image\\\/\",\"url\":\"https:\\\/\\\/blogdofarnesio.com.br\\\/wp-content\\\/uploads\\\/2026\\\/03\\\/cropped-logo_new-1.png\",\"contentUrl\":\"https:\\\/\\\/blogdofarnesio.com.br\\\/wp-content\\\/uploads\\\/2026\\\/03\\\/cropped-logo_new-1.png\",\"width\":881,\"height\":685,\"caption\":\"Blog do Farn\u00e9sio\"},\"image\":{\"@id\":\"https:\\\/\\\/blogdofarnesio.com.br\\\/#\\\/schema\\\/logo\\\/image\\\/\"},\"sameAs\":[\"https:\\\/\\\/www.facebook.com\\\/BlogQuerSaberPolitica\\\/\"]},{\"@type\":\"Person\",\"@id\":\"https:\\\/\\\/blogdofarnesio.com.br\\\/#\\\/schema\\\/person\\\/bb9b23ae3ad0609ce8df7b6c9e76824d\",\"name\":\"Farn\u00e9sio\",\"image\":{\"@type\":\"ImageObject\",\"inLanguage\":\"pt-BR\",\"@id\":\"https:\\\/\\\/secure.gravatar.com\\\/avatar\\\/986aa4c61ccdb66f8555bf88fc2a65609d00bcabd4d2d94377a727547345cbca?s=96&d=mm&r=g\",\"url\":\"https:\\\/\\\/secure.gravatar.com\\\/avatar\\\/986aa4c61ccdb66f8555bf88fc2a65609d00bcabd4d2d94377a727547345cbca?s=96&d=mm&r=g\",\"contentUrl\":\"https:\\\/\\\/secure.gravatar.com\\\/avatar\\\/986aa4c61ccdb66f8555bf88fc2a65609d00bcabd4d2d94377a727547345cbca?s=96&d=mm&r=g\",\"caption\":\"Farn\u00e9sio\"},\"description\":\"Radialista blogueiro, chegou a Petrolina\\\/Juazeiro em setembro de 1980, Farn\u00e9sio Silva \u00e9 de Arapiraca-Alagoas.\",\"sameAs\":[\"http:\\\/\\\/blogdofarnesio.com.br\",\"https:\\\/\\\/www.facebook.com\\\/?ref=tn_tnmn\",\"https:\\\/\\\/www.instagram.com\\\/?utm_source=pwa_homescreen\",\"https:\\\/\\\/youtube.com.br\\\/\"],\"url\":\"https:\\\/\\\/blogdofarnesio.com.br\\\/?author=2\"}]}<\/script>\n<!-- \/ Yoast SEO plugin. -->","yoast_head_json":{"title":"BN\/S\u00e9culos: Maioria da popula\u00e7\u00e3o de Uau\u00e1 aprova gest\u00e3o do prefeito Marcos Lobo - Blog do Farn\u00e9sio","robots":{"index":"index","follow":"follow","max-snippet":"max-snippet:-1","max-image-preview":"max-image-preview:large","max-video-preview":"max-video-preview:-1"},"canonical":"https:\/\/blogdofarnesio.com.br\/?p=305562","og_locale":"pt_BR","og_type":"article","og_title":"BN\/S\u00e9culos: Maioria da popula\u00e7\u00e3o de Uau\u00e1 aprova gest\u00e3o do prefeito Marcos Lobo - Blog do Farn\u00e9sio","og_description":"por Vitor Castro\/BN &#8211; Uma pesquisa encomendada pelo Bahia Not\u00edcias e realizada pelo instituto S\u00e9culos revelou uma avalia\u00e7\u00e3o positiva da gest\u00e3o do atual prefeito da cidade de Uau\u00e1, no Sert\u00e3o do S\u00e3o Francisco. Dentre as 437 pessoas entrevistadas entre os dias 27 e 28 de janeiro, 27,46% consideraram a administra\u00e7\u00e3o de Marcos Lobo (PDT) &#8216;boa&#8217;. Outros 14,77% acham que o prefeito fez uma &#8216;\u00f3tima&#8217; gest\u00e3o. Os mun\u00edcipes que consideram a gest\u00e3o regular durante este primeiro ano de mandato somam 29,75%. De acordo com o instituto, a pesquisa tem um intervalo de confian\u00e7a de 95% e conta com uma margem de erro m\u00e1xima estimada \u00e9 de 3,5 pontos percentuais para mais ou para menos. Foto:\u00a0BN \/ S\u00e9culos\u00a0 De todos os entrevistados&hellip;","og_url":"https:\/\/blogdofarnesio.com.br\/?p=305562","og_site_name":"Blog do Farn\u00e9sio","article_publisher":"https:\/\/www.facebook.com\/BlogQuerSaberPolitica\/","article_author":"https:\/\/www.facebook.com\/?ref=tn_tnmn","article_published_time":"2022-02-02T11:22:08+00:00","og_image":[{"width":380,"height":280,"url":"https:\/\/blogdofarnesio.com.br\/wp-content\/uploads\/2018\/09\/blogqspuaua-panoramica.jpg","type":"image\/jpeg"}],"author":"Farn\u00e9sio","twitter_card":"summary_large_image","twitter_misc":{"Escrito por":"Farn\u00e9sio","Est. tempo de leitura":"3 minutos"},"schema":{"@context":"https:\/\/schema.org","@graph":[{"@type":"Article","@id":"https:\/\/blogdofarnesio.com.br\/?p=305562#article","isPartOf":{"@id":"https:\/\/blogdofarnesio.com.br\/?p=305562"},"author":{"name":"Farn\u00e9sio","@id":"https:\/\/blogdofarnesio.com.br\/#\/schema\/person\/bb9b23ae3ad0609ce8df7b6c9e76824d"},"headline":"BN\/S\u00e9culos: Maioria da popula\u00e7\u00e3o de Uau\u00e1 aprova gest\u00e3o do prefeito Marcos Lobo","datePublished":"2022-02-02T11:22:08+00:00","mainEntityOfPage":{"@id":"https:\/\/blogdofarnesio.com.br\/?p=305562"},"wordCount":303,"commentCount":0,"publisher":{"@id":"https:\/\/blogdofarnesio.com.br\/#organization"},"image":{"@id":"https:\/\/blogdofarnesio.com.br\/?p=305562#primaryimage"},"thumbnailUrl":"https:\/\/blogdofarnesio.com.br\/wp-content\/uploads\/2018\/09\/blogqspuaua-panoramica.jpg","articleSection":["Cidades"],"inLanguage":"pt-BR","potentialAction":[{"@type":"CommentAction","name":"Comment","target":["https:\/\/blogdofarnesio.com.br\/?p=305562#respond"]}]},{"@type":"WebPage","@id":"https:\/\/blogdofarnesio.com.br\/?p=305562","url":"https:\/\/blogdofarnesio.com.br\/?p=305562","name":"BN\/S\u00e9culos: Maioria da popula\u00e7\u00e3o de Uau\u00e1 aprova gest\u00e3o do prefeito Marcos Lobo - Blog do Farn\u00e9sio","isPartOf":{"@id":"https:\/\/blogdofarnesio.com.br\/#website"},"primaryImageOfPage":{"@id":"https:\/\/blogdofarnesio.com.br\/?p=305562#primaryimage"},"image":{"@id":"https:\/\/blogdofarnesio.com.br\/?p=305562#primaryimage"},"thumbnailUrl":"https:\/\/blogdofarnesio.com.br\/wp-content\/uploads\/2018\/09\/blogqspuaua-panoramica.jpg","datePublished":"2022-02-02T11:22:08+00:00","breadcrumb":{"@id":"https:\/\/blogdofarnesio.com.br\/?p=305562#breadcrumb"},"inLanguage":"pt-BR","potentialAction":[{"@type":"ReadAction","target":["https:\/\/blogdofarnesio.com.br\/?p=305562"]}]},{"@type":"ImageObject","inLanguage":"pt-BR","@id":"https:\/\/blogdofarnesio.com.br\/?p=305562#primaryimage","url":"https:\/\/blogdofarnesio.com.br\/wp-content\/uploads\/2018\/09\/blogqspuaua-panoramica.jpg","contentUrl":"https:\/\/blogdofarnesio.com.br\/wp-content\/uploads\/2018\/09\/blogqspuaua-panoramica.jpg","width":380,"height":280},{"@type":"BreadcrumbList","@id":"https:\/\/blogdofarnesio.com.br\/?p=305562#breadcrumb","itemListElement":[{"@type":"ListItem","position":1,"name":"In\u00edcio","item":"https:\/\/blogdofarnesio.com.br\/"},{"@type":"ListItem","position":2,"name":"BN\/S\u00e9culos: Maioria da popula\u00e7\u00e3o de Uau\u00e1 aprova gest\u00e3o do prefeito Marcos Lobo"}]},{"@type":"WebSite","@id":"https:\/\/blogdofarnesio.com.br\/#website","url":"https:\/\/blogdofarnesio.com.br\/","name":"Blog do Farn\u00e9sio","description":"Quer Saber Pol\u00edtica?","publisher":{"@id":"https:\/\/blogdofarnesio.com.br\/#organization"},"potentialAction":[{"@type":"SearchAction","target":{"@type":"EntryPoint","urlTemplate":"https:\/\/blogdofarnesio.com.br\/?s={search_term_string}"},"query-input":{"@type":"PropertyValueSpecification","valueRequired":true,"valueName":"search_term_string"}}],"inLanguage":"pt-BR"},{"@type":"Organization","@id":"https:\/\/blogdofarnesio.com.br\/#organization","name":"Blog do Farn\u00e9sio","url":"https:\/\/blogdofarnesio.com.br\/","logo":{"@type":"ImageObject","inLanguage":"pt-BR","@id":"https:\/\/blogdofarnesio.com.br\/#\/schema\/logo\/image\/","url":"https:\/\/blogdofarnesio.com.br\/wp-content\/uploads\/2026\/03\/cropped-logo_new-1.png","contentUrl":"https:\/\/blogdofarnesio.com.br\/wp-content\/uploads\/2026\/03\/cropped-logo_new-1.png","width":881,"height":685,"caption":"Blog do Farn\u00e9sio"},"image":{"@id":"https:\/\/blogdofarnesio.com.br\/#\/schema\/logo\/image\/"},"sameAs":["https:\/\/www.facebook.com\/BlogQuerSaberPolitica\/"]},{"@type":"Person","@id":"https:\/\/blogdofarnesio.com.br\/#\/schema\/person\/bb9b23ae3ad0609ce8df7b6c9e76824d","name":"Farn\u00e9sio","image":{"@type":"ImageObject","inLanguage":"pt-BR","@id":"https:\/\/secure.gravatar.com\/avatar\/986aa4c61ccdb66f8555bf88fc2a65609d00bcabd4d2d94377a727547345cbca?s=96&d=mm&r=g","url":"https:\/\/secure.gravatar.com\/avatar\/986aa4c61ccdb66f8555bf88fc2a65609d00bcabd4d2d94377a727547345cbca?s=96&d=mm&r=g","contentUrl":"https:\/\/secure.gravatar.com\/avatar\/986aa4c61ccdb66f8555bf88fc2a65609d00bcabd4d2d94377a727547345cbca?s=96&d=mm&r=g","caption":"Farn\u00e9sio"},"description":"Radialista blogueiro, chegou a Petrolina\/Juazeiro em setembro de 1980, Farn\u00e9sio Silva \u00e9 de Arapiraca-Alagoas.","sameAs":["http:\/\/blogdofarnesio.com.br","https:\/\/www.facebook.com\/?ref=tn_tnmn","https:\/\/www.instagram.com\/?utm_source=pwa_homescreen","https:\/\/youtube.com.br\/"],"url":"https:\/\/blogdofarnesio.com.br\/?author=2"}]}},"_links":{"self":[{"href":"https:\/\/blogdofarnesio.com.br\/index.php?rest_route=\/wp\/v2\/posts\/305562","targetHints":{"allow":["GET"]}}],"collection":[{"href":"https:\/\/blogdofarnesio.com.br\/index.php?rest_route=\/wp\/v2\/posts"}],"about":[{"href":"https:\/\/blogdofarnesio.com.br\/index.php?rest_route=\/wp\/v2\/types\/post"}],"author":[{"embeddable":true,"href":"https:\/\/blogdofarnesio.com.br\/index.php?rest_route=\/wp\/v2\/users\/2"}],"replies":[{"embeddable":true,"href":"https:\/\/blogdofarnesio.com.br\/index.php?rest_route=%2Fwp%2Fv2%2Fcomments&post=305562"}],"version-history":[{"count":0,"href":"https:\/\/blogdofarnesio.com.br\/index.php?rest_route=\/wp\/v2\/posts\/305562\/revisions"}],"wp:featuredmedia":[{"embeddable":true,"href":"https:\/\/blogdofarnesio.com.br\/index.php?rest_route=\/wp\/v2\/media\/208052"}],"wp:attachment":[{"href":"https:\/\/blogdofarnesio.com.br\/index.php?rest_route=%2Fwp%2Fv2%2Fmedia&parent=305562"}],"wp:term":[{"taxonomy":"category","embeddable":true,"href":"https:\/\/blogdofarnesio.com.br\/index.php?rest_route=%2Fwp%2Fv2%2Fcategories&post=305562"},{"taxonomy":"post_tag","embeddable":true,"href":"https:\/\/blogdofarnesio.com.br\/index.php?rest_route=%2Fwp%2Fv2%2Ftags&post=305562"}],"curies":[{"name":"wp","href":"https:\/\/api.w.org\/{rel}","templated":true}]}}