{"id":305463,"date":"2022-02-02T16:23:53","date_gmt":"2022-02-02T19:23:53","guid":{"rendered":"https:\/\/blogdofarnesio.com.br\/?p=305463"},"modified":"2022-02-02T15:24:19","modified_gmt":"2022-02-02T18:24:19","slug":"escolas-municipais-rubem-amorim-e-walter-gil-estao-com-70-das-obras-de-reforma-e-ampliacao-concluidas","status":"publish","type":"post","link":"https:\/\/blogdofarnesio.com.br\/?p=305463","title":{"rendered":"Escolas Municipais Rubem Amorim e Walter Gil est\u00e3o com 70% das obras de reforma e amplia\u00e7\u00e3o conclu\u00eddas"},"content":{"rendered":"<p style=\"font-weight: 400;\">Para garantir a qualidade do ensino ofertado nas escolas da rede municipal, a Prefeitura de Petrolina tem investido de modo significativo em todas as condi\u00e7\u00f5es necess\u00e1rias para o pleno desenvolvimento do aluno. Assim, dentro do planejamento estrat\u00e9gico da gest\u00e3o, as obras de reforma e amplia\u00e7\u00e3o das Escolas Municipais Walter Gil, no bairro Mandacaru, e Rubem Amorim Ara\u00fajo, no Bairro Vila Imbiras, seguem em ritmo acelerado e dentro de poucos meses j\u00e1 estar\u00e3o prontas para a inaugura\u00e7\u00e3o.<\/p>\n<p style=\"font-weight: 400;\">Com 70% das obras conclu\u00eddas, os equipamentos, antes deteriorados pelas a\u00e7\u00f5es do tempo, agora est\u00e3o ficando totalmente adequados e prontos para beneficiar os estudantes. O pr\u00e9dio da Escola Rubem Amorim Ara\u00fajo, est\u00e1 sendo totalmente reconstru\u00eddo. O investimento foi de mais de R$ 1 milh\u00e3o com recursos pr\u00f3prios. No local, est\u00e3o sendo finalizadas novas salas, biblioteca, um espa\u00e7o para atendimento educacional especializado, climatiza\u00e7\u00e3o de todas as salas de aula, al\u00e9m da amplia\u00e7\u00e3o da Secretaria, p\u00e1tio e banheiros, tudo isso adaptado \u00e0s normas de acessibilidade para pessoas com defici\u00eancia ou mobilidade reduzida.<\/p>\n<p style=\"font-weight: 400;\">Enquanto na Escola Professor Walter Gil, o trabalho segue a todo vapor na conclus\u00e3o da troca de revestimentos, instala\u00e7\u00f5es el\u00e9tricas e hidrossanit\u00e1rias, climatiza\u00e7\u00e3o total da unidade, al\u00e9m de um refor\u00e7o estrutural no pr\u00e9dio, num investimento de mais de R$1,4 milh\u00e3o, tamb\u00e9m com recursos pr\u00f3prios.<\/p>\n<p style=\"font-weight: 400;\">\u201c<em>Investir na educa\u00e7\u00e3o \u00e9 investir na transforma\u00e7\u00e3o de vida de toda comunidade escolar. Por isso, o prefeito Miguel Coelho, atrav\u00e9s da sua for\u00e7a pol\u00edtica, tem revitalizado as Unidades Educacionais com o objetivo principal de oferecer um espa\u00e7o adequado, como todo conforto e seguran\u00e7a para nossos alunos, pais e profissionais da educa\u00e7\u00e3o<\/em>\u201d, finalizou o secret\u00e1rio de Educa\u00e7\u00e3o, Cultura e Esportes, Pl\u00ednio Amorim.<\/p>\n<p style=\"font-weight: 400;\">\u00a0Fotos: Deivid Menezes<\/p>\n<p style=\"font-weight: 400;\">Elaine Barbosa &#8211; Assessora de Imprensa da Secretaria de Educa\u00e7\u00e3o, Cultura e Esportes.<\/p>\n","protected":false},"excerpt":{"rendered":"<p>Para garantir a qualidade do ensino ofertado nas escolas da rede municipal, a Prefeitura de Petrolina tem investido de modo significativo em todas as condi\u00e7\u00f5es necess\u00e1rias para o pleno desenvolvimento do aluno. Assim, dentro do planejamento estrat\u00e9gico da gest\u00e3o, as obras de reforma e amplia\u00e7\u00e3o das Escolas Municipais Walter Gil, no bairro Mandacaru, e Rubem Amorim Ara\u00fajo, no Bairro Vila Imbiras, seguem em ritmo acelerado e dentro de poucos meses j\u00e1 estar\u00e3o prontas para a inaugura\u00e7\u00e3o. Com 70% das obras conclu\u00eddas, os equipamentos, antes deteriorados pelas a\u00e7\u00f5es do tempo, agora est\u00e3o ficando totalmente adequados e prontos para beneficiar os estudantes. O pr\u00e9dio da Escola Rubem Amorim Ara\u00fajo, est\u00e1 sendo totalmente reconstru\u00eddo. O investimento foi de mais de R$ 1 milh\u00e3o&hellip; <\/p>\n","protected":false},"author":2,"featured_media":305464,"comment_status":"open","ping_status":"open","sticky":false,"template":"","format":"standard","meta":{"_acf_changed":false,"footnotes":""},"categories":[44],"tags":[],"class_list":["post-305463","post","type-post","status-publish","format-standard","has-post-thumbnail","hentry","category-administracao"],"acf":[],"yoast_head":"<!-- This site is optimized with the Yoast SEO plugin v27.4 - https:\/\/yoast.com\/product\/yoast-seo-wordpress\/ -->\n<title>Escolas Municipais Rubem Amorim e Walter Gil est\u00e3o com 70% das obras de reforma e amplia\u00e7\u00e3o conclu\u00eddas - Blog do Farn\u00e9sio<\/title>\n<meta name=\"robots\" content=\"index, follow, max-snippet:-1, max-image-preview:large, max-video-preview:-1\" \/>\n<link rel=\"canonical\" href=\"https:\/\/blogdofarnesio.com.br\/?p=305463\" \/>\n<meta property=\"og:locale\" content=\"pt_BR\" \/>\n<meta property=\"og:type\" content=\"article\" \/>\n<meta property=\"og:title\" content=\"Escolas Municipais Rubem Amorim e Walter Gil est\u00e3o com 70% das obras de reforma e amplia\u00e7\u00e3o conclu\u00eddas - Blog do Farn\u00e9sio\" \/>\n<meta property=\"og:description\" content=\"Para garantir a qualidade do ensino ofertado nas escolas da rede municipal, a Prefeitura de Petrolina tem investido de modo significativo em todas as condi\u00e7\u00f5es necess\u00e1rias para o pleno desenvolvimento do aluno. Assim, dentro do planejamento estrat\u00e9gico da gest\u00e3o, as obras de reforma e amplia\u00e7\u00e3o das Escolas Municipais Walter Gil, no bairro Mandacaru, e Rubem Amorim Ara\u00fajo, no Bairro Vila Imbiras, seguem em ritmo acelerado e dentro de poucos meses j\u00e1 estar\u00e3o prontas para a inaugura\u00e7\u00e3o. Com 70% das obras conclu\u00eddas, os equipamentos, antes deteriorados pelas a\u00e7\u00f5es do tempo, agora est\u00e3o ficando totalmente adequados e prontos para beneficiar os estudantes. O pr\u00e9dio da Escola Rubem Amorim Ara\u00fajo, est\u00e1 sendo totalmente reconstru\u00eddo. O investimento foi de mais de R$ 1 milh\u00e3o&hellip;\" \/>\n<meta property=\"og:url\" content=\"https:\/\/blogdofarnesio.com.br\/?p=305463\" \/>\n<meta property=\"og:site_name\" content=\"Blog do Farn\u00e9sio\" \/>\n<meta property=\"article:publisher\" content=\"https:\/\/www.facebook.com\/BlogQuerSaberPolitica\/\" \/>\n<meta property=\"article:author\" content=\"https:\/\/www.facebook.com\/?ref=tn_tnmn\" \/>\n<meta property=\"article:published_time\" content=\"2022-02-02T19:23:53+00:00\" \/>\n<meta property=\"og:image\" content=\"https:\/\/blogdofarnesio.com.br\/wp-content\/uploads\/2022\/01\/blogqsppet-escola-Walter-Gil1-e1643663898357.jpeg\" \/>\n\t<meta property=\"og:image:width\" content=\"599\" \/>\n\t<meta property=\"og:image:height\" content=\"399\" \/>\n\t<meta property=\"og:image:type\" content=\"image\/jpeg\" \/>\n<meta name=\"author\" content=\"Farn\u00e9sio\" \/>\n<meta name=\"twitter:card\" content=\"summary_large_image\" \/>\n<meta name=\"twitter:label1\" content=\"Escrito por\" \/>\n\t<meta name=\"twitter:data1\" content=\"Farn\u00e9sio\" \/>\n\t<meta name=\"twitter:label2\" content=\"Est. tempo de leitura\" \/>\n\t<meta name=\"twitter:data2\" content=\"2 minutos\" \/>\n<script type=\"application\/ld+json\" class=\"yoast-schema-graph\">{\"@context\":\"https:\\\/\\\/schema.org\",\"@graph\":[{\"@type\":\"Article\",\"@id\":\"https:\\\/\\\/blogdofarnesio.com.br\\\/?p=305463#article\",\"isPartOf\":{\"@id\":\"https:\\\/\\\/blogdofarnesio.com.br\\\/?p=305463\"},\"author\":{\"name\":\"Farn\u00e9sio\",\"@id\":\"https:\\\/\\\/blogdofarnesio.com.br\\\/#\\\/schema\\\/person\\\/bb9b23ae3ad0609ce8df7b6c9e76824d\"},\"headline\":\"Escolas Municipais Rubem Amorim e Walter Gil est\u00e3o com 70% das obras de reforma e amplia\u00e7\u00e3o conclu\u00eddas\",\"datePublished\":\"2022-02-02T19:23:53+00:00\",\"mainEntityOfPage\":{\"@id\":\"https:\\\/\\\/blogdofarnesio.com.br\\\/?p=305463\"},\"wordCount\":349,\"commentCount\":0,\"publisher\":{\"@id\":\"https:\\\/\\\/blogdofarnesio.com.br\\\/#organization\"},\"image\":{\"@id\":\"https:\\\/\\\/blogdofarnesio.com.br\\\/?p=305463#primaryimage\"},\"thumbnailUrl\":\"https:\\\/\\\/blogdofarnesio.com.br\\\/wp-content\\\/uploads\\\/2022\\\/01\\\/blogqsppet-escola-Walter-Gil1-e1643663898357.jpeg\",\"articleSection\":[\"Administra\u00e7\u00e3o\"],\"inLanguage\":\"pt-BR\",\"potentialAction\":[{\"@type\":\"CommentAction\",\"name\":\"Comment\",\"target\":[\"https:\\\/\\\/blogdofarnesio.com.br\\\/?p=305463#respond\"]}]},{\"@type\":\"WebPage\",\"@id\":\"https:\\\/\\\/blogdofarnesio.com.br\\\/?p=305463\",\"url\":\"https:\\\/\\\/blogdofarnesio.com.br\\\/?p=305463\",\"name\":\"Escolas Municipais Rubem Amorim e Walter Gil est\u00e3o com 70% das obras de reforma e amplia\u00e7\u00e3o conclu\u00eddas - Blog do Farn\u00e9sio\",\"isPartOf\":{\"@id\":\"https:\\\/\\\/blogdofarnesio.com.br\\\/#website\"},\"primaryImageOfPage\":{\"@id\":\"https:\\\/\\\/blogdofarnesio.com.br\\\/?p=305463#primaryimage\"},\"image\":{\"@id\":\"https:\\\/\\\/blogdofarnesio.com.br\\\/?p=305463#primaryimage\"},\"thumbnailUrl\":\"https:\\\/\\\/blogdofarnesio.com.br\\\/wp-content\\\/uploads\\\/2022\\\/01\\\/blogqsppet-escola-Walter-Gil1-e1643663898357.jpeg\",\"datePublished\":\"2022-02-02T19:23:53+00:00\",\"breadcrumb\":{\"@id\":\"https:\\\/\\\/blogdofarnesio.com.br\\\/?p=305463#breadcrumb\"},\"inLanguage\":\"pt-BR\",\"potentialAction\":[{\"@type\":\"ReadAction\",\"target\":[\"https:\\\/\\\/blogdofarnesio.com.br\\\/?p=305463\"]}]},{\"@type\":\"ImageObject\",\"inLanguage\":\"pt-BR\",\"@id\":\"https:\\\/\\\/blogdofarnesio.com.br\\\/?p=305463#primaryimage\",\"url\":\"https:\\\/\\\/blogdofarnesio.com.br\\\/wp-content\\\/uploads\\\/2022\\\/01\\\/blogqsppet-escola-Walter-Gil1-e1643663898357.jpeg\",\"contentUrl\":\"https:\\\/\\\/blogdofarnesio.com.br\\\/wp-content\\\/uploads\\\/2022\\\/01\\\/blogqsppet-escola-Walter-Gil1-e1643663898357.jpeg\",\"width\":599,\"height\":399},{\"@type\":\"BreadcrumbList\",\"@id\":\"https:\\\/\\\/blogdofarnesio.com.br\\\/?p=305463#breadcrumb\",\"itemListElement\":[{\"@type\":\"ListItem\",\"position\":1,\"name\":\"In\u00edcio\",\"item\":\"https:\\\/\\\/blogdofarnesio.com.br\\\/\"},{\"@type\":\"ListItem\",\"position\":2,\"name\":\"Escolas Municipais Rubem Amorim e Walter Gil est\u00e3o com 70% das obras de reforma e amplia\u00e7\u00e3o conclu\u00eddas\"}]},{\"@type\":\"WebSite\",\"@id\":\"https:\\\/\\\/blogdofarnesio.com.br\\\/#website\",\"url\":\"https:\\\/\\\/blogdofarnesio.com.br\\\/\",\"name\":\"Blog do Farn\u00e9sio\",\"description\":\"Quer Saber Pol\u00edtica?\",\"publisher\":{\"@id\":\"https:\\\/\\\/blogdofarnesio.com.br\\\/#organization\"},\"potentialAction\":[{\"@type\":\"SearchAction\",\"target\":{\"@type\":\"EntryPoint\",\"urlTemplate\":\"https:\\\/\\\/blogdofarnesio.com.br\\\/?s={search_term_string}\"},\"query-input\":{\"@type\":\"PropertyValueSpecification\",\"valueRequired\":true,\"valueName\":\"search_term_string\"}}],\"inLanguage\":\"pt-BR\"},{\"@type\":\"Organization\",\"@id\":\"https:\\\/\\\/blogdofarnesio.com.br\\\/#organization\",\"name\":\"Blog do Farn\u00e9sio\",\"url\":\"https:\\\/\\\/blogdofarnesio.com.br\\\/\",\"logo\":{\"@type\":\"ImageObject\",\"inLanguage\":\"pt-BR\",\"@id\":\"https:\\\/\\\/blogdofarnesio.com.br\\\/#\\\/schema\\\/logo\\\/image\\\/\",\"url\":\"https:\\\/\\\/blogdofarnesio.com.br\\\/wp-content\\\/uploads\\\/2026\\\/03\\\/cropped-logo_new-1.png\",\"contentUrl\":\"https:\\\/\\\/blogdofarnesio.com.br\\\/wp-content\\\/uploads\\\/2026\\\/03\\\/cropped-logo_new-1.png\",\"width\":881,\"height\":685,\"caption\":\"Blog do Farn\u00e9sio\"},\"image\":{\"@id\":\"https:\\\/\\\/blogdofarnesio.com.br\\\/#\\\/schema\\\/logo\\\/image\\\/\"},\"sameAs\":[\"https:\\\/\\\/www.facebook.com\\\/BlogQuerSaberPolitica\\\/\"]},{\"@type\":\"Person\",\"@id\":\"https:\\\/\\\/blogdofarnesio.com.br\\\/#\\\/schema\\\/person\\\/bb9b23ae3ad0609ce8df7b6c9e76824d\",\"name\":\"Farn\u00e9sio\",\"image\":{\"@type\":\"ImageObject\",\"inLanguage\":\"pt-BR\",\"@id\":\"https:\\\/\\\/secure.gravatar.com\\\/avatar\\\/986aa4c61ccdb66f8555bf88fc2a65609d00bcabd4d2d94377a727547345cbca?s=96&d=mm&r=g\",\"url\":\"https:\\\/\\\/secure.gravatar.com\\\/avatar\\\/986aa4c61ccdb66f8555bf88fc2a65609d00bcabd4d2d94377a727547345cbca?s=96&d=mm&r=g\",\"contentUrl\":\"https:\\\/\\\/secure.gravatar.com\\\/avatar\\\/986aa4c61ccdb66f8555bf88fc2a65609d00bcabd4d2d94377a727547345cbca?s=96&d=mm&r=g\",\"caption\":\"Farn\u00e9sio\"},\"description\":\"Radialista blogueiro, chegou a Petrolina\\\/Juazeiro em setembro de 1980, Farn\u00e9sio Silva \u00e9 de Arapiraca-Alagoas.\",\"sameAs\":[\"http:\\\/\\\/blogdofarnesio.com.br\",\"https:\\\/\\\/www.facebook.com\\\/?ref=tn_tnmn\",\"https:\\\/\\\/www.instagram.com\\\/?utm_source=pwa_homescreen\",\"https:\\\/\\\/youtube.com.br\\\/\"],\"url\":\"https:\\\/\\\/blogdofarnesio.com.br\\\/?author=2\"}]}<\/script>\n<!-- \/ Yoast SEO plugin. -->","yoast_head_json":{"title":"Escolas Municipais Rubem Amorim e Walter Gil est\u00e3o com 70% das obras de reforma e amplia\u00e7\u00e3o conclu\u00eddas - Blog do Farn\u00e9sio","robots":{"index":"index","follow":"follow","max-snippet":"max-snippet:-1","max-image-preview":"max-image-preview:large","max-video-preview":"max-video-preview:-1"},"canonical":"https:\/\/blogdofarnesio.com.br\/?p=305463","og_locale":"pt_BR","og_type":"article","og_title":"Escolas Municipais Rubem Amorim e Walter Gil est\u00e3o com 70% das obras de reforma e amplia\u00e7\u00e3o conclu\u00eddas - Blog do Farn\u00e9sio","og_description":"Para garantir a qualidade do ensino ofertado nas escolas da rede municipal, a Prefeitura de Petrolina tem investido de modo significativo em todas as condi\u00e7\u00f5es necess\u00e1rias para o pleno desenvolvimento do aluno. Assim, dentro do planejamento estrat\u00e9gico da gest\u00e3o, as obras de reforma e amplia\u00e7\u00e3o das Escolas Municipais Walter Gil, no bairro Mandacaru, e Rubem Amorim Ara\u00fajo, no Bairro Vila Imbiras, seguem em ritmo acelerado e dentro de poucos meses j\u00e1 estar\u00e3o prontas para a inaugura\u00e7\u00e3o. Com 70% das obras conclu\u00eddas, os equipamentos, antes deteriorados pelas a\u00e7\u00f5es do tempo, agora est\u00e3o ficando totalmente adequados e prontos para beneficiar os estudantes. O pr\u00e9dio da Escola Rubem Amorim Ara\u00fajo, est\u00e1 sendo totalmente reconstru\u00eddo. O investimento foi de mais de R$ 1 milh\u00e3o&hellip;","og_url":"https:\/\/blogdofarnesio.com.br\/?p=305463","og_site_name":"Blog do Farn\u00e9sio","article_publisher":"https:\/\/www.facebook.com\/BlogQuerSaberPolitica\/","article_author":"https:\/\/www.facebook.com\/?ref=tn_tnmn","article_published_time":"2022-02-02T19:23:53+00:00","og_image":[{"width":599,"height":399,"url":"https:\/\/blogdofarnesio.com.br\/wp-content\/uploads\/2022\/01\/blogqsppet-escola-Walter-Gil1-e1643663898357.jpeg","type":"image\/jpeg"}],"author":"Farn\u00e9sio","twitter_card":"summary_large_image","twitter_misc":{"Escrito por":"Farn\u00e9sio","Est. tempo de leitura":"2 minutos"},"schema":{"@context":"https:\/\/schema.org","@graph":[{"@type":"Article","@id":"https:\/\/blogdofarnesio.com.br\/?p=305463#article","isPartOf":{"@id":"https:\/\/blogdofarnesio.com.br\/?p=305463"},"author":{"name":"Farn\u00e9sio","@id":"https:\/\/blogdofarnesio.com.br\/#\/schema\/person\/bb9b23ae3ad0609ce8df7b6c9e76824d"},"headline":"Escolas Municipais Rubem Amorim e Walter Gil est\u00e3o com 70% das obras de reforma e amplia\u00e7\u00e3o conclu\u00eddas","datePublished":"2022-02-02T19:23:53+00:00","mainEntityOfPage":{"@id":"https:\/\/blogdofarnesio.com.br\/?p=305463"},"wordCount":349,"commentCount":0,"publisher":{"@id":"https:\/\/blogdofarnesio.com.br\/#organization"},"image":{"@id":"https:\/\/blogdofarnesio.com.br\/?p=305463#primaryimage"},"thumbnailUrl":"https:\/\/blogdofarnesio.com.br\/wp-content\/uploads\/2022\/01\/blogqsppet-escola-Walter-Gil1-e1643663898357.jpeg","articleSection":["Administra\u00e7\u00e3o"],"inLanguage":"pt-BR","potentialAction":[{"@type":"CommentAction","name":"Comment","target":["https:\/\/blogdofarnesio.com.br\/?p=305463#respond"]}]},{"@type":"WebPage","@id":"https:\/\/blogdofarnesio.com.br\/?p=305463","url":"https:\/\/blogdofarnesio.com.br\/?p=305463","name":"Escolas Municipais Rubem Amorim e Walter Gil est\u00e3o com 70% das obras de reforma e amplia\u00e7\u00e3o conclu\u00eddas - Blog do Farn\u00e9sio","isPartOf":{"@id":"https:\/\/blogdofarnesio.com.br\/#website"},"primaryImageOfPage":{"@id":"https:\/\/blogdofarnesio.com.br\/?p=305463#primaryimage"},"image":{"@id":"https:\/\/blogdofarnesio.com.br\/?p=305463#primaryimage"},"thumbnailUrl":"https:\/\/blogdofarnesio.com.br\/wp-content\/uploads\/2022\/01\/blogqsppet-escola-Walter-Gil1-e1643663898357.jpeg","datePublished":"2022-02-02T19:23:53+00:00","breadcrumb":{"@id":"https:\/\/blogdofarnesio.com.br\/?p=305463#breadcrumb"},"inLanguage":"pt-BR","potentialAction":[{"@type":"ReadAction","target":["https:\/\/blogdofarnesio.com.br\/?p=305463"]}]},{"@type":"ImageObject","inLanguage":"pt-BR","@id":"https:\/\/blogdofarnesio.com.br\/?p=305463#primaryimage","url":"https:\/\/blogdofarnesio.com.br\/wp-content\/uploads\/2022\/01\/blogqsppet-escola-Walter-Gil1-e1643663898357.jpeg","contentUrl":"https:\/\/blogdofarnesio.com.br\/wp-content\/uploads\/2022\/01\/blogqsppet-escola-Walter-Gil1-e1643663898357.jpeg","width":599,"height":399},{"@type":"BreadcrumbList","@id":"https:\/\/blogdofarnesio.com.br\/?p=305463#breadcrumb","itemListElement":[{"@type":"ListItem","position":1,"name":"In\u00edcio","item":"https:\/\/blogdofarnesio.com.br\/"},{"@type":"ListItem","position":2,"name":"Escolas Municipais Rubem Amorim e Walter Gil est\u00e3o com 70% das obras de reforma e amplia\u00e7\u00e3o conclu\u00eddas"}]},{"@type":"WebSite","@id":"https:\/\/blogdofarnesio.com.br\/#website","url":"https:\/\/blogdofarnesio.com.br\/","name":"Blog do Farn\u00e9sio","description":"Quer Saber Pol\u00edtica?","publisher":{"@id":"https:\/\/blogdofarnesio.com.br\/#organization"},"potentialAction":[{"@type":"SearchAction","target":{"@type":"EntryPoint","urlTemplate":"https:\/\/blogdofarnesio.com.br\/?s={search_term_string}"},"query-input":{"@type":"PropertyValueSpecification","valueRequired":true,"valueName":"search_term_string"}}],"inLanguage":"pt-BR"},{"@type":"Organization","@id":"https:\/\/blogdofarnesio.com.br\/#organization","name":"Blog do Farn\u00e9sio","url":"https:\/\/blogdofarnesio.com.br\/","logo":{"@type":"ImageObject","inLanguage":"pt-BR","@id":"https:\/\/blogdofarnesio.com.br\/#\/schema\/logo\/image\/","url":"https:\/\/blogdofarnesio.com.br\/wp-content\/uploads\/2026\/03\/cropped-logo_new-1.png","contentUrl":"https:\/\/blogdofarnesio.com.br\/wp-content\/uploads\/2026\/03\/cropped-logo_new-1.png","width":881,"height":685,"caption":"Blog do Farn\u00e9sio"},"image":{"@id":"https:\/\/blogdofarnesio.com.br\/#\/schema\/logo\/image\/"},"sameAs":["https:\/\/www.facebook.com\/BlogQuerSaberPolitica\/"]},{"@type":"Person","@id":"https:\/\/blogdofarnesio.com.br\/#\/schema\/person\/bb9b23ae3ad0609ce8df7b6c9e76824d","name":"Farn\u00e9sio","image":{"@type":"ImageObject","inLanguage":"pt-BR","@id":"https:\/\/secure.gravatar.com\/avatar\/986aa4c61ccdb66f8555bf88fc2a65609d00bcabd4d2d94377a727547345cbca?s=96&d=mm&r=g","url":"https:\/\/secure.gravatar.com\/avatar\/986aa4c61ccdb66f8555bf88fc2a65609d00bcabd4d2d94377a727547345cbca?s=96&d=mm&r=g","contentUrl":"https:\/\/secure.gravatar.com\/avatar\/986aa4c61ccdb66f8555bf88fc2a65609d00bcabd4d2d94377a727547345cbca?s=96&d=mm&r=g","caption":"Farn\u00e9sio"},"description":"Radialista blogueiro, chegou a Petrolina\/Juazeiro em setembro de 1980, Farn\u00e9sio Silva \u00e9 de Arapiraca-Alagoas.","sameAs":["http:\/\/blogdofarnesio.com.br","https:\/\/www.facebook.com\/?ref=tn_tnmn","https:\/\/www.instagram.com\/?utm_source=pwa_homescreen","https:\/\/youtube.com.br\/"],"url":"https:\/\/blogdofarnesio.com.br\/?author=2"}]}},"_links":{"self":[{"href":"https:\/\/blogdofarnesio.com.br\/index.php?rest_route=\/wp\/v2\/posts\/305463","targetHints":{"allow":["GET"]}}],"collection":[{"href":"https:\/\/blogdofarnesio.com.br\/index.php?rest_route=\/wp\/v2\/posts"}],"about":[{"href":"https:\/\/blogdofarnesio.com.br\/index.php?rest_route=\/wp\/v2\/types\/post"}],"author":[{"embeddable":true,"href":"https:\/\/blogdofarnesio.com.br\/index.php?rest_route=\/wp\/v2\/users\/2"}],"replies":[{"embeddable":true,"href":"https:\/\/blogdofarnesio.com.br\/index.php?rest_route=%2Fwp%2Fv2%2Fcomments&post=305463"}],"version-history":[{"count":0,"href":"https:\/\/blogdofarnesio.com.br\/index.php?rest_route=\/wp\/v2\/posts\/305463\/revisions"}],"wp:featuredmedia":[{"embeddable":true,"href":"https:\/\/blogdofarnesio.com.br\/index.php?rest_route=\/wp\/v2\/media\/305464"}],"wp:attachment":[{"href":"https:\/\/blogdofarnesio.com.br\/index.php?rest_route=%2Fwp%2Fv2%2Fmedia&parent=305463"}],"wp:term":[{"taxonomy":"category","embeddable":true,"href":"https:\/\/blogdofarnesio.com.br\/index.php?rest_route=%2Fwp%2Fv2%2Fcategories&post=305463"},{"taxonomy":"post_tag","embeddable":true,"href":"https:\/\/blogdofarnesio.com.br\/index.php?rest_route=%2Fwp%2Fv2%2Ftags&post=305463"}],"curies":[{"name":"wp","href":"https:\/\/api.w.org\/{rel}","templated":true}]}}