{"id":305368,"date":"2022-01-31T15:03:29","date_gmt":"2022-01-31T18:03:29","guid":{"rendered":"https:\/\/blogdofarnesio.com.br\/?p=305368"},"modified":"2022-01-31T10:57:24","modified_gmt":"2022-01-31T13:57:24","slug":"brasil-vai-ter-1o-teste-rapido-gratuito-de-hanseniase-do-mundo","status":"publish","type":"post","link":"https:\/\/blogdofarnesio.com.br\/?p=305368","title":{"rendered":"Brasil vai ter 1\u00ba teste r\u00e1pido gratuito de hansen\u00edase do mundo"},"content":{"rendered":"<p>Doen\u00e7a transmiss\u00edvel e de car\u00e1ter cr\u00f4nico, a hansen\u00edase \u00e9 um problema de sa\u00fade p\u00fablica que ainda gera estigmas e discrimina\u00e7\u00e3o devido ao desconhecimento. Com objetivo de chamar aten\u00e7\u00e3o para o tema, o Minist\u00e9rio da Sa\u00fade apresentou, na \u00faltima ter\u00e7a-feira (25), uma s\u00e9rie de a\u00e7\u00f5es do Janeiro Roxo, m\u00eas escolhido para informar a popula\u00e7\u00e3o e desmistificar a doen\u00e7a.<\/p>\n<p><img decoding=\"async\" src=\"https:\/\/www.gov.br\/saude\/pt-br\/assuntos\/noticias\/2022\/janeiro\/brasil-tera-primeiro-teste-rapido-gratuito-de-hanseniase-do-mundo\/brasil-tera-primeiro-teste-rapido-gratuito-de-hanseniase-do-mundo.png\/@@images\/17964f56-cee4-483a-bb51-f41c5d218a91.png\" alt=\"\" \/><\/p>\n<p>No Sistema \u00danico de Sa\u00fade (SUS), o diagn\u00f3stico e tratamento s\u00e3o oferecidos de forma integral e gratuita e, neste ano, conta com um refor\u00e7o in\u00e9dito: a inclus\u00e3o de novos testes laboratoriais complementares ao diagn\u00f3stico da hansen\u00edase, entre eles um teste r\u00e1pido. Com essas incorpora\u00e7\u00f5es, o Brasil ser\u00e1 o primeiro pa\u00eds do mundo a ofertar em n\u00edvel assistencial, de forma universal e no sistema p\u00fablico de sa\u00fade, um teste r\u00e1pido para apoiar o diagn\u00f3stico, que ainda \u00e9 essencialmente cl\u00ednico, baseado na avalia\u00e7\u00e3o minuciosa do paciente, especialmente de pele e nervos perif\u00e9ricos.<\/p>\n<p>A novidade foi anunciada durante o evento com participa\u00e7\u00e3o do ministro da Sa\u00fade, Marcelo Queiroga. \u201cO teste r\u00e1pido para o diagn\u00f3stico \u00e9 uma grande conquista, porque temos um sistema de sa\u00fade de acesso universal t\u00e3o abrangente como nosso, o Brasil \u00e9 o primeiro pa\u00eds do mundo a incorporar esses exames e oferec\u00ea-los gratuitamente a nossa popula\u00e7\u00e3o. Que n\u00f3s possamos fazer o diagn\u00f3stico cl\u00ednico, confirmar atrav\u00e9s dos exames sorol\u00f3gicos e atrav\u00e9s de uma terapia adequada, fazer com que os pacientes sejam curados\u201d, destacou o ministro.<\/p>\n<p>O an\u00fancio faz parte das a\u00e7\u00f5es alusivas ao Dia Mundial de Luta Contra a Hansen\u00edase, que ocorre hoje\u00a0(30).\u00a0Em 2022, o Minist\u00e9rio da Sa\u00fade deve investir cerca de R$ 3,7 milh\u00f5es para essas novas testagens. O GenoType LepraeDR e o NAT Hans, por serem testes de biologia molecular e requererem uma estrutura laboratorial mais avan\u00e7ada, dever\u00e3o ser ofertados nos Laborat\u00f3rios Centrais de Sa\u00fade P\u00fablica (Lacen), inicialmente em 10 estados at\u00e9 o final de 2022.<\/p>\n<p>O objetivo \u00e9 alcan\u00e7ar as 27 unidades federativas at\u00e9 o final de 2023. J\u00e1 o teste r\u00e1pido imunocromat\u00f3grafico ser\u00e1 ofertado nas Unidades B\u00e1sicas de Sa\u00fade.<\/p>\n<p>De 2016 a 2020, foram diagnosticados 155,3 mil casos novos de hansen\u00edase no Brasil. Desses, 86,2 mil ocorreram no sexo masculino, o que corresponde a 55,5% do total. No mesmo per\u00edodo, foram 19,9 mil casos novos de hansen\u00edase com grau 2 de incapacidade f\u00edsica \u2013 o mais grave. Em alguns casos, o paciente \u00e9 encaminhado para servi\u00e7os de refer\u00eancia para confirma\u00e7\u00e3o diagn\u00f3stica e, quando necess\u00e1rio, para acompanhamento.<\/p>\n<p>Para evitar agravamento e sequelas, \u00e9 fundamental iniciar o tratamento o mais r\u00e1pido poss\u00edvel. Isso porque a doen\u00e7a atinge pessoas de ambos os sexos e de todas as faixas et\u00e1rias, podendo apresentar evolu\u00e7\u00e3o lenta e progressiva e, quando n\u00e3o tratada, pode causar deformidades e incapacidades f\u00edsicas.<\/p>\n","protected":false},"excerpt":{"rendered":"<p>Doen\u00e7a transmiss\u00edvel e de car\u00e1ter cr\u00f4nico, a hansen\u00edase \u00e9 um problema de sa\u00fade p\u00fablica que ainda gera estigmas e discrimina\u00e7\u00e3o devido ao desconhecimento. Com objetivo de chamar aten\u00e7\u00e3o para o tema, o Minist\u00e9rio da Sa\u00fade apresentou, na \u00faltima ter\u00e7a-feira (25), uma s\u00e9rie de a\u00e7\u00f5es do Janeiro Roxo, m\u00eas escolhido para informar a popula\u00e7\u00e3o e desmistificar a doen\u00e7a. No Sistema \u00danico de Sa\u00fade (SUS), o diagn\u00f3stico e tratamento s\u00e3o oferecidos de forma integral e gratuita e, neste ano, conta com um refor\u00e7o in\u00e9dito: a inclus\u00e3o de novos testes laboratoriais complementares ao diagn\u00f3stico da hansen\u00edase, entre eles um teste r\u00e1pido. Com essas incorpora\u00e7\u00f5es, o Brasil ser\u00e1 o primeiro pa\u00eds do mundo a ofertar em n\u00edvel assistencial, de forma universal e no sistema&hellip; <\/p>\n","protected":false},"author":2,"featured_media":155347,"comment_status":"open","ping_status":"open","sticky":false,"template":"","format":"standard","meta":{"_acf_changed":false,"footnotes":""},"categories":[44],"tags":[],"class_list":["post-305368","post","type-post","status-publish","format-standard","has-post-thumbnail","hentry","category-administracao"],"acf":[],"yoast_head":"<!-- This site is optimized with the Yoast SEO plugin v27.4 - https:\/\/yoast.com\/product\/yoast-seo-wordpress\/ -->\n<title>Brasil vai ter 1\u00ba teste r\u00e1pido gratuito de hansen\u00edase do mundo - Blog do Farn\u00e9sio<\/title>\n<meta name=\"robots\" content=\"index, follow, max-snippet:-1, max-image-preview:large, max-video-preview:-1\" \/>\n<link rel=\"canonical\" href=\"https:\/\/blogdofarnesio.com.br\/?p=305368\" \/>\n<meta property=\"og:locale\" content=\"pt_BR\" \/>\n<meta property=\"og:type\" content=\"article\" \/>\n<meta property=\"og:title\" content=\"Brasil vai ter 1\u00ba teste r\u00e1pido gratuito de hansen\u00edase do mundo - Blog do Farn\u00e9sio\" \/>\n<meta property=\"og:description\" content=\"Doen\u00e7a transmiss\u00edvel e de car\u00e1ter cr\u00f4nico, a hansen\u00edase \u00e9 um problema de sa\u00fade p\u00fablica que ainda gera estigmas e discrimina\u00e7\u00e3o devido ao desconhecimento. Com objetivo de chamar aten\u00e7\u00e3o para o tema, o Minist\u00e9rio da Sa\u00fade apresentou, na \u00faltima ter\u00e7a-feira (25), uma s\u00e9rie de a\u00e7\u00f5es do Janeiro Roxo, m\u00eas escolhido para informar a popula\u00e7\u00e3o e desmistificar a doen\u00e7a. No Sistema \u00danico de Sa\u00fade (SUS), o diagn\u00f3stico e tratamento s\u00e3o oferecidos de forma integral e gratuita e, neste ano, conta com um refor\u00e7o in\u00e9dito: a inclus\u00e3o de novos testes laboratoriais complementares ao diagn\u00f3stico da hansen\u00edase, entre eles um teste r\u00e1pido. Com essas incorpora\u00e7\u00f5es, o Brasil ser\u00e1 o primeiro pa\u00eds do mundo a ofertar em n\u00edvel assistencial, de forma universal e no sistema&hellip;\" \/>\n<meta property=\"og:url\" content=\"https:\/\/blogdofarnesio.com.br\/?p=305368\" \/>\n<meta property=\"og:site_name\" content=\"Blog do Farn\u00e9sio\" \/>\n<meta property=\"article:publisher\" content=\"https:\/\/www.facebook.com\/BlogQuerSaberPolitica\/\" \/>\n<meta property=\"article:author\" content=\"https:\/\/www.facebook.com\/?ref=tn_tnmn\" \/>\n<meta property=\"article:published_time\" content=\"2022-01-31T18:03:29+00:00\" \/>\n<meta property=\"og:image\" content=\"https:\/\/blogdofarnesio.com.br\/wp-content\/uploads\/2017\/01\/blogqsp-hanseniase.jpg\" \/>\n\t<meta property=\"og:image:width\" content=\"651\" \/>\n\t<meta property=\"og:image:height\" content=\"431\" \/>\n\t<meta property=\"og:image:type\" content=\"image\/jpeg\" \/>\n<meta name=\"author\" content=\"Farn\u00e9sio\" \/>\n<meta name=\"twitter:card\" content=\"summary_large_image\" \/>\n<meta name=\"twitter:label1\" content=\"Escrito por\" \/>\n\t<meta name=\"twitter:data1\" content=\"Farn\u00e9sio\" \/>\n\t<meta name=\"twitter:label2\" content=\"Est. tempo de leitura\" \/>\n\t<meta name=\"twitter:data2\" content=\"3 minutos\" \/>\n<script type=\"application\/ld+json\" class=\"yoast-schema-graph\">{\"@context\":\"https:\\\/\\\/schema.org\",\"@graph\":[{\"@type\":\"Article\",\"@id\":\"https:\\\/\\\/blogdofarnesio.com.br\\\/?p=305368#article\",\"isPartOf\":{\"@id\":\"https:\\\/\\\/blogdofarnesio.com.br\\\/?p=305368\"},\"author\":{\"name\":\"Farn\u00e9sio\",\"@id\":\"https:\\\/\\\/blogdofarnesio.com.br\\\/#\\\/schema\\\/person\\\/bb9b23ae3ad0609ce8df7b6c9e76824d\"},\"headline\":\"Brasil vai ter 1\u00ba teste r\u00e1pido gratuito de hansen\u00edase do mundo\",\"datePublished\":\"2022-01-31T18:03:29+00:00\",\"mainEntityOfPage\":{\"@id\":\"https:\\\/\\\/blogdofarnesio.com.br\\\/?p=305368\"},\"wordCount\":516,\"commentCount\":0,\"publisher\":{\"@id\":\"https:\\\/\\\/blogdofarnesio.com.br\\\/#organization\"},\"image\":{\"@id\":\"https:\\\/\\\/blogdofarnesio.com.br\\\/?p=305368#primaryimage\"},\"thumbnailUrl\":\"https:\\\/\\\/blogdofarnesio.com.br\\\/wp-content\\\/uploads\\\/2017\\\/01\\\/blogqsp-hanseniase.jpg\",\"articleSection\":[\"Administra\u00e7\u00e3o\"],\"inLanguage\":\"pt-BR\",\"potentialAction\":[{\"@type\":\"CommentAction\",\"name\":\"Comment\",\"target\":[\"https:\\\/\\\/blogdofarnesio.com.br\\\/?p=305368#respond\"]}]},{\"@type\":\"WebPage\",\"@id\":\"https:\\\/\\\/blogdofarnesio.com.br\\\/?p=305368\",\"url\":\"https:\\\/\\\/blogdofarnesio.com.br\\\/?p=305368\",\"name\":\"Brasil vai ter 1\u00ba teste r\u00e1pido gratuito de hansen\u00edase do mundo - Blog do Farn\u00e9sio\",\"isPartOf\":{\"@id\":\"https:\\\/\\\/blogdofarnesio.com.br\\\/#website\"},\"primaryImageOfPage\":{\"@id\":\"https:\\\/\\\/blogdofarnesio.com.br\\\/?p=305368#primaryimage\"},\"image\":{\"@id\":\"https:\\\/\\\/blogdofarnesio.com.br\\\/?p=305368#primaryimage\"},\"thumbnailUrl\":\"https:\\\/\\\/blogdofarnesio.com.br\\\/wp-content\\\/uploads\\\/2017\\\/01\\\/blogqsp-hanseniase.jpg\",\"datePublished\":\"2022-01-31T18:03:29+00:00\",\"breadcrumb\":{\"@id\":\"https:\\\/\\\/blogdofarnesio.com.br\\\/?p=305368#breadcrumb\"},\"inLanguage\":\"pt-BR\",\"potentialAction\":[{\"@type\":\"ReadAction\",\"target\":[\"https:\\\/\\\/blogdofarnesio.com.br\\\/?p=305368\"]}]},{\"@type\":\"ImageObject\",\"inLanguage\":\"pt-BR\",\"@id\":\"https:\\\/\\\/blogdofarnesio.com.br\\\/?p=305368#primaryimage\",\"url\":\"https:\\\/\\\/blogdofarnesio.com.br\\\/wp-content\\\/uploads\\\/2017\\\/01\\\/blogqsp-hanseniase.jpg\",\"contentUrl\":\"https:\\\/\\\/blogdofarnesio.com.br\\\/wp-content\\\/uploads\\\/2017\\\/01\\\/blogqsp-hanseniase.jpg\",\"width\":651,\"height\":431},{\"@type\":\"BreadcrumbList\",\"@id\":\"https:\\\/\\\/blogdofarnesio.com.br\\\/?p=305368#breadcrumb\",\"itemListElement\":[{\"@type\":\"ListItem\",\"position\":1,\"name\":\"In\u00edcio\",\"item\":\"https:\\\/\\\/blogdofarnesio.com.br\\\/\"},{\"@type\":\"ListItem\",\"position\":2,\"name\":\"Brasil vai ter 1\u00ba teste r\u00e1pido gratuito de hansen\u00edase do mundo\"}]},{\"@type\":\"WebSite\",\"@id\":\"https:\\\/\\\/blogdofarnesio.com.br\\\/#website\",\"url\":\"https:\\\/\\\/blogdofarnesio.com.br\\\/\",\"name\":\"Blog do Farn\u00e9sio\",\"description\":\"Quer Saber Pol\u00edtica?\",\"publisher\":{\"@id\":\"https:\\\/\\\/blogdofarnesio.com.br\\\/#organization\"},\"potentialAction\":[{\"@type\":\"SearchAction\",\"target\":{\"@type\":\"EntryPoint\",\"urlTemplate\":\"https:\\\/\\\/blogdofarnesio.com.br\\\/?s={search_term_string}\"},\"query-input\":{\"@type\":\"PropertyValueSpecification\",\"valueRequired\":true,\"valueName\":\"search_term_string\"}}],\"inLanguage\":\"pt-BR\"},{\"@type\":\"Organization\",\"@id\":\"https:\\\/\\\/blogdofarnesio.com.br\\\/#organization\",\"name\":\"Blog do Farn\u00e9sio\",\"url\":\"https:\\\/\\\/blogdofarnesio.com.br\\\/\",\"logo\":{\"@type\":\"ImageObject\",\"inLanguage\":\"pt-BR\",\"@id\":\"https:\\\/\\\/blogdofarnesio.com.br\\\/#\\\/schema\\\/logo\\\/image\\\/\",\"url\":\"https:\\\/\\\/blogdofarnesio.com.br\\\/wp-content\\\/uploads\\\/2026\\\/03\\\/cropped-logo_new-1.png\",\"contentUrl\":\"https:\\\/\\\/blogdofarnesio.com.br\\\/wp-content\\\/uploads\\\/2026\\\/03\\\/cropped-logo_new-1.png\",\"width\":881,\"height\":685,\"caption\":\"Blog do Farn\u00e9sio\"},\"image\":{\"@id\":\"https:\\\/\\\/blogdofarnesio.com.br\\\/#\\\/schema\\\/logo\\\/image\\\/\"},\"sameAs\":[\"https:\\\/\\\/www.facebook.com\\\/BlogQuerSaberPolitica\\\/\"]},{\"@type\":\"Person\",\"@id\":\"https:\\\/\\\/blogdofarnesio.com.br\\\/#\\\/schema\\\/person\\\/bb9b23ae3ad0609ce8df7b6c9e76824d\",\"name\":\"Farn\u00e9sio\",\"image\":{\"@type\":\"ImageObject\",\"inLanguage\":\"pt-BR\",\"@id\":\"https:\\\/\\\/secure.gravatar.com\\\/avatar\\\/986aa4c61ccdb66f8555bf88fc2a65609d00bcabd4d2d94377a727547345cbca?s=96&d=mm&r=g\",\"url\":\"https:\\\/\\\/secure.gravatar.com\\\/avatar\\\/986aa4c61ccdb66f8555bf88fc2a65609d00bcabd4d2d94377a727547345cbca?s=96&d=mm&r=g\",\"contentUrl\":\"https:\\\/\\\/secure.gravatar.com\\\/avatar\\\/986aa4c61ccdb66f8555bf88fc2a65609d00bcabd4d2d94377a727547345cbca?s=96&d=mm&r=g\",\"caption\":\"Farn\u00e9sio\"},\"description\":\"Radialista blogueiro, chegou a Petrolina\\\/Juazeiro em setembro de 1980, Farn\u00e9sio Silva \u00e9 de Arapiraca-Alagoas.\",\"sameAs\":[\"http:\\\/\\\/blogdofarnesio.com.br\",\"https:\\\/\\\/www.facebook.com\\\/?ref=tn_tnmn\",\"https:\\\/\\\/www.instagram.com\\\/?utm_source=pwa_homescreen\",\"https:\\\/\\\/youtube.com.br\\\/\"],\"url\":\"https:\\\/\\\/blogdofarnesio.com.br\\\/?author=2\"}]}<\/script>\n<!-- \/ Yoast SEO plugin. -->","yoast_head_json":{"title":"Brasil vai ter 1\u00ba teste r\u00e1pido gratuito de hansen\u00edase do mundo - Blog do Farn\u00e9sio","robots":{"index":"index","follow":"follow","max-snippet":"max-snippet:-1","max-image-preview":"max-image-preview:large","max-video-preview":"max-video-preview:-1"},"canonical":"https:\/\/blogdofarnesio.com.br\/?p=305368","og_locale":"pt_BR","og_type":"article","og_title":"Brasil vai ter 1\u00ba teste r\u00e1pido gratuito de hansen\u00edase do mundo - Blog do Farn\u00e9sio","og_description":"Doen\u00e7a transmiss\u00edvel e de car\u00e1ter cr\u00f4nico, a hansen\u00edase \u00e9 um problema de sa\u00fade p\u00fablica que ainda gera estigmas e discrimina\u00e7\u00e3o devido ao desconhecimento. Com objetivo de chamar aten\u00e7\u00e3o para o tema, o Minist\u00e9rio da Sa\u00fade apresentou, na \u00faltima ter\u00e7a-feira (25), uma s\u00e9rie de a\u00e7\u00f5es do Janeiro Roxo, m\u00eas escolhido para informar a popula\u00e7\u00e3o e desmistificar a doen\u00e7a. No Sistema \u00danico de Sa\u00fade (SUS), o diagn\u00f3stico e tratamento s\u00e3o oferecidos de forma integral e gratuita e, neste ano, conta com um refor\u00e7o in\u00e9dito: a inclus\u00e3o de novos testes laboratoriais complementares ao diagn\u00f3stico da hansen\u00edase, entre eles um teste r\u00e1pido. Com essas incorpora\u00e7\u00f5es, o Brasil ser\u00e1 o primeiro pa\u00eds do mundo a ofertar em n\u00edvel assistencial, de forma universal e no sistema&hellip;","og_url":"https:\/\/blogdofarnesio.com.br\/?p=305368","og_site_name":"Blog do Farn\u00e9sio","article_publisher":"https:\/\/www.facebook.com\/BlogQuerSaberPolitica\/","article_author":"https:\/\/www.facebook.com\/?ref=tn_tnmn","article_published_time":"2022-01-31T18:03:29+00:00","og_image":[{"width":651,"height":431,"url":"https:\/\/blogdofarnesio.com.br\/wp-content\/uploads\/2017\/01\/blogqsp-hanseniase.jpg","type":"image\/jpeg"}],"author":"Farn\u00e9sio","twitter_card":"summary_large_image","twitter_misc":{"Escrito por":"Farn\u00e9sio","Est. tempo de leitura":"3 minutos"},"schema":{"@context":"https:\/\/schema.org","@graph":[{"@type":"Article","@id":"https:\/\/blogdofarnesio.com.br\/?p=305368#article","isPartOf":{"@id":"https:\/\/blogdofarnesio.com.br\/?p=305368"},"author":{"name":"Farn\u00e9sio","@id":"https:\/\/blogdofarnesio.com.br\/#\/schema\/person\/bb9b23ae3ad0609ce8df7b6c9e76824d"},"headline":"Brasil vai ter 1\u00ba teste r\u00e1pido gratuito de hansen\u00edase do mundo","datePublished":"2022-01-31T18:03:29+00:00","mainEntityOfPage":{"@id":"https:\/\/blogdofarnesio.com.br\/?p=305368"},"wordCount":516,"commentCount":0,"publisher":{"@id":"https:\/\/blogdofarnesio.com.br\/#organization"},"image":{"@id":"https:\/\/blogdofarnesio.com.br\/?p=305368#primaryimage"},"thumbnailUrl":"https:\/\/blogdofarnesio.com.br\/wp-content\/uploads\/2017\/01\/blogqsp-hanseniase.jpg","articleSection":["Administra\u00e7\u00e3o"],"inLanguage":"pt-BR","potentialAction":[{"@type":"CommentAction","name":"Comment","target":["https:\/\/blogdofarnesio.com.br\/?p=305368#respond"]}]},{"@type":"WebPage","@id":"https:\/\/blogdofarnesio.com.br\/?p=305368","url":"https:\/\/blogdofarnesio.com.br\/?p=305368","name":"Brasil vai ter 1\u00ba teste r\u00e1pido gratuito de hansen\u00edase do mundo - Blog do Farn\u00e9sio","isPartOf":{"@id":"https:\/\/blogdofarnesio.com.br\/#website"},"primaryImageOfPage":{"@id":"https:\/\/blogdofarnesio.com.br\/?p=305368#primaryimage"},"image":{"@id":"https:\/\/blogdofarnesio.com.br\/?p=305368#primaryimage"},"thumbnailUrl":"https:\/\/blogdofarnesio.com.br\/wp-content\/uploads\/2017\/01\/blogqsp-hanseniase.jpg","datePublished":"2022-01-31T18:03:29+00:00","breadcrumb":{"@id":"https:\/\/blogdofarnesio.com.br\/?p=305368#breadcrumb"},"inLanguage":"pt-BR","potentialAction":[{"@type":"ReadAction","target":["https:\/\/blogdofarnesio.com.br\/?p=305368"]}]},{"@type":"ImageObject","inLanguage":"pt-BR","@id":"https:\/\/blogdofarnesio.com.br\/?p=305368#primaryimage","url":"https:\/\/blogdofarnesio.com.br\/wp-content\/uploads\/2017\/01\/blogqsp-hanseniase.jpg","contentUrl":"https:\/\/blogdofarnesio.com.br\/wp-content\/uploads\/2017\/01\/blogqsp-hanseniase.jpg","width":651,"height":431},{"@type":"BreadcrumbList","@id":"https:\/\/blogdofarnesio.com.br\/?p=305368#breadcrumb","itemListElement":[{"@type":"ListItem","position":1,"name":"In\u00edcio","item":"https:\/\/blogdofarnesio.com.br\/"},{"@type":"ListItem","position":2,"name":"Brasil vai ter 1\u00ba teste r\u00e1pido gratuito de hansen\u00edase do mundo"}]},{"@type":"WebSite","@id":"https:\/\/blogdofarnesio.com.br\/#website","url":"https:\/\/blogdofarnesio.com.br\/","name":"Blog do Farn\u00e9sio","description":"Quer Saber Pol\u00edtica?","publisher":{"@id":"https:\/\/blogdofarnesio.com.br\/#organization"},"potentialAction":[{"@type":"SearchAction","target":{"@type":"EntryPoint","urlTemplate":"https:\/\/blogdofarnesio.com.br\/?s={search_term_string}"},"query-input":{"@type":"PropertyValueSpecification","valueRequired":true,"valueName":"search_term_string"}}],"inLanguage":"pt-BR"},{"@type":"Organization","@id":"https:\/\/blogdofarnesio.com.br\/#organization","name":"Blog do Farn\u00e9sio","url":"https:\/\/blogdofarnesio.com.br\/","logo":{"@type":"ImageObject","inLanguage":"pt-BR","@id":"https:\/\/blogdofarnesio.com.br\/#\/schema\/logo\/image\/","url":"https:\/\/blogdofarnesio.com.br\/wp-content\/uploads\/2026\/03\/cropped-logo_new-1.png","contentUrl":"https:\/\/blogdofarnesio.com.br\/wp-content\/uploads\/2026\/03\/cropped-logo_new-1.png","width":881,"height":685,"caption":"Blog do Farn\u00e9sio"},"image":{"@id":"https:\/\/blogdofarnesio.com.br\/#\/schema\/logo\/image\/"},"sameAs":["https:\/\/www.facebook.com\/BlogQuerSaberPolitica\/"]},{"@type":"Person","@id":"https:\/\/blogdofarnesio.com.br\/#\/schema\/person\/bb9b23ae3ad0609ce8df7b6c9e76824d","name":"Farn\u00e9sio","image":{"@type":"ImageObject","inLanguage":"pt-BR","@id":"https:\/\/secure.gravatar.com\/avatar\/986aa4c61ccdb66f8555bf88fc2a65609d00bcabd4d2d94377a727547345cbca?s=96&d=mm&r=g","url":"https:\/\/secure.gravatar.com\/avatar\/986aa4c61ccdb66f8555bf88fc2a65609d00bcabd4d2d94377a727547345cbca?s=96&d=mm&r=g","contentUrl":"https:\/\/secure.gravatar.com\/avatar\/986aa4c61ccdb66f8555bf88fc2a65609d00bcabd4d2d94377a727547345cbca?s=96&d=mm&r=g","caption":"Farn\u00e9sio"},"description":"Radialista blogueiro, chegou a Petrolina\/Juazeiro em setembro de 1980, Farn\u00e9sio Silva \u00e9 de Arapiraca-Alagoas.","sameAs":["http:\/\/blogdofarnesio.com.br","https:\/\/www.facebook.com\/?ref=tn_tnmn","https:\/\/www.instagram.com\/?utm_source=pwa_homescreen","https:\/\/youtube.com.br\/"],"url":"https:\/\/blogdofarnesio.com.br\/?author=2"}]}},"_links":{"self":[{"href":"https:\/\/blogdofarnesio.com.br\/index.php?rest_route=\/wp\/v2\/posts\/305368","targetHints":{"allow":["GET"]}}],"collection":[{"href":"https:\/\/blogdofarnesio.com.br\/index.php?rest_route=\/wp\/v2\/posts"}],"about":[{"href":"https:\/\/blogdofarnesio.com.br\/index.php?rest_route=\/wp\/v2\/types\/post"}],"author":[{"embeddable":true,"href":"https:\/\/blogdofarnesio.com.br\/index.php?rest_route=\/wp\/v2\/users\/2"}],"replies":[{"embeddable":true,"href":"https:\/\/blogdofarnesio.com.br\/index.php?rest_route=%2Fwp%2Fv2%2Fcomments&post=305368"}],"version-history":[{"count":0,"href":"https:\/\/blogdofarnesio.com.br\/index.php?rest_route=\/wp\/v2\/posts\/305368\/revisions"}],"wp:featuredmedia":[{"embeddable":true,"href":"https:\/\/blogdofarnesio.com.br\/index.php?rest_route=\/wp\/v2\/media\/155347"}],"wp:attachment":[{"href":"https:\/\/blogdofarnesio.com.br\/index.php?rest_route=%2Fwp%2Fv2%2Fmedia&parent=305368"}],"wp:term":[{"taxonomy":"category","embeddable":true,"href":"https:\/\/blogdofarnesio.com.br\/index.php?rest_route=%2Fwp%2Fv2%2Fcategories&post=305368"},{"taxonomy":"post_tag","embeddable":true,"href":"https:\/\/blogdofarnesio.com.br\/index.php?rest_route=%2Fwp%2Fv2%2Ftags&post=305368"}],"curies":[{"name":"wp","href":"https:\/\/api.w.org\/{rel}","templated":true}]}}