{"id":305271,"date":"2022-01-29T12:02:28","date_gmt":"2022-01-29T15:02:28","guid":{"rendered":"https:\/\/blogdofarnesio.com.br\/?p=305271"},"modified":"2022-01-29T09:06:59","modified_gmt":"2022-01-29T12:06:59","slug":"pelo-santo-do-nordeste-e-pelo-artesao-da-paz","status":"publish","type":"post","link":"https:\/\/blogdofarnesio.com.br\/?p=305271","title":{"rendered":"Pelo Santo do Nordeste e pelo Artes\u00e3o da Paz"},"content":{"rendered":"<p><strong>Por Jos\u00e9 Rog\u00e9rio de Sousa Santos*<\/strong><\/p>\n<p>Num momento em que o Brasil atravessa a trag\u00e9dia da desinforma\u00e7\u00e3o como pol\u00edtica de governo e de manipula\u00e7\u00e3o das massas, afetando a vida das pessoas atrav\u00e9s do negacionismo ultrapassado, o governo Jair Bolsonaro, respons\u00e1vel pela volta da fome, da maior infla\u00e7\u00e3o da d\u00e9cada, da desesperan\u00e7a, do \u00f3dio, da xenofobia, da homofobia, da discrimina\u00e7\u00e3o, do racismo e tantas outras lament\u00e1veis pr\u00e1ticas, anuncia \u00e0 sociedade brasileira um decreto de luto pela morte de um dos seus expoentes, um expert em mat\u00e9ria de enganar e disseminar desinforma\u00e7\u00e3o at\u00e9 mesmo contra \u00e0 vida humana.<\/p>\n<p>\u00c9 nesse contexto que at\u00f4nitos, tomamos conhecimento que Jair Bolsonaro em mais um ato de persegui\u00e7\u00e3o ideol\u00f3gica \u00e0 figuras p\u00fablicas que contribu\u00edram decisivamente para a recupera\u00e7\u00e3o da nossa democracia e pelo desenvolvimento real do pa\u00eds, assinou o Decreto n\u00ba 10.554, revogando, dentre outros, o Decreto Presidencial n\u00ba 02, de Junho de 1997, assinado pelo ent\u00e3o presidente Fernando Henrique Cardoso, que decretou por dois dias, luto oficial pela morte do saudoso Frei Dami\u00e3o de Bozzano.<\/p>\n<p><img loading=\"lazy\" decoding=\"async\" class=\"aligncenter wp-image-262456 size-full\" src=\"https:\/\/blogdofarnesio.com.br\/wp-content\/uploads\/2020\/07\/blogqsp-H\u00c9LDER-C\u00c2MARA-.jpg\" alt=\"\" width=\"500\" height=\"408\" srcset=\"https:\/\/blogdofarnesio.com.br\/wp-content\/uploads\/2020\/07\/blogqsp-H\u00c9LDER-C\u00c2MARA-.jpg 500w, https:\/\/blogdofarnesio.com.br\/wp-content\/uploads\/2020\/07\/blogqsp-H\u00c9LDER-C\u00c2MARA--300x245.jpg 300w, https:\/\/blogdofarnesio.com.br\/wp-content\/uploads\/2020\/07\/blogqsp-H\u00c9LDER-C\u00c2MARA--360x294.jpg 360w\" sizes=\"auto, (max-width: 500px) 100vw, 500px\" \/>Sem alarde, a mesma edi\u00e7\u00e3o revogou o Decreto n\u00ba 30, de Agosto de 1999, que estipulou luto nacional por tr\u00eas dias, pela morte de Dom Helder Pessoa C\u00e2mara (foto).<\/p>\n<p>Entrementes, outros not\u00e1veis da p\u00e1tria foram tamb\u00e9m afetados pela malsinada investida presidencial, todavia, presidentes da sanguin\u00e1ria ditadura militar como Ernesto Geilsel e Jo\u00e3o Figueiredo, falecidos, respectivamente, em 1996 e 1999, tiveram suas homenagens mantidas na \u00edntegra.<\/p>\n<p>Como \u00e9 de not\u00f3rio conhecimento p\u00fablico n\u00e3o \u00e9 de hoje que o atual mandat\u00e1rio costuma exaltar ditadores, torturadores e outros fac\u00ednoras que agiam nas sombras da ditadura, em detrimento daqueles que lutarem pela paz e por democracia, isso n\u00f3s j\u00e1 sabemos.<\/p>\n<p>Contudo, aviltar a \u00faltima homenagem oficial a algumas das mais importantes personalidades do Brasil, que efetivamente contribu\u00edram para o progresso nacional, avilta tamb\u00e9m o pensamento de todos aqueles que sabem a falta que essas personalidades fazem, hodiernamente.<\/p>\n<p>Em particular, afrontar a mem\u00f3ria de Frei Dami\u00e3o de Bozzano, que teve papel decisivo em momentos de tamanha dificuldade na vida do povo nordestino, que teve uma vida inteira dedicada aos pobres, levando consolo, f\u00e9 e esperan\u00e7a aos quatro cantos dessa \u00e1rida terra sertaneja, exige de cada um de n\u00f3s o rep\u00fadio veemente a esse indiv\u00edduo que ocupa a presid\u00eancia da Rep\u00fablica, imbu\u00eddo dos mais atrasados sentimentos revanchistas.<\/p>\n<p>Certo \u00e9 Bolsonaro, que n\u00e3o \u00e9s bem-vindo em terras nordestinas, aqui o povo que respira amor, solidariedade, poesia e cultura, \u00e9 avesso a coisas do seu tipo. Talvez por isso, seu desprezo pelo nosso altivo povo tenha evolu\u00eddo das piadas contra os \u201cpara\u00edbas\u201d, para os ataques \u00e0 mem\u00f3ria de dois dos nossos mais ilustres filhos.<\/p>\n<p>Saiba, Bolsonaro, que as imagens de homens como Frei Dami\u00e3o de Bozzano e como Dom Helder C\u00e2mara s\u00e3o inapag\u00e1veis da cabe\u00e7a da nossa forte gente!<\/p>\n<p>Mas, nem por isso, passar\u00e1 em branco seu recalque e ouvir\u00e1s nosso grito de indigna\u00e7\u00e3o diante de um gesto t\u00e3o tacanho, que nos estimular\u00e1 a engrandecer a luta para que sua passagem pela presid\u00eancia da Rep\u00fablica finde com o destampar das urnas numa derrota retumbante, onde n\u00e3o s\u00f3 o povo nordestino, mas todos os brasileiros, depositar\u00e3o livremente seus votos de repulsa a todo o esc\u00e1rnio que seu governo e sua face carcomida representam.<\/p>\n<p>Como sabemos de sua parca intelectualidade e de sua maldade exacerbada, aconselho que reflita no que j\u00e1 foi dito sobre Dom Helder C\u00e2mara:<\/p>\n<p>Daquele corpo franzino, que se agigantava na prega\u00e7\u00e3o da f\u00e9 e da justi\u00e7a, daquela voz mi\u00fada, que se transmutava em possantes amplificadores na defesa da vida fraterna e da paz, ficaram o exemplo de dignidade pessoal, a li\u00e7\u00e3o de que h\u00e1 de ser perseverante na dura batalha pelo ideal em que se acredita e a certeza de que, mesmo na aridez do deserto, h\u00e1 espa\u00e7o para semear e colher.<\/p>\n<p>Especialmente porque ele mesmo se encarregou de nos lembrar que, se \u201ch\u00e1 quem tenha entranhas de posse\u201d, tamb\u00e9m \u201ch\u00e1 quem tenha ess\u00eancia de d\u00e1diva. Assim foi Dom Helder. Firme na op\u00e7\u00e3o de ultrapassar o assistencialismo e de clamar por justi\u00e7a, n\u00e3o apenas apontou caminhos que levam a um mundo mais justo e humano, mas ensinou a melhor forma de percorr\u00ea-los: \u201c\u00c9 poss\u00edvel caminhar sozinho. Mas o bom viajor sabe que a grande caminhada \u00e9 a vida e esta sup\u00f5e companheiros. Feliz de quem se sente em perene caminhada e de quem v\u00ea no pr\u00f3ximo um eventual e desej\u00e1vel companheiro\u201d.<\/p>\n<p>Os ideais de justi\u00e7a e igualdade de Dom Helder C\u00e2mara vivem em n\u00f3s, Bolsonaro. Por eles guerrearemos o bom combate at\u00e9 livrarmos o Brasil de tudo de vil que \u00e9 representado em ti!<br \/>\nDom Helder C\u00e2mara era assim. O povo pernambucano \u00e9 assim. O nordestino \u00e9 assim, Jair Bolsonaro e doravante, por Frei Dami\u00e3o \u2013 o Santo do Nordeste, por Dom H\u00e9lder C\u00e2mara \u2013 o Artes\u00e3o da Paz, e pelo Brasil, com mais afinco ainda, gritaremos: Fora Bolsonaro!<\/p>\n<p><strong>*Acad\u00eamico de Direito da FVP<\/strong><\/p>\n","protected":false},"excerpt":{"rendered":"<p>Por Jos\u00e9 Rog\u00e9rio de Sousa Santos* Num momento em que o Brasil atravessa a trag\u00e9dia da desinforma\u00e7\u00e3o como pol\u00edtica de governo e de manipula\u00e7\u00e3o das massas, afetando a vida das pessoas atrav\u00e9s do negacionismo ultrapassado, o governo Jair Bolsonaro, respons\u00e1vel pela volta da fome, da maior infla\u00e7\u00e3o da d\u00e9cada, da desesperan\u00e7a, do \u00f3dio, da xenofobia, da homofobia, da discrimina\u00e7\u00e3o, do racismo e tantas outras lament\u00e1veis pr\u00e1ticas, anuncia \u00e0 sociedade brasileira um decreto de luto pela morte de um dos seus expoentes, um expert em mat\u00e9ria de enganar e disseminar desinforma\u00e7\u00e3o at\u00e9 mesmo contra \u00e0 vida humana. \u00c9 nesse contexto que at\u00f4nitos, tomamos conhecimento que Jair Bolsonaro em mais um ato de persegui\u00e7\u00e3o ideol\u00f3gica \u00e0 figuras p\u00fablicas que contribu\u00edram decisivamente para&hellip; <\/p>\n","protected":false},"author":2,"featured_media":224615,"comment_status":"open","ping_status":"open","sticky":false,"template":"","format":"standard","meta":{"_acf_changed":false,"footnotes":""},"categories":[30],"tags":[],"class_list":["post-305271","post","type-post","status-publish","format-standard","has-post-thumbnail","hentry","category-artigo"],"acf":[],"yoast_head":"<!-- This site is optimized with the Yoast SEO plugin v27.4 - https:\/\/yoast.com\/product\/yoast-seo-wordpress\/ -->\n<title>Pelo Santo do Nordeste e pelo Artes\u00e3o da Paz - Blog do Farn\u00e9sio<\/title>\n<meta name=\"robots\" content=\"index, follow, max-snippet:-1, max-image-preview:large, max-video-preview:-1\" \/>\n<link rel=\"canonical\" href=\"https:\/\/blogdofarnesio.com.br\/?p=305271\" \/>\n<meta property=\"og:locale\" content=\"pt_BR\" \/>\n<meta property=\"og:type\" content=\"article\" \/>\n<meta property=\"og:title\" content=\"Pelo Santo do Nordeste e pelo Artes\u00e3o da Paz - Blog do Farn\u00e9sio\" \/>\n<meta property=\"og:description\" content=\"Por Jos\u00e9 Rog\u00e9rio de Sousa Santos* Num momento em que o Brasil atravessa a trag\u00e9dia da desinforma\u00e7\u00e3o como pol\u00edtica de governo e de manipula\u00e7\u00e3o das massas, afetando a vida das pessoas atrav\u00e9s do negacionismo ultrapassado, o governo Jair Bolsonaro, respons\u00e1vel pela volta da fome, da maior infla\u00e7\u00e3o da d\u00e9cada, da desesperan\u00e7a, do \u00f3dio, da xenofobia, da homofobia, da discrimina\u00e7\u00e3o, do racismo e tantas outras lament\u00e1veis pr\u00e1ticas, anuncia \u00e0 sociedade brasileira um decreto de luto pela morte de um dos seus expoentes, um expert em mat\u00e9ria de enganar e disseminar desinforma\u00e7\u00e3o at\u00e9 mesmo contra \u00e0 vida humana. \u00c9 nesse contexto que at\u00f4nitos, tomamos conhecimento que Jair Bolsonaro em mais um ato de persegui\u00e7\u00e3o ideol\u00f3gica \u00e0 figuras p\u00fablicas que contribu\u00edram decisivamente para&hellip;\" \/>\n<meta property=\"og:url\" content=\"https:\/\/blogdofarnesio.com.br\/?p=305271\" \/>\n<meta property=\"og:site_name\" content=\"Blog do Farn\u00e9sio\" \/>\n<meta property=\"article:publisher\" content=\"https:\/\/www.facebook.com\/BlogQuerSaberPolitica\/\" \/>\n<meta property=\"article:author\" content=\"https:\/\/www.facebook.com\/?ref=tn_tnmn\" \/>\n<meta property=\"article:published_time\" content=\"2022-01-29T15:02:28+00:00\" \/>\n<meta property=\"og:image\" content=\"https:\/\/blogdofarnesio.com.br\/wp-content\/uploads\/2019\/03\/blogqspfreidamiao.jpg\" \/>\n\t<meta property=\"og:image:width\" content=\"620\" \/>\n\t<meta property=\"og:image:height\" content=\"372\" \/>\n\t<meta property=\"og:image:type\" content=\"image\/jpeg\" \/>\n<meta name=\"author\" content=\"Farn\u00e9sio\" \/>\n<meta name=\"twitter:card\" content=\"summary_large_image\" \/>\n<meta name=\"twitter:label1\" content=\"Escrito por\" \/>\n\t<meta name=\"twitter:data1\" content=\"Farn\u00e9sio\" \/>\n\t<meta name=\"twitter:label2\" content=\"Est. tempo de leitura\" \/>\n\t<meta name=\"twitter:data2\" content=\"5 minutos\" \/>\n<script type=\"application\/ld+json\" class=\"yoast-schema-graph\">{\"@context\":\"https:\\\/\\\/schema.org\",\"@graph\":[{\"@type\":\"Article\",\"@id\":\"https:\\\/\\\/blogdofarnesio.com.br\\\/?p=305271#article\",\"isPartOf\":{\"@id\":\"https:\\\/\\\/blogdofarnesio.com.br\\\/?p=305271\"},\"author\":{\"name\":\"Farn\u00e9sio\",\"@id\":\"https:\\\/\\\/blogdofarnesio.com.br\\\/#\\\/schema\\\/person\\\/bb9b23ae3ad0609ce8df7b6c9e76824d\"},\"headline\":\"Pelo Santo do Nordeste e pelo Artes\u00e3o da Paz\",\"datePublished\":\"2022-01-29T15:02:28+00:00\",\"mainEntityOfPage\":{\"@id\":\"https:\\\/\\\/blogdofarnesio.com.br\\\/?p=305271\"},\"wordCount\":887,\"commentCount\":0,\"publisher\":{\"@id\":\"https:\\\/\\\/blogdofarnesio.com.br\\\/#organization\"},\"image\":{\"@id\":\"https:\\\/\\\/blogdofarnesio.com.br\\\/?p=305271#primaryimage\"},\"thumbnailUrl\":\"https:\\\/\\\/blogdofarnesio.com.br\\\/wp-content\\\/uploads\\\/2019\\\/03\\\/blogqspfreidamiao.jpg\",\"articleSection\":[\"Artigo\"],\"inLanguage\":\"pt-BR\",\"potentialAction\":[{\"@type\":\"CommentAction\",\"name\":\"Comment\",\"target\":[\"https:\\\/\\\/blogdofarnesio.com.br\\\/?p=305271#respond\"]}]},{\"@type\":\"WebPage\",\"@id\":\"https:\\\/\\\/blogdofarnesio.com.br\\\/?p=305271\",\"url\":\"https:\\\/\\\/blogdofarnesio.com.br\\\/?p=305271\",\"name\":\"Pelo Santo do Nordeste e pelo Artes\u00e3o da Paz - Blog do Farn\u00e9sio\",\"isPartOf\":{\"@id\":\"https:\\\/\\\/blogdofarnesio.com.br\\\/#website\"},\"primaryImageOfPage\":{\"@id\":\"https:\\\/\\\/blogdofarnesio.com.br\\\/?p=305271#primaryimage\"},\"image\":{\"@id\":\"https:\\\/\\\/blogdofarnesio.com.br\\\/?p=305271#primaryimage\"},\"thumbnailUrl\":\"https:\\\/\\\/blogdofarnesio.com.br\\\/wp-content\\\/uploads\\\/2019\\\/03\\\/blogqspfreidamiao.jpg\",\"datePublished\":\"2022-01-29T15:02:28+00:00\",\"breadcrumb\":{\"@id\":\"https:\\\/\\\/blogdofarnesio.com.br\\\/?p=305271#breadcrumb\"},\"inLanguage\":\"pt-BR\",\"potentialAction\":[{\"@type\":\"ReadAction\",\"target\":[\"https:\\\/\\\/blogdofarnesio.com.br\\\/?p=305271\"]}]},{\"@type\":\"ImageObject\",\"inLanguage\":\"pt-BR\",\"@id\":\"https:\\\/\\\/blogdofarnesio.com.br\\\/?p=305271#primaryimage\",\"url\":\"https:\\\/\\\/blogdofarnesio.com.br\\\/wp-content\\\/uploads\\\/2019\\\/03\\\/blogqspfreidamiao.jpg\",\"contentUrl\":\"https:\\\/\\\/blogdofarnesio.com.br\\\/wp-content\\\/uploads\\\/2019\\\/03\\\/blogqspfreidamiao.jpg\",\"width\":620,\"height\":372},{\"@type\":\"BreadcrumbList\",\"@id\":\"https:\\\/\\\/blogdofarnesio.com.br\\\/?p=305271#breadcrumb\",\"itemListElement\":[{\"@type\":\"ListItem\",\"position\":1,\"name\":\"In\u00edcio\",\"item\":\"https:\\\/\\\/blogdofarnesio.com.br\\\/\"},{\"@type\":\"ListItem\",\"position\":2,\"name\":\"Pelo Santo do Nordeste e pelo Artes\u00e3o da Paz\"}]},{\"@type\":\"WebSite\",\"@id\":\"https:\\\/\\\/blogdofarnesio.com.br\\\/#website\",\"url\":\"https:\\\/\\\/blogdofarnesio.com.br\\\/\",\"name\":\"Blog do Farn\u00e9sio\",\"description\":\"Quer Saber Pol\u00edtica?\",\"publisher\":{\"@id\":\"https:\\\/\\\/blogdofarnesio.com.br\\\/#organization\"},\"potentialAction\":[{\"@type\":\"SearchAction\",\"target\":{\"@type\":\"EntryPoint\",\"urlTemplate\":\"https:\\\/\\\/blogdofarnesio.com.br\\\/?s={search_term_string}\"},\"query-input\":{\"@type\":\"PropertyValueSpecification\",\"valueRequired\":true,\"valueName\":\"search_term_string\"}}],\"inLanguage\":\"pt-BR\"},{\"@type\":\"Organization\",\"@id\":\"https:\\\/\\\/blogdofarnesio.com.br\\\/#organization\",\"name\":\"Blog do Farn\u00e9sio\",\"url\":\"https:\\\/\\\/blogdofarnesio.com.br\\\/\",\"logo\":{\"@type\":\"ImageObject\",\"inLanguage\":\"pt-BR\",\"@id\":\"https:\\\/\\\/blogdofarnesio.com.br\\\/#\\\/schema\\\/logo\\\/image\\\/\",\"url\":\"https:\\\/\\\/blogdofarnesio.com.br\\\/wp-content\\\/uploads\\\/2026\\\/03\\\/cropped-logo_new-1.png\",\"contentUrl\":\"https:\\\/\\\/blogdofarnesio.com.br\\\/wp-content\\\/uploads\\\/2026\\\/03\\\/cropped-logo_new-1.png\",\"width\":881,\"height\":685,\"caption\":\"Blog do Farn\u00e9sio\"},\"image\":{\"@id\":\"https:\\\/\\\/blogdofarnesio.com.br\\\/#\\\/schema\\\/logo\\\/image\\\/\"},\"sameAs\":[\"https:\\\/\\\/www.facebook.com\\\/BlogQuerSaberPolitica\\\/\"]},{\"@type\":\"Person\",\"@id\":\"https:\\\/\\\/blogdofarnesio.com.br\\\/#\\\/schema\\\/person\\\/bb9b23ae3ad0609ce8df7b6c9e76824d\",\"name\":\"Farn\u00e9sio\",\"image\":{\"@type\":\"ImageObject\",\"inLanguage\":\"pt-BR\",\"@id\":\"https:\\\/\\\/secure.gravatar.com\\\/avatar\\\/986aa4c61ccdb66f8555bf88fc2a65609d00bcabd4d2d94377a727547345cbca?s=96&d=mm&r=g\",\"url\":\"https:\\\/\\\/secure.gravatar.com\\\/avatar\\\/986aa4c61ccdb66f8555bf88fc2a65609d00bcabd4d2d94377a727547345cbca?s=96&d=mm&r=g\",\"contentUrl\":\"https:\\\/\\\/secure.gravatar.com\\\/avatar\\\/986aa4c61ccdb66f8555bf88fc2a65609d00bcabd4d2d94377a727547345cbca?s=96&d=mm&r=g\",\"caption\":\"Farn\u00e9sio\"},\"description\":\"Radialista blogueiro, chegou a Petrolina\\\/Juazeiro em setembro de 1980, Farn\u00e9sio Silva \u00e9 de Arapiraca-Alagoas.\",\"sameAs\":[\"http:\\\/\\\/blogdofarnesio.com.br\",\"https:\\\/\\\/www.facebook.com\\\/?ref=tn_tnmn\",\"https:\\\/\\\/www.instagram.com\\\/?utm_source=pwa_homescreen\",\"https:\\\/\\\/youtube.com.br\\\/\"],\"url\":\"https:\\\/\\\/blogdofarnesio.com.br\\\/?author=2\"}]}<\/script>\n<!-- \/ Yoast SEO plugin. -->","yoast_head_json":{"title":"Pelo Santo do Nordeste e pelo Artes\u00e3o da Paz - Blog do Farn\u00e9sio","robots":{"index":"index","follow":"follow","max-snippet":"max-snippet:-1","max-image-preview":"max-image-preview:large","max-video-preview":"max-video-preview:-1"},"canonical":"https:\/\/blogdofarnesio.com.br\/?p=305271","og_locale":"pt_BR","og_type":"article","og_title":"Pelo Santo do Nordeste e pelo Artes\u00e3o da Paz - Blog do Farn\u00e9sio","og_description":"Por Jos\u00e9 Rog\u00e9rio de Sousa Santos* Num momento em que o Brasil atravessa a trag\u00e9dia da desinforma\u00e7\u00e3o como pol\u00edtica de governo e de manipula\u00e7\u00e3o das massas, afetando a vida das pessoas atrav\u00e9s do negacionismo ultrapassado, o governo Jair Bolsonaro, respons\u00e1vel pela volta da fome, da maior infla\u00e7\u00e3o da d\u00e9cada, da desesperan\u00e7a, do \u00f3dio, da xenofobia, da homofobia, da discrimina\u00e7\u00e3o, do racismo e tantas outras lament\u00e1veis pr\u00e1ticas, anuncia \u00e0 sociedade brasileira um decreto de luto pela morte de um dos seus expoentes, um expert em mat\u00e9ria de enganar e disseminar desinforma\u00e7\u00e3o at\u00e9 mesmo contra \u00e0 vida humana. \u00c9 nesse contexto que at\u00f4nitos, tomamos conhecimento que Jair Bolsonaro em mais um ato de persegui\u00e7\u00e3o ideol\u00f3gica \u00e0 figuras p\u00fablicas que contribu\u00edram decisivamente para&hellip;","og_url":"https:\/\/blogdofarnesio.com.br\/?p=305271","og_site_name":"Blog do Farn\u00e9sio","article_publisher":"https:\/\/www.facebook.com\/BlogQuerSaberPolitica\/","article_author":"https:\/\/www.facebook.com\/?ref=tn_tnmn","article_published_time":"2022-01-29T15:02:28+00:00","og_image":[{"width":620,"height":372,"url":"https:\/\/blogdofarnesio.com.br\/wp-content\/uploads\/2019\/03\/blogqspfreidamiao.jpg","type":"image\/jpeg"}],"author":"Farn\u00e9sio","twitter_card":"summary_large_image","twitter_misc":{"Escrito por":"Farn\u00e9sio","Est. tempo de leitura":"5 minutos"},"schema":{"@context":"https:\/\/schema.org","@graph":[{"@type":"Article","@id":"https:\/\/blogdofarnesio.com.br\/?p=305271#article","isPartOf":{"@id":"https:\/\/blogdofarnesio.com.br\/?p=305271"},"author":{"name":"Farn\u00e9sio","@id":"https:\/\/blogdofarnesio.com.br\/#\/schema\/person\/bb9b23ae3ad0609ce8df7b6c9e76824d"},"headline":"Pelo Santo do Nordeste e pelo Artes\u00e3o da Paz","datePublished":"2022-01-29T15:02:28+00:00","mainEntityOfPage":{"@id":"https:\/\/blogdofarnesio.com.br\/?p=305271"},"wordCount":887,"commentCount":0,"publisher":{"@id":"https:\/\/blogdofarnesio.com.br\/#organization"},"image":{"@id":"https:\/\/blogdofarnesio.com.br\/?p=305271#primaryimage"},"thumbnailUrl":"https:\/\/blogdofarnesio.com.br\/wp-content\/uploads\/2019\/03\/blogqspfreidamiao.jpg","articleSection":["Artigo"],"inLanguage":"pt-BR","potentialAction":[{"@type":"CommentAction","name":"Comment","target":["https:\/\/blogdofarnesio.com.br\/?p=305271#respond"]}]},{"@type":"WebPage","@id":"https:\/\/blogdofarnesio.com.br\/?p=305271","url":"https:\/\/blogdofarnesio.com.br\/?p=305271","name":"Pelo Santo do Nordeste e pelo Artes\u00e3o da Paz - Blog do Farn\u00e9sio","isPartOf":{"@id":"https:\/\/blogdofarnesio.com.br\/#website"},"primaryImageOfPage":{"@id":"https:\/\/blogdofarnesio.com.br\/?p=305271#primaryimage"},"image":{"@id":"https:\/\/blogdofarnesio.com.br\/?p=305271#primaryimage"},"thumbnailUrl":"https:\/\/blogdofarnesio.com.br\/wp-content\/uploads\/2019\/03\/blogqspfreidamiao.jpg","datePublished":"2022-01-29T15:02:28+00:00","breadcrumb":{"@id":"https:\/\/blogdofarnesio.com.br\/?p=305271#breadcrumb"},"inLanguage":"pt-BR","potentialAction":[{"@type":"ReadAction","target":["https:\/\/blogdofarnesio.com.br\/?p=305271"]}]},{"@type":"ImageObject","inLanguage":"pt-BR","@id":"https:\/\/blogdofarnesio.com.br\/?p=305271#primaryimage","url":"https:\/\/blogdofarnesio.com.br\/wp-content\/uploads\/2019\/03\/blogqspfreidamiao.jpg","contentUrl":"https:\/\/blogdofarnesio.com.br\/wp-content\/uploads\/2019\/03\/blogqspfreidamiao.jpg","width":620,"height":372},{"@type":"BreadcrumbList","@id":"https:\/\/blogdofarnesio.com.br\/?p=305271#breadcrumb","itemListElement":[{"@type":"ListItem","position":1,"name":"In\u00edcio","item":"https:\/\/blogdofarnesio.com.br\/"},{"@type":"ListItem","position":2,"name":"Pelo Santo do Nordeste e pelo Artes\u00e3o da Paz"}]},{"@type":"WebSite","@id":"https:\/\/blogdofarnesio.com.br\/#website","url":"https:\/\/blogdofarnesio.com.br\/","name":"Blog do Farn\u00e9sio","description":"Quer Saber Pol\u00edtica?","publisher":{"@id":"https:\/\/blogdofarnesio.com.br\/#organization"},"potentialAction":[{"@type":"SearchAction","target":{"@type":"EntryPoint","urlTemplate":"https:\/\/blogdofarnesio.com.br\/?s={search_term_string}"},"query-input":{"@type":"PropertyValueSpecification","valueRequired":true,"valueName":"search_term_string"}}],"inLanguage":"pt-BR"},{"@type":"Organization","@id":"https:\/\/blogdofarnesio.com.br\/#organization","name":"Blog do Farn\u00e9sio","url":"https:\/\/blogdofarnesio.com.br\/","logo":{"@type":"ImageObject","inLanguage":"pt-BR","@id":"https:\/\/blogdofarnesio.com.br\/#\/schema\/logo\/image\/","url":"https:\/\/blogdofarnesio.com.br\/wp-content\/uploads\/2026\/03\/cropped-logo_new-1.png","contentUrl":"https:\/\/blogdofarnesio.com.br\/wp-content\/uploads\/2026\/03\/cropped-logo_new-1.png","width":881,"height":685,"caption":"Blog do Farn\u00e9sio"},"image":{"@id":"https:\/\/blogdofarnesio.com.br\/#\/schema\/logo\/image\/"},"sameAs":["https:\/\/www.facebook.com\/BlogQuerSaberPolitica\/"]},{"@type":"Person","@id":"https:\/\/blogdofarnesio.com.br\/#\/schema\/person\/bb9b23ae3ad0609ce8df7b6c9e76824d","name":"Farn\u00e9sio","image":{"@type":"ImageObject","inLanguage":"pt-BR","@id":"https:\/\/secure.gravatar.com\/avatar\/986aa4c61ccdb66f8555bf88fc2a65609d00bcabd4d2d94377a727547345cbca?s=96&d=mm&r=g","url":"https:\/\/secure.gravatar.com\/avatar\/986aa4c61ccdb66f8555bf88fc2a65609d00bcabd4d2d94377a727547345cbca?s=96&d=mm&r=g","contentUrl":"https:\/\/secure.gravatar.com\/avatar\/986aa4c61ccdb66f8555bf88fc2a65609d00bcabd4d2d94377a727547345cbca?s=96&d=mm&r=g","caption":"Farn\u00e9sio"},"description":"Radialista blogueiro, chegou a Petrolina\/Juazeiro em setembro de 1980, Farn\u00e9sio Silva \u00e9 de Arapiraca-Alagoas.","sameAs":["http:\/\/blogdofarnesio.com.br","https:\/\/www.facebook.com\/?ref=tn_tnmn","https:\/\/www.instagram.com\/?utm_source=pwa_homescreen","https:\/\/youtube.com.br\/"],"url":"https:\/\/blogdofarnesio.com.br\/?author=2"}]}},"_links":{"self":[{"href":"https:\/\/blogdofarnesio.com.br\/index.php?rest_route=\/wp\/v2\/posts\/305271","targetHints":{"allow":["GET"]}}],"collection":[{"href":"https:\/\/blogdofarnesio.com.br\/index.php?rest_route=\/wp\/v2\/posts"}],"about":[{"href":"https:\/\/blogdofarnesio.com.br\/index.php?rest_route=\/wp\/v2\/types\/post"}],"author":[{"embeddable":true,"href":"https:\/\/blogdofarnesio.com.br\/index.php?rest_route=\/wp\/v2\/users\/2"}],"replies":[{"embeddable":true,"href":"https:\/\/blogdofarnesio.com.br\/index.php?rest_route=%2Fwp%2Fv2%2Fcomments&post=305271"}],"version-history":[{"count":0,"href":"https:\/\/blogdofarnesio.com.br\/index.php?rest_route=\/wp\/v2\/posts\/305271\/revisions"}],"wp:featuredmedia":[{"embeddable":true,"href":"https:\/\/blogdofarnesio.com.br\/index.php?rest_route=\/wp\/v2\/media\/224615"}],"wp:attachment":[{"href":"https:\/\/blogdofarnesio.com.br\/index.php?rest_route=%2Fwp%2Fv2%2Fmedia&parent=305271"}],"wp:term":[{"taxonomy":"category","embeddable":true,"href":"https:\/\/blogdofarnesio.com.br\/index.php?rest_route=%2Fwp%2Fv2%2Fcategories&post=305271"},{"taxonomy":"post_tag","embeddable":true,"href":"https:\/\/blogdofarnesio.com.br\/index.php?rest_route=%2Fwp%2Fv2%2Ftags&post=305271"}],"curies":[{"name":"wp","href":"https:\/\/api.w.org\/{rel}","templated":true}]}}