{"id":30448,"date":"2013-03-07T10:00:02","date_gmt":"2013-03-07T13:00:02","guid":{"rendered":"http:\/\/www.quersaberpolitica.com.br\/?p=30448"},"modified":"2013-03-07T10:32:33","modified_gmt":"2013-03-07T13:32:33","slug":"estuprador-foragido-do-presidio-de-petrolina-e-em-tacaratu","status":"publish","type":"post","link":"https:\/\/blogdofarnesio.com.br\/?p=30448","title":{"rendered":"ESTUPRADOR FORAGIDO DO PRES\u00cdDIO DE PETROLINA \u00c9 PRESO EM TACARATU"},"content":{"rendered":"<p><img loading=\"lazy\" decoding=\"async\" class=\"alignleft size-medium wp-image-30449\" style=\"color: #333333;font-style: normal;line-height: 24px\" alt=\"Blogqsp.foragido\" src=\"http:\/\/www.quersaberpolitica.com.br\/2016\/wp-content\/uploads\/2013\/03\/Blogqsp.foragido-300x225.jpg\" width=\"300\" height=\"225\" srcset=\"https:\/\/blogdofarnesio.com.br\/wp-content\/uploads\/2013\/03\/Blogqsp.foragido-300x225.jpg 300w, https:\/\/blogdofarnesio.com.br\/wp-content\/uploads\/2013\/03\/Blogqsp.foragido-1024x768.jpg 1024w, https:\/\/blogdofarnesio.com.br\/wp-content\/uploads\/2013\/03\/Blogqsp.foragido-400x300.jpg 400w\" sizes=\"auto, (max-width: 300px) 100vw, 300px\" \/><\/p>\n<p style=\"text-align: justify\">Ap\u00f3s investiga\u00e7\u00e3o realizada por Policiais Civis da equipe Malhas da Lei e policiais da Opera\u00e7\u00e3o Refloresta da 22\u00aa Delegacia Seccional de Floresta, foi preso na manh\u00e3 de hoje (06), Sandro Rodrigues de Oliveira, 32 anos, acusado de estupro que desde julho de 2012 se encontrava foragido do<\/p>\n<p style=\"text-align: justify\">Pres\u00eddio Doutor Edvaldo Gomes, Petrolina.<\/p>\n<p style=\"text-align: justify\">O acusado foi preso em virtude de mandado de pris\u00e3o expedido pela Vara de Execu\u00e7\u00f5es Penais do Estado de Pernambuco, no S\u00edtio Tiririca na cidade de Tacaratu, sert\u00e3o do estado, onde estava escondido. Com o acusado os policiais encontraram uma espingarda calibre 28, com dezessete muni\u00e7\u00f5es do mesmo calibre e ainda uma espingarda tipo soca-soca carregada.<!--more--><\/p>\n<p style=\"text-align: justify\">Al\u00e9m do mandado de pris\u00e3o, Sandro Rodrigues foi autuado por posse ilegal de arma de fogo. De acordo com o Delegado Jairo Marinho que coordenou a a\u00e7\u00e3o, SANDRO era bastante temido na localidade em que estava escondido por possuir uma m\u00e1 fama de estuprador, tendo inclusive seus pr\u00f3prios familiares, abandonaram o local em que viviam para n\u00e3o ter contato com o mesmo.<\/p>\n<p style=\"text-align: justify\">O acusado possui ainda antecedentes criminais, onde responde por furto e recepta\u00e7\u00e3o. Ap\u00f3s ser apresentado a delegacia de Floresta para lavratura do flagrante e realiza\u00e7\u00e3o dos procedimentos de praxe, Sandro Rodrigues foi recolhido no Pres\u00eddio de Salgueiro, onde permanece a disposi\u00e7\u00e3o da justi\u00e7a.<\/p>\n","protected":false},"excerpt":{"rendered":"<p>Ap\u00f3s investiga\u00e7\u00e3o realizada por Policiais Civis da equipe Malhas da Lei e policiais da Opera\u00e7\u00e3o Refloresta da 22\u00aa Delegacia Seccional de Floresta, foi preso na manh\u00e3 de hoje (06), Sandro Rodrigues de Oliveira, 32 anos, acusado de estupro que desde julho de 2012 se encontrava foragido do Pres\u00eddio Doutor Edvaldo Gomes, Petrolina. O acusado foi preso em virtude de mandado de pris\u00e3o expedido pela Vara de Execu\u00e7\u00f5es Penais do Estado de Pernambuco, no S\u00edtio Tiririca na cidade de Tacaratu, sert\u00e3o do estado, onde estava escondido. Com o acusado os policiais encontraram uma espingarda calibre 28, com dezessete muni\u00e7\u00f5es do mesmo calibre e ainda uma espingarda tipo soca-soca carregada.<\/p>\n","protected":false},"author":3,"featured_media":0,"comment_status":"open","ping_status":"open","sticky":false,"template":"","format":"standard","meta":{"_acf_changed":false,"footnotes":""},"categories":[9],"tags":[],"class_list":["post-30448","post","type-post","status-publish","format-standard","hentry","category-policia"],"acf":[],"yoast_head":"<!-- This site is optimized with the Yoast SEO plugin v27.4 - https:\/\/yoast.com\/product\/yoast-seo-wordpress\/ -->\n<title>ESTUPRADOR FORAGIDO DO PRES\u00cdDIO DE PETROLINA \u00c9 PRESO EM TACARATU - Blog do Farn\u00e9sio<\/title>\n<meta name=\"robots\" content=\"index, follow, max-snippet:-1, max-image-preview:large, max-video-preview:-1\" \/>\n<link rel=\"canonical\" href=\"https:\/\/blogdofarnesio.com.br\/?p=30448\" \/>\n<meta property=\"og:locale\" content=\"pt_BR\" \/>\n<meta property=\"og:type\" content=\"article\" \/>\n<meta property=\"og:title\" content=\"ESTUPRADOR FORAGIDO DO PRES\u00cdDIO DE PETROLINA \u00c9 PRESO EM TACARATU - Blog do Farn\u00e9sio\" \/>\n<meta property=\"og:description\" content=\"Ap\u00f3s investiga\u00e7\u00e3o realizada por Policiais Civis da equipe Malhas da Lei e policiais da Opera\u00e7\u00e3o Refloresta da 22\u00aa Delegacia Seccional de Floresta, foi preso na manh\u00e3 de hoje (06), Sandro Rodrigues de Oliveira, 32 anos, acusado de estupro que desde julho de 2012 se encontrava foragido do Pres\u00eddio Doutor Edvaldo Gomes, Petrolina. O acusado foi preso em virtude de mandado de pris\u00e3o expedido pela Vara de Execu\u00e7\u00f5es Penais do Estado de Pernambuco, no S\u00edtio Tiririca na cidade de Tacaratu, sert\u00e3o do estado, onde estava escondido. Com o acusado os policiais encontraram uma espingarda calibre 28, com dezessete muni\u00e7\u00f5es do mesmo calibre e ainda uma espingarda tipo soca-soca carregada.\" \/>\n<meta property=\"og:url\" content=\"https:\/\/blogdofarnesio.com.br\/?p=30448\" \/>\n<meta property=\"og:site_name\" content=\"Blog do Farn\u00e9sio\" \/>\n<meta property=\"article:publisher\" content=\"https:\/\/www.facebook.com\/BlogQuerSaberPolitica\/\" \/>\n<meta property=\"article:published_time\" content=\"2013-03-07T13:00:02+00:00\" \/>\n<meta property=\"article:modified_time\" content=\"2013-03-07T13:32:33+00:00\" \/>\n<meta property=\"og:image\" content=\"http:\/\/www.quersaberpolitica.com.br\/2016\/wp-content\/uploads\/2013\/03\/Blogqsp.foragido-300x225.jpg\" \/>\n<meta name=\"author\" content=\"teste\" \/>\n<meta name=\"twitter:card\" content=\"summary_large_image\" \/>\n<meta name=\"twitter:label1\" content=\"Escrito por\" \/>\n\t<meta name=\"twitter:data1\" content=\"teste\" \/>\n\t<meta name=\"twitter:label2\" content=\"Est. tempo de leitura\" \/>\n\t<meta name=\"twitter:data2\" content=\"1 minuto\" \/>\n<script type=\"application\/ld+json\" class=\"yoast-schema-graph\">{\"@context\":\"https:\\\/\\\/schema.org\",\"@graph\":[{\"@type\":\"Article\",\"@id\":\"https:\\\/\\\/blogdofarnesio.com.br\\\/?p=30448#article\",\"isPartOf\":{\"@id\":\"https:\\\/\\\/blogdofarnesio.com.br\\\/?p=30448\"},\"author\":{\"name\":\"teste\",\"@id\":\"https:\\\/\\\/blogdofarnesio.com.br\\\/#\\\/schema\\\/person\\\/dd1bf5eba40b687199ba45ca6b97dff9\"},\"headline\":\"ESTUPRADOR FORAGIDO DO PRES\u00cdDIO DE PETROLINA \u00c9 PRESO EM TACARATU\",\"datePublished\":\"2013-03-07T13:00:02+00:00\",\"dateModified\":\"2013-03-07T13:32:33+00:00\",\"mainEntityOfPage\":{\"@id\":\"https:\\\/\\\/blogdofarnesio.com.br\\\/?p=30448\"},\"wordCount\":238,\"commentCount\":0,\"publisher\":{\"@id\":\"https:\\\/\\\/blogdofarnesio.com.br\\\/#organization\"},\"image\":{\"@id\":\"https:\\\/\\\/blogdofarnesio.com.br\\\/?p=30448#primaryimage\"},\"thumbnailUrl\":\"http:\\\/\\\/www.quersaberpolitica.com.br\\\/2016\\\/wp-content\\\/uploads\\\/2013\\\/03\\\/Blogqsp.foragido-300x225.jpg\",\"articleSection\":[\"Pol\u00edcia\"],\"inLanguage\":\"pt-BR\",\"potentialAction\":[{\"@type\":\"CommentAction\",\"name\":\"Comment\",\"target\":[\"https:\\\/\\\/blogdofarnesio.com.br\\\/?p=30448#respond\"]}]},{\"@type\":\"WebPage\",\"@id\":\"https:\\\/\\\/blogdofarnesio.com.br\\\/?p=30448\",\"url\":\"https:\\\/\\\/blogdofarnesio.com.br\\\/?p=30448\",\"name\":\"ESTUPRADOR FORAGIDO DO PRES\u00cdDIO DE PETROLINA \u00c9 PRESO EM TACARATU - Blog do Farn\u00e9sio\",\"isPartOf\":{\"@id\":\"https:\\\/\\\/blogdofarnesio.com.br\\\/#website\"},\"primaryImageOfPage\":{\"@id\":\"https:\\\/\\\/blogdofarnesio.com.br\\\/?p=30448#primaryimage\"},\"image\":{\"@id\":\"https:\\\/\\\/blogdofarnesio.com.br\\\/?p=30448#primaryimage\"},\"thumbnailUrl\":\"http:\\\/\\\/www.quersaberpolitica.com.br\\\/2016\\\/wp-content\\\/uploads\\\/2013\\\/03\\\/Blogqsp.foragido-300x225.jpg\",\"datePublished\":\"2013-03-07T13:00:02+00:00\",\"dateModified\":\"2013-03-07T13:32:33+00:00\",\"breadcrumb\":{\"@id\":\"https:\\\/\\\/blogdofarnesio.com.br\\\/?p=30448#breadcrumb\"},\"inLanguage\":\"pt-BR\",\"potentialAction\":[{\"@type\":\"ReadAction\",\"target\":[\"https:\\\/\\\/blogdofarnesio.com.br\\\/?p=30448\"]}]},{\"@type\":\"ImageObject\",\"inLanguage\":\"pt-BR\",\"@id\":\"https:\\\/\\\/blogdofarnesio.com.br\\\/?p=30448#primaryimage\",\"url\":\"http:\\\/\\\/www.quersaberpolitica.com.br\\\/2016\\\/wp-content\\\/uploads\\\/2013\\\/03\\\/Blogqsp.foragido-300x225.jpg\",\"contentUrl\":\"http:\\\/\\\/www.quersaberpolitica.com.br\\\/2016\\\/wp-content\\\/uploads\\\/2013\\\/03\\\/Blogqsp.foragido-300x225.jpg\"},{\"@type\":\"BreadcrumbList\",\"@id\":\"https:\\\/\\\/blogdofarnesio.com.br\\\/?p=30448#breadcrumb\",\"itemListElement\":[{\"@type\":\"ListItem\",\"position\":1,\"name\":\"In\u00edcio\",\"item\":\"https:\\\/\\\/blogdofarnesio.com.br\\\/\"},{\"@type\":\"ListItem\",\"position\":2,\"name\":\"ESTUPRADOR FORAGIDO DO PRES\u00cdDIO DE PETROLINA \u00c9 PRESO EM TACARATU\"}]},{\"@type\":\"WebSite\",\"@id\":\"https:\\\/\\\/blogdofarnesio.com.br\\\/#website\",\"url\":\"https:\\\/\\\/blogdofarnesio.com.br\\\/\",\"name\":\"Blog do Farn\u00e9sio\",\"description\":\"Quer Saber Pol\u00edtica?\",\"publisher\":{\"@id\":\"https:\\\/\\\/blogdofarnesio.com.br\\\/#organization\"},\"potentialAction\":[{\"@type\":\"SearchAction\",\"target\":{\"@type\":\"EntryPoint\",\"urlTemplate\":\"https:\\\/\\\/blogdofarnesio.com.br\\\/?s={search_term_string}\"},\"query-input\":{\"@type\":\"PropertyValueSpecification\",\"valueRequired\":true,\"valueName\":\"search_term_string\"}}],\"inLanguage\":\"pt-BR\"},{\"@type\":\"Organization\",\"@id\":\"https:\\\/\\\/blogdofarnesio.com.br\\\/#organization\",\"name\":\"Blog do Farn\u00e9sio\",\"url\":\"https:\\\/\\\/blogdofarnesio.com.br\\\/\",\"logo\":{\"@type\":\"ImageObject\",\"inLanguage\":\"pt-BR\",\"@id\":\"https:\\\/\\\/blogdofarnesio.com.br\\\/#\\\/schema\\\/logo\\\/image\\\/\",\"url\":\"https:\\\/\\\/blogdofarnesio.com.br\\\/wp-content\\\/uploads\\\/2026\\\/03\\\/cropped-logo_new-1.png\",\"contentUrl\":\"https:\\\/\\\/blogdofarnesio.com.br\\\/wp-content\\\/uploads\\\/2026\\\/03\\\/cropped-logo_new-1.png\",\"width\":881,\"height\":685,\"caption\":\"Blog do Farn\u00e9sio\"},\"image\":{\"@id\":\"https:\\\/\\\/blogdofarnesio.com.br\\\/#\\\/schema\\\/logo\\\/image\\\/\"},\"sameAs\":[\"https:\\\/\\\/www.facebook.com\\\/BlogQuerSaberPolitica\\\/\"]},{\"@type\":\"Person\",\"@id\":\"https:\\\/\\\/blogdofarnesio.com.br\\\/#\\\/schema\\\/person\\\/dd1bf5eba40b687199ba45ca6b97dff9\",\"name\":\"teste\",\"image\":{\"@type\":\"ImageObject\",\"inLanguage\":\"pt-BR\",\"@id\":\"https:\\\/\\\/secure.gravatar.com\\\/avatar\\\/2172498d4914b51e1d89a0f97957b035ac4938723a5cac208135d389b6972a6d?s=96&d=mm&r=g\",\"url\":\"https:\\\/\\\/secure.gravatar.com\\\/avatar\\\/2172498d4914b51e1d89a0f97957b035ac4938723a5cac208135d389b6972a6d?s=96&d=mm&r=g\",\"contentUrl\":\"https:\\\/\\\/secure.gravatar.com\\\/avatar\\\/2172498d4914b51e1d89a0f97957b035ac4938723a5cac208135d389b6972a6d?s=96&d=mm&r=g\",\"caption\":\"teste\"},\"url\":\"https:\\\/\\\/blogdofarnesio.com.br\\\/?author=3\"}]}<\/script>\n<!-- \/ Yoast SEO plugin. -->","yoast_head_json":{"title":"ESTUPRADOR FORAGIDO DO PRES\u00cdDIO DE PETROLINA \u00c9 PRESO EM TACARATU - Blog do Farn\u00e9sio","robots":{"index":"index","follow":"follow","max-snippet":"max-snippet:-1","max-image-preview":"max-image-preview:large","max-video-preview":"max-video-preview:-1"},"canonical":"https:\/\/blogdofarnesio.com.br\/?p=30448","og_locale":"pt_BR","og_type":"article","og_title":"ESTUPRADOR FORAGIDO DO PRES\u00cdDIO DE PETROLINA \u00c9 PRESO EM TACARATU - Blog do Farn\u00e9sio","og_description":"Ap\u00f3s investiga\u00e7\u00e3o realizada por Policiais Civis da equipe Malhas da Lei e policiais da Opera\u00e7\u00e3o Refloresta da 22\u00aa Delegacia Seccional de Floresta, foi preso na manh\u00e3 de hoje (06), Sandro Rodrigues de Oliveira, 32 anos, acusado de estupro que desde julho de 2012 se encontrava foragido do Pres\u00eddio Doutor Edvaldo Gomes, Petrolina. O acusado foi preso em virtude de mandado de pris\u00e3o expedido pela Vara de Execu\u00e7\u00f5es Penais do Estado de Pernambuco, no S\u00edtio Tiririca na cidade de Tacaratu, sert\u00e3o do estado, onde estava escondido. Com o acusado os policiais encontraram uma espingarda calibre 28, com dezessete muni\u00e7\u00f5es do mesmo calibre e ainda uma espingarda tipo soca-soca carregada.","og_url":"https:\/\/blogdofarnesio.com.br\/?p=30448","og_site_name":"Blog do Farn\u00e9sio","article_publisher":"https:\/\/www.facebook.com\/BlogQuerSaberPolitica\/","article_published_time":"2013-03-07T13:00:02+00:00","article_modified_time":"2013-03-07T13:32:33+00:00","og_image":[{"url":"http:\/\/www.quersaberpolitica.com.br\/2016\/wp-content\/uploads\/2013\/03\/Blogqsp.foragido-300x225.jpg","type":"","width":"","height":""}],"author":"teste","twitter_card":"summary_large_image","twitter_misc":{"Escrito por":"teste","Est. tempo de leitura":"1 minuto"},"schema":{"@context":"https:\/\/schema.org","@graph":[{"@type":"Article","@id":"https:\/\/blogdofarnesio.com.br\/?p=30448#article","isPartOf":{"@id":"https:\/\/blogdofarnesio.com.br\/?p=30448"},"author":{"name":"teste","@id":"https:\/\/blogdofarnesio.com.br\/#\/schema\/person\/dd1bf5eba40b687199ba45ca6b97dff9"},"headline":"ESTUPRADOR FORAGIDO DO PRES\u00cdDIO DE PETROLINA \u00c9 PRESO EM TACARATU","datePublished":"2013-03-07T13:00:02+00:00","dateModified":"2013-03-07T13:32:33+00:00","mainEntityOfPage":{"@id":"https:\/\/blogdofarnesio.com.br\/?p=30448"},"wordCount":238,"commentCount":0,"publisher":{"@id":"https:\/\/blogdofarnesio.com.br\/#organization"},"image":{"@id":"https:\/\/blogdofarnesio.com.br\/?p=30448#primaryimage"},"thumbnailUrl":"http:\/\/www.quersaberpolitica.com.br\/2016\/wp-content\/uploads\/2013\/03\/Blogqsp.foragido-300x225.jpg","articleSection":["Pol\u00edcia"],"inLanguage":"pt-BR","potentialAction":[{"@type":"CommentAction","name":"Comment","target":["https:\/\/blogdofarnesio.com.br\/?p=30448#respond"]}]},{"@type":"WebPage","@id":"https:\/\/blogdofarnesio.com.br\/?p=30448","url":"https:\/\/blogdofarnesio.com.br\/?p=30448","name":"ESTUPRADOR FORAGIDO DO PRES\u00cdDIO DE PETROLINA \u00c9 PRESO EM TACARATU - Blog do Farn\u00e9sio","isPartOf":{"@id":"https:\/\/blogdofarnesio.com.br\/#website"},"primaryImageOfPage":{"@id":"https:\/\/blogdofarnesio.com.br\/?p=30448#primaryimage"},"image":{"@id":"https:\/\/blogdofarnesio.com.br\/?p=30448#primaryimage"},"thumbnailUrl":"http:\/\/www.quersaberpolitica.com.br\/2016\/wp-content\/uploads\/2013\/03\/Blogqsp.foragido-300x225.jpg","datePublished":"2013-03-07T13:00:02+00:00","dateModified":"2013-03-07T13:32:33+00:00","breadcrumb":{"@id":"https:\/\/blogdofarnesio.com.br\/?p=30448#breadcrumb"},"inLanguage":"pt-BR","potentialAction":[{"@type":"ReadAction","target":["https:\/\/blogdofarnesio.com.br\/?p=30448"]}]},{"@type":"ImageObject","inLanguage":"pt-BR","@id":"https:\/\/blogdofarnesio.com.br\/?p=30448#primaryimage","url":"http:\/\/www.quersaberpolitica.com.br\/2016\/wp-content\/uploads\/2013\/03\/Blogqsp.foragido-300x225.jpg","contentUrl":"http:\/\/www.quersaberpolitica.com.br\/2016\/wp-content\/uploads\/2013\/03\/Blogqsp.foragido-300x225.jpg"},{"@type":"BreadcrumbList","@id":"https:\/\/blogdofarnesio.com.br\/?p=30448#breadcrumb","itemListElement":[{"@type":"ListItem","position":1,"name":"In\u00edcio","item":"https:\/\/blogdofarnesio.com.br\/"},{"@type":"ListItem","position":2,"name":"ESTUPRADOR FORAGIDO DO PRES\u00cdDIO DE PETROLINA \u00c9 PRESO EM TACARATU"}]},{"@type":"WebSite","@id":"https:\/\/blogdofarnesio.com.br\/#website","url":"https:\/\/blogdofarnesio.com.br\/","name":"Blog do Farn\u00e9sio","description":"Quer Saber Pol\u00edtica?","publisher":{"@id":"https:\/\/blogdofarnesio.com.br\/#organization"},"potentialAction":[{"@type":"SearchAction","target":{"@type":"EntryPoint","urlTemplate":"https:\/\/blogdofarnesio.com.br\/?s={search_term_string}"},"query-input":{"@type":"PropertyValueSpecification","valueRequired":true,"valueName":"search_term_string"}}],"inLanguage":"pt-BR"},{"@type":"Organization","@id":"https:\/\/blogdofarnesio.com.br\/#organization","name":"Blog do Farn\u00e9sio","url":"https:\/\/blogdofarnesio.com.br\/","logo":{"@type":"ImageObject","inLanguage":"pt-BR","@id":"https:\/\/blogdofarnesio.com.br\/#\/schema\/logo\/image\/","url":"https:\/\/blogdofarnesio.com.br\/wp-content\/uploads\/2026\/03\/cropped-logo_new-1.png","contentUrl":"https:\/\/blogdofarnesio.com.br\/wp-content\/uploads\/2026\/03\/cropped-logo_new-1.png","width":881,"height":685,"caption":"Blog do Farn\u00e9sio"},"image":{"@id":"https:\/\/blogdofarnesio.com.br\/#\/schema\/logo\/image\/"},"sameAs":["https:\/\/www.facebook.com\/BlogQuerSaberPolitica\/"]},{"@type":"Person","@id":"https:\/\/blogdofarnesio.com.br\/#\/schema\/person\/dd1bf5eba40b687199ba45ca6b97dff9","name":"teste","image":{"@type":"ImageObject","inLanguage":"pt-BR","@id":"https:\/\/secure.gravatar.com\/avatar\/2172498d4914b51e1d89a0f97957b035ac4938723a5cac208135d389b6972a6d?s=96&d=mm&r=g","url":"https:\/\/secure.gravatar.com\/avatar\/2172498d4914b51e1d89a0f97957b035ac4938723a5cac208135d389b6972a6d?s=96&d=mm&r=g","contentUrl":"https:\/\/secure.gravatar.com\/avatar\/2172498d4914b51e1d89a0f97957b035ac4938723a5cac208135d389b6972a6d?s=96&d=mm&r=g","caption":"teste"},"url":"https:\/\/blogdofarnesio.com.br\/?author=3"}]}},"_links":{"self":[{"href":"https:\/\/blogdofarnesio.com.br\/index.php?rest_route=\/wp\/v2\/posts\/30448","targetHints":{"allow":["GET"]}}],"collection":[{"href":"https:\/\/blogdofarnesio.com.br\/index.php?rest_route=\/wp\/v2\/posts"}],"about":[{"href":"https:\/\/blogdofarnesio.com.br\/index.php?rest_route=\/wp\/v2\/types\/post"}],"author":[{"embeddable":true,"href":"https:\/\/blogdofarnesio.com.br\/index.php?rest_route=\/wp\/v2\/users\/3"}],"replies":[{"embeddable":true,"href":"https:\/\/blogdofarnesio.com.br\/index.php?rest_route=%2Fwp%2Fv2%2Fcomments&post=30448"}],"version-history":[{"count":0,"href":"https:\/\/blogdofarnesio.com.br\/index.php?rest_route=\/wp\/v2\/posts\/30448\/revisions"}],"wp:attachment":[{"href":"https:\/\/blogdofarnesio.com.br\/index.php?rest_route=%2Fwp%2Fv2%2Fmedia&parent=30448"}],"wp:term":[{"taxonomy":"category","embeddable":true,"href":"https:\/\/blogdofarnesio.com.br\/index.php?rest_route=%2Fwp%2Fv2%2Fcategories&post=30448"},{"taxonomy":"post_tag","embeddable":true,"href":"https:\/\/blogdofarnesio.com.br\/index.php?rest_route=%2Fwp%2Fv2%2Ftags&post=30448"}],"curies":[{"name":"wp","href":"https:\/\/api.w.org\/{rel}","templated":true}]}}