{"id":304304,"date":"2022-01-17T09:42:45","date_gmt":"2022-01-17T12:42:45","guid":{"rendered":"https:\/\/blogdofarnesio.com.br\/?p=304304"},"modified":"2022-01-16T15:16:33","modified_gmt":"2022-01-16T18:16:33","slug":"creche-e-colegios-da-policia-militar-abrem-inscricoes-nesta-segunda-feira-para-sorteio-eletronico-com-vagas-para-juazeiro","status":"publish","type":"post","link":"https:\/\/blogdofarnesio.com.br\/?p=304304","title":{"rendered":"Creche e col\u00e9gios da Pol\u00edcia Militar abrem inscri\u00e7\u00f5es nesta segunda feira para sorteio eletr\u00f4nico com vagas para Juazeiro"},"content":{"rendered":"<div class=\"row content-head non-featured \">\n<div class=\"title\">\n<h1 class=\"content-head__title\"><strong style=\"font-size: 16px;\">Por g1 BA &#8211;\u00a0<\/strong><\/h1>\n<\/div>\n<\/div>\n<div class=\"mc-article-body\">\n<article>\n<div class=\"row medium-uncollapsed content-media content-photo\" data-block-type=\"backstage-photo\" data-block-id=\"0\">\n<div class=\"mc-column content-media__container\">\n<p class=\"content-media__description \">A Pol\u00edcia Militar da Bahia abre, nesta segunda-feira (17), as inscri\u00e7\u00f5es para o processo seletivo de novos alunos para a creche e para os col\u00e9gios administrados pela corpora\u00e7\u00e3o de todo estado.<\/p>\n<\/div>\n<\/div>\n<div class=\"wall protected-content\">\n<div class=\"mc-column content-text active-extra-styles \" data-block-type=\"unstyled\" data-block-weight=\"59\" data-block-id=\"3\">\n<p class=\"content-text__container \" data-track-category=\"Link no Texto\" data-track-links=\"\">As inscri\u00e7\u00f5es poder\u00e3o ser feitas a partir de 10h do dia 17 at\u00e9 13h do dia 21 de janeiro, atrav\u00e9s dos sites da\u00a0<a href=\"http:\/\/www.pm.ba.gov.br\/index.php\" target=\"_blank\" rel=\"noopener\">Pol\u00edcia Militar<\/a>\u00a0e da\u00a0<a href=\"http:\/\/www.educacao.ba.gov.br\/\" target=\"_blank\" rel=\"noopener\">Secretaria de Educa\u00e7\u00e3o do Estado<\/a>. O sorteio eletr\u00f4nico est\u00e1 previsto para o dia 27 de janeiro, \u00e0s 10h. As matr\u00edculas dos alunos sorteados ocorrer\u00e3o no per\u00edodo de 02 a 05 de fevereiro.<\/p>\n<\/div>\n<div class=\"mc-column content-text active-extra-styles \" data-block-type=\"unstyled\" data-block-weight=\"87\" data-block-id=\"4\">\n<p class=\"content-text__container \" data-track-category=\"Link no Texto\" data-track-links=\"\">De acordo com o Di\u00e1rio Oficial do Estado deste s\u00e1bado (15), para a creche s\u00e3o abertas 30 vagas. 70% ser\u00e3o destinadas ao grupo composto por filhos de policiais militares, bombeiros militares e servidores p\u00fablicos civis da PM e dos Corpo de Bombeiros Militar (CBMBA). Enquanto 30% ser\u00e3o abertas para o p\u00fablico em geral. Podem concorrer \u00e0s vagas da creche, crian\u00e7as nascidas entre 1\u00ba de abril de 2016 e 31 de mar\u00e7o de 2020, no entanto a maioria das vagas s\u00e3o para crian\u00e7as de 2 anos.<\/p>\n<\/div>\n<div class=\"row medium-uncollapsed content-media content-photo\" data-block-type=\"backstage-photo\" data-block-id=\"6\">\n<div class=\"mc-column content-media__container\">\n<div class=\"content-media-container glb-skeleton-box\">\n<figure class=\"content-media-figure\"><img decoding=\"async\" class=\"i-amphtml-fill-content i-amphtml-replaced-content\" src=\"https:\/\/s2.glbimg.com\/uFMnl9yM7xt1ouCzqRiX5vH0LvQ=\/0x0:2000x1600\/984x0\/smart\/filters:strip_icc()\/i.s3.glbimg.com\/v1\/AUTH_59edd422c0c84a879bd37670ae4f538a\/internal_photos\/bs\/2022\/5\/U\/09b5mCRl6B7O9chcHB3A\/creche-vagas-vagas.png\" sizes=\"(max-width: 1366px) 648px, 100vw\" srcset=\"https:\/\/s2.glbimg.com\/lvC2D3p5iQG-V7rHYlI4P9REVf0=\/0x0:2000x1600\/1000x0\/smart\/filters:strip_icc()\/i.s3.glbimg.com\/v1\/AUTH_59edd422c0c84a879bd37670ae4f538a\/internal_photos\/bs\/2022\/5\/U\/09b5mCRl6B7O9chcHB3A\/creche-vagas-vagas.png 1000w, https:\/\/s2.glbimg.com\/uFMnl9yM7xt1ouCzqRiX5vH0LvQ=\/0x0:2000x1600\/984x0\/smart\/filters:strip_icc()\/i.s3.glbimg.com\/v1\/AUTH_59edd422c0c84a879bd37670ae4f538a\/internal_photos\/bs\/2022\/5\/U\/09b5mCRl6B7O9chcHB3A\/creche-vagas-vagas.png 984w, https:\/\/s2.glbimg.com\/28brq-vxXpxtAsK9DgWPD5CAIVM=\/0x0:2000x1600\/640x0\/smart\/filters:strip_icc()\/i.s3.glbimg.com\/v1\/AUTH_59edd422c0c84a879bd37670ae4f538a\/internal_photos\/bs\/2022\/5\/U\/09b5mCRl6B7O9chcHB3A\/creche-vagas-vagas.png 640w, https:\/\/s2.glbimg.com\/dk5n_leE6zFL6ir3f6XCM6Xu25U=\/0x0:2000x1600\/600x0\/smart\/filters:strip_icc()\/i.s3.glbimg.com\/v1\/AUTH_59edd422c0c84a879bd37670ae4f538a\/internal_photos\/bs\/2022\/5\/U\/09b5mCRl6B7O9chcHB3A\/creche-vagas-vagas.png 600w\" alt=\"Creche e col\u00e9gios da Pol\u00edcia Militar abrem inscri\u00e7\u00f5es para sorteio eletr\u00f4nico das vagas na Bahia \u2014 Foto: PM\/Divulga\u00e7\u00e3o\" \/><\/figure>\n<\/div>\n<p class=\"content-media__description \">Creche e col\u00e9gios da Pol\u00edcia Militar abrem inscri\u00e7\u00f5es para sorteio eletr\u00f4nico das vagas na Bahia \u2014 Foto: PM\/Divulga\u00e7\u00e3o<\/p>\n<\/div>\n<\/div>\n<div class=\"mc-column content-text active-extra-styles \" data-block-type=\"unstyled\" data-block-weight=\"37\" data-block-id=\"7\">\n<p class=\"content-text__container \" data-track-category=\"Link no Texto\" data-track-links=\"\">J\u00e1 para os col\u00e9gios da Pol\u00edcia Militar (CPM) ser\u00e3o disponibilizadas 2.973 vagas em toda a Bahia. Ser\u00e3o 2.484 para o Ensino Fundamental e outras 489 para o Ensino M\u00e9dio.\u00a0<strong><em>[Veja abaixo a distribui\u00e7\u00e3o de vagas por unidade]<\/em><\/strong><\/p>\n<\/div>\n<div class=\"mc-column content-text active-extra-styles \" data-block-type=\"unstyled\" data-block-weight=\"53\" data-block-id=\"8\">\n<p class=\"content-text__container \" data-track-category=\"Link no Texto\" data-track-links=\"\">Para as unidades localizadas em\u00a0<a href=\"https:\/\/g1.globo.com\/ba\/bahia\/cidade\/salvador\/\">Salvador<\/a>\u00a0(Dendezeiros, Lobato, Ribeira, Luiz Tarqu\u00ednio e Cajazeiras), a distribui\u00e7\u00e3o de vagas ser\u00e1 semelhante \u00e0 da creche, com 70% destas destinadas a filhos de policiais militares, bombeiros militares ou servidores p\u00fablicos civis da PM e dos Corpo de Bombeiros Militar (CBMBA) e 30% para o p\u00fablico em geral.<\/p>\n<\/div>\n<div class=\"mc-column content-text active-extra-styles \" data-block-type=\"unstyled\" data-block-weight=\"49\" data-block-id=\"9\">\n<p class=\"content-text__container \" data-track-category=\"Link no Texto\" data-track-links=\"\">J\u00e1 para os CPMs de\u00a0<a href=\"https:\/\/g1.globo.com\/ba\/bahia\/cidade\/alagoinhas\/\">Alagoinhas<\/a>,\u00a0<a href=\"https:\/\/g1.globo.com\/ba\/bahia\/cidade\/barreiras-ba\/\">Barreiras<\/a>,\u00a0<a href=\"https:\/\/g1.globo.com\/ba\/bahia\/cidade\/candeias-ba\/\">Candeias<\/a>,\u00a0<a href=\"https:\/\/g1.globo.com\/ba\/bahia\/cidade\/feira-de-santana\/\">Feira de Santana<\/a>,\u00a0<a href=\"https:\/\/g1.globo.com\/ba\/bahia\/cidade\/ilheus\/\">Ilh\u00e9us<\/a>,\u00a0<a href=\"https:\/\/g1.globo.com\/ba\/bahia\/cidade\/itabuna\/\">Itabuna<\/a>, Jequi\u00e9,\u00a0<a href=\"https:\/\/g1.globo.com\/ba\/bahia\/cidade\/juazeiro\/\">Juazeiro<\/a>,\u00a0<a href=\"https:\/\/g1.globo.com\/ba\/bahia\/cidade\/teixeira-de-freitas\/\">Teixeira de Freitas<\/a>\u00a0e\u00a0<a href=\"https:\/\/g1.globo.com\/ba\/bahia\/cidade\/vitoria-da-conquista\/\">Vit\u00f3ria da Conquista<\/a>, a distribui\u00e7\u00e3o de vagas ser\u00e1 de 50% para o grupo de militares ou servidos p\u00fablicos da PM e CBMBA e 50% para o p\u00fablico em geral.<\/p>\n<\/div>\n<div class=\"row medium-uncollapsed content-media content-photo\" data-block-type=\"backstage-photo\" data-block-id=\"11\">\n<div class=\"mc-column content-media__container\">\n<div class=\"content-media-container glb-skeleton-box\">\n<figure class=\"content-media-figure\"><img decoding=\"async\" class=\"i-amphtml-fill-content i-amphtml-replaced-content\" src=\"https:\/\/s2.glbimg.com\/WkoqXjZr2rzYywL8GiN6nhYIcNk=\/302x0:1748x1600\/984x0\/smart\/filters:strip_icc()\/i.s3.glbimg.com\/v1\/AUTH_59edd422c0c84a879bd37670ae4f538a\/internal_photos\/bs\/2022\/E\/C\/dduuQwRRiT2pkNhdJnyQ\/cpm-vagas.png\" sizes=\"(max-width: 1366px) 648px, 100vw\" srcset=\"https:\/\/s2.glbimg.com\/QRszC_toA8la-WcdFoBFyNnKh-Q=\/302x0:1748x1600\/1000x0\/smart\/filters:strip_icc()\/i.s3.glbimg.com\/v1\/AUTH_59edd422c0c84a879bd37670ae4f538a\/internal_photos\/bs\/2022\/E\/C\/dduuQwRRiT2pkNhdJnyQ\/cpm-vagas.png 1000w, https:\/\/s2.glbimg.com\/WkoqXjZr2rzYywL8GiN6nhYIcNk=\/302x0:1748x1600\/984x0\/smart\/filters:strip_icc()\/i.s3.glbimg.com\/v1\/AUTH_59edd422c0c84a879bd37670ae4f538a\/internal_photos\/bs\/2022\/E\/C\/dduuQwRRiT2pkNhdJnyQ\/cpm-vagas.png 984w, https:\/\/s2.glbimg.com\/vAbhSRYLptPMrp8exutl-nMxHzk=\/302x0:1748x1600\/640x0\/smart\/filters:strip_icc()\/i.s3.glbimg.com\/v1\/AUTH_59edd422c0c84a879bd37670ae4f538a\/internal_photos\/bs\/2022\/E\/C\/dduuQwRRiT2pkNhdJnyQ\/cpm-vagas.png 640w, https:\/\/s2.glbimg.com\/7Q93uX1StxbfYEGfAxZOKC9K08g=\/302x0:1748x1600\/600x0\/smart\/filters:strip_icc()\/i.s3.glbimg.com\/v1\/AUTH_59edd422c0c84a879bd37670ae4f538a\/internal_photos\/bs\/2022\/E\/C\/dduuQwRRiT2pkNhdJnyQ\/cpm-vagas.png 600w\" alt=\"Creche e col\u00e9gios da Pol\u00edcia Militar abrem inscri\u00e7\u00f5es para sorteio eletr\u00f4nico das vagas na Bahia \u2014 Foto: Divulga\u00e7\u00e3o\/PM Bahia\" \/><\/figure>\n<\/div>\n<p class=\"content-media__description \">Creche e col\u00e9gios da Pol\u00edcia Militar abrem inscri\u00e7\u00f5es para sorteio eletr\u00f4nico das vagas na Bahia \u2014 Foto: Divulga\u00e7\u00e3o\/PM Bahia<\/p>\n<\/div>\n<\/div>\n<\/div>\n<\/article>\n<\/div>\n","protected":false},"excerpt":{"rendered":"<p>Por g1 BA &#8211;\u00a0 A Pol\u00edcia Militar da Bahia abre, nesta segunda-feira (17), as inscri\u00e7\u00f5es para o processo seletivo de novos alunos para a creche e para os col\u00e9gios administrados pela corpora\u00e7\u00e3o de todo estado. As inscri\u00e7\u00f5es poder\u00e3o ser feitas a partir de 10h do dia 17 at\u00e9 13h do dia 21 de janeiro, atrav\u00e9s dos sites da\u00a0Pol\u00edcia Militar\u00a0e da\u00a0Secretaria de Educa\u00e7\u00e3o do Estado. O sorteio eletr\u00f4nico est\u00e1 previsto para o dia 27 de janeiro, \u00e0s 10h. As matr\u00edculas dos alunos sorteados ocorrer\u00e3o no per\u00edodo de 02 a 05 de fevereiro. De acordo com o Di\u00e1rio Oficial do Estado deste s\u00e1bado (15), para a creche s\u00e3o abertas 30 vagas. 70% ser\u00e3o destinadas ao grupo composto por filhos de policiais militares,&hellip; <\/p>\n","protected":false},"author":2,"featured_media":304305,"comment_status":"open","ping_status":"open","sticky":false,"template":"","format":"standard","meta":{"_acf_changed":false,"footnotes":""},"categories":[6],"tags":[],"class_list":["post-304304","post","type-post","status-publish","format-standard","has-post-thumbnail","hentry","category-educacao"],"acf":[],"yoast_head":"<!-- This site is optimized with the Yoast SEO plugin v27.4 - https:\/\/yoast.com\/product\/yoast-seo-wordpress\/ -->\n<title>Creche e col\u00e9gios da Pol\u00edcia Militar abrem inscri\u00e7\u00f5es nesta segunda feira para sorteio eletr\u00f4nico com vagas para Juazeiro - Blog do Farn\u00e9sio<\/title>\n<meta name=\"robots\" content=\"index, follow, max-snippet:-1, max-image-preview:large, max-video-preview:-1\" \/>\n<link rel=\"canonical\" href=\"https:\/\/blogdofarnesio.com.br\/?p=304304\" \/>\n<meta property=\"og:locale\" content=\"pt_BR\" \/>\n<meta property=\"og:type\" content=\"article\" \/>\n<meta property=\"og:title\" content=\"Creche e col\u00e9gios da Pol\u00edcia Militar abrem inscri\u00e7\u00f5es nesta segunda feira para sorteio eletr\u00f4nico com vagas para Juazeiro - Blog do Farn\u00e9sio\" \/>\n<meta property=\"og:description\" content=\"Por g1 BA &#8211;\u00a0 A Pol\u00edcia Militar da Bahia abre, nesta segunda-feira (17), as inscri\u00e7\u00f5es para o processo seletivo de novos alunos para a creche e para os col\u00e9gios administrados pela corpora\u00e7\u00e3o de todo estado. As inscri\u00e7\u00f5es poder\u00e3o ser feitas a partir de 10h do dia 17 at\u00e9 13h do dia 21 de janeiro, atrav\u00e9s dos sites da\u00a0Pol\u00edcia Militar\u00a0e da\u00a0Secretaria de Educa\u00e7\u00e3o do Estado. O sorteio eletr\u00f4nico est\u00e1 previsto para o dia 27 de janeiro, \u00e0s 10h. As matr\u00edculas dos alunos sorteados ocorrer\u00e3o no per\u00edodo de 02 a 05 de fevereiro. De acordo com o Di\u00e1rio Oficial do Estado deste s\u00e1bado (15), para a creche s\u00e3o abertas 30 vagas. 70% ser\u00e3o destinadas ao grupo composto por filhos de policiais militares,&hellip;\" \/>\n<meta property=\"og:url\" content=\"https:\/\/blogdofarnesio.com.br\/?p=304304\" \/>\n<meta property=\"og:site_name\" content=\"Blog do Farn\u00e9sio\" \/>\n<meta property=\"article:publisher\" content=\"https:\/\/www.facebook.com\/BlogQuerSaberPolitica\/\" \/>\n<meta property=\"article:author\" content=\"https:\/\/www.facebook.com\/?ref=tn_tnmn\" \/>\n<meta property=\"article:published_time\" content=\"2022-01-17T12:42:45+00:00\" \/>\n<meta property=\"og:image\" content=\"https:\/\/blogdofarnesio.com.br\/wp-content\/uploads\/2022\/01\/blogqspcolegio-militar-ba-cpm-baha-e1642341832874.jpg\" \/>\n\t<meta property=\"og:image:width\" content=\"684\" \/>\n\t<meta property=\"og:image:height\" content=\"547\" \/>\n\t<meta property=\"og:image:type\" content=\"image\/jpeg\" \/>\n<meta name=\"author\" content=\"Farn\u00e9sio\" \/>\n<meta name=\"twitter:card\" content=\"summary_large_image\" \/>\n<meta name=\"twitter:label1\" content=\"Escrito por\" \/>\n\t<meta name=\"twitter:data1\" content=\"Farn\u00e9sio\" \/>\n\t<meta name=\"twitter:label2\" content=\"Est. tempo de leitura\" \/>\n\t<meta name=\"twitter:data2\" content=\"3 minutos\" \/>\n<script type=\"application\/ld+json\" class=\"yoast-schema-graph\">{\"@context\":\"https:\\\/\\\/schema.org\",\"@graph\":[{\"@type\":\"Article\",\"@id\":\"https:\\\/\\\/blogdofarnesio.com.br\\\/?p=304304#article\",\"isPartOf\":{\"@id\":\"https:\\\/\\\/blogdofarnesio.com.br\\\/?p=304304\"},\"author\":{\"name\":\"Farn\u00e9sio\",\"@id\":\"https:\\\/\\\/blogdofarnesio.com.br\\\/#\\\/schema\\\/person\\\/bb9b23ae3ad0609ce8df7b6c9e76824d\"},\"headline\":\"Creche e col\u00e9gios da Pol\u00edcia Militar abrem inscri\u00e7\u00f5es nesta segunda feira para sorteio eletr\u00f4nico com vagas para Juazeiro\",\"datePublished\":\"2022-01-17T12:42:45+00:00\",\"mainEntityOfPage\":{\"@id\":\"https:\\\/\\\/blogdofarnesio.com.br\\\/?p=304304\"},\"wordCount\":402,\"commentCount\":0,\"publisher\":{\"@id\":\"https:\\\/\\\/blogdofarnesio.com.br\\\/#organization\"},\"image\":{\"@id\":\"https:\\\/\\\/blogdofarnesio.com.br\\\/?p=304304#primaryimage\"},\"thumbnailUrl\":\"https:\\\/\\\/blogdofarnesio.com.br\\\/wp-content\\\/uploads\\\/2022\\\/01\\\/blogqspcolegio-militar-ba-cpm-baha-e1642341832874.jpg\",\"articleSection\":[\"Educa\u00e7\u00e3o\"],\"inLanguage\":\"pt-BR\",\"potentialAction\":[{\"@type\":\"CommentAction\",\"name\":\"Comment\",\"target\":[\"https:\\\/\\\/blogdofarnesio.com.br\\\/?p=304304#respond\"]}]},{\"@type\":\"WebPage\",\"@id\":\"https:\\\/\\\/blogdofarnesio.com.br\\\/?p=304304\",\"url\":\"https:\\\/\\\/blogdofarnesio.com.br\\\/?p=304304\",\"name\":\"Creche e col\u00e9gios da Pol\u00edcia Militar abrem inscri\u00e7\u00f5es nesta segunda feira para sorteio eletr\u00f4nico com vagas para Juazeiro - Blog do Farn\u00e9sio\",\"isPartOf\":{\"@id\":\"https:\\\/\\\/blogdofarnesio.com.br\\\/#website\"},\"primaryImageOfPage\":{\"@id\":\"https:\\\/\\\/blogdofarnesio.com.br\\\/?p=304304#primaryimage\"},\"image\":{\"@id\":\"https:\\\/\\\/blogdofarnesio.com.br\\\/?p=304304#primaryimage\"},\"thumbnailUrl\":\"https:\\\/\\\/blogdofarnesio.com.br\\\/wp-content\\\/uploads\\\/2022\\\/01\\\/blogqspcolegio-militar-ba-cpm-baha-e1642341832874.jpg\",\"datePublished\":\"2022-01-17T12:42:45+00:00\",\"breadcrumb\":{\"@id\":\"https:\\\/\\\/blogdofarnesio.com.br\\\/?p=304304#breadcrumb\"},\"inLanguage\":\"pt-BR\",\"potentialAction\":[{\"@type\":\"ReadAction\",\"target\":[\"https:\\\/\\\/blogdofarnesio.com.br\\\/?p=304304\"]}]},{\"@type\":\"ImageObject\",\"inLanguage\":\"pt-BR\",\"@id\":\"https:\\\/\\\/blogdofarnesio.com.br\\\/?p=304304#primaryimage\",\"url\":\"https:\\\/\\\/blogdofarnesio.com.br\\\/wp-content\\\/uploads\\\/2022\\\/01\\\/blogqspcolegio-militar-ba-cpm-baha-e1642341832874.jpg\",\"contentUrl\":\"https:\\\/\\\/blogdofarnesio.com.br\\\/wp-content\\\/uploads\\\/2022\\\/01\\\/blogqspcolegio-militar-ba-cpm-baha-e1642341832874.jpg\",\"width\":684,\"height\":547},{\"@type\":\"BreadcrumbList\",\"@id\":\"https:\\\/\\\/blogdofarnesio.com.br\\\/?p=304304#breadcrumb\",\"itemListElement\":[{\"@type\":\"ListItem\",\"position\":1,\"name\":\"In\u00edcio\",\"item\":\"https:\\\/\\\/blogdofarnesio.com.br\\\/\"},{\"@type\":\"ListItem\",\"position\":2,\"name\":\"Creche e col\u00e9gios da Pol\u00edcia Militar abrem inscri\u00e7\u00f5es nesta segunda feira para sorteio eletr\u00f4nico com vagas para Juazeiro\"}]},{\"@type\":\"WebSite\",\"@id\":\"https:\\\/\\\/blogdofarnesio.com.br\\\/#website\",\"url\":\"https:\\\/\\\/blogdofarnesio.com.br\\\/\",\"name\":\"Blog do Farn\u00e9sio\",\"description\":\"Quer Saber Pol\u00edtica?\",\"publisher\":{\"@id\":\"https:\\\/\\\/blogdofarnesio.com.br\\\/#organization\"},\"potentialAction\":[{\"@type\":\"SearchAction\",\"target\":{\"@type\":\"EntryPoint\",\"urlTemplate\":\"https:\\\/\\\/blogdofarnesio.com.br\\\/?s={search_term_string}\"},\"query-input\":{\"@type\":\"PropertyValueSpecification\",\"valueRequired\":true,\"valueName\":\"search_term_string\"}}],\"inLanguage\":\"pt-BR\"},{\"@type\":\"Organization\",\"@id\":\"https:\\\/\\\/blogdofarnesio.com.br\\\/#organization\",\"name\":\"Blog do Farn\u00e9sio\",\"url\":\"https:\\\/\\\/blogdofarnesio.com.br\\\/\",\"logo\":{\"@type\":\"ImageObject\",\"inLanguage\":\"pt-BR\",\"@id\":\"https:\\\/\\\/blogdofarnesio.com.br\\\/#\\\/schema\\\/logo\\\/image\\\/\",\"url\":\"https:\\\/\\\/blogdofarnesio.com.br\\\/wp-content\\\/uploads\\\/2026\\\/03\\\/cropped-logo_new-1.png\",\"contentUrl\":\"https:\\\/\\\/blogdofarnesio.com.br\\\/wp-content\\\/uploads\\\/2026\\\/03\\\/cropped-logo_new-1.png\",\"width\":881,\"height\":685,\"caption\":\"Blog do Farn\u00e9sio\"},\"image\":{\"@id\":\"https:\\\/\\\/blogdofarnesio.com.br\\\/#\\\/schema\\\/logo\\\/image\\\/\"},\"sameAs\":[\"https:\\\/\\\/www.facebook.com\\\/BlogQuerSaberPolitica\\\/\"]},{\"@type\":\"Person\",\"@id\":\"https:\\\/\\\/blogdofarnesio.com.br\\\/#\\\/schema\\\/person\\\/bb9b23ae3ad0609ce8df7b6c9e76824d\",\"name\":\"Farn\u00e9sio\",\"image\":{\"@type\":\"ImageObject\",\"inLanguage\":\"pt-BR\",\"@id\":\"https:\\\/\\\/secure.gravatar.com\\\/avatar\\\/986aa4c61ccdb66f8555bf88fc2a65609d00bcabd4d2d94377a727547345cbca?s=96&d=mm&r=g\",\"url\":\"https:\\\/\\\/secure.gravatar.com\\\/avatar\\\/986aa4c61ccdb66f8555bf88fc2a65609d00bcabd4d2d94377a727547345cbca?s=96&d=mm&r=g\",\"contentUrl\":\"https:\\\/\\\/secure.gravatar.com\\\/avatar\\\/986aa4c61ccdb66f8555bf88fc2a65609d00bcabd4d2d94377a727547345cbca?s=96&d=mm&r=g\",\"caption\":\"Farn\u00e9sio\"},\"description\":\"Radialista blogueiro, chegou a Petrolina\\\/Juazeiro em setembro de 1980, Farn\u00e9sio Silva \u00e9 de Arapiraca-Alagoas.\",\"sameAs\":[\"http:\\\/\\\/blogdofarnesio.com.br\",\"https:\\\/\\\/www.facebook.com\\\/?ref=tn_tnmn\",\"https:\\\/\\\/www.instagram.com\\\/?utm_source=pwa_homescreen\",\"https:\\\/\\\/youtube.com.br\\\/\"],\"url\":\"https:\\\/\\\/blogdofarnesio.com.br\\\/?author=2\"}]}<\/script>\n<!-- \/ Yoast SEO plugin. -->","yoast_head_json":{"title":"Creche e col\u00e9gios da Pol\u00edcia Militar abrem inscri\u00e7\u00f5es nesta segunda feira para sorteio eletr\u00f4nico com vagas para Juazeiro - Blog do Farn\u00e9sio","robots":{"index":"index","follow":"follow","max-snippet":"max-snippet:-1","max-image-preview":"max-image-preview:large","max-video-preview":"max-video-preview:-1"},"canonical":"https:\/\/blogdofarnesio.com.br\/?p=304304","og_locale":"pt_BR","og_type":"article","og_title":"Creche e col\u00e9gios da Pol\u00edcia Militar abrem inscri\u00e7\u00f5es nesta segunda feira para sorteio eletr\u00f4nico com vagas para Juazeiro - Blog do Farn\u00e9sio","og_description":"Por g1 BA &#8211;\u00a0 A Pol\u00edcia Militar da Bahia abre, nesta segunda-feira (17), as inscri\u00e7\u00f5es para o processo seletivo de novos alunos para a creche e para os col\u00e9gios administrados pela corpora\u00e7\u00e3o de todo estado. As inscri\u00e7\u00f5es poder\u00e3o ser feitas a partir de 10h do dia 17 at\u00e9 13h do dia 21 de janeiro, atrav\u00e9s dos sites da\u00a0Pol\u00edcia Militar\u00a0e da\u00a0Secretaria de Educa\u00e7\u00e3o do Estado. O sorteio eletr\u00f4nico est\u00e1 previsto para o dia 27 de janeiro, \u00e0s 10h. As matr\u00edculas dos alunos sorteados ocorrer\u00e3o no per\u00edodo de 02 a 05 de fevereiro. De acordo com o Di\u00e1rio Oficial do Estado deste s\u00e1bado (15), para a creche s\u00e3o abertas 30 vagas. 70% ser\u00e3o destinadas ao grupo composto por filhos de policiais militares,&hellip;","og_url":"https:\/\/blogdofarnesio.com.br\/?p=304304","og_site_name":"Blog do Farn\u00e9sio","article_publisher":"https:\/\/www.facebook.com\/BlogQuerSaberPolitica\/","article_author":"https:\/\/www.facebook.com\/?ref=tn_tnmn","article_published_time":"2022-01-17T12:42:45+00:00","og_image":[{"width":684,"height":547,"url":"https:\/\/blogdofarnesio.com.br\/wp-content\/uploads\/2022\/01\/blogqspcolegio-militar-ba-cpm-baha-e1642341832874.jpg","type":"image\/jpeg"}],"author":"Farn\u00e9sio","twitter_card":"summary_large_image","twitter_misc":{"Escrito por":"Farn\u00e9sio","Est. tempo de leitura":"3 minutos"},"schema":{"@context":"https:\/\/schema.org","@graph":[{"@type":"Article","@id":"https:\/\/blogdofarnesio.com.br\/?p=304304#article","isPartOf":{"@id":"https:\/\/blogdofarnesio.com.br\/?p=304304"},"author":{"name":"Farn\u00e9sio","@id":"https:\/\/blogdofarnesio.com.br\/#\/schema\/person\/bb9b23ae3ad0609ce8df7b6c9e76824d"},"headline":"Creche e col\u00e9gios da Pol\u00edcia Militar abrem inscri\u00e7\u00f5es nesta segunda feira para sorteio eletr\u00f4nico com vagas para Juazeiro","datePublished":"2022-01-17T12:42:45+00:00","mainEntityOfPage":{"@id":"https:\/\/blogdofarnesio.com.br\/?p=304304"},"wordCount":402,"commentCount":0,"publisher":{"@id":"https:\/\/blogdofarnesio.com.br\/#organization"},"image":{"@id":"https:\/\/blogdofarnesio.com.br\/?p=304304#primaryimage"},"thumbnailUrl":"https:\/\/blogdofarnesio.com.br\/wp-content\/uploads\/2022\/01\/blogqspcolegio-militar-ba-cpm-baha-e1642341832874.jpg","articleSection":["Educa\u00e7\u00e3o"],"inLanguage":"pt-BR","potentialAction":[{"@type":"CommentAction","name":"Comment","target":["https:\/\/blogdofarnesio.com.br\/?p=304304#respond"]}]},{"@type":"WebPage","@id":"https:\/\/blogdofarnesio.com.br\/?p=304304","url":"https:\/\/blogdofarnesio.com.br\/?p=304304","name":"Creche e col\u00e9gios da Pol\u00edcia Militar abrem inscri\u00e7\u00f5es nesta segunda feira para sorteio eletr\u00f4nico com vagas para Juazeiro - Blog do Farn\u00e9sio","isPartOf":{"@id":"https:\/\/blogdofarnesio.com.br\/#website"},"primaryImageOfPage":{"@id":"https:\/\/blogdofarnesio.com.br\/?p=304304#primaryimage"},"image":{"@id":"https:\/\/blogdofarnesio.com.br\/?p=304304#primaryimage"},"thumbnailUrl":"https:\/\/blogdofarnesio.com.br\/wp-content\/uploads\/2022\/01\/blogqspcolegio-militar-ba-cpm-baha-e1642341832874.jpg","datePublished":"2022-01-17T12:42:45+00:00","breadcrumb":{"@id":"https:\/\/blogdofarnesio.com.br\/?p=304304#breadcrumb"},"inLanguage":"pt-BR","potentialAction":[{"@type":"ReadAction","target":["https:\/\/blogdofarnesio.com.br\/?p=304304"]}]},{"@type":"ImageObject","inLanguage":"pt-BR","@id":"https:\/\/blogdofarnesio.com.br\/?p=304304#primaryimage","url":"https:\/\/blogdofarnesio.com.br\/wp-content\/uploads\/2022\/01\/blogqspcolegio-militar-ba-cpm-baha-e1642341832874.jpg","contentUrl":"https:\/\/blogdofarnesio.com.br\/wp-content\/uploads\/2022\/01\/blogqspcolegio-militar-ba-cpm-baha-e1642341832874.jpg","width":684,"height":547},{"@type":"BreadcrumbList","@id":"https:\/\/blogdofarnesio.com.br\/?p=304304#breadcrumb","itemListElement":[{"@type":"ListItem","position":1,"name":"In\u00edcio","item":"https:\/\/blogdofarnesio.com.br\/"},{"@type":"ListItem","position":2,"name":"Creche e col\u00e9gios da Pol\u00edcia Militar abrem inscri\u00e7\u00f5es nesta segunda feira para sorteio eletr\u00f4nico com vagas para Juazeiro"}]},{"@type":"WebSite","@id":"https:\/\/blogdofarnesio.com.br\/#website","url":"https:\/\/blogdofarnesio.com.br\/","name":"Blog do Farn\u00e9sio","description":"Quer Saber Pol\u00edtica?","publisher":{"@id":"https:\/\/blogdofarnesio.com.br\/#organization"},"potentialAction":[{"@type":"SearchAction","target":{"@type":"EntryPoint","urlTemplate":"https:\/\/blogdofarnesio.com.br\/?s={search_term_string}"},"query-input":{"@type":"PropertyValueSpecification","valueRequired":true,"valueName":"search_term_string"}}],"inLanguage":"pt-BR"},{"@type":"Organization","@id":"https:\/\/blogdofarnesio.com.br\/#organization","name":"Blog do Farn\u00e9sio","url":"https:\/\/blogdofarnesio.com.br\/","logo":{"@type":"ImageObject","inLanguage":"pt-BR","@id":"https:\/\/blogdofarnesio.com.br\/#\/schema\/logo\/image\/","url":"https:\/\/blogdofarnesio.com.br\/wp-content\/uploads\/2026\/03\/cropped-logo_new-1.png","contentUrl":"https:\/\/blogdofarnesio.com.br\/wp-content\/uploads\/2026\/03\/cropped-logo_new-1.png","width":881,"height":685,"caption":"Blog do Farn\u00e9sio"},"image":{"@id":"https:\/\/blogdofarnesio.com.br\/#\/schema\/logo\/image\/"},"sameAs":["https:\/\/www.facebook.com\/BlogQuerSaberPolitica\/"]},{"@type":"Person","@id":"https:\/\/blogdofarnesio.com.br\/#\/schema\/person\/bb9b23ae3ad0609ce8df7b6c9e76824d","name":"Farn\u00e9sio","image":{"@type":"ImageObject","inLanguage":"pt-BR","@id":"https:\/\/secure.gravatar.com\/avatar\/986aa4c61ccdb66f8555bf88fc2a65609d00bcabd4d2d94377a727547345cbca?s=96&d=mm&r=g","url":"https:\/\/secure.gravatar.com\/avatar\/986aa4c61ccdb66f8555bf88fc2a65609d00bcabd4d2d94377a727547345cbca?s=96&d=mm&r=g","contentUrl":"https:\/\/secure.gravatar.com\/avatar\/986aa4c61ccdb66f8555bf88fc2a65609d00bcabd4d2d94377a727547345cbca?s=96&d=mm&r=g","caption":"Farn\u00e9sio"},"description":"Radialista blogueiro, chegou a Petrolina\/Juazeiro em setembro de 1980, Farn\u00e9sio Silva \u00e9 de Arapiraca-Alagoas.","sameAs":["http:\/\/blogdofarnesio.com.br","https:\/\/www.facebook.com\/?ref=tn_tnmn","https:\/\/www.instagram.com\/?utm_source=pwa_homescreen","https:\/\/youtube.com.br\/"],"url":"https:\/\/blogdofarnesio.com.br\/?author=2"}]}},"_links":{"self":[{"href":"https:\/\/blogdofarnesio.com.br\/index.php?rest_route=\/wp\/v2\/posts\/304304","targetHints":{"allow":["GET"]}}],"collection":[{"href":"https:\/\/blogdofarnesio.com.br\/index.php?rest_route=\/wp\/v2\/posts"}],"about":[{"href":"https:\/\/blogdofarnesio.com.br\/index.php?rest_route=\/wp\/v2\/types\/post"}],"author":[{"embeddable":true,"href":"https:\/\/blogdofarnesio.com.br\/index.php?rest_route=\/wp\/v2\/users\/2"}],"replies":[{"embeddable":true,"href":"https:\/\/blogdofarnesio.com.br\/index.php?rest_route=%2Fwp%2Fv2%2Fcomments&post=304304"}],"version-history":[{"count":0,"href":"https:\/\/blogdofarnesio.com.br\/index.php?rest_route=\/wp\/v2\/posts\/304304\/revisions"}],"wp:featuredmedia":[{"embeddable":true,"href":"https:\/\/blogdofarnesio.com.br\/index.php?rest_route=\/wp\/v2\/media\/304305"}],"wp:attachment":[{"href":"https:\/\/blogdofarnesio.com.br\/index.php?rest_route=%2Fwp%2Fv2%2Fmedia&parent=304304"}],"wp:term":[{"taxonomy":"category","embeddable":true,"href":"https:\/\/blogdofarnesio.com.br\/index.php?rest_route=%2Fwp%2Fv2%2Fcategories&post=304304"},{"taxonomy":"post_tag","embeddable":true,"href":"https:\/\/blogdofarnesio.com.br\/index.php?rest_route=%2Fwp%2Fv2%2Ftags&post=304304"}],"curies":[{"name":"wp","href":"https:\/\/api.w.org\/{rel}","templated":true}]}}