{"id":304271,"date":"2022-01-17T10:23:54","date_gmt":"2022-01-17T13:23:54","guid":{"rendered":"https:\/\/blogdofarnesio.com.br\/?p=304271"},"modified":"2022-01-17T09:31:53","modified_gmt":"2022-01-17T12:31:53","slug":"prefeitura-de-juazeiro-volta-a-alertar-para-a-necessidade-do-descarte-correto-de-lixo-e-entulho","status":"publish","type":"post","link":"https:\/\/blogdofarnesio.com.br\/?p=304271","title":{"rendered":"Prefeitura de Juazeiro volta a alertar para a necessidade do descarte correto de lixo e entulho"},"content":{"rendered":"<p style=\"font-weight: 400;\">A Prefeitura de Juazeiro, atrav\u00e9s do Servi\u00e7o de \u00c1gua e Saneamento Ambiental (SAAE), segue refor\u00e7ando a necessidade de conscientiza\u00e7\u00e3o da popula\u00e7\u00e3o quanto ao descarte correto de lixo e entulho. A coordenadora de res\u00edduos s\u00f3lidos, Yana Maggie Caldas, refor\u00e7a que a conscientiza\u00e7\u00e3o em massa \u00e9 uma das grandes metas para 2022.<\/p>\n<p>\u201cTemos uma equipe comprometida, e come\u00e7amos o ano com for\u00e7a total. Esta semana recolhemos 180 toneladas de res\u00edduos s\u00f3lidos durante uma a\u00e7\u00e3o no bairro Country Club e continuamos \u00a0pedindo \u00e0 popula\u00e7\u00e3o que colabore, que cerque seus terrenos e fa\u00e7a a limpeza com frequ\u00eancia. \u00c9 importante refor\u00e7ar tamb\u00e9m que o propriet\u00e1rio do im\u00f3vel \u00e9 respons\u00e1vel pelo descarte correto do entulho de suas constru\u00e7\u00f5es. Al\u00e9m disso, pedimos que os cidad\u00e3os fiquem atentos aos dias da coleta de lixo no seu bairro, evitando colocar no dia errado\u201d, pontuou Yana Maggie.<\/p>\n<p>Ao jogar lixo no ch\u00e3o, colocar entulho em local inapropriado e n\u00e3o zelar pela limpeza da cidade, o morador contribui para que ocorra o entupimento de bueiros, provocando alagamentos e trazendo preju\u00edzos para a comunidade e os pr\u00f3prios moradores. \u201cQuando o assunto \u00e9 limpeza, a responsabilidade \u00e9 de todos. Manter uma cidade limpa \u00e9 ao mesmo tempo um direito e um dever de cada cidad\u00e3o. Todo mundo pode e deve ajudar\u201d, ressalta a diretora-presidente do SAAE, Josilene Alixandre.<\/p>\n<p><strong>Lixeiras<\/strong><\/p>\n<p>Somente durante o ano de 2021, foram restauradas e substitu\u00eddas centenas de lixeiras por toda a cidade. O SAAE tamb\u00e9m conta com profissionais que realizam a coleta e fazem a substitui\u00e7\u00e3o dos sacos pl\u00e1sticos. Outro apelo do SAAE \u00e9 para que vidros e materiais cortantes sejam descartados pelo usu\u00e1rio com destaque (a dica \u00e9 colocar dentro de uma caixa), para que o gari veja, e ao pegar o lixo, evite acidentes. Para solicitar \u00a0a limpeza no seu bairro, \u00e9 s\u00f3 ligar atrav\u00e9s do \u00a0contato: 3614-9817.<\/p>\n<p>Texto: Fab\u00edola Paiva &#8211; Ascom\/SAAE\/PMJ<strong><br \/>\n<\/strong><\/p>\n<p style=\"font-weight: 400;\">\n","protected":false},"excerpt":{"rendered":"<p>A Prefeitura de Juazeiro, atrav\u00e9s do Servi\u00e7o de \u00c1gua e Saneamento Ambiental (SAAE), segue refor\u00e7ando a necessidade de conscientiza\u00e7\u00e3o da popula\u00e7\u00e3o quanto ao descarte correto de lixo e entulho. A coordenadora de res\u00edduos s\u00f3lidos, Yana Maggie Caldas, refor\u00e7a que a conscientiza\u00e7\u00e3o em massa \u00e9 uma das grandes metas para 2022. \u201cTemos uma equipe comprometida, e come\u00e7amos o ano com for\u00e7a total. Esta semana recolhemos 180 toneladas de res\u00edduos s\u00f3lidos durante uma a\u00e7\u00e3o no bairro Country Club e continuamos \u00a0pedindo \u00e0 popula\u00e7\u00e3o que colabore, que cerque seus terrenos e fa\u00e7a a limpeza com frequ\u00eancia. \u00c9 importante refor\u00e7ar tamb\u00e9m que o propriet\u00e1rio do im\u00f3vel \u00e9 respons\u00e1vel pelo descarte correto do entulho de suas constru\u00e7\u00f5es. Al\u00e9m disso, pedimos que os cidad\u00e3os fiquem atentos&hellip; <\/p>\n","protected":false},"author":2,"featured_media":124689,"comment_status":"open","ping_status":"open","sticky":false,"template":"","format":"standard","meta":{"_acf_changed":false,"footnotes":""},"categories":[29],"tags":[],"class_list":["post-304271","post","type-post","status-publish","format-standard","has-post-thumbnail","hentry","category-meio-ambiente"],"acf":[],"yoast_head":"<!-- This site is optimized with the Yoast SEO plugin v27.4 - https:\/\/yoast.com\/product\/yoast-seo-wordpress\/ -->\n<title>Prefeitura de Juazeiro volta a alertar para a necessidade do descarte correto de lixo e entulho - Blog do Farn\u00e9sio<\/title>\n<meta name=\"robots\" content=\"index, follow, max-snippet:-1, max-image-preview:large, max-video-preview:-1\" \/>\n<link rel=\"canonical\" href=\"https:\/\/blogdofarnesio.com.br\/?p=304271\" \/>\n<meta property=\"og:locale\" content=\"pt_BR\" \/>\n<meta property=\"og:type\" content=\"article\" \/>\n<meta property=\"og:title\" content=\"Prefeitura de Juazeiro volta a alertar para a necessidade do descarte correto de lixo e entulho - Blog do Farn\u00e9sio\" \/>\n<meta property=\"og:description\" content=\"A Prefeitura de Juazeiro, atrav\u00e9s do Servi\u00e7o de \u00c1gua e Saneamento Ambiental (SAAE), segue refor\u00e7ando a necessidade de conscientiza\u00e7\u00e3o da popula\u00e7\u00e3o quanto ao descarte correto de lixo e entulho. A coordenadora de res\u00edduos s\u00f3lidos, Yana Maggie Caldas, refor\u00e7a que a conscientiza\u00e7\u00e3o em massa \u00e9 uma das grandes metas para 2022. \u201cTemos uma equipe comprometida, e come\u00e7amos o ano com for\u00e7a total. Esta semana recolhemos 180 toneladas de res\u00edduos s\u00f3lidos durante uma a\u00e7\u00e3o no bairro Country Club e continuamos \u00a0pedindo \u00e0 popula\u00e7\u00e3o que colabore, que cerque seus terrenos e fa\u00e7a a limpeza com frequ\u00eancia. \u00c9 importante refor\u00e7ar tamb\u00e9m que o propriet\u00e1rio do im\u00f3vel \u00e9 respons\u00e1vel pelo descarte correto do entulho de suas constru\u00e7\u00f5es. Al\u00e9m disso, pedimos que os cidad\u00e3os fiquem atentos&hellip;\" \/>\n<meta property=\"og:url\" content=\"https:\/\/blogdofarnesio.com.br\/?p=304271\" \/>\n<meta property=\"og:site_name\" content=\"Blog do Farn\u00e9sio\" \/>\n<meta property=\"article:publisher\" content=\"https:\/\/www.facebook.com\/BlogQuerSaberPolitica\/\" \/>\n<meta property=\"article:author\" content=\"https:\/\/www.facebook.com\/?ref=tn_tnmn\" \/>\n<meta property=\"article:published_time\" content=\"2022-01-17T13:23:54+00:00\" \/>\n<meta property=\"og:image\" content=\"https:\/\/blogdofarnesio.com.br\/wp-content\/uploads\/2015\/06\/blogqspcoleta-seletiva_lixo-residencial.jpg\" \/>\n\t<meta property=\"og:image:width\" content=\"660\" \/>\n\t<meta property=\"og:image:height\" content=\"495\" \/>\n\t<meta property=\"og:image:type\" content=\"image\/jpeg\" \/>\n<meta name=\"author\" content=\"Farn\u00e9sio\" \/>\n<meta name=\"twitter:card\" content=\"summary_large_image\" \/>\n<meta name=\"twitter:label1\" content=\"Escrito por\" \/>\n\t<meta name=\"twitter:data1\" content=\"Farn\u00e9sio\" \/>\n\t<meta name=\"twitter:label2\" content=\"Est. tempo de leitura\" \/>\n\t<meta name=\"twitter:data2\" content=\"2 minutos\" \/>\n<script type=\"application\/ld+json\" class=\"yoast-schema-graph\">{\"@context\":\"https:\\\/\\\/schema.org\",\"@graph\":[{\"@type\":\"Article\",\"@id\":\"https:\\\/\\\/blogdofarnesio.com.br\\\/?p=304271#article\",\"isPartOf\":{\"@id\":\"https:\\\/\\\/blogdofarnesio.com.br\\\/?p=304271\"},\"author\":{\"name\":\"Farn\u00e9sio\",\"@id\":\"https:\\\/\\\/blogdofarnesio.com.br\\\/#\\\/schema\\\/person\\\/bb9b23ae3ad0609ce8df7b6c9e76824d\"},\"headline\":\"Prefeitura de Juazeiro volta a alertar para a necessidade do descarte correto de lixo e entulho\",\"datePublished\":\"2022-01-17T13:23:54+00:00\",\"mainEntityOfPage\":{\"@id\":\"https:\\\/\\\/blogdofarnesio.com.br\\\/?p=304271\"},\"wordCount\":348,\"commentCount\":0,\"publisher\":{\"@id\":\"https:\\\/\\\/blogdofarnesio.com.br\\\/#organization\"},\"image\":{\"@id\":\"https:\\\/\\\/blogdofarnesio.com.br\\\/?p=304271#primaryimage\"},\"thumbnailUrl\":\"https:\\\/\\\/blogdofarnesio.com.br\\\/wp-content\\\/uploads\\\/2015\\\/06\\\/blogqspcoleta-seletiva_lixo-residencial.jpg\",\"articleSection\":[\"Meio Ambiente\"],\"inLanguage\":\"pt-BR\",\"potentialAction\":[{\"@type\":\"CommentAction\",\"name\":\"Comment\",\"target\":[\"https:\\\/\\\/blogdofarnesio.com.br\\\/?p=304271#respond\"]}]},{\"@type\":\"WebPage\",\"@id\":\"https:\\\/\\\/blogdofarnesio.com.br\\\/?p=304271\",\"url\":\"https:\\\/\\\/blogdofarnesio.com.br\\\/?p=304271\",\"name\":\"Prefeitura de Juazeiro volta a alertar para a necessidade do descarte correto de lixo e entulho - Blog do Farn\u00e9sio\",\"isPartOf\":{\"@id\":\"https:\\\/\\\/blogdofarnesio.com.br\\\/#website\"},\"primaryImageOfPage\":{\"@id\":\"https:\\\/\\\/blogdofarnesio.com.br\\\/?p=304271#primaryimage\"},\"image\":{\"@id\":\"https:\\\/\\\/blogdofarnesio.com.br\\\/?p=304271#primaryimage\"},\"thumbnailUrl\":\"https:\\\/\\\/blogdofarnesio.com.br\\\/wp-content\\\/uploads\\\/2015\\\/06\\\/blogqspcoleta-seletiva_lixo-residencial.jpg\",\"datePublished\":\"2022-01-17T13:23:54+00:00\",\"breadcrumb\":{\"@id\":\"https:\\\/\\\/blogdofarnesio.com.br\\\/?p=304271#breadcrumb\"},\"inLanguage\":\"pt-BR\",\"potentialAction\":[{\"@type\":\"ReadAction\",\"target\":[\"https:\\\/\\\/blogdofarnesio.com.br\\\/?p=304271\"]}]},{\"@type\":\"ImageObject\",\"inLanguage\":\"pt-BR\",\"@id\":\"https:\\\/\\\/blogdofarnesio.com.br\\\/?p=304271#primaryimage\",\"url\":\"https:\\\/\\\/blogdofarnesio.com.br\\\/wp-content\\\/uploads\\\/2015\\\/06\\\/blogqspcoleta-seletiva_lixo-residencial.jpg\",\"contentUrl\":\"https:\\\/\\\/blogdofarnesio.com.br\\\/wp-content\\\/uploads\\\/2015\\\/06\\\/blogqspcoleta-seletiva_lixo-residencial.jpg\",\"width\":660,\"height\":495},{\"@type\":\"BreadcrumbList\",\"@id\":\"https:\\\/\\\/blogdofarnesio.com.br\\\/?p=304271#breadcrumb\",\"itemListElement\":[{\"@type\":\"ListItem\",\"position\":1,\"name\":\"In\u00edcio\",\"item\":\"https:\\\/\\\/blogdofarnesio.com.br\\\/\"},{\"@type\":\"ListItem\",\"position\":2,\"name\":\"Prefeitura de Juazeiro volta a alertar para a necessidade do descarte correto de lixo e entulho\"}]},{\"@type\":\"WebSite\",\"@id\":\"https:\\\/\\\/blogdofarnesio.com.br\\\/#website\",\"url\":\"https:\\\/\\\/blogdofarnesio.com.br\\\/\",\"name\":\"Blog do Farn\u00e9sio\",\"description\":\"Quer Saber Pol\u00edtica?\",\"publisher\":{\"@id\":\"https:\\\/\\\/blogdofarnesio.com.br\\\/#organization\"},\"potentialAction\":[{\"@type\":\"SearchAction\",\"target\":{\"@type\":\"EntryPoint\",\"urlTemplate\":\"https:\\\/\\\/blogdofarnesio.com.br\\\/?s={search_term_string}\"},\"query-input\":{\"@type\":\"PropertyValueSpecification\",\"valueRequired\":true,\"valueName\":\"search_term_string\"}}],\"inLanguage\":\"pt-BR\"},{\"@type\":\"Organization\",\"@id\":\"https:\\\/\\\/blogdofarnesio.com.br\\\/#organization\",\"name\":\"Blog do Farn\u00e9sio\",\"url\":\"https:\\\/\\\/blogdofarnesio.com.br\\\/\",\"logo\":{\"@type\":\"ImageObject\",\"inLanguage\":\"pt-BR\",\"@id\":\"https:\\\/\\\/blogdofarnesio.com.br\\\/#\\\/schema\\\/logo\\\/image\\\/\",\"url\":\"https:\\\/\\\/blogdofarnesio.com.br\\\/wp-content\\\/uploads\\\/2026\\\/03\\\/cropped-logo_new-1.png\",\"contentUrl\":\"https:\\\/\\\/blogdofarnesio.com.br\\\/wp-content\\\/uploads\\\/2026\\\/03\\\/cropped-logo_new-1.png\",\"width\":881,\"height\":685,\"caption\":\"Blog do Farn\u00e9sio\"},\"image\":{\"@id\":\"https:\\\/\\\/blogdofarnesio.com.br\\\/#\\\/schema\\\/logo\\\/image\\\/\"},\"sameAs\":[\"https:\\\/\\\/www.facebook.com\\\/BlogQuerSaberPolitica\\\/\"]},{\"@type\":\"Person\",\"@id\":\"https:\\\/\\\/blogdofarnesio.com.br\\\/#\\\/schema\\\/person\\\/bb9b23ae3ad0609ce8df7b6c9e76824d\",\"name\":\"Farn\u00e9sio\",\"image\":{\"@type\":\"ImageObject\",\"inLanguage\":\"pt-BR\",\"@id\":\"https:\\\/\\\/secure.gravatar.com\\\/avatar\\\/986aa4c61ccdb66f8555bf88fc2a65609d00bcabd4d2d94377a727547345cbca?s=96&d=mm&r=g\",\"url\":\"https:\\\/\\\/secure.gravatar.com\\\/avatar\\\/986aa4c61ccdb66f8555bf88fc2a65609d00bcabd4d2d94377a727547345cbca?s=96&d=mm&r=g\",\"contentUrl\":\"https:\\\/\\\/secure.gravatar.com\\\/avatar\\\/986aa4c61ccdb66f8555bf88fc2a65609d00bcabd4d2d94377a727547345cbca?s=96&d=mm&r=g\",\"caption\":\"Farn\u00e9sio\"},\"description\":\"Radialista blogueiro, chegou a Petrolina\\\/Juazeiro em setembro de 1980, Farn\u00e9sio Silva \u00e9 de Arapiraca-Alagoas.\",\"sameAs\":[\"http:\\\/\\\/blogdofarnesio.com.br\",\"https:\\\/\\\/www.facebook.com\\\/?ref=tn_tnmn\",\"https:\\\/\\\/www.instagram.com\\\/?utm_source=pwa_homescreen\",\"https:\\\/\\\/youtube.com.br\\\/\"],\"url\":\"https:\\\/\\\/blogdofarnesio.com.br\\\/?author=2\"}]}<\/script>\n<!-- \/ Yoast SEO plugin. -->","yoast_head_json":{"title":"Prefeitura de Juazeiro volta a alertar para a necessidade do descarte correto de lixo e entulho - Blog do Farn\u00e9sio","robots":{"index":"index","follow":"follow","max-snippet":"max-snippet:-1","max-image-preview":"max-image-preview:large","max-video-preview":"max-video-preview:-1"},"canonical":"https:\/\/blogdofarnesio.com.br\/?p=304271","og_locale":"pt_BR","og_type":"article","og_title":"Prefeitura de Juazeiro volta a alertar para a necessidade do descarte correto de lixo e entulho - Blog do Farn\u00e9sio","og_description":"A Prefeitura de Juazeiro, atrav\u00e9s do Servi\u00e7o de \u00c1gua e Saneamento Ambiental (SAAE), segue refor\u00e7ando a necessidade de conscientiza\u00e7\u00e3o da popula\u00e7\u00e3o quanto ao descarte correto de lixo e entulho. A coordenadora de res\u00edduos s\u00f3lidos, Yana Maggie Caldas, refor\u00e7a que a conscientiza\u00e7\u00e3o em massa \u00e9 uma das grandes metas para 2022. \u201cTemos uma equipe comprometida, e come\u00e7amos o ano com for\u00e7a total. Esta semana recolhemos 180 toneladas de res\u00edduos s\u00f3lidos durante uma a\u00e7\u00e3o no bairro Country Club e continuamos \u00a0pedindo \u00e0 popula\u00e7\u00e3o que colabore, que cerque seus terrenos e fa\u00e7a a limpeza com frequ\u00eancia. \u00c9 importante refor\u00e7ar tamb\u00e9m que o propriet\u00e1rio do im\u00f3vel \u00e9 respons\u00e1vel pelo descarte correto do entulho de suas constru\u00e7\u00f5es. Al\u00e9m disso, pedimos que os cidad\u00e3os fiquem atentos&hellip;","og_url":"https:\/\/blogdofarnesio.com.br\/?p=304271","og_site_name":"Blog do Farn\u00e9sio","article_publisher":"https:\/\/www.facebook.com\/BlogQuerSaberPolitica\/","article_author":"https:\/\/www.facebook.com\/?ref=tn_tnmn","article_published_time":"2022-01-17T13:23:54+00:00","og_image":[{"width":660,"height":495,"url":"https:\/\/blogdofarnesio.com.br\/wp-content\/uploads\/2015\/06\/blogqspcoleta-seletiva_lixo-residencial.jpg","type":"image\/jpeg"}],"author":"Farn\u00e9sio","twitter_card":"summary_large_image","twitter_misc":{"Escrito por":"Farn\u00e9sio","Est. tempo de leitura":"2 minutos"},"schema":{"@context":"https:\/\/schema.org","@graph":[{"@type":"Article","@id":"https:\/\/blogdofarnesio.com.br\/?p=304271#article","isPartOf":{"@id":"https:\/\/blogdofarnesio.com.br\/?p=304271"},"author":{"name":"Farn\u00e9sio","@id":"https:\/\/blogdofarnesio.com.br\/#\/schema\/person\/bb9b23ae3ad0609ce8df7b6c9e76824d"},"headline":"Prefeitura de Juazeiro volta a alertar para a necessidade do descarte correto de lixo e entulho","datePublished":"2022-01-17T13:23:54+00:00","mainEntityOfPage":{"@id":"https:\/\/blogdofarnesio.com.br\/?p=304271"},"wordCount":348,"commentCount":0,"publisher":{"@id":"https:\/\/blogdofarnesio.com.br\/#organization"},"image":{"@id":"https:\/\/blogdofarnesio.com.br\/?p=304271#primaryimage"},"thumbnailUrl":"https:\/\/blogdofarnesio.com.br\/wp-content\/uploads\/2015\/06\/blogqspcoleta-seletiva_lixo-residencial.jpg","articleSection":["Meio Ambiente"],"inLanguage":"pt-BR","potentialAction":[{"@type":"CommentAction","name":"Comment","target":["https:\/\/blogdofarnesio.com.br\/?p=304271#respond"]}]},{"@type":"WebPage","@id":"https:\/\/blogdofarnesio.com.br\/?p=304271","url":"https:\/\/blogdofarnesio.com.br\/?p=304271","name":"Prefeitura de Juazeiro volta a alertar para a necessidade do descarte correto de lixo e entulho - Blog do Farn\u00e9sio","isPartOf":{"@id":"https:\/\/blogdofarnesio.com.br\/#website"},"primaryImageOfPage":{"@id":"https:\/\/blogdofarnesio.com.br\/?p=304271#primaryimage"},"image":{"@id":"https:\/\/blogdofarnesio.com.br\/?p=304271#primaryimage"},"thumbnailUrl":"https:\/\/blogdofarnesio.com.br\/wp-content\/uploads\/2015\/06\/blogqspcoleta-seletiva_lixo-residencial.jpg","datePublished":"2022-01-17T13:23:54+00:00","breadcrumb":{"@id":"https:\/\/blogdofarnesio.com.br\/?p=304271#breadcrumb"},"inLanguage":"pt-BR","potentialAction":[{"@type":"ReadAction","target":["https:\/\/blogdofarnesio.com.br\/?p=304271"]}]},{"@type":"ImageObject","inLanguage":"pt-BR","@id":"https:\/\/blogdofarnesio.com.br\/?p=304271#primaryimage","url":"https:\/\/blogdofarnesio.com.br\/wp-content\/uploads\/2015\/06\/blogqspcoleta-seletiva_lixo-residencial.jpg","contentUrl":"https:\/\/blogdofarnesio.com.br\/wp-content\/uploads\/2015\/06\/blogqspcoleta-seletiva_lixo-residencial.jpg","width":660,"height":495},{"@type":"BreadcrumbList","@id":"https:\/\/blogdofarnesio.com.br\/?p=304271#breadcrumb","itemListElement":[{"@type":"ListItem","position":1,"name":"In\u00edcio","item":"https:\/\/blogdofarnesio.com.br\/"},{"@type":"ListItem","position":2,"name":"Prefeitura de Juazeiro volta a alertar para a necessidade do descarte correto de lixo e entulho"}]},{"@type":"WebSite","@id":"https:\/\/blogdofarnesio.com.br\/#website","url":"https:\/\/blogdofarnesio.com.br\/","name":"Blog do Farn\u00e9sio","description":"Quer Saber Pol\u00edtica?","publisher":{"@id":"https:\/\/blogdofarnesio.com.br\/#organization"},"potentialAction":[{"@type":"SearchAction","target":{"@type":"EntryPoint","urlTemplate":"https:\/\/blogdofarnesio.com.br\/?s={search_term_string}"},"query-input":{"@type":"PropertyValueSpecification","valueRequired":true,"valueName":"search_term_string"}}],"inLanguage":"pt-BR"},{"@type":"Organization","@id":"https:\/\/blogdofarnesio.com.br\/#organization","name":"Blog do Farn\u00e9sio","url":"https:\/\/blogdofarnesio.com.br\/","logo":{"@type":"ImageObject","inLanguage":"pt-BR","@id":"https:\/\/blogdofarnesio.com.br\/#\/schema\/logo\/image\/","url":"https:\/\/blogdofarnesio.com.br\/wp-content\/uploads\/2026\/03\/cropped-logo_new-1.png","contentUrl":"https:\/\/blogdofarnesio.com.br\/wp-content\/uploads\/2026\/03\/cropped-logo_new-1.png","width":881,"height":685,"caption":"Blog do Farn\u00e9sio"},"image":{"@id":"https:\/\/blogdofarnesio.com.br\/#\/schema\/logo\/image\/"},"sameAs":["https:\/\/www.facebook.com\/BlogQuerSaberPolitica\/"]},{"@type":"Person","@id":"https:\/\/blogdofarnesio.com.br\/#\/schema\/person\/bb9b23ae3ad0609ce8df7b6c9e76824d","name":"Farn\u00e9sio","image":{"@type":"ImageObject","inLanguage":"pt-BR","@id":"https:\/\/secure.gravatar.com\/avatar\/986aa4c61ccdb66f8555bf88fc2a65609d00bcabd4d2d94377a727547345cbca?s=96&d=mm&r=g","url":"https:\/\/secure.gravatar.com\/avatar\/986aa4c61ccdb66f8555bf88fc2a65609d00bcabd4d2d94377a727547345cbca?s=96&d=mm&r=g","contentUrl":"https:\/\/secure.gravatar.com\/avatar\/986aa4c61ccdb66f8555bf88fc2a65609d00bcabd4d2d94377a727547345cbca?s=96&d=mm&r=g","caption":"Farn\u00e9sio"},"description":"Radialista blogueiro, chegou a Petrolina\/Juazeiro em setembro de 1980, Farn\u00e9sio Silva \u00e9 de Arapiraca-Alagoas.","sameAs":["http:\/\/blogdofarnesio.com.br","https:\/\/www.facebook.com\/?ref=tn_tnmn","https:\/\/www.instagram.com\/?utm_source=pwa_homescreen","https:\/\/youtube.com.br\/"],"url":"https:\/\/blogdofarnesio.com.br\/?author=2"}]}},"_links":{"self":[{"href":"https:\/\/blogdofarnesio.com.br\/index.php?rest_route=\/wp\/v2\/posts\/304271","targetHints":{"allow":["GET"]}}],"collection":[{"href":"https:\/\/blogdofarnesio.com.br\/index.php?rest_route=\/wp\/v2\/posts"}],"about":[{"href":"https:\/\/blogdofarnesio.com.br\/index.php?rest_route=\/wp\/v2\/types\/post"}],"author":[{"embeddable":true,"href":"https:\/\/blogdofarnesio.com.br\/index.php?rest_route=\/wp\/v2\/users\/2"}],"replies":[{"embeddable":true,"href":"https:\/\/blogdofarnesio.com.br\/index.php?rest_route=%2Fwp%2Fv2%2Fcomments&post=304271"}],"version-history":[{"count":0,"href":"https:\/\/blogdofarnesio.com.br\/index.php?rest_route=\/wp\/v2\/posts\/304271\/revisions"}],"wp:featuredmedia":[{"embeddable":true,"href":"https:\/\/blogdofarnesio.com.br\/index.php?rest_route=\/wp\/v2\/media\/124689"}],"wp:attachment":[{"href":"https:\/\/blogdofarnesio.com.br\/index.php?rest_route=%2Fwp%2Fv2%2Fmedia&parent=304271"}],"wp:term":[{"taxonomy":"category","embeddable":true,"href":"https:\/\/blogdofarnesio.com.br\/index.php?rest_route=%2Fwp%2Fv2%2Fcategories&post=304271"},{"taxonomy":"post_tag","embeddable":true,"href":"https:\/\/blogdofarnesio.com.br\/index.php?rest_route=%2Fwp%2Fv2%2Ftags&post=304271"}],"curies":[{"name":"wp","href":"https:\/\/api.w.org\/{rel}","templated":true}]}}