{"id":304259,"date":"2022-01-17T10:02:14","date_gmt":"2022-01-17T13:02:14","guid":{"rendered":"https:\/\/blogdofarnesio.com.br\/?p=304259"},"modified":"2022-01-15T09:20:50","modified_gmt":"2022-01-15T12:20:50","slug":"age-petrolina-orienta-sobre-atualizacao-do-das-e-inclusao-de-caminhoneiro-como-mei","status":"publish","type":"post","link":"https:\/\/blogdofarnesio.com.br\/?p=304259","title":{"rendered":"AGE Petrolina orienta sobre atualiza\u00e7\u00e3o do DAS e inclus\u00e3o de caminhoneiro como MEI"},"content":{"rendered":"<p style=\"font-weight: 400;\">O ano de 2022 j\u00e1 come\u00e7ou com novidades para os microempreendedores individuais e a Ag\u00eancia Municipal do Empreendedor (AGE Petrolina) j\u00e1 est\u00e1 informando os clientes que procuram a institui\u00e7\u00e3o sobre essas atualiza\u00e7\u00f5es realizadas pelo Governo Federal. A partir deste ano os caminhoneiros t\u00eam a possibilidade de serem inclu\u00eddos na categoria de MEI e assim, sa\u00edrem da informalidade.<\/p>\n<p style=\"font-weight: 400;\">O MEI-Caminhoneiro foi criado pela Lei Complementar 188\/2021, e podem optar por essa categoria todos os caminhoneiros que faturam at\u00e9 R$ 251,6 mil ao ano e a contribui\u00e7\u00e3o da classe \u00e9 de 12% sobre o sal\u00e1rio m\u00ednimo. Essa lei beneficia diretamente o setor do transporte de cargas, facilitando e tornando mais barata a inclus\u00e3o da categoria de caminhoneiros no regime previdenci\u00e1rio. Al\u00e9m dessa atualiza\u00e7\u00e3o, com o reajuste do sal\u00e1rio m\u00ednimo que j\u00e1 passou a valer neste m\u00eas de janeiro, a partir de fevereiro a arrecada\u00e7\u00e3o simplificada passar\u00e1 de R$ 55 a R$ 60,60, referente ao INSS, correspondente aos 5% do sal\u00e1rio atual.<\/p>\n<p style=\"font-weight: 400;\">Para os microempreendedores individuais ou mesmo pessoas interessadas em abertura de cadastro como MEI podem esclarecer suas d\u00favidas com a equipe da AGE Petrolina, conforme assegura a diretora-presidente da institui\u00e7\u00e3o, Patr\u00edcia Souza. \u201cToda a nossa equipe est\u00e1 extremamente capacitada e atualizada sobre essas novas medidas para poder orientar, como tamb\u00e9m realizar atendimentos espec\u00edficos como a abertura de MEI\u2019s, emiss\u00e3o do boleto mensal do DAS, entre outros servi\u00e7os.\u201d, ressaltou Patr\u00edcia.<\/p>\n<p style=\"font-weight: 400;\">A AGE Petrolina est\u00e1 localizada na rua Casto Alves, 55, Centro, atr\u00e1s da Ag\u00eancia antiga do Banco do Brasil. Outras informa\u00e7\u00f5es pelo telefone (87) 3861-8270, pelo \u2018Al\u00f4 AGE\u2019 (Whatsapp) (87) 98819-3854 ou ainda pelo aplicativo para smartphones \u2018AGE na palma da m\u00e3o\u2019.<\/p>\n<p style=\"font-weight: 400;\">\n<p style=\"font-weight: 400;\">Texto: Jaquelyne Costa<\/p>\n<p style=\"font-weight: 400;\">Assessora de Imprensa da Ag\u00eancia Municipal do Empreendedor (AGE Petrolina)<\/p>\n<p style=\"font-weight: 400;\">Fotos: Ascom PMP<\/p>\n","protected":false},"excerpt":{"rendered":"<p>O ano de 2022 j\u00e1 come\u00e7ou com novidades para os microempreendedores individuais e a Ag\u00eancia Municipal do Empreendedor (AGE Petrolina) j\u00e1 est\u00e1 informando os clientes que procuram a institui\u00e7\u00e3o sobre essas atualiza\u00e7\u00f5es realizadas pelo Governo Federal. A partir deste ano os caminhoneiros t\u00eam a possibilidade de serem inclu\u00eddos na categoria de MEI e assim, sa\u00edrem da informalidade. O MEI-Caminhoneiro foi criado pela Lei Complementar 188\/2021, e podem optar por essa categoria todos os caminhoneiros que faturam at\u00e9 R$ 251,6 mil ao ano e a contribui\u00e7\u00e3o da classe \u00e9 de 12% sobre o sal\u00e1rio m\u00ednimo. Essa lei beneficia diretamente o setor do transporte de cargas, facilitando e tornando mais barata a inclus\u00e3o da categoria de caminhoneiros no regime previdenci\u00e1rio. Al\u00e9m dessa&hellip; <\/p>\n","protected":false},"author":2,"featured_media":294452,"comment_status":"open","ping_status":"open","sticky":false,"template":"","format":"standard","meta":{"_acf_changed":false,"footnotes":""},"categories":[22],"tags":[],"class_list":["post-304259","post","type-post","status-publish","format-standard","has-post-thumbnail","hentry","category-acao-social"],"acf":[],"yoast_head":"<!-- This site is optimized with the Yoast SEO plugin v27.4 - https:\/\/yoast.com\/product\/yoast-seo-wordpress\/ -->\n<title>AGE Petrolina orienta sobre atualiza\u00e7\u00e3o do DAS e inclus\u00e3o de caminhoneiro como MEI - Blog do Farn\u00e9sio<\/title>\n<meta name=\"robots\" content=\"index, follow, max-snippet:-1, max-image-preview:large, max-video-preview:-1\" \/>\n<link rel=\"canonical\" href=\"https:\/\/blogdofarnesio.com.br\/?p=304259\" \/>\n<meta property=\"og:locale\" content=\"pt_BR\" \/>\n<meta property=\"og:type\" content=\"article\" \/>\n<meta property=\"og:title\" content=\"AGE Petrolina orienta sobre atualiza\u00e7\u00e3o do DAS e inclus\u00e3o de caminhoneiro como MEI - Blog do Farn\u00e9sio\" \/>\n<meta property=\"og:description\" content=\"O ano de 2022 j\u00e1 come\u00e7ou com novidades para os microempreendedores individuais e a Ag\u00eancia Municipal do Empreendedor (AGE Petrolina) j\u00e1 est\u00e1 informando os clientes que procuram a institui\u00e7\u00e3o sobre essas atualiza\u00e7\u00f5es realizadas pelo Governo Federal. A partir deste ano os caminhoneiros t\u00eam a possibilidade de serem inclu\u00eddos na categoria de MEI e assim, sa\u00edrem da informalidade. O MEI-Caminhoneiro foi criado pela Lei Complementar 188\/2021, e podem optar por essa categoria todos os caminhoneiros que faturam at\u00e9 R$ 251,6 mil ao ano e a contribui\u00e7\u00e3o da classe \u00e9 de 12% sobre o sal\u00e1rio m\u00ednimo. Essa lei beneficia diretamente o setor do transporte de cargas, facilitando e tornando mais barata a inclus\u00e3o da categoria de caminhoneiros no regime previdenci\u00e1rio. Al\u00e9m dessa&hellip;\" \/>\n<meta property=\"og:url\" content=\"https:\/\/blogdofarnesio.com.br\/?p=304259\" \/>\n<meta property=\"og:site_name\" content=\"Blog do Farn\u00e9sio\" \/>\n<meta property=\"article:publisher\" content=\"https:\/\/www.facebook.com\/BlogQuerSaberPolitica\/\" \/>\n<meta property=\"article:author\" content=\"https:\/\/www.facebook.com\/?ref=tn_tnmn\" \/>\n<meta property=\"article:published_time\" content=\"2022-01-17T13:02:14+00:00\" \/>\n<meta property=\"og:image\" content=\"https:\/\/blogdofarnesio.com.br\/wp-content\/uploads\/2021\/08\/blogqsppet-age-Mutirao-Regularizacao-MEI-1-e1630444571853.jpeg\" \/>\n\t<meta property=\"og:image:width\" content=\"550\" \/>\n\t<meta property=\"og:image:height\" content=\"367\" \/>\n\t<meta property=\"og:image:type\" content=\"image\/jpeg\" \/>\n<meta name=\"author\" content=\"Farn\u00e9sio\" \/>\n<meta name=\"twitter:card\" content=\"summary_large_image\" \/>\n<meta name=\"twitter:label1\" content=\"Escrito por\" \/>\n\t<meta name=\"twitter:data1\" content=\"Farn\u00e9sio\" \/>\n\t<meta name=\"twitter:label2\" content=\"Est. tempo de leitura\" \/>\n\t<meta name=\"twitter:data2\" content=\"2 minutos\" \/>\n<script type=\"application\/ld+json\" class=\"yoast-schema-graph\">{\"@context\":\"https:\\\/\\\/schema.org\",\"@graph\":[{\"@type\":\"Article\",\"@id\":\"https:\\\/\\\/blogdofarnesio.com.br\\\/?p=304259#article\",\"isPartOf\":{\"@id\":\"https:\\\/\\\/blogdofarnesio.com.br\\\/?p=304259\"},\"author\":{\"name\":\"Farn\u00e9sio\",\"@id\":\"https:\\\/\\\/blogdofarnesio.com.br\\\/#\\\/schema\\\/person\\\/bb9b23ae3ad0609ce8df7b6c9e76824d\"},\"headline\":\"AGE Petrolina orienta sobre atualiza\u00e7\u00e3o do DAS e inclus\u00e3o de caminhoneiro como MEI\",\"datePublished\":\"2022-01-17T13:02:14+00:00\",\"mainEntityOfPage\":{\"@id\":\"https:\\\/\\\/blogdofarnesio.com.br\\\/?p=304259\"},\"wordCount\":323,\"commentCount\":0,\"publisher\":{\"@id\":\"https:\\\/\\\/blogdofarnesio.com.br\\\/#organization\"},\"image\":{\"@id\":\"https:\\\/\\\/blogdofarnesio.com.br\\\/?p=304259#primaryimage\"},\"thumbnailUrl\":\"https:\\\/\\\/blogdofarnesio.com.br\\\/wp-content\\\/uploads\\\/2021\\\/08\\\/blogqsppet-age-Mutirao-Regularizacao-MEI-1-e1630444571853.jpeg\",\"articleSection\":[\"A\u00e7\u00e3o Social\"],\"inLanguage\":\"pt-BR\",\"potentialAction\":[{\"@type\":\"CommentAction\",\"name\":\"Comment\",\"target\":[\"https:\\\/\\\/blogdofarnesio.com.br\\\/?p=304259#respond\"]}]},{\"@type\":\"WebPage\",\"@id\":\"https:\\\/\\\/blogdofarnesio.com.br\\\/?p=304259\",\"url\":\"https:\\\/\\\/blogdofarnesio.com.br\\\/?p=304259\",\"name\":\"AGE Petrolina orienta sobre atualiza\u00e7\u00e3o do DAS e inclus\u00e3o de caminhoneiro como MEI - Blog do Farn\u00e9sio\",\"isPartOf\":{\"@id\":\"https:\\\/\\\/blogdofarnesio.com.br\\\/#website\"},\"primaryImageOfPage\":{\"@id\":\"https:\\\/\\\/blogdofarnesio.com.br\\\/?p=304259#primaryimage\"},\"image\":{\"@id\":\"https:\\\/\\\/blogdofarnesio.com.br\\\/?p=304259#primaryimage\"},\"thumbnailUrl\":\"https:\\\/\\\/blogdofarnesio.com.br\\\/wp-content\\\/uploads\\\/2021\\\/08\\\/blogqsppet-age-Mutirao-Regularizacao-MEI-1-e1630444571853.jpeg\",\"datePublished\":\"2022-01-17T13:02:14+00:00\",\"breadcrumb\":{\"@id\":\"https:\\\/\\\/blogdofarnesio.com.br\\\/?p=304259#breadcrumb\"},\"inLanguage\":\"pt-BR\",\"potentialAction\":[{\"@type\":\"ReadAction\",\"target\":[\"https:\\\/\\\/blogdofarnesio.com.br\\\/?p=304259\"]}]},{\"@type\":\"ImageObject\",\"inLanguage\":\"pt-BR\",\"@id\":\"https:\\\/\\\/blogdofarnesio.com.br\\\/?p=304259#primaryimage\",\"url\":\"https:\\\/\\\/blogdofarnesio.com.br\\\/wp-content\\\/uploads\\\/2021\\\/08\\\/blogqsppet-age-Mutirao-Regularizacao-MEI-1-e1630444571853.jpeg\",\"contentUrl\":\"https:\\\/\\\/blogdofarnesio.com.br\\\/wp-content\\\/uploads\\\/2021\\\/08\\\/blogqsppet-age-Mutirao-Regularizacao-MEI-1-e1630444571853.jpeg\",\"width\":550,\"height\":367},{\"@type\":\"BreadcrumbList\",\"@id\":\"https:\\\/\\\/blogdofarnesio.com.br\\\/?p=304259#breadcrumb\",\"itemListElement\":[{\"@type\":\"ListItem\",\"position\":1,\"name\":\"In\u00edcio\",\"item\":\"https:\\\/\\\/blogdofarnesio.com.br\\\/\"},{\"@type\":\"ListItem\",\"position\":2,\"name\":\"AGE Petrolina orienta sobre atualiza\u00e7\u00e3o do DAS e inclus\u00e3o de caminhoneiro como MEI\"}]},{\"@type\":\"WebSite\",\"@id\":\"https:\\\/\\\/blogdofarnesio.com.br\\\/#website\",\"url\":\"https:\\\/\\\/blogdofarnesio.com.br\\\/\",\"name\":\"Blog do Farn\u00e9sio\",\"description\":\"Quer Saber Pol\u00edtica?\",\"publisher\":{\"@id\":\"https:\\\/\\\/blogdofarnesio.com.br\\\/#organization\"},\"potentialAction\":[{\"@type\":\"SearchAction\",\"target\":{\"@type\":\"EntryPoint\",\"urlTemplate\":\"https:\\\/\\\/blogdofarnesio.com.br\\\/?s={search_term_string}\"},\"query-input\":{\"@type\":\"PropertyValueSpecification\",\"valueRequired\":true,\"valueName\":\"search_term_string\"}}],\"inLanguage\":\"pt-BR\"},{\"@type\":\"Organization\",\"@id\":\"https:\\\/\\\/blogdofarnesio.com.br\\\/#organization\",\"name\":\"Blog do Farn\u00e9sio\",\"url\":\"https:\\\/\\\/blogdofarnesio.com.br\\\/\",\"logo\":{\"@type\":\"ImageObject\",\"inLanguage\":\"pt-BR\",\"@id\":\"https:\\\/\\\/blogdofarnesio.com.br\\\/#\\\/schema\\\/logo\\\/image\\\/\",\"url\":\"https:\\\/\\\/blogdofarnesio.com.br\\\/wp-content\\\/uploads\\\/2026\\\/03\\\/cropped-logo_new-1.png\",\"contentUrl\":\"https:\\\/\\\/blogdofarnesio.com.br\\\/wp-content\\\/uploads\\\/2026\\\/03\\\/cropped-logo_new-1.png\",\"width\":881,\"height\":685,\"caption\":\"Blog do Farn\u00e9sio\"},\"image\":{\"@id\":\"https:\\\/\\\/blogdofarnesio.com.br\\\/#\\\/schema\\\/logo\\\/image\\\/\"},\"sameAs\":[\"https:\\\/\\\/www.facebook.com\\\/BlogQuerSaberPolitica\\\/\"]},{\"@type\":\"Person\",\"@id\":\"https:\\\/\\\/blogdofarnesio.com.br\\\/#\\\/schema\\\/person\\\/bb9b23ae3ad0609ce8df7b6c9e76824d\",\"name\":\"Farn\u00e9sio\",\"image\":{\"@type\":\"ImageObject\",\"inLanguage\":\"pt-BR\",\"@id\":\"https:\\\/\\\/secure.gravatar.com\\\/avatar\\\/986aa4c61ccdb66f8555bf88fc2a65609d00bcabd4d2d94377a727547345cbca?s=96&d=mm&r=g\",\"url\":\"https:\\\/\\\/secure.gravatar.com\\\/avatar\\\/986aa4c61ccdb66f8555bf88fc2a65609d00bcabd4d2d94377a727547345cbca?s=96&d=mm&r=g\",\"contentUrl\":\"https:\\\/\\\/secure.gravatar.com\\\/avatar\\\/986aa4c61ccdb66f8555bf88fc2a65609d00bcabd4d2d94377a727547345cbca?s=96&d=mm&r=g\",\"caption\":\"Farn\u00e9sio\"},\"description\":\"Radialista blogueiro, chegou a Petrolina\\\/Juazeiro em setembro de 1980, Farn\u00e9sio Silva \u00e9 de Arapiraca-Alagoas.\",\"sameAs\":[\"http:\\\/\\\/blogdofarnesio.com.br\",\"https:\\\/\\\/www.facebook.com\\\/?ref=tn_tnmn\",\"https:\\\/\\\/www.instagram.com\\\/?utm_source=pwa_homescreen\",\"https:\\\/\\\/youtube.com.br\\\/\"],\"url\":\"https:\\\/\\\/blogdofarnesio.com.br\\\/?author=2\"}]}<\/script>\n<!-- \/ Yoast SEO plugin. -->","yoast_head_json":{"title":"AGE Petrolina orienta sobre atualiza\u00e7\u00e3o do DAS e inclus\u00e3o de caminhoneiro como MEI - Blog do Farn\u00e9sio","robots":{"index":"index","follow":"follow","max-snippet":"max-snippet:-1","max-image-preview":"max-image-preview:large","max-video-preview":"max-video-preview:-1"},"canonical":"https:\/\/blogdofarnesio.com.br\/?p=304259","og_locale":"pt_BR","og_type":"article","og_title":"AGE Petrolina orienta sobre atualiza\u00e7\u00e3o do DAS e inclus\u00e3o de caminhoneiro como MEI - Blog do Farn\u00e9sio","og_description":"O ano de 2022 j\u00e1 come\u00e7ou com novidades para os microempreendedores individuais e a Ag\u00eancia Municipal do Empreendedor (AGE Petrolina) j\u00e1 est\u00e1 informando os clientes que procuram a institui\u00e7\u00e3o sobre essas atualiza\u00e7\u00f5es realizadas pelo Governo Federal. A partir deste ano os caminhoneiros t\u00eam a possibilidade de serem inclu\u00eddos na categoria de MEI e assim, sa\u00edrem da informalidade. O MEI-Caminhoneiro foi criado pela Lei Complementar 188\/2021, e podem optar por essa categoria todos os caminhoneiros que faturam at\u00e9 R$ 251,6 mil ao ano e a contribui\u00e7\u00e3o da classe \u00e9 de 12% sobre o sal\u00e1rio m\u00ednimo. Essa lei beneficia diretamente o setor do transporte de cargas, facilitando e tornando mais barata a inclus\u00e3o da categoria de caminhoneiros no regime previdenci\u00e1rio. Al\u00e9m dessa&hellip;","og_url":"https:\/\/blogdofarnesio.com.br\/?p=304259","og_site_name":"Blog do Farn\u00e9sio","article_publisher":"https:\/\/www.facebook.com\/BlogQuerSaberPolitica\/","article_author":"https:\/\/www.facebook.com\/?ref=tn_tnmn","article_published_time":"2022-01-17T13:02:14+00:00","og_image":[{"width":550,"height":367,"url":"https:\/\/blogdofarnesio.com.br\/wp-content\/uploads\/2021\/08\/blogqsppet-age-Mutirao-Regularizacao-MEI-1-e1630444571853.jpeg","type":"image\/jpeg"}],"author":"Farn\u00e9sio","twitter_card":"summary_large_image","twitter_misc":{"Escrito por":"Farn\u00e9sio","Est. tempo de leitura":"2 minutos"},"schema":{"@context":"https:\/\/schema.org","@graph":[{"@type":"Article","@id":"https:\/\/blogdofarnesio.com.br\/?p=304259#article","isPartOf":{"@id":"https:\/\/blogdofarnesio.com.br\/?p=304259"},"author":{"name":"Farn\u00e9sio","@id":"https:\/\/blogdofarnesio.com.br\/#\/schema\/person\/bb9b23ae3ad0609ce8df7b6c9e76824d"},"headline":"AGE Petrolina orienta sobre atualiza\u00e7\u00e3o do DAS e inclus\u00e3o de caminhoneiro como MEI","datePublished":"2022-01-17T13:02:14+00:00","mainEntityOfPage":{"@id":"https:\/\/blogdofarnesio.com.br\/?p=304259"},"wordCount":323,"commentCount":0,"publisher":{"@id":"https:\/\/blogdofarnesio.com.br\/#organization"},"image":{"@id":"https:\/\/blogdofarnesio.com.br\/?p=304259#primaryimage"},"thumbnailUrl":"https:\/\/blogdofarnesio.com.br\/wp-content\/uploads\/2021\/08\/blogqsppet-age-Mutirao-Regularizacao-MEI-1-e1630444571853.jpeg","articleSection":["A\u00e7\u00e3o Social"],"inLanguage":"pt-BR","potentialAction":[{"@type":"CommentAction","name":"Comment","target":["https:\/\/blogdofarnesio.com.br\/?p=304259#respond"]}]},{"@type":"WebPage","@id":"https:\/\/blogdofarnesio.com.br\/?p=304259","url":"https:\/\/blogdofarnesio.com.br\/?p=304259","name":"AGE Petrolina orienta sobre atualiza\u00e7\u00e3o do DAS e inclus\u00e3o de caminhoneiro como MEI - Blog do Farn\u00e9sio","isPartOf":{"@id":"https:\/\/blogdofarnesio.com.br\/#website"},"primaryImageOfPage":{"@id":"https:\/\/blogdofarnesio.com.br\/?p=304259#primaryimage"},"image":{"@id":"https:\/\/blogdofarnesio.com.br\/?p=304259#primaryimage"},"thumbnailUrl":"https:\/\/blogdofarnesio.com.br\/wp-content\/uploads\/2021\/08\/blogqsppet-age-Mutirao-Regularizacao-MEI-1-e1630444571853.jpeg","datePublished":"2022-01-17T13:02:14+00:00","breadcrumb":{"@id":"https:\/\/blogdofarnesio.com.br\/?p=304259#breadcrumb"},"inLanguage":"pt-BR","potentialAction":[{"@type":"ReadAction","target":["https:\/\/blogdofarnesio.com.br\/?p=304259"]}]},{"@type":"ImageObject","inLanguage":"pt-BR","@id":"https:\/\/blogdofarnesio.com.br\/?p=304259#primaryimage","url":"https:\/\/blogdofarnesio.com.br\/wp-content\/uploads\/2021\/08\/blogqsppet-age-Mutirao-Regularizacao-MEI-1-e1630444571853.jpeg","contentUrl":"https:\/\/blogdofarnesio.com.br\/wp-content\/uploads\/2021\/08\/blogqsppet-age-Mutirao-Regularizacao-MEI-1-e1630444571853.jpeg","width":550,"height":367},{"@type":"BreadcrumbList","@id":"https:\/\/blogdofarnesio.com.br\/?p=304259#breadcrumb","itemListElement":[{"@type":"ListItem","position":1,"name":"In\u00edcio","item":"https:\/\/blogdofarnesio.com.br\/"},{"@type":"ListItem","position":2,"name":"AGE Petrolina orienta sobre atualiza\u00e7\u00e3o do DAS e inclus\u00e3o de caminhoneiro como MEI"}]},{"@type":"WebSite","@id":"https:\/\/blogdofarnesio.com.br\/#website","url":"https:\/\/blogdofarnesio.com.br\/","name":"Blog do Farn\u00e9sio","description":"Quer Saber Pol\u00edtica?","publisher":{"@id":"https:\/\/blogdofarnesio.com.br\/#organization"},"potentialAction":[{"@type":"SearchAction","target":{"@type":"EntryPoint","urlTemplate":"https:\/\/blogdofarnesio.com.br\/?s={search_term_string}"},"query-input":{"@type":"PropertyValueSpecification","valueRequired":true,"valueName":"search_term_string"}}],"inLanguage":"pt-BR"},{"@type":"Organization","@id":"https:\/\/blogdofarnesio.com.br\/#organization","name":"Blog do Farn\u00e9sio","url":"https:\/\/blogdofarnesio.com.br\/","logo":{"@type":"ImageObject","inLanguage":"pt-BR","@id":"https:\/\/blogdofarnesio.com.br\/#\/schema\/logo\/image\/","url":"https:\/\/blogdofarnesio.com.br\/wp-content\/uploads\/2026\/03\/cropped-logo_new-1.png","contentUrl":"https:\/\/blogdofarnesio.com.br\/wp-content\/uploads\/2026\/03\/cropped-logo_new-1.png","width":881,"height":685,"caption":"Blog do Farn\u00e9sio"},"image":{"@id":"https:\/\/blogdofarnesio.com.br\/#\/schema\/logo\/image\/"},"sameAs":["https:\/\/www.facebook.com\/BlogQuerSaberPolitica\/"]},{"@type":"Person","@id":"https:\/\/blogdofarnesio.com.br\/#\/schema\/person\/bb9b23ae3ad0609ce8df7b6c9e76824d","name":"Farn\u00e9sio","image":{"@type":"ImageObject","inLanguage":"pt-BR","@id":"https:\/\/secure.gravatar.com\/avatar\/986aa4c61ccdb66f8555bf88fc2a65609d00bcabd4d2d94377a727547345cbca?s=96&d=mm&r=g","url":"https:\/\/secure.gravatar.com\/avatar\/986aa4c61ccdb66f8555bf88fc2a65609d00bcabd4d2d94377a727547345cbca?s=96&d=mm&r=g","contentUrl":"https:\/\/secure.gravatar.com\/avatar\/986aa4c61ccdb66f8555bf88fc2a65609d00bcabd4d2d94377a727547345cbca?s=96&d=mm&r=g","caption":"Farn\u00e9sio"},"description":"Radialista blogueiro, chegou a Petrolina\/Juazeiro em setembro de 1980, Farn\u00e9sio Silva \u00e9 de Arapiraca-Alagoas.","sameAs":["http:\/\/blogdofarnesio.com.br","https:\/\/www.facebook.com\/?ref=tn_tnmn","https:\/\/www.instagram.com\/?utm_source=pwa_homescreen","https:\/\/youtube.com.br\/"],"url":"https:\/\/blogdofarnesio.com.br\/?author=2"}]}},"_links":{"self":[{"href":"https:\/\/blogdofarnesio.com.br\/index.php?rest_route=\/wp\/v2\/posts\/304259","targetHints":{"allow":["GET"]}}],"collection":[{"href":"https:\/\/blogdofarnesio.com.br\/index.php?rest_route=\/wp\/v2\/posts"}],"about":[{"href":"https:\/\/blogdofarnesio.com.br\/index.php?rest_route=\/wp\/v2\/types\/post"}],"author":[{"embeddable":true,"href":"https:\/\/blogdofarnesio.com.br\/index.php?rest_route=\/wp\/v2\/users\/2"}],"replies":[{"embeddable":true,"href":"https:\/\/blogdofarnesio.com.br\/index.php?rest_route=%2Fwp%2Fv2%2Fcomments&post=304259"}],"version-history":[{"count":0,"href":"https:\/\/blogdofarnesio.com.br\/index.php?rest_route=\/wp\/v2\/posts\/304259\/revisions"}],"wp:featuredmedia":[{"embeddable":true,"href":"https:\/\/blogdofarnesio.com.br\/index.php?rest_route=\/wp\/v2\/media\/294452"}],"wp:attachment":[{"href":"https:\/\/blogdofarnesio.com.br\/index.php?rest_route=%2Fwp%2Fv2%2Fmedia&parent=304259"}],"wp:term":[{"taxonomy":"category","embeddable":true,"href":"https:\/\/blogdofarnesio.com.br\/index.php?rest_route=%2Fwp%2Fv2%2Fcategories&post=304259"},{"taxonomy":"post_tag","embeddable":true,"href":"https:\/\/blogdofarnesio.com.br\/index.php?rest_route=%2Fwp%2Fv2%2Ftags&post=304259"}],"curies":[{"name":"wp","href":"https:\/\/api.w.org\/{rel}","templated":true}]}}