{"id":304247,"date":"2022-01-15T09:00:22","date_gmt":"2022-01-15T12:00:22","guid":{"rendered":"https:\/\/blogdofarnesio.com.br\/?p=304247"},"modified":"2022-01-15T08:41:18","modified_gmt":"2022-01-15T11:41:18","slug":"prefeitura-de-petrolina-faz-avaliacao-das-acoes-de-reducao-aos-danos-causados-pelas-chuvas","status":"publish","type":"post","link":"https:\/\/blogdofarnesio.com.br\/?p=304247","title":{"rendered":"Prefeitura de Petrolina faz avalia\u00e7\u00e3o das a\u00e7\u00f5es de redu\u00e7\u00e3o aos danos causados pelas chuvas"},"content":{"rendered":"<p style=\"font-weight: 400;\">Ap\u00f3s as fortes chuvas que ca\u00edram nos \u00faltimos dias, as equipes da Prefeitura de Petrolina est\u00e3o em campo intensificando as a\u00e7\u00f5es emergenciais de combate aos danos causados pelas \u00e1guas. Nesta sexta-feira (14) as equipes das secretarias de Desenvolvimento Social e Direitos Humanos; Servi\u00e7os P\u00fablicos e Defesa Civil estiveram reunidos com o vice-prefeito Sim\u00e3o Durando para fazer o monitoramento das a\u00e7\u00f5es que j\u00e1 est\u00e3o sendo executadas e planejar a\u00e7\u00f5es de m\u00e9dio e longo prazo.<\/p>\n<p style=\"font-weight: 400;\">Para acompanhar essa situa\u00e7\u00e3o de perto, j\u00e1 que a previs\u00e3o \u00e9 de mais chuvas at\u00e9 o m\u00eas de abril, a gest\u00e3o municipal est\u00e1 criando um comit\u00ea de combate aos estragos que podem ser ocasionados pelas chuvas. De acordo com o vice-prefeito Sim\u00e3o Durando, a gest\u00e3o est\u00e1 prestando toda a assist\u00eancia para a popula\u00e7\u00e3o<em>. &#8220;Estamos trabalhando para amenizar os transtornos tanto na quest\u00e3o estrutural da cidade, quanto na parte de assist\u00eancia social \u00e0s fam\u00edlias prejudicadas. O prefeito Miguel Coelho tem refor\u00e7ado a import\u00e2ncia dessa assist\u00eancia e a nossa equipe n\u00e3o tem medido esfor\u00e7os diariamente de forma emergencial&#8221;,\u00a0<\/em>frisou.<\/p>\n<p style=\"font-weight: 400;\">O gestor ainda refor\u00e7ou que a longo prazo o munic\u00edpio j\u00e1 est\u00e1 em processo para a constru\u00e7\u00e3o do plano de macrodrenagem que est\u00e1 sendo constru\u00eddo no munic\u00edpio.\u00a0<em>&#8220;Estamos no processo de cria\u00e7\u00e3o do projeto de macrodrenagem, que \u00e9 um estudo para a cria\u00e7\u00e3o de meios que possibilitem o escoamento das \u00e1guas pluviais em \u00e1reas urbanas. Ele vai direcionar o desenvolvimento de projetos de drenagem urbana e realizar a an\u00e1lise dos locais de poss\u00edveis enchentes. Vamos elencar os pontos mais importante e em menos de 12 meses j\u00e1 teremos esse estudo&#8221;,<\/em>\u00a0concluiu<\/p>\n<p style=\"font-weight: 400;\">&#8212;&#8212;&#8211;<\/p>\n<p style=\"font-weight: 400;\">Cleilma Souza &#8211; Assessora de Imprensa do vice-prefeito e secret\u00e1rio de Governo<\/p>\n","protected":false},"excerpt":{"rendered":"<p>Ap\u00f3s as fortes chuvas que ca\u00edram nos \u00faltimos dias, as equipes da Prefeitura de Petrolina est\u00e3o em campo intensificando as a\u00e7\u00f5es emergenciais de combate aos danos causados pelas \u00e1guas. Nesta sexta-feira (14) as equipes das secretarias de Desenvolvimento Social e Direitos Humanos; Servi\u00e7os P\u00fablicos e Defesa Civil estiveram reunidos com o vice-prefeito Sim\u00e3o Durando para fazer o monitoramento das a\u00e7\u00f5es que j\u00e1 est\u00e3o sendo executadas e planejar a\u00e7\u00f5es de m\u00e9dio e longo prazo. Para acompanhar essa situa\u00e7\u00e3o de perto, j\u00e1 que a previs\u00e3o \u00e9 de mais chuvas at\u00e9 o m\u00eas de abril, a gest\u00e3o municipal est\u00e1 criando um comit\u00ea de combate aos estragos que podem ser ocasionados pelas chuvas. De acordo com o vice-prefeito Sim\u00e3o Durando, a gest\u00e3o est\u00e1 prestando&hellip; <\/p>\n","protected":false},"author":2,"featured_media":304248,"comment_status":"open","ping_status":"open","sticky":false,"template":"","format":"standard","meta":{"_acf_changed":false,"footnotes":""},"categories":[44],"tags":[],"class_list":["post-304247","post","type-post","status-publish","format-standard","has-post-thumbnail","hentry","category-administracao"],"acf":[],"yoast_head":"<!-- This site is optimized with the Yoast SEO plugin v27.4 - https:\/\/yoast.com\/product\/yoast-seo-wordpress\/ -->\n<title>Prefeitura de Petrolina faz avalia\u00e7\u00e3o das a\u00e7\u00f5es de redu\u00e7\u00e3o aos danos causados pelas chuvas - Blog do Farn\u00e9sio<\/title>\n<meta name=\"robots\" content=\"index, follow, max-snippet:-1, max-image-preview:large, max-video-preview:-1\" \/>\n<link rel=\"canonical\" href=\"https:\/\/blogdofarnesio.com.br\/?p=304247\" \/>\n<meta property=\"og:locale\" content=\"pt_BR\" \/>\n<meta property=\"og:type\" content=\"article\" \/>\n<meta property=\"og:title\" content=\"Prefeitura de Petrolina faz avalia\u00e7\u00e3o das a\u00e7\u00f5es de redu\u00e7\u00e3o aos danos causados pelas chuvas - Blog do Farn\u00e9sio\" \/>\n<meta property=\"og:description\" content=\"Ap\u00f3s as fortes chuvas que ca\u00edram nos \u00faltimos dias, as equipes da Prefeitura de Petrolina est\u00e3o em campo intensificando as a\u00e7\u00f5es emergenciais de combate aos danos causados pelas \u00e1guas. Nesta sexta-feira (14) as equipes das secretarias de Desenvolvimento Social e Direitos Humanos; Servi\u00e7os P\u00fablicos e Defesa Civil estiveram reunidos com o vice-prefeito Sim\u00e3o Durando para fazer o monitoramento das a\u00e7\u00f5es que j\u00e1 est\u00e3o sendo executadas e planejar a\u00e7\u00f5es de m\u00e9dio e longo prazo. Para acompanhar essa situa\u00e7\u00e3o de perto, j\u00e1 que a previs\u00e3o \u00e9 de mais chuvas at\u00e9 o m\u00eas de abril, a gest\u00e3o municipal est\u00e1 criando um comit\u00ea de combate aos estragos que podem ser ocasionados pelas chuvas. De acordo com o vice-prefeito Sim\u00e3o Durando, a gest\u00e3o est\u00e1 prestando&hellip;\" \/>\n<meta property=\"og:url\" content=\"https:\/\/blogdofarnesio.com.br\/?p=304247\" \/>\n<meta property=\"og:site_name\" content=\"Blog do Farn\u00e9sio\" \/>\n<meta property=\"article:publisher\" content=\"https:\/\/www.facebook.com\/BlogQuerSaberPolitica\/\" \/>\n<meta property=\"article:author\" content=\"https:\/\/www.facebook.com\/?ref=tn_tnmn\" \/>\n<meta property=\"article:published_time\" content=\"2022-01-15T12:00:22+00:00\" \/>\n<meta property=\"og:image\" content=\"https:\/\/blogdofarnesio.com.br\/wp-content\/uploads\/2022\/01\/blogqsppet-simao-reuniao-chuvas-e1642246820934.jpeg\" \/>\n\t<meta property=\"og:image:width\" content=\"600\" \/>\n\t<meta property=\"og:image:height\" content=\"375\" \/>\n\t<meta property=\"og:image:type\" content=\"image\/jpeg\" \/>\n<meta name=\"author\" content=\"Farn\u00e9sio\" \/>\n<meta name=\"twitter:card\" content=\"summary_large_image\" \/>\n<meta name=\"twitter:label1\" content=\"Escrito por\" \/>\n\t<meta name=\"twitter:data1\" content=\"Farn\u00e9sio\" \/>\n\t<meta name=\"twitter:label2\" content=\"Est. tempo de leitura\" \/>\n\t<meta name=\"twitter:data2\" content=\"2 minutos\" \/>\n<script type=\"application\/ld+json\" class=\"yoast-schema-graph\">{\"@context\":\"https:\\\/\\\/schema.org\",\"@graph\":[{\"@type\":\"Article\",\"@id\":\"https:\\\/\\\/blogdofarnesio.com.br\\\/?p=304247#article\",\"isPartOf\":{\"@id\":\"https:\\\/\\\/blogdofarnesio.com.br\\\/?p=304247\"},\"author\":{\"name\":\"Farn\u00e9sio\",\"@id\":\"https:\\\/\\\/blogdofarnesio.com.br\\\/#\\\/schema\\\/person\\\/bb9b23ae3ad0609ce8df7b6c9e76824d\"},\"headline\":\"Prefeitura de Petrolina faz avalia\u00e7\u00e3o das a\u00e7\u00f5es de redu\u00e7\u00e3o aos danos causados pelas chuvas\",\"datePublished\":\"2022-01-15T12:00:22+00:00\",\"mainEntityOfPage\":{\"@id\":\"https:\\\/\\\/blogdofarnesio.com.br\\\/?p=304247\"},\"wordCount\":324,\"commentCount\":0,\"publisher\":{\"@id\":\"https:\\\/\\\/blogdofarnesio.com.br\\\/#organization\"},\"image\":{\"@id\":\"https:\\\/\\\/blogdofarnesio.com.br\\\/?p=304247#primaryimage\"},\"thumbnailUrl\":\"https:\\\/\\\/blogdofarnesio.com.br\\\/wp-content\\\/uploads\\\/2022\\\/01\\\/blogqsppet-simao-reuniao-chuvas-e1642246820934.jpeg\",\"articleSection\":[\"Administra\u00e7\u00e3o\"],\"inLanguage\":\"pt-BR\",\"potentialAction\":[{\"@type\":\"CommentAction\",\"name\":\"Comment\",\"target\":[\"https:\\\/\\\/blogdofarnesio.com.br\\\/?p=304247#respond\"]}]},{\"@type\":\"WebPage\",\"@id\":\"https:\\\/\\\/blogdofarnesio.com.br\\\/?p=304247\",\"url\":\"https:\\\/\\\/blogdofarnesio.com.br\\\/?p=304247\",\"name\":\"Prefeitura de Petrolina faz avalia\u00e7\u00e3o das a\u00e7\u00f5es de redu\u00e7\u00e3o aos danos causados pelas chuvas - Blog do Farn\u00e9sio\",\"isPartOf\":{\"@id\":\"https:\\\/\\\/blogdofarnesio.com.br\\\/#website\"},\"primaryImageOfPage\":{\"@id\":\"https:\\\/\\\/blogdofarnesio.com.br\\\/?p=304247#primaryimage\"},\"image\":{\"@id\":\"https:\\\/\\\/blogdofarnesio.com.br\\\/?p=304247#primaryimage\"},\"thumbnailUrl\":\"https:\\\/\\\/blogdofarnesio.com.br\\\/wp-content\\\/uploads\\\/2022\\\/01\\\/blogqsppet-simao-reuniao-chuvas-e1642246820934.jpeg\",\"datePublished\":\"2022-01-15T12:00:22+00:00\",\"breadcrumb\":{\"@id\":\"https:\\\/\\\/blogdofarnesio.com.br\\\/?p=304247#breadcrumb\"},\"inLanguage\":\"pt-BR\",\"potentialAction\":[{\"@type\":\"ReadAction\",\"target\":[\"https:\\\/\\\/blogdofarnesio.com.br\\\/?p=304247\"]}]},{\"@type\":\"ImageObject\",\"inLanguage\":\"pt-BR\",\"@id\":\"https:\\\/\\\/blogdofarnesio.com.br\\\/?p=304247#primaryimage\",\"url\":\"https:\\\/\\\/blogdofarnesio.com.br\\\/wp-content\\\/uploads\\\/2022\\\/01\\\/blogqsppet-simao-reuniao-chuvas-e1642246820934.jpeg\",\"contentUrl\":\"https:\\\/\\\/blogdofarnesio.com.br\\\/wp-content\\\/uploads\\\/2022\\\/01\\\/blogqsppet-simao-reuniao-chuvas-e1642246820934.jpeg\",\"width\":600,\"height\":375},{\"@type\":\"BreadcrumbList\",\"@id\":\"https:\\\/\\\/blogdofarnesio.com.br\\\/?p=304247#breadcrumb\",\"itemListElement\":[{\"@type\":\"ListItem\",\"position\":1,\"name\":\"In\u00edcio\",\"item\":\"https:\\\/\\\/blogdofarnesio.com.br\\\/\"},{\"@type\":\"ListItem\",\"position\":2,\"name\":\"Prefeitura de Petrolina faz avalia\u00e7\u00e3o das a\u00e7\u00f5es de redu\u00e7\u00e3o aos danos causados pelas chuvas\"}]},{\"@type\":\"WebSite\",\"@id\":\"https:\\\/\\\/blogdofarnesio.com.br\\\/#website\",\"url\":\"https:\\\/\\\/blogdofarnesio.com.br\\\/\",\"name\":\"Blog do Farn\u00e9sio\",\"description\":\"Quer Saber Pol\u00edtica?\",\"publisher\":{\"@id\":\"https:\\\/\\\/blogdofarnesio.com.br\\\/#organization\"},\"potentialAction\":[{\"@type\":\"SearchAction\",\"target\":{\"@type\":\"EntryPoint\",\"urlTemplate\":\"https:\\\/\\\/blogdofarnesio.com.br\\\/?s={search_term_string}\"},\"query-input\":{\"@type\":\"PropertyValueSpecification\",\"valueRequired\":true,\"valueName\":\"search_term_string\"}}],\"inLanguage\":\"pt-BR\"},{\"@type\":\"Organization\",\"@id\":\"https:\\\/\\\/blogdofarnesio.com.br\\\/#organization\",\"name\":\"Blog do Farn\u00e9sio\",\"url\":\"https:\\\/\\\/blogdofarnesio.com.br\\\/\",\"logo\":{\"@type\":\"ImageObject\",\"inLanguage\":\"pt-BR\",\"@id\":\"https:\\\/\\\/blogdofarnesio.com.br\\\/#\\\/schema\\\/logo\\\/image\\\/\",\"url\":\"https:\\\/\\\/blogdofarnesio.com.br\\\/wp-content\\\/uploads\\\/2026\\\/03\\\/cropped-logo_new-1.png\",\"contentUrl\":\"https:\\\/\\\/blogdofarnesio.com.br\\\/wp-content\\\/uploads\\\/2026\\\/03\\\/cropped-logo_new-1.png\",\"width\":881,\"height\":685,\"caption\":\"Blog do Farn\u00e9sio\"},\"image\":{\"@id\":\"https:\\\/\\\/blogdofarnesio.com.br\\\/#\\\/schema\\\/logo\\\/image\\\/\"},\"sameAs\":[\"https:\\\/\\\/www.facebook.com\\\/BlogQuerSaberPolitica\\\/\"]},{\"@type\":\"Person\",\"@id\":\"https:\\\/\\\/blogdofarnesio.com.br\\\/#\\\/schema\\\/person\\\/bb9b23ae3ad0609ce8df7b6c9e76824d\",\"name\":\"Farn\u00e9sio\",\"image\":{\"@type\":\"ImageObject\",\"inLanguage\":\"pt-BR\",\"@id\":\"https:\\\/\\\/secure.gravatar.com\\\/avatar\\\/986aa4c61ccdb66f8555bf88fc2a65609d00bcabd4d2d94377a727547345cbca?s=96&d=mm&r=g\",\"url\":\"https:\\\/\\\/secure.gravatar.com\\\/avatar\\\/986aa4c61ccdb66f8555bf88fc2a65609d00bcabd4d2d94377a727547345cbca?s=96&d=mm&r=g\",\"contentUrl\":\"https:\\\/\\\/secure.gravatar.com\\\/avatar\\\/986aa4c61ccdb66f8555bf88fc2a65609d00bcabd4d2d94377a727547345cbca?s=96&d=mm&r=g\",\"caption\":\"Farn\u00e9sio\"},\"description\":\"Radialista blogueiro, chegou a Petrolina\\\/Juazeiro em setembro de 1980, Farn\u00e9sio Silva \u00e9 de Arapiraca-Alagoas.\",\"sameAs\":[\"http:\\\/\\\/blogdofarnesio.com.br\",\"https:\\\/\\\/www.facebook.com\\\/?ref=tn_tnmn\",\"https:\\\/\\\/www.instagram.com\\\/?utm_source=pwa_homescreen\",\"https:\\\/\\\/youtube.com.br\\\/\"],\"url\":\"https:\\\/\\\/blogdofarnesio.com.br\\\/?author=2\"}]}<\/script>\n<!-- \/ Yoast SEO plugin. -->","yoast_head_json":{"title":"Prefeitura de Petrolina faz avalia\u00e7\u00e3o das a\u00e7\u00f5es de redu\u00e7\u00e3o aos danos causados pelas chuvas - Blog do Farn\u00e9sio","robots":{"index":"index","follow":"follow","max-snippet":"max-snippet:-1","max-image-preview":"max-image-preview:large","max-video-preview":"max-video-preview:-1"},"canonical":"https:\/\/blogdofarnesio.com.br\/?p=304247","og_locale":"pt_BR","og_type":"article","og_title":"Prefeitura de Petrolina faz avalia\u00e7\u00e3o das a\u00e7\u00f5es de redu\u00e7\u00e3o aos danos causados pelas chuvas - Blog do Farn\u00e9sio","og_description":"Ap\u00f3s as fortes chuvas que ca\u00edram nos \u00faltimos dias, as equipes da Prefeitura de Petrolina est\u00e3o em campo intensificando as a\u00e7\u00f5es emergenciais de combate aos danos causados pelas \u00e1guas. Nesta sexta-feira (14) as equipes das secretarias de Desenvolvimento Social e Direitos Humanos; Servi\u00e7os P\u00fablicos e Defesa Civil estiveram reunidos com o vice-prefeito Sim\u00e3o Durando para fazer o monitoramento das a\u00e7\u00f5es que j\u00e1 est\u00e3o sendo executadas e planejar a\u00e7\u00f5es de m\u00e9dio e longo prazo. Para acompanhar essa situa\u00e7\u00e3o de perto, j\u00e1 que a previs\u00e3o \u00e9 de mais chuvas at\u00e9 o m\u00eas de abril, a gest\u00e3o municipal est\u00e1 criando um comit\u00ea de combate aos estragos que podem ser ocasionados pelas chuvas. De acordo com o vice-prefeito Sim\u00e3o Durando, a gest\u00e3o est\u00e1 prestando&hellip;","og_url":"https:\/\/blogdofarnesio.com.br\/?p=304247","og_site_name":"Blog do Farn\u00e9sio","article_publisher":"https:\/\/www.facebook.com\/BlogQuerSaberPolitica\/","article_author":"https:\/\/www.facebook.com\/?ref=tn_tnmn","article_published_time":"2022-01-15T12:00:22+00:00","og_image":[{"width":600,"height":375,"url":"https:\/\/blogdofarnesio.com.br\/wp-content\/uploads\/2022\/01\/blogqsppet-simao-reuniao-chuvas-e1642246820934.jpeg","type":"image\/jpeg"}],"author":"Farn\u00e9sio","twitter_card":"summary_large_image","twitter_misc":{"Escrito por":"Farn\u00e9sio","Est. tempo de leitura":"2 minutos"},"schema":{"@context":"https:\/\/schema.org","@graph":[{"@type":"Article","@id":"https:\/\/blogdofarnesio.com.br\/?p=304247#article","isPartOf":{"@id":"https:\/\/blogdofarnesio.com.br\/?p=304247"},"author":{"name":"Farn\u00e9sio","@id":"https:\/\/blogdofarnesio.com.br\/#\/schema\/person\/bb9b23ae3ad0609ce8df7b6c9e76824d"},"headline":"Prefeitura de Petrolina faz avalia\u00e7\u00e3o das a\u00e7\u00f5es de redu\u00e7\u00e3o aos danos causados pelas chuvas","datePublished":"2022-01-15T12:00:22+00:00","mainEntityOfPage":{"@id":"https:\/\/blogdofarnesio.com.br\/?p=304247"},"wordCount":324,"commentCount":0,"publisher":{"@id":"https:\/\/blogdofarnesio.com.br\/#organization"},"image":{"@id":"https:\/\/blogdofarnesio.com.br\/?p=304247#primaryimage"},"thumbnailUrl":"https:\/\/blogdofarnesio.com.br\/wp-content\/uploads\/2022\/01\/blogqsppet-simao-reuniao-chuvas-e1642246820934.jpeg","articleSection":["Administra\u00e7\u00e3o"],"inLanguage":"pt-BR","potentialAction":[{"@type":"CommentAction","name":"Comment","target":["https:\/\/blogdofarnesio.com.br\/?p=304247#respond"]}]},{"@type":"WebPage","@id":"https:\/\/blogdofarnesio.com.br\/?p=304247","url":"https:\/\/blogdofarnesio.com.br\/?p=304247","name":"Prefeitura de Petrolina faz avalia\u00e7\u00e3o das a\u00e7\u00f5es de redu\u00e7\u00e3o aos danos causados pelas chuvas - Blog do Farn\u00e9sio","isPartOf":{"@id":"https:\/\/blogdofarnesio.com.br\/#website"},"primaryImageOfPage":{"@id":"https:\/\/blogdofarnesio.com.br\/?p=304247#primaryimage"},"image":{"@id":"https:\/\/blogdofarnesio.com.br\/?p=304247#primaryimage"},"thumbnailUrl":"https:\/\/blogdofarnesio.com.br\/wp-content\/uploads\/2022\/01\/blogqsppet-simao-reuniao-chuvas-e1642246820934.jpeg","datePublished":"2022-01-15T12:00:22+00:00","breadcrumb":{"@id":"https:\/\/blogdofarnesio.com.br\/?p=304247#breadcrumb"},"inLanguage":"pt-BR","potentialAction":[{"@type":"ReadAction","target":["https:\/\/blogdofarnesio.com.br\/?p=304247"]}]},{"@type":"ImageObject","inLanguage":"pt-BR","@id":"https:\/\/blogdofarnesio.com.br\/?p=304247#primaryimage","url":"https:\/\/blogdofarnesio.com.br\/wp-content\/uploads\/2022\/01\/blogqsppet-simao-reuniao-chuvas-e1642246820934.jpeg","contentUrl":"https:\/\/blogdofarnesio.com.br\/wp-content\/uploads\/2022\/01\/blogqsppet-simao-reuniao-chuvas-e1642246820934.jpeg","width":600,"height":375},{"@type":"BreadcrumbList","@id":"https:\/\/blogdofarnesio.com.br\/?p=304247#breadcrumb","itemListElement":[{"@type":"ListItem","position":1,"name":"In\u00edcio","item":"https:\/\/blogdofarnesio.com.br\/"},{"@type":"ListItem","position":2,"name":"Prefeitura de Petrolina faz avalia\u00e7\u00e3o das a\u00e7\u00f5es de redu\u00e7\u00e3o aos danos causados pelas chuvas"}]},{"@type":"WebSite","@id":"https:\/\/blogdofarnesio.com.br\/#website","url":"https:\/\/blogdofarnesio.com.br\/","name":"Blog do Farn\u00e9sio","description":"Quer Saber Pol\u00edtica?","publisher":{"@id":"https:\/\/blogdofarnesio.com.br\/#organization"},"potentialAction":[{"@type":"SearchAction","target":{"@type":"EntryPoint","urlTemplate":"https:\/\/blogdofarnesio.com.br\/?s={search_term_string}"},"query-input":{"@type":"PropertyValueSpecification","valueRequired":true,"valueName":"search_term_string"}}],"inLanguage":"pt-BR"},{"@type":"Organization","@id":"https:\/\/blogdofarnesio.com.br\/#organization","name":"Blog do Farn\u00e9sio","url":"https:\/\/blogdofarnesio.com.br\/","logo":{"@type":"ImageObject","inLanguage":"pt-BR","@id":"https:\/\/blogdofarnesio.com.br\/#\/schema\/logo\/image\/","url":"https:\/\/blogdofarnesio.com.br\/wp-content\/uploads\/2026\/03\/cropped-logo_new-1.png","contentUrl":"https:\/\/blogdofarnesio.com.br\/wp-content\/uploads\/2026\/03\/cropped-logo_new-1.png","width":881,"height":685,"caption":"Blog do Farn\u00e9sio"},"image":{"@id":"https:\/\/blogdofarnesio.com.br\/#\/schema\/logo\/image\/"},"sameAs":["https:\/\/www.facebook.com\/BlogQuerSaberPolitica\/"]},{"@type":"Person","@id":"https:\/\/blogdofarnesio.com.br\/#\/schema\/person\/bb9b23ae3ad0609ce8df7b6c9e76824d","name":"Farn\u00e9sio","image":{"@type":"ImageObject","inLanguage":"pt-BR","@id":"https:\/\/secure.gravatar.com\/avatar\/986aa4c61ccdb66f8555bf88fc2a65609d00bcabd4d2d94377a727547345cbca?s=96&d=mm&r=g","url":"https:\/\/secure.gravatar.com\/avatar\/986aa4c61ccdb66f8555bf88fc2a65609d00bcabd4d2d94377a727547345cbca?s=96&d=mm&r=g","contentUrl":"https:\/\/secure.gravatar.com\/avatar\/986aa4c61ccdb66f8555bf88fc2a65609d00bcabd4d2d94377a727547345cbca?s=96&d=mm&r=g","caption":"Farn\u00e9sio"},"description":"Radialista blogueiro, chegou a Petrolina\/Juazeiro em setembro de 1980, Farn\u00e9sio Silva \u00e9 de Arapiraca-Alagoas.","sameAs":["http:\/\/blogdofarnesio.com.br","https:\/\/www.facebook.com\/?ref=tn_tnmn","https:\/\/www.instagram.com\/?utm_source=pwa_homescreen","https:\/\/youtube.com.br\/"],"url":"https:\/\/blogdofarnesio.com.br\/?author=2"}]}},"_links":{"self":[{"href":"https:\/\/blogdofarnesio.com.br\/index.php?rest_route=\/wp\/v2\/posts\/304247","targetHints":{"allow":["GET"]}}],"collection":[{"href":"https:\/\/blogdofarnesio.com.br\/index.php?rest_route=\/wp\/v2\/posts"}],"about":[{"href":"https:\/\/blogdofarnesio.com.br\/index.php?rest_route=\/wp\/v2\/types\/post"}],"author":[{"embeddable":true,"href":"https:\/\/blogdofarnesio.com.br\/index.php?rest_route=\/wp\/v2\/users\/2"}],"replies":[{"embeddable":true,"href":"https:\/\/blogdofarnesio.com.br\/index.php?rest_route=%2Fwp%2Fv2%2Fcomments&post=304247"}],"version-history":[{"count":0,"href":"https:\/\/blogdofarnesio.com.br\/index.php?rest_route=\/wp\/v2\/posts\/304247\/revisions"}],"wp:featuredmedia":[{"embeddable":true,"href":"https:\/\/blogdofarnesio.com.br\/index.php?rest_route=\/wp\/v2\/media\/304248"}],"wp:attachment":[{"href":"https:\/\/blogdofarnesio.com.br\/index.php?rest_route=%2Fwp%2Fv2%2Fmedia&parent=304247"}],"wp:term":[{"taxonomy":"category","embeddable":true,"href":"https:\/\/blogdofarnesio.com.br\/index.php?rest_route=%2Fwp%2Fv2%2Fcategories&post=304247"},{"taxonomy":"post_tag","embeddable":true,"href":"https:\/\/blogdofarnesio.com.br\/index.php?rest_route=%2Fwp%2Fv2%2Ftags&post=304247"}],"curies":[{"name":"wp","href":"https:\/\/api.w.org\/{rel}","templated":true}]}}