{"id":304236,"date":"2022-01-15T11:00:47","date_gmt":"2022-01-15T14:00:47","guid":{"rendered":"https:\/\/blogdofarnesio.com.br\/?p=304236"},"modified":"2022-01-14T18:10:25","modified_gmt":"2022-01-14T21:10:25","slug":"mandacaru-i-recebe-projetos-social-ate-voce-e-saude-em-movimento-da-prefeitura-de-juazeiro","status":"publish","type":"post","link":"https:\/\/blogdofarnesio.com.br\/?p=304236","title":{"rendered":"Mandacaru I recebeu projetos \u2018Social at\u00e9 Voc\u00ea\u2019 e \u2018Sa\u00fade em Movimento\u2019, da Prefeitura de Juazeiro"},"content":{"rendered":"<p dir=\"ltr\">A Prefeitura de Juazeiro realizou, nesta sexta-feira (14) no distrito de Mandacaru I, a primeira edi\u00e7\u00e3o de 2022 dos projetos \u2018Social at\u00e9 Voc\u00ea\u2019 e \u2018Sa\u00fade em Movimento\u2019, das secretarias de Desenvolvimento Social, Mulher e Diversidade (Sedes) e de Sa\u00fade (Sesau), respectivamente.<\/p>\n<p dir=\"ltr\">Depois de passar por diversos distritos de Juazeiro no ano de 2021, a caravana atendeu nesta sexta na Escola Municipal Bolivar Santana, com diversos programas sociais e servi\u00e7os de sa\u00fade: Cadastro \u00danico, emiss\u00e3o da Carteira do Idoso, atendimento do Centro de Refer\u00eancia da Assist\u00eancia Social (CRAS), do Centro de Refer\u00eancia Especializado em Assist\u00eancia Social (CREAS), do Centro de Refer\u00eancia Especializado para Pessoas em Situa\u00e7\u00e3o de Rua (Centro POP), das Diretorias de Habita\u00e7\u00e3o e Diversidade, do Centro Integrado de Atendimento \u00e0 Mulher (CIAM) e atividades do programa Crian\u00e7a Feliz, al\u00e9m de testes r\u00e1pidos para HIV e s\u00edfilis, aferi\u00e7\u00e3o de press\u00e3o arterial, medi\u00e7\u00e3o glic\u00eamica e distribui\u00e7\u00e3o de preservativos.<\/p>\n<p dir=\"ltr\">A iniciativa, idealizada pela prefeita Suzana Ramos, visa levar o atendimento de programas, servi\u00e7os, benef\u00edcios e campanhas socioassistenciais, de forma itinerante, para o interior do munic\u00edpio.<\/p>\n<p dir=\"ltr\">A superintendente de Gest\u00e3o do Sistema \u00danico de Assist\u00eancia Social (SUAS), La\u00edse Mac\u00eado, falou sobre essa primeira edi\u00e7\u00e3o do projeto em 2022. \u201cEsse projeto j\u00e1 \u00e9 uma iniciativa de sucesso idealizado pela nossa prefeita Suzana Ramos e tem refor\u00e7ado a assist\u00eancia social e de sa\u00fade \u00e0s comunidades do interior. Os moradores abra\u00e7aram a proposta e a prefeitura vai continuar promovendo mais a\u00e7\u00f5es com atendimento de programas, servi\u00e7os, benef\u00edcios e campanhas socioassistenciais, de forma itinerante, para o interior do munic\u00edpio, facilitando o acesso da popula\u00e7\u00e3o a esse atendimento\u201d, enfatizou.<\/p>\n<p dir=\"ltr\">&#8211;<\/p>\n<p dir=\"ltr\">Ascom\/PMJ<\/p>\n","protected":false},"excerpt":{"rendered":"<p>A Prefeitura de Juazeiro realizou, nesta sexta-feira (14) no distrito de Mandacaru I, a primeira edi\u00e7\u00e3o de 2022 dos projetos \u2018Social at\u00e9 Voc\u00ea\u2019 e \u2018Sa\u00fade em Movimento\u2019, das secretarias de Desenvolvimento Social, Mulher e Diversidade (Sedes) e de Sa\u00fade (Sesau), respectivamente. Depois de passar por diversos distritos de Juazeiro no ano de 2021, a caravana atendeu nesta sexta na Escola Municipal Bolivar Santana, com diversos programas sociais e servi\u00e7os de sa\u00fade: Cadastro \u00danico, emiss\u00e3o da Carteira do Idoso, atendimento do Centro de Refer\u00eancia da Assist\u00eancia Social (CRAS), do Centro de Refer\u00eancia Especializado em Assist\u00eancia Social (CREAS), do Centro de Refer\u00eancia Especializado para Pessoas em Situa\u00e7\u00e3o de Rua (Centro POP), das Diretorias de Habita\u00e7\u00e3o e Diversidade, do Centro Integrado de Atendimento&hellip; <\/p>\n","protected":false},"author":2,"featured_media":300516,"comment_status":"open","ping_status":"open","sticky":false,"template":"","format":"standard","meta":{"_acf_changed":false,"footnotes":""},"categories":[22],"tags":[],"class_list":["post-304236","post","type-post","status-publish","format-standard","has-post-thumbnail","hentry","category-acao-social"],"acf":[],"yoast_head":"<!-- This site is optimized with the Yoast SEO plugin v27.4 - https:\/\/yoast.com\/product\/yoast-seo-wordpress\/ -->\n<title>Mandacaru I recebeu projetos \u2018Social at\u00e9 Voc\u00ea\u2019 e \u2018Sa\u00fade em Movimento\u2019, da Prefeitura de Juazeiro - Blog do Farn\u00e9sio<\/title>\n<meta name=\"robots\" content=\"index, follow, max-snippet:-1, max-image-preview:large, max-video-preview:-1\" \/>\n<link rel=\"canonical\" href=\"https:\/\/blogdofarnesio.com.br\/?p=304236\" \/>\n<meta property=\"og:locale\" content=\"pt_BR\" \/>\n<meta property=\"og:type\" content=\"article\" \/>\n<meta property=\"og:title\" content=\"Mandacaru I recebeu projetos \u2018Social at\u00e9 Voc\u00ea\u2019 e \u2018Sa\u00fade em Movimento\u2019, da Prefeitura de Juazeiro - Blog do Farn\u00e9sio\" \/>\n<meta property=\"og:description\" content=\"A Prefeitura de Juazeiro realizou, nesta sexta-feira (14) no distrito de Mandacaru I, a primeira edi\u00e7\u00e3o de 2022 dos projetos \u2018Social at\u00e9 Voc\u00ea\u2019 e \u2018Sa\u00fade em Movimento\u2019, das secretarias de Desenvolvimento Social, Mulher e Diversidade (Sedes) e de Sa\u00fade (Sesau), respectivamente. Depois de passar por diversos distritos de Juazeiro no ano de 2021, a caravana atendeu nesta sexta na Escola Municipal Bolivar Santana, com diversos programas sociais e servi\u00e7os de sa\u00fade: Cadastro \u00danico, emiss\u00e3o da Carteira do Idoso, atendimento do Centro de Refer\u00eancia da Assist\u00eancia Social (CRAS), do Centro de Refer\u00eancia Especializado em Assist\u00eancia Social (CREAS), do Centro de Refer\u00eancia Especializado para Pessoas em Situa\u00e7\u00e3o de Rua (Centro POP), das Diretorias de Habita\u00e7\u00e3o e Diversidade, do Centro Integrado de Atendimento&hellip;\" \/>\n<meta property=\"og:url\" content=\"https:\/\/blogdofarnesio.com.br\/?p=304236\" \/>\n<meta property=\"og:site_name\" content=\"Blog do Farn\u00e9sio\" \/>\n<meta property=\"article:publisher\" content=\"https:\/\/www.facebook.com\/BlogQuerSaberPolitica\/\" \/>\n<meta property=\"article:author\" content=\"https:\/\/www.facebook.com\/?ref=tn_tnmn\" \/>\n<meta property=\"article:published_time\" content=\"2022-01-15T14:00:47+00:00\" \/>\n<meta property=\"og:image\" content=\"https:\/\/blogdofarnesio.com.br\/wp-content\/uploads\/2021\/11\/bIogqspjua-social-ate-voce-e1642111630951.jpg\" \/>\n\t<meta property=\"og:image:width\" content=\"620\" \/>\n\t<meta property=\"og:image:height\" content=\"413\" \/>\n\t<meta property=\"og:image:type\" content=\"image\/jpeg\" \/>\n<meta name=\"author\" content=\"Farn\u00e9sio\" \/>\n<meta name=\"twitter:card\" content=\"summary_large_image\" \/>\n<meta name=\"twitter:label1\" content=\"Escrito por\" \/>\n\t<meta name=\"twitter:data1\" content=\"Farn\u00e9sio\" \/>\n\t<meta name=\"twitter:label2\" content=\"Est. tempo de leitura\" \/>\n\t<meta name=\"twitter:data2\" content=\"1 minuto\" \/>\n<script type=\"application\/ld+json\" class=\"yoast-schema-graph\">{\"@context\":\"https:\\\/\\\/schema.org\",\"@graph\":[{\"@type\":\"Article\",\"@id\":\"https:\\\/\\\/blogdofarnesio.com.br\\\/?p=304236#article\",\"isPartOf\":{\"@id\":\"https:\\\/\\\/blogdofarnesio.com.br\\\/?p=304236\"},\"author\":{\"name\":\"Farn\u00e9sio\",\"@id\":\"https:\\\/\\\/blogdofarnesio.com.br\\\/#\\\/schema\\\/person\\\/bb9b23ae3ad0609ce8df7b6c9e76824d\"},\"headline\":\"Mandacaru I recebeu projetos \u2018Social at\u00e9 Voc\u00ea\u2019 e \u2018Sa\u00fade em Movimento\u2019, da Prefeitura de Juazeiro\",\"datePublished\":\"2022-01-15T14:00:47+00:00\",\"mainEntityOfPage\":{\"@id\":\"https:\\\/\\\/blogdofarnesio.com.br\\\/?p=304236\"},\"wordCount\":313,\"commentCount\":0,\"publisher\":{\"@id\":\"https:\\\/\\\/blogdofarnesio.com.br\\\/#organization\"},\"image\":{\"@id\":\"https:\\\/\\\/blogdofarnesio.com.br\\\/?p=304236#primaryimage\"},\"thumbnailUrl\":\"https:\\\/\\\/blogdofarnesio.com.br\\\/wp-content\\\/uploads\\\/2021\\\/11\\\/bIogqspjua-social-ate-voce-e1642111630951.jpg\",\"articleSection\":[\"A\u00e7\u00e3o Social\"],\"inLanguage\":\"pt-BR\",\"potentialAction\":[{\"@type\":\"CommentAction\",\"name\":\"Comment\",\"target\":[\"https:\\\/\\\/blogdofarnesio.com.br\\\/?p=304236#respond\"]}]},{\"@type\":\"WebPage\",\"@id\":\"https:\\\/\\\/blogdofarnesio.com.br\\\/?p=304236\",\"url\":\"https:\\\/\\\/blogdofarnesio.com.br\\\/?p=304236\",\"name\":\"Mandacaru I recebeu projetos \u2018Social at\u00e9 Voc\u00ea\u2019 e \u2018Sa\u00fade em Movimento\u2019, da Prefeitura de Juazeiro - Blog do Farn\u00e9sio\",\"isPartOf\":{\"@id\":\"https:\\\/\\\/blogdofarnesio.com.br\\\/#website\"},\"primaryImageOfPage\":{\"@id\":\"https:\\\/\\\/blogdofarnesio.com.br\\\/?p=304236#primaryimage\"},\"image\":{\"@id\":\"https:\\\/\\\/blogdofarnesio.com.br\\\/?p=304236#primaryimage\"},\"thumbnailUrl\":\"https:\\\/\\\/blogdofarnesio.com.br\\\/wp-content\\\/uploads\\\/2021\\\/11\\\/bIogqspjua-social-ate-voce-e1642111630951.jpg\",\"datePublished\":\"2022-01-15T14:00:47+00:00\",\"breadcrumb\":{\"@id\":\"https:\\\/\\\/blogdofarnesio.com.br\\\/?p=304236#breadcrumb\"},\"inLanguage\":\"pt-BR\",\"potentialAction\":[{\"@type\":\"ReadAction\",\"target\":[\"https:\\\/\\\/blogdofarnesio.com.br\\\/?p=304236\"]}]},{\"@type\":\"ImageObject\",\"inLanguage\":\"pt-BR\",\"@id\":\"https:\\\/\\\/blogdofarnesio.com.br\\\/?p=304236#primaryimage\",\"url\":\"https:\\\/\\\/blogdofarnesio.com.br\\\/wp-content\\\/uploads\\\/2021\\\/11\\\/bIogqspjua-social-ate-voce-e1642111630951.jpg\",\"contentUrl\":\"https:\\\/\\\/blogdofarnesio.com.br\\\/wp-content\\\/uploads\\\/2021\\\/11\\\/bIogqspjua-social-ate-voce-e1642111630951.jpg\",\"width\":620,\"height\":413},{\"@type\":\"BreadcrumbList\",\"@id\":\"https:\\\/\\\/blogdofarnesio.com.br\\\/?p=304236#breadcrumb\",\"itemListElement\":[{\"@type\":\"ListItem\",\"position\":1,\"name\":\"In\u00edcio\",\"item\":\"https:\\\/\\\/blogdofarnesio.com.br\\\/\"},{\"@type\":\"ListItem\",\"position\":2,\"name\":\"Mandacaru I recebeu projetos \u2018Social at\u00e9 Voc\u00ea\u2019 e \u2018Sa\u00fade em Movimento\u2019, da Prefeitura de Juazeiro\"}]},{\"@type\":\"WebSite\",\"@id\":\"https:\\\/\\\/blogdofarnesio.com.br\\\/#website\",\"url\":\"https:\\\/\\\/blogdofarnesio.com.br\\\/\",\"name\":\"Blog do Farn\u00e9sio\",\"description\":\"Quer Saber Pol\u00edtica?\",\"publisher\":{\"@id\":\"https:\\\/\\\/blogdofarnesio.com.br\\\/#organization\"},\"potentialAction\":[{\"@type\":\"SearchAction\",\"target\":{\"@type\":\"EntryPoint\",\"urlTemplate\":\"https:\\\/\\\/blogdofarnesio.com.br\\\/?s={search_term_string}\"},\"query-input\":{\"@type\":\"PropertyValueSpecification\",\"valueRequired\":true,\"valueName\":\"search_term_string\"}}],\"inLanguage\":\"pt-BR\"},{\"@type\":\"Organization\",\"@id\":\"https:\\\/\\\/blogdofarnesio.com.br\\\/#organization\",\"name\":\"Blog do Farn\u00e9sio\",\"url\":\"https:\\\/\\\/blogdofarnesio.com.br\\\/\",\"logo\":{\"@type\":\"ImageObject\",\"inLanguage\":\"pt-BR\",\"@id\":\"https:\\\/\\\/blogdofarnesio.com.br\\\/#\\\/schema\\\/logo\\\/image\\\/\",\"url\":\"https:\\\/\\\/blogdofarnesio.com.br\\\/wp-content\\\/uploads\\\/2026\\\/03\\\/cropped-logo_new-1.png\",\"contentUrl\":\"https:\\\/\\\/blogdofarnesio.com.br\\\/wp-content\\\/uploads\\\/2026\\\/03\\\/cropped-logo_new-1.png\",\"width\":881,\"height\":685,\"caption\":\"Blog do Farn\u00e9sio\"},\"image\":{\"@id\":\"https:\\\/\\\/blogdofarnesio.com.br\\\/#\\\/schema\\\/logo\\\/image\\\/\"},\"sameAs\":[\"https:\\\/\\\/www.facebook.com\\\/BlogQuerSaberPolitica\\\/\"]},{\"@type\":\"Person\",\"@id\":\"https:\\\/\\\/blogdofarnesio.com.br\\\/#\\\/schema\\\/person\\\/bb9b23ae3ad0609ce8df7b6c9e76824d\",\"name\":\"Farn\u00e9sio\",\"image\":{\"@type\":\"ImageObject\",\"inLanguage\":\"pt-BR\",\"@id\":\"https:\\\/\\\/secure.gravatar.com\\\/avatar\\\/986aa4c61ccdb66f8555bf88fc2a65609d00bcabd4d2d94377a727547345cbca?s=96&d=mm&r=g\",\"url\":\"https:\\\/\\\/secure.gravatar.com\\\/avatar\\\/986aa4c61ccdb66f8555bf88fc2a65609d00bcabd4d2d94377a727547345cbca?s=96&d=mm&r=g\",\"contentUrl\":\"https:\\\/\\\/secure.gravatar.com\\\/avatar\\\/986aa4c61ccdb66f8555bf88fc2a65609d00bcabd4d2d94377a727547345cbca?s=96&d=mm&r=g\",\"caption\":\"Farn\u00e9sio\"},\"description\":\"Radialista blogueiro, chegou a Petrolina\\\/Juazeiro em setembro de 1980, Farn\u00e9sio Silva \u00e9 de Arapiraca-Alagoas.\",\"sameAs\":[\"http:\\\/\\\/blogdofarnesio.com.br\",\"https:\\\/\\\/www.facebook.com\\\/?ref=tn_tnmn\",\"https:\\\/\\\/www.instagram.com\\\/?utm_source=pwa_homescreen\",\"https:\\\/\\\/youtube.com.br\\\/\"],\"url\":\"https:\\\/\\\/blogdofarnesio.com.br\\\/?author=2\"}]}<\/script>\n<!-- \/ Yoast SEO plugin. -->","yoast_head_json":{"title":"Mandacaru I recebeu projetos \u2018Social at\u00e9 Voc\u00ea\u2019 e \u2018Sa\u00fade em Movimento\u2019, da Prefeitura de Juazeiro - Blog do Farn\u00e9sio","robots":{"index":"index","follow":"follow","max-snippet":"max-snippet:-1","max-image-preview":"max-image-preview:large","max-video-preview":"max-video-preview:-1"},"canonical":"https:\/\/blogdofarnesio.com.br\/?p=304236","og_locale":"pt_BR","og_type":"article","og_title":"Mandacaru I recebeu projetos \u2018Social at\u00e9 Voc\u00ea\u2019 e \u2018Sa\u00fade em Movimento\u2019, da Prefeitura de Juazeiro - Blog do Farn\u00e9sio","og_description":"A Prefeitura de Juazeiro realizou, nesta sexta-feira (14) no distrito de Mandacaru I, a primeira edi\u00e7\u00e3o de 2022 dos projetos \u2018Social at\u00e9 Voc\u00ea\u2019 e \u2018Sa\u00fade em Movimento\u2019, das secretarias de Desenvolvimento Social, Mulher e Diversidade (Sedes) e de Sa\u00fade (Sesau), respectivamente. Depois de passar por diversos distritos de Juazeiro no ano de 2021, a caravana atendeu nesta sexta na Escola Municipal Bolivar Santana, com diversos programas sociais e servi\u00e7os de sa\u00fade: Cadastro \u00danico, emiss\u00e3o da Carteira do Idoso, atendimento do Centro de Refer\u00eancia da Assist\u00eancia Social (CRAS), do Centro de Refer\u00eancia Especializado em Assist\u00eancia Social (CREAS), do Centro de Refer\u00eancia Especializado para Pessoas em Situa\u00e7\u00e3o de Rua (Centro POP), das Diretorias de Habita\u00e7\u00e3o e Diversidade, do Centro Integrado de Atendimento&hellip;","og_url":"https:\/\/blogdofarnesio.com.br\/?p=304236","og_site_name":"Blog do Farn\u00e9sio","article_publisher":"https:\/\/www.facebook.com\/BlogQuerSaberPolitica\/","article_author":"https:\/\/www.facebook.com\/?ref=tn_tnmn","article_published_time":"2022-01-15T14:00:47+00:00","og_image":[{"width":620,"height":413,"url":"https:\/\/blogdofarnesio.com.br\/wp-content\/uploads\/2021\/11\/bIogqspjua-social-ate-voce-e1642111630951.jpg","type":"image\/jpeg"}],"author":"Farn\u00e9sio","twitter_card":"summary_large_image","twitter_misc":{"Escrito por":"Farn\u00e9sio","Est. tempo de leitura":"1 minuto"},"schema":{"@context":"https:\/\/schema.org","@graph":[{"@type":"Article","@id":"https:\/\/blogdofarnesio.com.br\/?p=304236#article","isPartOf":{"@id":"https:\/\/blogdofarnesio.com.br\/?p=304236"},"author":{"name":"Farn\u00e9sio","@id":"https:\/\/blogdofarnesio.com.br\/#\/schema\/person\/bb9b23ae3ad0609ce8df7b6c9e76824d"},"headline":"Mandacaru I recebeu projetos \u2018Social at\u00e9 Voc\u00ea\u2019 e \u2018Sa\u00fade em Movimento\u2019, da Prefeitura de Juazeiro","datePublished":"2022-01-15T14:00:47+00:00","mainEntityOfPage":{"@id":"https:\/\/blogdofarnesio.com.br\/?p=304236"},"wordCount":313,"commentCount":0,"publisher":{"@id":"https:\/\/blogdofarnesio.com.br\/#organization"},"image":{"@id":"https:\/\/blogdofarnesio.com.br\/?p=304236#primaryimage"},"thumbnailUrl":"https:\/\/blogdofarnesio.com.br\/wp-content\/uploads\/2021\/11\/bIogqspjua-social-ate-voce-e1642111630951.jpg","articleSection":["A\u00e7\u00e3o Social"],"inLanguage":"pt-BR","potentialAction":[{"@type":"CommentAction","name":"Comment","target":["https:\/\/blogdofarnesio.com.br\/?p=304236#respond"]}]},{"@type":"WebPage","@id":"https:\/\/blogdofarnesio.com.br\/?p=304236","url":"https:\/\/blogdofarnesio.com.br\/?p=304236","name":"Mandacaru I recebeu projetos \u2018Social at\u00e9 Voc\u00ea\u2019 e \u2018Sa\u00fade em Movimento\u2019, da Prefeitura de Juazeiro - Blog do Farn\u00e9sio","isPartOf":{"@id":"https:\/\/blogdofarnesio.com.br\/#website"},"primaryImageOfPage":{"@id":"https:\/\/blogdofarnesio.com.br\/?p=304236#primaryimage"},"image":{"@id":"https:\/\/blogdofarnesio.com.br\/?p=304236#primaryimage"},"thumbnailUrl":"https:\/\/blogdofarnesio.com.br\/wp-content\/uploads\/2021\/11\/bIogqspjua-social-ate-voce-e1642111630951.jpg","datePublished":"2022-01-15T14:00:47+00:00","breadcrumb":{"@id":"https:\/\/blogdofarnesio.com.br\/?p=304236#breadcrumb"},"inLanguage":"pt-BR","potentialAction":[{"@type":"ReadAction","target":["https:\/\/blogdofarnesio.com.br\/?p=304236"]}]},{"@type":"ImageObject","inLanguage":"pt-BR","@id":"https:\/\/blogdofarnesio.com.br\/?p=304236#primaryimage","url":"https:\/\/blogdofarnesio.com.br\/wp-content\/uploads\/2021\/11\/bIogqspjua-social-ate-voce-e1642111630951.jpg","contentUrl":"https:\/\/blogdofarnesio.com.br\/wp-content\/uploads\/2021\/11\/bIogqspjua-social-ate-voce-e1642111630951.jpg","width":620,"height":413},{"@type":"BreadcrumbList","@id":"https:\/\/blogdofarnesio.com.br\/?p=304236#breadcrumb","itemListElement":[{"@type":"ListItem","position":1,"name":"In\u00edcio","item":"https:\/\/blogdofarnesio.com.br\/"},{"@type":"ListItem","position":2,"name":"Mandacaru I recebeu projetos \u2018Social at\u00e9 Voc\u00ea\u2019 e \u2018Sa\u00fade em Movimento\u2019, da Prefeitura de Juazeiro"}]},{"@type":"WebSite","@id":"https:\/\/blogdofarnesio.com.br\/#website","url":"https:\/\/blogdofarnesio.com.br\/","name":"Blog do Farn\u00e9sio","description":"Quer Saber Pol\u00edtica?","publisher":{"@id":"https:\/\/blogdofarnesio.com.br\/#organization"},"potentialAction":[{"@type":"SearchAction","target":{"@type":"EntryPoint","urlTemplate":"https:\/\/blogdofarnesio.com.br\/?s={search_term_string}"},"query-input":{"@type":"PropertyValueSpecification","valueRequired":true,"valueName":"search_term_string"}}],"inLanguage":"pt-BR"},{"@type":"Organization","@id":"https:\/\/blogdofarnesio.com.br\/#organization","name":"Blog do Farn\u00e9sio","url":"https:\/\/blogdofarnesio.com.br\/","logo":{"@type":"ImageObject","inLanguage":"pt-BR","@id":"https:\/\/blogdofarnesio.com.br\/#\/schema\/logo\/image\/","url":"https:\/\/blogdofarnesio.com.br\/wp-content\/uploads\/2026\/03\/cropped-logo_new-1.png","contentUrl":"https:\/\/blogdofarnesio.com.br\/wp-content\/uploads\/2026\/03\/cropped-logo_new-1.png","width":881,"height":685,"caption":"Blog do Farn\u00e9sio"},"image":{"@id":"https:\/\/blogdofarnesio.com.br\/#\/schema\/logo\/image\/"},"sameAs":["https:\/\/www.facebook.com\/BlogQuerSaberPolitica\/"]},{"@type":"Person","@id":"https:\/\/blogdofarnesio.com.br\/#\/schema\/person\/bb9b23ae3ad0609ce8df7b6c9e76824d","name":"Farn\u00e9sio","image":{"@type":"ImageObject","inLanguage":"pt-BR","@id":"https:\/\/secure.gravatar.com\/avatar\/986aa4c61ccdb66f8555bf88fc2a65609d00bcabd4d2d94377a727547345cbca?s=96&d=mm&r=g","url":"https:\/\/secure.gravatar.com\/avatar\/986aa4c61ccdb66f8555bf88fc2a65609d00bcabd4d2d94377a727547345cbca?s=96&d=mm&r=g","contentUrl":"https:\/\/secure.gravatar.com\/avatar\/986aa4c61ccdb66f8555bf88fc2a65609d00bcabd4d2d94377a727547345cbca?s=96&d=mm&r=g","caption":"Farn\u00e9sio"},"description":"Radialista blogueiro, chegou a Petrolina\/Juazeiro em setembro de 1980, Farn\u00e9sio Silva \u00e9 de Arapiraca-Alagoas.","sameAs":["http:\/\/blogdofarnesio.com.br","https:\/\/www.facebook.com\/?ref=tn_tnmn","https:\/\/www.instagram.com\/?utm_source=pwa_homescreen","https:\/\/youtube.com.br\/"],"url":"https:\/\/blogdofarnesio.com.br\/?author=2"}]}},"_links":{"self":[{"href":"https:\/\/blogdofarnesio.com.br\/index.php?rest_route=\/wp\/v2\/posts\/304236","targetHints":{"allow":["GET"]}}],"collection":[{"href":"https:\/\/blogdofarnesio.com.br\/index.php?rest_route=\/wp\/v2\/posts"}],"about":[{"href":"https:\/\/blogdofarnesio.com.br\/index.php?rest_route=\/wp\/v2\/types\/post"}],"author":[{"embeddable":true,"href":"https:\/\/blogdofarnesio.com.br\/index.php?rest_route=\/wp\/v2\/users\/2"}],"replies":[{"embeddable":true,"href":"https:\/\/blogdofarnesio.com.br\/index.php?rest_route=%2Fwp%2Fv2%2Fcomments&post=304236"}],"version-history":[{"count":0,"href":"https:\/\/blogdofarnesio.com.br\/index.php?rest_route=\/wp\/v2\/posts\/304236\/revisions"}],"wp:featuredmedia":[{"embeddable":true,"href":"https:\/\/blogdofarnesio.com.br\/index.php?rest_route=\/wp\/v2\/media\/300516"}],"wp:attachment":[{"href":"https:\/\/blogdofarnesio.com.br\/index.php?rest_route=%2Fwp%2Fv2%2Fmedia&parent=304236"}],"wp:term":[{"taxonomy":"category","embeddable":true,"href":"https:\/\/blogdofarnesio.com.br\/index.php?rest_route=%2Fwp%2Fv2%2Fcategories&post=304236"},{"taxonomy":"post_tag","embeddable":true,"href":"https:\/\/blogdofarnesio.com.br\/index.php?rest_route=%2Fwp%2Fv2%2Ftags&post=304236"}],"curies":[{"name":"wp","href":"https:\/\/api.w.org\/{rel}","templated":true}]}}